{"id":212301,"date":"2023-08-01T10:07:08","date_gmt":"2023-08-01T08:07:08","guid":{"rendered":"https:\/\/tuzlainfo.ba\/?p=212301"},"modified":"2023-08-01T12:37:05","modified_gmt":"2023-08-01T10:37:05","slug":"fbih-jedinstvena-u-svijetu-usvojen-zakon-o-zastiti-civilnih-zrtava-rata-primjena-od-naredne-godine","status":"publish","type":"post","link":"https:\/\/tuzlainfo.ba\/index.php\/uncategorized\/item\/212301-fbih-jedinstvena-u-svijetu-usvojen-zakon-o-zastiti-civilnih-zrtava-rata-primjena-od-naredne-godine\/","title":{"rendered":"FBiH jedinstvena u svijetu: Usvojen Zakon o za\u0161titi civilnih \u017ertava rata, primjena od naredne godine"},"content":{"rendered":"<p>Dom naroda Parlamenta Federacije BiH usvojio je Zakon o za\u0161titi civilnih \u017ertava rata u Federaciji BiH sa 44 glasa za, 19 glasova suzdr\u017eanih i dva protiv, \u010dime je okon\u010dan vi\u0161egodi\u0161nji proces pripreme i dono\u0161enja ovog zakona.<\/p>\n<p>Podsje\u0107amo, ovo je prvo posebno zakonsko rje\u0161enje iz kojeg \u0107e svoja prava crpiti civilne \u017ertve rata, a prethodno je usvojen na sjednicama Vlade FBiH i Predstavni\u010dkog doma Parlamenta FBiH. Dana\u0161njom potvrdom Doma naroda, zakon \u0107e stupiti na snagu osam dana od objave u Slu\u017ebenim novinama, a prema amandmanu koji je predlo\u017eila Vlada FBiH, primjenjivat \u0107e se od 1. januara 2024. godine, saop\u0107eno je iz Federalnog ministarstva rada i socijalne politike.<\/p>\n<p>Zakon o za\u0161titi civilnih \u017ertava rata u Federaciji BiH iz zajedni\u010dke je nadle\u017enosti Federacije BiH i kantona kojima je, uz obavezu uskla\u0111ivanja kantonalnih zakonskih rje\u0161enja s ovim Zakonom, ostavljena i mogu\u0107nost dodatnog unaprje\u0111enja prava civilnih \u017ertava rata u skladu s finansijskim mogu\u0107nostima, te potrebama i zahtjevima civilnih \u017ertava rata.<\/p>\n<p>Osnovna svrha zakona je osigurati onima koji su tokom agresije na Republiku Bosnu i Hercegovinu pretrpjeli bilo koji oblik torture usljed ratnog djelovanja i postojanja neposredne ratne opasnosti, prije svega, status civilne \u017ertve rata, a Zakon prepoznaje i posebne kategorije civilnih \u017ertava rata, \u017ertve silovanja, kao i djecu ro\u0111enu nakon \u010dina silovanja koja su danas ve\u0107 odrasle osobe.<\/p>\n<p><strong>Usvajanjem ovog Zakona Federacija BiH postaje jedinstvena u svijetu, a novina je i ukidanje roka za priznavanje statusa \u017ertve seksualnog zlostavljanja kao posebnog dijela ratnog zlo\u010dina i ostavljanje \u017ertvama silovanja mogu\u0107nosti da zlo\u010din prijave bilo kad tokom svog \u017eivota.<\/strong><\/p>\n<p>Civilne \u017ertve rata ovim zakonom ostvaruju i prava na vi\u0161e vrsta nov\u010dane naknade, od li\u010dne invalidnine, ovisno o stepenu invalidnosti, preko pomo\u0107i za tu\u0111u njegu i brigu do prava na nabavaku ortopedskih pomagala. Dio naknada ostvaruje se iz bud\u017eeta Federacije BiH i to u iznosu od 70 posto, dok se 30 posto izdvaja iz kantonalnih bud\u017eeta.<\/p>\n<p>Zakon je osim socijalne i reparacijske prirode, u smislu da za najvi\u0161e kategorije predvi\u0111a i pravni osnov izjedna\u010davanja mogu\u0107nosti u odnosu na osobe bez invaliditeta, a \u0161to je utemeljeno u UN konvenciji o pravima osoba sa invaliditetom, ali i dodatno reparaciju zbog svega \u0161to su pretrpjeli tokom ratnih razaranja zbog \u010dinjenice da ih dr\u017eava nije uspjela za\u0161tititi.<\/p>\n<p>&#8211; Posebno nam je va\u017eno, osim prepoznavanja i uvo\u0111enja u pravo djece ro\u0111ene iz \u010dina silovanja i vra\u0107anje dostojanstva njima i njihovim majkama, a kroz podr\u0161ku u \u0161kolovanju ove djece kao najva\u017enijih promotora istine o njihovim majkama cilj je da oni sami pri\u010daju pri\u010du o zlo\u010dinima koji su njihove majke pre\u017eivjele i \u0161to je odredilo njihove sudbine, \u010dime ovaj Zakon doprinosi borbi protiv predrasuda i stigmatizacije \u017ertava silovanja i djece ro\u0111ene iz tog \u010dina &#8211; kazao je federalni ministar rada i socijalne politike Adnan Deli\u0107.<\/p>\n<p>Naveo je i da je ukidanjem cenzusa kod porodi\u010dne naknade ispravljena nepravda prema roditeljima ubijene djece koji imaju primanja ve\u0107a nego \u0161to cenzus dozvoljava.<\/p>\n<p>&#8211; Svi roditelji koji su izgubili djecu jednako pate i njihovu patnju ne mo\u017eemo i ne smijemo ocjenjivati po njihovom materijalnom statusu. To ovaj Zakon kona\u010dno ispravlja &#8211; stoji u saop\u0107enju Federalnog ministarstva rada i socijalne politike.<\/p>\n<p>Usvajanju Zakona na Domu naroda prethodila je \u017eu\u010dna rasprava kao i na sjednici Zastupni\u010dkog doma, a vezano za amandmane koji se ti\u010du prava logora\u0161a u ovom Zakonu, koje Vlada FBiH nije prihvatila, ali je Zaklju\u010dkom Zastupni\u010dkog doma nalo\u017eeno Federalnom ministarstvu pravde da u narednih \u0161est mjeseci pripremi tekst zakona koji \u0107e tretirati prava logora\u0161a i \u017ertava ratne torture, navodi se.<\/p>\n","protected":false},"excerpt":{"rendered":"<p>Dom naroda Parlamenta Federacije BiH usvojio je Zakon o za\u0161titi civilnih \u017ertava rata u Federaciji&hellip;<\/p>\n","protected":false},"author":4,"featured_media":197511,"comment_status":"open","ping_status":"closed","sticky":false,"template":"","format":"standard","meta":{"_acf_changed":false,"footnotes":""},"categories":[291,1],"tags":[2201],"acf":[],"yoast_head":"<!-- This site is optimized with the Yoast SEO plugin v23.5 - https:\/\/yoast.com\/wordpress\/plugins\/seo\/ -->\n<title>FBiH jedinstvena u svijetu: Usvojen Zakon o za\u0161titi civilnih \u017ertava rata, primjena od naredne godine - TuzlaInfo.ba<\/title>\n<meta name=\"robots\" content=\"index, follow, max-snippet:-1, max-image-preview:large, max-video-preview:-1\" \/>\n<link rel=\"canonical\" href=\"https:\/\/tuzlainfo.ba\/index.php\/uncategorized\/item\/212301-fbih-jedinstvena-u-svijetu-usvojen-zakon-o-zastiti-civilnih-zrtava-rata-primjena-od-naredne-godine\/\" \/>\n<meta property=\"og:locale\" content=\"bs_BA\" \/>\n<meta property=\"og:type\" content=\"article\" \/>\n<meta property=\"og:title\" content=\"FBiH jedinstvena u svijetu: Usvojen Zakon o za\u0161titi civilnih \u017ertava rata, primjena od naredne godine - TuzlaInfo.ba\" \/>\n<meta property=\"og:description\" content=\"Dom naroda Parlamenta Federacije BiH usvojio je Zakon o za\u0161titi civilnih \u017ertava rata u Federaciji&hellip;\" \/>\n<meta property=\"og:url\" content=\"https:\/\/tuzlainfo.ba\/index.php\/uncategorized\/item\/212301-fbih-jedinstvena-u-svijetu-usvojen-zakon-o-zastiti-civilnih-zrtava-rata-primjena-od-naredne-godine\/\" \/>\n<meta property=\"og:site_name\" content=\"TuzlaInfo.ba\" \/>\n<meta property=\"article:publisher\" content=\"https:\/\/www.facebook.com\/tuzlainfo.ba\/\" \/>\n<meta property=\"article:published_time\" content=\"2023-08-01T08:07:08+00:00\" \/>\n<meta property=\"article:modified_time\" content=\"2023-08-01T10:37:05+00:00\" \/>\n<meta property=\"og:image\" content=\"https:\/\/tuzlainfo.ba\/wp-content\/uploads\/2023\/02\/1602_parlamentfbih_domnaroda.jpg\" \/>\n\t<meta property=\"og:image:width\" content=\"1000\" \/>\n\t<meta property=\"og:image:height\" content=\"666\" \/>\n\t<meta property=\"og:image:type\" content=\"image\/jpeg\" \/>\n<meta name=\"author\" content=\"Tuzla Info\" \/>\n<meta name=\"twitter:card\" content=\"summary_large_image\" \/>\n<meta name=\"twitter:label1\" content=\"Written by\" \/>\n\t<meta name=\"twitter:data1\" content=\"Tuzla Info\" \/>\n\t<meta name=\"twitter:label2\" content=\"Est. reading time\" \/>\n\t<meta name=\"twitter:data2\" content=\"3 minute\" \/>\n<script type=\"application\/ld+json\" class=\"yoast-schema-graph\">{\"@context\":\"https:\/\/schema.org\",\"@graph\":[{\"@type\":\"Article\",\"@id\":\"https:\/\/tuzlainfo.ba\/index.php\/uncategorized\/item\/212301-fbih-jedinstvena-u-svijetu-usvojen-zakon-o-zastiti-civilnih-zrtava-rata-primjena-od-naredne-godine\/#article\",\"isPartOf\":{\"@id\":\"https:\/\/tuzlainfo.ba\/index.php\/uncategorized\/item\/212301-fbih-jedinstvena-u-svijetu-usvojen-zakon-o-zastiti-civilnih-zrtava-rata-primjena-od-naredne-godine\/\"},\"author\":{\"name\":\"Tuzla Info\",\"@id\":\"https:\/\/tuzlainfo.ba\/#\/schema\/person\/46cad4c57790cbc50781edd14870825a\"},\"headline\":\"FBiH jedinstvena u svijetu: Usvojen Zakon o za\u0161titi civilnih \u017ertava rata, primjena od naredne godine\",\"datePublished\":\"2023-08-01T08:07:08+00:00\",\"dateModified\":\"2023-08-01T10:37:05+00:00\",\"mainEntityOfPage\":{\"@id\":\"https:\/\/tuzlainfo.ba\/index.php\/uncategorized\/item\/212301-fbih-jedinstvena-u-svijetu-usvojen-zakon-o-zastiti-civilnih-zrtava-rata-primjena-od-naredne-godine\/\"},\"wordCount\":643,\"commentCount\":0,\"publisher\":{\"@id\":\"https:\/\/tuzlainfo.ba\/#organization\"},\"image\":{\"@id\":\"https:\/\/tuzlainfo.ba\/index.php\/uncategorized\/item\/212301-fbih-jedinstvena-u-svijetu-usvojen-zakon-o-zastiti-civilnih-zrtava-rata-primjena-od-naredne-godine\/#primaryimage\"},\"thumbnailUrl\":\"https:\/\/tuzlainfo.ba\/wp-content\/uploads\/2023\/02\/1602_parlamentfbih_domnaroda.jpg\",\"keywords\":[\"dom naroda fbih\"],\"articleSection\":[\"Bosna i Hercegovina\",\"Uncategorized\"],\"inLanguage\":\"bs-BA\"},{\"@type\":\"WebPage\",\"@id\":\"https:\/\/tuzlainfo.ba\/index.php\/uncategorized\/item\/212301-fbih-jedinstvena-u-svijetu-usvojen-zakon-o-zastiti-civilnih-zrtava-rata-primjena-od-naredne-godine\/\",\"url\":\"https:\/\/tuzlainfo.ba\/index.php\/uncategorized\/item\/212301-fbih-jedinstvena-u-svijetu-usvojen-zakon-o-zastiti-civilnih-zrtava-rata-primjena-od-naredne-godine\/\",\"name\":\"FBiH jedinstvena u svijetu: Usvojen Zakon o za\u0161titi civilnih \u017ertava rata, primjena od naredne godine - TuzlaInfo.ba\",\"isPartOf\":{\"@id\":\"https:\/\/tuzlainfo.ba\/#website\"},\"primaryImageOfPage\":{\"@id\":\"https:\/\/tuzlainfo.ba\/index.php\/uncategorized\/item\/212301-fbih-jedinstvena-u-svijetu-usvojen-zakon-o-zastiti-civilnih-zrtava-rata-primjena-od-naredne-godine\/#primaryimage\"},\"image\":{\"@id\":\"https:\/\/tuzlainfo.ba\/index.php\/uncategorized\/item\/212301-fbih-jedinstvena-u-svijetu-usvojen-zakon-o-zastiti-civilnih-zrtava-rata-primjena-od-naredne-godine\/#primaryimage\"},\"thumbnailUrl\":\"https:\/\/tuzlainfo.ba\/wp-content\/uploads\/2023\/02\/1602_parlamentfbih_domnaroda.jpg\",\"datePublished\":\"2023-08-01T08:07:08+00:00\",\"dateModified\":\"2023-08-01T10:37:05+00:00\",\"breadcrumb\":{\"@id\":\"https:\/\/tuzlainfo.ba\/index.php\/uncategorized\/item\/212301-fbih-jedinstvena-u-svijetu-usvojen-zakon-o-zastiti-civilnih-zrtava-rata-primjena-od-naredne-godine\/#breadcrumb\"},\"inLanguage\":\"bs-BA\",\"potentialAction\":[{\"@type\":\"ReadAction\",\"target\":[\"https:\/\/tuzlainfo.ba\/index.php\/uncategorized\/item\/212301-fbih-jedinstvena-u-svijetu-usvojen-zakon-o-zastiti-civilnih-zrtava-rata-primjena-od-naredne-godine\/\"]}]},{\"@type\":\"ImageObject\",\"inLanguage\":\"bs-BA\",\"@id\":\"https:\/\/tuzlainfo.ba\/index.php\/uncategorized\/item\/212301-fbih-jedinstvena-u-svijetu-usvojen-zakon-o-zastiti-civilnih-zrtava-rata-primjena-od-naredne-godine\/#primaryimage\",\"url\":\"https:\/\/tuzlainfo.ba\/wp-content\/uploads\/2023\/02\/1602_parlamentfbih_domnaroda.jpg\",\"contentUrl\":\"https:\/\/tuzlainfo.ba\/wp-content\/uploads\/2023\/02\/1602_parlamentfbih_domnaroda.jpg\",\"width\":1000,\"height\":666},{\"@type\":\"BreadcrumbList\",\"@id\":\"https:\/\/tuzlainfo.ba\/index.php\/uncategorized\/item\/212301-fbih-jedinstvena-u-svijetu-usvojen-zakon-o-zastiti-civilnih-zrtava-rata-primjena-od-naredne-godine\/#breadcrumb\",\"itemListElement\":[{\"@type\":\"ListItem\",\"position\":1,\"name\":\"Home\",\"item\":\"https:\/\/tuzlainfo.ba\/\"},{\"@type\":\"ListItem\",\"position\":2,\"name\":\"FBiH jedinstvena u svijetu: Usvojen Zakon o za\u0161titi civilnih \u017ertava rata, primjena od naredne godine\"}]},{\"@type\":\"WebSite\",\"@id\":\"https:\/\/tuzlainfo.ba\/#website\",\"url\":\"https:\/\/tuzlainfo.ba\/\",\"name\":\"TuzlaInfo.ba\",\"description\":\"Tuzla info, gradski informator - Tuzla na dlanu\",\"publisher\":{\"@id\":\"https:\/\/tuzlainfo.ba\/#organization\"},\"potentialAction\":[{\"@type\":\"SearchAction\",\"target\":{\"@type\":\"EntryPoint\",\"urlTemplate\":\"https:\/\/tuzlainfo.ba\/?s={search_term_string}\"},\"query-input\":{\"@type\":\"PropertyValueSpecification\",\"valueRequired\":true,\"valueName\":\"search_term_string\"}}],\"inLanguage\":\"bs-BA\"},{\"@type\":\"Organization\",\"@id\":\"https:\/\/tuzlainfo.ba\/#organization\",\"name\":\"TuzlaInfo.ba\",\"url\":\"https:\/\/tuzlainfo.ba\/\",\"logo\":{\"@type\":\"ImageObject\",\"inLanguage\":\"bs-BA\",\"@id\":\"https:\/\/tuzlainfo.ba\/#\/schema\/logo\/image\/\",\"url\":\"https:\/\/tuzlainfo.ba\/wp-content\/uploads\/2021\/03\/logo-ver-3-1.png\",\"contentUrl\":\"https:\/\/tuzlainfo.ba\/wp-content\/uploads\/2021\/03\/logo-ver-3-1.png\",\"width\":350,\"height\":95,\"caption\":\"TuzlaInfo.ba\"},\"image\":{\"@id\":\"https:\/\/tuzlainfo.ba\/#\/schema\/logo\/image\/\"},\"sameAs\":[\"https:\/\/www.facebook.com\/tuzlainfo.ba\/\"]},{\"@type\":\"Person\",\"@id\":\"https:\/\/tuzlainfo.ba\/#\/schema\/person\/46cad4c57790cbc50781edd14870825a\",\"name\":\"Tuzla Info\",\"image\":{\"@type\":\"ImageObject\",\"inLanguage\":\"bs-BA\",\"@id\":\"https:\/\/tuzlainfo.ba\/#\/schema\/person\/image\/\",\"url\":\"https:\/\/tuzlainfo.ba\/wp-content\/litespeed\/avatar\/b6c453a6c38e3654f2e4416c643fc25c.jpg?ver=1777051911\",\"contentUrl\":\"https:\/\/tuzlainfo.ba\/wp-content\/litespeed\/avatar\/b6c453a6c38e3654f2e4416c643fc25c.jpg?ver=1777051911\",\"caption\":\"Tuzla Info\"}}]}<\/script>\n<!-- \/ Yoast SEO plugin. -->","yoast_head_json":{"title":"FBiH jedinstvena u svijetu: Usvojen Zakon o za\u0161titi civilnih \u017ertava rata, primjena od naredne godine - TuzlaInfo.ba","robots":{"index":"index","follow":"follow","max-snippet":"max-snippet:-1","max-image-preview":"max-image-preview:large","max-video-preview":"max-video-preview:-1"},"canonical":"https:\/\/tuzlainfo.ba\/index.php\/uncategorized\/item\/212301-fbih-jedinstvena-u-svijetu-usvojen-zakon-o-zastiti-civilnih-zrtava-rata-primjena-od-naredne-godine\/","og_locale":"bs_BA","og_type":"article","og_title":"FBiH jedinstvena u svijetu: Usvojen Zakon o za\u0161titi civilnih \u017ertava rata, primjena od naredne godine - TuzlaInfo.ba","og_description":"Dom naroda Parlamenta Federacije BiH usvojio je Zakon o za\u0161titi civilnih \u017ertava rata u Federaciji&hellip;","og_url":"https:\/\/tuzlainfo.ba\/index.php\/uncategorized\/item\/212301-fbih-jedinstvena-u-svijetu-usvojen-zakon-o-zastiti-civilnih-zrtava-rata-primjena-od-naredne-godine\/","og_site_name":"TuzlaInfo.ba","article_publisher":"https:\/\/www.facebook.com\/tuzlainfo.ba\/","article_published_time":"2023-08-01T08:07:08+00:00","article_modified_time":"2023-08-01T10:37:05+00:00","og_image":[{"width":1000,"height":666,"url":"https:\/\/tuzlainfo.ba\/wp-content\/uploads\/2023\/02\/1602_parlamentfbih_domnaroda.jpg","type":"image\/jpeg"}],"author":"Tuzla Info","twitter_card":"summary_large_image","twitter_misc":{"Written by":"Tuzla Info","Est. reading time":"3 minute"},"schema":{"@context":"https:\/\/schema.org","@graph":[{"@type":"Article","@id":"https:\/\/tuzlainfo.ba\/index.php\/uncategorized\/item\/212301-fbih-jedinstvena-u-svijetu-usvojen-zakon-o-zastiti-civilnih-zrtava-rata-primjena-od-naredne-godine\/#article","isPartOf":{"@id":"https:\/\/tuzlainfo.ba\/index.php\/uncategorized\/item\/212301-fbih-jedinstvena-u-svijetu-usvojen-zakon-o-zastiti-civilnih-zrtava-rata-primjena-od-naredne-godine\/"},"author":{"name":"Tuzla Info","@id":"https:\/\/tuzlainfo.ba\/#\/schema\/person\/46cad4c57790cbc50781edd14870825a"},"headline":"FBiH jedinstvena u svijetu: Usvojen Zakon o za\u0161titi civilnih \u017ertava rata, primjena od naredne godine","datePublished":"2023-08-01T08:07:08+00:00","dateModified":"2023-08-01T10:37:05+00:00","mainEntityOfPage":{"@id":"https:\/\/tuzlainfo.ba\/index.php\/uncategorized\/item\/212301-fbih-jedinstvena-u-svijetu-usvojen-zakon-o-zastiti-civilnih-zrtava-rata-primjena-od-naredne-godine\/"},"wordCount":643,"commentCount":0,"publisher":{"@id":"https:\/\/tuzlainfo.ba\/#organization"},"image":{"@id":"https:\/\/tuzlainfo.ba\/index.php\/uncategorized\/item\/212301-fbih-jedinstvena-u-svijetu-usvojen-zakon-o-zastiti-civilnih-zrtava-rata-primjena-od-naredne-godine\/#primaryimage"},"thumbnailUrl":"https:\/\/tuzlainfo.ba\/wp-content\/uploads\/2023\/02\/1602_parlamentfbih_domnaroda.jpg","keywords":["dom naroda fbih"],"articleSection":["Bosna i Hercegovina","Uncategorized"],"inLanguage":"bs-BA"},{"@type":"WebPage","@id":"https:\/\/tuzlainfo.ba\/index.php\/uncategorized\/item\/212301-fbih-jedinstvena-u-svijetu-usvojen-zakon-o-zastiti-civilnih-zrtava-rata-primjena-od-naredne-godine\/","url":"https:\/\/tuzlainfo.ba\/index.php\/uncategorized\/item\/212301-fbih-jedinstvena-u-svijetu-usvojen-zakon-o-zastiti-civilnih-zrtava-rata-primjena-od-naredne-godine\/","name":"FBiH jedinstvena u svijetu: Usvojen Zakon o za\u0161titi civilnih \u017ertava rata, primjena od naredne godine - TuzlaInfo.ba","isPartOf":{"@id":"https:\/\/tuzlainfo.ba\/#website"},"primaryImageOfPage":{"@id":"https:\/\/tuzlainfo.ba\/index.php\/uncategorized\/item\/212301-fbih-jedinstvena-u-svijetu-usvojen-zakon-o-zastiti-civilnih-zrtava-rata-primjena-od-naredne-godine\/#primaryimage"},"image":{"@id":"https:\/\/tuzlainfo.ba\/index.php\/uncategorized\/item\/212301-fbih-jedinstvena-u-svijetu-usvojen-zakon-o-zastiti-civilnih-zrtava-rata-primjena-od-naredne-godine\/#primaryimage"},"thumbnailUrl":"https:\/\/tuzlainfo.ba\/wp-content\/uploads\/2023\/02\/1602_parlamentfbih_domnaroda.jpg","datePublished":"2023-08-01T08:07:08+00:00","dateModified":"2023-08-01T10:37:05+00:00","breadcrumb":{"@id":"https:\/\/tuzlainfo.ba\/index.php\/uncategorized\/item\/212301-fbih-jedinstvena-u-svijetu-usvojen-zakon-o-zastiti-civilnih-zrtava-rata-primjena-od-naredne-godine\/#breadcrumb"},"inLanguage":"bs-BA","potentialAction":[{"@type":"ReadAction","target":["https:\/\/tuzlainfo.ba\/index.php\/uncategorized\/item\/212301-fbih-jedinstvena-u-svijetu-usvojen-zakon-o-zastiti-civilnih-zrtava-rata-primjena-od-naredne-godine\/"]}]},{"@type":"ImageObject","inLanguage":"bs-BA","@id":"https:\/\/tuzlainfo.ba\/index.php\/uncategorized\/item\/212301-fbih-jedinstvena-u-svijetu-usvojen-zakon-o-zastiti-civilnih-zrtava-rata-primjena-od-naredne-godine\/#primaryimage","url":"https:\/\/tuzlainfo.ba\/wp-content\/uploads\/2023\/02\/1602_parlamentfbih_domnaroda.jpg","contentUrl":"https:\/\/tuzlainfo.ba\/wp-content\/uploads\/2023\/02\/1602_parlamentfbih_domnaroda.jpg","width":1000,"height":666},{"@type":"BreadcrumbList","@id":"https:\/\/tuzlainfo.ba\/index.php\/uncategorized\/item\/212301-fbih-jedinstvena-u-svijetu-usvojen-zakon-o-zastiti-civilnih-zrtava-rata-primjena-od-naredne-godine\/#breadcrumb","itemListElement":[{"@type":"ListItem","position":1,"name":"Home","item":"https:\/\/tuzlainfo.ba\/"},{"@type":"ListItem","position":2,"name":"FBiH jedinstvena u svijetu: Usvojen Zakon o za\u0161titi civilnih \u017ertava rata, primjena od naredne godine"}]},{"@type":"WebSite","@id":"https:\/\/tuzlainfo.ba\/#website","url":"https:\/\/tuzlainfo.ba\/","name":"TuzlaInfo.ba","description":"Tuzla info, gradski informator - Tuzla na dlanu","publisher":{"@id":"https:\/\/tuzlainfo.ba\/#organization"},"potentialAction":[{"@type":"SearchAction","target":{"@type":"EntryPoint","urlTemplate":"https:\/\/tuzlainfo.ba\/?s={search_term_string}"},"query-input":{"@type":"PropertyValueSpecification","valueRequired":true,"valueName":"search_term_string"}}],"inLanguage":"bs-BA"},{"@type":"Organization","@id":"https:\/\/tuzlainfo.ba\/#organization","name":"TuzlaInfo.ba","url":"https:\/\/tuzlainfo.ba\/","logo":{"@type":"ImageObject","inLanguage":"bs-BA","@id":"https:\/\/tuzlainfo.ba\/#\/schema\/logo\/image\/","url":"https:\/\/tuzlainfo.ba\/wp-content\/uploads\/2021\/03\/logo-ver-3-1.png","contentUrl":"https:\/\/tuzlainfo.ba\/wp-content\/uploads\/2021\/03\/logo-ver-3-1.png","width":350,"height":95,"caption":"TuzlaInfo.ba"},"image":{"@id":"https:\/\/tuzlainfo.ba\/#\/schema\/logo\/image\/"},"sameAs":["https:\/\/www.facebook.com\/tuzlainfo.ba\/"]},{"@type":"Person","@id":"https:\/\/tuzlainfo.ba\/#\/schema\/person\/46cad4c57790cbc50781edd14870825a","name":"Tuzla Info","image":{"@type":"ImageObject","inLanguage":"bs-BA","@id":"https:\/\/tuzlainfo.ba\/#\/schema\/person\/image\/","url":"https:\/\/tuzlainfo.ba\/wp-content\/litespeed\/avatar\/b6c453a6c38e3654f2e4416c643fc25c.jpg?ver=1777051911","contentUrl":"https:\/\/tuzlainfo.ba\/wp-content\/litespeed\/avatar\/b6c453a6c38e3654f2e4416c643fc25c.jpg?ver=1777051911","caption":"Tuzla Info"}}]}},"_links":{"self":[{"href":"https:\/\/tuzlainfo.ba\/index.php\/wp-json\/wp\/v2\/posts\/212301"}],"collection":[{"href":"https:\/\/tuzlainfo.ba\/index.php\/wp-json\/wp\/v2\/posts"}],"about":[{"href":"https:\/\/tuzlainfo.ba\/index.php\/wp-json\/wp\/v2\/types\/post"}],"author":[{"embeddable":true,"href":"https:\/\/tuzlainfo.ba\/index.php\/wp-json\/wp\/v2\/users\/4"}],"replies":[{"embeddable":true,"href":"https:\/\/tuzlainfo.ba\/index.php\/wp-json\/wp\/v2\/comments?post=212301"}],"version-history":[{"count":0,"href":"https:\/\/tuzlainfo.ba\/index.php\/wp-json\/wp\/v2\/posts\/212301\/revisions"}],"wp:featuredmedia":[{"embeddable":true,"href":"https:\/\/tuzlainfo.ba\/index.php\/wp-json\/wp\/v2\/media\/197511"}],"wp:attachment":[{"href":"https:\/\/tuzlainfo.ba\/index.php\/wp-json\/wp\/v2\/media?parent=212301"}],"wp:term":[{"taxonomy":"category","embeddable":true,"href":"https:\/\/tuzlainfo.ba\/index.php\/wp-json\/wp\/v2\/categories?post=212301"},{"taxonomy":"post_tag","embeddable":true,"href":"https:\/\/tuzlainfo.ba\/index.php\/wp-json\/wp\/v2\/tags?post=212301"}],"curies":[{"name":"wp","href":"https:\/\/api.w.org\/{rel}","templated":true}]}}