{"id":212008,"date":"2023-07-28T22:25:12","date_gmt":"2023-07-28T20:25:12","guid":{"rendered":"https:\/\/tuzlainfo.ba\/?p=212008"},"modified":"2023-07-28T22:25:12","modified_gmt":"2023-07-28T20:25:12","slug":"joe-biden-u-bih-salje-vaznog-savjetnika-za-nacionalnu-sigurnost-sad-a","status":"publish","type":"post","link":"https:\/\/tuzlainfo.ba\/index.php\/bosna-i-hercegovina\/item\/212008-joe-biden-u-bih-salje-vaznog-savjetnika-za-nacionalnu-sigurnost-sad-a\/","title":{"rendered":"Joe Biden u BiH \u0161alje va\u017enog savjetnika za nacionalnu sigurnost SAD-a"},"content":{"rendered":"<div class=\"single-intro\">\n<p>Predsjedni\u0161tvo BiH potvrdilo je danas da \u0107e u ponedjeljak u Sarajevu boraviti glavni zamjenik savjetnika za nacionalnu sigurnost SAD-a Johnathan Finer.<\/p>\n<\/div>\n<div class=\"inarticle-banner\">\n<div id=\"div-gpt-ad-1612954352623-0\" data-google-query-id=\"CJrZt-yYsoADFS1OkQUdh48Emg\">\n<p>On \u0107e se sa \u010dlanovima Predsjedni\u0161tva BiH sastati u ponedjeljak u popodnevnim satima, prenose Vijesti.ba.<\/p>\n<p>Ove sedmice je objavljena informacija kako je ameri\u010dki predsjednik Joe Biden zatra\u017eio od Finera da u Bijeloj ku\u0107i nastavi obna\u0161ati ulogu zamjenika savjetnika za nacionalnu sigurnost u Vije\u0107u za nacionalnu sigurnost (NSC), \u010dime su prekinuta naga\u0111anja o njegovom prelasku u State Department.<\/p>\n<p>\u0160ef kabineta Bijele ku\u0107e Jeffrey Zients nazvao je Finera &#8220;neophodnim&#8221; i naglasio veliko po\u0161tovanje koje predsjednik ima u njegovo iskustvo i uvide. Finer je ranije slavio za prvog kandidat za mjesto zamjenika dr\u017eavnog sekretara, a o\u010dekivalo se da \u0107e biti dobrodo\u0161ao nazad u State Department u svjetlu njegovih prethodnih uloga tokom Obamine administracije.<\/p>\n<p>Me\u0111utim, njegov zna\u010dajan doprinos naporima Bajdenove administracije da podr\u017ei Ukrajinu protiv Rusije, kao i njegov \u010dvrst odnos sa savjetnikom za nacionalnu sigurnost Jakeom Sullivanom, pokazao se klju\u010dnim u odluci da ostane u NSC-u.<\/p>\n<p>Finer je po\u010detkom februrara razgovarao sa \u010dlanovima Predsjedni\u0161tva Bosne i Hercegovine \u017deljkom Cvijanovi\u0107, \u017deljkom Kom\u0161i\u0107em i Denisom Be\u0107irovi\u0107em u Washingtonu.<\/p>\n<p>Tada je potvrdio opredijeljenost Sjedinjenih Dr\u017eava prema suverenitetu, teritorijalnom integritetu i multietni\u010dkom karakteru Bosne i Hercegovine te naglasio da \u0107e Sjedinjene Dr\u017eave nastaviti da pozivaju na odgovornost destabiliziraju\u0107e aktere koji potkopavaju dr\u017eavu i Dejtonski mirovni sporazum.<\/p>\n<p>Pozvao je lidere da iskoriste zamah i pomognu u usvajanju klju\u010dnih reformi vladavine prava koje bi oja\u010dale borbu protiv korupcije i organiziranog kriminala, ali i prenio va\u017enost poduzimanja koraka za modernizaciju Oru\u017eanih snaga Bosne i Hercegovine i diversifikaciju snabdijevanja zemlje energijom, da bi se odmaklo od ruskih izvora<\/p>\n<\/div>\n<\/div>\n","protected":false},"excerpt":{"rendered":"<p>Predsjedni\u0161tvo BiH potvrdilo je danas da \u0107e u ponedjeljak u Sarajevu boraviti glavni zamjenik savjetnika&hellip;<\/p>\n","protected":false},"author":2,"featured_media":212009,"comment_status":"open","ping_status":"closed","sticky":false,"template":"","format":"standard","meta":{"_acf_changed":false,"footnotes":""},"categories":[291],"tags":[1533],"acf":[],"yoast_head":"<!-- This site is optimized with the Yoast SEO plugin v23.5 - https:\/\/yoast.com\/wordpress\/plugins\/seo\/ -->\n<title>Joe Biden u BiH \u0161alje va\u017enog savjetnika za nacionalnu sigurnost SAD-a - TuzlaInfo.ba<\/title>\n<meta name=\"robots\" content=\"index, follow, max-snippet:-1, max-image-preview:large, max-video-preview:-1\" \/>\n<link rel=\"canonical\" href=\"https:\/\/tuzlainfo.ba\/index.php\/bosna-i-hercegovina\/item\/212008-joe-biden-u-bih-salje-vaznog-savjetnika-za-nacionalnu-sigurnost-sad-a\/\" \/>\n<meta property=\"og:locale\" content=\"bs_BA\" \/>\n<meta property=\"og:type\" content=\"article\" \/>\n<meta property=\"og:title\" content=\"Joe Biden u BiH \u0161alje va\u017enog savjetnika za nacionalnu sigurnost SAD-a - TuzlaInfo.ba\" \/>\n<meta property=\"og:description\" content=\"Predsjedni\u0161tvo BiH potvrdilo je danas da \u0107e u ponedjeljak u Sarajevu boraviti glavni zamjenik savjetnika&hellip;\" \/>\n<meta property=\"og:url\" content=\"https:\/\/tuzlainfo.ba\/index.php\/bosna-i-hercegovina\/item\/212008-joe-biden-u-bih-salje-vaznog-savjetnika-za-nacionalnu-sigurnost-sad-a\/\" \/>\n<meta property=\"og:site_name\" content=\"TuzlaInfo.ba\" \/>\n<meta property=\"article:publisher\" content=\"https:\/\/www.facebook.com\/tuzlainfo.ba\/\" \/>\n<meta property=\"article:published_time\" content=\"2023-07-28T20:25:12+00:00\" \/>\n<meta property=\"og:image\" content=\"https:\/\/tuzlainfo.ba\/wp-content\/uploads\/2023\/07\/2807_jon_finer.jpg\" \/>\n\t<meta property=\"og:image:width\" content=\"800\" \/>\n\t<meta property=\"og:image:height\" content=\"541\" \/>\n\t<meta property=\"og:image:type\" content=\"image\/jpeg\" \/>\n<meta name=\"author\" content=\"nedim\" \/>\n<meta name=\"twitter:card\" content=\"summary_large_image\" \/>\n<meta name=\"twitter:label1\" content=\"Written by\" \/>\n\t<meta name=\"twitter:data1\" content=\"nedim\" \/>\n\t<meta name=\"twitter:label2\" content=\"Est. reading time\" \/>\n\t<meta name=\"twitter:data2\" content=\"2 minute\" \/>\n<script type=\"application\/ld+json\" class=\"yoast-schema-graph\">{\"@context\":\"https:\/\/schema.org\",\"@graph\":[{\"@type\":\"Article\",\"@id\":\"https:\/\/tuzlainfo.ba\/index.php\/bosna-i-hercegovina\/item\/212008-joe-biden-u-bih-salje-vaznog-savjetnika-za-nacionalnu-sigurnost-sad-a\/#article\",\"isPartOf\":{\"@id\":\"https:\/\/tuzlainfo.ba\/index.php\/bosna-i-hercegovina\/item\/212008-joe-biden-u-bih-salje-vaznog-savjetnika-za-nacionalnu-sigurnost-sad-a\/\"},\"author\":{\"name\":\"nedim\",\"@id\":\"https:\/\/tuzlainfo.ba\/#\/schema\/person\/f434e20dc27ea133923aab08451b7f7f\"},\"headline\":\"Joe Biden u BiH \u0161alje va\u017enog savjetnika za nacionalnu sigurnost SAD-a\",\"datePublished\":\"2023-07-28T20:25:12+00:00\",\"dateModified\":\"2023-07-28T20:25:12+00:00\",\"mainEntityOfPage\":{\"@id\":\"https:\/\/tuzlainfo.ba\/index.php\/bosna-i-hercegovina\/item\/212008-joe-biden-u-bih-salje-vaznog-savjetnika-za-nacionalnu-sigurnost-sad-a\/\"},\"wordCount\":313,\"commentCount\":0,\"publisher\":{\"@id\":\"https:\/\/tuzlainfo.ba\/#organization\"},\"image\":{\"@id\":\"https:\/\/tuzlainfo.ba\/index.php\/bosna-i-hercegovina\/item\/212008-joe-biden-u-bih-salje-vaznog-savjetnika-za-nacionalnu-sigurnost-sad-a\/#primaryimage\"},\"thumbnailUrl\":\"https:\/\/tuzlainfo.ba\/wp-content\/uploads\/2023\/07\/2807_jon_finer.jpg\",\"keywords\":[\"joe biden\"],\"articleSection\":[\"Bosna i Hercegovina\"],\"inLanguage\":\"bs-BA\"},{\"@type\":\"WebPage\",\"@id\":\"https:\/\/tuzlainfo.ba\/index.php\/bosna-i-hercegovina\/item\/212008-joe-biden-u-bih-salje-vaznog-savjetnika-za-nacionalnu-sigurnost-sad-a\/\",\"url\":\"https:\/\/tuzlainfo.ba\/index.php\/bosna-i-hercegovina\/item\/212008-joe-biden-u-bih-salje-vaznog-savjetnika-za-nacionalnu-sigurnost-sad-a\/\",\"name\":\"Joe Biden u BiH \u0161alje va\u017enog savjetnika za nacionalnu sigurnost SAD-a - TuzlaInfo.ba\",\"isPartOf\":{\"@id\":\"https:\/\/tuzlainfo.ba\/#website\"},\"primaryImageOfPage\":{\"@id\":\"https:\/\/tuzlainfo.ba\/index.php\/bosna-i-hercegovina\/item\/212008-joe-biden-u-bih-salje-vaznog-savjetnika-za-nacionalnu-sigurnost-sad-a\/#primaryimage\"},\"image\":{\"@id\":\"https:\/\/tuzlainfo.ba\/index.php\/bosna-i-hercegovina\/item\/212008-joe-biden-u-bih-salje-vaznog-savjetnika-za-nacionalnu-sigurnost-sad-a\/#primaryimage\"},\"thumbnailUrl\":\"https:\/\/tuzlainfo.ba\/wp-content\/uploads\/2023\/07\/2807_jon_finer.jpg\",\"datePublished\":\"2023-07-28T20:25:12+00:00\",\"dateModified\":\"2023-07-28T20:25:12+00:00\",\"breadcrumb\":{\"@id\":\"https:\/\/tuzlainfo.ba\/index.php\/bosna-i-hercegovina\/item\/212008-joe-biden-u-bih-salje-vaznog-savjetnika-za-nacionalnu-sigurnost-sad-a\/#breadcrumb\"},\"inLanguage\":\"bs-BA\",\"potentialAction\":[{\"@type\":\"ReadAction\",\"target\":[\"https:\/\/tuzlainfo.ba\/index.php\/bosna-i-hercegovina\/item\/212008-joe-biden-u-bih-salje-vaznog-savjetnika-za-nacionalnu-sigurnost-sad-a\/\"]}]},{\"@type\":\"ImageObject\",\"inLanguage\":\"bs-BA\",\"@id\":\"https:\/\/tuzlainfo.ba\/index.php\/bosna-i-hercegovina\/item\/212008-joe-biden-u-bih-salje-vaznog-savjetnika-za-nacionalnu-sigurnost-sad-a\/#primaryimage\",\"url\":\"https:\/\/tuzlainfo.ba\/wp-content\/uploads\/2023\/07\/2807_jon_finer.jpg\",\"contentUrl\":\"https:\/\/tuzlainfo.ba\/wp-content\/uploads\/2023\/07\/2807_jon_finer.jpg\",\"width\":800,\"height\":541},{\"@type\":\"BreadcrumbList\",\"@id\":\"https:\/\/tuzlainfo.ba\/index.php\/bosna-i-hercegovina\/item\/212008-joe-biden-u-bih-salje-vaznog-savjetnika-za-nacionalnu-sigurnost-sad-a\/#breadcrumb\",\"itemListElement\":[{\"@type\":\"ListItem\",\"position\":1,\"name\":\"Home\",\"item\":\"https:\/\/tuzlainfo.ba\/\"},{\"@type\":\"ListItem\",\"position\":2,\"name\":\"Joe Biden u BiH \u0161alje va\u017enog savjetnika za nacionalnu sigurnost SAD-a\"}]},{\"@type\":\"WebSite\",\"@id\":\"https:\/\/tuzlainfo.ba\/#website\",\"url\":\"https:\/\/tuzlainfo.ba\/\",\"name\":\"TuzlaInfo.ba\",\"description\":\"Tuzla info, gradski informator - Tuzla na dlanu\",\"publisher\":{\"@id\":\"https:\/\/tuzlainfo.ba\/#organization\"},\"potentialAction\":[{\"@type\":\"SearchAction\",\"target\":{\"@type\":\"EntryPoint\",\"urlTemplate\":\"https:\/\/tuzlainfo.ba\/?s={search_term_string}\"},\"query-input\":{\"@type\":\"PropertyValueSpecification\",\"valueRequired\":true,\"valueName\":\"search_term_string\"}}],\"inLanguage\":\"bs-BA\"},{\"@type\":\"Organization\",\"@id\":\"https:\/\/tuzlainfo.ba\/#organization\",\"name\":\"TuzlaInfo.ba\",\"url\":\"https:\/\/tuzlainfo.ba\/\",\"logo\":{\"@type\":\"ImageObject\",\"inLanguage\":\"bs-BA\",\"@id\":\"https:\/\/tuzlainfo.ba\/#\/schema\/logo\/image\/\",\"url\":\"https:\/\/tuzlainfo.ba\/wp-content\/uploads\/2021\/03\/logo-ver-3-1.png\",\"contentUrl\":\"https:\/\/tuzlainfo.ba\/wp-content\/uploads\/2021\/03\/logo-ver-3-1.png\",\"width\":350,\"height\":95,\"caption\":\"TuzlaInfo.ba\"},\"image\":{\"@id\":\"https:\/\/tuzlainfo.ba\/#\/schema\/logo\/image\/\"},\"sameAs\":[\"https:\/\/www.facebook.com\/tuzlainfo.ba\/\"]},{\"@type\":\"Person\",\"@id\":\"https:\/\/tuzlainfo.ba\/#\/schema\/person\/f434e20dc27ea133923aab08451b7f7f\",\"name\":\"nedim\",\"image\":{\"@type\":\"ImageObject\",\"inLanguage\":\"bs-BA\",\"@id\":\"https:\/\/tuzlainfo.ba\/#\/schema\/person\/image\/\",\"url\":\"https:\/\/tuzlainfo.ba\/wp-content\/litespeed\/avatar\/aabad687af24844af817603ac1cbdc4f.jpg?ver=1777306975\",\"contentUrl\":\"https:\/\/tuzlainfo.ba\/wp-content\/litespeed\/avatar\/aabad687af24844af817603ac1cbdc4f.jpg?ver=1777306975\",\"caption\":\"nedim\"},\"description\":\"Tuzlainfo.ba pratite na dru\u0161tvenim mre\u017eama: Facebook, Instagram i Youtube. Svoje pri\u010de, upite i fotografije \u0161aljite na na\u0161u e-mail adresu.\"}]}<\/script>\n<!-- \/ Yoast SEO plugin. -->","yoast_head_json":{"title":"Joe Biden u BiH \u0161alje va\u017enog savjetnika za nacionalnu sigurnost SAD-a - TuzlaInfo.ba","robots":{"index":"index","follow":"follow","max-snippet":"max-snippet:-1","max-image-preview":"max-image-preview:large","max-video-preview":"max-video-preview:-1"},"canonical":"https:\/\/tuzlainfo.ba\/index.php\/bosna-i-hercegovina\/item\/212008-joe-biden-u-bih-salje-vaznog-savjetnika-za-nacionalnu-sigurnost-sad-a\/","og_locale":"bs_BA","og_type":"article","og_title":"Joe Biden u BiH \u0161alje va\u017enog savjetnika za nacionalnu sigurnost SAD-a - TuzlaInfo.ba","og_description":"Predsjedni\u0161tvo BiH potvrdilo je danas da \u0107e u ponedjeljak u Sarajevu boraviti glavni zamjenik savjetnika&hellip;","og_url":"https:\/\/tuzlainfo.ba\/index.php\/bosna-i-hercegovina\/item\/212008-joe-biden-u-bih-salje-vaznog-savjetnika-za-nacionalnu-sigurnost-sad-a\/","og_site_name":"TuzlaInfo.ba","article_publisher":"https:\/\/www.facebook.com\/tuzlainfo.ba\/","article_published_time":"2023-07-28T20:25:12+00:00","og_image":[{"width":800,"height":541,"url":"https:\/\/tuzlainfo.ba\/wp-content\/uploads\/2023\/07\/2807_jon_finer.jpg","type":"image\/jpeg"}],"author":"nedim","twitter_card":"summary_large_image","twitter_misc":{"Written by":"nedim","Est. reading time":"2 minute"},"schema":{"@context":"https:\/\/schema.org","@graph":[{"@type":"Article","@id":"https:\/\/tuzlainfo.ba\/index.php\/bosna-i-hercegovina\/item\/212008-joe-biden-u-bih-salje-vaznog-savjetnika-za-nacionalnu-sigurnost-sad-a\/#article","isPartOf":{"@id":"https:\/\/tuzlainfo.ba\/index.php\/bosna-i-hercegovina\/item\/212008-joe-biden-u-bih-salje-vaznog-savjetnika-za-nacionalnu-sigurnost-sad-a\/"},"author":{"name":"nedim","@id":"https:\/\/tuzlainfo.ba\/#\/schema\/person\/f434e20dc27ea133923aab08451b7f7f"},"headline":"Joe Biden u BiH \u0161alje va\u017enog savjetnika za nacionalnu sigurnost SAD-a","datePublished":"2023-07-28T20:25:12+00:00","dateModified":"2023-07-28T20:25:12+00:00","mainEntityOfPage":{"@id":"https:\/\/tuzlainfo.ba\/index.php\/bosna-i-hercegovina\/item\/212008-joe-biden-u-bih-salje-vaznog-savjetnika-za-nacionalnu-sigurnost-sad-a\/"},"wordCount":313,"commentCount":0,"publisher":{"@id":"https:\/\/tuzlainfo.ba\/#organization"},"image":{"@id":"https:\/\/tuzlainfo.ba\/index.php\/bosna-i-hercegovina\/item\/212008-joe-biden-u-bih-salje-vaznog-savjetnika-za-nacionalnu-sigurnost-sad-a\/#primaryimage"},"thumbnailUrl":"https:\/\/tuzlainfo.ba\/wp-content\/uploads\/2023\/07\/2807_jon_finer.jpg","keywords":["joe biden"],"articleSection":["Bosna i Hercegovina"],"inLanguage":"bs-BA"},{"@type":"WebPage","@id":"https:\/\/tuzlainfo.ba\/index.php\/bosna-i-hercegovina\/item\/212008-joe-biden-u-bih-salje-vaznog-savjetnika-za-nacionalnu-sigurnost-sad-a\/","url":"https:\/\/tuzlainfo.ba\/index.php\/bosna-i-hercegovina\/item\/212008-joe-biden-u-bih-salje-vaznog-savjetnika-za-nacionalnu-sigurnost-sad-a\/","name":"Joe Biden u BiH \u0161alje va\u017enog savjetnika za nacionalnu sigurnost SAD-a - TuzlaInfo.ba","isPartOf":{"@id":"https:\/\/tuzlainfo.ba\/#website"},"primaryImageOfPage":{"@id":"https:\/\/tuzlainfo.ba\/index.php\/bosna-i-hercegovina\/item\/212008-joe-biden-u-bih-salje-vaznog-savjetnika-za-nacionalnu-sigurnost-sad-a\/#primaryimage"},"image":{"@id":"https:\/\/tuzlainfo.ba\/index.php\/bosna-i-hercegovina\/item\/212008-joe-biden-u-bih-salje-vaznog-savjetnika-za-nacionalnu-sigurnost-sad-a\/#primaryimage"},"thumbnailUrl":"https:\/\/tuzlainfo.ba\/wp-content\/uploads\/2023\/07\/2807_jon_finer.jpg","datePublished":"2023-07-28T20:25:12+00:00","dateModified":"2023-07-28T20:25:12+00:00","breadcrumb":{"@id":"https:\/\/tuzlainfo.ba\/index.php\/bosna-i-hercegovina\/item\/212008-joe-biden-u-bih-salje-vaznog-savjetnika-za-nacionalnu-sigurnost-sad-a\/#breadcrumb"},"inLanguage":"bs-BA","potentialAction":[{"@type":"ReadAction","target":["https:\/\/tuzlainfo.ba\/index.php\/bosna-i-hercegovina\/item\/212008-joe-biden-u-bih-salje-vaznog-savjetnika-za-nacionalnu-sigurnost-sad-a\/"]}]},{"@type":"ImageObject","inLanguage":"bs-BA","@id":"https:\/\/tuzlainfo.ba\/index.php\/bosna-i-hercegovina\/item\/212008-joe-biden-u-bih-salje-vaznog-savjetnika-za-nacionalnu-sigurnost-sad-a\/#primaryimage","url":"https:\/\/tuzlainfo.ba\/wp-content\/uploads\/2023\/07\/2807_jon_finer.jpg","contentUrl":"https:\/\/tuzlainfo.ba\/wp-content\/uploads\/2023\/07\/2807_jon_finer.jpg","width":800,"height":541},{"@type":"BreadcrumbList","@id":"https:\/\/tuzlainfo.ba\/index.php\/bosna-i-hercegovina\/item\/212008-joe-biden-u-bih-salje-vaznog-savjetnika-za-nacionalnu-sigurnost-sad-a\/#breadcrumb","itemListElement":[{"@type":"ListItem","position":1,"name":"Home","item":"https:\/\/tuzlainfo.ba\/"},{"@type":"ListItem","position":2,"name":"Joe Biden u BiH \u0161alje va\u017enog savjetnika za nacionalnu sigurnost SAD-a"}]},{"@type":"WebSite","@id":"https:\/\/tuzlainfo.ba\/#website","url":"https:\/\/tuzlainfo.ba\/","name":"TuzlaInfo.ba","description":"Tuzla info, gradski informator - Tuzla na dlanu","publisher":{"@id":"https:\/\/tuzlainfo.ba\/#organization"},"potentialAction":[{"@type":"SearchAction","target":{"@type":"EntryPoint","urlTemplate":"https:\/\/tuzlainfo.ba\/?s={search_term_string}"},"query-input":{"@type":"PropertyValueSpecification","valueRequired":true,"valueName":"search_term_string"}}],"inLanguage":"bs-BA"},{"@type":"Organization","@id":"https:\/\/tuzlainfo.ba\/#organization","name":"TuzlaInfo.ba","url":"https:\/\/tuzlainfo.ba\/","logo":{"@type":"ImageObject","inLanguage":"bs-BA","@id":"https:\/\/tuzlainfo.ba\/#\/schema\/logo\/image\/","url":"https:\/\/tuzlainfo.ba\/wp-content\/uploads\/2021\/03\/logo-ver-3-1.png","contentUrl":"https:\/\/tuzlainfo.ba\/wp-content\/uploads\/2021\/03\/logo-ver-3-1.png","width":350,"height":95,"caption":"TuzlaInfo.ba"},"image":{"@id":"https:\/\/tuzlainfo.ba\/#\/schema\/logo\/image\/"},"sameAs":["https:\/\/www.facebook.com\/tuzlainfo.ba\/"]},{"@type":"Person","@id":"https:\/\/tuzlainfo.ba\/#\/schema\/person\/f434e20dc27ea133923aab08451b7f7f","name":"nedim","image":{"@type":"ImageObject","inLanguage":"bs-BA","@id":"https:\/\/tuzlainfo.ba\/#\/schema\/person\/image\/","url":"https:\/\/tuzlainfo.ba\/wp-content\/litespeed\/avatar\/aabad687af24844af817603ac1cbdc4f.jpg?ver=1777306975","contentUrl":"https:\/\/tuzlainfo.ba\/wp-content\/litespeed\/avatar\/aabad687af24844af817603ac1cbdc4f.jpg?ver=1777306975","caption":"nedim"},"description":"Tuzlainfo.ba pratite na dru\u0161tvenim mre\u017eama: Facebook, Instagram i Youtube. Svoje pri\u010de, upite i fotografije \u0161aljite na na\u0161u e-mail adresu."}]}},"_links":{"self":[{"href":"https:\/\/tuzlainfo.ba\/index.php\/wp-json\/wp\/v2\/posts\/212008"}],"collection":[{"href":"https:\/\/tuzlainfo.ba\/index.php\/wp-json\/wp\/v2\/posts"}],"about":[{"href":"https:\/\/tuzlainfo.ba\/index.php\/wp-json\/wp\/v2\/types\/post"}],"author":[{"embeddable":true,"href":"https:\/\/tuzlainfo.ba\/index.php\/wp-json\/wp\/v2\/users\/2"}],"replies":[{"embeddable":true,"href":"https:\/\/tuzlainfo.ba\/index.php\/wp-json\/wp\/v2\/comments?post=212008"}],"version-history":[{"count":0,"href":"https:\/\/tuzlainfo.ba\/index.php\/wp-json\/wp\/v2\/posts\/212008\/revisions"}],"wp:featuredmedia":[{"embeddable":true,"href":"https:\/\/tuzlainfo.ba\/index.php\/wp-json\/wp\/v2\/media\/212009"}],"wp:attachment":[{"href":"https:\/\/tuzlainfo.ba\/index.php\/wp-json\/wp\/v2\/media?parent=212008"}],"wp:term":[{"taxonomy":"category","embeddable":true,"href":"https:\/\/tuzlainfo.ba\/index.php\/wp-json\/wp\/v2\/categories?post=212008"},{"taxonomy":"post_tag","embeddable":true,"href":"https:\/\/tuzlainfo.ba\/index.php\/wp-json\/wp\/v2\/tags?post=212008"}],"curies":[{"name":"wp","href":"https:\/\/api.w.org\/{rel}","templated":true}]}}