{"id":211945,"date":"2023-07-28T16:00:40","date_gmt":"2023-07-28T14:00:40","guid":{"rendered":"https:\/\/tuzlainfo.ba\/?p=211945"},"modified":"2023-07-28T14:57:10","modified_gmt":"2023-07-28T12:57:10","slug":"izabrani-novi-clanovi-skupstine-fk-sloboda-jovic-predsjednik-mjesecna-clanarina-100-km","status":"publish","type":"post","link":"https:\/\/tuzlainfo.ba\/index.php\/novosti\/item\/211945-izabrani-novi-clanovi-skupstine-fk-sloboda-jovic-predsjednik-mjesecna-clanarina-100-km\/","title":{"rendered":"Izabrani novi \u010dlanovi Skup\u0161tine FK Sloboda: Jovi\u0107 predsjednik, mjese\u010dna \u010dlanarina 100 KM"},"content":{"rendered":"<div class=\"gc-col-12\">\n<div class=\"dt-article-standfirst col-12\">\n<p>U Tuzli je u srijedu, 26. jula 2023. godine u prostorijama SKPC Mejdan odr\u017eana Redovna skup\u0161tina Fudbalskog kluba &#8220;Sloboda&#8221; Tuzla na kojoj su izabrani novi \u010dlanovi i rukovodstvo najvi\u0161eg klupskog tijela.<\/p>\n<\/div>\n<\/div>\n<div class=\"gc-col-12\">\n<p id=\"etWAfaqIYU\">Dosada\u0161njeg predsjednika Skup\u0161tine gospodina Ninu D\u017eambi\u0107a naslijedio je Aleksandar Jovi\u0107 dok je umjesto dosada\u0161njeg potpredsjednika Emira Muratbegovi\u0107a izabran Neim Husi\u0107.<\/p>\n<p>Skup\u0161tina je tako\u0111er dopunjena sa novim \u010dlanovima i to: Nermin \u010cOLI\u0106, Neboj\u0161a TOMI\u0106, Nedim ARNAUTOVI\u0106, Mario LOVRI\u0106, Mirsad OV\u010cINA, Almir \u0160E\u0106KANOVI\u0106, Mirsad HUSANOVI\u0106, Burhan LIMANI, Fuad ME\u0160ANOVI\u0106, Ned\u017ead ALJKOVI\u0106, Ned\u017ead BIJESOVI\u0106, Isak MEMI\u0160EVI\u0106, Omar RADON\u010cI\u0106, Sanel MA\u0160I\u0106, Nermin MUJANOVI\u0106, Denis MUHAREMAGI\u0106, Zlatan FAZLI\u0106, Eldar BAJRI\u0106, Jasmin RAHMANOVI\u0106,\u00a0 Rusmir HUSAGI\u0106, Almir ZULI\u0106, Nerim TUZLAK, Gordan ISABEGOVI\u0106, Emir FAZLOVI\u0106, Adnan OMEROVI\u0106, Sa\u0161a ARNAUTOVI\u0106 i Jasmin BE\u0160LAGI\u0106.<\/p>\n<p id=\"eYFl0cnS8M\">Novoformirana Skup\u0161tina radi\u0107e na principu pla\u0107anja \u010dlanstva na mjese\u010dnom nivou, \u0161to do sada nije bio slu\u010daj u ovakvim oblicima organizacije skup\u0161tine. \u010clanarina u klupskoj skup\u0161tini iznosi\u0107e 100,00 KM po \u010dlanu skup\u0161tine mjese\u010dno. Osim toga, sada\u0161nji model skup\u0161tine zamjenio je prija\u0161nji model koji je zasnovan na principu upravlja\u010dkih prava te se sa ponosom mo\u017ee re\u0107i da je Sloboda vra\u0107ena gra\u0111anima Tuzle i svim njenim navija\u010dima &#8211; navedeno je u klupskom saop\u0161tenju.<\/p>\n<p id=\"e72i1my7LL\">&#8220;\u017delimo naglasiti da je ranija skup\u0161tinska struktura iskazala razumijevanje shvativ\u0161i neophodnost promjene modela te se u korist kluba odrekla i poklonila svoja upravlja\u010dka prava. U cilju \u0161to boljeg informisanja javnosti \u017eelimo ista\u0107i da ovaj saziv skup\u0161tine \u010dine osobe mla\u0111e i srednje \u017eivotne dobi koji su dokazani prijatelji na\u0161eg kluba. Tendencija je da najvi\u0161e klupsko tijelo postane dinami\u010dnije i odgovori na potrebe kluba na dnevnoj bazi, za razliku od ve\u0107ine skup\u0161tina u proteklim sazivima koje su se sastajale uglavnom kada je bila potreba da se ispune minimalni zakonom propisani rokovi ili kada se klub nalazio u kriznim situacijama&#8221;, rekao je novoizabrani predsjednik Skup\u0161tine Fudbalskog kluba &#8220;Sloboda&#8221;.<\/p>\n<p id=\"e3MZr3avpL\">Va\u017eno je dodati da se prilikom popune skup\u0161tinskih mjesta vodilo ra\u010duna da u ovom tijelu budu zastupljeni \u010dlanovi svih udru\u017eenja i skupina koji gravitiraju prema FK Sloboda. \u010clanovima novoformirane Skup\u0161tine se obratio predsjednik Upravnog odbora FK Sloboda Tuzla gospodin Senad Mujkanovi\u0107, a sa sjednice je poslana jasna i nedvosmislena poruka &#8211; Ekspresan povratak u Premijer ligu primarni je cilj svih klupskih struktura.<\/p>\n<\/div>\n","protected":false},"excerpt":{"rendered":"<p>U Tuzli je u srijedu, 26. jula 2023. godine u prostorijama SKPC Mejdan odr\u017eana Redovna&hellip;<\/p>\n","protected":false},"author":2,"featured_media":211946,"comment_status":"open","ping_status":"closed","sticky":false,"template":"","format":"standard","meta":{"_acf_changed":false,"footnotes":""},"categories":[304,12],"tags":[466,915,7614,42],"acf":[],"yoast_head":"<!-- This site is optimized with the Yoast SEO plugin v23.5 - https:\/\/yoast.com\/wordpress\/plugins\/seo\/ -->\n<title>Izabrani novi \u010dlanovi Skup\u0161tine FK Sloboda: Jovi\u0107 predsjednik, mjese\u010dna \u010dlanarina 100 KM - TuzlaInfo.ba<\/title>\n<meta name=\"robots\" content=\"index, follow, max-snippet:-1, max-image-preview:large, max-video-preview:-1\" \/>\n<link rel=\"canonical\" href=\"https:\/\/tuzlainfo.ba\/index.php\/novosti\/item\/211945-izabrani-novi-clanovi-skupstine-fk-sloboda-jovic-predsjednik-mjesecna-clanarina-100-km\/\" \/>\n<meta property=\"og:locale\" content=\"bs_BA\" \/>\n<meta property=\"og:type\" content=\"article\" \/>\n<meta property=\"og:title\" content=\"Izabrani novi \u010dlanovi Skup\u0161tine FK Sloboda: Jovi\u0107 predsjednik, mjese\u010dna \u010dlanarina 100 KM - TuzlaInfo.ba\" \/>\n<meta property=\"og:description\" content=\"U Tuzli je u srijedu, 26. jula 2023. godine u prostorijama SKPC Mejdan odr\u017eana Redovna&hellip;\" \/>\n<meta property=\"og:url\" content=\"https:\/\/tuzlainfo.ba\/index.php\/novosti\/item\/211945-izabrani-novi-clanovi-skupstine-fk-sloboda-jovic-predsjednik-mjesecna-clanarina-100-km\/\" \/>\n<meta property=\"og:site_name\" content=\"TuzlaInfo.ba\" \/>\n<meta property=\"article:publisher\" content=\"https:\/\/www.facebook.com\/tuzlainfo.ba\/\" \/>\n<meta property=\"article:published_time\" content=\"2023-07-28T14:00:40+00:00\" \/>\n<meta property=\"article:modified_time\" content=\"2023-07-28T12:57:10+00:00\" \/>\n<meta property=\"og:image\" content=\"https:\/\/tuzlainfo.ba\/wp-content\/uploads\/2023\/07\/2807_skupstina_fksloboda.jpg\" \/>\n\t<meta property=\"og:image:width\" content=\"800\" \/>\n\t<meta property=\"og:image:height\" content=\"536\" \/>\n\t<meta property=\"og:image:type\" content=\"image\/jpeg\" \/>\n<meta name=\"author\" content=\"nedim\" \/>\n<meta name=\"twitter:card\" content=\"summary_large_image\" \/>\n<meta name=\"twitter:label1\" content=\"Written by\" \/>\n\t<meta name=\"twitter:data1\" content=\"nedim\" \/>\n\t<meta name=\"twitter:label2\" content=\"Est. reading time\" \/>\n\t<meta name=\"twitter:data2\" content=\"2 minute\" \/>\n<script type=\"application\/ld+json\" class=\"yoast-schema-graph\">{\"@context\":\"https:\/\/schema.org\",\"@graph\":[{\"@type\":\"Article\",\"@id\":\"https:\/\/tuzlainfo.ba\/index.php\/novosti\/item\/211945-izabrani-novi-clanovi-skupstine-fk-sloboda-jovic-predsjednik-mjesecna-clanarina-100-km\/#article\",\"isPartOf\":{\"@id\":\"https:\/\/tuzlainfo.ba\/index.php\/novosti\/item\/211945-izabrani-novi-clanovi-skupstine-fk-sloboda-jovic-predsjednik-mjesecna-clanarina-100-km\/\"},\"author\":{\"name\":\"nedim\",\"@id\":\"https:\/\/tuzlainfo.ba\/#\/schema\/person\/f434e20dc27ea133923aab08451b7f7f\"},\"headline\":\"Izabrani novi \u010dlanovi Skup\u0161tine FK Sloboda: Jovi\u0107 predsjednik, mjese\u010dna \u010dlanarina 100 KM\",\"datePublished\":\"2023-07-28T14:00:40+00:00\",\"dateModified\":\"2023-07-28T12:57:10+00:00\",\"mainEntityOfPage\":{\"@id\":\"https:\/\/tuzlainfo.ba\/index.php\/novosti\/item\/211945-izabrani-novi-clanovi-skupstine-fk-sloboda-jovic-predsjednik-mjesecna-clanarina-100-km\/\"},\"wordCount\":421,\"commentCount\":0,\"publisher\":{\"@id\":\"https:\/\/tuzlainfo.ba\/#organization\"},\"image\":{\"@id\":\"https:\/\/tuzlainfo.ba\/index.php\/novosti\/item\/211945-izabrani-novi-clanovi-skupstine-fk-sloboda-jovic-predsjednik-mjesecna-clanarina-100-km\/#primaryimage\"},\"thumbnailUrl\":\"https:\/\/tuzlainfo.ba\/wp-content\/uploads\/2023\/07\/2807_skupstina_fksloboda.jpg\",\"keywords\":[\"fk sloboda\",\"sport\",\"sport tuzla\",\"tuzla\"],\"articleSection\":[\"Istaknuto\",\"Novosti\"],\"inLanguage\":\"bs-BA\"},{\"@type\":\"WebPage\",\"@id\":\"https:\/\/tuzlainfo.ba\/index.php\/novosti\/item\/211945-izabrani-novi-clanovi-skupstine-fk-sloboda-jovic-predsjednik-mjesecna-clanarina-100-km\/\",\"url\":\"https:\/\/tuzlainfo.ba\/index.php\/novosti\/item\/211945-izabrani-novi-clanovi-skupstine-fk-sloboda-jovic-predsjednik-mjesecna-clanarina-100-km\/\",\"name\":\"Izabrani novi \u010dlanovi Skup\u0161tine FK Sloboda: Jovi\u0107 predsjednik, mjese\u010dna \u010dlanarina 100 KM - TuzlaInfo.ba\",\"isPartOf\":{\"@id\":\"https:\/\/tuzlainfo.ba\/#website\"},\"primaryImageOfPage\":{\"@id\":\"https:\/\/tuzlainfo.ba\/index.php\/novosti\/item\/211945-izabrani-novi-clanovi-skupstine-fk-sloboda-jovic-predsjednik-mjesecna-clanarina-100-km\/#primaryimage\"},\"image\":{\"@id\":\"https:\/\/tuzlainfo.ba\/index.php\/novosti\/item\/211945-izabrani-novi-clanovi-skupstine-fk-sloboda-jovic-predsjednik-mjesecna-clanarina-100-km\/#primaryimage\"},\"thumbnailUrl\":\"https:\/\/tuzlainfo.ba\/wp-content\/uploads\/2023\/07\/2807_skupstina_fksloboda.jpg\",\"datePublished\":\"2023-07-28T14:00:40+00:00\",\"dateModified\":\"2023-07-28T12:57:10+00:00\",\"breadcrumb\":{\"@id\":\"https:\/\/tuzlainfo.ba\/index.php\/novosti\/item\/211945-izabrani-novi-clanovi-skupstine-fk-sloboda-jovic-predsjednik-mjesecna-clanarina-100-km\/#breadcrumb\"},\"inLanguage\":\"bs-BA\",\"potentialAction\":[{\"@type\":\"ReadAction\",\"target\":[\"https:\/\/tuzlainfo.ba\/index.php\/novosti\/item\/211945-izabrani-novi-clanovi-skupstine-fk-sloboda-jovic-predsjednik-mjesecna-clanarina-100-km\/\"]}]},{\"@type\":\"ImageObject\",\"inLanguage\":\"bs-BA\",\"@id\":\"https:\/\/tuzlainfo.ba\/index.php\/novosti\/item\/211945-izabrani-novi-clanovi-skupstine-fk-sloboda-jovic-predsjednik-mjesecna-clanarina-100-km\/#primaryimage\",\"url\":\"https:\/\/tuzlainfo.ba\/wp-content\/uploads\/2023\/07\/2807_skupstina_fksloboda.jpg\",\"contentUrl\":\"https:\/\/tuzlainfo.ba\/wp-content\/uploads\/2023\/07\/2807_skupstina_fksloboda.jpg\",\"width\":800,\"height\":536},{\"@type\":\"BreadcrumbList\",\"@id\":\"https:\/\/tuzlainfo.ba\/index.php\/novosti\/item\/211945-izabrani-novi-clanovi-skupstine-fk-sloboda-jovic-predsjednik-mjesecna-clanarina-100-km\/#breadcrumb\",\"itemListElement\":[{\"@type\":\"ListItem\",\"position\":1,\"name\":\"Home\",\"item\":\"https:\/\/tuzlainfo.ba\/\"},{\"@type\":\"ListItem\",\"position\":2,\"name\":\"Izabrani novi \u010dlanovi Skup\u0161tine FK Sloboda: Jovi\u0107 predsjednik, mjese\u010dna \u010dlanarina 100 KM\"}]},{\"@type\":\"WebSite\",\"@id\":\"https:\/\/tuzlainfo.ba\/#website\",\"url\":\"https:\/\/tuzlainfo.ba\/\",\"name\":\"TuzlaInfo.ba\",\"description\":\"Tuzla info, gradski informator - Tuzla na dlanu\",\"publisher\":{\"@id\":\"https:\/\/tuzlainfo.ba\/#organization\"},\"potentialAction\":[{\"@type\":\"SearchAction\",\"target\":{\"@type\":\"EntryPoint\",\"urlTemplate\":\"https:\/\/tuzlainfo.ba\/?s={search_term_string}\"},\"query-input\":{\"@type\":\"PropertyValueSpecification\",\"valueRequired\":true,\"valueName\":\"search_term_string\"}}],\"inLanguage\":\"bs-BA\"},{\"@type\":\"Organization\",\"@id\":\"https:\/\/tuzlainfo.ba\/#organization\",\"name\":\"TuzlaInfo.ba\",\"url\":\"https:\/\/tuzlainfo.ba\/\",\"logo\":{\"@type\":\"ImageObject\",\"inLanguage\":\"bs-BA\",\"@id\":\"https:\/\/tuzlainfo.ba\/#\/schema\/logo\/image\/\",\"url\":\"https:\/\/tuzlainfo.ba\/wp-content\/uploads\/2021\/03\/logo-ver-3-1.png\",\"contentUrl\":\"https:\/\/tuzlainfo.ba\/wp-content\/uploads\/2021\/03\/logo-ver-3-1.png\",\"width\":350,\"height\":95,\"caption\":\"TuzlaInfo.ba\"},\"image\":{\"@id\":\"https:\/\/tuzlainfo.ba\/#\/schema\/logo\/image\/\"},\"sameAs\":[\"https:\/\/www.facebook.com\/tuzlainfo.ba\/\"]},{\"@type\":\"Person\",\"@id\":\"https:\/\/tuzlainfo.ba\/#\/schema\/person\/f434e20dc27ea133923aab08451b7f7f\",\"name\":\"nedim\",\"image\":{\"@type\":\"ImageObject\",\"inLanguage\":\"bs-BA\",\"@id\":\"https:\/\/tuzlainfo.ba\/#\/schema\/person\/image\/\",\"url\":\"https:\/\/tuzlainfo.ba\/wp-content\/litespeed\/avatar\/aabad687af24844af817603ac1cbdc4f.jpg?ver=1776702173\",\"contentUrl\":\"https:\/\/tuzlainfo.ba\/wp-content\/litespeed\/avatar\/aabad687af24844af817603ac1cbdc4f.jpg?ver=1776702173\",\"caption\":\"nedim\"},\"description\":\"Tuzlainfo.ba pratite na dru\u0161tvenim mre\u017eama: Facebook, Instagram i Youtube. Svoje pri\u010de, upite i fotografije \u0161aljite na na\u0161u e-mail adresu.\"}]}<\/script>\n<!-- \/ Yoast SEO plugin. -->","yoast_head_json":{"title":"Izabrani novi \u010dlanovi Skup\u0161tine FK Sloboda: Jovi\u0107 predsjednik, mjese\u010dna \u010dlanarina 100 KM - TuzlaInfo.ba","robots":{"index":"index","follow":"follow","max-snippet":"max-snippet:-1","max-image-preview":"max-image-preview:large","max-video-preview":"max-video-preview:-1"},"canonical":"https:\/\/tuzlainfo.ba\/index.php\/novosti\/item\/211945-izabrani-novi-clanovi-skupstine-fk-sloboda-jovic-predsjednik-mjesecna-clanarina-100-km\/","og_locale":"bs_BA","og_type":"article","og_title":"Izabrani novi \u010dlanovi Skup\u0161tine FK Sloboda: Jovi\u0107 predsjednik, mjese\u010dna \u010dlanarina 100 KM - TuzlaInfo.ba","og_description":"U Tuzli je u srijedu, 26. jula 2023. godine u prostorijama SKPC Mejdan odr\u017eana Redovna&hellip;","og_url":"https:\/\/tuzlainfo.ba\/index.php\/novosti\/item\/211945-izabrani-novi-clanovi-skupstine-fk-sloboda-jovic-predsjednik-mjesecna-clanarina-100-km\/","og_site_name":"TuzlaInfo.ba","article_publisher":"https:\/\/www.facebook.com\/tuzlainfo.ba\/","article_published_time":"2023-07-28T14:00:40+00:00","article_modified_time":"2023-07-28T12:57:10+00:00","og_image":[{"width":800,"height":536,"url":"https:\/\/tuzlainfo.ba\/wp-content\/uploads\/2023\/07\/2807_skupstina_fksloboda.jpg","type":"image\/jpeg"}],"author":"nedim","twitter_card":"summary_large_image","twitter_misc":{"Written by":"nedim","Est. reading time":"2 minute"},"schema":{"@context":"https:\/\/schema.org","@graph":[{"@type":"Article","@id":"https:\/\/tuzlainfo.ba\/index.php\/novosti\/item\/211945-izabrani-novi-clanovi-skupstine-fk-sloboda-jovic-predsjednik-mjesecna-clanarina-100-km\/#article","isPartOf":{"@id":"https:\/\/tuzlainfo.ba\/index.php\/novosti\/item\/211945-izabrani-novi-clanovi-skupstine-fk-sloboda-jovic-predsjednik-mjesecna-clanarina-100-km\/"},"author":{"name":"nedim","@id":"https:\/\/tuzlainfo.ba\/#\/schema\/person\/f434e20dc27ea133923aab08451b7f7f"},"headline":"Izabrani novi \u010dlanovi Skup\u0161tine FK Sloboda: Jovi\u0107 predsjednik, mjese\u010dna \u010dlanarina 100 KM","datePublished":"2023-07-28T14:00:40+00:00","dateModified":"2023-07-28T12:57:10+00:00","mainEntityOfPage":{"@id":"https:\/\/tuzlainfo.ba\/index.php\/novosti\/item\/211945-izabrani-novi-clanovi-skupstine-fk-sloboda-jovic-predsjednik-mjesecna-clanarina-100-km\/"},"wordCount":421,"commentCount":0,"publisher":{"@id":"https:\/\/tuzlainfo.ba\/#organization"},"image":{"@id":"https:\/\/tuzlainfo.ba\/index.php\/novosti\/item\/211945-izabrani-novi-clanovi-skupstine-fk-sloboda-jovic-predsjednik-mjesecna-clanarina-100-km\/#primaryimage"},"thumbnailUrl":"https:\/\/tuzlainfo.ba\/wp-content\/uploads\/2023\/07\/2807_skupstina_fksloboda.jpg","keywords":["fk sloboda","sport","sport tuzla","tuzla"],"articleSection":["Istaknuto","Novosti"],"inLanguage":"bs-BA"},{"@type":"WebPage","@id":"https:\/\/tuzlainfo.ba\/index.php\/novosti\/item\/211945-izabrani-novi-clanovi-skupstine-fk-sloboda-jovic-predsjednik-mjesecna-clanarina-100-km\/","url":"https:\/\/tuzlainfo.ba\/index.php\/novosti\/item\/211945-izabrani-novi-clanovi-skupstine-fk-sloboda-jovic-predsjednik-mjesecna-clanarina-100-km\/","name":"Izabrani novi \u010dlanovi Skup\u0161tine FK Sloboda: Jovi\u0107 predsjednik, mjese\u010dna \u010dlanarina 100 KM - TuzlaInfo.ba","isPartOf":{"@id":"https:\/\/tuzlainfo.ba\/#website"},"primaryImageOfPage":{"@id":"https:\/\/tuzlainfo.ba\/index.php\/novosti\/item\/211945-izabrani-novi-clanovi-skupstine-fk-sloboda-jovic-predsjednik-mjesecna-clanarina-100-km\/#primaryimage"},"image":{"@id":"https:\/\/tuzlainfo.ba\/index.php\/novosti\/item\/211945-izabrani-novi-clanovi-skupstine-fk-sloboda-jovic-predsjednik-mjesecna-clanarina-100-km\/#primaryimage"},"thumbnailUrl":"https:\/\/tuzlainfo.ba\/wp-content\/uploads\/2023\/07\/2807_skupstina_fksloboda.jpg","datePublished":"2023-07-28T14:00:40+00:00","dateModified":"2023-07-28T12:57:10+00:00","breadcrumb":{"@id":"https:\/\/tuzlainfo.ba\/index.php\/novosti\/item\/211945-izabrani-novi-clanovi-skupstine-fk-sloboda-jovic-predsjednik-mjesecna-clanarina-100-km\/#breadcrumb"},"inLanguage":"bs-BA","potentialAction":[{"@type":"ReadAction","target":["https:\/\/tuzlainfo.ba\/index.php\/novosti\/item\/211945-izabrani-novi-clanovi-skupstine-fk-sloboda-jovic-predsjednik-mjesecna-clanarina-100-km\/"]}]},{"@type":"ImageObject","inLanguage":"bs-BA","@id":"https:\/\/tuzlainfo.ba\/index.php\/novosti\/item\/211945-izabrani-novi-clanovi-skupstine-fk-sloboda-jovic-predsjednik-mjesecna-clanarina-100-km\/#primaryimage","url":"https:\/\/tuzlainfo.ba\/wp-content\/uploads\/2023\/07\/2807_skupstina_fksloboda.jpg","contentUrl":"https:\/\/tuzlainfo.ba\/wp-content\/uploads\/2023\/07\/2807_skupstina_fksloboda.jpg","width":800,"height":536},{"@type":"BreadcrumbList","@id":"https:\/\/tuzlainfo.ba\/index.php\/novosti\/item\/211945-izabrani-novi-clanovi-skupstine-fk-sloboda-jovic-predsjednik-mjesecna-clanarina-100-km\/#breadcrumb","itemListElement":[{"@type":"ListItem","position":1,"name":"Home","item":"https:\/\/tuzlainfo.ba\/"},{"@type":"ListItem","position":2,"name":"Izabrani novi \u010dlanovi Skup\u0161tine FK Sloboda: Jovi\u0107 predsjednik, mjese\u010dna \u010dlanarina 100 KM"}]},{"@type":"WebSite","@id":"https:\/\/tuzlainfo.ba\/#website","url":"https:\/\/tuzlainfo.ba\/","name":"TuzlaInfo.ba","description":"Tuzla info, gradski informator - Tuzla na dlanu","publisher":{"@id":"https:\/\/tuzlainfo.ba\/#organization"},"potentialAction":[{"@type":"SearchAction","target":{"@type":"EntryPoint","urlTemplate":"https:\/\/tuzlainfo.ba\/?s={search_term_string}"},"query-input":{"@type":"PropertyValueSpecification","valueRequired":true,"valueName":"search_term_string"}}],"inLanguage":"bs-BA"},{"@type":"Organization","@id":"https:\/\/tuzlainfo.ba\/#organization","name":"TuzlaInfo.ba","url":"https:\/\/tuzlainfo.ba\/","logo":{"@type":"ImageObject","inLanguage":"bs-BA","@id":"https:\/\/tuzlainfo.ba\/#\/schema\/logo\/image\/","url":"https:\/\/tuzlainfo.ba\/wp-content\/uploads\/2021\/03\/logo-ver-3-1.png","contentUrl":"https:\/\/tuzlainfo.ba\/wp-content\/uploads\/2021\/03\/logo-ver-3-1.png","width":350,"height":95,"caption":"TuzlaInfo.ba"},"image":{"@id":"https:\/\/tuzlainfo.ba\/#\/schema\/logo\/image\/"},"sameAs":["https:\/\/www.facebook.com\/tuzlainfo.ba\/"]},{"@type":"Person","@id":"https:\/\/tuzlainfo.ba\/#\/schema\/person\/f434e20dc27ea133923aab08451b7f7f","name":"nedim","image":{"@type":"ImageObject","inLanguage":"bs-BA","@id":"https:\/\/tuzlainfo.ba\/#\/schema\/person\/image\/","url":"https:\/\/tuzlainfo.ba\/wp-content\/litespeed\/avatar\/aabad687af24844af817603ac1cbdc4f.jpg?ver=1776702173","contentUrl":"https:\/\/tuzlainfo.ba\/wp-content\/litespeed\/avatar\/aabad687af24844af817603ac1cbdc4f.jpg?ver=1776702173","caption":"nedim"},"description":"Tuzlainfo.ba pratite na dru\u0161tvenim mre\u017eama: Facebook, Instagram i Youtube. Svoje pri\u010de, upite i fotografije \u0161aljite na na\u0161u e-mail adresu."}]}},"_links":{"self":[{"href":"https:\/\/tuzlainfo.ba\/index.php\/wp-json\/wp\/v2\/posts\/211945"}],"collection":[{"href":"https:\/\/tuzlainfo.ba\/index.php\/wp-json\/wp\/v2\/posts"}],"about":[{"href":"https:\/\/tuzlainfo.ba\/index.php\/wp-json\/wp\/v2\/types\/post"}],"author":[{"embeddable":true,"href":"https:\/\/tuzlainfo.ba\/index.php\/wp-json\/wp\/v2\/users\/2"}],"replies":[{"embeddable":true,"href":"https:\/\/tuzlainfo.ba\/index.php\/wp-json\/wp\/v2\/comments?post=211945"}],"version-history":[{"count":0,"href":"https:\/\/tuzlainfo.ba\/index.php\/wp-json\/wp\/v2\/posts\/211945\/revisions"}],"wp:featuredmedia":[{"embeddable":true,"href":"https:\/\/tuzlainfo.ba\/index.php\/wp-json\/wp\/v2\/media\/211946"}],"wp:attachment":[{"href":"https:\/\/tuzlainfo.ba\/index.php\/wp-json\/wp\/v2\/media?parent=211945"}],"wp:term":[{"taxonomy":"category","embeddable":true,"href":"https:\/\/tuzlainfo.ba\/index.php\/wp-json\/wp\/v2\/categories?post=211945"},{"taxonomy":"post_tag","embeddable":true,"href":"https:\/\/tuzlainfo.ba\/index.php\/wp-json\/wp\/v2\/tags?post=211945"}],"curies":[{"name":"wp","href":"https:\/\/api.w.org\/{rel}","templated":true}]}}