{"id":211882,"date":"2023-07-27T23:06:38","date_gmt":"2023-07-27T21:06:38","guid":{"rendered":"https:\/\/tuzlainfo.ba\/?p=211882"},"modified":"2023-07-27T23:06:38","modified_gmt":"2023-07-27T21:06:38","slug":"gol-u-sudijskog-nadokandi-zeljeznicar-u-paklu-grbavice-remizirao-sa-neftcijem","status":"publish","type":"post","link":"https:\/\/tuzlainfo.ba\/index.php\/bosna-i-hercegovina\/item\/211882-gol-u-sudijskog-nadokandi-zeljeznicar-u-paklu-grbavice-remizirao-sa-neftcijem\/","title":{"rendered":"Gol u sudijskog nadokandi: \u017deljezni\u010dar u paklu Grbavice remizirao sa Neftcijem"},"content":{"rendered":"<p><strong>Fudbaleri \u017deljezni\u010dara su u okviru prve utakmice drugog pretkola Konferencijske lige remizirali<\/strong><strong> sa Neftcijem 2:2.<\/strong><\/p>\n<p><strong>\u017deljezni\u010dar je poveo u 14. minuti. Meki\u0107 je sjajno ubacio, a D\u017eenan Hara\u010di\u0107 je glavom pogodio za veliko slavlje na Grbavici.\u00a0<\/strong>Udarac Jabera iz 37. minute odlazi preko gola. Gosti su poravnali u 43. minuti. Drina je oboren, glavni sudija nije svirao prekr\u0161aj, a u nastavku akcije Lebon poga\u0111a na\u0161 gol. Saief u 47. minuti izlazi pred na\u0161 gol, iskosa \u0161utira pored gola.\u00a0<strong>Plavi do novog vodstva dolaze u devetoj minuti sudijske nadoknade. Nakon lijepe akcije Amoah poga\u0111a za 2:1.<\/strong><\/p>\n<p>U 47. minuti Neftci je imao veliku \u0161ansu nakon indirekta, ali je Mulali\u0107 hrabro spasio na\u0161 tim. Dvije minute poslije Krpi\u0107 krade loptu Brki\u0107u, \u0161utira iskosa, ali golman Neftcija sjajno reaguje. U 62. minuti Lebon iskosa sam neometan prihvata loptu, \u0161utira, ali Mulali\u0107 sjajno brani u korner. Mulali\u0107 jo\u0161 jednom dobro reaguje u 70. minuti kada je zaustavio udarac Lebona.\u00a0<strong>U \u0161estoj minuti nadoknade Neftci dolazi do poravnanja. Gol je postigao Hajiyev.<\/strong><\/p>\n<p><strong>Narednu utakmicu \u017deljezni\u010dar igra u \u010detvrtak u Bakuu protiv Neftcija. Susret 1. kola Premijer lige protiv Igmana je odgo\u0111en.<\/strong><\/p>\n","protected":false},"excerpt":{"rendered":"<p>Fudbaleri \u017deljezni\u010dara su u okviru prve utakmice drugog pretkola Konferencijske lige remizirali sa Neftcijem 2:2.&hellip;<\/p>\n","protected":false},"author":2,"featured_media":211883,"comment_status":"open","ping_status":"closed","sticky":false,"template":"","format":"standard","meta":{"_acf_changed":false,"footnotes":""},"categories":[291],"tags":[1944,915],"acf":[],"yoast_head":"<!-- This site is optimized with the Yoast SEO plugin v23.5 - https:\/\/yoast.com\/wordpress\/plugins\/seo\/ -->\n<title>Gol u sudijskog nadokandi: \u017deljezni\u010dar u paklu Grbavice remizirao sa Neftcijem - TuzlaInfo.ba<\/title>\n<meta name=\"robots\" content=\"index, follow, max-snippet:-1, max-image-preview:large, max-video-preview:-1\" \/>\n<link rel=\"canonical\" href=\"https:\/\/tuzlainfo.ba\/index.php\/bosna-i-hercegovina\/item\/211882-gol-u-sudijskog-nadokandi-zeljeznicar-u-paklu-grbavice-remizirao-sa-neftcijem\/\" \/>\n<meta property=\"og:locale\" content=\"bs_BA\" \/>\n<meta property=\"og:type\" content=\"article\" \/>\n<meta property=\"og:title\" content=\"Gol u sudijskog nadokandi: \u017deljezni\u010dar u paklu Grbavice remizirao sa Neftcijem - TuzlaInfo.ba\" \/>\n<meta property=\"og:description\" content=\"Fudbaleri \u017deljezni\u010dara su u okviru prve utakmice drugog pretkola Konferencijske lige remizirali sa Neftcijem 2:2.&hellip;\" \/>\n<meta property=\"og:url\" content=\"https:\/\/tuzlainfo.ba\/index.php\/bosna-i-hercegovina\/item\/211882-gol-u-sudijskog-nadokandi-zeljeznicar-u-paklu-grbavice-remizirao-sa-neftcijem\/\" \/>\n<meta property=\"og:site_name\" content=\"TuzlaInfo.ba\" \/>\n<meta property=\"article:publisher\" content=\"https:\/\/www.facebook.com\/tuzlainfo.ba\/\" \/>\n<meta property=\"article:published_time\" content=\"2023-07-27T21:06:38+00:00\" \/>\n<meta property=\"og:image\" content=\"https:\/\/tuzlainfo.ba\/wp-content\/uploads\/2023\/07\/2707_zeljeznicar_nefci.jpg\" \/>\n\t<meta property=\"og:image:width\" content=\"800\" \/>\n\t<meta property=\"og:image:height\" content=\"532\" \/>\n\t<meta property=\"og:image:type\" content=\"image\/jpeg\" \/>\n<meta name=\"author\" content=\"nedim\" \/>\n<meta name=\"twitter:card\" content=\"summary_large_image\" \/>\n<meta name=\"twitter:label1\" content=\"Written by\" \/>\n\t<meta name=\"twitter:data1\" content=\"nedim\" \/>\n\t<meta name=\"twitter:label2\" content=\"Est. reading time\" \/>\n\t<meta name=\"twitter:data2\" content=\"1 minuta\" \/>\n<script type=\"application\/ld+json\" class=\"yoast-schema-graph\">{\"@context\":\"https:\/\/schema.org\",\"@graph\":[{\"@type\":\"Article\",\"@id\":\"https:\/\/tuzlainfo.ba\/index.php\/bosna-i-hercegovina\/item\/211882-gol-u-sudijskog-nadokandi-zeljeznicar-u-paklu-grbavice-remizirao-sa-neftcijem\/#article\",\"isPartOf\":{\"@id\":\"https:\/\/tuzlainfo.ba\/index.php\/bosna-i-hercegovina\/item\/211882-gol-u-sudijskog-nadokandi-zeljeznicar-u-paklu-grbavice-remizirao-sa-neftcijem\/\"},\"author\":{\"name\":\"nedim\",\"@id\":\"https:\/\/tuzlainfo.ba\/#\/schema\/person\/f434e20dc27ea133923aab08451b7f7f\"},\"headline\":\"Gol u sudijskog nadokandi: \u017deljezni\u010dar u paklu Grbavice remizirao sa Neftcijem\",\"datePublished\":\"2023-07-27T21:06:38+00:00\",\"dateModified\":\"2023-07-27T21:06:38+00:00\",\"mainEntityOfPage\":{\"@id\":\"https:\/\/tuzlainfo.ba\/index.php\/bosna-i-hercegovina\/item\/211882-gol-u-sudijskog-nadokandi-zeljeznicar-u-paklu-grbavice-remizirao-sa-neftcijem\/\"},\"wordCount\":198,\"commentCount\":0,\"publisher\":{\"@id\":\"https:\/\/tuzlainfo.ba\/#organization\"},\"image\":{\"@id\":\"https:\/\/tuzlainfo.ba\/index.php\/bosna-i-hercegovina\/item\/211882-gol-u-sudijskog-nadokandi-zeljeznicar-u-paklu-grbavice-remizirao-sa-neftcijem\/#primaryimage\"},\"thumbnailUrl\":\"https:\/\/tuzlainfo.ba\/wp-content\/uploads\/2023\/07\/2707_zeljeznicar_nefci.jpg\",\"keywords\":[\"fk \u017eeljezni\u010dar\",\"sport\"],\"articleSection\":[\"Bosna i Hercegovina\"],\"inLanguage\":\"bs-BA\"},{\"@type\":\"WebPage\",\"@id\":\"https:\/\/tuzlainfo.ba\/index.php\/bosna-i-hercegovina\/item\/211882-gol-u-sudijskog-nadokandi-zeljeznicar-u-paklu-grbavice-remizirao-sa-neftcijem\/\",\"url\":\"https:\/\/tuzlainfo.ba\/index.php\/bosna-i-hercegovina\/item\/211882-gol-u-sudijskog-nadokandi-zeljeznicar-u-paklu-grbavice-remizirao-sa-neftcijem\/\",\"name\":\"Gol u sudijskog nadokandi: \u017deljezni\u010dar u paklu Grbavice remizirao sa Neftcijem - TuzlaInfo.ba\",\"isPartOf\":{\"@id\":\"https:\/\/tuzlainfo.ba\/#website\"},\"primaryImageOfPage\":{\"@id\":\"https:\/\/tuzlainfo.ba\/index.php\/bosna-i-hercegovina\/item\/211882-gol-u-sudijskog-nadokandi-zeljeznicar-u-paklu-grbavice-remizirao-sa-neftcijem\/#primaryimage\"},\"image\":{\"@id\":\"https:\/\/tuzlainfo.ba\/index.php\/bosna-i-hercegovina\/item\/211882-gol-u-sudijskog-nadokandi-zeljeznicar-u-paklu-grbavice-remizirao-sa-neftcijem\/#primaryimage\"},\"thumbnailUrl\":\"https:\/\/tuzlainfo.ba\/wp-content\/uploads\/2023\/07\/2707_zeljeznicar_nefci.jpg\",\"datePublished\":\"2023-07-27T21:06:38+00:00\",\"dateModified\":\"2023-07-27T21:06:38+00:00\",\"breadcrumb\":{\"@id\":\"https:\/\/tuzlainfo.ba\/index.php\/bosna-i-hercegovina\/item\/211882-gol-u-sudijskog-nadokandi-zeljeznicar-u-paklu-grbavice-remizirao-sa-neftcijem\/#breadcrumb\"},\"inLanguage\":\"bs-BA\",\"potentialAction\":[{\"@type\":\"ReadAction\",\"target\":[\"https:\/\/tuzlainfo.ba\/index.php\/bosna-i-hercegovina\/item\/211882-gol-u-sudijskog-nadokandi-zeljeznicar-u-paklu-grbavice-remizirao-sa-neftcijem\/\"]}]},{\"@type\":\"ImageObject\",\"inLanguage\":\"bs-BA\",\"@id\":\"https:\/\/tuzlainfo.ba\/index.php\/bosna-i-hercegovina\/item\/211882-gol-u-sudijskog-nadokandi-zeljeznicar-u-paklu-grbavice-remizirao-sa-neftcijem\/#primaryimage\",\"url\":\"https:\/\/tuzlainfo.ba\/wp-content\/uploads\/2023\/07\/2707_zeljeznicar_nefci.jpg\",\"contentUrl\":\"https:\/\/tuzlainfo.ba\/wp-content\/uploads\/2023\/07\/2707_zeljeznicar_nefci.jpg\",\"width\":800,\"height\":532,\"caption\":\"Foto: Damir Hajdarba\u0161i\u0107, www.fkz.ba\"},{\"@type\":\"BreadcrumbList\",\"@id\":\"https:\/\/tuzlainfo.ba\/index.php\/bosna-i-hercegovina\/item\/211882-gol-u-sudijskog-nadokandi-zeljeznicar-u-paklu-grbavice-remizirao-sa-neftcijem\/#breadcrumb\",\"itemListElement\":[{\"@type\":\"ListItem\",\"position\":1,\"name\":\"Home\",\"item\":\"https:\/\/tuzlainfo.ba\/\"},{\"@type\":\"ListItem\",\"position\":2,\"name\":\"Gol u sudijskog nadokandi: \u017deljezni\u010dar u paklu Grbavice remizirao sa Neftcijem\"}]},{\"@type\":\"WebSite\",\"@id\":\"https:\/\/tuzlainfo.ba\/#website\",\"url\":\"https:\/\/tuzlainfo.ba\/\",\"name\":\"TuzlaInfo.ba\",\"description\":\"Tuzla info, gradski informator - Tuzla na dlanu\",\"publisher\":{\"@id\":\"https:\/\/tuzlainfo.ba\/#organization\"},\"potentialAction\":[{\"@type\":\"SearchAction\",\"target\":{\"@type\":\"EntryPoint\",\"urlTemplate\":\"https:\/\/tuzlainfo.ba\/?s={search_term_string}\"},\"query-input\":{\"@type\":\"PropertyValueSpecification\",\"valueRequired\":true,\"valueName\":\"search_term_string\"}}],\"inLanguage\":\"bs-BA\"},{\"@type\":\"Organization\",\"@id\":\"https:\/\/tuzlainfo.ba\/#organization\",\"name\":\"TuzlaInfo.ba\",\"url\":\"https:\/\/tuzlainfo.ba\/\",\"logo\":{\"@type\":\"ImageObject\",\"inLanguage\":\"bs-BA\",\"@id\":\"https:\/\/tuzlainfo.ba\/#\/schema\/logo\/image\/\",\"url\":\"https:\/\/tuzlainfo.ba\/wp-content\/uploads\/2021\/03\/logo-ver-3-1.png\",\"contentUrl\":\"https:\/\/tuzlainfo.ba\/wp-content\/uploads\/2021\/03\/logo-ver-3-1.png\",\"width\":350,\"height\":95,\"caption\":\"TuzlaInfo.ba\"},\"image\":{\"@id\":\"https:\/\/tuzlainfo.ba\/#\/schema\/logo\/image\/\"},\"sameAs\":[\"https:\/\/www.facebook.com\/tuzlainfo.ba\/\"]},{\"@type\":\"Person\",\"@id\":\"https:\/\/tuzlainfo.ba\/#\/schema\/person\/f434e20dc27ea133923aab08451b7f7f\",\"name\":\"nedim\",\"image\":{\"@type\":\"ImageObject\",\"inLanguage\":\"bs-BA\",\"@id\":\"https:\/\/tuzlainfo.ba\/#\/schema\/person\/image\/\",\"url\":\"https:\/\/tuzlainfo.ba\/wp-content\/litespeed\/avatar\/aabad687af24844af817603ac1cbdc4f.jpg?ver=1776702173\",\"contentUrl\":\"https:\/\/tuzlainfo.ba\/wp-content\/litespeed\/avatar\/aabad687af24844af817603ac1cbdc4f.jpg?ver=1776702173\",\"caption\":\"nedim\"},\"description\":\"Tuzlainfo.ba pratite na dru\u0161tvenim mre\u017eama: Facebook, Instagram i Youtube. Svoje pri\u010de, upite i fotografije \u0161aljite na na\u0161u e-mail adresu.\"}]}<\/script>\n<!-- \/ Yoast SEO plugin. -->","yoast_head_json":{"title":"Gol u sudijskog nadokandi: \u017deljezni\u010dar u paklu Grbavice remizirao sa Neftcijem - TuzlaInfo.ba","robots":{"index":"index","follow":"follow","max-snippet":"max-snippet:-1","max-image-preview":"max-image-preview:large","max-video-preview":"max-video-preview:-1"},"canonical":"https:\/\/tuzlainfo.ba\/index.php\/bosna-i-hercegovina\/item\/211882-gol-u-sudijskog-nadokandi-zeljeznicar-u-paklu-grbavice-remizirao-sa-neftcijem\/","og_locale":"bs_BA","og_type":"article","og_title":"Gol u sudijskog nadokandi: \u017deljezni\u010dar u paklu Grbavice remizirao sa Neftcijem - TuzlaInfo.ba","og_description":"Fudbaleri \u017deljezni\u010dara su u okviru prve utakmice drugog pretkola Konferencijske lige remizirali sa Neftcijem 2:2.&hellip;","og_url":"https:\/\/tuzlainfo.ba\/index.php\/bosna-i-hercegovina\/item\/211882-gol-u-sudijskog-nadokandi-zeljeznicar-u-paklu-grbavice-remizirao-sa-neftcijem\/","og_site_name":"TuzlaInfo.ba","article_publisher":"https:\/\/www.facebook.com\/tuzlainfo.ba\/","article_published_time":"2023-07-27T21:06:38+00:00","og_image":[{"width":800,"height":532,"url":"https:\/\/tuzlainfo.ba\/wp-content\/uploads\/2023\/07\/2707_zeljeznicar_nefci.jpg","type":"image\/jpeg"}],"author":"nedim","twitter_card":"summary_large_image","twitter_misc":{"Written by":"nedim","Est. reading time":"1 minuta"},"schema":{"@context":"https:\/\/schema.org","@graph":[{"@type":"Article","@id":"https:\/\/tuzlainfo.ba\/index.php\/bosna-i-hercegovina\/item\/211882-gol-u-sudijskog-nadokandi-zeljeznicar-u-paklu-grbavice-remizirao-sa-neftcijem\/#article","isPartOf":{"@id":"https:\/\/tuzlainfo.ba\/index.php\/bosna-i-hercegovina\/item\/211882-gol-u-sudijskog-nadokandi-zeljeznicar-u-paklu-grbavice-remizirao-sa-neftcijem\/"},"author":{"name":"nedim","@id":"https:\/\/tuzlainfo.ba\/#\/schema\/person\/f434e20dc27ea133923aab08451b7f7f"},"headline":"Gol u sudijskog nadokandi: \u017deljezni\u010dar u paklu Grbavice remizirao sa Neftcijem","datePublished":"2023-07-27T21:06:38+00:00","dateModified":"2023-07-27T21:06:38+00:00","mainEntityOfPage":{"@id":"https:\/\/tuzlainfo.ba\/index.php\/bosna-i-hercegovina\/item\/211882-gol-u-sudijskog-nadokandi-zeljeznicar-u-paklu-grbavice-remizirao-sa-neftcijem\/"},"wordCount":198,"commentCount":0,"publisher":{"@id":"https:\/\/tuzlainfo.ba\/#organization"},"image":{"@id":"https:\/\/tuzlainfo.ba\/index.php\/bosna-i-hercegovina\/item\/211882-gol-u-sudijskog-nadokandi-zeljeznicar-u-paklu-grbavice-remizirao-sa-neftcijem\/#primaryimage"},"thumbnailUrl":"https:\/\/tuzlainfo.ba\/wp-content\/uploads\/2023\/07\/2707_zeljeznicar_nefci.jpg","keywords":["fk \u017eeljezni\u010dar","sport"],"articleSection":["Bosna i Hercegovina"],"inLanguage":"bs-BA"},{"@type":"WebPage","@id":"https:\/\/tuzlainfo.ba\/index.php\/bosna-i-hercegovina\/item\/211882-gol-u-sudijskog-nadokandi-zeljeznicar-u-paklu-grbavice-remizirao-sa-neftcijem\/","url":"https:\/\/tuzlainfo.ba\/index.php\/bosna-i-hercegovina\/item\/211882-gol-u-sudijskog-nadokandi-zeljeznicar-u-paklu-grbavice-remizirao-sa-neftcijem\/","name":"Gol u sudijskog nadokandi: \u017deljezni\u010dar u paklu Grbavice remizirao sa Neftcijem - TuzlaInfo.ba","isPartOf":{"@id":"https:\/\/tuzlainfo.ba\/#website"},"primaryImageOfPage":{"@id":"https:\/\/tuzlainfo.ba\/index.php\/bosna-i-hercegovina\/item\/211882-gol-u-sudijskog-nadokandi-zeljeznicar-u-paklu-grbavice-remizirao-sa-neftcijem\/#primaryimage"},"image":{"@id":"https:\/\/tuzlainfo.ba\/index.php\/bosna-i-hercegovina\/item\/211882-gol-u-sudijskog-nadokandi-zeljeznicar-u-paklu-grbavice-remizirao-sa-neftcijem\/#primaryimage"},"thumbnailUrl":"https:\/\/tuzlainfo.ba\/wp-content\/uploads\/2023\/07\/2707_zeljeznicar_nefci.jpg","datePublished":"2023-07-27T21:06:38+00:00","dateModified":"2023-07-27T21:06:38+00:00","breadcrumb":{"@id":"https:\/\/tuzlainfo.ba\/index.php\/bosna-i-hercegovina\/item\/211882-gol-u-sudijskog-nadokandi-zeljeznicar-u-paklu-grbavice-remizirao-sa-neftcijem\/#breadcrumb"},"inLanguage":"bs-BA","potentialAction":[{"@type":"ReadAction","target":["https:\/\/tuzlainfo.ba\/index.php\/bosna-i-hercegovina\/item\/211882-gol-u-sudijskog-nadokandi-zeljeznicar-u-paklu-grbavice-remizirao-sa-neftcijem\/"]}]},{"@type":"ImageObject","inLanguage":"bs-BA","@id":"https:\/\/tuzlainfo.ba\/index.php\/bosna-i-hercegovina\/item\/211882-gol-u-sudijskog-nadokandi-zeljeznicar-u-paklu-grbavice-remizirao-sa-neftcijem\/#primaryimage","url":"https:\/\/tuzlainfo.ba\/wp-content\/uploads\/2023\/07\/2707_zeljeznicar_nefci.jpg","contentUrl":"https:\/\/tuzlainfo.ba\/wp-content\/uploads\/2023\/07\/2707_zeljeznicar_nefci.jpg","width":800,"height":532,"caption":"Foto: Damir Hajdarba\u0161i\u0107, www.fkz.ba"},{"@type":"BreadcrumbList","@id":"https:\/\/tuzlainfo.ba\/index.php\/bosna-i-hercegovina\/item\/211882-gol-u-sudijskog-nadokandi-zeljeznicar-u-paklu-grbavice-remizirao-sa-neftcijem\/#breadcrumb","itemListElement":[{"@type":"ListItem","position":1,"name":"Home","item":"https:\/\/tuzlainfo.ba\/"},{"@type":"ListItem","position":2,"name":"Gol u sudijskog nadokandi: \u017deljezni\u010dar u paklu Grbavice remizirao sa Neftcijem"}]},{"@type":"WebSite","@id":"https:\/\/tuzlainfo.ba\/#website","url":"https:\/\/tuzlainfo.ba\/","name":"TuzlaInfo.ba","description":"Tuzla info, gradski informator - Tuzla na dlanu","publisher":{"@id":"https:\/\/tuzlainfo.ba\/#organization"},"potentialAction":[{"@type":"SearchAction","target":{"@type":"EntryPoint","urlTemplate":"https:\/\/tuzlainfo.ba\/?s={search_term_string}"},"query-input":{"@type":"PropertyValueSpecification","valueRequired":true,"valueName":"search_term_string"}}],"inLanguage":"bs-BA"},{"@type":"Organization","@id":"https:\/\/tuzlainfo.ba\/#organization","name":"TuzlaInfo.ba","url":"https:\/\/tuzlainfo.ba\/","logo":{"@type":"ImageObject","inLanguage":"bs-BA","@id":"https:\/\/tuzlainfo.ba\/#\/schema\/logo\/image\/","url":"https:\/\/tuzlainfo.ba\/wp-content\/uploads\/2021\/03\/logo-ver-3-1.png","contentUrl":"https:\/\/tuzlainfo.ba\/wp-content\/uploads\/2021\/03\/logo-ver-3-1.png","width":350,"height":95,"caption":"TuzlaInfo.ba"},"image":{"@id":"https:\/\/tuzlainfo.ba\/#\/schema\/logo\/image\/"},"sameAs":["https:\/\/www.facebook.com\/tuzlainfo.ba\/"]},{"@type":"Person","@id":"https:\/\/tuzlainfo.ba\/#\/schema\/person\/f434e20dc27ea133923aab08451b7f7f","name":"nedim","image":{"@type":"ImageObject","inLanguage":"bs-BA","@id":"https:\/\/tuzlainfo.ba\/#\/schema\/person\/image\/","url":"https:\/\/tuzlainfo.ba\/wp-content\/litespeed\/avatar\/aabad687af24844af817603ac1cbdc4f.jpg?ver=1776702173","contentUrl":"https:\/\/tuzlainfo.ba\/wp-content\/litespeed\/avatar\/aabad687af24844af817603ac1cbdc4f.jpg?ver=1776702173","caption":"nedim"},"description":"Tuzlainfo.ba pratite na dru\u0161tvenim mre\u017eama: Facebook, Instagram i Youtube. Svoje pri\u010de, upite i fotografije \u0161aljite na na\u0161u e-mail adresu."}]}},"_links":{"self":[{"href":"https:\/\/tuzlainfo.ba\/index.php\/wp-json\/wp\/v2\/posts\/211882"}],"collection":[{"href":"https:\/\/tuzlainfo.ba\/index.php\/wp-json\/wp\/v2\/posts"}],"about":[{"href":"https:\/\/tuzlainfo.ba\/index.php\/wp-json\/wp\/v2\/types\/post"}],"author":[{"embeddable":true,"href":"https:\/\/tuzlainfo.ba\/index.php\/wp-json\/wp\/v2\/users\/2"}],"replies":[{"embeddable":true,"href":"https:\/\/tuzlainfo.ba\/index.php\/wp-json\/wp\/v2\/comments?post=211882"}],"version-history":[{"count":0,"href":"https:\/\/tuzlainfo.ba\/index.php\/wp-json\/wp\/v2\/posts\/211882\/revisions"}],"wp:featuredmedia":[{"embeddable":true,"href":"https:\/\/tuzlainfo.ba\/index.php\/wp-json\/wp\/v2\/media\/211883"}],"wp:attachment":[{"href":"https:\/\/tuzlainfo.ba\/index.php\/wp-json\/wp\/v2\/media?parent=211882"}],"wp:term":[{"taxonomy":"category","embeddable":true,"href":"https:\/\/tuzlainfo.ba\/index.php\/wp-json\/wp\/v2\/categories?post=211882"},{"taxonomy":"post_tag","embeddable":true,"href":"https:\/\/tuzlainfo.ba\/index.php\/wp-json\/wp\/v2\/tags?post=211882"}],"curies":[{"name":"wp","href":"https:\/\/api.w.org\/{rel}","templated":true}]}}