{"id":211706,"date":"2023-07-26T16:04:02","date_gmt":"2023-07-26T14:04:02","guid":{"rendered":"https:\/\/tuzlainfo.ba\/?p=211706"},"modified":"2023-07-26T15:30:45","modified_gmt":"2023-07-26T13:30:45","slug":"tuzlanskom-kantonu-doznacen-dio-sredstava-za-uklanjanje-otpada-iz-hak-a","status":"publish","type":"post","link":"https:\/\/tuzlainfo.ba\/index.php\/novosti\/item\/211706-tuzlanskom-kantonu-doznacen-dio-sredstava-za-uklanjanje-otpada-iz-hak-a\/","title":{"rendered":"Tuzlanskom kantonu dozna\u010den dio sredstava za uklanjanje otpada iz HAK-a"},"content":{"rendered":"<p>Ministrica prostornog ure\u0111enja i za\u0161tite okolice Tuzlanskog kantona Anela Aj\u0161i\u0107 razgovarala je danas sa federalnom ministricom okoli\u0161a i turizma Nasihom Pozder o problemima velikih zaga\u0111iva\u010da, nedovoljnom inspekcijskom nadzoru te uredbi o nadle\u017enosti izdavanja okolinskih dozvola. Klju\u010dnom temom, me\u0111utim, pokazala se informacija da je Ministarstvo okoli\u0161a i turizma FBiH Tuzlanskom kantonu dozna\u010dilo polovinu sredstava za otklanjanje opasnog otpada iz \u201eHAK-a\u201c.<\/p>\n<p>Prema rije\u010dima ministrice Aj\u0161i\u0107, upla\u0107en je milion KM.<\/p>\n<p>\u201ePrije par dana upla\u0107ena su sredstva u na\u0161 trezor u vrijednosti od 1 milion KM tako da nam ve\u0107 te\u010de rok za implementaciju ugovora koji smo potpisali u martu mjesecu teku\u0107e godine. Ministarstvo prostornog ure\u0111enja i za\u0161tite okolice Tuzlanskog kantona ve\u0107 je zapo\u010delo proceduru i na\u010dinilo korake koji su neophodni da bi se ubrzao taj proces. Tako da \u0107emo u \u0161to kra\u0107em roku imati i realizaciju za uklanjanje opasnog materijala na podru\u010dju HAK-a\u201c, kazala je ministrica Aj\u0161i\u0107.<\/p>\n<p>Tema za\u0161ti\u0107enih podru\u010dja TK i progla\u0161enje novih dijelova za\u0161ti\u0107enim podru\u010djima je dio razgovora koji je prihva\u0107en kao aktuelan u momentu kada se razgovara o Zakonu o progla\u0161enju planine Konjuh za\u0161ti\u0107enim pejza\u017eem i elaboratu o osnivanju JU.\u00a0 Dilema oko nadle\u017enosti za izdavanje okolinskih dozvola, za koje je odnedavno Uredbom odgovorno Federalno ministarstvo, tako\u0111er je bila tema dana\u0161njeg sastanka.<\/p>\n<p>\u201eMi smo prije toga kada je dono\u0161ena uredba bili aktivno uklju\u010deni i imali odre\u0111ene zahtjeve koji imaju za cilj efikasniju primjenu na podru\u010dju TK. Dobili smo informaciju da je planiran i sastanak u federalnom ministarstvu \u00a0sa svim kantonalnim ministrima o toj temi.\u201c, kazala je ministrica Aj\u0161i\u0107.<\/p>\n<p>Na sastanku je bilo rije\u010di i o velikim zaga\u0111iva\u010dima koji se nalaze na podru\u010dju TK a za \u010dije okolinske dozvole je nadle\u017eno Federalno ministarstvo. Zajedni\u010dkim djelovanjem, re\u010deno je, treba uticati na velike zaga\u0111iva\u010de kako bi se smanjilo zaga\u0111enje.<\/p>\n","protected":false},"excerpt":{"rendered":"<p>Ministrica prostornog ure\u0111enja i za\u0161tite okolice Tuzlanskog kantona Anela Aj\u0161i\u0107 razgovarala je danas sa federalnom&hellip;<\/p>\n","protected":false},"author":4,"featured_media":175043,"comment_status":"open","ping_status":"closed","sticky":false,"template":"","format":"standard","meta":{"_acf_changed":false,"footnotes":""},"categories":[304,12],"tags":[955,7716,42,6647],"acf":[],"yoast_head":"<!-- This site is optimized with the Yoast SEO plugin v23.5 - https:\/\/yoast.com\/wordpress\/plugins\/seo\/ -->\n<title>Tuzlanskom kantonu dozna\u010den dio sredstava za uklanjanje otpada iz HAK-a - TuzlaInfo.ba<\/title>\n<meta name=\"robots\" content=\"index, follow, max-snippet:-1, max-image-preview:large, max-video-preview:-1\" \/>\n<link rel=\"canonical\" href=\"https:\/\/tuzlainfo.ba\/index.php\/novosti\/item\/211706-tuzlanskom-kantonu-doznacen-dio-sredstava-za-uklanjanje-otpada-iz-hak-a\/\" \/>\n<meta property=\"og:locale\" content=\"bs_BA\" \/>\n<meta property=\"og:type\" content=\"article\" \/>\n<meta property=\"og:title\" content=\"Tuzlanskom kantonu dozna\u010den dio sredstava za uklanjanje otpada iz HAK-a - TuzlaInfo.ba\" \/>\n<meta property=\"og:description\" content=\"Ministrica prostornog ure\u0111enja i za\u0161tite okolice Tuzlanskog kantona Anela Aj\u0161i\u0107 razgovarala je danas sa federalnom&hellip;\" \/>\n<meta property=\"og:url\" content=\"https:\/\/tuzlainfo.ba\/index.php\/novosti\/item\/211706-tuzlanskom-kantonu-doznacen-dio-sredstava-za-uklanjanje-otpada-iz-hak-a\/\" \/>\n<meta property=\"og:site_name\" content=\"TuzlaInfo.ba\" \/>\n<meta property=\"article:publisher\" content=\"https:\/\/www.facebook.com\/tuzlainfo.ba\/\" \/>\n<meta property=\"article:published_time\" content=\"2023-07-26T14:04:02+00:00\" \/>\n<meta property=\"article:modified_time\" content=\"2023-07-26T13:30:45+00:00\" \/>\n<meta property=\"og:image\" content=\"https:\/\/tuzlainfo.ba\/wp-content\/uploads\/2022\/06\/hak-2.jpg\" \/>\n\t<meta property=\"og:image:width\" content=\"1734\" \/>\n\t<meta property=\"og:image:height\" content=\"1302\" \/>\n\t<meta property=\"og:image:type\" content=\"image\/jpeg\" \/>\n<meta name=\"author\" content=\"Tuzla Info\" \/>\n<meta name=\"twitter:card\" content=\"summary_large_image\" \/>\n<meta name=\"twitter:label1\" content=\"Written by\" \/>\n\t<meta name=\"twitter:data1\" content=\"Tuzla Info\" \/>\n\t<meta name=\"twitter:label2\" content=\"Est. reading time\" \/>\n\t<meta name=\"twitter:data2\" content=\"2 minute\" \/>\n<script type=\"application\/ld+json\" class=\"yoast-schema-graph\">{\"@context\":\"https:\/\/schema.org\",\"@graph\":[{\"@type\":\"Article\",\"@id\":\"https:\/\/tuzlainfo.ba\/index.php\/novosti\/item\/211706-tuzlanskom-kantonu-doznacen-dio-sredstava-za-uklanjanje-otpada-iz-hak-a\/#article\",\"isPartOf\":{\"@id\":\"https:\/\/tuzlainfo.ba\/index.php\/novosti\/item\/211706-tuzlanskom-kantonu-doznacen-dio-sredstava-za-uklanjanje-otpada-iz-hak-a\/\"},\"author\":{\"name\":\"Tuzla Info\",\"@id\":\"https:\/\/tuzlainfo.ba\/#\/schema\/person\/46cad4c57790cbc50781edd14870825a\"},\"headline\":\"Tuzlanskom kantonu dozna\u010den dio sredstava za uklanjanje otpada iz HAK-a\",\"datePublished\":\"2023-07-26T14:04:02+00:00\",\"dateModified\":\"2023-07-26T13:30:45+00:00\",\"mainEntityOfPage\":{\"@id\":\"https:\/\/tuzlainfo.ba\/index.php\/novosti\/item\/211706-tuzlanskom-kantonu-doznacen-dio-sredstava-za-uklanjanje-otpada-iz-hak-a\/\"},\"wordCount\":349,\"commentCount\":0,\"publisher\":{\"@id\":\"https:\/\/tuzlainfo.ba\/#organization\"},\"image\":{\"@id\":\"https:\/\/tuzlainfo.ba\/index.php\/novosti\/item\/211706-tuzlanskom-kantonu-doznacen-dio-sredstava-za-uklanjanje-otpada-iz-hak-a\/#primaryimage\"},\"thumbnailUrl\":\"https:\/\/tuzlainfo.ba\/wp-content\/uploads\/2022\/06\/hak-2.jpg\",\"keywords\":[\"hak\",\"opasni otpad\",\"tuzla\",\"tuzlanski portal\"],\"articleSection\":[\"Istaknuto\",\"Novosti\"],\"inLanguage\":\"bs-BA\"},{\"@type\":\"WebPage\",\"@id\":\"https:\/\/tuzlainfo.ba\/index.php\/novosti\/item\/211706-tuzlanskom-kantonu-doznacen-dio-sredstava-za-uklanjanje-otpada-iz-hak-a\/\",\"url\":\"https:\/\/tuzlainfo.ba\/index.php\/novosti\/item\/211706-tuzlanskom-kantonu-doznacen-dio-sredstava-za-uklanjanje-otpada-iz-hak-a\/\",\"name\":\"Tuzlanskom kantonu dozna\u010den dio sredstava za uklanjanje otpada iz HAK-a - TuzlaInfo.ba\",\"isPartOf\":{\"@id\":\"https:\/\/tuzlainfo.ba\/#website\"},\"primaryImageOfPage\":{\"@id\":\"https:\/\/tuzlainfo.ba\/index.php\/novosti\/item\/211706-tuzlanskom-kantonu-doznacen-dio-sredstava-za-uklanjanje-otpada-iz-hak-a\/#primaryimage\"},\"image\":{\"@id\":\"https:\/\/tuzlainfo.ba\/index.php\/novosti\/item\/211706-tuzlanskom-kantonu-doznacen-dio-sredstava-za-uklanjanje-otpada-iz-hak-a\/#primaryimage\"},\"thumbnailUrl\":\"https:\/\/tuzlainfo.ba\/wp-content\/uploads\/2022\/06\/hak-2.jpg\",\"datePublished\":\"2023-07-26T14:04:02+00:00\",\"dateModified\":\"2023-07-26T13:30:45+00:00\",\"breadcrumb\":{\"@id\":\"https:\/\/tuzlainfo.ba\/index.php\/novosti\/item\/211706-tuzlanskom-kantonu-doznacen-dio-sredstava-za-uklanjanje-otpada-iz-hak-a\/#breadcrumb\"},\"inLanguage\":\"bs-BA\",\"potentialAction\":[{\"@type\":\"ReadAction\",\"target\":[\"https:\/\/tuzlainfo.ba\/index.php\/novosti\/item\/211706-tuzlanskom-kantonu-doznacen-dio-sredstava-za-uklanjanje-otpada-iz-hak-a\/\"]}]},{\"@type\":\"ImageObject\",\"inLanguage\":\"bs-BA\",\"@id\":\"https:\/\/tuzlainfo.ba\/index.php\/novosti\/item\/211706-tuzlanskom-kantonu-doznacen-dio-sredstava-za-uklanjanje-otpada-iz-hak-a\/#primaryimage\",\"url\":\"https:\/\/tuzlainfo.ba\/wp-content\/uploads\/2022\/06\/hak-2.jpg\",\"contentUrl\":\"https:\/\/tuzlainfo.ba\/wp-content\/uploads\/2022\/06\/hak-2.jpg\",\"width\":1734,\"height\":1302,\"caption\":\"Foto: Tuzlainfo\"},{\"@type\":\"BreadcrumbList\",\"@id\":\"https:\/\/tuzlainfo.ba\/index.php\/novosti\/item\/211706-tuzlanskom-kantonu-doznacen-dio-sredstava-za-uklanjanje-otpada-iz-hak-a\/#breadcrumb\",\"itemListElement\":[{\"@type\":\"ListItem\",\"position\":1,\"name\":\"Home\",\"item\":\"https:\/\/tuzlainfo.ba\/\"},{\"@type\":\"ListItem\",\"position\":2,\"name\":\"Tuzlanskom kantonu dozna\u010den dio sredstava za uklanjanje otpada iz HAK-a\"}]},{\"@type\":\"WebSite\",\"@id\":\"https:\/\/tuzlainfo.ba\/#website\",\"url\":\"https:\/\/tuzlainfo.ba\/\",\"name\":\"TuzlaInfo.ba\",\"description\":\"Tuzla info, gradski informator - Tuzla na dlanu\",\"publisher\":{\"@id\":\"https:\/\/tuzlainfo.ba\/#organization\"},\"potentialAction\":[{\"@type\":\"SearchAction\",\"target\":{\"@type\":\"EntryPoint\",\"urlTemplate\":\"https:\/\/tuzlainfo.ba\/?s={search_term_string}\"},\"query-input\":{\"@type\":\"PropertyValueSpecification\",\"valueRequired\":true,\"valueName\":\"search_term_string\"}}],\"inLanguage\":\"bs-BA\"},{\"@type\":\"Organization\",\"@id\":\"https:\/\/tuzlainfo.ba\/#organization\",\"name\":\"TuzlaInfo.ba\",\"url\":\"https:\/\/tuzlainfo.ba\/\",\"logo\":{\"@type\":\"ImageObject\",\"inLanguage\":\"bs-BA\",\"@id\":\"https:\/\/tuzlainfo.ba\/#\/schema\/logo\/image\/\",\"url\":\"https:\/\/tuzlainfo.ba\/wp-content\/uploads\/2021\/03\/logo-ver-3-1.png\",\"contentUrl\":\"https:\/\/tuzlainfo.ba\/wp-content\/uploads\/2021\/03\/logo-ver-3-1.png\",\"width\":350,\"height\":95,\"caption\":\"TuzlaInfo.ba\"},\"image\":{\"@id\":\"https:\/\/tuzlainfo.ba\/#\/schema\/logo\/image\/\"},\"sameAs\":[\"https:\/\/www.facebook.com\/tuzlainfo.ba\/\"]},{\"@type\":\"Person\",\"@id\":\"https:\/\/tuzlainfo.ba\/#\/schema\/person\/46cad4c57790cbc50781edd14870825a\",\"name\":\"Tuzla Info\",\"image\":{\"@type\":\"ImageObject\",\"inLanguage\":\"bs-BA\",\"@id\":\"https:\/\/tuzlainfo.ba\/#\/schema\/person\/image\/\",\"url\":\"https:\/\/tuzlainfo.ba\/wp-content\/litespeed\/avatar\/b6c453a6c38e3654f2e4416c643fc25c.jpg?ver=1777656712\",\"contentUrl\":\"https:\/\/tuzlainfo.ba\/wp-content\/litespeed\/avatar\/b6c453a6c38e3654f2e4416c643fc25c.jpg?ver=1777656712\",\"caption\":\"Tuzla Info\"}}]}<\/script>\n<!-- \/ Yoast SEO plugin. -->","yoast_head_json":{"title":"Tuzlanskom kantonu dozna\u010den dio sredstava za uklanjanje otpada iz HAK-a - TuzlaInfo.ba","robots":{"index":"index","follow":"follow","max-snippet":"max-snippet:-1","max-image-preview":"max-image-preview:large","max-video-preview":"max-video-preview:-1"},"canonical":"https:\/\/tuzlainfo.ba\/index.php\/novosti\/item\/211706-tuzlanskom-kantonu-doznacen-dio-sredstava-za-uklanjanje-otpada-iz-hak-a\/","og_locale":"bs_BA","og_type":"article","og_title":"Tuzlanskom kantonu dozna\u010den dio sredstava za uklanjanje otpada iz HAK-a - TuzlaInfo.ba","og_description":"Ministrica prostornog ure\u0111enja i za\u0161tite okolice Tuzlanskog kantona Anela Aj\u0161i\u0107 razgovarala je danas sa federalnom&hellip;","og_url":"https:\/\/tuzlainfo.ba\/index.php\/novosti\/item\/211706-tuzlanskom-kantonu-doznacen-dio-sredstava-za-uklanjanje-otpada-iz-hak-a\/","og_site_name":"TuzlaInfo.ba","article_publisher":"https:\/\/www.facebook.com\/tuzlainfo.ba\/","article_published_time":"2023-07-26T14:04:02+00:00","article_modified_time":"2023-07-26T13:30:45+00:00","og_image":[{"width":1734,"height":1302,"url":"https:\/\/tuzlainfo.ba\/wp-content\/uploads\/2022\/06\/hak-2.jpg","type":"image\/jpeg"}],"author":"Tuzla Info","twitter_card":"summary_large_image","twitter_misc":{"Written by":"Tuzla Info","Est. reading time":"2 minute"},"schema":{"@context":"https:\/\/schema.org","@graph":[{"@type":"Article","@id":"https:\/\/tuzlainfo.ba\/index.php\/novosti\/item\/211706-tuzlanskom-kantonu-doznacen-dio-sredstava-za-uklanjanje-otpada-iz-hak-a\/#article","isPartOf":{"@id":"https:\/\/tuzlainfo.ba\/index.php\/novosti\/item\/211706-tuzlanskom-kantonu-doznacen-dio-sredstava-za-uklanjanje-otpada-iz-hak-a\/"},"author":{"name":"Tuzla Info","@id":"https:\/\/tuzlainfo.ba\/#\/schema\/person\/46cad4c57790cbc50781edd14870825a"},"headline":"Tuzlanskom kantonu dozna\u010den dio sredstava za uklanjanje otpada iz HAK-a","datePublished":"2023-07-26T14:04:02+00:00","dateModified":"2023-07-26T13:30:45+00:00","mainEntityOfPage":{"@id":"https:\/\/tuzlainfo.ba\/index.php\/novosti\/item\/211706-tuzlanskom-kantonu-doznacen-dio-sredstava-za-uklanjanje-otpada-iz-hak-a\/"},"wordCount":349,"commentCount":0,"publisher":{"@id":"https:\/\/tuzlainfo.ba\/#organization"},"image":{"@id":"https:\/\/tuzlainfo.ba\/index.php\/novosti\/item\/211706-tuzlanskom-kantonu-doznacen-dio-sredstava-za-uklanjanje-otpada-iz-hak-a\/#primaryimage"},"thumbnailUrl":"https:\/\/tuzlainfo.ba\/wp-content\/uploads\/2022\/06\/hak-2.jpg","keywords":["hak","opasni otpad","tuzla","tuzlanski portal"],"articleSection":["Istaknuto","Novosti"],"inLanguage":"bs-BA"},{"@type":"WebPage","@id":"https:\/\/tuzlainfo.ba\/index.php\/novosti\/item\/211706-tuzlanskom-kantonu-doznacen-dio-sredstava-za-uklanjanje-otpada-iz-hak-a\/","url":"https:\/\/tuzlainfo.ba\/index.php\/novosti\/item\/211706-tuzlanskom-kantonu-doznacen-dio-sredstava-za-uklanjanje-otpada-iz-hak-a\/","name":"Tuzlanskom kantonu dozna\u010den dio sredstava za uklanjanje otpada iz HAK-a - TuzlaInfo.ba","isPartOf":{"@id":"https:\/\/tuzlainfo.ba\/#website"},"primaryImageOfPage":{"@id":"https:\/\/tuzlainfo.ba\/index.php\/novosti\/item\/211706-tuzlanskom-kantonu-doznacen-dio-sredstava-za-uklanjanje-otpada-iz-hak-a\/#primaryimage"},"image":{"@id":"https:\/\/tuzlainfo.ba\/index.php\/novosti\/item\/211706-tuzlanskom-kantonu-doznacen-dio-sredstava-za-uklanjanje-otpada-iz-hak-a\/#primaryimage"},"thumbnailUrl":"https:\/\/tuzlainfo.ba\/wp-content\/uploads\/2022\/06\/hak-2.jpg","datePublished":"2023-07-26T14:04:02+00:00","dateModified":"2023-07-26T13:30:45+00:00","breadcrumb":{"@id":"https:\/\/tuzlainfo.ba\/index.php\/novosti\/item\/211706-tuzlanskom-kantonu-doznacen-dio-sredstava-za-uklanjanje-otpada-iz-hak-a\/#breadcrumb"},"inLanguage":"bs-BA","potentialAction":[{"@type":"ReadAction","target":["https:\/\/tuzlainfo.ba\/index.php\/novosti\/item\/211706-tuzlanskom-kantonu-doznacen-dio-sredstava-za-uklanjanje-otpada-iz-hak-a\/"]}]},{"@type":"ImageObject","inLanguage":"bs-BA","@id":"https:\/\/tuzlainfo.ba\/index.php\/novosti\/item\/211706-tuzlanskom-kantonu-doznacen-dio-sredstava-za-uklanjanje-otpada-iz-hak-a\/#primaryimage","url":"https:\/\/tuzlainfo.ba\/wp-content\/uploads\/2022\/06\/hak-2.jpg","contentUrl":"https:\/\/tuzlainfo.ba\/wp-content\/uploads\/2022\/06\/hak-2.jpg","width":1734,"height":1302,"caption":"Foto: Tuzlainfo"},{"@type":"BreadcrumbList","@id":"https:\/\/tuzlainfo.ba\/index.php\/novosti\/item\/211706-tuzlanskom-kantonu-doznacen-dio-sredstava-za-uklanjanje-otpada-iz-hak-a\/#breadcrumb","itemListElement":[{"@type":"ListItem","position":1,"name":"Home","item":"https:\/\/tuzlainfo.ba\/"},{"@type":"ListItem","position":2,"name":"Tuzlanskom kantonu dozna\u010den dio sredstava za uklanjanje otpada iz HAK-a"}]},{"@type":"WebSite","@id":"https:\/\/tuzlainfo.ba\/#website","url":"https:\/\/tuzlainfo.ba\/","name":"TuzlaInfo.ba","description":"Tuzla info, gradski informator - Tuzla na dlanu","publisher":{"@id":"https:\/\/tuzlainfo.ba\/#organization"},"potentialAction":[{"@type":"SearchAction","target":{"@type":"EntryPoint","urlTemplate":"https:\/\/tuzlainfo.ba\/?s={search_term_string}"},"query-input":{"@type":"PropertyValueSpecification","valueRequired":true,"valueName":"search_term_string"}}],"inLanguage":"bs-BA"},{"@type":"Organization","@id":"https:\/\/tuzlainfo.ba\/#organization","name":"TuzlaInfo.ba","url":"https:\/\/tuzlainfo.ba\/","logo":{"@type":"ImageObject","inLanguage":"bs-BA","@id":"https:\/\/tuzlainfo.ba\/#\/schema\/logo\/image\/","url":"https:\/\/tuzlainfo.ba\/wp-content\/uploads\/2021\/03\/logo-ver-3-1.png","contentUrl":"https:\/\/tuzlainfo.ba\/wp-content\/uploads\/2021\/03\/logo-ver-3-1.png","width":350,"height":95,"caption":"TuzlaInfo.ba"},"image":{"@id":"https:\/\/tuzlainfo.ba\/#\/schema\/logo\/image\/"},"sameAs":["https:\/\/www.facebook.com\/tuzlainfo.ba\/"]},{"@type":"Person","@id":"https:\/\/tuzlainfo.ba\/#\/schema\/person\/46cad4c57790cbc50781edd14870825a","name":"Tuzla Info","image":{"@type":"ImageObject","inLanguage":"bs-BA","@id":"https:\/\/tuzlainfo.ba\/#\/schema\/person\/image\/","url":"https:\/\/tuzlainfo.ba\/wp-content\/litespeed\/avatar\/b6c453a6c38e3654f2e4416c643fc25c.jpg?ver=1777656712","contentUrl":"https:\/\/tuzlainfo.ba\/wp-content\/litespeed\/avatar\/b6c453a6c38e3654f2e4416c643fc25c.jpg?ver=1777656712","caption":"Tuzla Info"}}]}},"_links":{"self":[{"href":"https:\/\/tuzlainfo.ba\/index.php\/wp-json\/wp\/v2\/posts\/211706"}],"collection":[{"href":"https:\/\/tuzlainfo.ba\/index.php\/wp-json\/wp\/v2\/posts"}],"about":[{"href":"https:\/\/tuzlainfo.ba\/index.php\/wp-json\/wp\/v2\/types\/post"}],"author":[{"embeddable":true,"href":"https:\/\/tuzlainfo.ba\/index.php\/wp-json\/wp\/v2\/users\/4"}],"replies":[{"embeddable":true,"href":"https:\/\/tuzlainfo.ba\/index.php\/wp-json\/wp\/v2\/comments?post=211706"}],"version-history":[{"count":0,"href":"https:\/\/tuzlainfo.ba\/index.php\/wp-json\/wp\/v2\/posts\/211706\/revisions"}],"wp:featuredmedia":[{"embeddable":true,"href":"https:\/\/tuzlainfo.ba\/index.php\/wp-json\/wp\/v2\/media\/175043"}],"wp:attachment":[{"href":"https:\/\/tuzlainfo.ba\/index.php\/wp-json\/wp\/v2\/media?parent=211706"}],"wp:term":[{"taxonomy":"category","embeddable":true,"href":"https:\/\/tuzlainfo.ba\/index.php\/wp-json\/wp\/v2\/categories?post=211706"},{"taxonomy":"post_tag","embeddable":true,"href":"https:\/\/tuzlainfo.ba\/index.php\/wp-json\/wp\/v2\/tags?post=211706"}],"curies":[{"name":"wp","href":"https:\/\/api.w.org\/{rel}","templated":true}]}}