{"id":211581,"date":"2023-07-25T14:49:07","date_gmt":"2023-07-25T12:49:07","guid":{"rendered":"https:\/\/tuzlainfo.ba\/?p=211581"},"modified":"2023-07-25T14:49:07","modified_gmt":"2023-07-25T12:49:07","slug":"skaka-optuzen-zbog-dovodjenja-rasvjete-u-naselje-u-kojem-ima-vikendicu","status":"publish","type":"post","link":"https:\/\/tuzlainfo.ba\/index.php\/bosna-i-hercegovina\/item\/211581-skaka-optuzen-zbog-dovodjenja-rasvjete-u-naselje-u-kojem-ima-vikendicu\/","title":{"rendered":"Skaka optu\u017een zbog dovo\u0111enja rasvjete u naselje u kojem ima vikendicu"},"content":{"rendered":"<p>Tu\u017eila\u0161tvo Kantona Sarajevo podiglo je, a Op\u0161tinski sud u Sarajevu potvrdio optu\u017enicu protiv Abdulaha Skake, biv\u0161eg gradona\u010delnika Sarajeva, te Amele Kolovrat, D\u017eanele Kacila, Farisa Fo\u010de i Hasana Mrkonje.<\/p>\n<p>Skaku, izme\u0111u ostalog, terete da je novac iz bud\u017eeta koji je bio predvi\u0111en za povratni\u010dku populaciju, usmjerio za izgradnju rasvjete u vikend naselju Rajski Do u op\u0161tini Trnovo gdje se nalazi i njegova vikendica.<\/p>\n<p>Tu\u017eila\u0161tvo KS tereti Skaku da je tokom 2017. godine nezakonito zaposlio \u010detiri savjetnika koji su se prvobitno zaposlili u op\u0161tinu Trnovo, da bi ih, kako ga terete, nakon 24 sata imenovao za svoje savjetnike. Skaka je optu\u017een i za nezakonito tro\u0161enje novca iz bud\u017eeta grada.<\/p>\n<p>&#8220;Naime, grant sredstva davao je njemu bliskim nevladinim organizacijama u kojima su bili anga\u017eirani \u010dlanovi njegove porodice. On je uz pomo\u0107 optu\u017eene Amele Kolovrat, biv\u0161e pomo\u0107nice za finansije i bud\u017eet grada, koja je pripremala odre\u0111ene akte i propustila reagirati kada je gradska slu\u017eba za finansije utvrdila nepravilnosti, dodjeljivao novac iz bud\u017eeta nevladinim organizacijama MTBA iz Mostara, BIMA i Bedem, ta\u010dnije, njihovim predsjednicima D\u017eaneli Kacili, Farisu Fo\u010di i Hasanu Mrkonji&#8221;, navode iz Tu\u017eila\u0161tva KS.<\/p>\n<p>Optu\u017eeni predsjednici nevladinih organizacija su, kako tvrde iz Tu\u017eila\u0161tva, nezakonito pravdali utro\u0161enih 48.000 KM.<\/p>\n<p>&#8220;U dijelu optu\u017enice koja se odnosi na povredu izbornog integriteta, Abdulah Skaka tereti se i da je obe\u0107avao razne pogodnosti, izme\u0111u ostalog i novac vije\u0107nicima, uo\u010di izbora predsjedavaju\u0107eg Gradskog vije\u0107a i gradona\u010delnika da glasaju po njegovim uputama, a sve kako Bogi\u0107 Bogi\u0107evi\u0107 ne bi mogao biti izabran za gradona\u010delnika Sarajeva, odnosno kako bi se optu\u017eeni Skaka mogao kandidirati i biti izabran za drugi mandat na toj poziciji&#8221;, navode iz Tu\u017eila\u0161tva KS.<\/p>\n<p>Optu\u017een je Skaka i za krivotvorenje finansijskih izvje\u0161taja u kojima nije prikazivao donacije koje je grad dobio.<\/p>\n<p>&#8220;Tako\u0111e, novac iz bud\u017eeta koji je bio predvi\u0111en za povratni\u010dku populaciju, usmjerio je za izgradnju rasvjete u vikend naselju Rajski Do u op\u0161tini Trnovo gdje se nalazi i njegova vikendica. Tereti se i za zloupotrebe javnih nabavki u vezi sa\u00a0 dovo\u0111enjem projekta bolida Formule E. Optu\u017eeni Skaka je po\u010dinjenjem tih krivi\u010dnih djela pri\u010dinio \u0161tetu bud\u017eetu Grada Sarajevo u ukupnom iznosu od 116.000 KM&#8221;, naveli su iz Tu\u017eila\u0161tva KS.<\/p>\n<p>Postupaju\u0107i tu\u017eioci predlo\u017eili su u optu\u017enici Abulahu Skaki zabranu obavljanja poslova odgovorne osobe u dr\u017eavnoj slu\u017ebi, javnim preduze\u0107ima ili bilo kojem drugom pravnom licu u trajanju od 10 godina od pravosna\u017enosti presude.<\/p>\n<p>Tako\u0111e, optu\u017eenima Ameli Kolovrat, D\u017eaneli Kacila, Farisu Fo\u010di i Hasanu Mrkonji predlo\u017eilo je zabranu obavljanja poslova u ra\u010dunovodstvu, reviziji, udru\u017eenjima i fondacijama u trajanju od pet godina od pravosna\u017enosti presude.<\/p>\n<p>Za glavni pretres predlo\u017eeno je saslu\u0161anje 81 svjedoka, osam vje\u0161taka elektroenergetske, gra\u0111evinske i ekonomske struke i vje\u0161taka iz oblasti kriminalistike. Predlo\u017eeno je i izvo\u0111enje vi\u0161e od 600 materijalnih dokaza.<\/p>\n<p>&nbsp;<\/p>\n","protected":false},"excerpt":{"rendered":"<p>Tu\u017eila\u0161tvo Kantona Sarajevo podiglo je, a Op\u0161tinski sud u Sarajevu potvrdio optu\u017enicu protiv Abdulaha Skake,&hellip;<\/p>\n","protected":false},"author":3,"featured_media":58856,"comment_status":"open","ping_status":"closed","sticky":false,"template":"","format":"standard","meta":{"_acf_changed":false,"footnotes":""},"categories":[291],"tags":[7691],"acf":[],"yoast_head":"<!-- This site is optimized with the Yoast SEO plugin v23.5 - https:\/\/yoast.com\/wordpress\/plugins\/seo\/ -->\n<title>Skaka optu\u017een zbog dovo\u0111enja rasvjete u naselje u kojem ima vikendicu - TuzlaInfo.ba<\/title>\n<meta name=\"robots\" content=\"index, follow, max-snippet:-1, max-image-preview:large, max-video-preview:-1\" \/>\n<link rel=\"canonical\" href=\"https:\/\/tuzlainfo.ba\/index.php\/bosna-i-hercegovina\/item\/211581-skaka-optuzen-zbog-dovodjenja-rasvjete-u-naselje-u-kojem-ima-vikendicu\/\" \/>\n<meta property=\"og:locale\" content=\"bs_BA\" \/>\n<meta property=\"og:type\" content=\"article\" \/>\n<meta property=\"og:title\" content=\"Skaka optu\u017een zbog dovo\u0111enja rasvjete u naselje u kojem ima vikendicu - TuzlaInfo.ba\" \/>\n<meta property=\"og:description\" content=\"Tu\u017eila\u0161tvo Kantona Sarajevo podiglo je, a Op\u0161tinski sud u Sarajevu potvrdio optu\u017enicu protiv Abdulaha Skake,&hellip;\" \/>\n<meta property=\"og:url\" content=\"https:\/\/tuzlainfo.ba\/index.php\/bosna-i-hercegovina\/item\/211581-skaka-optuzen-zbog-dovodjenja-rasvjete-u-naselje-u-kojem-ima-vikendicu\/\" \/>\n<meta property=\"og:site_name\" content=\"TuzlaInfo.ba\" \/>\n<meta property=\"article:publisher\" content=\"https:\/\/www.facebook.com\/tuzlainfo.ba\/\" \/>\n<meta property=\"article:published_time\" content=\"2023-07-25T12:49:07+00:00\" \/>\n<meta property=\"og:image\" content=\"https:\/\/tuzlainfo.ba\/wp-content\/uploads\/2017\/10\/sadrzaj_2017_20171001_0710_skaka-e1690289325228.jpg\" \/>\n\t<meta property=\"og:image:width\" content=\"650\" \/>\n\t<meta property=\"og:image:height\" content=\"464\" \/>\n\t<meta property=\"og:image:type\" content=\"image\/jpeg\" \/>\n<meta name=\"author\" content=\"admin2\" \/>\n<meta name=\"twitter:card\" content=\"summary_large_image\" \/>\n<meta name=\"twitter:label1\" content=\"Written by\" \/>\n\t<meta name=\"twitter:data1\" content=\"admin2\" \/>\n\t<meta name=\"twitter:label2\" content=\"Est. reading time\" \/>\n\t<meta name=\"twitter:data2\" content=\"3 minute\" \/>\n<script type=\"application\/ld+json\" class=\"yoast-schema-graph\">{\"@context\":\"https:\/\/schema.org\",\"@graph\":[{\"@type\":\"Article\",\"@id\":\"https:\/\/tuzlainfo.ba\/index.php\/bosna-i-hercegovina\/item\/211581-skaka-optuzen-zbog-dovodjenja-rasvjete-u-naselje-u-kojem-ima-vikendicu\/#article\",\"isPartOf\":{\"@id\":\"https:\/\/tuzlainfo.ba\/index.php\/bosna-i-hercegovina\/item\/211581-skaka-optuzen-zbog-dovodjenja-rasvjete-u-naselje-u-kojem-ima-vikendicu\/\"},\"author\":{\"name\":\"admin2\",\"@id\":\"https:\/\/tuzlainfo.ba\/#\/schema\/person\/f4ebe4fff27e68efb65fa7e18f8af372\"},\"headline\":\"Skaka optu\u017een zbog dovo\u0111enja rasvjete u naselje u kojem ima vikendicu\",\"datePublished\":\"2023-07-25T12:49:07+00:00\",\"dateModified\":\"2023-07-25T12:49:07+00:00\",\"mainEntityOfPage\":{\"@id\":\"https:\/\/tuzlainfo.ba\/index.php\/bosna-i-hercegovina\/item\/211581-skaka-optuzen-zbog-dovodjenja-rasvjete-u-naselje-u-kojem-ima-vikendicu\/\"},\"wordCount\":536,\"commentCount\":0,\"publisher\":{\"@id\":\"https:\/\/tuzlainfo.ba\/#organization\"},\"image\":{\"@id\":\"https:\/\/tuzlainfo.ba\/index.php\/bosna-i-hercegovina\/item\/211581-skaka-optuzen-zbog-dovodjenja-rasvjete-u-naselje-u-kojem-ima-vikendicu\/#primaryimage\"},\"thumbnailUrl\":\"https:\/\/tuzlainfo.ba\/wp-content\/uploads\/2017\/10\/sadrzaj_2017_20171001_0710_skaka-e1690289325228.jpg\",\"keywords\":[\"optu\u017een abdulah skaka\"],\"articleSection\":[\"Bosna i Hercegovina\"],\"inLanguage\":\"bs-BA\"},{\"@type\":\"WebPage\",\"@id\":\"https:\/\/tuzlainfo.ba\/index.php\/bosna-i-hercegovina\/item\/211581-skaka-optuzen-zbog-dovodjenja-rasvjete-u-naselje-u-kojem-ima-vikendicu\/\",\"url\":\"https:\/\/tuzlainfo.ba\/index.php\/bosna-i-hercegovina\/item\/211581-skaka-optuzen-zbog-dovodjenja-rasvjete-u-naselje-u-kojem-ima-vikendicu\/\",\"name\":\"Skaka optu\u017een zbog dovo\u0111enja rasvjete u naselje u kojem ima vikendicu - TuzlaInfo.ba\",\"isPartOf\":{\"@id\":\"https:\/\/tuzlainfo.ba\/#website\"},\"primaryImageOfPage\":{\"@id\":\"https:\/\/tuzlainfo.ba\/index.php\/bosna-i-hercegovina\/item\/211581-skaka-optuzen-zbog-dovodjenja-rasvjete-u-naselje-u-kojem-ima-vikendicu\/#primaryimage\"},\"image\":{\"@id\":\"https:\/\/tuzlainfo.ba\/index.php\/bosna-i-hercegovina\/item\/211581-skaka-optuzen-zbog-dovodjenja-rasvjete-u-naselje-u-kojem-ima-vikendicu\/#primaryimage\"},\"thumbnailUrl\":\"https:\/\/tuzlainfo.ba\/wp-content\/uploads\/2017\/10\/sadrzaj_2017_20171001_0710_skaka-e1690289325228.jpg\",\"datePublished\":\"2023-07-25T12:49:07+00:00\",\"dateModified\":\"2023-07-25T12:49:07+00:00\",\"breadcrumb\":{\"@id\":\"https:\/\/tuzlainfo.ba\/index.php\/bosna-i-hercegovina\/item\/211581-skaka-optuzen-zbog-dovodjenja-rasvjete-u-naselje-u-kojem-ima-vikendicu\/#breadcrumb\"},\"inLanguage\":\"bs-BA\",\"potentialAction\":[{\"@type\":\"ReadAction\",\"target\":[\"https:\/\/tuzlainfo.ba\/index.php\/bosna-i-hercegovina\/item\/211581-skaka-optuzen-zbog-dovodjenja-rasvjete-u-naselje-u-kojem-ima-vikendicu\/\"]}]},{\"@type\":\"ImageObject\",\"inLanguage\":\"bs-BA\",\"@id\":\"https:\/\/tuzlainfo.ba\/index.php\/bosna-i-hercegovina\/item\/211581-skaka-optuzen-zbog-dovodjenja-rasvjete-u-naselje-u-kojem-ima-vikendicu\/#primaryimage\",\"url\":\"https:\/\/tuzlainfo.ba\/wp-content\/uploads\/2017\/10\/sadrzaj_2017_20171001_0710_skaka-e1690289325228.jpg\",\"contentUrl\":\"https:\/\/tuzlainfo.ba\/wp-content\/uploads\/2017\/10\/sadrzaj_2017_20171001_0710_skaka-e1690289325228.jpg\",\"width\":650,\"height\":464,\"caption\":\"0710 skaka\"},{\"@type\":\"BreadcrumbList\",\"@id\":\"https:\/\/tuzlainfo.ba\/index.php\/bosna-i-hercegovina\/item\/211581-skaka-optuzen-zbog-dovodjenja-rasvjete-u-naselje-u-kojem-ima-vikendicu\/#breadcrumb\",\"itemListElement\":[{\"@type\":\"ListItem\",\"position\":1,\"name\":\"Home\",\"item\":\"https:\/\/tuzlainfo.ba\/\"},{\"@type\":\"ListItem\",\"position\":2,\"name\":\"Skaka optu\u017een zbog dovo\u0111enja rasvjete u naselje u kojem ima vikendicu\"}]},{\"@type\":\"WebSite\",\"@id\":\"https:\/\/tuzlainfo.ba\/#website\",\"url\":\"https:\/\/tuzlainfo.ba\/\",\"name\":\"TuzlaInfo.ba\",\"description\":\"Tuzla info, gradski informator - Tuzla na dlanu\",\"publisher\":{\"@id\":\"https:\/\/tuzlainfo.ba\/#organization\"},\"potentialAction\":[{\"@type\":\"SearchAction\",\"target\":{\"@type\":\"EntryPoint\",\"urlTemplate\":\"https:\/\/tuzlainfo.ba\/?s={search_term_string}\"},\"query-input\":{\"@type\":\"PropertyValueSpecification\",\"valueRequired\":true,\"valueName\":\"search_term_string\"}}],\"inLanguage\":\"bs-BA\"},{\"@type\":\"Organization\",\"@id\":\"https:\/\/tuzlainfo.ba\/#organization\",\"name\":\"TuzlaInfo.ba\",\"url\":\"https:\/\/tuzlainfo.ba\/\",\"logo\":{\"@type\":\"ImageObject\",\"inLanguage\":\"bs-BA\",\"@id\":\"https:\/\/tuzlainfo.ba\/#\/schema\/logo\/image\/\",\"url\":\"https:\/\/tuzlainfo.ba\/wp-content\/uploads\/2021\/03\/logo-ver-3-1.png\",\"contentUrl\":\"https:\/\/tuzlainfo.ba\/wp-content\/uploads\/2021\/03\/logo-ver-3-1.png\",\"width\":350,\"height\":95,\"caption\":\"TuzlaInfo.ba\"},\"image\":{\"@id\":\"https:\/\/tuzlainfo.ba\/#\/schema\/logo\/image\/\"},\"sameAs\":[\"https:\/\/www.facebook.com\/tuzlainfo.ba\/\"]},{\"@type\":\"Person\",\"@id\":\"https:\/\/tuzlainfo.ba\/#\/schema\/person\/f4ebe4fff27e68efb65fa7e18f8af372\",\"name\":\"admin2\",\"image\":{\"@type\":\"ImageObject\",\"inLanguage\":\"bs-BA\",\"@id\":\"https:\/\/tuzlainfo.ba\/#\/schema\/person\/image\/\",\"url\":\"https:\/\/tuzlainfo.ba\/wp-content\/litespeed\/avatar\/8219eeb9a43cff2d096e773737736f62.jpg?ver=1777309398\",\"contentUrl\":\"https:\/\/tuzlainfo.ba\/wp-content\/litespeed\/avatar\/8219eeb9a43cff2d096e773737736f62.jpg?ver=1777309398\",\"caption\":\"admin2\"},\"description\":\"Tuzlainfo.ba pratite na dru\u0161tvenim mre\u017eama: Facebook, Instagram i Youtube. Svoje pri\u010de, upite i fotografije \u0161aljite na na\u0161u e-mail adresu.\",\"sameAs\":[\"admin\"]}]}<\/script>\n<!-- \/ Yoast SEO plugin. -->","yoast_head_json":{"title":"Skaka optu\u017een zbog dovo\u0111enja rasvjete u naselje u kojem ima vikendicu - TuzlaInfo.ba","robots":{"index":"index","follow":"follow","max-snippet":"max-snippet:-1","max-image-preview":"max-image-preview:large","max-video-preview":"max-video-preview:-1"},"canonical":"https:\/\/tuzlainfo.ba\/index.php\/bosna-i-hercegovina\/item\/211581-skaka-optuzen-zbog-dovodjenja-rasvjete-u-naselje-u-kojem-ima-vikendicu\/","og_locale":"bs_BA","og_type":"article","og_title":"Skaka optu\u017een zbog dovo\u0111enja rasvjete u naselje u kojem ima vikendicu - TuzlaInfo.ba","og_description":"Tu\u017eila\u0161tvo Kantona Sarajevo podiglo je, a Op\u0161tinski sud u Sarajevu potvrdio optu\u017enicu protiv Abdulaha Skake,&hellip;","og_url":"https:\/\/tuzlainfo.ba\/index.php\/bosna-i-hercegovina\/item\/211581-skaka-optuzen-zbog-dovodjenja-rasvjete-u-naselje-u-kojem-ima-vikendicu\/","og_site_name":"TuzlaInfo.ba","article_publisher":"https:\/\/www.facebook.com\/tuzlainfo.ba\/","article_published_time":"2023-07-25T12:49:07+00:00","og_image":[{"width":650,"height":464,"url":"https:\/\/tuzlainfo.ba\/wp-content\/uploads\/2017\/10\/sadrzaj_2017_20171001_0710_skaka-e1690289325228.jpg","type":"image\/jpeg"}],"author":"admin2","twitter_card":"summary_large_image","twitter_misc":{"Written by":"admin2","Est. reading time":"3 minute"},"schema":{"@context":"https:\/\/schema.org","@graph":[{"@type":"Article","@id":"https:\/\/tuzlainfo.ba\/index.php\/bosna-i-hercegovina\/item\/211581-skaka-optuzen-zbog-dovodjenja-rasvjete-u-naselje-u-kojem-ima-vikendicu\/#article","isPartOf":{"@id":"https:\/\/tuzlainfo.ba\/index.php\/bosna-i-hercegovina\/item\/211581-skaka-optuzen-zbog-dovodjenja-rasvjete-u-naselje-u-kojem-ima-vikendicu\/"},"author":{"name":"admin2","@id":"https:\/\/tuzlainfo.ba\/#\/schema\/person\/f4ebe4fff27e68efb65fa7e18f8af372"},"headline":"Skaka optu\u017een zbog dovo\u0111enja rasvjete u naselje u kojem ima vikendicu","datePublished":"2023-07-25T12:49:07+00:00","dateModified":"2023-07-25T12:49:07+00:00","mainEntityOfPage":{"@id":"https:\/\/tuzlainfo.ba\/index.php\/bosna-i-hercegovina\/item\/211581-skaka-optuzen-zbog-dovodjenja-rasvjete-u-naselje-u-kojem-ima-vikendicu\/"},"wordCount":536,"commentCount":0,"publisher":{"@id":"https:\/\/tuzlainfo.ba\/#organization"},"image":{"@id":"https:\/\/tuzlainfo.ba\/index.php\/bosna-i-hercegovina\/item\/211581-skaka-optuzen-zbog-dovodjenja-rasvjete-u-naselje-u-kojem-ima-vikendicu\/#primaryimage"},"thumbnailUrl":"https:\/\/tuzlainfo.ba\/wp-content\/uploads\/2017\/10\/sadrzaj_2017_20171001_0710_skaka-e1690289325228.jpg","keywords":["optu\u017een abdulah skaka"],"articleSection":["Bosna i Hercegovina"],"inLanguage":"bs-BA"},{"@type":"WebPage","@id":"https:\/\/tuzlainfo.ba\/index.php\/bosna-i-hercegovina\/item\/211581-skaka-optuzen-zbog-dovodjenja-rasvjete-u-naselje-u-kojem-ima-vikendicu\/","url":"https:\/\/tuzlainfo.ba\/index.php\/bosna-i-hercegovina\/item\/211581-skaka-optuzen-zbog-dovodjenja-rasvjete-u-naselje-u-kojem-ima-vikendicu\/","name":"Skaka optu\u017een zbog dovo\u0111enja rasvjete u naselje u kojem ima vikendicu - TuzlaInfo.ba","isPartOf":{"@id":"https:\/\/tuzlainfo.ba\/#website"},"primaryImageOfPage":{"@id":"https:\/\/tuzlainfo.ba\/index.php\/bosna-i-hercegovina\/item\/211581-skaka-optuzen-zbog-dovodjenja-rasvjete-u-naselje-u-kojem-ima-vikendicu\/#primaryimage"},"image":{"@id":"https:\/\/tuzlainfo.ba\/index.php\/bosna-i-hercegovina\/item\/211581-skaka-optuzen-zbog-dovodjenja-rasvjete-u-naselje-u-kojem-ima-vikendicu\/#primaryimage"},"thumbnailUrl":"https:\/\/tuzlainfo.ba\/wp-content\/uploads\/2017\/10\/sadrzaj_2017_20171001_0710_skaka-e1690289325228.jpg","datePublished":"2023-07-25T12:49:07+00:00","dateModified":"2023-07-25T12:49:07+00:00","breadcrumb":{"@id":"https:\/\/tuzlainfo.ba\/index.php\/bosna-i-hercegovina\/item\/211581-skaka-optuzen-zbog-dovodjenja-rasvjete-u-naselje-u-kojem-ima-vikendicu\/#breadcrumb"},"inLanguage":"bs-BA","potentialAction":[{"@type":"ReadAction","target":["https:\/\/tuzlainfo.ba\/index.php\/bosna-i-hercegovina\/item\/211581-skaka-optuzen-zbog-dovodjenja-rasvjete-u-naselje-u-kojem-ima-vikendicu\/"]}]},{"@type":"ImageObject","inLanguage":"bs-BA","@id":"https:\/\/tuzlainfo.ba\/index.php\/bosna-i-hercegovina\/item\/211581-skaka-optuzen-zbog-dovodjenja-rasvjete-u-naselje-u-kojem-ima-vikendicu\/#primaryimage","url":"https:\/\/tuzlainfo.ba\/wp-content\/uploads\/2017\/10\/sadrzaj_2017_20171001_0710_skaka-e1690289325228.jpg","contentUrl":"https:\/\/tuzlainfo.ba\/wp-content\/uploads\/2017\/10\/sadrzaj_2017_20171001_0710_skaka-e1690289325228.jpg","width":650,"height":464,"caption":"0710 skaka"},{"@type":"BreadcrumbList","@id":"https:\/\/tuzlainfo.ba\/index.php\/bosna-i-hercegovina\/item\/211581-skaka-optuzen-zbog-dovodjenja-rasvjete-u-naselje-u-kojem-ima-vikendicu\/#breadcrumb","itemListElement":[{"@type":"ListItem","position":1,"name":"Home","item":"https:\/\/tuzlainfo.ba\/"},{"@type":"ListItem","position":2,"name":"Skaka optu\u017een zbog dovo\u0111enja rasvjete u naselje u kojem ima vikendicu"}]},{"@type":"WebSite","@id":"https:\/\/tuzlainfo.ba\/#website","url":"https:\/\/tuzlainfo.ba\/","name":"TuzlaInfo.ba","description":"Tuzla info, gradski informator - Tuzla na dlanu","publisher":{"@id":"https:\/\/tuzlainfo.ba\/#organization"},"potentialAction":[{"@type":"SearchAction","target":{"@type":"EntryPoint","urlTemplate":"https:\/\/tuzlainfo.ba\/?s={search_term_string}"},"query-input":{"@type":"PropertyValueSpecification","valueRequired":true,"valueName":"search_term_string"}}],"inLanguage":"bs-BA"},{"@type":"Organization","@id":"https:\/\/tuzlainfo.ba\/#organization","name":"TuzlaInfo.ba","url":"https:\/\/tuzlainfo.ba\/","logo":{"@type":"ImageObject","inLanguage":"bs-BA","@id":"https:\/\/tuzlainfo.ba\/#\/schema\/logo\/image\/","url":"https:\/\/tuzlainfo.ba\/wp-content\/uploads\/2021\/03\/logo-ver-3-1.png","contentUrl":"https:\/\/tuzlainfo.ba\/wp-content\/uploads\/2021\/03\/logo-ver-3-1.png","width":350,"height":95,"caption":"TuzlaInfo.ba"},"image":{"@id":"https:\/\/tuzlainfo.ba\/#\/schema\/logo\/image\/"},"sameAs":["https:\/\/www.facebook.com\/tuzlainfo.ba\/"]},{"@type":"Person","@id":"https:\/\/tuzlainfo.ba\/#\/schema\/person\/f4ebe4fff27e68efb65fa7e18f8af372","name":"admin2","image":{"@type":"ImageObject","inLanguage":"bs-BA","@id":"https:\/\/tuzlainfo.ba\/#\/schema\/person\/image\/","url":"https:\/\/tuzlainfo.ba\/wp-content\/litespeed\/avatar\/8219eeb9a43cff2d096e773737736f62.jpg?ver=1777309398","contentUrl":"https:\/\/tuzlainfo.ba\/wp-content\/litespeed\/avatar\/8219eeb9a43cff2d096e773737736f62.jpg?ver=1777309398","caption":"admin2"},"description":"Tuzlainfo.ba pratite na dru\u0161tvenim mre\u017eama: Facebook, Instagram i Youtube. Svoje pri\u010de, upite i fotografije \u0161aljite na na\u0161u e-mail adresu.","sameAs":["admin"]}]}},"_links":{"self":[{"href":"https:\/\/tuzlainfo.ba\/index.php\/wp-json\/wp\/v2\/posts\/211581"}],"collection":[{"href":"https:\/\/tuzlainfo.ba\/index.php\/wp-json\/wp\/v2\/posts"}],"about":[{"href":"https:\/\/tuzlainfo.ba\/index.php\/wp-json\/wp\/v2\/types\/post"}],"author":[{"embeddable":true,"href":"https:\/\/tuzlainfo.ba\/index.php\/wp-json\/wp\/v2\/users\/3"}],"replies":[{"embeddable":true,"href":"https:\/\/tuzlainfo.ba\/index.php\/wp-json\/wp\/v2\/comments?post=211581"}],"version-history":[{"count":0,"href":"https:\/\/tuzlainfo.ba\/index.php\/wp-json\/wp\/v2\/posts\/211581\/revisions"}],"wp:featuredmedia":[{"embeddable":true,"href":"https:\/\/tuzlainfo.ba\/index.php\/wp-json\/wp\/v2\/media\/58856"}],"wp:attachment":[{"href":"https:\/\/tuzlainfo.ba\/index.php\/wp-json\/wp\/v2\/media?parent=211581"}],"wp:term":[{"taxonomy":"category","embeddable":true,"href":"https:\/\/tuzlainfo.ba\/index.php\/wp-json\/wp\/v2\/categories?post=211581"},{"taxonomy":"post_tag","embeddable":true,"href":"https:\/\/tuzlainfo.ba\/index.php\/wp-json\/wp\/v2\/tags?post=211581"}],"curies":[{"name":"wp","href":"https:\/\/api.w.org\/{rel}","templated":true}]}}