{"id":211392,"date":"2023-07-24T08:33:55","date_gmt":"2023-07-24T06:33:55","guid":{"rendered":"https:\/\/tuzlainfo.ba\/?p=211392"},"modified":"2023-07-24T08:35:14","modified_gmt":"2023-07-24T06:35:14","slug":"cengic-nakon-referenduma-ovo-je-poruka-politicarima-da-paze-sta-rade","status":"publish","type":"post","link":"https:\/\/tuzlainfo.ba\/index.php\/bosna-i-hercegovina\/item\/211392-cengic-nakon-referenduma-ovo-je-poruka-politicarima-da-paze-sta-rade\/","title":{"rendered":"\u010cengi\u0107 nakon referenduma: Ovo je poruka politi\u010darima da paze \u0161ta rade"},"content":{"rendered":"<p>Nakon referenduma o smjeni na\u010delnika sarajevske Op\u0107ine Stari Grad Ibrahima Had\u017eibajri\u0107a (NES), oglasio se Irfan \u010cengi\u0107, generalni sekretar SDP-a BiH i jedan od potencijalnih Had\u017eibajri\u0107evih nasljednika na ovoj poziciji.<\/p>\n<p>&#8211; Ovo je pobjeda ljudi i demokratije, poruka svim politi\u010darima da paze \u0161ta rade.<\/p>\n<p>Zahvaljujem svima koji su iza\u0161li i glasali ZA opoziv, jer su tako pokazali visok stepen demokrati\u010dnosti, hrabrosti i \u017eelje za borbu za pravdu te da ne\u0107e \u017emiriti na podignute optu\u017enice, dokaze i blokadu Op\u0107ine.<\/p>\n<p>Koliko je god logi\u010dno bilo da se glasa ZA poslije svega \u0161to smo saznali, ljudi koji su glasali ZA pokazali su veliku hrabrost uzimaju\u0107i u obzire pritiske i decenijski strah.<\/p>\n<p>Posebno hvala vije\u0107nicima koji su interese op\u0107ine stavili ispred svojih privatnih i rizikovali mnogo toga.<\/p>\n<p>Izlaznost je sasvim o\u010dekivana, kakvu smo i najavili u sred sezone godi\u0161njih odmora.<\/p>\n<p>I da, ta\u010dno je, jesmo ga podr\u017eali na posljednjim izborima, ali smo tu koaliciju odmah raskinuli radi Bogi\u0107a Bogi\u0107evi\u0107a. Time pokazujemo da mi nikada nikoga ne \u0161titimo od suda i tu\u017eila\u0161tva, ni svoje \u010dlanove ni biv\u0161e ni sada\u0161nje partnere.<\/p>\n<p>U narednim danima, kada Op\u0107insko vije\u0107e i CIK potvrde rezultate, imati \u0107emo vi\u0161e informacija o prijevremenim izborima i kako da donesemo novu energiju u Stari Grad &#8211; napisao je u svojoj objavi \u010cengi\u0107.<\/p>\n<p>&nbsp;<\/p>\n","protected":false},"excerpt":{"rendered":"<p>Nakon referenduma o smjeni na\u010delnika sarajevske Op\u0107ine Stari Grad Ibrahima Had\u017eibajri\u0107a (NES), oglasio se Irfan&hellip;<\/p>\n","protected":false},"author":3,"featured_media":207097,"comment_status":"open","ping_status":"closed","sticky":false,"template":"","format":"standard","meta":{"_acf_changed":false,"footnotes":""},"categories":[291],"tags":[4552,7662,7661,43],"acf":[],"yoast_head":"<!-- This site is optimized with the Yoast SEO plugin v23.5 - https:\/\/yoast.com\/wordpress\/plugins\/seo\/ -->\n<title>\u010cengi\u0107 nakon referenduma: Ovo je poruka politi\u010darima da paze \u0161ta rade - TuzlaInfo.ba<\/title>\n<meta name=\"robots\" content=\"index, follow, max-snippet:-1, max-image-preview:large, max-video-preview:-1\" \/>\n<link rel=\"canonical\" href=\"https:\/\/tuzlainfo.ba\/index.php\/bosna-i-hercegovina\/item\/211392-cengic-nakon-referenduma-ovo-je-poruka-politicarima-da-paze-sta-rade\/\" \/>\n<meta property=\"og:locale\" content=\"bs_BA\" \/>\n<meta property=\"og:type\" content=\"article\" \/>\n<meta property=\"og:title\" content=\"\u010cengi\u0107 nakon referenduma: Ovo je poruka politi\u010darima da paze \u0161ta rade - TuzlaInfo.ba\" \/>\n<meta property=\"og:description\" content=\"Nakon referenduma o smjeni na\u010delnika sarajevske Op\u0107ine Stari Grad Ibrahima Had\u017eibajri\u0107a (NES), oglasio se Irfan&hellip;\" \/>\n<meta property=\"og:url\" content=\"https:\/\/tuzlainfo.ba\/index.php\/bosna-i-hercegovina\/item\/211392-cengic-nakon-referenduma-ovo-je-poruka-politicarima-da-paze-sta-rade\/\" \/>\n<meta property=\"og:site_name\" content=\"TuzlaInfo.ba\" \/>\n<meta property=\"article:publisher\" content=\"https:\/\/www.facebook.com\/tuzlainfo.ba\/\" \/>\n<meta property=\"article:published_time\" content=\"2023-07-24T06:33:55+00:00\" \/>\n<meta property=\"article:modified_time\" content=\"2023-07-24T06:35:14+00:00\" \/>\n<meta property=\"og:image\" content=\"https:\/\/tuzlainfo.ba\/wp-content\/uploads\/2023\/06\/1006_irfan_cengic.jpg\" \/>\n\t<meta property=\"og:image:width\" content=\"960\" \/>\n\t<meta property=\"og:image:height\" content=\"640\" \/>\n\t<meta property=\"og:image:type\" content=\"image\/jpeg\" \/>\n<meta name=\"author\" content=\"admin2\" \/>\n<meta name=\"twitter:card\" content=\"summary_large_image\" \/>\n<meta name=\"twitter:label1\" content=\"Written by\" \/>\n\t<meta name=\"twitter:data1\" content=\"admin2\" \/>\n\t<meta name=\"twitter:label2\" content=\"Est. reading time\" \/>\n\t<meta name=\"twitter:data2\" content=\"1 minuta\" \/>\n<script type=\"application\/ld+json\" class=\"yoast-schema-graph\">{\"@context\":\"https:\/\/schema.org\",\"@graph\":[{\"@type\":\"Article\",\"@id\":\"https:\/\/tuzlainfo.ba\/index.php\/bosna-i-hercegovina\/item\/211392-cengic-nakon-referenduma-ovo-je-poruka-politicarima-da-paze-sta-rade\/#article\",\"isPartOf\":{\"@id\":\"https:\/\/tuzlainfo.ba\/index.php\/bosna-i-hercegovina\/item\/211392-cengic-nakon-referenduma-ovo-je-poruka-politicarima-da-paze-sta-rade\/\"},\"author\":{\"name\":\"admin2\",\"@id\":\"https:\/\/tuzlainfo.ba\/#\/schema\/person\/f4ebe4fff27e68efb65fa7e18f8af372\"},\"headline\":\"\u010cengi\u0107 nakon referenduma: Ovo je poruka politi\u010darima da paze \u0161ta rade\",\"datePublished\":\"2023-07-24T06:33:55+00:00\",\"dateModified\":\"2023-07-24T06:35:14+00:00\",\"mainEntityOfPage\":{\"@id\":\"https:\/\/tuzlainfo.ba\/index.php\/bosna-i-hercegovina\/item\/211392-cengic-nakon-referenduma-ovo-je-poruka-politicarima-da-paze-sta-rade\/\"},\"wordCount\":250,\"commentCount\":0,\"publisher\":{\"@id\":\"https:\/\/tuzlainfo.ba\/#organization\"},\"image\":{\"@id\":\"https:\/\/tuzlainfo.ba\/index.php\/bosna-i-hercegovina\/item\/211392-cengic-nakon-referenduma-ovo-je-poruka-politicarima-da-paze-sta-rade\/#primaryimage\"},\"thumbnailUrl\":\"https:\/\/tuzlainfo.ba\/wp-content\/uploads\/2023\/06\/1006_irfan_cengic.jpg\",\"keywords\":[\"irfan \u010dengi\u0107\",\"na\u010delnik op\u0107ine stari grad\",\"referendum o smjeni had\u017eibajri\u0107a\",\"sarajevo\"],\"articleSection\":[\"Bosna i Hercegovina\"],\"inLanguage\":\"bs-BA\"},{\"@type\":\"WebPage\",\"@id\":\"https:\/\/tuzlainfo.ba\/index.php\/bosna-i-hercegovina\/item\/211392-cengic-nakon-referenduma-ovo-je-poruka-politicarima-da-paze-sta-rade\/\",\"url\":\"https:\/\/tuzlainfo.ba\/index.php\/bosna-i-hercegovina\/item\/211392-cengic-nakon-referenduma-ovo-je-poruka-politicarima-da-paze-sta-rade\/\",\"name\":\"\u010cengi\u0107 nakon referenduma: Ovo je poruka politi\u010darima da paze \u0161ta rade - TuzlaInfo.ba\",\"isPartOf\":{\"@id\":\"https:\/\/tuzlainfo.ba\/#website\"},\"primaryImageOfPage\":{\"@id\":\"https:\/\/tuzlainfo.ba\/index.php\/bosna-i-hercegovina\/item\/211392-cengic-nakon-referenduma-ovo-je-poruka-politicarima-da-paze-sta-rade\/#primaryimage\"},\"image\":{\"@id\":\"https:\/\/tuzlainfo.ba\/index.php\/bosna-i-hercegovina\/item\/211392-cengic-nakon-referenduma-ovo-je-poruka-politicarima-da-paze-sta-rade\/#primaryimage\"},\"thumbnailUrl\":\"https:\/\/tuzlainfo.ba\/wp-content\/uploads\/2023\/06\/1006_irfan_cengic.jpg\",\"datePublished\":\"2023-07-24T06:33:55+00:00\",\"dateModified\":\"2023-07-24T06:35:14+00:00\",\"breadcrumb\":{\"@id\":\"https:\/\/tuzlainfo.ba\/index.php\/bosna-i-hercegovina\/item\/211392-cengic-nakon-referenduma-ovo-je-poruka-politicarima-da-paze-sta-rade\/#breadcrumb\"},\"inLanguage\":\"bs-BA\",\"potentialAction\":[{\"@type\":\"ReadAction\",\"target\":[\"https:\/\/tuzlainfo.ba\/index.php\/bosna-i-hercegovina\/item\/211392-cengic-nakon-referenduma-ovo-je-poruka-politicarima-da-paze-sta-rade\/\"]}]},{\"@type\":\"ImageObject\",\"inLanguage\":\"bs-BA\",\"@id\":\"https:\/\/tuzlainfo.ba\/index.php\/bosna-i-hercegovina\/item\/211392-cengic-nakon-referenduma-ovo-je-poruka-politicarima-da-paze-sta-rade\/#primaryimage\",\"url\":\"https:\/\/tuzlainfo.ba\/wp-content\/uploads\/2023\/06\/1006_irfan_cengic.jpg\",\"contentUrl\":\"https:\/\/tuzlainfo.ba\/wp-content\/uploads\/2023\/06\/1006_irfan_cengic.jpg\",\"width\":960,\"height\":640},{\"@type\":\"BreadcrumbList\",\"@id\":\"https:\/\/tuzlainfo.ba\/index.php\/bosna-i-hercegovina\/item\/211392-cengic-nakon-referenduma-ovo-je-poruka-politicarima-da-paze-sta-rade\/#breadcrumb\",\"itemListElement\":[{\"@type\":\"ListItem\",\"position\":1,\"name\":\"Home\",\"item\":\"https:\/\/tuzlainfo.ba\/\"},{\"@type\":\"ListItem\",\"position\":2,\"name\":\"\u010cengi\u0107 nakon referenduma: Ovo je poruka politi\u010darima da paze \u0161ta rade\"}]},{\"@type\":\"WebSite\",\"@id\":\"https:\/\/tuzlainfo.ba\/#website\",\"url\":\"https:\/\/tuzlainfo.ba\/\",\"name\":\"TuzlaInfo.ba\",\"description\":\"Tuzla info, gradski informator - Tuzla na dlanu\",\"publisher\":{\"@id\":\"https:\/\/tuzlainfo.ba\/#organization\"},\"potentialAction\":[{\"@type\":\"SearchAction\",\"target\":{\"@type\":\"EntryPoint\",\"urlTemplate\":\"https:\/\/tuzlainfo.ba\/?s={search_term_string}\"},\"query-input\":{\"@type\":\"PropertyValueSpecification\",\"valueRequired\":true,\"valueName\":\"search_term_string\"}}],\"inLanguage\":\"bs-BA\"},{\"@type\":\"Organization\",\"@id\":\"https:\/\/tuzlainfo.ba\/#organization\",\"name\":\"TuzlaInfo.ba\",\"url\":\"https:\/\/tuzlainfo.ba\/\",\"logo\":{\"@type\":\"ImageObject\",\"inLanguage\":\"bs-BA\",\"@id\":\"https:\/\/tuzlainfo.ba\/#\/schema\/logo\/image\/\",\"url\":\"https:\/\/tuzlainfo.ba\/wp-content\/uploads\/2021\/03\/logo-ver-3-1.png\",\"contentUrl\":\"https:\/\/tuzlainfo.ba\/wp-content\/uploads\/2021\/03\/logo-ver-3-1.png\",\"width\":350,\"height\":95,\"caption\":\"TuzlaInfo.ba\"},\"image\":{\"@id\":\"https:\/\/tuzlainfo.ba\/#\/schema\/logo\/image\/\"},\"sameAs\":[\"https:\/\/www.facebook.com\/tuzlainfo.ba\/\"]},{\"@type\":\"Person\",\"@id\":\"https:\/\/tuzlainfo.ba\/#\/schema\/person\/f4ebe4fff27e68efb65fa7e18f8af372\",\"name\":\"admin2\",\"image\":{\"@type\":\"ImageObject\",\"inLanguage\":\"bs-BA\",\"@id\":\"https:\/\/tuzlainfo.ba\/#\/schema\/person\/image\/\",\"url\":\"https:\/\/tuzlainfo.ba\/wp-content\/litespeed\/avatar\/8219eeb9a43cff2d096e773737736f62.jpg?ver=1777309398\",\"contentUrl\":\"https:\/\/tuzlainfo.ba\/wp-content\/litespeed\/avatar\/8219eeb9a43cff2d096e773737736f62.jpg?ver=1777309398\",\"caption\":\"admin2\"},\"description\":\"Tuzlainfo.ba pratite na dru\u0161tvenim mre\u017eama: Facebook, Instagram i Youtube. Svoje pri\u010de, upite i fotografije \u0161aljite na na\u0161u e-mail adresu.\",\"sameAs\":[\"admin\"]}]}<\/script>\n<!-- \/ Yoast SEO plugin. -->","yoast_head_json":{"title":"\u010cengi\u0107 nakon referenduma: Ovo je poruka politi\u010darima da paze \u0161ta rade - TuzlaInfo.ba","robots":{"index":"index","follow":"follow","max-snippet":"max-snippet:-1","max-image-preview":"max-image-preview:large","max-video-preview":"max-video-preview:-1"},"canonical":"https:\/\/tuzlainfo.ba\/index.php\/bosna-i-hercegovina\/item\/211392-cengic-nakon-referenduma-ovo-je-poruka-politicarima-da-paze-sta-rade\/","og_locale":"bs_BA","og_type":"article","og_title":"\u010cengi\u0107 nakon referenduma: Ovo je poruka politi\u010darima da paze \u0161ta rade - TuzlaInfo.ba","og_description":"Nakon referenduma o smjeni na\u010delnika sarajevske Op\u0107ine Stari Grad Ibrahima Had\u017eibajri\u0107a (NES), oglasio se Irfan&hellip;","og_url":"https:\/\/tuzlainfo.ba\/index.php\/bosna-i-hercegovina\/item\/211392-cengic-nakon-referenduma-ovo-je-poruka-politicarima-da-paze-sta-rade\/","og_site_name":"TuzlaInfo.ba","article_publisher":"https:\/\/www.facebook.com\/tuzlainfo.ba\/","article_published_time":"2023-07-24T06:33:55+00:00","article_modified_time":"2023-07-24T06:35:14+00:00","og_image":[{"width":960,"height":640,"url":"https:\/\/tuzlainfo.ba\/wp-content\/uploads\/2023\/06\/1006_irfan_cengic.jpg","type":"image\/jpeg"}],"author":"admin2","twitter_card":"summary_large_image","twitter_misc":{"Written by":"admin2","Est. reading time":"1 minuta"},"schema":{"@context":"https:\/\/schema.org","@graph":[{"@type":"Article","@id":"https:\/\/tuzlainfo.ba\/index.php\/bosna-i-hercegovina\/item\/211392-cengic-nakon-referenduma-ovo-je-poruka-politicarima-da-paze-sta-rade\/#article","isPartOf":{"@id":"https:\/\/tuzlainfo.ba\/index.php\/bosna-i-hercegovina\/item\/211392-cengic-nakon-referenduma-ovo-je-poruka-politicarima-da-paze-sta-rade\/"},"author":{"name":"admin2","@id":"https:\/\/tuzlainfo.ba\/#\/schema\/person\/f4ebe4fff27e68efb65fa7e18f8af372"},"headline":"\u010cengi\u0107 nakon referenduma: Ovo je poruka politi\u010darima da paze \u0161ta rade","datePublished":"2023-07-24T06:33:55+00:00","dateModified":"2023-07-24T06:35:14+00:00","mainEntityOfPage":{"@id":"https:\/\/tuzlainfo.ba\/index.php\/bosna-i-hercegovina\/item\/211392-cengic-nakon-referenduma-ovo-je-poruka-politicarima-da-paze-sta-rade\/"},"wordCount":250,"commentCount":0,"publisher":{"@id":"https:\/\/tuzlainfo.ba\/#organization"},"image":{"@id":"https:\/\/tuzlainfo.ba\/index.php\/bosna-i-hercegovina\/item\/211392-cengic-nakon-referenduma-ovo-je-poruka-politicarima-da-paze-sta-rade\/#primaryimage"},"thumbnailUrl":"https:\/\/tuzlainfo.ba\/wp-content\/uploads\/2023\/06\/1006_irfan_cengic.jpg","keywords":["irfan \u010dengi\u0107","na\u010delnik op\u0107ine stari grad","referendum o smjeni had\u017eibajri\u0107a","sarajevo"],"articleSection":["Bosna i Hercegovina"],"inLanguage":"bs-BA"},{"@type":"WebPage","@id":"https:\/\/tuzlainfo.ba\/index.php\/bosna-i-hercegovina\/item\/211392-cengic-nakon-referenduma-ovo-je-poruka-politicarima-da-paze-sta-rade\/","url":"https:\/\/tuzlainfo.ba\/index.php\/bosna-i-hercegovina\/item\/211392-cengic-nakon-referenduma-ovo-je-poruka-politicarima-da-paze-sta-rade\/","name":"\u010cengi\u0107 nakon referenduma: Ovo je poruka politi\u010darima da paze \u0161ta rade - TuzlaInfo.ba","isPartOf":{"@id":"https:\/\/tuzlainfo.ba\/#website"},"primaryImageOfPage":{"@id":"https:\/\/tuzlainfo.ba\/index.php\/bosna-i-hercegovina\/item\/211392-cengic-nakon-referenduma-ovo-je-poruka-politicarima-da-paze-sta-rade\/#primaryimage"},"image":{"@id":"https:\/\/tuzlainfo.ba\/index.php\/bosna-i-hercegovina\/item\/211392-cengic-nakon-referenduma-ovo-je-poruka-politicarima-da-paze-sta-rade\/#primaryimage"},"thumbnailUrl":"https:\/\/tuzlainfo.ba\/wp-content\/uploads\/2023\/06\/1006_irfan_cengic.jpg","datePublished":"2023-07-24T06:33:55+00:00","dateModified":"2023-07-24T06:35:14+00:00","breadcrumb":{"@id":"https:\/\/tuzlainfo.ba\/index.php\/bosna-i-hercegovina\/item\/211392-cengic-nakon-referenduma-ovo-je-poruka-politicarima-da-paze-sta-rade\/#breadcrumb"},"inLanguage":"bs-BA","potentialAction":[{"@type":"ReadAction","target":["https:\/\/tuzlainfo.ba\/index.php\/bosna-i-hercegovina\/item\/211392-cengic-nakon-referenduma-ovo-je-poruka-politicarima-da-paze-sta-rade\/"]}]},{"@type":"ImageObject","inLanguage":"bs-BA","@id":"https:\/\/tuzlainfo.ba\/index.php\/bosna-i-hercegovina\/item\/211392-cengic-nakon-referenduma-ovo-je-poruka-politicarima-da-paze-sta-rade\/#primaryimage","url":"https:\/\/tuzlainfo.ba\/wp-content\/uploads\/2023\/06\/1006_irfan_cengic.jpg","contentUrl":"https:\/\/tuzlainfo.ba\/wp-content\/uploads\/2023\/06\/1006_irfan_cengic.jpg","width":960,"height":640},{"@type":"BreadcrumbList","@id":"https:\/\/tuzlainfo.ba\/index.php\/bosna-i-hercegovina\/item\/211392-cengic-nakon-referenduma-ovo-je-poruka-politicarima-da-paze-sta-rade\/#breadcrumb","itemListElement":[{"@type":"ListItem","position":1,"name":"Home","item":"https:\/\/tuzlainfo.ba\/"},{"@type":"ListItem","position":2,"name":"\u010cengi\u0107 nakon referenduma: Ovo je poruka politi\u010darima da paze \u0161ta rade"}]},{"@type":"WebSite","@id":"https:\/\/tuzlainfo.ba\/#website","url":"https:\/\/tuzlainfo.ba\/","name":"TuzlaInfo.ba","description":"Tuzla info, gradski informator - Tuzla na dlanu","publisher":{"@id":"https:\/\/tuzlainfo.ba\/#organization"},"potentialAction":[{"@type":"SearchAction","target":{"@type":"EntryPoint","urlTemplate":"https:\/\/tuzlainfo.ba\/?s={search_term_string}"},"query-input":{"@type":"PropertyValueSpecification","valueRequired":true,"valueName":"search_term_string"}}],"inLanguage":"bs-BA"},{"@type":"Organization","@id":"https:\/\/tuzlainfo.ba\/#organization","name":"TuzlaInfo.ba","url":"https:\/\/tuzlainfo.ba\/","logo":{"@type":"ImageObject","inLanguage":"bs-BA","@id":"https:\/\/tuzlainfo.ba\/#\/schema\/logo\/image\/","url":"https:\/\/tuzlainfo.ba\/wp-content\/uploads\/2021\/03\/logo-ver-3-1.png","contentUrl":"https:\/\/tuzlainfo.ba\/wp-content\/uploads\/2021\/03\/logo-ver-3-1.png","width":350,"height":95,"caption":"TuzlaInfo.ba"},"image":{"@id":"https:\/\/tuzlainfo.ba\/#\/schema\/logo\/image\/"},"sameAs":["https:\/\/www.facebook.com\/tuzlainfo.ba\/"]},{"@type":"Person","@id":"https:\/\/tuzlainfo.ba\/#\/schema\/person\/f4ebe4fff27e68efb65fa7e18f8af372","name":"admin2","image":{"@type":"ImageObject","inLanguage":"bs-BA","@id":"https:\/\/tuzlainfo.ba\/#\/schema\/person\/image\/","url":"https:\/\/tuzlainfo.ba\/wp-content\/litespeed\/avatar\/8219eeb9a43cff2d096e773737736f62.jpg?ver=1777309398","contentUrl":"https:\/\/tuzlainfo.ba\/wp-content\/litespeed\/avatar\/8219eeb9a43cff2d096e773737736f62.jpg?ver=1777309398","caption":"admin2"},"description":"Tuzlainfo.ba pratite na dru\u0161tvenim mre\u017eama: Facebook, Instagram i Youtube. Svoje pri\u010de, upite i fotografije \u0161aljite na na\u0161u e-mail adresu.","sameAs":["admin"]}]}},"_links":{"self":[{"href":"https:\/\/tuzlainfo.ba\/index.php\/wp-json\/wp\/v2\/posts\/211392"}],"collection":[{"href":"https:\/\/tuzlainfo.ba\/index.php\/wp-json\/wp\/v2\/posts"}],"about":[{"href":"https:\/\/tuzlainfo.ba\/index.php\/wp-json\/wp\/v2\/types\/post"}],"author":[{"embeddable":true,"href":"https:\/\/tuzlainfo.ba\/index.php\/wp-json\/wp\/v2\/users\/3"}],"replies":[{"embeddable":true,"href":"https:\/\/tuzlainfo.ba\/index.php\/wp-json\/wp\/v2\/comments?post=211392"}],"version-history":[{"count":0,"href":"https:\/\/tuzlainfo.ba\/index.php\/wp-json\/wp\/v2\/posts\/211392\/revisions"}],"wp:featuredmedia":[{"embeddable":true,"href":"https:\/\/tuzlainfo.ba\/index.php\/wp-json\/wp\/v2\/media\/207097"}],"wp:attachment":[{"href":"https:\/\/tuzlainfo.ba\/index.php\/wp-json\/wp\/v2\/media?parent=211392"}],"wp:term":[{"taxonomy":"category","embeddable":true,"href":"https:\/\/tuzlainfo.ba\/index.php\/wp-json\/wp\/v2\/categories?post=211392"},{"taxonomy":"post_tag","embeddable":true,"href":"https:\/\/tuzlainfo.ba\/index.php\/wp-json\/wp\/v2\/tags?post=211392"}],"curies":[{"name":"wp","href":"https:\/\/api.w.org\/{rel}","templated":true}]}}