{"id":211334,"date":"2023-07-23T09:57:49","date_gmt":"2023-07-23T07:57:49","guid":{"rendered":"https:\/\/tuzlainfo.ba\/?p=211334"},"modified":"2023-07-23T09:57:49","modified_gmt":"2023-07-23T07:57:49","slug":"novi-potpisi-za-fk-sloboda-veceras-prva-pripremna-utakmica","status":"publish","type":"post","link":"https:\/\/tuzlainfo.ba\/index.php\/novosti\/item\/211334-novi-potpisi-za-fk-sloboda-veceras-prva-pripremna-utakmica\/","title":{"rendered":"Novi potpisi za FK Sloboda, ve\u010deras prva pripremna utakmica"},"content":{"rendered":"<div class=\"xdj266r x11i5rnm xat24cr x1mh8g0r x1vvkbs x126k92a\">\n<p dir=\"auto\">FK Sloboda nakon \u0161to je objavio da su za &#8220;Crveno-crne&#8221; potpisali golman Azir Muminovi\u0107, Haris Dilaver i Kenan Dervi\u0161agi\u0107, potvrdio je dolazak jo\u0161 tri igra\u010da.<\/p>\n<\/div>\n<div class=\"x11i5rnm xat24cr x1mh8g0r x1vvkbs xtlvy1s x126k92a\">\n<div dir=\"auto\">Ardonis Mu\u0107aj, Dino Kalesi\u0107 i Anes Vazda su novi fudbaleri Fudbalskog kluba &#8220;Sloboda&#8221;. Mu\u0107aj je u pro\u0161loj sezoni bio \u010dlan Vele\u017ea, Kalesi\u0107 dolazi iz grada\u010da\u010dke Zvijezde, a Vazda je bio \u010dlan ekipe BFK Simm Bau.<\/div>\n<div dir=\"auto\"><\/div>\n<div dir=\"auto\">&#8220;Drago mi je \u0161to dolazim u klub kao \u0161to je Sloboda. Prije nekoliko godina sam bio na korak od potpisa, ali zbog tehni\u010dkih stvari se transfer nije realizovao. Potrudit \u0107u se sa svojim saigra\u010dima da napravimo dobar rezultat i uz podr\u0161ku navija\u010da da se plasiramo u Premijer ligu BiH&#8221;, rekao je Kalesi\u0107.<\/div>\n<p class=\"xdj266r x11i5rnm xat24cr x1mh8g0r x1vvkbs x126k92a\">\nPodsje\u010damo, FK Sloboda u ovoj sezoni \u0107e igrati u Prvoj ligi FBiH, a ekipa koju \u0107e sa klupe predvoditi Zlatan Nali\u0107, prvu provjeru pred novu sezonu \u0107e imati ve\u010deras, kada \u0107e u Banovi\u0107ima odmjeriti snage protiv Budu\u0107nosti.<\/p>\n<p>Utakmica po\u010dinje u 18.30 sati.\/Tuzlainfo\/<\/p>\n<\/div>\n","protected":false},"excerpt":{"rendered":"<p>FK Sloboda nakon \u0161to je objavio da su za &#8220;Crveno-crne&#8221; potpisali golman Azir Muminovi\u0107, Haris&hellip;<\/p>\n","protected":false},"author":2,"featured_media":211335,"comment_status":"open","ping_status":"closed","sticky":false,"template":"","format":"standard","meta":{"_acf_changed":false,"footnotes":""},"categories":[304,12],"tags":[466,915,7614],"acf":[],"yoast_head":"<!-- This site is optimized with the Yoast SEO plugin v23.5 - https:\/\/yoast.com\/wordpress\/plugins\/seo\/ -->\n<title>Novi potpisi za FK Sloboda, ve\u010deras prva pripremna utakmica - TuzlaInfo.ba<\/title>\n<meta name=\"robots\" content=\"index, follow, max-snippet:-1, max-image-preview:large, max-video-preview:-1\" \/>\n<link rel=\"canonical\" href=\"https:\/\/tuzlainfo.ba\/index.php\/novosti\/item\/211334-novi-potpisi-za-fk-sloboda-veceras-prva-pripremna-utakmica\/\" \/>\n<meta property=\"og:locale\" content=\"bs_BA\" \/>\n<meta property=\"og:type\" content=\"article\" \/>\n<meta property=\"og:title\" content=\"Novi potpisi za FK Sloboda, ve\u010deras prva pripremna utakmica - TuzlaInfo.ba\" \/>\n<meta property=\"og:description\" content=\"FK Sloboda nakon \u0161to je objavio da su za &#8220;Crveno-crne&#8221; potpisali golman Azir Muminovi\u0107, Haris&hellip;\" \/>\n<meta property=\"og:url\" content=\"https:\/\/tuzlainfo.ba\/index.php\/novosti\/item\/211334-novi-potpisi-za-fk-sloboda-veceras-prva-pripremna-utakmica\/\" \/>\n<meta property=\"og:site_name\" content=\"TuzlaInfo.ba\" \/>\n<meta property=\"article:publisher\" content=\"https:\/\/www.facebook.com\/tuzlainfo.ba\/\" \/>\n<meta property=\"article:published_time\" content=\"2023-07-23T07:57:49+00:00\" \/>\n<meta property=\"og:image\" content=\"https:\/\/tuzlainfo.ba\/wp-content\/uploads\/2023\/07\/2307_fksloboda_pripreme.jpg\" \/>\n\t<meta property=\"og:image:width\" content=\"800\" \/>\n\t<meta property=\"og:image:height\" content=\"550\" \/>\n\t<meta property=\"og:image:type\" content=\"image\/jpeg\" \/>\n<meta name=\"author\" content=\"nedim\" \/>\n<meta name=\"twitter:card\" content=\"summary_large_image\" \/>\n<meta name=\"twitter:label1\" content=\"Written by\" \/>\n\t<meta name=\"twitter:data1\" content=\"nedim\" \/>\n\t<meta name=\"twitter:label2\" content=\"Est. reading time\" \/>\n\t<meta name=\"twitter:data2\" content=\"1 minuta\" \/>\n<script type=\"application\/ld+json\" class=\"yoast-schema-graph\">{\"@context\":\"https:\/\/schema.org\",\"@graph\":[{\"@type\":\"Article\",\"@id\":\"https:\/\/tuzlainfo.ba\/index.php\/novosti\/item\/211334-novi-potpisi-za-fk-sloboda-veceras-prva-pripremna-utakmica\/#article\",\"isPartOf\":{\"@id\":\"https:\/\/tuzlainfo.ba\/index.php\/novosti\/item\/211334-novi-potpisi-za-fk-sloboda-veceras-prva-pripremna-utakmica\/\"},\"author\":{\"name\":\"nedim\",\"@id\":\"https:\/\/tuzlainfo.ba\/#\/schema\/person\/f434e20dc27ea133923aab08451b7f7f\"},\"headline\":\"Novi potpisi za FK Sloboda, ve\u010deras prva pripremna utakmica\",\"datePublished\":\"2023-07-23T07:57:49+00:00\",\"dateModified\":\"2023-07-23T07:57:49+00:00\",\"mainEntityOfPage\":{\"@id\":\"https:\/\/tuzlainfo.ba\/index.php\/novosti\/item\/211334-novi-potpisi-za-fk-sloboda-veceras-prva-pripremna-utakmica\/\"},\"wordCount\":181,\"commentCount\":0,\"publisher\":{\"@id\":\"https:\/\/tuzlainfo.ba\/#organization\"},\"image\":{\"@id\":\"https:\/\/tuzlainfo.ba\/index.php\/novosti\/item\/211334-novi-potpisi-za-fk-sloboda-veceras-prva-pripremna-utakmica\/#primaryimage\"},\"thumbnailUrl\":\"https:\/\/tuzlainfo.ba\/wp-content\/uploads\/2023\/07\/2307_fksloboda_pripreme.jpg\",\"keywords\":[\"fk sloboda\",\"sport\",\"sport tuzla\"],\"articleSection\":[\"Istaknuto\",\"Novosti\"],\"inLanguage\":\"bs-BA\"},{\"@type\":\"WebPage\",\"@id\":\"https:\/\/tuzlainfo.ba\/index.php\/novosti\/item\/211334-novi-potpisi-za-fk-sloboda-veceras-prva-pripremna-utakmica\/\",\"url\":\"https:\/\/tuzlainfo.ba\/index.php\/novosti\/item\/211334-novi-potpisi-za-fk-sloboda-veceras-prva-pripremna-utakmica\/\",\"name\":\"Novi potpisi za FK Sloboda, ve\u010deras prva pripremna utakmica - TuzlaInfo.ba\",\"isPartOf\":{\"@id\":\"https:\/\/tuzlainfo.ba\/#website\"},\"primaryImageOfPage\":{\"@id\":\"https:\/\/tuzlainfo.ba\/index.php\/novosti\/item\/211334-novi-potpisi-za-fk-sloboda-veceras-prva-pripremna-utakmica\/#primaryimage\"},\"image\":{\"@id\":\"https:\/\/tuzlainfo.ba\/index.php\/novosti\/item\/211334-novi-potpisi-za-fk-sloboda-veceras-prva-pripremna-utakmica\/#primaryimage\"},\"thumbnailUrl\":\"https:\/\/tuzlainfo.ba\/wp-content\/uploads\/2023\/07\/2307_fksloboda_pripreme.jpg\",\"datePublished\":\"2023-07-23T07:57:49+00:00\",\"dateModified\":\"2023-07-23T07:57:49+00:00\",\"breadcrumb\":{\"@id\":\"https:\/\/tuzlainfo.ba\/index.php\/novosti\/item\/211334-novi-potpisi-za-fk-sloboda-veceras-prva-pripremna-utakmica\/#breadcrumb\"},\"inLanguage\":\"bs-BA\",\"potentialAction\":[{\"@type\":\"ReadAction\",\"target\":[\"https:\/\/tuzlainfo.ba\/index.php\/novosti\/item\/211334-novi-potpisi-za-fk-sloboda-veceras-prva-pripremna-utakmica\/\"]}]},{\"@type\":\"ImageObject\",\"inLanguage\":\"bs-BA\",\"@id\":\"https:\/\/tuzlainfo.ba\/index.php\/novosti\/item\/211334-novi-potpisi-za-fk-sloboda-veceras-prva-pripremna-utakmica\/#primaryimage\",\"url\":\"https:\/\/tuzlainfo.ba\/wp-content\/uploads\/2023\/07\/2307_fksloboda_pripreme.jpg\",\"contentUrl\":\"https:\/\/tuzlainfo.ba\/wp-content\/uploads\/2023\/07\/2307_fksloboda_pripreme.jpg\",\"width\":800,\"height\":550},{\"@type\":\"BreadcrumbList\",\"@id\":\"https:\/\/tuzlainfo.ba\/index.php\/novosti\/item\/211334-novi-potpisi-za-fk-sloboda-veceras-prva-pripremna-utakmica\/#breadcrumb\",\"itemListElement\":[{\"@type\":\"ListItem\",\"position\":1,\"name\":\"Home\",\"item\":\"https:\/\/tuzlainfo.ba\/\"},{\"@type\":\"ListItem\",\"position\":2,\"name\":\"Novi potpisi za FK Sloboda, ve\u010deras prva pripremna utakmica\"}]},{\"@type\":\"WebSite\",\"@id\":\"https:\/\/tuzlainfo.ba\/#website\",\"url\":\"https:\/\/tuzlainfo.ba\/\",\"name\":\"TuzlaInfo.ba\",\"description\":\"Tuzla info, gradski informator - Tuzla na dlanu\",\"publisher\":{\"@id\":\"https:\/\/tuzlainfo.ba\/#organization\"},\"potentialAction\":[{\"@type\":\"SearchAction\",\"target\":{\"@type\":\"EntryPoint\",\"urlTemplate\":\"https:\/\/tuzlainfo.ba\/?s={search_term_string}\"},\"query-input\":{\"@type\":\"PropertyValueSpecification\",\"valueRequired\":true,\"valueName\":\"search_term_string\"}}],\"inLanguage\":\"bs-BA\"},{\"@type\":\"Organization\",\"@id\":\"https:\/\/tuzlainfo.ba\/#organization\",\"name\":\"TuzlaInfo.ba\",\"url\":\"https:\/\/tuzlainfo.ba\/\",\"logo\":{\"@type\":\"ImageObject\",\"inLanguage\":\"bs-BA\",\"@id\":\"https:\/\/tuzlainfo.ba\/#\/schema\/logo\/image\/\",\"url\":\"https:\/\/tuzlainfo.ba\/wp-content\/uploads\/2021\/03\/logo-ver-3-1.png\",\"contentUrl\":\"https:\/\/tuzlainfo.ba\/wp-content\/uploads\/2021\/03\/logo-ver-3-1.png\",\"width\":350,\"height\":95,\"caption\":\"TuzlaInfo.ba\"},\"image\":{\"@id\":\"https:\/\/tuzlainfo.ba\/#\/schema\/logo\/image\/\"},\"sameAs\":[\"https:\/\/www.facebook.com\/tuzlainfo.ba\/\"]},{\"@type\":\"Person\",\"@id\":\"https:\/\/tuzlainfo.ba\/#\/schema\/person\/f434e20dc27ea133923aab08451b7f7f\",\"name\":\"nedim\",\"image\":{\"@type\":\"ImageObject\",\"inLanguage\":\"bs-BA\",\"@id\":\"https:\/\/tuzlainfo.ba\/#\/schema\/person\/image\/\",\"url\":\"https:\/\/tuzlainfo.ba\/wp-content\/litespeed\/avatar\/aabad687af24844af817603ac1cbdc4f.jpg?ver=1776702173\",\"contentUrl\":\"https:\/\/tuzlainfo.ba\/wp-content\/litespeed\/avatar\/aabad687af24844af817603ac1cbdc4f.jpg?ver=1776702173\",\"caption\":\"nedim\"},\"description\":\"Tuzlainfo.ba pratite na dru\u0161tvenim mre\u017eama: Facebook, Instagram i Youtube. Svoje pri\u010de, upite i fotografije \u0161aljite na na\u0161u e-mail adresu.\"}]}<\/script>\n<!-- \/ Yoast SEO plugin. -->","yoast_head_json":{"title":"Novi potpisi za FK Sloboda, ve\u010deras prva pripremna utakmica - TuzlaInfo.ba","robots":{"index":"index","follow":"follow","max-snippet":"max-snippet:-1","max-image-preview":"max-image-preview:large","max-video-preview":"max-video-preview:-1"},"canonical":"https:\/\/tuzlainfo.ba\/index.php\/novosti\/item\/211334-novi-potpisi-za-fk-sloboda-veceras-prva-pripremna-utakmica\/","og_locale":"bs_BA","og_type":"article","og_title":"Novi potpisi za FK Sloboda, ve\u010deras prva pripremna utakmica - TuzlaInfo.ba","og_description":"FK Sloboda nakon \u0161to je objavio da su za &#8220;Crveno-crne&#8221; potpisali golman Azir Muminovi\u0107, Haris&hellip;","og_url":"https:\/\/tuzlainfo.ba\/index.php\/novosti\/item\/211334-novi-potpisi-za-fk-sloboda-veceras-prva-pripremna-utakmica\/","og_site_name":"TuzlaInfo.ba","article_publisher":"https:\/\/www.facebook.com\/tuzlainfo.ba\/","article_published_time":"2023-07-23T07:57:49+00:00","og_image":[{"width":800,"height":550,"url":"https:\/\/tuzlainfo.ba\/wp-content\/uploads\/2023\/07\/2307_fksloboda_pripreme.jpg","type":"image\/jpeg"}],"author":"nedim","twitter_card":"summary_large_image","twitter_misc":{"Written by":"nedim","Est. reading time":"1 minuta"},"schema":{"@context":"https:\/\/schema.org","@graph":[{"@type":"Article","@id":"https:\/\/tuzlainfo.ba\/index.php\/novosti\/item\/211334-novi-potpisi-za-fk-sloboda-veceras-prva-pripremna-utakmica\/#article","isPartOf":{"@id":"https:\/\/tuzlainfo.ba\/index.php\/novosti\/item\/211334-novi-potpisi-za-fk-sloboda-veceras-prva-pripremna-utakmica\/"},"author":{"name":"nedim","@id":"https:\/\/tuzlainfo.ba\/#\/schema\/person\/f434e20dc27ea133923aab08451b7f7f"},"headline":"Novi potpisi za FK Sloboda, ve\u010deras prva pripremna utakmica","datePublished":"2023-07-23T07:57:49+00:00","dateModified":"2023-07-23T07:57:49+00:00","mainEntityOfPage":{"@id":"https:\/\/tuzlainfo.ba\/index.php\/novosti\/item\/211334-novi-potpisi-za-fk-sloboda-veceras-prva-pripremna-utakmica\/"},"wordCount":181,"commentCount":0,"publisher":{"@id":"https:\/\/tuzlainfo.ba\/#organization"},"image":{"@id":"https:\/\/tuzlainfo.ba\/index.php\/novosti\/item\/211334-novi-potpisi-za-fk-sloboda-veceras-prva-pripremna-utakmica\/#primaryimage"},"thumbnailUrl":"https:\/\/tuzlainfo.ba\/wp-content\/uploads\/2023\/07\/2307_fksloboda_pripreme.jpg","keywords":["fk sloboda","sport","sport tuzla"],"articleSection":["Istaknuto","Novosti"],"inLanguage":"bs-BA"},{"@type":"WebPage","@id":"https:\/\/tuzlainfo.ba\/index.php\/novosti\/item\/211334-novi-potpisi-za-fk-sloboda-veceras-prva-pripremna-utakmica\/","url":"https:\/\/tuzlainfo.ba\/index.php\/novosti\/item\/211334-novi-potpisi-za-fk-sloboda-veceras-prva-pripremna-utakmica\/","name":"Novi potpisi za FK Sloboda, ve\u010deras prva pripremna utakmica - TuzlaInfo.ba","isPartOf":{"@id":"https:\/\/tuzlainfo.ba\/#website"},"primaryImageOfPage":{"@id":"https:\/\/tuzlainfo.ba\/index.php\/novosti\/item\/211334-novi-potpisi-za-fk-sloboda-veceras-prva-pripremna-utakmica\/#primaryimage"},"image":{"@id":"https:\/\/tuzlainfo.ba\/index.php\/novosti\/item\/211334-novi-potpisi-za-fk-sloboda-veceras-prva-pripremna-utakmica\/#primaryimage"},"thumbnailUrl":"https:\/\/tuzlainfo.ba\/wp-content\/uploads\/2023\/07\/2307_fksloboda_pripreme.jpg","datePublished":"2023-07-23T07:57:49+00:00","dateModified":"2023-07-23T07:57:49+00:00","breadcrumb":{"@id":"https:\/\/tuzlainfo.ba\/index.php\/novosti\/item\/211334-novi-potpisi-za-fk-sloboda-veceras-prva-pripremna-utakmica\/#breadcrumb"},"inLanguage":"bs-BA","potentialAction":[{"@type":"ReadAction","target":["https:\/\/tuzlainfo.ba\/index.php\/novosti\/item\/211334-novi-potpisi-za-fk-sloboda-veceras-prva-pripremna-utakmica\/"]}]},{"@type":"ImageObject","inLanguage":"bs-BA","@id":"https:\/\/tuzlainfo.ba\/index.php\/novosti\/item\/211334-novi-potpisi-za-fk-sloboda-veceras-prva-pripremna-utakmica\/#primaryimage","url":"https:\/\/tuzlainfo.ba\/wp-content\/uploads\/2023\/07\/2307_fksloboda_pripreme.jpg","contentUrl":"https:\/\/tuzlainfo.ba\/wp-content\/uploads\/2023\/07\/2307_fksloboda_pripreme.jpg","width":800,"height":550},{"@type":"BreadcrumbList","@id":"https:\/\/tuzlainfo.ba\/index.php\/novosti\/item\/211334-novi-potpisi-za-fk-sloboda-veceras-prva-pripremna-utakmica\/#breadcrumb","itemListElement":[{"@type":"ListItem","position":1,"name":"Home","item":"https:\/\/tuzlainfo.ba\/"},{"@type":"ListItem","position":2,"name":"Novi potpisi za FK Sloboda, ve\u010deras prva pripremna utakmica"}]},{"@type":"WebSite","@id":"https:\/\/tuzlainfo.ba\/#website","url":"https:\/\/tuzlainfo.ba\/","name":"TuzlaInfo.ba","description":"Tuzla info, gradski informator - Tuzla na dlanu","publisher":{"@id":"https:\/\/tuzlainfo.ba\/#organization"},"potentialAction":[{"@type":"SearchAction","target":{"@type":"EntryPoint","urlTemplate":"https:\/\/tuzlainfo.ba\/?s={search_term_string}"},"query-input":{"@type":"PropertyValueSpecification","valueRequired":true,"valueName":"search_term_string"}}],"inLanguage":"bs-BA"},{"@type":"Organization","@id":"https:\/\/tuzlainfo.ba\/#organization","name":"TuzlaInfo.ba","url":"https:\/\/tuzlainfo.ba\/","logo":{"@type":"ImageObject","inLanguage":"bs-BA","@id":"https:\/\/tuzlainfo.ba\/#\/schema\/logo\/image\/","url":"https:\/\/tuzlainfo.ba\/wp-content\/uploads\/2021\/03\/logo-ver-3-1.png","contentUrl":"https:\/\/tuzlainfo.ba\/wp-content\/uploads\/2021\/03\/logo-ver-3-1.png","width":350,"height":95,"caption":"TuzlaInfo.ba"},"image":{"@id":"https:\/\/tuzlainfo.ba\/#\/schema\/logo\/image\/"},"sameAs":["https:\/\/www.facebook.com\/tuzlainfo.ba\/"]},{"@type":"Person","@id":"https:\/\/tuzlainfo.ba\/#\/schema\/person\/f434e20dc27ea133923aab08451b7f7f","name":"nedim","image":{"@type":"ImageObject","inLanguage":"bs-BA","@id":"https:\/\/tuzlainfo.ba\/#\/schema\/person\/image\/","url":"https:\/\/tuzlainfo.ba\/wp-content\/litespeed\/avatar\/aabad687af24844af817603ac1cbdc4f.jpg?ver=1776702173","contentUrl":"https:\/\/tuzlainfo.ba\/wp-content\/litespeed\/avatar\/aabad687af24844af817603ac1cbdc4f.jpg?ver=1776702173","caption":"nedim"},"description":"Tuzlainfo.ba pratite na dru\u0161tvenim mre\u017eama: Facebook, Instagram i Youtube. Svoje pri\u010de, upite i fotografije \u0161aljite na na\u0161u e-mail adresu."}]}},"_links":{"self":[{"href":"https:\/\/tuzlainfo.ba\/index.php\/wp-json\/wp\/v2\/posts\/211334"}],"collection":[{"href":"https:\/\/tuzlainfo.ba\/index.php\/wp-json\/wp\/v2\/posts"}],"about":[{"href":"https:\/\/tuzlainfo.ba\/index.php\/wp-json\/wp\/v2\/types\/post"}],"author":[{"embeddable":true,"href":"https:\/\/tuzlainfo.ba\/index.php\/wp-json\/wp\/v2\/users\/2"}],"replies":[{"embeddable":true,"href":"https:\/\/tuzlainfo.ba\/index.php\/wp-json\/wp\/v2\/comments?post=211334"}],"version-history":[{"count":0,"href":"https:\/\/tuzlainfo.ba\/index.php\/wp-json\/wp\/v2\/posts\/211334\/revisions"}],"wp:featuredmedia":[{"embeddable":true,"href":"https:\/\/tuzlainfo.ba\/index.php\/wp-json\/wp\/v2\/media\/211335"}],"wp:attachment":[{"href":"https:\/\/tuzlainfo.ba\/index.php\/wp-json\/wp\/v2\/media?parent=211334"}],"wp:term":[{"taxonomy":"category","embeddable":true,"href":"https:\/\/tuzlainfo.ba\/index.php\/wp-json\/wp\/v2\/categories?post=211334"},{"taxonomy":"post_tag","embeddable":true,"href":"https:\/\/tuzlainfo.ba\/index.php\/wp-json\/wp\/v2\/tags?post=211334"}],"curies":[{"name":"wp","href":"https:\/\/api.w.org\/{rel}","templated":true}]}}