{"id":211037,"date":"2023-07-20T12:00:53","date_gmt":"2023-07-20T10:00:53","guid":{"rendered":"https:\/\/tuzlainfo.ba\/?p=211037"},"modified":"2023-07-20T10:38:37","modified_gmt":"2023-07-20T08:38:37","slug":"uprava-policije-mup-a-tk-pojacala-mjere-u-toku-ljetne-turisticke-sezone","status":"publish","type":"post","link":"https:\/\/tuzlainfo.ba\/index.php\/novosti\/item\/211037-uprava-policije-mup-a-tk-pojacala-mjere-u-toku-ljetne-turisticke-sezone\/","title":{"rendered":"Uprava policije MUP-a TK poja\u010dala mjere u toku ljetne turisti\u010dke sezone"},"content":{"rendered":"<p>Uprava policije Ministarstva unutra\u0161njih poslova Tuzlanskog kantona, u sklopu akcije &#8220;Ljetna turisti\u010dka sezona 2023&#8221;, provodi intenzivirane preventivne aktivnosti u cilju unapre\u0111enja ukupnog sigurnosnog ambijenta, odnosno spre\u010davanja svih oblika kriminaliteta, odr\u017eavanja javnog reda i mira, te nesmetanog i sigurnog odvijanja saobra\u0107aja na svim putnim komunikacijama u Tuzlanskom kantona kroz poja\u010dano prisustvo policijskih slu\u017ebenika na putevima koji \u0107e na preventivan, ali i represivan na\u010din nastojati odr\u017eati povoljno stanje sigurnosti na podru\u010dju djelovanja nadle\u017enosti Uprave policije MUP TK-a.<\/p>\n<p>Naime, poja\u010dane mjere su prvenstveno usmjerene na za\u0161titu li\u010dne i imovinske sigurnosti svih gra\u0111ana, nesmetano i sigurno odvijanje saobra\u0107aja na putnim komunikacijama u Tuzlanskom kantonu, kao i odr\u017eavanje povoljnog stanja javnog reda i mira, a sve u vidu intenzivnijeg operativnog rada na terenu, poja\u010danog nadzora i prisustva policijskih slu\u017ebenika na odre\u0111enim lokacijama, pri \u010demu je od klju\u010dne va\u017enosti obostrana saradnja sa gra\u0111anima.<\/p>\n<p>&#8211; Pozivamo gra\u0111ane \u2013 u\u010desnike u saobra\u0107aju da se dosljedno pridr\u017eavaju Zakona o osnovama sigurnosti saobra\u0107aja na putevima u BiH i Zakona o javnom redu i miru TK-a, te savjetujemo da i sami preduzmu odre\u0111ene mjere kako bi za\u0161titili svoju imovinu prilikom odlaska na godi\u0161nje odmore i tokom boravka na javnim mjestima na kojima se okuplja ve\u0107i broj gra\u0111ana. S tim u vezi, apelujemo na gra\u0111ane da bilo kakvo sumnjivo pona\u0161anje i\/ili uo\u010denu nezakonitu radnju prijave najbli\u017eoj policijskoj stanici ili na besplatan policijski broj 122 (koji je na raspolaganju gra\u0111anima 24 sata dnevno), te time pru\u017ee podr\u0161ku policiji u stvaranju boljeg sigurnosnog ambijenta &#8211; istakli su iz Uprave policije MUP-a TK.<\/p>\n","protected":false},"excerpt":{"rendered":"<p>Uprava policije Ministarstva unutra\u0161njih poslova Tuzlanskog kantona, u sklopu akcije &#8220;Ljetna turisti\u010dka sezona 2023&#8221;, provodi&hellip;<\/p>\n","protected":false},"author":2,"featured_media":85078,"comment_status":"open","ping_status":"closed","sticky":false,"template":"","format":"standard","meta":{"_acf_changed":false,"footnotes":""},"categories":[304,12],"tags":[482,2366],"acf":[],"yoast_head":"<!-- This site is optimized with the Yoast SEO plugin v23.5 - https:\/\/yoast.com\/wordpress\/plugins\/seo\/ -->\n<title>Uprava policije MUP-a TK poja\u010dala mjere u toku ljetne turisti\u010dke sezone - TuzlaInfo.ba<\/title>\n<meta name=\"robots\" content=\"index, follow, max-snippet:-1, max-image-preview:large, max-video-preview:-1\" \/>\n<link rel=\"canonical\" href=\"https:\/\/tuzlainfo.ba\/index.php\/novosti\/item\/211037-uprava-policije-mup-a-tk-pojacala-mjere-u-toku-ljetne-turisticke-sezone\/\" \/>\n<meta property=\"og:locale\" content=\"bs_BA\" \/>\n<meta property=\"og:type\" content=\"article\" \/>\n<meta property=\"og:title\" content=\"Uprava policije MUP-a TK poja\u010dala mjere u toku ljetne turisti\u010dke sezone - TuzlaInfo.ba\" \/>\n<meta property=\"og:description\" content=\"Uprava policije Ministarstva unutra\u0161njih poslova Tuzlanskog kantona, u sklopu akcije &#8220;Ljetna turisti\u010dka sezona 2023&#8221;, provodi&hellip;\" \/>\n<meta property=\"og:url\" content=\"https:\/\/tuzlainfo.ba\/index.php\/novosti\/item\/211037-uprava-policije-mup-a-tk-pojacala-mjere-u-toku-ljetne-turisticke-sezone\/\" \/>\n<meta property=\"og:site_name\" content=\"TuzlaInfo.ba\" \/>\n<meta property=\"article:publisher\" content=\"https:\/\/www.facebook.com\/tuzlainfo.ba\/\" \/>\n<meta property=\"article:published_time\" content=\"2023-07-20T10:00:53+00:00\" \/>\n<meta property=\"article:modified_time\" content=\"2023-07-20T08:38:37+00:00\" \/>\n<meta property=\"og:image\" content=\"https:\/\/tuzlainfo.ba\/wp-content\/uploads\/2020\/12\/sadrzaj_2016_2016-crna_0101_policija_vozila.jpg\" \/>\n\t<meta property=\"og:image:width\" content=\"770\" \/>\n\t<meta property=\"og:image:height\" content=\"452\" \/>\n\t<meta property=\"og:image:type\" content=\"image\/jpeg\" \/>\n<meta name=\"author\" content=\"nedim\" \/>\n<meta name=\"twitter:card\" content=\"summary_large_image\" \/>\n<meta name=\"twitter:label1\" content=\"Written by\" \/>\n\t<meta name=\"twitter:data1\" content=\"nedim\" \/>\n\t<meta name=\"twitter:label2\" content=\"Est. reading time\" \/>\n\t<meta name=\"twitter:data2\" content=\"1 minuta\" \/>\n<script type=\"application\/ld+json\" class=\"yoast-schema-graph\">{\"@context\":\"https:\/\/schema.org\",\"@graph\":[{\"@type\":\"Article\",\"@id\":\"https:\/\/tuzlainfo.ba\/index.php\/novosti\/item\/211037-uprava-policije-mup-a-tk-pojacala-mjere-u-toku-ljetne-turisticke-sezone\/#article\",\"isPartOf\":{\"@id\":\"https:\/\/tuzlainfo.ba\/index.php\/novosti\/item\/211037-uprava-policije-mup-a-tk-pojacala-mjere-u-toku-ljetne-turisticke-sezone\/\"},\"author\":{\"name\":\"nedim\",\"@id\":\"https:\/\/tuzlainfo.ba\/#\/schema\/person\/f434e20dc27ea133923aab08451b7f7f\"},\"headline\":\"Uprava policije MUP-a TK poja\u010dala mjere u toku ljetne turisti\u010dke sezone\",\"datePublished\":\"2023-07-20T10:00:53+00:00\",\"dateModified\":\"2023-07-20T08:38:37+00:00\",\"mainEntityOfPage\":{\"@id\":\"https:\/\/tuzlainfo.ba\/index.php\/novosti\/item\/211037-uprava-policije-mup-a-tk-pojacala-mjere-u-toku-ljetne-turisticke-sezone\/\"},\"wordCount\":299,\"commentCount\":0,\"publisher\":{\"@id\":\"https:\/\/tuzlainfo.ba\/#organization\"},\"image\":{\"@id\":\"https:\/\/tuzlainfo.ba\/index.php\/novosti\/item\/211037-uprava-policije-mup-a-tk-pojacala-mjere-u-toku-ljetne-turisticke-sezone\/#primaryimage\"},\"thumbnailUrl\":\"https:\/\/tuzlainfo.ba\/wp-content\/uploads\/2020\/12\/sadrzaj_2016_2016-crna_0101_policija_vozila.jpg\",\"keywords\":[\"mup tk\",\"uprava policije\"],\"articleSection\":[\"Istaknuto\",\"Novosti\"],\"inLanguage\":\"bs-BA\"},{\"@type\":\"WebPage\",\"@id\":\"https:\/\/tuzlainfo.ba\/index.php\/novosti\/item\/211037-uprava-policije-mup-a-tk-pojacala-mjere-u-toku-ljetne-turisticke-sezone\/\",\"url\":\"https:\/\/tuzlainfo.ba\/index.php\/novosti\/item\/211037-uprava-policije-mup-a-tk-pojacala-mjere-u-toku-ljetne-turisticke-sezone\/\",\"name\":\"Uprava policije MUP-a TK poja\u010dala mjere u toku ljetne turisti\u010dke sezone - TuzlaInfo.ba\",\"isPartOf\":{\"@id\":\"https:\/\/tuzlainfo.ba\/#website\"},\"primaryImageOfPage\":{\"@id\":\"https:\/\/tuzlainfo.ba\/index.php\/novosti\/item\/211037-uprava-policije-mup-a-tk-pojacala-mjere-u-toku-ljetne-turisticke-sezone\/#primaryimage\"},\"image\":{\"@id\":\"https:\/\/tuzlainfo.ba\/index.php\/novosti\/item\/211037-uprava-policije-mup-a-tk-pojacala-mjere-u-toku-ljetne-turisticke-sezone\/#primaryimage\"},\"thumbnailUrl\":\"https:\/\/tuzlainfo.ba\/wp-content\/uploads\/2020\/12\/sadrzaj_2016_2016-crna_0101_policija_vozila.jpg\",\"datePublished\":\"2023-07-20T10:00:53+00:00\",\"dateModified\":\"2023-07-20T08:38:37+00:00\",\"breadcrumb\":{\"@id\":\"https:\/\/tuzlainfo.ba\/index.php\/novosti\/item\/211037-uprava-policije-mup-a-tk-pojacala-mjere-u-toku-ljetne-turisticke-sezone\/#breadcrumb\"},\"inLanguage\":\"bs-BA\",\"potentialAction\":[{\"@type\":\"ReadAction\",\"target\":[\"https:\/\/tuzlainfo.ba\/index.php\/novosti\/item\/211037-uprava-policije-mup-a-tk-pojacala-mjere-u-toku-ljetne-turisticke-sezone\/\"]}]},{\"@type\":\"ImageObject\",\"inLanguage\":\"bs-BA\",\"@id\":\"https:\/\/tuzlainfo.ba\/index.php\/novosti\/item\/211037-uprava-policije-mup-a-tk-pojacala-mjere-u-toku-ljetne-turisticke-sezone\/#primaryimage\",\"url\":\"https:\/\/tuzlainfo.ba\/wp-content\/uploads\/2020\/12\/sadrzaj_2016_2016-crna_0101_policija_vozila.jpg\",\"contentUrl\":\"https:\/\/tuzlainfo.ba\/wp-content\/uploads\/2020\/12\/sadrzaj_2016_2016-crna_0101_policija_vozila.jpg\",\"width\":770,\"height\":452,\"caption\":\"Foto: Ilustracija\"},{\"@type\":\"BreadcrumbList\",\"@id\":\"https:\/\/tuzlainfo.ba\/index.php\/novosti\/item\/211037-uprava-policije-mup-a-tk-pojacala-mjere-u-toku-ljetne-turisticke-sezone\/#breadcrumb\",\"itemListElement\":[{\"@type\":\"ListItem\",\"position\":1,\"name\":\"Home\",\"item\":\"https:\/\/tuzlainfo.ba\/\"},{\"@type\":\"ListItem\",\"position\":2,\"name\":\"Uprava policije MUP-a TK poja\u010dala mjere u toku ljetne turisti\u010dke sezone\"}]},{\"@type\":\"WebSite\",\"@id\":\"https:\/\/tuzlainfo.ba\/#website\",\"url\":\"https:\/\/tuzlainfo.ba\/\",\"name\":\"TuzlaInfo.ba\",\"description\":\"Tuzla info, gradski informator - Tuzla na dlanu\",\"publisher\":{\"@id\":\"https:\/\/tuzlainfo.ba\/#organization\"},\"potentialAction\":[{\"@type\":\"SearchAction\",\"target\":{\"@type\":\"EntryPoint\",\"urlTemplate\":\"https:\/\/tuzlainfo.ba\/?s={search_term_string}\"},\"query-input\":{\"@type\":\"PropertyValueSpecification\",\"valueRequired\":true,\"valueName\":\"search_term_string\"}}],\"inLanguage\":\"bs-BA\"},{\"@type\":\"Organization\",\"@id\":\"https:\/\/tuzlainfo.ba\/#organization\",\"name\":\"TuzlaInfo.ba\",\"url\":\"https:\/\/tuzlainfo.ba\/\",\"logo\":{\"@type\":\"ImageObject\",\"inLanguage\":\"bs-BA\",\"@id\":\"https:\/\/tuzlainfo.ba\/#\/schema\/logo\/image\/\",\"url\":\"https:\/\/tuzlainfo.ba\/wp-content\/uploads\/2021\/03\/logo-ver-3-1.png\",\"contentUrl\":\"https:\/\/tuzlainfo.ba\/wp-content\/uploads\/2021\/03\/logo-ver-3-1.png\",\"width\":350,\"height\":95,\"caption\":\"TuzlaInfo.ba\"},\"image\":{\"@id\":\"https:\/\/tuzlainfo.ba\/#\/schema\/logo\/image\/\"},\"sameAs\":[\"https:\/\/www.facebook.com\/tuzlainfo.ba\/\"]},{\"@type\":\"Person\",\"@id\":\"https:\/\/tuzlainfo.ba\/#\/schema\/person\/f434e20dc27ea133923aab08451b7f7f\",\"name\":\"nedim\",\"image\":{\"@type\":\"ImageObject\",\"inLanguage\":\"bs-BA\",\"@id\":\"https:\/\/tuzlainfo.ba\/#\/schema\/person\/image\/\",\"url\":\"https:\/\/tuzlainfo.ba\/wp-content\/litespeed\/avatar\/aabad687af24844af817603ac1cbdc4f.jpg?ver=1776702173\",\"contentUrl\":\"https:\/\/tuzlainfo.ba\/wp-content\/litespeed\/avatar\/aabad687af24844af817603ac1cbdc4f.jpg?ver=1776702173\",\"caption\":\"nedim\"},\"description\":\"Tuzlainfo.ba pratite na dru\u0161tvenim mre\u017eama: Facebook, Instagram i Youtube. Svoje pri\u010de, upite i fotografije \u0161aljite na na\u0161u e-mail adresu.\"}]}<\/script>\n<!-- \/ Yoast SEO plugin. -->","yoast_head_json":{"title":"Uprava policije MUP-a TK poja\u010dala mjere u toku ljetne turisti\u010dke sezone - TuzlaInfo.ba","robots":{"index":"index","follow":"follow","max-snippet":"max-snippet:-1","max-image-preview":"max-image-preview:large","max-video-preview":"max-video-preview:-1"},"canonical":"https:\/\/tuzlainfo.ba\/index.php\/novosti\/item\/211037-uprava-policije-mup-a-tk-pojacala-mjere-u-toku-ljetne-turisticke-sezone\/","og_locale":"bs_BA","og_type":"article","og_title":"Uprava policije MUP-a TK poja\u010dala mjere u toku ljetne turisti\u010dke sezone - TuzlaInfo.ba","og_description":"Uprava policije Ministarstva unutra\u0161njih poslova Tuzlanskog kantona, u sklopu akcije &#8220;Ljetna turisti\u010dka sezona 2023&#8221;, provodi&hellip;","og_url":"https:\/\/tuzlainfo.ba\/index.php\/novosti\/item\/211037-uprava-policije-mup-a-tk-pojacala-mjere-u-toku-ljetne-turisticke-sezone\/","og_site_name":"TuzlaInfo.ba","article_publisher":"https:\/\/www.facebook.com\/tuzlainfo.ba\/","article_published_time":"2023-07-20T10:00:53+00:00","article_modified_time":"2023-07-20T08:38:37+00:00","og_image":[{"width":770,"height":452,"url":"https:\/\/tuzlainfo.ba\/wp-content\/uploads\/2020\/12\/sadrzaj_2016_2016-crna_0101_policija_vozila.jpg","type":"image\/jpeg"}],"author":"nedim","twitter_card":"summary_large_image","twitter_misc":{"Written by":"nedim","Est. reading time":"1 minuta"},"schema":{"@context":"https:\/\/schema.org","@graph":[{"@type":"Article","@id":"https:\/\/tuzlainfo.ba\/index.php\/novosti\/item\/211037-uprava-policije-mup-a-tk-pojacala-mjere-u-toku-ljetne-turisticke-sezone\/#article","isPartOf":{"@id":"https:\/\/tuzlainfo.ba\/index.php\/novosti\/item\/211037-uprava-policije-mup-a-tk-pojacala-mjere-u-toku-ljetne-turisticke-sezone\/"},"author":{"name":"nedim","@id":"https:\/\/tuzlainfo.ba\/#\/schema\/person\/f434e20dc27ea133923aab08451b7f7f"},"headline":"Uprava policije MUP-a TK poja\u010dala mjere u toku ljetne turisti\u010dke sezone","datePublished":"2023-07-20T10:00:53+00:00","dateModified":"2023-07-20T08:38:37+00:00","mainEntityOfPage":{"@id":"https:\/\/tuzlainfo.ba\/index.php\/novosti\/item\/211037-uprava-policije-mup-a-tk-pojacala-mjere-u-toku-ljetne-turisticke-sezone\/"},"wordCount":299,"commentCount":0,"publisher":{"@id":"https:\/\/tuzlainfo.ba\/#organization"},"image":{"@id":"https:\/\/tuzlainfo.ba\/index.php\/novosti\/item\/211037-uprava-policije-mup-a-tk-pojacala-mjere-u-toku-ljetne-turisticke-sezone\/#primaryimage"},"thumbnailUrl":"https:\/\/tuzlainfo.ba\/wp-content\/uploads\/2020\/12\/sadrzaj_2016_2016-crna_0101_policija_vozila.jpg","keywords":["mup tk","uprava policije"],"articleSection":["Istaknuto","Novosti"],"inLanguage":"bs-BA"},{"@type":"WebPage","@id":"https:\/\/tuzlainfo.ba\/index.php\/novosti\/item\/211037-uprava-policije-mup-a-tk-pojacala-mjere-u-toku-ljetne-turisticke-sezone\/","url":"https:\/\/tuzlainfo.ba\/index.php\/novosti\/item\/211037-uprava-policije-mup-a-tk-pojacala-mjere-u-toku-ljetne-turisticke-sezone\/","name":"Uprava policije MUP-a TK poja\u010dala mjere u toku ljetne turisti\u010dke sezone - TuzlaInfo.ba","isPartOf":{"@id":"https:\/\/tuzlainfo.ba\/#website"},"primaryImageOfPage":{"@id":"https:\/\/tuzlainfo.ba\/index.php\/novosti\/item\/211037-uprava-policije-mup-a-tk-pojacala-mjere-u-toku-ljetne-turisticke-sezone\/#primaryimage"},"image":{"@id":"https:\/\/tuzlainfo.ba\/index.php\/novosti\/item\/211037-uprava-policije-mup-a-tk-pojacala-mjere-u-toku-ljetne-turisticke-sezone\/#primaryimage"},"thumbnailUrl":"https:\/\/tuzlainfo.ba\/wp-content\/uploads\/2020\/12\/sadrzaj_2016_2016-crna_0101_policija_vozila.jpg","datePublished":"2023-07-20T10:00:53+00:00","dateModified":"2023-07-20T08:38:37+00:00","breadcrumb":{"@id":"https:\/\/tuzlainfo.ba\/index.php\/novosti\/item\/211037-uprava-policije-mup-a-tk-pojacala-mjere-u-toku-ljetne-turisticke-sezone\/#breadcrumb"},"inLanguage":"bs-BA","potentialAction":[{"@type":"ReadAction","target":["https:\/\/tuzlainfo.ba\/index.php\/novosti\/item\/211037-uprava-policije-mup-a-tk-pojacala-mjere-u-toku-ljetne-turisticke-sezone\/"]}]},{"@type":"ImageObject","inLanguage":"bs-BA","@id":"https:\/\/tuzlainfo.ba\/index.php\/novosti\/item\/211037-uprava-policije-mup-a-tk-pojacala-mjere-u-toku-ljetne-turisticke-sezone\/#primaryimage","url":"https:\/\/tuzlainfo.ba\/wp-content\/uploads\/2020\/12\/sadrzaj_2016_2016-crna_0101_policija_vozila.jpg","contentUrl":"https:\/\/tuzlainfo.ba\/wp-content\/uploads\/2020\/12\/sadrzaj_2016_2016-crna_0101_policija_vozila.jpg","width":770,"height":452,"caption":"Foto: Ilustracija"},{"@type":"BreadcrumbList","@id":"https:\/\/tuzlainfo.ba\/index.php\/novosti\/item\/211037-uprava-policije-mup-a-tk-pojacala-mjere-u-toku-ljetne-turisticke-sezone\/#breadcrumb","itemListElement":[{"@type":"ListItem","position":1,"name":"Home","item":"https:\/\/tuzlainfo.ba\/"},{"@type":"ListItem","position":2,"name":"Uprava policije MUP-a TK poja\u010dala mjere u toku ljetne turisti\u010dke sezone"}]},{"@type":"WebSite","@id":"https:\/\/tuzlainfo.ba\/#website","url":"https:\/\/tuzlainfo.ba\/","name":"TuzlaInfo.ba","description":"Tuzla info, gradski informator - Tuzla na dlanu","publisher":{"@id":"https:\/\/tuzlainfo.ba\/#organization"},"potentialAction":[{"@type":"SearchAction","target":{"@type":"EntryPoint","urlTemplate":"https:\/\/tuzlainfo.ba\/?s={search_term_string}"},"query-input":{"@type":"PropertyValueSpecification","valueRequired":true,"valueName":"search_term_string"}}],"inLanguage":"bs-BA"},{"@type":"Organization","@id":"https:\/\/tuzlainfo.ba\/#organization","name":"TuzlaInfo.ba","url":"https:\/\/tuzlainfo.ba\/","logo":{"@type":"ImageObject","inLanguage":"bs-BA","@id":"https:\/\/tuzlainfo.ba\/#\/schema\/logo\/image\/","url":"https:\/\/tuzlainfo.ba\/wp-content\/uploads\/2021\/03\/logo-ver-3-1.png","contentUrl":"https:\/\/tuzlainfo.ba\/wp-content\/uploads\/2021\/03\/logo-ver-3-1.png","width":350,"height":95,"caption":"TuzlaInfo.ba"},"image":{"@id":"https:\/\/tuzlainfo.ba\/#\/schema\/logo\/image\/"},"sameAs":["https:\/\/www.facebook.com\/tuzlainfo.ba\/"]},{"@type":"Person","@id":"https:\/\/tuzlainfo.ba\/#\/schema\/person\/f434e20dc27ea133923aab08451b7f7f","name":"nedim","image":{"@type":"ImageObject","inLanguage":"bs-BA","@id":"https:\/\/tuzlainfo.ba\/#\/schema\/person\/image\/","url":"https:\/\/tuzlainfo.ba\/wp-content\/litespeed\/avatar\/aabad687af24844af817603ac1cbdc4f.jpg?ver=1776702173","contentUrl":"https:\/\/tuzlainfo.ba\/wp-content\/litespeed\/avatar\/aabad687af24844af817603ac1cbdc4f.jpg?ver=1776702173","caption":"nedim"},"description":"Tuzlainfo.ba pratite na dru\u0161tvenim mre\u017eama: Facebook, Instagram i Youtube. Svoje pri\u010de, upite i fotografije \u0161aljite na na\u0161u e-mail adresu."}]}},"_links":{"self":[{"href":"https:\/\/tuzlainfo.ba\/index.php\/wp-json\/wp\/v2\/posts\/211037"}],"collection":[{"href":"https:\/\/tuzlainfo.ba\/index.php\/wp-json\/wp\/v2\/posts"}],"about":[{"href":"https:\/\/tuzlainfo.ba\/index.php\/wp-json\/wp\/v2\/types\/post"}],"author":[{"embeddable":true,"href":"https:\/\/tuzlainfo.ba\/index.php\/wp-json\/wp\/v2\/users\/2"}],"replies":[{"embeddable":true,"href":"https:\/\/tuzlainfo.ba\/index.php\/wp-json\/wp\/v2\/comments?post=211037"}],"version-history":[{"count":0,"href":"https:\/\/tuzlainfo.ba\/index.php\/wp-json\/wp\/v2\/posts\/211037\/revisions"}],"wp:featuredmedia":[{"embeddable":true,"href":"https:\/\/tuzlainfo.ba\/index.php\/wp-json\/wp\/v2\/media\/85078"}],"wp:attachment":[{"href":"https:\/\/tuzlainfo.ba\/index.php\/wp-json\/wp\/v2\/media?parent=211037"}],"wp:term":[{"taxonomy":"category","embeddable":true,"href":"https:\/\/tuzlainfo.ba\/index.php\/wp-json\/wp\/v2\/categories?post=211037"},{"taxonomy":"post_tag","embeddable":true,"href":"https:\/\/tuzlainfo.ba\/index.php\/wp-json\/wp\/v2\/tags?post=211037"}],"curies":[{"name":"wp","href":"https:\/\/api.w.org\/{rel}","templated":true}]}}