{"id":211034,"date":"2023-07-20T11:00:06","date_gmt":"2023-07-20T09:00:06","guid":{"rendered":"https:\/\/tuzlainfo.ba\/?p=211034"},"modified":"2023-07-20T10:32:00","modified_gmt":"2023-07-20T08:32:00","slug":"sedmica-gitare-u-tuzli-veceras-koncert-umjetnika-tal-hurwitza","status":"publish","type":"post","link":"https:\/\/tuzlainfo.ba\/index.php\/najava-dogadaja-2\/item\/211034-sedmica-gitare-u-tuzli-veceras-koncert-umjetnika-tal-hurwitza\/","title":{"rendered":"Sedmica gitare u Tuzli: Ve\u010deras koncert umjetnika Tal Hurwitza"},"content":{"rendered":"<p>Tuzla Guitar Week nastavlja privla\u010diti pa\u017enju aktivnostima koje novim znanjem i iskustvom oboga\u0107uju brojne u\u010desnike, ali i posebnu zabavu pru\u017eaju publici koja u\u017eiva u koncertima u centru grada. Tako je bilo i na proteklom koncertu Alejandra C\u00f3rdove iz Meksika i Istv\u00e1na R\u00f6mera iz Hrvatske, a ve\u0107 novu priliku da prisustvuju koncertu imaju ve\u010deras kada \u0107e nastupiti Tal Hurwitz (Njema\u010dka\/Izrael\/Poljska).<\/p>\n<p>Ovaj umjetnik je nastupao i protekle godine u prvom izdanju internacionalne Sedmice gitare Tuzla i pobudio je interesovanje publike, te su o\u010dekivanja da \u0107e i novi nastup pred tuzlanskom publikom donijeti pozitivne reakcije. Tal Hurwitz je stekao me\u0111unarodno priznanje na koncertima i takmi\u010denjima \u0161irom planete, pokazuju\u0107i svoju reputaciju tehni\u010dkog majstorstva i umjetni\u010dke jasno\u0107e.<\/p>\n<p>Njegova odanost muzici, \u017eelja za ljepotom i estetikom u interpretaciji i stalna potraga za kombinacijom starog sa novim, dovela je do velike karijere i nastupa \u0161irom Europe, Sjeverne Amerike, Ju\u017ene Amerike i Azije. Kompozitori svjetske klase su mu posvetili djela, kao \u0161to su Nikita Koshkin, Daniel Akiva, Wulfin Lieske i Ariel Man.<\/p>\n<p>Koncert \u0107e biti odr\u017ean u Hrvatskom kulturnom centru \u201eSveti Franjo\u201c u Tuzli u 20.30 sati, a ulaz je besplatan.<\/p>\n<p>I dalje se odr\u017eavaju intenzivne radionice u vidu individualne i grupne nastave, orkestar gitara i svakodnevno skupno vje\u017ebanje. Nastava je u toku u Domu mladih i u Me\u0111unarodnoj galeriji portreta Tuzla, u sklopu Javne ustanove Centar za kulturu Tuzla.<\/p>\n<p>Sve se odr\u017eava uz podr\u0161ku zlatnih sponzora Sparkasse Bank d.d. BiH i Njema\u010dke ambasade u Sarajevu, pokrovitelja manifestacije Grada Tuzle &#8211; Slu\u017ebe za kulturu, sport, mlade i socijalnu za\u0161titu, Turisti\u010dke zajednice Grada Tuzle, Ministarstva za kulturu, sport i mlade TK, te prijatelja manifestacije NLB Banke, Franjeva\u010dkog samostana Tuzla, Javne ustanove Centar za kulturu Tuzla, Poljske ambasade u Sarajevu, Mono Digitala, Ku\u0107e plamena mira i Grand Hotela Tuzla.<\/p>\n","protected":false},"excerpt":{"rendered":"<p>Tuzla Guitar Week nastavlja privla\u010diti pa\u017enju aktivnostima koje novim znanjem i iskustvom oboga\u0107uju brojne u\u010desnike, ali i posebnu zabavu pru\u017eaju publici koja u\u017eiva u koncertima u centru grada. Tako je bilo i na proteklom koncertu Alejandra C\u00f3rdove iz Meksika i Istv\u00e1na R\u00f6mera iz Hrvatske, a ve\u0107 novu priliku da prisustvuju koncertu imaju ve\u010deras kada \u0107e [&hellip;]<\/p>\n","protected":false},"author":2,"featured_media":211035,"comment_status":"open","ping_status":"closed","sticky":false,"template":"","format":"standard","meta":{"footnotes":""},"categories":[304,11],"tags":[7249,6766,42,5153],"class_list":["post-211034","post","type-post","status-publish","format-standard","has-post-thumbnail","hentry","category-istaknuto","category-najava-dogadaja-2","tag-desavanja-u-tuzli","tag-najava-dogadjaja-tuzla","tag-tuzla","tag-tuzla-guitar-week"],"yoast_head":"<!-- This site is optimized with the Yoast SEO plugin v28.4 - https:\/\/yoast.com\/product\/yoast-seo-wordpress\/ -->\n<title>Sedmica gitare u Tuzli: Ve\u010deras koncert umjetnika Tal Hurwitza<\/title>\n<meta name=\"robots\" content=\"index, follow, max-snippet:-1, max-image-preview:large, max-video-preview:-1\" \/>\n<link rel=\"canonical\" href=\"https:\/\/tuzlainfo.ba\/index.php\/najava-dogadaja-2\/item\/211034-sedmica-gitare-u-tuzli-veceras-koncert-umjetnika-tal-hurwitza\/\" \/>\n<meta property=\"og:locale\" content=\"bs_BA\" \/>\n<meta property=\"og:type\" content=\"article\" \/>\n<meta property=\"og:title\" content=\"Sedmica gitare u Tuzli: Ve\u010deras koncert umjetnika Tal Hurwitza\" \/>\n<meta property=\"og:description\" content=\"Tuzla Guitar Week nastavlja privla\u010diti pa\u017enju aktivnostima koje novim znanjem i iskustvom oboga\u0107uju brojne u\u010desnike, ali i posebnu zabavu pru\u017eaju publici koja u\u017eiva u koncertima u centru grada. Tako je bilo i na proteklom koncertu Alejandra C\u00f3rdove iz Meksika i Istv\u00e1na R\u00f6mera iz Hrvatske, a ve\u0107 novu priliku da prisustvuju koncertu imaju ve\u010deras kada \u0107e [&hellip;]\" \/>\n<meta property=\"og:url\" content=\"https:\/\/tuzlainfo.ba\/index.php\/najava-dogadaja-2\/item\/211034-sedmica-gitare-u-tuzli-veceras-koncert-umjetnika-tal-hurwitza\/\" \/>\n<meta property=\"og:site_name\" content=\"TuzlaInfo.ba\" \/>\n<meta property=\"article:publisher\" content=\"https:\/\/www.facebook.com\/tuzlainfo.ba\/\" \/>\n<meta property=\"article:published_time\" content=\"2023-07-20T09:00:06+00:00\" \/>\n<meta property=\"og:image\" content=\"https:\/\/tuzlainfo.ba\/wp-content\/uploads\/2023\/07\/2007_plaket_hur.jpg\" \/>\n\t<meta property=\"og:image:width\" content=\"800\" \/>\n\t<meta property=\"og:image:height\" content=\"800\" \/>\n\t<meta property=\"og:image:type\" content=\"image\/jpeg\" \/>\n<meta name=\"author\" content=\"nedim\" \/>\n<meta name=\"twitter:card\" content=\"summary_large_image\" \/>\n<meta name=\"twitter:label1\" content=\"Written by\" \/>\n\t<meta name=\"twitter:data1\" content=\"nedim\" \/>\n\t<meta name=\"twitter:label2\" content=\"Est. reading time\" \/>\n\t<meta name=\"twitter:data2\" content=\"2 minute\" \/>\n<script type=\"application\/ld+json\" class=\"yoast-schema-graph\">{\"@context\":\"https:\\\/\\\/schema.org\",\"@graph\":[{\"@type\":\"Article\",\"@id\":\"https:\\\/\\\/tuzlainfo.ba\\\/index.php\\\/najava-dogadaja-2\\\/item\\\/211034-sedmica-gitare-u-tuzli-veceras-koncert-umjetnika-tal-hurwitza\\\/#article\",\"isPartOf\":{\"@id\":\"https:\\\/\\\/tuzlainfo.ba\\\/index.php\\\/najava-dogadaja-2\\\/item\\\/211034-sedmica-gitare-u-tuzli-veceras-koncert-umjetnika-tal-hurwitza\\\/\"},\"author\":{\"name\":\"nedim\",\"@id\":\"https:\\\/\\\/tuzlainfo.ba\\\/#\\\/schema\\\/person\\\/f434e20dc27ea133923aab08451b7f7f\"},\"headline\":\"Sedmica gitare u Tuzli: Ve\u010deras koncert umjetnika Tal Hurwitza\",\"datePublished\":\"2023-07-20T09:00:06+00:00\",\"mainEntityOfPage\":{\"@id\":\"https:\\\/\\\/tuzlainfo.ba\\\/index.php\\\/najava-dogadaja-2\\\/item\\\/211034-sedmica-gitare-u-tuzli-veceras-koncert-umjetnika-tal-hurwitza\\\/\"},\"wordCount\":332,\"commentCount\":0,\"publisher\":{\"@id\":\"https:\\\/\\\/tuzlainfo.ba\\\/#organization\"},\"image\":{\"@id\":\"https:\\\/\\\/tuzlainfo.ba\\\/index.php\\\/najava-dogadaja-2\\\/item\\\/211034-sedmica-gitare-u-tuzli-veceras-koncert-umjetnika-tal-hurwitza\\\/#primaryimage\"},\"thumbnailUrl\":\"https:\\\/\\\/tuzlainfo.ba\\\/wp-content\\\/uploads\\\/2023\\\/07\\\/2007_plaket_hur.jpg\",\"keywords\":[\"de\u0161avanja u tuzli\",\"najava doga\u0111aja tuzla\",\"tuzla\",\"Tuzla Guitar Week\"],\"articleSection\":[\"Istaknuto\",\"Najave i doga\u0111aji\"],\"inLanguage\":\"bs-BA\",\"copyrightYear\":\"2023\",\"copyrightHolder\":{\"@id\":\"https:\\\/\\\/tuzlainfo.ba\\\/#organization\"}},{\"@type\":\"WebPage\",\"@id\":\"https:\\\/\\\/tuzlainfo.ba\\\/index.php\\\/najava-dogadaja-2\\\/item\\\/211034-sedmica-gitare-u-tuzli-veceras-koncert-umjetnika-tal-hurwitza\\\/\",\"url\":\"https:\\\/\\\/tuzlainfo.ba\\\/index.php\\\/najava-dogadaja-2\\\/item\\\/211034-sedmica-gitare-u-tuzli-veceras-koncert-umjetnika-tal-hurwitza\\\/\",\"name\":\"Sedmica gitare u Tuzli: Ve\u010deras koncert umjetnika Tal Hurwitza\",\"isPartOf\":{\"@id\":\"https:\\\/\\\/tuzlainfo.ba\\\/#website\"},\"primaryImageOfPage\":{\"@id\":\"https:\\\/\\\/tuzlainfo.ba\\\/index.php\\\/najava-dogadaja-2\\\/item\\\/211034-sedmica-gitare-u-tuzli-veceras-koncert-umjetnika-tal-hurwitza\\\/#primaryimage\"},\"image\":{\"@id\":\"https:\\\/\\\/tuzlainfo.ba\\\/index.php\\\/najava-dogadaja-2\\\/item\\\/211034-sedmica-gitare-u-tuzli-veceras-koncert-umjetnika-tal-hurwitza\\\/#primaryimage\"},\"thumbnailUrl\":\"https:\\\/\\\/tuzlainfo.ba\\\/wp-content\\\/uploads\\\/2023\\\/07\\\/2007_plaket_hur.jpg\",\"datePublished\":\"2023-07-20T09:00:06+00:00\",\"breadcrumb\":{\"@id\":\"https:\\\/\\\/tuzlainfo.ba\\\/index.php\\\/najava-dogadaja-2\\\/item\\\/211034-sedmica-gitare-u-tuzli-veceras-koncert-umjetnika-tal-hurwitza\\\/#breadcrumb\"},\"inLanguage\":\"bs-BA\",\"potentialAction\":[{\"@type\":\"ReadAction\",\"target\":[\"https:\\\/\\\/tuzlainfo.ba\\\/index.php\\\/najava-dogadaja-2\\\/item\\\/211034-sedmica-gitare-u-tuzli-veceras-koncert-umjetnika-tal-hurwitza\\\/\"]}]},{\"@type\":\"ImageObject\",\"inLanguage\":\"bs-BA\",\"@id\":\"https:\\\/\\\/tuzlainfo.ba\\\/index.php\\\/najava-dogadaja-2\\\/item\\\/211034-sedmica-gitare-u-tuzli-veceras-koncert-umjetnika-tal-hurwitza\\\/#primaryimage\",\"url\":\"https:\\\/\\\/tuzlainfo.ba\\\/wp-content\\\/uploads\\\/2023\\\/07\\\/2007_plaket_hur.jpg\",\"contentUrl\":\"https:\\\/\\\/tuzlainfo.ba\\\/wp-content\\\/uploads\\\/2023\\\/07\\\/2007_plaket_hur.jpg\",\"width\":800,\"height\":800},{\"@type\":\"BreadcrumbList\",\"@id\":\"https:\\\/\\\/tuzlainfo.ba\\\/index.php\\\/najava-dogadaja-2\\\/item\\\/211034-sedmica-gitare-u-tuzli-veceras-koncert-umjetnika-tal-hurwitza\\\/#breadcrumb\",\"itemListElement\":[{\"@type\":\"ListItem\",\"position\":1,\"name\":\"Home\",\"item\":\"https:\\\/\\\/tuzlainfo.ba\\\/\"},{\"@type\":\"ListItem\",\"position\":2,\"name\":\"Sedmica gitare u Tuzli: Ve\u010deras koncert umjetnika Tal Hurwitza\"}]},{\"@type\":\"WebSite\",\"@id\":\"https:\\\/\\\/tuzlainfo.ba\\\/#website\",\"url\":\"https:\\\/\\\/tuzlainfo.ba\\\/\",\"name\":\"TuzlaInfo.ba\",\"description\":\"Tuzla info, gradski informator - Tuzla na dlanu\",\"publisher\":{\"@id\":\"https:\\\/\\\/tuzlainfo.ba\\\/#organization\"},\"potentialAction\":[{\"@type\":\"SearchAction\",\"target\":{\"@type\":\"EntryPoint\",\"urlTemplate\":\"https:\\\/\\\/tuzlainfo.ba\\\/?s={search_term_string}\"},\"query-input\":{\"@type\":\"PropertyValueSpecification\",\"valueRequired\":true,\"valueName\":\"search_term_string\"}}],\"inLanguage\":\"bs-BA\"},{\"@type\":\"Organization\",\"@id\":\"https:\\\/\\\/tuzlainfo.ba\\\/#organization\",\"name\":\"TuzlaInfo.ba\",\"url\":\"https:\\\/\\\/tuzlainfo.ba\\\/\",\"logo\":{\"@type\":\"ImageObject\",\"inLanguage\":\"bs-BA\",\"@id\":\"https:\\\/\\\/tuzlainfo.ba\\\/#\\\/schema\\\/logo\\\/image\\\/\",\"url\":\"https:\\\/\\\/tuzlainfo.ba\\\/wp-content\\\/uploads\\\/2021\\\/03\\\/logo-ver-3-1.png\",\"contentUrl\":\"https:\\\/\\\/tuzlainfo.ba\\\/wp-content\\\/uploads\\\/2021\\\/03\\\/logo-ver-3-1.png\",\"width\":350,\"height\":95,\"caption\":\"TuzlaInfo.ba\"},\"image\":{\"@id\":\"https:\\\/\\\/tuzlainfo.ba\\\/#\\\/schema\\\/logo\\\/image\\\/\"},\"sameAs\":[\"https:\\\/\\\/www.facebook.com\\\/tuzlainfo.ba\\\/\"]},{\"@type\":\"Person\",\"@id\":\"https:\\\/\\\/tuzlainfo.ba\\\/#\\\/schema\\\/person\\\/f434e20dc27ea133923aab08451b7f7f\",\"name\":\"nedim\",\"image\":{\"@type\":\"ImageObject\",\"inLanguage\":\"bs-BA\",\"@id\":\"https:\\\/\\\/secure.gravatar.com\\\/avatar\\\/5b928a2e7e70a54208d2eb6c1edcb75a5350d6ae97d5f0a701203d456823f6f3?s=96&d=mm&r=g\",\"url\":\"https:\\\/\\\/secure.gravatar.com\\\/avatar\\\/5b928a2e7e70a54208d2eb6c1edcb75a5350d6ae97d5f0a701203d456823f6f3?s=96&d=mm&r=g\",\"contentUrl\":\"https:\\\/\\\/secure.gravatar.com\\\/avatar\\\/5b928a2e7e70a54208d2eb6c1edcb75a5350d6ae97d5f0a701203d456823f6f3?s=96&d=mm&r=g\",\"caption\":\"nedim\"},\"description\":\"Tuzlainfo.ba pratite na dru\u0161tvenim mre\u017eama: Facebook, Instagram i Youtube. Svoje pri\u010de, upite i fotografije \u0161aljite na na\u0161u e-mail adresu.\"}]}<\/script>\n<!-- \/ Yoast SEO plugin. -->","yoast_head_json":{"title":"Sedmica gitare u Tuzli: Ve\u010deras koncert umjetnika Tal Hurwitza","robots":{"index":"index","follow":"follow","max-snippet":"max-snippet:-1","max-image-preview":"max-image-preview:large","max-video-preview":"max-video-preview:-1"},"canonical":"https:\/\/tuzlainfo.ba\/index.php\/najava-dogadaja-2\/item\/211034-sedmica-gitare-u-tuzli-veceras-koncert-umjetnika-tal-hurwitza\/","og_locale":"bs_BA","og_type":"article","og_title":"Sedmica gitare u Tuzli: Ve\u010deras koncert umjetnika Tal Hurwitza","og_description":"Tuzla Guitar Week nastavlja privla\u010diti pa\u017enju aktivnostima koje novim znanjem i iskustvom oboga\u0107uju brojne u\u010desnike, ali i posebnu zabavu pru\u017eaju publici koja u\u017eiva u koncertima u centru grada. Tako je bilo i na proteklom koncertu Alejandra C\u00f3rdove iz Meksika i Istv\u00e1na R\u00f6mera iz Hrvatske, a ve\u0107 novu priliku da prisustvuju koncertu imaju ve\u010deras kada \u0107e [&hellip;]","og_url":"https:\/\/tuzlainfo.ba\/index.php\/najava-dogadaja-2\/item\/211034-sedmica-gitare-u-tuzli-veceras-koncert-umjetnika-tal-hurwitza\/","og_site_name":"TuzlaInfo.ba","article_publisher":"https:\/\/www.facebook.com\/tuzlainfo.ba\/","article_published_time":"2023-07-20T09:00:06+00:00","og_image":[{"width":800,"height":800,"url":"https:\/\/tuzlainfo.ba\/wp-content\/uploads\/2023\/07\/2007_plaket_hur.jpg","type":"image\/jpeg"}],"author":"nedim","twitter_card":"summary_large_image","twitter_misc":{"Written by":"nedim","Est. reading time":"2 minute"},"schema":{"@context":"https:\/\/schema.org","@graph":[{"@type":"Article","@id":"https:\/\/tuzlainfo.ba\/index.php\/najava-dogadaja-2\/item\/211034-sedmica-gitare-u-tuzli-veceras-koncert-umjetnika-tal-hurwitza\/#article","isPartOf":{"@id":"https:\/\/tuzlainfo.ba\/index.php\/najava-dogadaja-2\/item\/211034-sedmica-gitare-u-tuzli-veceras-koncert-umjetnika-tal-hurwitza\/"},"author":{"name":"nedim","@id":"https:\/\/tuzlainfo.ba\/#\/schema\/person\/f434e20dc27ea133923aab08451b7f7f"},"headline":"Sedmica gitare u Tuzli: Ve\u010deras koncert umjetnika Tal Hurwitza","datePublished":"2023-07-20T09:00:06+00:00","mainEntityOfPage":{"@id":"https:\/\/tuzlainfo.ba\/index.php\/najava-dogadaja-2\/item\/211034-sedmica-gitare-u-tuzli-veceras-koncert-umjetnika-tal-hurwitza\/"},"wordCount":332,"commentCount":0,"publisher":{"@id":"https:\/\/tuzlainfo.ba\/#organization"},"image":{"@id":"https:\/\/tuzlainfo.ba\/index.php\/najava-dogadaja-2\/item\/211034-sedmica-gitare-u-tuzli-veceras-koncert-umjetnika-tal-hurwitza\/#primaryimage"},"thumbnailUrl":"https:\/\/tuzlainfo.ba\/wp-content\/uploads\/2023\/07\/2007_plaket_hur.jpg","keywords":["de\u0161avanja u tuzli","najava doga\u0111aja tuzla","tuzla","Tuzla Guitar Week"],"articleSection":["Istaknuto","Najave i doga\u0111aji"],"inLanguage":"bs-BA","copyrightYear":"2023","copyrightHolder":{"@id":"https:\/\/tuzlainfo.ba\/#organization"}},{"@type":"WebPage","@id":"https:\/\/tuzlainfo.ba\/index.php\/najava-dogadaja-2\/item\/211034-sedmica-gitare-u-tuzli-veceras-koncert-umjetnika-tal-hurwitza\/","url":"https:\/\/tuzlainfo.ba\/index.php\/najava-dogadaja-2\/item\/211034-sedmica-gitare-u-tuzli-veceras-koncert-umjetnika-tal-hurwitza\/","name":"Sedmica gitare u Tuzli: Ve\u010deras koncert umjetnika Tal Hurwitza","isPartOf":{"@id":"https:\/\/tuzlainfo.ba\/#website"},"primaryImageOfPage":{"@id":"https:\/\/tuzlainfo.ba\/index.php\/najava-dogadaja-2\/item\/211034-sedmica-gitare-u-tuzli-veceras-koncert-umjetnika-tal-hurwitza\/#primaryimage"},"image":{"@id":"https:\/\/tuzlainfo.ba\/index.php\/najava-dogadaja-2\/item\/211034-sedmica-gitare-u-tuzli-veceras-koncert-umjetnika-tal-hurwitza\/#primaryimage"},"thumbnailUrl":"https:\/\/tuzlainfo.ba\/wp-content\/uploads\/2023\/07\/2007_plaket_hur.jpg","datePublished":"2023-07-20T09:00:06+00:00","breadcrumb":{"@id":"https:\/\/tuzlainfo.ba\/index.php\/najava-dogadaja-2\/item\/211034-sedmica-gitare-u-tuzli-veceras-koncert-umjetnika-tal-hurwitza\/#breadcrumb"},"inLanguage":"bs-BA","potentialAction":[{"@type":"ReadAction","target":["https:\/\/tuzlainfo.ba\/index.php\/najava-dogadaja-2\/item\/211034-sedmica-gitare-u-tuzli-veceras-koncert-umjetnika-tal-hurwitza\/"]}]},{"@type":"ImageObject","inLanguage":"bs-BA","@id":"https:\/\/tuzlainfo.ba\/index.php\/najava-dogadaja-2\/item\/211034-sedmica-gitare-u-tuzli-veceras-koncert-umjetnika-tal-hurwitza\/#primaryimage","url":"https:\/\/tuzlainfo.ba\/wp-content\/uploads\/2023\/07\/2007_plaket_hur.jpg","contentUrl":"https:\/\/tuzlainfo.ba\/wp-content\/uploads\/2023\/07\/2007_plaket_hur.jpg","width":800,"height":800},{"@type":"BreadcrumbList","@id":"https:\/\/tuzlainfo.ba\/index.php\/najava-dogadaja-2\/item\/211034-sedmica-gitare-u-tuzli-veceras-koncert-umjetnika-tal-hurwitza\/#breadcrumb","itemListElement":[{"@type":"ListItem","position":1,"name":"Home","item":"https:\/\/tuzlainfo.ba\/"},{"@type":"ListItem","position":2,"name":"Sedmica gitare u Tuzli: Ve\u010deras koncert umjetnika Tal Hurwitza"}]},{"@type":"WebSite","@id":"https:\/\/tuzlainfo.ba\/#website","url":"https:\/\/tuzlainfo.ba\/","name":"TuzlaInfo.ba","description":"Tuzla info, gradski informator - Tuzla na dlanu","publisher":{"@id":"https:\/\/tuzlainfo.ba\/#organization"},"potentialAction":[{"@type":"SearchAction","target":{"@type":"EntryPoint","urlTemplate":"https:\/\/tuzlainfo.ba\/?s={search_term_string}"},"query-input":{"@type":"PropertyValueSpecification","valueRequired":true,"valueName":"search_term_string"}}],"inLanguage":"bs-BA"},{"@type":"Organization","@id":"https:\/\/tuzlainfo.ba\/#organization","name":"TuzlaInfo.ba","url":"https:\/\/tuzlainfo.ba\/","logo":{"@type":"ImageObject","inLanguage":"bs-BA","@id":"https:\/\/tuzlainfo.ba\/#\/schema\/logo\/image\/","url":"https:\/\/tuzlainfo.ba\/wp-content\/uploads\/2021\/03\/logo-ver-3-1.png","contentUrl":"https:\/\/tuzlainfo.ba\/wp-content\/uploads\/2021\/03\/logo-ver-3-1.png","width":350,"height":95,"caption":"TuzlaInfo.ba"},"image":{"@id":"https:\/\/tuzlainfo.ba\/#\/schema\/logo\/image\/"},"sameAs":["https:\/\/www.facebook.com\/tuzlainfo.ba\/"]},{"@type":"Person","@id":"https:\/\/tuzlainfo.ba\/#\/schema\/person\/f434e20dc27ea133923aab08451b7f7f","name":"nedim","image":{"@type":"ImageObject","inLanguage":"bs-BA","@id":"https:\/\/secure.gravatar.com\/avatar\/5b928a2e7e70a54208d2eb6c1edcb75a5350d6ae97d5f0a701203d456823f6f3?s=96&d=mm&r=g","url":"https:\/\/secure.gravatar.com\/avatar\/5b928a2e7e70a54208d2eb6c1edcb75a5350d6ae97d5f0a701203d456823f6f3?s=96&d=mm&r=g","contentUrl":"https:\/\/secure.gravatar.com\/avatar\/5b928a2e7e70a54208d2eb6c1edcb75a5350d6ae97d5f0a701203d456823f6f3?s=96&d=mm&r=g","caption":"nedim"},"description":"Tuzlainfo.ba pratite na dru\u0161tvenim mre\u017eama: Facebook, Instagram i Youtube. Svoje pri\u010de, upite i fotografije \u0161aljite na na\u0161u e-mail adresu."}]}},"_links":{"self":[{"href":"https:\/\/tuzlainfo.ba\/index.php\/wp-json\/wp\/v2\/posts\/211034","targetHints":{"allow":["GET"]}}],"collection":[{"href":"https:\/\/tuzlainfo.ba\/index.php\/wp-json\/wp\/v2\/posts"}],"about":[{"href":"https:\/\/tuzlainfo.ba\/index.php\/wp-json\/wp\/v2\/types\/post"}],"author":[{"embeddable":true,"href":"https:\/\/tuzlainfo.ba\/index.php\/wp-json\/wp\/v2\/users\/2"}],"replies":[{"embeddable":true,"href":"https:\/\/tuzlainfo.ba\/index.php\/wp-json\/wp\/v2\/comments?post=211034"}],"version-history":[{"count":0,"href":"https:\/\/tuzlainfo.ba\/index.php\/wp-json\/wp\/v2\/posts\/211034\/revisions"}],"wp:featuredmedia":[{"embeddable":true,"href":"https:\/\/tuzlainfo.ba\/index.php\/wp-json\/wp\/v2\/media\/211035"}],"wp:attachment":[{"href":"https:\/\/tuzlainfo.ba\/index.php\/wp-json\/wp\/v2\/media?parent=211034"}],"wp:term":[{"taxonomy":"category","embeddable":true,"href":"https:\/\/tuzlainfo.ba\/index.php\/wp-json\/wp\/v2\/categories?post=211034"},{"taxonomy":"post_tag","embeddable":true,"href":"https:\/\/tuzlainfo.ba\/index.php\/wp-json\/wp\/v2\/tags?post=211034"}],"curies":[{"name":"wp","href":"https:\/\/api.w.org\/{rel}","templated":true}]}}