{"id":210804,"date":"2023-07-18T18:03:42","date_gmt":"2023-07-18T16:03:42","guid":{"rendered":"https:\/\/tuzlainfo.ba\/?p=210804"},"modified":"2023-07-18T14:43:20","modified_gmt":"2023-07-18T12:43:20","slug":"vlada-tk-izdvaja-skoro-150-hiljada-km-za-podrsku-kulturi","status":"publish","type":"post","link":"https:\/\/tuzlainfo.ba\/index.php\/novosti\/item\/210804-vlada-tk-izdvaja-skoro-150-hiljada-km-za-podrsku-kulturi\/","title":{"rendered":"Vlada TK izdvaja skoro 150 hiljada KM za podr\u0161ku kulturi"},"content":{"rendered":"<p>Vlada Tuzlanskog kantona danas je dala saglasnost na Odluku o odobravanju finansijskih sredstava, korisnicima, iznosima i namjeni finansijskih sredstava u okviru Javnog poziva za odabir korisnika sredstava sa pozicije \u201ePodr\u0161ka u oblasti kulture\u201c u 2023. godini. Ovim Programom bit \u0107e podr\u017eano odr\u017eavanje ukupno 68 kulturnih manifestacija u Tuzlanskom kantonu, sa ukupno 146.300 KM. Tako\u0111er za, sufinansiranje 11 programa\/projekata izdava\u010dke djelatnosti odobreno je ukupno 25.700 KM.<\/p>\n<p>Na dana\u0161njoj sjednici Vlada je donijela Odluku o sufinansiranju rada Roditeljske ku\u0107e u Tuzli, te za ovu namjenu odobrila 50.000 KM Udru\u017eenju \u201eSrce za djecu oboljelu od raka\u201c Sarajevo.<\/p>\n<p>Odobreno je i 4.000 KM na ime refundacije tro\u0161kova za izvo\u0111enja pozori\u0161ne predstave ,,Rod i dom\u201c u deset gradova i op\u0107ina Tuzlanskog kantona tokom maja i juna 2023.godine, kao i 5.000 KM Dru\u0161tvu fizi\u010dara u Tuzlanskom kantonu, za organizovanje Kampa fizike 2023 i to za smje\u0161taj, prevoz, ishranu i izradu promotivnog materijala za 20 u\u010denika osnovnih i srednjih \u0161kola sa podru\u010dja Tuzlanskog kantona na Kampu fizike 2023. koji \u0107e se odr\u017eati na Prirodno-matemati\u010dkom fakultetu Univerziteta u Tuzli od 21-25. avgusta 2023. godine.<\/p>\n<p>Tako\u0111er Vlada je odobrila i 3.000 KM Organizaciji ratnih vojnih invalida op\u0107ine Teo\u010dak, za sufinansiranje obilje\u017eavanja XXV \u201eTeo\u010danski dani otpora 2023\u201c.<\/p>\n","protected":false},"excerpt":{"rendered":"<p>Vlada Tuzlanskog kantona danas je dala saglasnost na Odluku o odobravanju finansijskih sredstava, korisnicima, iznosima&hellip;<\/p>\n","protected":false},"author":4,"featured_media":199680,"comment_status":"open","ping_status":"closed","sticky":false,"template":"","format":"standard","meta":{"_acf_changed":false,"footnotes":""},"categories":[304,12],"tags":[1294,2164,336],"acf":[],"yoast_head":"<!-- This site is optimized with the Yoast SEO plugin v23.5 - https:\/\/yoast.com\/wordpress\/plugins\/seo\/ -->\n<title>Vlada TK izdvaja skoro 150 hiljada KM za podr\u0161ku kulturi - TuzlaInfo.ba<\/title>\n<meta name=\"robots\" content=\"index, follow, max-snippet:-1, max-image-preview:large, max-video-preview:-1\" \/>\n<link rel=\"canonical\" href=\"https:\/\/tuzlainfo.ba\/index.php\/novosti\/item\/210804-vlada-tk-izdvaja-skoro-150-hiljada-km-za-podrsku-kulturi\/\" \/>\n<meta property=\"og:locale\" content=\"bs_BA\" \/>\n<meta property=\"og:type\" content=\"article\" \/>\n<meta property=\"og:title\" content=\"Vlada TK izdvaja skoro 150 hiljada KM za podr\u0161ku kulturi - TuzlaInfo.ba\" \/>\n<meta property=\"og:description\" content=\"Vlada Tuzlanskog kantona danas je dala saglasnost na Odluku o odobravanju finansijskih sredstava, korisnicima, iznosima&hellip;\" \/>\n<meta property=\"og:url\" content=\"https:\/\/tuzlainfo.ba\/index.php\/novosti\/item\/210804-vlada-tk-izdvaja-skoro-150-hiljada-km-za-podrsku-kulturi\/\" \/>\n<meta property=\"og:site_name\" content=\"TuzlaInfo.ba\" \/>\n<meta property=\"article:publisher\" content=\"https:\/\/www.facebook.com\/tuzlainfo.ba\/\" \/>\n<meta property=\"article:published_time\" content=\"2023-07-18T16:03:42+00:00\" \/>\n<meta property=\"article:modified_time\" content=\"2023-07-18T12:43:20+00:00\" \/>\n<meta property=\"og:image\" content=\"https:\/\/tuzlainfo.ba\/wp-content\/uploads\/2023\/03\/1403_tuzlanskikanton_vladatk_zastavatk.jpg\" \/>\n\t<meta property=\"og:image:width\" content=\"1000\" \/>\n\t<meta property=\"og:image:height\" content=\"750\" \/>\n\t<meta property=\"og:image:type\" content=\"image\/jpeg\" \/>\n<meta name=\"author\" content=\"Tuzla Info\" \/>\n<meta name=\"twitter:card\" content=\"summary_large_image\" \/>\n<meta name=\"twitter:label1\" content=\"Written by\" \/>\n\t<meta name=\"twitter:data1\" content=\"Tuzla Info\" \/>\n\t<meta name=\"twitter:label2\" content=\"Est. reading time\" \/>\n\t<meta name=\"twitter:data2\" content=\"1 minuta\" \/>\n<script type=\"application\/ld+json\" class=\"yoast-schema-graph\">{\"@context\":\"https:\/\/schema.org\",\"@graph\":[{\"@type\":\"Article\",\"@id\":\"https:\/\/tuzlainfo.ba\/index.php\/novosti\/item\/210804-vlada-tk-izdvaja-skoro-150-hiljada-km-za-podrsku-kulturi\/#article\",\"isPartOf\":{\"@id\":\"https:\/\/tuzlainfo.ba\/index.php\/novosti\/item\/210804-vlada-tk-izdvaja-skoro-150-hiljada-km-za-podrsku-kulturi\/\"},\"author\":{\"name\":\"Tuzla Info\",\"@id\":\"https:\/\/tuzlainfo.ba\/#\/schema\/person\/46cad4c57790cbc50781edd14870825a\"},\"headline\":\"Vlada TK izdvaja skoro 150 hiljada KM za podr\u0161ku kulturi\",\"datePublished\":\"2023-07-18T16:03:42+00:00\",\"dateModified\":\"2023-07-18T12:43:20+00:00\",\"mainEntityOfPage\":{\"@id\":\"https:\/\/tuzlainfo.ba\/index.php\/novosti\/item\/210804-vlada-tk-izdvaja-skoro-150-hiljada-km-za-podrsku-kulturi\/\"},\"wordCount\":218,\"commentCount\":0,\"publisher\":{\"@id\":\"https:\/\/tuzlainfo.ba\/#organization\"},\"image\":{\"@id\":\"https:\/\/tuzlainfo.ba\/index.php\/novosti\/item\/210804-vlada-tk-izdvaja-skoro-150-hiljada-km-za-podrsku-kulturi\/#primaryimage\"},\"thumbnailUrl\":\"https:\/\/tuzlainfo.ba\/wp-content\/uploads\/2023\/03\/1403_tuzlanskikanton_vladatk_zastavatk.jpg\",\"keywords\":[\"kultura\",\"podr\u0161ka\",\"vlada tk\"],\"articleSection\":[\"Istaknuto\",\"Novosti\"],\"inLanguage\":\"bs-BA\"},{\"@type\":\"WebPage\",\"@id\":\"https:\/\/tuzlainfo.ba\/index.php\/novosti\/item\/210804-vlada-tk-izdvaja-skoro-150-hiljada-km-za-podrsku-kulturi\/\",\"url\":\"https:\/\/tuzlainfo.ba\/index.php\/novosti\/item\/210804-vlada-tk-izdvaja-skoro-150-hiljada-km-za-podrsku-kulturi\/\",\"name\":\"Vlada TK izdvaja skoro 150 hiljada KM za podr\u0161ku kulturi - TuzlaInfo.ba\",\"isPartOf\":{\"@id\":\"https:\/\/tuzlainfo.ba\/#website\"},\"primaryImageOfPage\":{\"@id\":\"https:\/\/tuzlainfo.ba\/index.php\/novosti\/item\/210804-vlada-tk-izdvaja-skoro-150-hiljada-km-za-podrsku-kulturi\/#primaryimage\"},\"image\":{\"@id\":\"https:\/\/tuzlainfo.ba\/index.php\/novosti\/item\/210804-vlada-tk-izdvaja-skoro-150-hiljada-km-za-podrsku-kulturi\/#primaryimage\"},\"thumbnailUrl\":\"https:\/\/tuzlainfo.ba\/wp-content\/uploads\/2023\/03\/1403_tuzlanskikanton_vladatk_zastavatk.jpg\",\"datePublished\":\"2023-07-18T16:03:42+00:00\",\"dateModified\":\"2023-07-18T12:43:20+00:00\",\"breadcrumb\":{\"@id\":\"https:\/\/tuzlainfo.ba\/index.php\/novosti\/item\/210804-vlada-tk-izdvaja-skoro-150-hiljada-km-za-podrsku-kulturi\/#breadcrumb\"},\"inLanguage\":\"bs-BA\",\"potentialAction\":[{\"@type\":\"ReadAction\",\"target\":[\"https:\/\/tuzlainfo.ba\/index.php\/novosti\/item\/210804-vlada-tk-izdvaja-skoro-150-hiljada-km-za-podrsku-kulturi\/\"]}]},{\"@type\":\"ImageObject\",\"inLanguage\":\"bs-BA\",\"@id\":\"https:\/\/tuzlainfo.ba\/index.php\/novosti\/item\/210804-vlada-tk-izdvaja-skoro-150-hiljada-km-za-podrsku-kulturi\/#primaryimage\",\"url\":\"https:\/\/tuzlainfo.ba\/wp-content\/uploads\/2023\/03\/1403_tuzlanskikanton_vladatk_zastavatk.jpg\",\"contentUrl\":\"https:\/\/tuzlainfo.ba\/wp-content\/uploads\/2023\/03\/1403_tuzlanskikanton_vladatk_zastavatk.jpg\",\"width\":1000,\"height\":750},{\"@type\":\"BreadcrumbList\",\"@id\":\"https:\/\/tuzlainfo.ba\/index.php\/novosti\/item\/210804-vlada-tk-izdvaja-skoro-150-hiljada-km-za-podrsku-kulturi\/#breadcrumb\",\"itemListElement\":[{\"@type\":\"ListItem\",\"position\":1,\"name\":\"Home\",\"item\":\"https:\/\/tuzlainfo.ba\/\"},{\"@type\":\"ListItem\",\"position\":2,\"name\":\"Vlada TK izdvaja skoro 150 hiljada KM za podr\u0161ku kulturi\"}]},{\"@type\":\"WebSite\",\"@id\":\"https:\/\/tuzlainfo.ba\/#website\",\"url\":\"https:\/\/tuzlainfo.ba\/\",\"name\":\"TuzlaInfo.ba\",\"description\":\"Tuzla info, gradski informator - Tuzla na dlanu\",\"publisher\":{\"@id\":\"https:\/\/tuzlainfo.ba\/#organization\"},\"potentialAction\":[{\"@type\":\"SearchAction\",\"target\":{\"@type\":\"EntryPoint\",\"urlTemplate\":\"https:\/\/tuzlainfo.ba\/?s={search_term_string}\"},\"query-input\":{\"@type\":\"PropertyValueSpecification\",\"valueRequired\":true,\"valueName\":\"search_term_string\"}}],\"inLanguage\":\"bs-BA\"},{\"@type\":\"Organization\",\"@id\":\"https:\/\/tuzlainfo.ba\/#organization\",\"name\":\"TuzlaInfo.ba\",\"url\":\"https:\/\/tuzlainfo.ba\/\",\"logo\":{\"@type\":\"ImageObject\",\"inLanguage\":\"bs-BA\",\"@id\":\"https:\/\/tuzlainfo.ba\/#\/schema\/logo\/image\/\",\"url\":\"https:\/\/tuzlainfo.ba\/wp-content\/uploads\/2021\/03\/logo-ver-3-1.png\",\"contentUrl\":\"https:\/\/tuzlainfo.ba\/wp-content\/uploads\/2021\/03\/logo-ver-3-1.png\",\"width\":350,\"height\":95,\"caption\":\"TuzlaInfo.ba\"},\"image\":{\"@id\":\"https:\/\/tuzlainfo.ba\/#\/schema\/logo\/image\/\"},\"sameAs\":[\"https:\/\/www.facebook.com\/tuzlainfo.ba\/\"]},{\"@type\":\"Person\",\"@id\":\"https:\/\/tuzlainfo.ba\/#\/schema\/person\/46cad4c57790cbc50781edd14870825a\",\"name\":\"Tuzla Info\",\"image\":{\"@type\":\"ImageObject\",\"inLanguage\":\"bs-BA\",\"@id\":\"https:\/\/tuzlainfo.ba\/#\/schema\/person\/image\/\",\"url\":\"https:\/\/tuzlainfo.ba\/wp-content\/litespeed\/avatar\/b6c453a6c38e3654f2e4416c643fc25c.jpg?ver=1777051911\",\"contentUrl\":\"https:\/\/tuzlainfo.ba\/wp-content\/litespeed\/avatar\/b6c453a6c38e3654f2e4416c643fc25c.jpg?ver=1777051911\",\"caption\":\"Tuzla Info\"}}]}<\/script>\n<!-- \/ Yoast SEO plugin. -->","yoast_head_json":{"title":"Vlada TK izdvaja skoro 150 hiljada KM za podr\u0161ku kulturi - TuzlaInfo.ba","robots":{"index":"index","follow":"follow","max-snippet":"max-snippet:-1","max-image-preview":"max-image-preview:large","max-video-preview":"max-video-preview:-1"},"canonical":"https:\/\/tuzlainfo.ba\/index.php\/novosti\/item\/210804-vlada-tk-izdvaja-skoro-150-hiljada-km-za-podrsku-kulturi\/","og_locale":"bs_BA","og_type":"article","og_title":"Vlada TK izdvaja skoro 150 hiljada KM za podr\u0161ku kulturi - TuzlaInfo.ba","og_description":"Vlada Tuzlanskog kantona danas je dala saglasnost na Odluku o odobravanju finansijskih sredstava, korisnicima, iznosima&hellip;","og_url":"https:\/\/tuzlainfo.ba\/index.php\/novosti\/item\/210804-vlada-tk-izdvaja-skoro-150-hiljada-km-za-podrsku-kulturi\/","og_site_name":"TuzlaInfo.ba","article_publisher":"https:\/\/www.facebook.com\/tuzlainfo.ba\/","article_published_time":"2023-07-18T16:03:42+00:00","article_modified_time":"2023-07-18T12:43:20+00:00","og_image":[{"width":1000,"height":750,"url":"https:\/\/tuzlainfo.ba\/wp-content\/uploads\/2023\/03\/1403_tuzlanskikanton_vladatk_zastavatk.jpg","type":"image\/jpeg"}],"author":"Tuzla Info","twitter_card":"summary_large_image","twitter_misc":{"Written by":"Tuzla Info","Est. reading time":"1 minuta"},"schema":{"@context":"https:\/\/schema.org","@graph":[{"@type":"Article","@id":"https:\/\/tuzlainfo.ba\/index.php\/novosti\/item\/210804-vlada-tk-izdvaja-skoro-150-hiljada-km-za-podrsku-kulturi\/#article","isPartOf":{"@id":"https:\/\/tuzlainfo.ba\/index.php\/novosti\/item\/210804-vlada-tk-izdvaja-skoro-150-hiljada-km-za-podrsku-kulturi\/"},"author":{"name":"Tuzla Info","@id":"https:\/\/tuzlainfo.ba\/#\/schema\/person\/46cad4c57790cbc50781edd14870825a"},"headline":"Vlada TK izdvaja skoro 150 hiljada KM za podr\u0161ku kulturi","datePublished":"2023-07-18T16:03:42+00:00","dateModified":"2023-07-18T12:43:20+00:00","mainEntityOfPage":{"@id":"https:\/\/tuzlainfo.ba\/index.php\/novosti\/item\/210804-vlada-tk-izdvaja-skoro-150-hiljada-km-za-podrsku-kulturi\/"},"wordCount":218,"commentCount":0,"publisher":{"@id":"https:\/\/tuzlainfo.ba\/#organization"},"image":{"@id":"https:\/\/tuzlainfo.ba\/index.php\/novosti\/item\/210804-vlada-tk-izdvaja-skoro-150-hiljada-km-za-podrsku-kulturi\/#primaryimage"},"thumbnailUrl":"https:\/\/tuzlainfo.ba\/wp-content\/uploads\/2023\/03\/1403_tuzlanskikanton_vladatk_zastavatk.jpg","keywords":["kultura","podr\u0161ka","vlada tk"],"articleSection":["Istaknuto","Novosti"],"inLanguage":"bs-BA"},{"@type":"WebPage","@id":"https:\/\/tuzlainfo.ba\/index.php\/novosti\/item\/210804-vlada-tk-izdvaja-skoro-150-hiljada-km-za-podrsku-kulturi\/","url":"https:\/\/tuzlainfo.ba\/index.php\/novosti\/item\/210804-vlada-tk-izdvaja-skoro-150-hiljada-km-za-podrsku-kulturi\/","name":"Vlada TK izdvaja skoro 150 hiljada KM za podr\u0161ku kulturi - TuzlaInfo.ba","isPartOf":{"@id":"https:\/\/tuzlainfo.ba\/#website"},"primaryImageOfPage":{"@id":"https:\/\/tuzlainfo.ba\/index.php\/novosti\/item\/210804-vlada-tk-izdvaja-skoro-150-hiljada-km-za-podrsku-kulturi\/#primaryimage"},"image":{"@id":"https:\/\/tuzlainfo.ba\/index.php\/novosti\/item\/210804-vlada-tk-izdvaja-skoro-150-hiljada-km-za-podrsku-kulturi\/#primaryimage"},"thumbnailUrl":"https:\/\/tuzlainfo.ba\/wp-content\/uploads\/2023\/03\/1403_tuzlanskikanton_vladatk_zastavatk.jpg","datePublished":"2023-07-18T16:03:42+00:00","dateModified":"2023-07-18T12:43:20+00:00","breadcrumb":{"@id":"https:\/\/tuzlainfo.ba\/index.php\/novosti\/item\/210804-vlada-tk-izdvaja-skoro-150-hiljada-km-za-podrsku-kulturi\/#breadcrumb"},"inLanguage":"bs-BA","potentialAction":[{"@type":"ReadAction","target":["https:\/\/tuzlainfo.ba\/index.php\/novosti\/item\/210804-vlada-tk-izdvaja-skoro-150-hiljada-km-za-podrsku-kulturi\/"]}]},{"@type":"ImageObject","inLanguage":"bs-BA","@id":"https:\/\/tuzlainfo.ba\/index.php\/novosti\/item\/210804-vlada-tk-izdvaja-skoro-150-hiljada-km-za-podrsku-kulturi\/#primaryimage","url":"https:\/\/tuzlainfo.ba\/wp-content\/uploads\/2023\/03\/1403_tuzlanskikanton_vladatk_zastavatk.jpg","contentUrl":"https:\/\/tuzlainfo.ba\/wp-content\/uploads\/2023\/03\/1403_tuzlanskikanton_vladatk_zastavatk.jpg","width":1000,"height":750},{"@type":"BreadcrumbList","@id":"https:\/\/tuzlainfo.ba\/index.php\/novosti\/item\/210804-vlada-tk-izdvaja-skoro-150-hiljada-km-za-podrsku-kulturi\/#breadcrumb","itemListElement":[{"@type":"ListItem","position":1,"name":"Home","item":"https:\/\/tuzlainfo.ba\/"},{"@type":"ListItem","position":2,"name":"Vlada TK izdvaja skoro 150 hiljada KM za podr\u0161ku kulturi"}]},{"@type":"WebSite","@id":"https:\/\/tuzlainfo.ba\/#website","url":"https:\/\/tuzlainfo.ba\/","name":"TuzlaInfo.ba","description":"Tuzla info, gradski informator - Tuzla na dlanu","publisher":{"@id":"https:\/\/tuzlainfo.ba\/#organization"},"potentialAction":[{"@type":"SearchAction","target":{"@type":"EntryPoint","urlTemplate":"https:\/\/tuzlainfo.ba\/?s={search_term_string}"},"query-input":{"@type":"PropertyValueSpecification","valueRequired":true,"valueName":"search_term_string"}}],"inLanguage":"bs-BA"},{"@type":"Organization","@id":"https:\/\/tuzlainfo.ba\/#organization","name":"TuzlaInfo.ba","url":"https:\/\/tuzlainfo.ba\/","logo":{"@type":"ImageObject","inLanguage":"bs-BA","@id":"https:\/\/tuzlainfo.ba\/#\/schema\/logo\/image\/","url":"https:\/\/tuzlainfo.ba\/wp-content\/uploads\/2021\/03\/logo-ver-3-1.png","contentUrl":"https:\/\/tuzlainfo.ba\/wp-content\/uploads\/2021\/03\/logo-ver-3-1.png","width":350,"height":95,"caption":"TuzlaInfo.ba"},"image":{"@id":"https:\/\/tuzlainfo.ba\/#\/schema\/logo\/image\/"},"sameAs":["https:\/\/www.facebook.com\/tuzlainfo.ba\/"]},{"@type":"Person","@id":"https:\/\/tuzlainfo.ba\/#\/schema\/person\/46cad4c57790cbc50781edd14870825a","name":"Tuzla Info","image":{"@type":"ImageObject","inLanguage":"bs-BA","@id":"https:\/\/tuzlainfo.ba\/#\/schema\/person\/image\/","url":"https:\/\/tuzlainfo.ba\/wp-content\/litespeed\/avatar\/b6c453a6c38e3654f2e4416c643fc25c.jpg?ver=1777051911","contentUrl":"https:\/\/tuzlainfo.ba\/wp-content\/litespeed\/avatar\/b6c453a6c38e3654f2e4416c643fc25c.jpg?ver=1777051911","caption":"Tuzla Info"}}]}},"_links":{"self":[{"href":"https:\/\/tuzlainfo.ba\/index.php\/wp-json\/wp\/v2\/posts\/210804"}],"collection":[{"href":"https:\/\/tuzlainfo.ba\/index.php\/wp-json\/wp\/v2\/posts"}],"about":[{"href":"https:\/\/tuzlainfo.ba\/index.php\/wp-json\/wp\/v2\/types\/post"}],"author":[{"embeddable":true,"href":"https:\/\/tuzlainfo.ba\/index.php\/wp-json\/wp\/v2\/users\/4"}],"replies":[{"embeddable":true,"href":"https:\/\/tuzlainfo.ba\/index.php\/wp-json\/wp\/v2\/comments?post=210804"}],"version-history":[{"count":0,"href":"https:\/\/tuzlainfo.ba\/index.php\/wp-json\/wp\/v2\/posts\/210804\/revisions"}],"wp:featuredmedia":[{"embeddable":true,"href":"https:\/\/tuzlainfo.ba\/index.php\/wp-json\/wp\/v2\/media\/199680"}],"wp:attachment":[{"href":"https:\/\/tuzlainfo.ba\/index.php\/wp-json\/wp\/v2\/media?parent=210804"}],"wp:term":[{"taxonomy":"category","embeddable":true,"href":"https:\/\/tuzlainfo.ba\/index.php\/wp-json\/wp\/v2\/categories?post=210804"},{"taxonomy":"post_tag","embeddable":true,"href":"https:\/\/tuzlainfo.ba\/index.php\/wp-json\/wp\/v2\/tags?post=210804"}],"curies":[{"name":"wp","href":"https:\/\/api.w.org\/{rel}","templated":true}]}}