{"id":210732,"date":"2023-07-17T18:02:35","date_gmt":"2023-07-17T16:02:35","guid":{"rendered":"https:\/\/tuzlainfo.ba\/?p=210732"},"modified":"2023-07-17T15:47:47","modified_gmt":"2023-07-17T13:47:47","slug":"novo-povecanje-prosjecna-neto-plata-u-fbih-visa-za-36-posto","status":"publish","type":"post","link":"https:\/\/tuzlainfo.ba\/index.php\/bosna-i-hercegovina\/item\/210732-novo-povecanje-prosjecna-neto-plata-u-fbih-visa-za-36-posto\/","title":{"rendered":"Novo pove\u0107anje: Prosje\u010dna neto plata u FBiH vi\u0161a za 3,6 posto"},"content":{"rendered":"<p>Prosje\u010dna mjese\u010dna ispla\u0107ena neto plata po zaposlenom u Federaciji BiH u maju ove godine iznosila je 1.277 KM i nominalno je vi\u0161a za 3,6 posto, a realno za \u010detiri posto nego u prethodnom mjesecu.<\/p>\n<p>U pore\u0111enju sa istim mjesecom pro\u0161le godine prosje\u010dna mjese\u010dna ispla\u0107ena neto plata u FBiH u maju nominalno je vi\u0161a za 15 odsto, a realno za 8,7 posto, objavio je Federalni zavod za statistiku.<\/p>\n<p>Najve\u0107e pove\u0107anje prosje\u010dne mjese\u010dne ispla\u0107ene neto plate u maju u odnosu na april nominalno zabilje\u017eeno je u poljoprivredi, \u0161umarstvu i ribolovu i to za 11,1 posto, zatim u proizvodnji i snabdijevanju elektri\u010dnom energijom, gasom, parom i klimatizaciji za 10,9 posto, te zdravstvu i socijalnoj za\u0161titi za 10,2 posto.<\/p>\n<p>Prosje\u010dna bruto plata u Federaciji BiH u maju je iznosila 1.987 KM i u odnosu na april nominalno je vi\u0161a za 3,9 posto, a realno 4,3 posto, dok je u odnosu na maj pro\u0161le godine nominalno vi\u0161a za 15,9 posto, a realno 9,6 posto.<\/p>\n","protected":false},"excerpt":{"rendered":"<p>Prosje\u010dna mjese\u010dna ispla\u0107ena neto plata po zaposlenom u Federaciji BiH u maju ove godine iznosila&hellip;<\/p>\n","protected":false},"author":2,"featured_media":160169,"comment_status":"open","ping_status":"closed","sticky":false,"template":"","format":"standard","meta":{"_acf_changed":false,"footnotes":""},"categories":[291],"tags":[7572,1642],"acf":[],"yoast_head":"<!-- This site is optimized with the Yoast SEO plugin v23.5 - https:\/\/yoast.com\/wordpress\/plugins\/seo\/ -->\n<title>Novo pove\u0107anje: Prosje\u010dna neto plata u FBiH vi\u0161a za 3,6 posto - TuzlaInfo.ba<\/title>\n<meta name=\"robots\" content=\"index, follow, max-snippet:-1, max-image-preview:large, max-video-preview:-1\" \/>\n<link rel=\"canonical\" href=\"https:\/\/tuzlainfo.ba\/index.php\/bosna-i-hercegovina\/item\/210732-novo-povecanje-prosjecna-neto-plata-u-fbih-visa-za-36-posto\/\" \/>\n<meta property=\"og:locale\" content=\"bs_BA\" \/>\n<meta property=\"og:type\" content=\"article\" \/>\n<meta property=\"og:title\" content=\"Novo pove\u0107anje: Prosje\u010dna neto plata u FBiH vi\u0161a za 3,6 posto - TuzlaInfo.ba\" \/>\n<meta property=\"og:description\" content=\"Prosje\u010dna mjese\u010dna ispla\u0107ena neto plata po zaposlenom u Federaciji BiH u maju ove godine iznosila&hellip;\" \/>\n<meta property=\"og:url\" content=\"https:\/\/tuzlainfo.ba\/index.php\/bosna-i-hercegovina\/item\/210732-novo-povecanje-prosjecna-neto-plata-u-fbih-visa-za-36-posto\/\" \/>\n<meta property=\"og:site_name\" content=\"TuzlaInfo.ba\" \/>\n<meta property=\"article:publisher\" content=\"https:\/\/www.facebook.com\/tuzlainfo.ba\/\" \/>\n<meta property=\"article:published_time\" content=\"2023-07-17T16:02:35+00:00\" \/>\n<meta property=\"article:modified_time\" content=\"2023-07-17T13:47:47+00:00\" \/>\n<meta property=\"og:image\" content=\"https:\/\/tuzlainfo.ba\/wp-content\/uploads\/2022\/01\/0301_novac_KM.jpg\" \/>\n\t<meta property=\"og:image:width\" content=\"1200\" \/>\n\t<meta property=\"og:image:height\" content=\"900\" \/>\n\t<meta property=\"og:image:type\" content=\"image\/jpeg\" \/>\n<meta name=\"author\" content=\"nedim\" \/>\n<meta name=\"twitter:card\" content=\"summary_large_image\" \/>\n<meta name=\"twitter:label1\" content=\"Written by\" \/>\n\t<meta name=\"twitter:data1\" content=\"nedim\" \/>\n\t<meta name=\"twitter:label2\" content=\"Est. reading time\" \/>\n\t<meta name=\"twitter:data2\" content=\"1 minuta\" \/>\n<script type=\"application\/ld+json\" class=\"yoast-schema-graph\">{\"@context\":\"https:\/\/schema.org\",\"@graph\":[{\"@type\":\"Article\",\"@id\":\"https:\/\/tuzlainfo.ba\/index.php\/bosna-i-hercegovina\/item\/210732-novo-povecanje-prosjecna-neto-plata-u-fbih-visa-za-36-posto\/#article\",\"isPartOf\":{\"@id\":\"https:\/\/tuzlainfo.ba\/index.php\/bosna-i-hercegovina\/item\/210732-novo-povecanje-prosjecna-neto-plata-u-fbih-visa-za-36-posto\/\"},\"author\":{\"name\":\"nedim\",\"@id\":\"https:\/\/tuzlainfo.ba\/#\/schema\/person\/f434e20dc27ea133923aab08451b7f7f\"},\"headline\":\"Novo pove\u0107anje: Prosje\u010dna neto plata u FBiH vi\u0161a za 3,6 posto\",\"datePublished\":\"2023-07-17T16:02:35+00:00\",\"dateModified\":\"2023-07-17T13:47:47+00:00\",\"mainEntityOfPage\":{\"@id\":\"https:\/\/tuzlainfo.ba\/index.php\/bosna-i-hercegovina\/item\/210732-novo-povecanje-prosjecna-neto-plata-u-fbih-visa-za-36-posto\/\"},\"wordCount\":182,\"commentCount\":0,\"publisher\":{\"@id\":\"https:\/\/tuzlainfo.ba\/#organization\"},\"image\":{\"@id\":\"https:\/\/tuzlainfo.ba\/index.php\/bosna-i-hercegovina\/item\/210732-novo-povecanje-prosjecna-neto-plata-u-fbih-visa-za-36-posto\/#primaryimage\"},\"thumbnailUrl\":\"https:\/\/tuzlainfo.ba\/wp-content\/uploads\/2022\/01\/0301_novac_KM.jpg\",\"keywords\":[\"neto plata u fbih\",\"prosje\u010dna neto plata u fbih\"],\"articleSection\":[\"Bosna i Hercegovina\"],\"inLanguage\":\"bs-BA\"},{\"@type\":\"WebPage\",\"@id\":\"https:\/\/tuzlainfo.ba\/index.php\/bosna-i-hercegovina\/item\/210732-novo-povecanje-prosjecna-neto-plata-u-fbih-visa-za-36-posto\/\",\"url\":\"https:\/\/tuzlainfo.ba\/index.php\/bosna-i-hercegovina\/item\/210732-novo-povecanje-prosjecna-neto-plata-u-fbih-visa-za-36-posto\/\",\"name\":\"Novo pove\u0107anje: Prosje\u010dna neto plata u FBiH vi\u0161a za 3,6 posto - TuzlaInfo.ba\",\"isPartOf\":{\"@id\":\"https:\/\/tuzlainfo.ba\/#website\"},\"primaryImageOfPage\":{\"@id\":\"https:\/\/tuzlainfo.ba\/index.php\/bosna-i-hercegovina\/item\/210732-novo-povecanje-prosjecna-neto-plata-u-fbih-visa-za-36-posto\/#primaryimage\"},\"image\":{\"@id\":\"https:\/\/tuzlainfo.ba\/index.php\/bosna-i-hercegovina\/item\/210732-novo-povecanje-prosjecna-neto-plata-u-fbih-visa-za-36-posto\/#primaryimage\"},\"thumbnailUrl\":\"https:\/\/tuzlainfo.ba\/wp-content\/uploads\/2022\/01\/0301_novac_KM.jpg\",\"datePublished\":\"2023-07-17T16:02:35+00:00\",\"dateModified\":\"2023-07-17T13:47:47+00:00\",\"breadcrumb\":{\"@id\":\"https:\/\/tuzlainfo.ba\/index.php\/bosna-i-hercegovina\/item\/210732-novo-povecanje-prosjecna-neto-plata-u-fbih-visa-za-36-posto\/#breadcrumb\"},\"inLanguage\":\"bs-BA\",\"potentialAction\":[{\"@type\":\"ReadAction\",\"target\":[\"https:\/\/tuzlainfo.ba\/index.php\/bosna-i-hercegovina\/item\/210732-novo-povecanje-prosjecna-neto-plata-u-fbih-visa-za-36-posto\/\"]}]},{\"@type\":\"ImageObject\",\"inLanguage\":\"bs-BA\",\"@id\":\"https:\/\/tuzlainfo.ba\/index.php\/bosna-i-hercegovina\/item\/210732-novo-povecanje-prosjecna-neto-plata-u-fbih-visa-za-36-posto\/#primaryimage\",\"url\":\"https:\/\/tuzlainfo.ba\/wp-content\/uploads\/2022\/01\/0301_novac_KM.jpg\",\"contentUrl\":\"https:\/\/tuzlainfo.ba\/wp-content\/uploads\/2022\/01\/0301_novac_KM.jpg\",\"width\":1200,\"height\":900},{\"@type\":\"BreadcrumbList\",\"@id\":\"https:\/\/tuzlainfo.ba\/index.php\/bosna-i-hercegovina\/item\/210732-novo-povecanje-prosjecna-neto-plata-u-fbih-visa-za-36-posto\/#breadcrumb\",\"itemListElement\":[{\"@type\":\"ListItem\",\"position\":1,\"name\":\"Home\",\"item\":\"https:\/\/tuzlainfo.ba\/\"},{\"@type\":\"ListItem\",\"position\":2,\"name\":\"Novo pove\u0107anje: Prosje\u010dna neto plata u FBiH vi\u0161a za 3,6 posto\"}]},{\"@type\":\"WebSite\",\"@id\":\"https:\/\/tuzlainfo.ba\/#website\",\"url\":\"https:\/\/tuzlainfo.ba\/\",\"name\":\"TuzlaInfo.ba\",\"description\":\"Tuzla info, gradski informator - Tuzla na dlanu\",\"publisher\":{\"@id\":\"https:\/\/tuzlainfo.ba\/#organization\"},\"potentialAction\":[{\"@type\":\"SearchAction\",\"target\":{\"@type\":\"EntryPoint\",\"urlTemplate\":\"https:\/\/tuzlainfo.ba\/?s={search_term_string}\"},\"query-input\":{\"@type\":\"PropertyValueSpecification\",\"valueRequired\":true,\"valueName\":\"search_term_string\"}}],\"inLanguage\":\"bs-BA\"},{\"@type\":\"Organization\",\"@id\":\"https:\/\/tuzlainfo.ba\/#organization\",\"name\":\"TuzlaInfo.ba\",\"url\":\"https:\/\/tuzlainfo.ba\/\",\"logo\":{\"@type\":\"ImageObject\",\"inLanguage\":\"bs-BA\",\"@id\":\"https:\/\/tuzlainfo.ba\/#\/schema\/logo\/image\/\",\"url\":\"https:\/\/tuzlainfo.ba\/wp-content\/uploads\/2021\/03\/logo-ver-3-1.png\",\"contentUrl\":\"https:\/\/tuzlainfo.ba\/wp-content\/uploads\/2021\/03\/logo-ver-3-1.png\",\"width\":350,\"height\":95,\"caption\":\"TuzlaInfo.ba\"},\"image\":{\"@id\":\"https:\/\/tuzlainfo.ba\/#\/schema\/logo\/image\/\"},\"sameAs\":[\"https:\/\/www.facebook.com\/tuzlainfo.ba\/\"]},{\"@type\":\"Person\",\"@id\":\"https:\/\/tuzlainfo.ba\/#\/schema\/person\/f434e20dc27ea133923aab08451b7f7f\",\"name\":\"nedim\",\"image\":{\"@type\":\"ImageObject\",\"inLanguage\":\"bs-BA\",\"@id\":\"https:\/\/tuzlainfo.ba\/#\/schema\/person\/image\/\",\"url\":\"https:\/\/tuzlainfo.ba\/wp-content\/litespeed\/avatar\/aabad687af24844af817603ac1cbdc4f.jpg?ver=1777306975\",\"contentUrl\":\"https:\/\/tuzlainfo.ba\/wp-content\/litespeed\/avatar\/aabad687af24844af817603ac1cbdc4f.jpg?ver=1777306975\",\"caption\":\"nedim\"},\"description\":\"Tuzlainfo.ba pratite na dru\u0161tvenim mre\u017eama: Facebook, Instagram i Youtube. Svoje pri\u010de, upite i fotografije \u0161aljite na na\u0161u e-mail adresu.\"}]}<\/script>\n<!-- \/ Yoast SEO plugin. -->","yoast_head_json":{"title":"Novo pove\u0107anje: Prosje\u010dna neto plata u FBiH vi\u0161a za 3,6 posto - TuzlaInfo.ba","robots":{"index":"index","follow":"follow","max-snippet":"max-snippet:-1","max-image-preview":"max-image-preview:large","max-video-preview":"max-video-preview:-1"},"canonical":"https:\/\/tuzlainfo.ba\/index.php\/bosna-i-hercegovina\/item\/210732-novo-povecanje-prosjecna-neto-plata-u-fbih-visa-za-36-posto\/","og_locale":"bs_BA","og_type":"article","og_title":"Novo pove\u0107anje: Prosje\u010dna neto plata u FBiH vi\u0161a za 3,6 posto - TuzlaInfo.ba","og_description":"Prosje\u010dna mjese\u010dna ispla\u0107ena neto plata po zaposlenom u Federaciji BiH u maju ove godine iznosila&hellip;","og_url":"https:\/\/tuzlainfo.ba\/index.php\/bosna-i-hercegovina\/item\/210732-novo-povecanje-prosjecna-neto-plata-u-fbih-visa-za-36-posto\/","og_site_name":"TuzlaInfo.ba","article_publisher":"https:\/\/www.facebook.com\/tuzlainfo.ba\/","article_published_time":"2023-07-17T16:02:35+00:00","article_modified_time":"2023-07-17T13:47:47+00:00","og_image":[{"width":1200,"height":900,"url":"https:\/\/tuzlainfo.ba\/wp-content\/uploads\/2022\/01\/0301_novac_KM.jpg","type":"image\/jpeg"}],"author":"nedim","twitter_card":"summary_large_image","twitter_misc":{"Written by":"nedim","Est. reading time":"1 minuta"},"schema":{"@context":"https:\/\/schema.org","@graph":[{"@type":"Article","@id":"https:\/\/tuzlainfo.ba\/index.php\/bosna-i-hercegovina\/item\/210732-novo-povecanje-prosjecna-neto-plata-u-fbih-visa-za-36-posto\/#article","isPartOf":{"@id":"https:\/\/tuzlainfo.ba\/index.php\/bosna-i-hercegovina\/item\/210732-novo-povecanje-prosjecna-neto-plata-u-fbih-visa-za-36-posto\/"},"author":{"name":"nedim","@id":"https:\/\/tuzlainfo.ba\/#\/schema\/person\/f434e20dc27ea133923aab08451b7f7f"},"headline":"Novo pove\u0107anje: Prosje\u010dna neto plata u FBiH vi\u0161a za 3,6 posto","datePublished":"2023-07-17T16:02:35+00:00","dateModified":"2023-07-17T13:47:47+00:00","mainEntityOfPage":{"@id":"https:\/\/tuzlainfo.ba\/index.php\/bosna-i-hercegovina\/item\/210732-novo-povecanje-prosjecna-neto-plata-u-fbih-visa-za-36-posto\/"},"wordCount":182,"commentCount":0,"publisher":{"@id":"https:\/\/tuzlainfo.ba\/#organization"},"image":{"@id":"https:\/\/tuzlainfo.ba\/index.php\/bosna-i-hercegovina\/item\/210732-novo-povecanje-prosjecna-neto-plata-u-fbih-visa-za-36-posto\/#primaryimage"},"thumbnailUrl":"https:\/\/tuzlainfo.ba\/wp-content\/uploads\/2022\/01\/0301_novac_KM.jpg","keywords":["neto plata u fbih","prosje\u010dna neto plata u fbih"],"articleSection":["Bosna i Hercegovina"],"inLanguage":"bs-BA"},{"@type":"WebPage","@id":"https:\/\/tuzlainfo.ba\/index.php\/bosna-i-hercegovina\/item\/210732-novo-povecanje-prosjecna-neto-plata-u-fbih-visa-za-36-posto\/","url":"https:\/\/tuzlainfo.ba\/index.php\/bosna-i-hercegovina\/item\/210732-novo-povecanje-prosjecna-neto-plata-u-fbih-visa-za-36-posto\/","name":"Novo pove\u0107anje: Prosje\u010dna neto plata u FBiH vi\u0161a za 3,6 posto - TuzlaInfo.ba","isPartOf":{"@id":"https:\/\/tuzlainfo.ba\/#website"},"primaryImageOfPage":{"@id":"https:\/\/tuzlainfo.ba\/index.php\/bosna-i-hercegovina\/item\/210732-novo-povecanje-prosjecna-neto-plata-u-fbih-visa-za-36-posto\/#primaryimage"},"image":{"@id":"https:\/\/tuzlainfo.ba\/index.php\/bosna-i-hercegovina\/item\/210732-novo-povecanje-prosjecna-neto-plata-u-fbih-visa-za-36-posto\/#primaryimage"},"thumbnailUrl":"https:\/\/tuzlainfo.ba\/wp-content\/uploads\/2022\/01\/0301_novac_KM.jpg","datePublished":"2023-07-17T16:02:35+00:00","dateModified":"2023-07-17T13:47:47+00:00","breadcrumb":{"@id":"https:\/\/tuzlainfo.ba\/index.php\/bosna-i-hercegovina\/item\/210732-novo-povecanje-prosjecna-neto-plata-u-fbih-visa-za-36-posto\/#breadcrumb"},"inLanguage":"bs-BA","potentialAction":[{"@type":"ReadAction","target":["https:\/\/tuzlainfo.ba\/index.php\/bosna-i-hercegovina\/item\/210732-novo-povecanje-prosjecna-neto-plata-u-fbih-visa-za-36-posto\/"]}]},{"@type":"ImageObject","inLanguage":"bs-BA","@id":"https:\/\/tuzlainfo.ba\/index.php\/bosna-i-hercegovina\/item\/210732-novo-povecanje-prosjecna-neto-plata-u-fbih-visa-za-36-posto\/#primaryimage","url":"https:\/\/tuzlainfo.ba\/wp-content\/uploads\/2022\/01\/0301_novac_KM.jpg","contentUrl":"https:\/\/tuzlainfo.ba\/wp-content\/uploads\/2022\/01\/0301_novac_KM.jpg","width":1200,"height":900},{"@type":"BreadcrumbList","@id":"https:\/\/tuzlainfo.ba\/index.php\/bosna-i-hercegovina\/item\/210732-novo-povecanje-prosjecna-neto-plata-u-fbih-visa-za-36-posto\/#breadcrumb","itemListElement":[{"@type":"ListItem","position":1,"name":"Home","item":"https:\/\/tuzlainfo.ba\/"},{"@type":"ListItem","position":2,"name":"Novo pove\u0107anje: Prosje\u010dna neto plata u FBiH vi\u0161a za 3,6 posto"}]},{"@type":"WebSite","@id":"https:\/\/tuzlainfo.ba\/#website","url":"https:\/\/tuzlainfo.ba\/","name":"TuzlaInfo.ba","description":"Tuzla info, gradski informator - Tuzla na dlanu","publisher":{"@id":"https:\/\/tuzlainfo.ba\/#organization"},"potentialAction":[{"@type":"SearchAction","target":{"@type":"EntryPoint","urlTemplate":"https:\/\/tuzlainfo.ba\/?s={search_term_string}"},"query-input":{"@type":"PropertyValueSpecification","valueRequired":true,"valueName":"search_term_string"}}],"inLanguage":"bs-BA"},{"@type":"Organization","@id":"https:\/\/tuzlainfo.ba\/#organization","name":"TuzlaInfo.ba","url":"https:\/\/tuzlainfo.ba\/","logo":{"@type":"ImageObject","inLanguage":"bs-BA","@id":"https:\/\/tuzlainfo.ba\/#\/schema\/logo\/image\/","url":"https:\/\/tuzlainfo.ba\/wp-content\/uploads\/2021\/03\/logo-ver-3-1.png","contentUrl":"https:\/\/tuzlainfo.ba\/wp-content\/uploads\/2021\/03\/logo-ver-3-1.png","width":350,"height":95,"caption":"TuzlaInfo.ba"},"image":{"@id":"https:\/\/tuzlainfo.ba\/#\/schema\/logo\/image\/"},"sameAs":["https:\/\/www.facebook.com\/tuzlainfo.ba\/"]},{"@type":"Person","@id":"https:\/\/tuzlainfo.ba\/#\/schema\/person\/f434e20dc27ea133923aab08451b7f7f","name":"nedim","image":{"@type":"ImageObject","inLanguage":"bs-BA","@id":"https:\/\/tuzlainfo.ba\/#\/schema\/person\/image\/","url":"https:\/\/tuzlainfo.ba\/wp-content\/litespeed\/avatar\/aabad687af24844af817603ac1cbdc4f.jpg?ver=1777306975","contentUrl":"https:\/\/tuzlainfo.ba\/wp-content\/litespeed\/avatar\/aabad687af24844af817603ac1cbdc4f.jpg?ver=1777306975","caption":"nedim"},"description":"Tuzlainfo.ba pratite na dru\u0161tvenim mre\u017eama: Facebook, Instagram i Youtube. Svoje pri\u010de, upite i fotografije \u0161aljite na na\u0161u e-mail adresu."}]}},"_links":{"self":[{"href":"https:\/\/tuzlainfo.ba\/index.php\/wp-json\/wp\/v2\/posts\/210732"}],"collection":[{"href":"https:\/\/tuzlainfo.ba\/index.php\/wp-json\/wp\/v2\/posts"}],"about":[{"href":"https:\/\/tuzlainfo.ba\/index.php\/wp-json\/wp\/v2\/types\/post"}],"author":[{"embeddable":true,"href":"https:\/\/tuzlainfo.ba\/index.php\/wp-json\/wp\/v2\/users\/2"}],"replies":[{"embeddable":true,"href":"https:\/\/tuzlainfo.ba\/index.php\/wp-json\/wp\/v2\/comments?post=210732"}],"version-history":[{"count":0,"href":"https:\/\/tuzlainfo.ba\/index.php\/wp-json\/wp\/v2\/posts\/210732\/revisions"}],"wp:featuredmedia":[{"embeddable":true,"href":"https:\/\/tuzlainfo.ba\/index.php\/wp-json\/wp\/v2\/media\/160169"}],"wp:attachment":[{"href":"https:\/\/tuzlainfo.ba\/index.php\/wp-json\/wp\/v2\/media?parent=210732"}],"wp:term":[{"taxonomy":"category","embeddable":true,"href":"https:\/\/tuzlainfo.ba\/index.php\/wp-json\/wp\/v2\/categories?post=210732"},{"taxonomy":"post_tag","embeddable":true,"href":"https:\/\/tuzlainfo.ba\/index.php\/wp-json\/wp\/v2\/tags?post=210732"}],"curies":[{"name":"wp","href":"https:\/\/api.w.org\/{rel}","templated":true}]}}