{"id":210728,"date":"2023-07-17T22:03:40","date_gmt":"2023-07-17T20:03:40","guid":{"rendered":"https:\/\/tuzlainfo.ba\/?p=210728"},"modified":"2023-07-17T15:57:48","modified_gmt":"2023-07-17T13:57:48","slug":"knjizevnica-i-potpredsjednica-drustva-pisaca-bih-jagoda-ilicic-u-posjeti-tuzlanskoj-biblioteci","status":"publish","type":"post","link":"https:\/\/tuzlainfo.ba\/index.php\/novosti\/item\/210728-knjizevnica-i-potpredsjednica-drustva-pisaca-bih-jagoda-ilicic-u-posjeti-tuzlanskoj-biblioteci\/","title":{"rendered":"Knji\u017eevnica i potpredsjednica Dru\u0161tva pisaca BiH Jagoda Ili\u010di\u0107 u posjeti tuzlanskoj Biblioteci"},"content":{"rendered":"<p>Nagra\u0111ivana knji\u017eevnica i potpredsjednica Dru\u0161tva pisaca BiH, Jagoda Ili\u010di\u0107, posjetila je danas Narodnu i univerzitetsku biblioteku \u201cDervi\u0161 Su\u0161i\u0107\u201d Tuzla. Na radnom sastanku sa Sanjom Duki\u0107, vr\u0161iocem du\u017enosti direktora ove biblioteke, dogovorene su ativnosti u predstoje\u0107em periodu.<\/p>\n<p>Ve\u0107 u oktobru, kada se obilje\u017eava \u201cMjesec knjige\u201d, za najmla\u0111e sugra\u0111ane su predvi\u0111ene radionice u okviru \u201cKnjigosaurijade\u201d, a aktivnosti sa piscima su predvi\u0111ene i na druge va\u017ene knji\u017eevne datume. Novost za Tuzlu i Tuzlanski kanton je festival literarnih sekcija koji \u0107e biti odr\u017ean kroz niz interaktivih radionica, a u\u010destvovati \u0107e mo\u0107i osnovci sa podru\u010dja cijelog Tuzlanskog kantona. Na stranici https:\/\/knjigosaur.ba\/ ve\u0107 je pokrenut projekat \u010citaonica kod Knjigosaura, a uskoro \u0107e se ova stranica obogatiti informacijama iz svijeta dje\u010dije knjige, \u010dime mladi \u010ditaoci mogu da prate aktuelnosti iz ove oblasti. Ovako se sa potencijalnim i stalnim \u010ditaocima komunicira i kroz drugi medij &#8211; \u0161to je jo\u0161 jedan na\u010din na koji pisci i knjige mogu pratiti nove trendove.<\/p>\n<p>&#8211; Saradnja sa dje\u010dijim piscima, uz bogatije sadr\u017eaje za djecu i mlade, jedan je od najva\u017enijih zadataka koje imamo. Vrijeme u kojem \u017eivimo postavlja pred nas nove izazove, a jedan od njih je i kako privu\u0107i \u0161to ve\u0107i broj \u010ditalaca u biblioteke. Vjerujem da je to mogu\u0107e ako budemo odgovorili na njihove zahtjeve i aktuelizirali na\u0161e aktivnosti prema \u017eeljama mladih. &#8211; rekla je Sanja Duki\u0107, v.d. direktora Narodne i univerzitetske biblioteke \u201cDervi\u0161 Su\u0161i\u0107\u201d Tuzla.<\/p>\n","protected":false},"excerpt":{"rendered":"<p>Nagra\u0111ivana knji\u017eevnica i potpredsjednica Dru\u0161tva pisaca BiH, Jagoda Ili\u010di\u0107, posjetila je danas Narodnu i univerzitetsku&hellip;<\/p>\n","protected":false},"author":4,"featured_media":210729,"comment_status":"open","ping_status":"closed","sticky":false,"template":"","format":"standard","meta":{"_acf_changed":false,"footnotes":""},"categories":[12],"tags":[1705,42,6647],"acf":[],"yoast_head":"<!-- This site is optimized with the Yoast SEO plugin v23.5 - https:\/\/yoast.com\/wordpress\/plugins\/seo\/ -->\n<title>Knji\u017eevnica i potpredsjednica Dru\u0161tva pisaca BiH Jagoda Ili\u010di\u0107 u posjeti tuzlanskoj Biblioteci - TuzlaInfo.ba<\/title>\n<meta name=\"robots\" content=\"index, follow, max-snippet:-1, max-image-preview:large, max-video-preview:-1\" \/>\n<link rel=\"canonical\" href=\"https:\/\/tuzlainfo.ba\/index.php\/novosti\/item\/210728-knjizevnica-i-potpredsjednica-drustva-pisaca-bih-jagoda-ilicic-u-posjeti-tuzlanskoj-biblioteci\/\" \/>\n<meta property=\"og:locale\" content=\"bs_BA\" \/>\n<meta property=\"og:type\" content=\"article\" \/>\n<meta property=\"og:title\" content=\"Knji\u017eevnica i potpredsjednica Dru\u0161tva pisaca BiH Jagoda Ili\u010di\u0107 u posjeti tuzlanskoj Biblioteci - TuzlaInfo.ba\" \/>\n<meta property=\"og:description\" content=\"Nagra\u0111ivana knji\u017eevnica i potpredsjednica Dru\u0161tva pisaca BiH, Jagoda Ili\u010di\u0107, posjetila je danas Narodnu i univerzitetsku&hellip;\" \/>\n<meta property=\"og:url\" content=\"https:\/\/tuzlainfo.ba\/index.php\/novosti\/item\/210728-knjizevnica-i-potpredsjednica-drustva-pisaca-bih-jagoda-ilicic-u-posjeti-tuzlanskoj-biblioteci\/\" \/>\n<meta property=\"og:site_name\" content=\"TuzlaInfo.ba\" \/>\n<meta property=\"article:publisher\" content=\"https:\/\/www.facebook.com\/tuzlainfo.ba\/\" \/>\n<meta property=\"article:published_time\" content=\"2023-07-17T20:03:40+00:00\" \/>\n<meta property=\"article:modified_time\" content=\"2023-07-17T13:57:48+00:00\" \/>\n<meta property=\"og:image\" content=\"https:\/\/tuzlainfo.ba\/wp-content\/uploads\/2023\/07\/thumbnail_IMG-ba1a25286870f58fb20a00c348340ed1-V-1.jpg\" \/>\n\t<meta property=\"og:image:width\" content=\"1116\" \/>\n\t<meta property=\"og:image:height\" content=\"674\" \/>\n\t<meta property=\"og:image:type\" content=\"image\/jpeg\" \/>\n<meta name=\"author\" content=\"Tuzla Info\" \/>\n<meta name=\"twitter:card\" content=\"summary_large_image\" \/>\n<meta name=\"twitter:label1\" content=\"Written by\" \/>\n\t<meta name=\"twitter:data1\" content=\"Tuzla Info\" \/>\n\t<meta name=\"twitter:label2\" content=\"Est. reading time\" \/>\n\t<meta name=\"twitter:data2\" content=\"1 minuta\" \/>\n<script type=\"application\/ld+json\" class=\"yoast-schema-graph\">{\"@context\":\"https:\/\/schema.org\",\"@graph\":[{\"@type\":\"Article\",\"@id\":\"https:\/\/tuzlainfo.ba\/index.php\/novosti\/item\/210728-knjizevnica-i-potpredsjednica-drustva-pisaca-bih-jagoda-ilicic-u-posjeti-tuzlanskoj-biblioteci\/#article\",\"isPartOf\":{\"@id\":\"https:\/\/tuzlainfo.ba\/index.php\/novosti\/item\/210728-knjizevnica-i-potpredsjednica-drustva-pisaca-bih-jagoda-ilicic-u-posjeti-tuzlanskoj-biblioteci\/\"},\"author\":{\"name\":\"Tuzla Info\",\"@id\":\"https:\/\/tuzlainfo.ba\/#\/schema\/person\/46cad4c57790cbc50781edd14870825a\"},\"headline\":\"Knji\u017eevnica i potpredsjednica Dru\u0161tva pisaca BiH Jagoda Ili\u010di\u0107 u posjeti tuzlanskoj Biblioteci\",\"datePublished\":\"2023-07-17T20:03:40+00:00\",\"dateModified\":\"2023-07-17T13:57:48+00:00\",\"mainEntityOfPage\":{\"@id\":\"https:\/\/tuzlainfo.ba\/index.php\/novosti\/item\/210728-knjizevnica-i-potpredsjednica-drustva-pisaca-bih-jagoda-ilicic-u-posjeti-tuzlanskoj-biblioteci\/\"},\"wordCount\":273,\"commentCount\":0,\"publisher\":{\"@id\":\"https:\/\/tuzlainfo.ba\/#organization\"},\"image\":{\"@id\":\"https:\/\/tuzlainfo.ba\/index.php\/novosti\/item\/210728-knjizevnica-i-potpredsjednica-drustva-pisaca-bih-jagoda-ilicic-u-posjeti-tuzlanskoj-biblioteci\/#primaryimage\"},\"thumbnailUrl\":\"https:\/\/tuzlainfo.ba\/wp-content\/uploads\/2023\/07\/thumbnail_IMG-ba1a25286870f58fb20a00c348340ed1-V-1.jpg\",\"keywords\":[\"nub dervi\u0161 su\u0161i\u0107\",\"tuzla\",\"tuzlanski portal\"],\"articleSection\":[\"Novosti\"],\"inLanguage\":\"bs-BA\"},{\"@type\":\"WebPage\",\"@id\":\"https:\/\/tuzlainfo.ba\/index.php\/novosti\/item\/210728-knjizevnica-i-potpredsjednica-drustva-pisaca-bih-jagoda-ilicic-u-posjeti-tuzlanskoj-biblioteci\/\",\"url\":\"https:\/\/tuzlainfo.ba\/index.php\/novosti\/item\/210728-knjizevnica-i-potpredsjednica-drustva-pisaca-bih-jagoda-ilicic-u-posjeti-tuzlanskoj-biblioteci\/\",\"name\":\"Knji\u017eevnica i potpredsjednica Dru\u0161tva pisaca BiH Jagoda Ili\u010di\u0107 u posjeti tuzlanskoj Biblioteci - TuzlaInfo.ba\",\"isPartOf\":{\"@id\":\"https:\/\/tuzlainfo.ba\/#website\"},\"primaryImageOfPage\":{\"@id\":\"https:\/\/tuzlainfo.ba\/index.php\/novosti\/item\/210728-knjizevnica-i-potpredsjednica-drustva-pisaca-bih-jagoda-ilicic-u-posjeti-tuzlanskoj-biblioteci\/#primaryimage\"},\"image\":{\"@id\":\"https:\/\/tuzlainfo.ba\/index.php\/novosti\/item\/210728-knjizevnica-i-potpredsjednica-drustva-pisaca-bih-jagoda-ilicic-u-posjeti-tuzlanskoj-biblioteci\/#primaryimage\"},\"thumbnailUrl\":\"https:\/\/tuzlainfo.ba\/wp-content\/uploads\/2023\/07\/thumbnail_IMG-ba1a25286870f58fb20a00c348340ed1-V-1.jpg\",\"datePublished\":\"2023-07-17T20:03:40+00:00\",\"dateModified\":\"2023-07-17T13:57:48+00:00\",\"breadcrumb\":{\"@id\":\"https:\/\/tuzlainfo.ba\/index.php\/novosti\/item\/210728-knjizevnica-i-potpredsjednica-drustva-pisaca-bih-jagoda-ilicic-u-posjeti-tuzlanskoj-biblioteci\/#breadcrumb\"},\"inLanguage\":\"bs-BA\",\"potentialAction\":[{\"@type\":\"ReadAction\",\"target\":[\"https:\/\/tuzlainfo.ba\/index.php\/novosti\/item\/210728-knjizevnica-i-potpredsjednica-drustva-pisaca-bih-jagoda-ilicic-u-posjeti-tuzlanskoj-biblioteci\/\"]}]},{\"@type\":\"ImageObject\",\"inLanguage\":\"bs-BA\",\"@id\":\"https:\/\/tuzlainfo.ba\/index.php\/novosti\/item\/210728-knjizevnica-i-potpredsjednica-drustva-pisaca-bih-jagoda-ilicic-u-posjeti-tuzlanskoj-biblioteci\/#primaryimage\",\"url\":\"https:\/\/tuzlainfo.ba\/wp-content\/uploads\/2023\/07\/thumbnail_IMG-ba1a25286870f58fb20a00c348340ed1-V-1.jpg\",\"contentUrl\":\"https:\/\/tuzlainfo.ba\/wp-content\/uploads\/2023\/07\/thumbnail_IMG-ba1a25286870f58fb20a00c348340ed1-V-1.jpg\",\"width\":1116,\"height\":674},{\"@type\":\"BreadcrumbList\",\"@id\":\"https:\/\/tuzlainfo.ba\/index.php\/novosti\/item\/210728-knjizevnica-i-potpredsjednica-drustva-pisaca-bih-jagoda-ilicic-u-posjeti-tuzlanskoj-biblioteci\/#breadcrumb\",\"itemListElement\":[{\"@type\":\"ListItem\",\"position\":1,\"name\":\"Home\",\"item\":\"https:\/\/tuzlainfo.ba\/\"},{\"@type\":\"ListItem\",\"position\":2,\"name\":\"Knji\u017eevnica i potpredsjednica Dru\u0161tva pisaca BiH Jagoda Ili\u010di\u0107 u posjeti tuzlanskoj Biblioteci\"}]},{\"@type\":\"WebSite\",\"@id\":\"https:\/\/tuzlainfo.ba\/#website\",\"url\":\"https:\/\/tuzlainfo.ba\/\",\"name\":\"TuzlaInfo.ba\",\"description\":\"Tuzla info, gradski informator - Tuzla na dlanu\",\"publisher\":{\"@id\":\"https:\/\/tuzlainfo.ba\/#organization\"},\"potentialAction\":[{\"@type\":\"SearchAction\",\"target\":{\"@type\":\"EntryPoint\",\"urlTemplate\":\"https:\/\/tuzlainfo.ba\/?s={search_term_string}\"},\"query-input\":{\"@type\":\"PropertyValueSpecification\",\"valueRequired\":true,\"valueName\":\"search_term_string\"}}],\"inLanguage\":\"bs-BA\"},{\"@type\":\"Organization\",\"@id\":\"https:\/\/tuzlainfo.ba\/#organization\",\"name\":\"TuzlaInfo.ba\",\"url\":\"https:\/\/tuzlainfo.ba\/\",\"logo\":{\"@type\":\"ImageObject\",\"inLanguage\":\"bs-BA\",\"@id\":\"https:\/\/tuzlainfo.ba\/#\/schema\/logo\/image\/\",\"url\":\"https:\/\/tuzlainfo.ba\/wp-content\/uploads\/2021\/03\/logo-ver-3-1.png\",\"contentUrl\":\"https:\/\/tuzlainfo.ba\/wp-content\/uploads\/2021\/03\/logo-ver-3-1.png\",\"width\":350,\"height\":95,\"caption\":\"TuzlaInfo.ba\"},\"image\":{\"@id\":\"https:\/\/tuzlainfo.ba\/#\/schema\/logo\/image\/\"},\"sameAs\":[\"https:\/\/www.facebook.com\/tuzlainfo.ba\/\"]},{\"@type\":\"Person\",\"@id\":\"https:\/\/tuzlainfo.ba\/#\/schema\/person\/46cad4c57790cbc50781edd14870825a\",\"name\":\"Tuzla Info\",\"image\":{\"@type\":\"ImageObject\",\"inLanguage\":\"bs-BA\",\"@id\":\"https:\/\/tuzlainfo.ba\/#\/schema\/person\/image\/\",\"url\":\"https:\/\/tuzlainfo.ba\/wp-content\/litespeed\/avatar\/b6c453a6c38e3654f2e4416c643fc25c.jpg?ver=1777051911\",\"contentUrl\":\"https:\/\/tuzlainfo.ba\/wp-content\/litespeed\/avatar\/b6c453a6c38e3654f2e4416c643fc25c.jpg?ver=1777051911\",\"caption\":\"Tuzla Info\"}}]}<\/script>\n<!-- \/ Yoast SEO plugin. -->","yoast_head_json":{"title":"Knji\u017eevnica i potpredsjednica Dru\u0161tva pisaca BiH Jagoda Ili\u010di\u0107 u posjeti tuzlanskoj Biblioteci - TuzlaInfo.ba","robots":{"index":"index","follow":"follow","max-snippet":"max-snippet:-1","max-image-preview":"max-image-preview:large","max-video-preview":"max-video-preview:-1"},"canonical":"https:\/\/tuzlainfo.ba\/index.php\/novosti\/item\/210728-knjizevnica-i-potpredsjednica-drustva-pisaca-bih-jagoda-ilicic-u-posjeti-tuzlanskoj-biblioteci\/","og_locale":"bs_BA","og_type":"article","og_title":"Knji\u017eevnica i potpredsjednica Dru\u0161tva pisaca BiH Jagoda Ili\u010di\u0107 u posjeti tuzlanskoj Biblioteci - TuzlaInfo.ba","og_description":"Nagra\u0111ivana knji\u017eevnica i potpredsjednica Dru\u0161tva pisaca BiH, Jagoda Ili\u010di\u0107, posjetila je danas Narodnu i univerzitetsku&hellip;","og_url":"https:\/\/tuzlainfo.ba\/index.php\/novosti\/item\/210728-knjizevnica-i-potpredsjednica-drustva-pisaca-bih-jagoda-ilicic-u-posjeti-tuzlanskoj-biblioteci\/","og_site_name":"TuzlaInfo.ba","article_publisher":"https:\/\/www.facebook.com\/tuzlainfo.ba\/","article_published_time":"2023-07-17T20:03:40+00:00","article_modified_time":"2023-07-17T13:57:48+00:00","og_image":[{"width":1116,"height":674,"url":"https:\/\/tuzlainfo.ba\/wp-content\/uploads\/2023\/07\/thumbnail_IMG-ba1a25286870f58fb20a00c348340ed1-V-1.jpg","type":"image\/jpeg"}],"author":"Tuzla Info","twitter_card":"summary_large_image","twitter_misc":{"Written by":"Tuzla Info","Est. reading time":"1 minuta"},"schema":{"@context":"https:\/\/schema.org","@graph":[{"@type":"Article","@id":"https:\/\/tuzlainfo.ba\/index.php\/novosti\/item\/210728-knjizevnica-i-potpredsjednica-drustva-pisaca-bih-jagoda-ilicic-u-posjeti-tuzlanskoj-biblioteci\/#article","isPartOf":{"@id":"https:\/\/tuzlainfo.ba\/index.php\/novosti\/item\/210728-knjizevnica-i-potpredsjednica-drustva-pisaca-bih-jagoda-ilicic-u-posjeti-tuzlanskoj-biblioteci\/"},"author":{"name":"Tuzla Info","@id":"https:\/\/tuzlainfo.ba\/#\/schema\/person\/46cad4c57790cbc50781edd14870825a"},"headline":"Knji\u017eevnica i potpredsjednica Dru\u0161tva pisaca BiH Jagoda Ili\u010di\u0107 u posjeti tuzlanskoj Biblioteci","datePublished":"2023-07-17T20:03:40+00:00","dateModified":"2023-07-17T13:57:48+00:00","mainEntityOfPage":{"@id":"https:\/\/tuzlainfo.ba\/index.php\/novosti\/item\/210728-knjizevnica-i-potpredsjednica-drustva-pisaca-bih-jagoda-ilicic-u-posjeti-tuzlanskoj-biblioteci\/"},"wordCount":273,"commentCount":0,"publisher":{"@id":"https:\/\/tuzlainfo.ba\/#organization"},"image":{"@id":"https:\/\/tuzlainfo.ba\/index.php\/novosti\/item\/210728-knjizevnica-i-potpredsjednica-drustva-pisaca-bih-jagoda-ilicic-u-posjeti-tuzlanskoj-biblioteci\/#primaryimage"},"thumbnailUrl":"https:\/\/tuzlainfo.ba\/wp-content\/uploads\/2023\/07\/thumbnail_IMG-ba1a25286870f58fb20a00c348340ed1-V-1.jpg","keywords":["nub dervi\u0161 su\u0161i\u0107","tuzla","tuzlanski portal"],"articleSection":["Novosti"],"inLanguage":"bs-BA"},{"@type":"WebPage","@id":"https:\/\/tuzlainfo.ba\/index.php\/novosti\/item\/210728-knjizevnica-i-potpredsjednica-drustva-pisaca-bih-jagoda-ilicic-u-posjeti-tuzlanskoj-biblioteci\/","url":"https:\/\/tuzlainfo.ba\/index.php\/novosti\/item\/210728-knjizevnica-i-potpredsjednica-drustva-pisaca-bih-jagoda-ilicic-u-posjeti-tuzlanskoj-biblioteci\/","name":"Knji\u017eevnica i potpredsjednica Dru\u0161tva pisaca BiH Jagoda Ili\u010di\u0107 u posjeti tuzlanskoj Biblioteci - TuzlaInfo.ba","isPartOf":{"@id":"https:\/\/tuzlainfo.ba\/#website"},"primaryImageOfPage":{"@id":"https:\/\/tuzlainfo.ba\/index.php\/novosti\/item\/210728-knjizevnica-i-potpredsjednica-drustva-pisaca-bih-jagoda-ilicic-u-posjeti-tuzlanskoj-biblioteci\/#primaryimage"},"image":{"@id":"https:\/\/tuzlainfo.ba\/index.php\/novosti\/item\/210728-knjizevnica-i-potpredsjednica-drustva-pisaca-bih-jagoda-ilicic-u-posjeti-tuzlanskoj-biblioteci\/#primaryimage"},"thumbnailUrl":"https:\/\/tuzlainfo.ba\/wp-content\/uploads\/2023\/07\/thumbnail_IMG-ba1a25286870f58fb20a00c348340ed1-V-1.jpg","datePublished":"2023-07-17T20:03:40+00:00","dateModified":"2023-07-17T13:57:48+00:00","breadcrumb":{"@id":"https:\/\/tuzlainfo.ba\/index.php\/novosti\/item\/210728-knjizevnica-i-potpredsjednica-drustva-pisaca-bih-jagoda-ilicic-u-posjeti-tuzlanskoj-biblioteci\/#breadcrumb"},"inLanguage":"bs-BA","potentialAction":[{"@type":"ReadAction","target":["https:\/\/tuzlainfo.ba\/index.php\/novosti\/item\/210728-knjizevnica-i-potpredsjednica-drustva-pisaca-bih-jagoda-ilicic-u-posjeti-tuzlanskoj-biblioteci\/"]}]},{"@type":"ImageObject","inLanguage":"bs-BA","@id":"https:\/\/tuzlainfo.ba\/index.php\/novosti\/item\/210728-knjizevnica-i-potpredsjednica-drustva-pisaca-bih-jagoda-ilicic-u-posjeti-tuzlanskoj-biblioteci\/#primaryimage","url":"https:\/\/tuzlainfo.ba\/wp-content\/uploads\/2023\/07\/thumbnail_IMG-ba1a25286870f58fb20a00c348340ed1-V-1.jpg","contentUrl":"https:\/\/tuzlainfo.ba\/wp-content\/uploads\/2023\/07\/thumbnail_IMG-ba1a25286870f58fb20a00c348340ed1-V-1.jpg","width":1116,"height":674},{"@type":"BreadcrumbList","@id":"https:\/\/tuzlainfo.ba\/index.php\/novosti\/item\/210728-knjizevnica-i-potpredsjednica-drustva-pisaca-bih-jagoda-ilicic-u-posjeti-tuzlanskoj-biblioteci\/#breadcrumb","itemListElement":[{"@type":"ListItem","position":1,"name":"Home","item":"https:\/\/tuzlainfo.ba\/"},{"@type":"ListItem","position":2,"name":"Knji\u017eevnica i potpredsjednica Dru\u0161tva pisaca BiH Jagoda Ili\u010di\u0107 u posjeti tuzlanskoj Biblioteci"}]},{"@type":"WebSite","@id":"https:\/\/tuzlainfo.ba\/#website","url":"https:\/\/tuzlainfo.ba\/","name":"TuzlaInfo.ba","description":"Tuzla info, gradski informator - Tuzla na dlanu","publisher":{"@id":"https:\/\/tuzlainfo.ba\/#organization"},"potentialAction":[{"@type":"SearchAction","target":{"@type":"EntryPoint","urlTemplate":"https:\/\/tuzlainfo.ba\/?s={search_term_string}"},"query-input":{"@type":"PropertyValueSpecification","valueRequired":true,"valueName":"search_term_string"}}],"inLanguage":"bs-BA"},{"@type":"Organization","@id":"https:\/\/tuzlainfo.ba\/#organization","name":"TuzlaInfo.ba","url":"https:\/\/tuzlainfo.ba\/","logo":{"@type":"ImageObject","inLanguage":"bs-BA","@id":"https:\/\/tuzlainfo.ba\/#\/schema\/logo\/image\/","url":"https:\/\/tuzlainfo.ba\/wp-content\/uploads\/2021\/03\/logo-ver-3-1.png","contentUrl":"https:\/\/tuzlainfo.ba\/wp-content\/uploads\/2021\/03\/logo-ver-3-1.png","width":350,"height":95,"caption":"TuzlaInfo.ba"},"image":{"@id":"https:\/\/tuzlainfo.ba\/#\/schema\/logo\/image\/"},"sameAs":["https:\/\/www.facebook.com\/tuzlainfo.ba\/"]},{"@type":"Person","@id":"https:\/\/tuzlainfo.ba\/#\/schema\/person\/46cad4c57790cbc50781edd14870825a","name":"Tuzla Info","image":{"@type":"ImageObject","inLanguage":"bs-BA","@id":"https:\/\/tuzlainfo.ba\/#\/schema\/person\/image\/","url":"https:\/\/tuzlainfo.ba\/wp-content\/litespeed\/avatar\/b6c453a6c38e3654f2e4416c643fc25c.jpg?ver=1777051911","contentUrl":"https:\/\/tuzlainfo.ba\/wp-content\/litespeed\/avatar\/b6c453a6c38e3654f2e4416c643fc25c.jpg?ver=1777051911","caption":"Tuzla Info"}}]}},"_links":{"self":[{"href":"https:\/\/tuzlainfo.ba\/index.php\/wp-json\/wp\/v2\/posts\/210728"}],"collection":[{"href":"https:\/\/tuzlainfo.ba\/index.php\/wp-json\/wp\/v2\/posts"}],"about":[{"href":"https:\/\/tuzlainfo.ba\/index.php\/wp-json\/wp\/v2\/types\/post"}],"author":[{"embeddable":true,"href":"https:\/\/tuzlainfo.ba\/index.php\/wp-json\/wp\/v2\/users\/4"}],"replies":[{"embeddable":true,"href":"https:\/\/tuzlainfo.ba\/index.php\/wp-json\/wp\/v2\/comments?post=210728"}],"version-history":[{"count":0,"href":"https:\/\/tuzlainfo.ba\/index.php\/wp-json\/wp\/v2\/posts\/210728\/revisions"}],"wp:featuredmedia":[{"embeddable":true,"href":"https:\/\/tuzlainfo.ba\/index.php\/wp-json\/wp\/v2\/media\/210729"}],"wp:attachment":[{"href":"https:\/\/tuzlainfo.ba\/index.php\/wp-json\/wp\/v2\/media?parent=210728"}],"wp:term":[{"taxonomy":"category","embeddable":true,"href":"https:\/\/tuzlainfo.ba\/index.php\/wp-json\/wp\/v2\/categories?post=210728"},{"taxonomy":"post_tag","embeddable":true,"href":"https:\/\/tuzlainfo.ba\/index.php\/wp-json\/wp\/v2\/tags?post=210728"}],"curies":[{"name":"wp","href":"https:\/\/api.w.org\/{rel}","templated":true}]}}