{"id":210560,"date":"2023-07-15T13:17:52","date_gmt":"2023-07-15T11:17:52","guid":{"rendered":"https:\/\/tuzlainfo.ba\/?p=210560"},"modified":"2023-07-15T13:17:52","modified_gmt":"2023-07-15T11:17:52","slug":"zastrasivanje-novinara-provala-u-kradja-u-stanu-novinarke-i-urednika-zurnala","status":"publish","type":"post","link":"https:\/\/tuzlainfo.ba\/index.php\/bosna-i-hercegovina\/item\/210560-zastrasivanje-novinara-provala-u-kradja-u-stanu-novinarke-i-urednika-zurnala\/","title":{"rendered":"Zastra\u0161ivanje novinara: Provala u kra\u0111a u stanu novinarke i urednika \u017durnala"},"content":{"rendered":"<p>Udru\u017eenje Umbrella, koje okuplja 13 istra\u017eiva\u010dkih nezavisnih medija, izra\u017eava duboku zabrinutost zbog provale u stan jednog od urednika magazina \u017durnala <strong>Eldina Kari\u0107a<\/strong> i novinarke <strong>\u017dane Kari\u0107 Gauk<\/strong>, te zahtijeva od policijskih organa i pravosudnih institucija da odmah prona\u0111u odgovorne osobe i sankcioni\u0161u ovakav vid prijetnji i ugro\u017eavanja sigurnosti novinara\/ki u BiH.<\/p>\n<p>Da je ovaj razbojni\u010dki \u010din samo poku\u0161aj zastra\u0161ivanja, i to nakon bezbroj fizi\u010dkih napada, prijetnji, tu\u017ebi i naru\u010denih poreskih inspekcija kojima je izlo\u017eena redakcija \u017durnala ve\u0107 14 godina, koliko i postoji, govori i \u010dinjenica da je stan temeljito, vrlo profesionalno i precizno ispreturan, te da osim dva laptopa nisu odnijeti ostali predmeti od vrijednosti.<\/p>\n<p>S obzirom da je od razli\u010ditih politi\u010dkih i ekonomskih centara mo\u0107i stvorena atmosfera neka\u017enjivosti napada na novinare\/ke,\u00a0 poni\u017eavanja, omalova\u017eavanja, te da pravosudne institucije nisu dovoljno efiksane kada se radi o procesuiranju napada na novinare\/ke, dovoljno govori o razra\u0111enom sistemskom mehanizmu poku\u0161aja gu\u0161enja slobodnih glasova, te nivou medijskih sloboda i sigurnosti medijskih djelatnika u Bosni i Hercegovini.<\/p>\n<p>Pozivamo nadle\u017ene institucije na efikasno postupanje u ovom, ali i svim drugim slu\u010dajevima ugro\u017eavanja ljudskih prava novinara\/ki, jer to jeste i mo\u017ee biti jedina realna mjera spremnosti institucija da se za\u0161tite medijski djelatnici, a time i pravo gra\u0111ana na informisanje u javnom interesu. Izostanak takve rekacije \u0107e dodatno ugroziti slobodu medija, sigurnost novinara\/ki, te potkopati temeljne vrijednosti demokratije.<\/p>\n<p>Udru\u017eenje Umbrella, sa svojim \u010dlanicama, daje punu podr\u0161ku kolegi\/ci sa \u017durnala, te pozivaju i ostale medijske djelatnike na solidarnost, jer je jasno da samo me\u0111usobna podr\u0161ka i zajedni\u010dka borba mogu pomo\u0107i da slobodno novinarstvo prebrodi te\u0161ka vremena, koja su pred nama, bez te\u0161kih posledica &#8211; navodi se u saop\u0161tenju Udru\u017eenja Umbrella.<\/p>\n<p><strong><br \/>\nBH Novinari: Zahtijevamo hitnu istragu o kra\u0111i opreme za rad novinarke i urednika \u017durnala\u00a0\u00a0 \u00a0<\/strong><\/p>\n<p>Upravni odbor \u00a0Udru\u017eenja\/udruge BH novinari i Linija za pomo\u0107 novinarima daju punu podr\u0161ku \u017dani Kari\u0107 \u2013 Gauk, novinarki,\u00a0 i Eldinu Kari\u0107u, glavnom uredniku portala \u017durnal, te zahtijevaju od MUP Kantona Sarajevo hitnu i profesionalnu istragu o upadu u stan dvoje novinara i otu\u0111ivanju njihove opreme za rad.<\/p>\n<p>Provalna kra\u0111a se desila ju\u010der u vrijeme kada se ovo dvoje novinara nalazilo na obilje\u017eavanju \u010detrnaeste godi\u0161njice postojanja portala \u017durnal. Nepoznati provalnici su ispreturali stvari u stanu i tom prilikom odnijeli dva laptopa koje su novinarka \u017dana Gauk \u2013 Kari\u0107 i urednik Eldin Kari\u0107 koristili za svakodnevni rad.<\/p>\n<p>Upravni dobor BH novinara ocjenjuje ovaj incident kao ciljani poku\u0161aj zastra\u0161ivanja novinara\/ki i urednika\/ca portala \u017durnal, kako bi odustali od istra\u017eiva\u010dkog novinarstva i objavljivanja pri\u010da o slu\u010dajevima kriminala i korupcije, \u010diji su akteri najve\u0107i politi\u010dki i dr\u017eavni du\u017enosnici u Bosni i Hercegovini. Ovdje je rije\u010d i o produ\u017eenom nasilju nad novinarima, \u010diji akteri ne ograni\u010davaju nasilje samo na radne prostore \u017durnala\u00a0 ili novinarske ekipe na radnom zadatku, ve\u0107 atakuju i na privatnu imovinu, kako bi \u201cdr\u017eali\u201d novinare u stalnom strahu i skrenuli njihov rad na bavljenje samima sobom, a ne istra\u017eiva\u010dkim novinarsvom u \u010dijem su sredi\u0161tu postupci i odluke bh.zvani\u010dnika.<\/p>\n<p>Upravni odbor BH novinara i Linija za pomo\u0107 novinarima javno pozivaju policiju\u00a0 Kantona Sarajevo na provo\u0111enje hitne istragu o ovom slu\u010daju, kao i da poduzmu zakonske mjere za sankcioniranje po\u010dinilaca, uva\u017eavaju\u0107i okolnost da se provalna kra\u0111a desila u stan dvoje novinara, kojom prilikom su odneseni laptopi sa njihovim novinarskim\u00a0 materijalima &#8211; navodi se u saop\u0161tenju Upravnog odbora BH novinara.<\/p>\n<p>&nbsp;<\/p>\n","protected":false},"excerpt":{"rendered":"<p>Udru\u017eenje Umbrella, koje okuplja 13 istra\u017eiva\u010dkih nezavisnih medija, izra\u017eava duboku zabrinutost zbog provale u stan jednog od urednika magazina \u017durnala Eldina Kari\u0107a i novinarke \u017dane Kari\u0107 Gauk, te zahtijeva od policijskih organa i pravosudnih institucija da odmah prona\u0111u odgovorne osobe i sankcioni\u0161u ovakav vid prijetnji i ugro\u017eavanja sigurnosti novinara\/ki u BiH. Da je ovaj razbojni\u010dki [&hellip;]<\/p>\n","protected":false},"author":3,"featured_media":65889,"comment_status":"open","ping_status":"closed","sticky":false,"template":"","format":"standard","meta":{"footnotes":""},"categories":[291],"tags":[4158,1772,7531,7532,7533],"class_list":["post-210560","post","type-post","status-publish","format-standard","has-post-thumbnail","hentry","category-bosna-i-hercegovina","tag-bh-novinari","tag-kradja","tag-provala-u-stan","tag-zastrasivanje-novinara","tag-zurnal"],"yoast_head":"<!-- This site is optimized with the Yoast SEO plugin v28.3 - https:\/\/yoast.com\/product\/yoast-seo-wordpress\/ -->\n<title>Zastra\u0161ivanje novinara: Provala u kra\u0111a u stanu novinarke i urednika \u017durnala<\/title>\n<meta name=\"robots\" content=\"index, follow, max-snippet:-1, max-image-preview:large, max-video-preview:-1\" \/>\n<link rel=\"canonical\" href=\"https:\/\/tuzlainfo.ba\/index.php\/bosna-i-hercegovina\/item\/210560-zastrasivanje-novinara-provala-u-kradja-u-stanu-novinarke-i-urednika-zurnala\/\" \/>\n<meta property=\"og:locale\" content=\"bs_BA\" \/>\n<meta property=\"og:type\" content=\"article\" \/>\n<meta property=\"og:title\" content=\"Zastra\u0161ivanje novinara: Provala u kra\u0111a u stanu novinarke i urednika \u017durnala\" \/>\n<meta property=\"og:description\" content=\"Udru\u017eenje Umbrella, koje okuplja 13 istra\u017eiva\u010dkih nezavisnih medija, izra\u017eava duboku zabrinutost zbog provale u stan jednog od urednika magazina \u017durnala Eldina Kari\u0107a i novinarke \u017dane Kari\u0107 Gauk, te zahtijeva od policijskih organa i pravosudnih institucija da odmah prona\u0111u odgovorne osobe i sankcioni\u0161u ovakav vid prijetnji i ugro\u017eavanja sigurnosti novinara\/ki u BiH. Da je ovaj razbojni\u010dki [&hellip;]\" \/>\n<meta property=\"og:url\" content=\"https:\/\/tuzlainfo.ba\/index.php\/bosna-i-hercegovina\/item\/210560-zastrasivanje-novinara-provala-u-kradja-u-stanu-novinarke-i-urednika-zurnala\/\" \/>\n<meta property=\"og:site_name\" content=\"TuzlaInfo.ba\" \/>\n<meta property=\"article:publisher\" content=\"https:\/\/www.facebook.com\/tuzlainfo.ba\/\" \/>\n<meta property=\"article:published_time\" content=\"2023-07-15T11:17:52+00:00\" \/>\n<meta property=\"og:image\" content=\"https:\/\/tuzlainfo.ba\/wp-content\/uploads\/2018\/11\/sadrzaj_2018_20181101_3011_provalnik.jpg\" \/>\n\t<meta property=\"og:image:width\" content=\"770\" \/>\n\t<meta property=\"og:image:height\" content=\"513\" \/>\n\t<meta property=\"og:image:type\" content=\"image\/jpeg\" \/>\n<meta name=\"author\" content=\"admin2\" \/>\n<meta name=\"twitter:card\" content=\"summary_large_image\" \/>\n<meta name=\"twitter:label1\" content=\"Written by\" \/>\n\t<meta name=\"twitter:data1\" content=\"admin2\" \/>\n\t<meta name=\"twitter:label2\" content=\"Est. reading time\" \/>\n\t<meta name=\"twitter:data2\" content=\"3 minute\" \/>\n<script type=\"application\/ld+json\" class=\"yoast-schema-graph\">{\"@context\":\"https:\\\/\\\/schema.org\",\"@graph\":[{\"@type\":\"Article\",\"@id\":\"https:\\\/\\\/tuzlainfo.ba\\\/index.php\\\/bosna-i-hercegovina\\\/item\\\/210560-zastrasivanje-novinara-provala-u-kradja-u-stanu-novinarke-i-urednika-zurnala\\\/#article\",\"isPartOf\":{\"@id\":\"https:\\\/\\\/tuzlainfo.ba\\\/index.php\\\/bosna-i-hercegovina\\\/item\\\/210560-zastrasivanje-novinara-provala-u-kradja-u-stanu-novinarke-i-urednika-zurnala\\\/\"},\"author\":{\"name\":\"admin2\",\"@id\":\"https:\\\/\\\/tuzlainfo.ba\\\/#\\\/schema\\\/person\\\/f4ebe4fff27e68efb65fa7e18f8af372\"},\"headline\":\"Zastra\u0161ivanje novinara: Provala u kra\u0111a u stanu novinarke i urednika \u017durnala\",\"datePublished\":\"2023-07-15T11:17:52+00:00\",\"mainEntityOfPage\":{\"@id\":\"https:\\\/\\\/tuzlainfo.ba\\\/index.php\\\/bosna-i-hercegovina\\\/item\\\/210560-zastrasivanje-novinara-provala-u-kradja-u-stanu-novinarke-i-urednika-zurnala\\\/\"},\"wordCount\":631,\"commentCount\":0,\"publisher\":{\"@id\":\"https:\\\/\\\/tuzlainfo.ba\\\/#organization\"},\"image\":{\"@id\":\"https:\\\/\\\/tuzlainfo.ba\\\/index.php\\\/bosna-i-hercegovina\\\/item\\\/210560-zastrasivanje-novinara-provala-u-kradja-u-stanu-novinarke-i-urednika-zurnala\\\/#primaryimage\"},\"thumbnailUrl\":\"https:\\\/\\\/tuzlainfo.ba\\\/wp-content\\\/uploads\\\/2018\\\/11\\\/sadrzaj_2018_20181101_3011_provalnik.jpg\",\"keywords\":[\"bh novinari\",\"kra\u0111a\",\"provala u stan\",\"zastra\u0161ivanje novinara\",\"\u017eurnal\"],\"articleSection\":[\"Bosna i Hercegovina\"],\"inLanguage\":\"bs-BA\",\"copyrightYear\":\"2023\",\"copyrightHolder\":{\"@id\":\"https:\\\/\\\/tuzlainfo.ba\\\/#organization\"}},{\"@type\":\"WebPage\",\"@id\":\"https:\\\/\\\/tuzlainfo.ba\\\/index.php\\\/bosna-i-hercegovina\\\/item\\\/210560-zastrasivanje-novinara-provala-u-kradja-u-stanu-novinarke-i-urednika-zurnala\\\/\",\"url\":\"https:\\\/\\\/tuzlainfo.ba\\\/index.php\\\/bosna-i-hercegovina\\\/item\\\/210560-zastrasivanje-novinara-provala-u-kradja-u-stanu-novinarke-i-urednika-zurnala\\\/\",\"name\":\"Zastra\u0161ivanje novinara: Provala u kra\u0111a u stanu novinarke i urednika \u017durnala\",\"isPartOf\":{\"@id\":\"https:\\\/\\\/tuzlainfo.ba\\\/#website\"},\"primaryImageOfPage\":{\"@id\":\"https:\\\/\\\/tuzlainfo.ba\\\/index.php\\\/bosna-i-hercegovina\\\/item\\\/210560-zastrasivanje-novinara-provala-u-kradja-u-stanu-novinarke-i-urednika-zurnala\\\/#primaryimage\"},\"image\":{\"@id\":\"https:\\\/\\\/tuzlainfo.ba\\\/index.php\\\/bosna-i-hercegovina\\\/item\\\/210560-zastrasivanje-novinara-provala-u-kradja-u-stanu-novinarke-i-urednika-zurnala\\\/#primaryimage\"},\"thumbnailUrl\":\"https:\\\/\\\/tuzlainfo.ba\\\/wp-content\\\/uploads\\\/2018\\\/11\\\/sadrzaj_2018_20181101_3011_provalnik.jpg\",\"datePublished\":\"2023-07-15T11:17:52+00:00\",\"breadcrumb\":{\"@id\":\"https:\\\/\\\/tuzlainfo.ba\\\/index.php\\\/bosna-i-hercegovina\\\/item\\\/210560-zastrasivanje-novinara-provala-u-kradja-u-stanu-novinarke-i-urednika-zurnala\\\/#breadcrumb\"},\"inLanguage\":\"bs-BA\",\"potentialAction\":[{\"@type\":\"ReadAction\",\"target\":[\"https:\\\/\\\/tuzlainfo.ba\\\/index.php\\\/bosna-i-hercegovina\\\/item\\\/210560-zastrasivanje-novinara-provala-u-kradja-u-stanu-novinarke-i-urednika-zurnala\\\/\"]}]},{\"@type\":\"ImageObject\",\"inLanguage\":\"bs-BA\",\"@id\":\"https:\\\/\\\/tuzlainfo.ba\\\/index.php\\\/bosna-i-hercegovina\\\/item\\\/210560-zastrasivanje-novinara-provala-u-kradja-u-stanu-novinarke-i-urednika-zurnala\\\/#primaryimage\",\"url\":\"https:\\\/\\\/tuzlainfo.ba\\\/wp-content\\\/uploads\\\/2018\\\/11\\\/sadrzaj_2018_20181101_3011_provalnik.jpg\",\"contentUrl\":\"https:\\\/\\\/tuzlainfo.ba\\\/wp-content\\\/uploads\\\/2018\\\/11\\\/sadrzaj_2018_20181101_3011_provalnik.jpg\",\"width\":770,\"height\":513,\"caption\":\"3011 provalnik\"},{\"@type\":\"BreadcrumbList\",\"@id\":\"https:\\\/\\\/tuzlainfo.ba\\\/index.php\\\/bosna-i-hercegovina\\\/item\\\/210560-zastrasivanje-novinara-provala-u-kradja-u-stanu-novinarke-i-urednika-zurnala\\\/#breadcrumb\",\"itemListElement\":[{\"@type\":\"ListItem\",\"position\":1,\"name\":\"Home\",\"item\":\"https:\\\/\\\/tuzlainfo.ba\\\/\"},{\"@type\":\"ListItem\",\"position\":2,\"name\":\"Zastra\u0161ivanje novinara: Provala u kra\u0111a u stanu novinarke i urednika \u017durnala\"}]},{\"@type\":\"WebSite\",\"@id\":\"https:\\\/\\\/tuzlainfo.ba\\\/#website\",\"url\":\"https:\\\/\\\/tuzlainfo.ba\\\/\",\"name\":\"TuzlaInfo.ba\",\"description\":\"Tuzla info, gradski informator - Tuzla na dlanu\",\"publisher\":{\"@id\":\"https:\\\/\\\/tuzlainfo.ba\\\/#organization\"},\"potentialAction\":[{\"@type\":\"SearchAction\",\"target\":{\"@type\":\"EntryPoint\",\"urlTemplate\":\"https:\\\/\\\/tuzlainfo.ba\\\/?s={search_term_string}\"},\"query-input\":{\"@type\":\"PropertyValueSpecification\",\"valueRequired\":true,\"valueName\":\"search_term_string\"}}],\"inLanguage\":\"bs-BA\"},{\"@type\":\"Organization\",\"@id\":\"https:\\\/\\\/tuzlainfo.ba\\\/#organization\",\"name\":\"TuzlaInfo.ba\",\"url\":\"https:\\\/\\\/tuzlainfo.ba\\\/\",\"logo\":{\"@type\":\"ImageObject\",\"inLanguage\":\"bs-BA\",\"@id\":\"https:\\\/\\\/tuzlainfo.ba\\\/#\\\/schema\\\/logo\\\/image\\\/\",\"url\":\"https:\\\/\\\/tuzlainfo.ba\\\/wp-content\\\/uploads\\\/2021\\\/03\\\/logo-ver-3-1.png\",\"contentUrl\":\"https:\\\/\\\/tuzlainfo.ba\\\/wp-content\\\/uploads\\\/2021\\\/03\\\/logo-ver-3-1.png\",\"width\":350,\"height\":95,\"caption\":\"TuzlaInfo.ba\"},\"image\":{\"@id\":\"https:\\\/\\\/tuzlainfo.ba\\\/#\\\/schema\\\/logo\\\/image\\\/\"},\"sameAs\":[\"https:\\\/\\\/www.facebook.com\\\/tuzlainfo.ba\\\/\"]},{\"@type\":\"Person\",\"@id\":\"https:\\\/\\\/tuzlainfo.ba\\\/#\\\/schema\\\/person\\\/f4ebe4fff27e68efb65fa7e18f8af372\",\"name\":\"admin2\",\"image\":{\"@type\":\"ImageObject\",\"inLanguage\":\"bs-BA\",\"@id\":\"https:\\\/\\\/secure.gravatar.com\\\/avatar\\\/6474d9b45292367fa11d981175d83642ccdae059a6b7eabe5fed313d54ead5cb?s=96&d=mm&r=g\",\"url\":\"https:\\\/\\\/secure.gravatar.com\\\/avatar\\\/6474d9b45292367fa11d981175d83642ccdae059a6b7eabe5fed313d54ead5cb?s=96&d=mm&r=g\",\"contentUrl\":\"https:\\\/\\\/secure.gravatar.com\\\/avatar\\\/6474d9b45292367fa11d981175d83642ccdae059a6b7eabe5fed313d54ead5cb?s=96&d=mm&r=g\",\"caption\":\"admin2\"},\"description\":\"Tuzlainfo.ba pratite na dru\u0161tvenim mre\u017eama: Facebook, Instagram i Youtube. Svoje pri\u010de, upite i fotografije \u0161aljite na na\u0161u e-mail adresu.\",\"sameAs\":[\"admin\"]}]}<\/script>\n<!-- \/ Yoast SEO plugin. -->","yoast_head_json":{"title":"Zastra\u0161ivanje novinara: Provala u kra\u0111a u stanu novinarke i urednika \u017durnala","robots":{"index":"index","follow":"follow","max-snippet":"max-snippet:-1","max-image-preview":"max-image-preview:large","max-video-preview":"max-video-preview:-1"},"canonical":"https:\/\/tuzlainfo.ba\/index.php\/bosna-i-hercegovina\/item\/210560-zastrasivanje-novinara-provala-u-kradja-u-stanu-novinarke-i-urednika-zurnala\/","og_locale":"bs_BA","og_type":"article","og_title":"Zastra\u0161ivanje novinara: Provala u kra\u0111a u stanu novinarke i urednika \u017durnala","og_description":"Udru\u017eenje Umbrella, koje okuplja 13 istra\u017eiva\u010dkih nezavisnih medija, izra\u017eava duboku zabrinutost zbog provale u stan jednog od urednika magazina \u017durnala Eldina Kari\u0107a i novinarke \u017dane Kari\u0107 Gauk, te zahtijeva od policijskih organa i pravosudnih institucija da odmah prona\u0111u odgovorne osobe i sankcioni\u0161u ovakav vid prijetnji i ugro\u017eavanja sigurnosti novinara\/ki u BiH. Da je ovaj razbojni\u010dki [&hellip;]","og_url":"https:\/\/tuzlainfo.ba\/index.php\/bosna-i-hercegovina\/item\/210560-zastrasivanje-novinara-provala-u-kradja-u-stanu-novinarke-i-urednika-zurnala\/","og_site_name":"TuzlaInfo.ba","article_publisher":"https:\/\/www.facebook.com\/tuzlainfo.ba\/","article_published_time":"2023-07-15T11:17:52+00:00","og_image":[{"width":770,"height":513,"url":"https:\/\/tuzlainfo.ba\/wp-content\/uploads\/2018\/11\/sadrzaj_2018_20181101_3011_provalnik.jpg","type":"image\/jpeg"}],"author":"admin2","twitter_card":"summary_large_image","twitter_misc":{"Written by":"admin2","Est. reading time":"3 minute"},"schema":{"@context":"https:\/\/schema.org","@graph":[{"@type":"Article","@id":"https:\/\/tuzlainfo.ba\/index.php\/bosna-i-hercegovina\/item\/210560-zastrasivanje-novinara-provala-u-kradja-u-stanu-novinarke-i-urednika-zurnala\/#article","isPartOf":{"@id":"https:\/\/tuzlainfo.ba\/index.php\/bosna-i-hercegovina\/item\/210560-zastrasivanje-novinara-provala-u-kradja-u-stanu-novinarke-i-urednika-zurnala\/"},"author":{"name":"admin2","@id":"https:\/\/tuzlainfo.ba\/#\/schema\/person\/f4ebe4fff27e68efb65fa7e18f8af372"},"headline":"Zastra\u0161ivanje novinara: Provala u kra\u0111a u stanu novinarke i urednika \u017durnala","datePublished":"2023-07-15T11:17:52+00:00","mainEntityOfPage":{"@id":"https:\/\/tuzlainfo.ba\/index.php\/bosna-i-hercegovina\/item\/210560-zastrasivanje-novinara-provala-u-kradja-u-stanu-novinarke-i-urednika-zurnala\/"},"wordCount":631,"commentCount":0,"publisher":{"@id":"https:\/\/tuzlainfo.ba\/#organization"},"image":{"@id":"https:\/\/tuzlainfo.ba\/index.php\/bosna-i-hercegovina\/item\/210560-zastrasivanje-novinara-provala-u-kradja-u-stanu-novinarke-i-urednika-zurnala\/#primaryimage"},"thumbnailUrl":"https:\/\/tuzlainfo.ba\/wp-content\/uploads\/2018\/11\/sadrzaj_2018_20181101_3011_provalnik.jpg","keywords":["bh novinari","kra\u0111a","provala u stan","zastra\u0161ivanje novinara","\u017eurnal"],"articleSection":["Bosna i Hercegovina"],"inLanguage":"bs-BA","copyrightYear":"2023","copyrightHolder":{"@id":"https:\/\/tuzlainfo.ba\/#organization"}},{"@type":"WebPage","@id":"https:\/\/tuzlainfo.ba\/index.php\/bosna-i-hercegovina\/item\/210560-zastrasivanje-novinara-provala-u-kradja-u-stanu-novinarke-i-urednika-zurnala\/","url":"https:\/\/tuzlainfo.ba\/index.php\/bosna-i-hercegovina\/item\/210560-zastrasivanje-novinara-provala-u-kradja-u-stanu-novinarke-i-urednika-zurnala\/","name":"Zastra\u0161ivanje novinara: Provala u kra\u0111a u stanu novinarke i urednika \u017durnala","isPartOf":{"@id":"https:\/\/tuzlainfo.ba\/#website"},"primaryImageOfPage":{"@id":"https:\/\/tuzlainfo.ba\/index.php\/bosna-i-hercegovina\/item\/210560-zastrasivanje-novinara-provala-u-kradja-u-stanu-novinarke-i-urednika-zurnala\/#primaryimage"},"image":{"@id":"https:\/\/tuzlainfo.ba\/index.php\/bosna-i-hercegovina\/item\/210560-zastrasivanje-novinara-provala-u-kradja-u-stanu-novinarke-i-urednika-zurnala\/#primaryimage"},"thumbnailUrl":"https:\/\/tuzlainfo.ba\/wp-content\/uploads\/2018\/11\/sadrzaj_2018_20181101_3011_provalnik.jpg","datePublished":"2023-07-15T11:17:52+00:00","breadcrumb":{"@id":"https:\/\/tuzlainfo.ba\/index.php\/bosna-i-hercegovina\/item\/210560-zastrasivanje-novinara-provala-u-kradja-u-stanu-novinarke-i-urednika-zurnala\/#breadcrumb"},"inLanguage":"bs-BA","potentialAction":[{"@type":"ReadAction","target":["https:\/\/tuzlainfo.ba\/index.php\/bosna-i-hercegovina\/item\/210560-zastrasivanje-novinara-provala-u-kradja-u-stanu-novinarke-i-urednika-zurnala\/"]}]},{"@type":"ImageObject","inLanguage":"bs-BA","@id":"https:\/\/tuzlainfo.ba\/index.php\/bosna-i-hercegovina\/item\/210560-zastrasivanje-novinara-provala-u-kradja-u-stanu-novinarke-i-urednika-zurnala\/#primaryimage","url":"https:\/\/tuzlainfo.ba\/wp-content\/uploads\/2018\/11\/sadrzaj_2018_20181101_3011_provalnik.jpg","contentUrl":"https:\/\/tuzlainfo.ba\/wp-content\/uploads\/2018\/11\/sadrzaj_2018_20181101_3011_provalnik.jpg","width":770,"height":513,"caption":"3011 provalnik"},{"@type":"BreadcrumbList","@id":"https:\/\/tuzlainfo.ba\/index.php\/bosna-i-hercegovina\/item\/210560-zastrasivanje-novinara-provala-u-kradja-u-stanu-novinarke-i-urednika-zurnala\/#breadcrumb","itemListElement":[{"@type":"ListItem","position":1,"name":"Home","item":"https:\/\/tuzlainfo.ba\/"},{"@type":"ListItem","position":2,"name":"Zastra\u0161ivanje novinara: Provala u kra\u0111a u stanu novinarke i urednika \u017durnala"}]},{"@type":"WebSite","@id":"https:\/\/tuzlainfo.ba\/#website","url":"https:\/\/tuzlainfo.ba\/","name":"TuzlaInfo.ba","description":"Tuzla info, gradski informator - Tuzla na dlanu","publisher":{"@id":"https:\/\/tuzlainfo.ba\/#organization"},"potentialAction":[{"@type":"SearchAction","target":{"@type":"EntryPoint","urlTemplate":"https:\/\/tuzlainfo.ba\/?s={search_term_string}"},"query-input":{"@type":"PropertyValueSpecification","valueRequired":true,"valueName":"search_term_string"}}],"inLanguage":"bs-BA"},{"@type":"Organization","@id":"https:\/\/tuzlainfo.ba\/#organization","name":"TuzlaInfo.ba","url":"https:\/\/tuzlainfo.ba\/","logo":{"@type":"ImageObject","inLanguage":"bs-BA","@id":"https:\/\/tuzlainfo.ba\/#\/schema\/logo\/image\/","url":"https:\/\/tuzlainfo.ba\/wp-content\/uploads\/2021\/03\/logo-ver-3-1.png","contentUrl":"https:\/\/tuzlainfo.ba\/wp-content\/uploads\/2021\/03\/logo-ver-3-1.png","width":350,"height":95,"caption":"TuzlaInfo.ba"},"image":{"@id":"https:\/\/tuzlainfo.ba\/#\/schema\/logo\/image\/"},"sameAs":["https:\/\/www.facebook.com\/tuzlainfo.ba\/"]},{"@type":"Person","@id":"https:\/\/tuzlainfo.ba\/#\/schema\/person\/f4ebe4fff27e68efb65fa7e18f8af372","name":"admin2","image":{"@type":"ImageObject","inLanguage":"bs-BA","@id":"https:\/\/secure.gravatar.com\/avatar\/6474d9b45292367fa11d981175d83642ccdae059a6b7eabe5fed313d54ead5cb?s=96&d=mm&r=g","url":"https:\/\/secure.gravatar.com\/avatar\/6474d9b45292367fa11d981175d83642ccdae059a6b7eabe5fed313d54ead5cb?s=96&d=mm&r=g","contentUrl":"https:\/\/secure.gravatar.com\/avatar\/6474d9b45292367fa11d981175d83642ccdae059a6b7eabe5fed313d54ead5cb?s=96&d=mm&r=g","caption":"admin2"},"description":"Tuzlainfo.ba pratite na dru\u0161tvenim mre\u017eama: Facebook, Instagram i Youtube. Svoje pri\u010de, upite i fotografije \u0161aljite na na\u0161u e-mail adresu.","sameAs":["admin"]}]}},"_links":{"self":[{"href":"https:\/\/tuzlainfo.ba\/index.php\/wp-json\/wp\/v2\/posts\/210560","targetHints":{"allow":["GET"]}}],"collection":[{"href":"https:\/\/tuzlainfo.ba\/index.php\/wp-json\/wp\/v2\/posts"}],"about":[{"href":"https:\/\/tuzlainfo.ba\/index.php\/wp-json\/wp\/v2\/types\/post"}],"author":[{"embeddable":true,"href":"https:\/\/tuzlainfo.ba\/index.php\/wp-json\/wp\/v2\/users\/3"}],"replies":[{"embeddable":true,"href":"https:\/\/tuzlainfo.ba\/index.php\/wp-json\/wp\/v2\/comments?post=210560"}],"version-history":[{"count":0,"href":"https:\/\/tuzlainfo.ba\/index.php\/wp-json\/wp\/v2\/posts\/210560\/revisions"}],"wp:featuredmedia":[{"embeddable":true,"href":"https:\/\/tuzlainfo.ba\/index.php\/wp-json\/wp\/v2\/media\/65889"}],"wp:attachment":[{"href":"https:\/\/tuzlainfo.ba\/index.php\/wp-json\/wp\/v2\/media?parent=210560"}],"wp:term":[{"taxonomy":"category","embeddable":true,"href":"https:\/\/tuzlainfo.ba\/index.php\/wp-json\/wp\/v2\/categories?post=210560"},{"taxonomy":"post_tag","embeddable":true,"href":"https:\/\/tuzlainfo.ba\/index.php\/wp-json\/wp\/v2\/tags?post=210560"}],"curies":[{"name":"wp","href":"https:\/\/api.w.org\/{rel}","templated":true}]}}