{"id":210454,"date":"2023-07-14T12:16:44","date_gmt":"2023-07-14T10:16:44","guid":{"rendered":"https:\/\/tuzlainfo.ba\/?p=210454"},"modified":"2023-07-14T12:16:44","modified_gmt":"2023-07-14T10:16:44","slug":"vucic-komentarisao-govor-denisa-becirovica-iz-potocara-procitao-sam-ga-deset-puta","status":"publish","type":"post","link":"https:\/\/tuzlainfo.ba\/index.php\/bosna-i-hercegovina\/item\/210454-vucic-komentarisao-govor-denisa-becirovica-iz-potocara-procitao-sam-ga-deset-puta\/","title":{"rendered":"Vu\u010di\u0107 komentarisao govor Denisa Be\u0107irovi\u0107a iz Poto\u010dara: Pro\u010ditao sam ga deset puta\u2026"},"content":{"rendered":"<p>Predsjednik Srbije Aleksandar Vu\u010di\u0107 komentarisao je govor \u010dlana Predsjedni\u0161tva BiH Denisa Be\u0107irovi\u0107a koji je on odr\u017eao na komemoraciji u Poto\u010darima povodom godi\u0161njice genocida u Srebrenici. Vu\u010di\u0107 je, gostuju\u0107i u programu televizije Pink, rekao da je pro\u010ditao \u010ditav govor 10 puta i sve ozna\u010dio.<\/p>\n<p>\u201cGlavna teza za mene nije ona u kojoj nas la\u017eno optu\u017euje da \u017eelimo stvoriti Veliku Srbiju. Imaju tu maniju da im je uvijek Srbija kriva, jer im je Republika Srpska premala, pa im je Srbija kriva. To slu\u0161ate ve\u0107 godinama. I kad su me lin\u010dovali u Srebrenici, tada sam tako\u0111er bio kriv\u201d, rekao je Vu\u010di\u0107.<\/p>\n<p>Vu\u010di\u0107 je dodao da ga je \u201czabrinuo na\u010din postavljanja pitanja i iznenadilo ga da niko ne reaguje i da svi \u0161ute\u201d. Komentarisao je, izme\u0111u ostalog, i sankcije koje su nedavno Sjedinjene Ameri\u010dke Dr\u017eave uvele protiv \u0161efa Bezbjedonosno-informativne agencije (BIA) Aleksandra Vulina. Ka\u017ee kako mu je re\u010deno \u2013 uvedi sankcije Rusiji i nema sankcija ni protiv koga u Srbiji.<\/p>\n<p>\u201cPravi razlog za uvo\u0111enje sankcija Vulinu je Moskva, razlog je njegov odnos prema Rusiji. Da sam ja samo jedan dan prije toga najavio uvo\u0111enje sankcija Rusiji, ni\u0161ta ne bi bilo od ameri\u010dkih sankcija Vulinu\u201d,\u00a0 tvrdi Vu\u010di\u0107.<\/p>\n","protected":false},"excerpt":{"rendered":"<p>Predsjednik Srbije Aleksandar Vu\u010di\u0107 komentarisao je govor \u010dlana Predsjedni\u0161tva BiH Denisa Be\u0107irovi\u0107a koji je on&hellip;<\/p>\n","protected":false},"author":3,"featured_media":181827,"comment_status":"open","ping_status":"closed","sticky":false,"template":"","format":"standard","meta":{"_acf_changed":false,"footnotes":""},"categories":[291],"tags":[638,7513,352],"acf":[],"yoast_head":"<!-- This site is optimized with the Yoast SEO plugin v23.5 - https:\/\/yoast.com\/wordpress\/plugins\/seo\/ -->\n<title>Vu\u010di\u0107 komentarisao govor Denisa Be\u0107irovi\u0107a iz Poto\u010dara: Pro\u010ditao sam ga deset puta\u2026 - TuzlaInfo.ba<\/title>\n<meta name=\"robots\" content=\"index, follow, max-snippet:-1, max-image-preview:large, max-video-preview:-1\" \/>\n<link rel=\"canonical\" href=\"https:\/\/tuzlainfo.ba\/index.php\/bosna-i-hercegovina\/item\/210454-vucic-komentarisao-govor-denisa-becirovica-iz-potocara-procitao-sam-ga-deset-puta\/\" \/>\n<meta property=\"og:locale\" content=\"bs_BA\" \/>\n<meta property=\"og:type\" content=\"article\" \/>\n<meta property=\"og:title\" content=\"Vu\u010di\u0107 komentarisao govor Denisa Be\u0107irovi\u0107a iz Poto\u010dara: Pro\u010ditao sam ga deset puta\u2026 - TuzlaInfo.ba\" \/>\n<meta property=\"og:description\" content=\"Predsjednik Srbije Aleksandar Vu\u010di\u0107 komentarisao je govor \u010dlana Predsjedni\u0161tva BiH Denisa Be\u0107irovi\u0107a koji je on&hellip;\" \/>\n<meta property=\"og:url\" content=\"https:\/\/tuzlainfo.ba\/index.php\/bosna-i-hercegovina\/item\/210454-vucic-komentarisao-govor-denisa-becirovica-iz-potocara-procitao-sam-ga-deset-puta\/\" \/>\n<meta property=\"og:site_name\" content=\"TuzlaInfo.ba\" \/>\n<meta property=\"article:publisher\" content=\"https:\/\/www.facebook.com\/tuzlainfo.ba\/\" \/>\n<meta property=\"article:published_time\" content=\"2023-07-14T10:16:44+00:00\" \/>\n<meta property=\"og:image\" content=\"https:\/\/tuzlainfo.ba\/wp-content\/uploads\/2022\/08\/2108_aleksandar_vucic.jpg\" \/>\n\t<meta property=\"og:image:width\" content=\"800\" \/>\n\t<meta property=\"og:image:height\" content=\"532\" \/>\n\t<meta property=\"og:image:type\" content=\"image\/jpeg\" \/>\n<meta name=\"author\" content=\"admin2\" \/>\n<meta name=\"twitter:card\" content=\"summary_large_image\" \/>\n<meta name=\"twitter:label1\" content=\"Written by\" \/>\n\t<meta name=\"twitter:data1\" content=\"admin2\" \/>\n\t<meta name=\"twitter:label2\" content=\"Est. reading time\" \/>\n\t<meta name=\"twitter:data2\" content=\"1 minuta\" \/>\n<script type=\"application\/ld+json\" class=\"yoast-schema-graph\">{\"@context\":\"https:\/\/schema.org\",\"@graph\":[{\"@type\":\"Article\",\"@id\":\"https:\/\/tuzlainfo.ba\/index.php\/bosna-i-hercegovina\/item\/210454-vucic-komentarisao-govor-denisa-becirovica-iz-potocara-procitao-sam-ga-deset-puta\/#article\",\"isPartOf\":{\"@id\":\"https:\/\/tuzlainfo.ba\/index.php\/bosna-i-hercegovina\/item\/210454-vucic-komentarisao-govor-denisa-becirovica-iz-potocara-procitao-sam-ga-deset-puta\/\"},\"author\":{\"name\":\"admin2\",\"@id\":\"https:\/\/tuzlainfo.ba\/#\/schema\/person\/f4ebe4fff27e68efb65fa7e18f8af372\"},\"headline\":\"Vu\u010di\u0107 komentarisao govor Denisa Be\u0107irovi\u0107a iz Poto\u010dara: Pro\u010ditao sam ga deset puta\u2026\",\"datePublished\":\"2023-07-14T10:16:44+00:00\",\"dateModified\":\"2023-07-14T10:16:44+00:00\",\"mainEntityOfPage\":{\"@id\":\"https:\/\/tuzlainfo.ba\/index.php\/bosna-i-hercegovina\/item\/210454-vucic-komentarisao-govor-denisa-becirovica-iz-potocara-procitao-sam-ga-deset-puta\/\"},\"wordCount\":236,\"commentCount\":0,\"publisher\":{\"@id\":\"https:\/\/tuzlainfo.ba\/#organization\"},\"image\":{\"@id\":\"https:\/\/tuzlainfo.ba\/index.php\/bosna-i-hercegovina\/item\/210454-vucic-komentarisao-govor-denisa-becirovica-iz-potocara-procitao-sam-ga-deset-puta\/#primaryimage\"},\"thumbnailUrl\":\"https:\/\/tuzlainfo.ba\/wp-content\/uploads\/2022\/08\/2108_aleksandar_vucic.jpg\",\"keywords\":[\"aleksandar vu\u010di\u0107\",\"denis becirevic\",\"srebrenica\"],\"articleSection\":[\"Bosna i Hercegovina\"],\"inLanguage\":\"bs-BA\"},{\"@type\":\"WebPage\",\"@id\":\"https:\/\/tuzlainfo.ba\/index.php\/bosna-i-hercegovina\/item\/210454-vucic-komentarisao-govor-denisa-becirovica-iz-potocara-procitao-sam-ga-deset-puta\/\",\"url\":\"https:\/\/tuzlainfo.ba\/index.php\/bosna-i-hercegovina\/item\/210454-vucic-komentarisao-govor-denisa-becirovica-iz-potocara-procitao-sam-ga-deset-puta\/\",\"name\":\"Vu\u010di\u0107 komentarisao govor Denisa Be\u0107irovi\u0107a iz Poto\u010dara: Pro\u010ditao sam ga deset puta\u2026 - TuzlaInfo.ba\",\"isPartOf\":{\"@id\":\"https:\/\/tuzlainfo.ba\/#website\"},\"primaryImageOfPage\":{\"@id\":\"https:\/\/tuzlainfo.ba\/index.php\/bosna-i-hercegovina\/item\/210454-vucic-komentarisao-govor-denisa-becirovica-iz-potocara-procitao-sam-ga-deset-puta\/#primaryimage\"},\"image\":{\"@id\":\"https:\/\/tuzlainfo.ba\/index.php\/bosna-i-hercegovina\/item\/210454-vucic-komentarisao-govor-denisa-becirovica-iz-potocara-procitao-sam-ga-deset-puta\/#primaryimage\"},\"thumbnailUrl\":\"https:\/\/tuzlainfo.ba\/wp-content\/uploads\/2022\/08\/2108_aleksandar_vucic.jpg\",\"datePublished\":\"2023-07-14T10:16:44+00:00\",\"dateModified\":\"2023-07-14T10:16:44+00:00\",\"breadcrumb\":{\"@id\":\"https:\/\/tuzlainfo.ba\/index.php\/bosna-i-hercegovina\/item\/210454-vucic-komentarisao-govor-denisa-becirovica-iz-potocara-procitao-sam-ga-deset-puta\/#breadcrumb\"},\"inLanguage\":\"bs-BA\",\"potentialAction\":[{\"@type\":\"ReadAction\",\"target\":[\"https:\/\/tuzlainfo.ba\/index.php\/bosna-i-hercegovina\/item\/210454-vucic-komentarisao-govor-denisa-becirovica-iz-potocara-procitao-sam-ga-deset-puta\/\"]}]},{\"@type\":\"ImageObject\",\"inLanguage\":\"bs-BA\",\"@id\":\"https:\/\/tuzlainfo.ba\/index.php\/bosna-i-hercegovina\/item\/210454-vucic-komentarisao-govor-denisa-becirovica-iz-potocara-procitao-sam-ga-deset-puta\/#primaryimage\",\"url\":\"https:\/\/tuzlainfo.ba\/wp-content\/uploads\/2022\/08\/2108_aleksandar_vucic.jpg\",\"contentUrl\":\"https:\/\/tuzlainfo.ba\/wp-content\/uploads\/2022\/08\/2108_aleksandar_vucic.jpg\",\"width\":800,\"height\":532,\"caption\":\"Aleksandar Vu\u010di\u0107 \/ Foto by Facebook stranica Aleksandar Vu\u010di\u0107\"},{\"@type\":\"BreadcrumbList\",\"@id\":\"https:\/\/tuzlainfo.ba\/index.php\/bosna-i-hercegovina\/item\/210454-vucic-komentarisao-govor-denisa-becirovica-iz-potocara-procitao-sam-ga-deset-puta\/#breadcrumb\",\"itemListElement\":[{\"@type\":\"ListItem\",\"position\":1,\"name\":\"Home\",\"item\":\"https:\/\/tuzlainfo.ba\/\"},{\"@type\":\"ListItem\",\"position\":2,\"name\":\"Vu\u010di\u0107 komentarisao govor Denisa Be\u0107irovi\u0107a iz Poto\u010dara: Pro\u010ditao sam ga deset puta\u2026\"}]},{\"@type\":\"WebSite\",\"@id\":\"https:\/\/tuzlainfo.ba\/#website\",\"url\":\"https:\/\/tuzlainfo.ba\/\",\"name\":\"TuzlaInfo.ba\",\"description\":\"Tuzla info, gradski informator - Tuzla na dlanu\",\"publisher\":{\"@id\":\"https:\/\/tuzlainfo.ba\/#organization\"},\"potentialAction\":[{\"@type\":\"SearchAction\",\"target\":{\"@type\":\"EntryPoint\",\"urlTemplate\":\"https:\/\/tuzlainfo.ba\/?s={search_term_string}\"},\"query-input\":{\"@type\":\"PropertyValueSpecification\",\"valueRequired\":true,\"valueName\":\"search_term_string\"}}],\"inLanguage\":\"bs-BA\"},{\"@type\":\"Organization\",\"@id\":\"https:\/\/tuzlainfo.ba\/#organization\",\"name\":\"TuzlaInfo.ba\",\"url\":\"https:\/\/tuzlainfo.ba\/\",\"logo\":{\"@type\":\"ImageObject\",\"inLanguage\":\"bs-BA\",\"@id\":\"https:\/\/tuzlainfo.ba\/#\/schema\/logo\/image\/\",\"url\":\"https:\/\/tuzlainfo.ba\/wp-content\/uploads\/2021\/03\/logo-ver-3-1.png\",\"contentUrl\":\"https:\/\/tuzlainfo.ba\/wp-content\/uploads\/2021\/03\/logo-ver-3-1.png\",\"width\":350,\"height\":95,\"caption\":\"TuzlaInfo.ba\"},\"image\":{\"@id\":\"https:\/\/tuzlainfo.ba\/#\/schema\/logo\/image\/\"},\"sameAs\":[\"https:\/\/www.facebook.com\/tuzlainfo.ba\/\"]},{\"@type\":\"Person\",\"@id\":\"https:\/\/tuzlainfo.ba\/#\/schema\/person\/f4ebe4fff27e68efb65fa7e18f8af372\",\"name\":\"admin2\",\"image\":{\"@type\":\"ImageObject\",\"inLanguage\":\"bs-BA\",\"@id\":\"https:\/\/tuzlainfo.ba\/#\/schema\/person\/image\/\",\"url\":\"https:\/\/tuzlainfo.ba\/wp-content\/litespeed\/avatar\/8219eeb9a43cff2d096e773737736f62.jpg?ver=1776704580\",\"contentUrl\":\"https:\/\/tuzlainfo.ba\/wp-content\/litespeed\/avatar\/8219eeb9a43cff2d096e773737736f62.jpg?ver=1776704580\",\"caption\":\"admin2\"},\"description\":\"Tuzlainfo.ba pratite na dru\u0161tvenim mre\u017eama: Facebook, Instagram i Youtube. Svoje pri\u010de, upite i fotografije \u0161aljite na na\u0161u e-mail adresu.\",\"sameAs\":[\"admin\"]}]}<\/script>\n<!-- \/ Yoast SEO plugin. -->","yoast_head_json":{"title":"Vu\u010di\u0107 komentarisao govor Denisa Be\u0107irovi\u0107a iz Poto\u010dara: Pro\u010ditao sam ga deset puta\u2026 - TuzlaInfo.ba","robots":{"index":"index","follow":"follow","max-snippet":"max-snippet:-1","max-image-preview":"max-image-preview:large","max-video-preview":"max-video-preview:-1"},"canonical":"https:\/\/tuzlainfo.ba\/index.php\/bosna-i-hercegovina\/item\/210454-vucic-komentarisao-govor-denisa-becirovica-iz-potocara-procitao-sam-ga-deset-puta\/","og_locale":"bs_BA","og_type":"article","og_title":"Vu\u010di\u0107 komentarisao govor Denisa Be\u0107irovi\u0107a iz Poto\u010dara: Pro\u010ditao sam ga deset puta\u2026 - TuzlaInfo.ba","og_description":"Predsjednik Srbije Aleksandar Vu\u010di\u0107 komentarisao je govor \u010dlana Predsjedni\u0161tva BiH Denisa Be\u0107irovi\u0107a koji je on&hellip;","og_url":"https:\/\/tuzlainfo.ba\/index.php\/bosna-i-hercegovina\/item\/210454-vucic-komentarisao-govor-denisa-becirovica-iz-potocara-procitao-sam-ga-deset-puta\/","og_site_name":"TuzlaInfo.ba","article_publisher":"https:\/\/www.facebook.com\/tuzlainfo.ba\/","article_published_time":"2023-07-14T10:16:44+00:00","og_image":[{"width":800,"height":532,"url":"https:\/\/tuzlainfo.ba\/wp-content\/uploads\/2022\/08\/2108_aleksandar_vucic.jpg","type":"image\/jpeg"}],"author":"admin2","twitter_card":"summary_large_image","twitter_misc":{"Written by":"admin2","Est. reading time":"1 minuta"},"schema":{"@context":"https:\/\/schema.org","@graph":[{"@type":"Article","@id":"https:\/\/tuzlainfo.ba\/index.php\/bosna-i-hercegovina\/item\/210454-vucic-komentarisao-govor-denisa-becirovica-iz-potocara-procitao-sam-ga-deset-puta\/#article","isPartOf":{"@id":"https:\/\/tuzlainfo.ba\/index.php\/bosna-i-hercegovina\/item\/210454-vucic-komentarisao-govor-denisa-becirovica-iz-potocara-procitao-sam-ga-deset-puta\/"},"author":{"name":"admin2","@id":"https:\/\/tuzlainfo.ba\/#\/schema\/person\/f4ebe4fff27e68efb65fa7e18f8af372"},"headline":"Vu\u010di\u0107 komentarisao govor Denisa Be\u0107irovi\u0107a iz Poto\u010dara: Pro\u010ditao sam ga deset puta\u2026","datePublished":"2023-07-14T10:16:44+00:00","dateModified":"2023-07-14T10:16:44+00:00","mainEntityOfPage":{"@id":"https:\/\/tuzlainfo.ba\/index.php\/bosna-i-hercegovina\/item\/210454-vucic-komentarisao-govor-denisa-becirovica-iz-potocara-procitao-sam-ga-deset-puta\/"},"wordCount":236,"commentCount":0,"publisher":{"@id":"https:\/\/tuzlainfo.ba\/#organization"},"image":{"@id":"https:\/\/tuzlainfo.ba\/index.php\/bosna-i-hercegovina\/item\/210454-vucic-komentarisao-govor-denisa-becirovica-iz-potocara-procitao-sam-ga-deset-puta\/#primaryimage"},"thumbnailUrl":"https:\/\/tuzlainfo.ba\/wp-content\/uploads\/2022\/08\/2108_aleksandar_vucic.jpg","keywords":["aleksandar vu\u010di\u0107","denis becirevic","srebrenica"],"articleSection":["Bosna i Hercegovina"],"inLanguage":"bs-BA"},{"@type":"WebPage","@id":"https:\/\/tuzlainfo.ba\/index.php\/bosna-i-hercegovina\/item\/210454-vucic-komentarisao-govor-denisa-becirovica-iz-potocara-procitao-sam-ga-deset-puta\/","url":"https:\/\/tuzlainfo.ba\/index.php\/bosna-i-hercegovina\/item\/210454-vucic-komentarisao-govor-denisa-becirovica-iz-potocara-procitao-sam-ga-deset-puta\/","name":"Vu\u010di\u0107 komentarisao govor Denisa Be\u0107irovi\u0107a iz Poto\u010dara: Pro\u010ditao sam ga deset puta\u2026 - TuzlaInfo.ba","isPartOf":{"@id":"https:\/\/tuzlainfo.ba\/#website"},"primaryImageOfPage":{"@id":"https:\/\/tuzlainfo.ba\/index.php\/bosna-i-hercegovina\/item\/210454-vucic-komentarisao-govor-denisa-becirovica-iz-potocara-procitao-sam-ga-deset-puta\/#primaryimage"},"image":{"@id":"https:\/\/tuzlainfo.ba\/index.php\/bosna-i-hercegovina\/item\/210454-vucic-komentarisao-govor-denisa-becirovica-iz-potocara-procitao-sam-ga-deset-puta\/#primaryimage"},"thumbnailUrl":"https:\/\/tuzlainfo.ba\/wp-content\/uploads\/2022\/08\/2108_aleksandar_vucic.jpg","datePublished":"2023-07-14T10:16:44+00:00","dateModified":"2023-07-14T10:16:44+00:00","breadcrumb":{"@id":"https:\/\/tuzlainfo.ba\/index.php\/bosna-i-hercegovina\/item\/210454-vucic-komentarisao-govor-denisa-becirovica-iz-potocara-procitao-sam-ga-deset-puta\/#breadcrumb"},"inLanguage":"bs-BA","potentialAction":[{"@type":"ReadAction","target":["https:\/\/tuzlainfo.ba\/index.php\/bosna-i-hercegovina\/item\/210454-vucic-komentarisao-govor-denisa-becirovica-iz-potocara-procitao-sam-ga-deset-puta\/"]}]},{"@type":"ImageObject","inLanguage":"bs-BA","@id":"https:\/\/tuzlainfo.ba\/index.php\/bosna-i-hercegovina\/item\/210454-vucic-komentarisao-govor-denisa-becirovica-iz-potocara-procitao-sam-ga-deset-puta\/#primaryimage","url":"https:\/\/tuzlainfo.ba\/wp-content\/uploads\/2022\/08\/2108_aleksandar_vucic.jpg","contentUrl":"https:\/\/tuzlainfo.ba\/wp-content\/uploads\/2022\/08\/2108_aleksandar_vucic.jpg","width":800,"height":532,"caption":"Aleksandar Vu\u010di\u0107 \/ Foto by Facebook stranica Aleksandar Vu\u010di\u0107"},{"@type":"BreadcrumbList","@id":"https:\/\/tuzlainfo.ba\/index.php\/bosna-i-hercegovina\/item\/210454-vucic-komentarisao-govor-denisa-becirovica-iz-potocara-procitao-sam-ga-deset-puta\/#breadcrumb","itemListElement":[{"@type":"ListItem","position":1,"name":"Home","item":"https:\/\/tuzlainfo.ba\/"},{"@type":"ListItem","position":2,"name":"Vu\u010di\u0107 komentarisao govor Denisa Be\u0107irovi\u0107a iz Poto\u010dara: Pro\u010ditao sam ga deset puta\u2026"}]},{"@type":"WebSite","@id":"https:\/\/tuzlainfo.ba\/#website","url":"https:\/\/tuzlainfo.ba\/","name":"TuzlaInfo.ba","description":"Tuzla info, gradski informator - Tuzla na dlanu","publisher":{"@id":"https:\/\/tuzlainfo.ba\/#organization"},"potentialAction":[{"@type":"SearchAction","target":{"@type":"EntryPoint","urlTemplate":"https:\/\/tuzlainfo.ba\/?s={search_term_string}"},"query-input":{"@type":"PropertyValueSpecification","valueRequired":true,"valueName":"search_term_string"}}],"inLanguage":"bs-BA"},{"@type":"Organization","@id":"https:\/\/tuzlainfo.ba\/#organization","name":"TuzlaInfo.ba","url":"https:\/\/tuzlainfo.ba\/","logo":{"@type":"ImageObject","inLanguage":"bs-BA","@id":"https:\/\/tuzlainfo.ba\/#\/schema\/logo\/image\/","url":"https:\/\/tuzlainfo.ba\/wp-content\/uploads\/2021\/03\/logo-ver-3-1.png","contentUrl":"https:\/\/tuzlainfo.ba\/wp-content\/uploads\/2021\/03\/logo-ver-3-1.png","width":350,"height":95,"caption":"TuzlaInfo.ba"},"image":{"@id":"https:\/\/tuzlainfo.ba\/#\/schema\/logo\/image\/"},"sameAs":["https:\/\/www.facebook.com\/tuzlainfo.ba\/"]},{"@type":"Person","@id":"https:\/\/tuzlainfo.ba\/#\/schema\/person\/f4ebe4fff27e68efb65fa7e18f8af372","name":"admin2","image":{"@type":"ImageObject","inLanguage":"bs-BA","@id":"https:\/\/tuzlainfo.ba\/#\/schema\/person\/image\/","url":"https:\/\/tuzlainfo.ba\/wp-content\/litespeed\/avatar\/8219eeb9a43cff2d096e773737736f62.jpg?ver=1776704580","contentUrl":"https:\/\/tuzlainfo.ba\/wp-content\/litespeed\/avatar\/8219eeb9a43cff2d096e773737736f62.jpg?ver=1776704580","caption":"admin2"},"description":"Tuzlainfo.ba pratite na dru\u0161tvenim mre\u017eama: Facebook, Instagram i Youtube. Svoje pri\u010de, upite i fotografije \u0161aljite na na\u0161u e-mail adresu.","sameAs":["admin"]}]}},"_links":{"self":[{"href":"https:\/\/tuzlainfo.ba\/index.php\/wp-json\/wp\/v2\/posts\/210454"}],"collection":[{"href":"https:\/\/tuzlainfo.ba\/index.php\/wp-json\/wp\/v2\/posts"}],"about":[{"href":"https:\/\/tuzlainfo.ba\/index.php\/wp-json\/wp\/v2\/types\/post"}],"author":[{"embeddable":true,"href":"https:\/\/tuzlainfo.ba\/index.php\/wp-json\/wp\/v2\/users\/3"}],"replies":[{"embeddable":true,"href":"https:\/\/tuzlainfo.ba\/index.php\/wp-json\/wp\/v2\/comments?post=210454"}],"version-history":[{"count":0,"href":"https:\/\/tuzlainfo.ba\/index.php\/wp-json\/wp\/v2\/posts\/210454\/revisions"}],"wp:featuredmedia":[{"embeddable":true,"href":"https:\/\/tuzlainfo.ba\/index.php\/wp-json\/wp\/v2\/media\/181827"}],"wp:attachment":[{"href":"https:\/\/tuzlainfo.ba\/index.php\/wp-json\/wp\/v2\/media?parent=210454"}],"wp:term":[{"taxonomy":"category","embeddable":true,"href":"https:\/\/tuzlainfo.ba\/index.php\/wp-json\/wp\/v2\/categories?post=210454"},{"taxonomy":"post_tag","embeddable":true,"href":"https:\/\/tuzlainfo.ba\/index.php\/wp-json\/wp\/v2\/tags?post=210454"}],"curies":[{"name":"wp","href":"https:\/\/api.w.org\/{rel}","templated":true}]}}