{"id":209983,"date":"2023-07-10T08:13:02","date_gmt":"2023-07-10T06:13:02","guid":{"rendered":"https:\/\/tuzlainfo.ba\/?p=209983"},"modified":"2023-07-10T08:13:43","modified_gmt":"2023-07-10T06:13:43","slug":"lakse-do-radne-dozvole-njemacka-dobila-novi-zakon-o-useljavanju-stranih-radnika","status":"publish","type":"post","link":"https:\/\/tuzlainfo.ba\/index.php\/clanci\/sa-svih-strana\/item\/209983-lakse-do-radne-dozvole-njemacka-dobila-novi-zakon-o-useljavanju-stranih-radnika\/","title":{"rendered":"Lak\u0161e do radne dozvole: Njema\u010dka dobila novi zakon o useljavanju stranih radnika"},"content":{"rendered":"<p class=\"m-sec\">Novi zakon koji olak\u0161ava imigraciju u Njema\u010dku radi posla mogao bi stupiti na snagu \u2013 dr\u017eavni dom saveznog parlamenta, Bundesrat, u petak je odobrio uredbu koju je pro\u0161log mjeseca usvojio Bundestag.<\/p>\n<p>Novi zakon, izme\u0111u ostalog, uvodi takozvanu karticu \u0161anse, odnosno sistem bonus bodova za imigrantske kandidate, kao \u0161to su poznavanje jezika, radno iskustvo, starost i veze s Njema\u010dkom.<\/p>\n<p>Nositelji kartice ima\u0107e pravo tra\u017eiti posao u Njema\u010dkoj, a rije\u010d je i o jednogodi\u0161njoj boravi\u0161noj dozvoli. Kanada ve\u0107 godinama ima sli\u010dan sistem, prenosi <strong><i><a href=\"https:\/\/www.seebiz.eu\/ekonomija\/njemacka-dobila-novi-zakon-o-useljavanju-stranih-radnika\/293363\" target=\"_blank\" rel=\"noopener\">SEEbiz.<\/a><\/i><\/strong><\/p>\n<p>Prema novim propisima, stru\u010dnjacima iz IT sektora za zapo\u0161ljavanje ne\u0107e biti potrebna visoka stru\u010dna sprema, uz uslov da doka\u017eu stru\u010dnost.<\/p>\n<p>Bundesrat odra\u017eava snagu stranaka u 16 njema\u010dkih dr\u017eava, a ne ishod saveznih izbora, koji popunjavaju donji dom parlamenta, Bundestag. Na raspravi u Bundestagu ministri vlade kancelara Olafa \u0160olca tra\u017eili su podr\u0161ku za zakon.<\/p>\n<p>&#8211; Novi zakon je prvi korak prema privla\u010denju najbolje radne snage u Njema\u010dku u uslovima me\u0111unarodne konkurencije &#8211; rekla je ministarka unutra\u0161njih poslova Nensi Fezer.<\/p>\n<p>Ministar ekonomije Robert Habek ponovio je da posvuda u njema\u010dkoj ekonomiji nedostaje kvalifikovanih radnika i da je 600 hiljada radnih mjesta prazno \u201cjednostavno jer nema ljudi\u201d.<\/p>\n<p>Imigracija stranih radnika je u interesu Njema\u010dke, rekao je ministar rada Hubertus Heil, opisuju\u0107i novi zakon kao istorijski, jer \u0107e \u201cina\u010de deficit radne snage trajno ko\u010diti ekonomski rast\u201d.<\/p>\n<p>Zakon rje\u0161ava i druga pitanja koja ote\u017eavaju zapo\u0161ljavanje kvalifikovanih radnika, olak\u0161avaju mladima da se obrazuju uz rad ili putuju na usavr\u0161avanje.<\/p>\n","protected":false},"excerpt":{"rendered":"<p>Novi zakon koji olak\u0161ava imigraciju u Njema\u010dku radi posla mogao bi stupiti na snagu \u2013&hellip;<\/p>\n","protected":false},"author":3,"featured_media":59231,"comment_status":"open","ping_status":"closed","sticky":false,"template":"","format":"standard","meta":{"_acf_changed":false,"footnotes":""},"categories":[16],"tags":[2755,7426,6778,7425],"acf":[],"yoast_head":"<!-- This site is optimized with the Yoast SEO plugin v23.5 - https:\/\/yoast.com\/wordpress\/plugins\/seo\/ -->\n<title>Lak\u0161e do radne dozvole: Njema\u010dka dobila novi zakon o useljavanju stranih radnika - TuzlaInfo.ba<\/title>\n<meta name=\"robots\" content=\"index, follow, max-snippet:-1, max-image-preview:large, max-video-preview:-1\" \/>\n<link rel=\"canonical\" href=\"https:\/\/tuzlainfo.ba\/index.php\/clanci\/sa-svih-strana\/item\/209983-lakse-do-radne-dozvole-njemacka-dobila-novi-zakon-o-useljavanju-stranih-radnika\/\" \/>\n<meta property=\"og:locale\" content=\"bs_BA\" \/>\n<meta property=\"og:type\" content=\"article\" \/>\n<meta property=\"og:title\" content=\"Lak\u0161e do radne dozvole: Njema\u010dka dobila novi zakon o useljavanju stranih radnika - TuzlaInfo.ba\" \/>\n<meta property=\"og:description\" content=\"Novi zakon koji olak\u0161ava imigraciju u Njema\u010dku radi posla mogao bi stupiti na snagu \u2013&hellip;\" \/>\n<meta property=\"og:url\" content=\"https:\/\/tuzlainfo.ba\/index.php\/clanci\/sa-svih-strana\/item\/209983-lakse-do-radne-dozvole-njemacka-dobila-novi-zakon-o-useljavanju-stranih-radnika\/\" \/>\n<meta property=\"og:site_name\" content=\"TuzlaInfo.ba\" \/>\n<meta property=\"article:publisher\" content=\"https:\/\/www.facebook.com\/tuzlainfo.ba\/\" \/>\n<meta property=\"article:published_time\" content=\"2023-07-10T06:13:02+00:00\" \/>\n<meta property=\"article:modified_time\" content=\"2023-07-10T06:13:43+00:00\" \/>\n<meta property=\"og:image\" content=\"https:\/\/tuzlainfo.ba\/wp-content\/uploads\/2017\/11\/sadrzaj_2017_20171101_0711_radnici.jpg\" \/>\n\t<meta property=\"og:image:width\" content=\"770\" \/>\n\t<meta property=\"og:image:height\" content=\"375\" \/>\n\t<meta property=\"og:image:type\" content=\"image\/jpeg\" \/>\n<meta name=\"author\" content=\"admin2\" \/>\n<meta name=\"twitter:card\" content=\"summary_large_image\" \/>\n<meta name=\"twitter:label1\" content=\"Written by\" \/>\n\t<meta name=\"twitter:data1\" content=\"admin2\" \/>\n\t<meta name=\"twitter:label2\" content=\"Est. reading time\" \/>\n\t<meta name=\"twitter:data2\" content=\"1 minuta\" \/>\n<script type=\"application\/ld+json\" class=\"yoast-schema-graph\">{\"@context\":\"https:\/\/schema.org\",\"@graph\":[{\"@type\":\"Article\",\"@id\":\"https:\/\/tuzlainfo.ba\/index.php\/clanci\/sa-svih-strana\/item\/209983-lakse-do-radne-dozvole-njemacka-dobila-novi-zakon-o-useljavanju-stranih-radnika\/#article\",\"isPartOf\":{\"@id\":\"https:\/\/tuzlainfo.ba\/index.php\/clanci\/sa-svih-strana\/item\/209983-lakse-do-radne-dozvole-njemacka-dobila-novi-zakon-o-useljavanju-stranih-radnika\/\"},\"author\":{\"name\":\"admin2\",\"@id\":\"https:\/\/tuzlainfo.ba\/#\/schema\/person\/f4ebe4fff27e68efb65fa7e18f8af372\"},\"headline\":\"Lak\u0161e do radne dozvole: Njema\u010dka dobila novi zakon o useljavanju stranih radnika\",\"datePublished\":\"2023-07-10T06:13:02+00:00\",\"dateModified\":\"2023-07-10T06:13:43+00:00\",\"mainEntityOfPage\":{\"@id\":\"https:\/\/tuzlainfo.ba\/index.php\/clanci\/sa-svih-strana\/item\/209983-lakse-do-radne-dozvole-njemacka-dobila-novi-zakon-o-useljavanju-stranih-radnika\/\"},\"wordCount\":283,\"commentCount\":0,\"publisher\":{\"@id\":\"https:\/\/tuzlainfo.ba\/#organization\"},\"image\":{\"@id\":\"https:\/\/tuzlainfo.ba\/index.php\/clanci\/sa-svih-strana\/item\/209983-lakse-do-radne-dozvole-njemacka-dobila-novi-zakon-o-useljavanju-stranih-radnika\/#primaryimage\"},\"thumbnailUrl\":\"https:\/\/tuzlainfo.ba\/wp-content\/uploads\/2017\/11\/sadrzaj_2017_20171101_0711_radnici.jpg\",\"keywords\":[\"Bundestag\",\"kartica \u0161anse\",\"rad u njema\u010dkoj\",\"radna dozvola\"],\"articleSection\":[\"Sa svih strana\"],\"inLanguage\":\"bs-BA\"},{\"@type\":\"WebPage\",\"@id\":\"https:\/\/tuzlainfo.ba\/index.php\/clanci\/sa-svih-strana\/item\/209983-lakse-do-radne-dozvole-njemacka-dobila-novi-zakon-o-useljavanju-stranih-radnika\/\",\"url\":\"https:\/\/tuzlainfo.ba\/index.php\/clanci\/sa-svih-strana\/item\/209983-lakse-do-radne-dozvole-njemacka-dobila-novi-zakon-o-useljavanju-stranih-radnika\/\",\"name\":\"Lak\u0161e do radne dozvole: Njema\u010dka dobila novi zakon o useljavanju stranih radnika - TuzlaInfo.ba\",\"isPartOf\":{\"@id\":\"https:\/\/tuzlainfo.ba\/#website\"},\"primaryImageOfPage\":{\"@id\":\"https:\/\/tuzlainfo.ba\/index.php\/clanci\/sa-svih-strana\/item\/209983-lakse-do-radne-dozvole-njemacka-dobila-novi-zakon-o-useljavanju-stranih-radnika\/#primaryimage\"},\"image\":{\"@id\":\"https:\/\/tuzlainfo.ba\/index.php\/clanci\/sa-svih-strana\/item\/209983-lakse-do-radne-dozvole-njemacka-dobila-novi-zakon-o-useljavanju-stranih-radnika\/#primaryimage\"},\"thumbnailUrl\":\"https:\/\/tuzlainfo.ba\/wp-content\/uploads\/2017\/11\/sadrzaj_2017_20171101_0711_radnici.jpg\",\"datePublished\":\"2023-07-10T06:13:02+00:00\",\"dateModified\":\"2023-07-10T06:13:43+00:00\",\"breadcrumb\":{\"@id\":\"https:\/\/tuzlainfo.ba\/index.php\/clanci\/sa-svih-strana\/item\/209983-lakse-do-radne-dozvole-njemacka-dobila-novi-zakon-o-useljavanju-stranih-radnika\/#breadcrumb\"},\"inLanguage\":\"bs-BA\",\"potentialAction\":[{\"@type\":\"ReadAction\",\"target\":[\"https:\/\/tuzlainfo.ba\/index.php\/clanci\/sa-svih-strana\/item\/209983-lakse-do-radne-dozvole-njemacka-dobila-novi-zakon-o-useljavanju-stranih-radnika\/\"]}]},{\"@type\":\"ImageObject\",\"inLanguage\":\"bs-BA\",\"@id\":\"https:\/\/tuzlainfo.ba\/index.php\/clanci\/sa-svih-strana\/item\/209983-lakse-do-radne-dozvole-njemacka-dobila-novi-zakon-o-useljavanju-stranih-radnika\/#primaryimage\",\"url\":\"https:\/\/tuzlainfo.ba\/wp-content\/uploads\/2017\/11\/sadrzaj_2017_20171101_0711_radnici.jpg\",\"contentUrl\":\"https:\/\/tuzlainfo.ba\/wp-content\/uploads\/2017\/11\/sadrzaj_2017_20171101_0711_radnici.jpg\",\"width\":770,\"height\":375,\"caption\":\"0711 radnici\"},{\"@type\":\"BreadcrumbList\",\"@id\":\"https:\/\/tuzlainfo.ba\/index.php\/clanci\/sa-svih-strana\/item\/209983-lakse-do-radne-dozvole-njemacka-dobila-novi-zakon-o-useljavanju-stranih-radnika\/#breadcrumb\",\"itemListElement\":[{\"@type\":\"ListItem\",\"position\":1,\"name\":\"Home\",\"item\":\"https:\/\/tuzlainfo.ba\/\"},{\"@type\":\"ListItem\",\"position\":2,\"name\":\"Lak\u0161e do radne dozvole: Njema\u010dka dobila novi zakon o useljavanju stranih radnika\"}]},{\"@type\":\"WebSite\",\"@id\":\"https:\/\/tuzlainfo.ba\/#website\",\"url\":\"https:\/\/tuzlainfo.ba\/\",\"name\":\"TuzlaInfo.ba\",\"description\":\"Tuzla info, gradski informator - Tuzla na dlanu\",\"publisher\":{\"@id\":\"https:\/\/tuzlainfo.ba\/#organization\"},\"potentialAction\":[{\"@type\":\"SearchAction\",\"target\":{\"@type\":\"EntryPoint\",\"urlTemplate\":\"https:\/\/tuzlainfo.ba\/?s={search_term_string}\"},\"query-input\":{\"@type\":\"PropertyValueSpecification\",\"valueRequired\":true,\"valueName\":\"search_term_string\"}}],\"inLanguage\":\"bs-BA\"},{\"@type\":\"Organization\",\"@id\":\"https:\/\/tuzlainfo.ba\/#organization\",\"name\":\"TuzlaInfo.ba\",\"url\":\"https:\/\/tuzlainfo.ba\/\",\"logo\":{\"@type\":\"ImageObject\",\"inLanguage\":\"bs-BA\",\"@id\":\"https:\/\/tuzlainfo.ba\/#\/schema\/logo\/image\/\",\"url\":\"https:\/\/tuzlainfo.ba\/wp-content\/uploads\/2021\/03\/logo-ver-3-1.png\",\"contentUrl\":\"https:\/\/tuzlainfo.ba\/wp-content\/uploads\/2021\/03\/logo-ver-3-1.png\",\"width\":350,\"height\":95,\"caption\":\"TuzlaInfo.ba\"},\"image\":{\"@id\":\"https:\/\/tuzlainfo.ba\/#\/schema\/logo\/image\/\"},\"sameAs\":[\"https:\/\/www.facebook.com\/tuzlainfo.ba\/\"]},{\"@type\":\"Person\",\"@id\":\"https:\/\/tuzlainfo.ba\/#\/schema\/person\/f4ebe4fff27e68efb65fa7e18f8af372\",\"name\":\"admin2\",\"image\":{\"@type\":\"ImageObject\",\"inLanguage\":\"bs-BA\",\"@id\":\"https:\/\/tuzlainfo.ba\/#\/schema\/person\/image\/\",\"url\":\"https:\/\/tuzlainfo.ba\/wp-content\/litespeed\/avatar\/8219eeb9a43cff2d096e773737736f62.jpg?ver=1777309398\",\"contentUrl\":\"https:\/\/tuzlainfo.ba\/wp-content\/litespeed\/avatar\/8219eeb9a43cff2d096e773737736f62.jpg?ver=1777309398\",\"caption\":\"admin2\"},\"description\":\"Tuzlainfo.ba pratite na dru\u0161tvenim mre\u017eama: Facebook, Instagram i Youtube. Svoje pri\u010de, upite i fotografije \u0161aljite na na\u0161u e-mail adresu.\",\"sameAs\":[\"admin\"]}]}<\/script>\n<!-- \/ Yoast SEO plugin. -->","yoast_head_json":{"title":"Lak\u0161e do radne dozvole: Njema\u010dka dobila novi zakon o useljavanju stranih radnika - TuzlaInfo.ba","robots":{"index":"index","follow":"follow","max-snippet":"max-snippet:-1","max-image-preview":"max-image-preview:large","max-video-preview":"max-video-preview:-1"},"canonical":"https:\/\/tuzlainfo.ba\/index.php\/clanci\/sa-svih-strana\/item\/209983-lakse-do-radne-dozvole-njemacka-dobila-novi-zakon-o-useljavanju-stranih-radnika\/","og_locale":"bs_BA","og_type":"article","og_title":"Lak\u0161e do radne dozvole: Njema\u010dka dobila novi zakon o useljavanju stranih radnika - TuzlaInfo.ba","og_description":"Novi zakon koji olak\u0161ava imigraciju u Njema\u010dku radi posla mogao bi stupiti na snagu \u2013&hellip;","og_url":"https:\/\/tuzlainfo.ba\/index.php\/clanci\/sa-svih-strana\/item\/209983-lakse-do-radne-dozvole-njemacka-dobila-novi-zakon-o-useljavanju-stranih-radnika\/","og_site_name":"TuzlaInfo.ba","article_publisher":"https:\/\/www.facebook.com\/tuzlainfo.ba\/","article_published_time":"2023-07-10T06:13:02+00:00","article_modified_time":"2023-07-10T06:13:43+00:00","og_image":[{"width":770,"height":375,"url":"https:\/\/tuzlainfo.ba\/wp-content\/uploads\/2017\/11\/sadrzaj_2017_20171101_0711_radnici.jpg","type":"image\/jpeg"}],"author":"admin2","twitter_card":"summary_large_image","twitter_misc":{"Written by":"admin2","Est. reading time":"1 minuta"},"schema":{"@context":"https:\/\/schema.org","@graph":[{"@type":"Article","@id":"https:\/\/tuzlainfo.ba\/index.php\/clanci\/sa-svih-strana\/item\/209983-lakse-do-radne-dozvole-njemacka-dobila-novi-zakon-o-useljavanju-stranih-radnika\/#article","isPartOf":{"@id":"https:\/\/tuzlainfo.ba\/index.php\/clanci\/sa-svih-strana\/item\/209983-lakse-do-radne-dozvole-njemacka-dobila-novi-zakon-o-useljavanju-stranih-radnika\/"},"author":{"name":"admin2","@id":"https:\/\/tuzlainfo.ba\/#\/schema\/person\/f4ebe4fff27e68efb65fa7e18f8af372"},"headline":"Lak\u0161e do radne dozvole: Njema\u010dka dobila novi zakon o useljavanju stranih radnika","datePublished":"2023-07-10T06:13:02+00:00","dateModified":"2023-07-10T06:13:43+00:00","mainEntityOfPage":{"@id":"https:\/\/tuzlainfo.ba\/index.php\/clanci\/sa-svih-strana\/item\/209983-lakse-do-radne-dozvole-njemacka-dobila-novi-zakon-o-useljavanju-stranih-radnika\/"},"wordCount":283,"commentCount":0,"publisher":{"@id":"https:\/\/tuzlainfo.ba\/#organization"},"image":{"@id":"https:\/\/tuzlainfo.ba\/index.php\/clanci\/sa-svih-strana\/item\/209983-lakse-do-radne-dozvole-njemacka-dobila-novi-zakon-o-useljavanju-stranih-radnika\/#primaryimage"},"thumbnailUrl":"https:\/\/tuzlainfo.ba\/wp-content\/uploads\/2017\/11\/sadrzaj_2017_20171101_0711_radnici.jpg","keywords":["Bundestag","kartica \u0161anse","rad u njema\u010dkoj","radna dozvola"],"articleSection":["Sa svih strana"],"inLanguage":"bs-BA"},{"@type":"WebPage","@id":"https:\/\/tuzlainfo.ba\/index.php\/clanci\/sa-svih-strana\/item\/209983-lakse-do-radne-dozvole-njemacka-dobila-novi-zakon-o-useljavanju-stranih-radnika\/","url":"https:\/\/tuzlainfo.ba\/index.php\/clanci\/sa-svih-strana\/item\/209983-lakse-do-radne-dozvole-njemacka-dobila-novi-zakon-o-useljavanju-stranih-radnika\/","name":"Lak\u0161e do radne dozvole: Njema\u010dka dobila novi zakon o useljavanju stranih radnika - TuzlaInfo.ba","isPartOf":{"@id":"https:\/\/tuzlainfo.ba\/#website"},"primaryImageOfPage":{"@id":"https:\/\/tuzlainfo.ba\/index.php\/clanci\/sa-svih-strana\/item\/209983-lakse-do-radne-dozvole-njemacka-dobila-novi-zakon-o-useljavanju-stranih-radnika\/#primaryimage"},"image":{"@id":"https:\/\/tuzlainfo.ba\/index.php\/clanci\/sa-svih-strana\/item\/209983-lakse-do-radne-dozvole-njemacka-dobila-novi-zakon-o-useljavanju-stranih-radnika\/#primaryimage"},"thumbnailUrl":"https:\/\/tuzlainfo.ba\/wp-content\/uploads\/2017\/11\/sadrzaj_2017_20171101_0711_radnici.jpg","datePublished":"2023-07-10T06:13:02+00:00","dateModified":"2023-07-10T06:13:43+00:00","breadcrumb":{"@id":"https:\/\/tuzlainfo.ba\/index.php\/clanci\/sa-svih-strana\/item\/209983-lakse-do-radne-dozvole-njemacka-dobila-novi-zakon-o-useljavanju-stranih-radnika\/#breadcrumb"},"inLanguage":"bs-BA","potentialAction":[{"@type":"ReadAction","target":["https:\/\/tuzlainfo.ba\/index.php\/clanci\/sa-svih-strana\/item\/209983-lakse-do-radne-dozvole-njemacka-dobila-novi-zakon-o-useljavanju-stranih-radnika\/"]}]},{"@type":"ImageObject","inLanguage":"bs-BA","@id":"https:\/\/tuzlainfo.ba\/index.php\/clanci\/sa-svih-strana\/item\/209983-lakse-do-radne-dozvole-njemacka-dobila-novi-zakon-o-useljavanju-stranih-radnika\/#primaryimage","url":"https:\/\/tuzlainfo.ba\/wp-content\/uploads\/2017\/11\/sadrzaj_2017_20171101_0711_radnici.jpg","contentUrl":"https:\/\/tuzlainfo.ba\/wp-content\/uploads\/2017\/11\/sadrzaj_2017_20171101_0711_radnici.jpg","width":770,"height":375,"caption":"0711 radnici"},{"@type":"BreadcrumbList","@id":"https:\/\/tuzlainfo.ba\/index.php\/clanci\/sa-svih-strana\/item\/209983-lakse-do-radne-dozvole-njemacka-dobila-novi-zakon-o-useljavanju-stranih-radnika\/#breadcrumb","itemListElement":[{"@type":"ListItem","position":1,"name":"Home","item":"https:\/\/tuzlainfo.ba\/"},{"@type":"ListItem","position":2,"name":"Lak\u0161e do radne dozvole: Njema\u010dka dobila novi zakon o useljavanju stranih radnika"}]},{"@type":"WebSite","@id":"https:\/\/tuzlainfo.ba\/#website","url":"https:\/\/tuzlainfo.ba\/","name":"TuzlaInfo.ba","description":"Tuzla info, gradski informator - Tuzla na dlanu","publisher":{"@id":"https:\/\/tuzlainfo.ba\/#organization"},"potentialAction":[{"@type":"SearchAction","target":{"@type":"EntryPoint","urlTemplate":"https:\/\/tuzlainfo.ba\/?s={search_term_string}"},"query-input":{"@type":"PropertyValueSpecification","valueRequired":true,"valueName":"search_term_string"}}],"inLanguage":"bs-BA"},{"@type":"Organization","@id":"https:\/\/tuzlainfo.ba\/#organization","name":"TuzlaInfo.ba","url":"https:\/\/tuzlainfo.ba\/","logo":{"@type":"ImageObject","inLanguage":"bs-BA","@id":"https:\/\/tuzlainfo.ba\/#\/schema\/logo\/image\/","url":"https:\/\/tuzlainfo.ba\/wp-content\/uploads\/2021\/03\/logo-ver-3-1.png","contentUrl":"https:\/\/tuzlainfo.ba\/wp-content\/uploads\/2021\/03\/logo-ver-3-1.png","width":350,"height":95,"caption":"TuzlaInfo.ba"},"image":{"@id":"https:\/\/tuzlainfo.ba\/#\/schema\/logo\/image\/"},"sameAs":["https:\/\/www.facebook.com\/tuzlainfo.ba\/"]},{"@type":"Person","@id":"https:\/\/tuzlainfo.ba\/#\/schema\/person\/f4ebe4fff27e68efb65fa7e18f8af372","name":"admin2","image":{"@type":"ImageObject","inLanguage":"bs-BA","@id":"https:\/\/tuzlainfo.ba\/#\/schema\/person\/image\/","url":"https:\/\/tuzlainfo.ba\/wp-content\/litespeed\/avatar\/8219eeb9a43cff2d096e773737736f62.jpg?ver=1777309398","contentUrl":"https:\/\/tuzlainfo.ba\/wp-content\/litespeed\/avatar\/8219eeb9a43cff2d096e773737736f62.jpg?ver=1777309398","caption":"admin2"},"description":"Tuzlainfo.ba pratite na dru\u0161tvenim mre\u017eama: Facebook, Instagram i Youtube. Svoje pri\u010de, upite i fotografije \u0161aljite na na\u0161u e-mail adresu.","sameAs":["admin"]}]}},"_links":{"self":[{"href":"https:\/\/tuzlainfo.ba\/index.php\/wp-json\/wp\/v2\/posts\/209983"}],"collection":[{"href":"https:\/\/tuzlainfo.ba\/index.php\/wp-json\/wp\/v2\/posts"}],"about":[{"href":"https:\/\/tuzlainfo.ba\/index.php\/wp-json\/wp\/v2\/types\/post"}],"author":[{"embeddable":true,"href":"https:\/\/tuzlainfo.ba\/index.php\/wp-json\/wp\/v2\/users\/3"}],"replies":[{"embeddable":true,"href":"https:\/\/tuzlainfo.ba\/index.php\/wp-json\/wp\/v2\/comments?post=209983"}],"version-history":[{"count":0,"href":"https:\/\/tuzlainfo.ba\/index.php\/wp-json\/wp\/v2\/posts\/209983\/revisions"}],"wp:featuredmedia":[{"embeddable":true,"href":"https:\/\/tuzlainfo.ba\/index.php\/wp-json\/wp\/v2\/media\/59231"}],"wp:attachment":[{"href":"https:\/\/tuzlainfo.ba\/index.php\/wp-json\/wp\/v2\/media?parent=209983"}],"wp:term":[{"taxonomy":"category","embeddable":true,"href":"https:\/\/tuzlainfo.ba\/index.php\/wp-json\/wp\/v2\/categories?post=209983"},{"taxonomy":"post_tag","embeddable":true,"href":"https:\/\/tuzlainfo.ba\/index.php\/wp-json\/wp\/v2\/tags?post=209983"}],"curies":[{"name":"wp","href":"https:\/\/api.w.org\/{rel}","templated":true}]}}