{"id":209762,"date":"2023-07-07T17:22:27","date_gmt":"2023-07-07T15:22:27","guid":{"rendered":"https:\/\/tuzlainfo.ba\/?p=209762"},"modified":"2023-07-07T17:22:27","modified_gmt":"2023-07-07T15:22:27","slug":"americka-ambasada-dodikov-danasnji-potez-je-napad-na-drzavu-bih","status":"publish","type":"post","link":"https:\/\/tuzlainfo.ba\/index.php\/bosna-i-hercegovina\/item\/209762-americka-ambasada-dodikov-danasnji-potez-je-napad-na-drzavu-bih\/","title":{"rendered":"Ameri\u010dka ambasada: Dodikov dana\u0161nji potez je napad na dr\u017eavu BIH"},"content":{"rendered":"<p>Ameri\u010dka ambasada se oglasila o dana\u0161njem potezu predsjednika Republike Milorada Dodika, koji je potpisao Ukaz o progla\u0161enju zakona kojim se onemogu\u0107ava objava odluka OHR-a u Slu\u017ebenom glasniku entiteta Republike Srpske, navode\u0107i da to predstavlja \u201cnamjeran napad\u201d na Dejtonski sporazum, Ustav i dr\u017eavu BiH, te da \u0107e SAD \u201cpojedince uklju\u010dene u antidejtonsko pona\u0161anje u\u010diniti odgovornim za njihove postupke\u201d.<\/p>\n<p>\u201cOdluka predsjednika Republike Srpske da potpi\u0161e Ukaz o progla\u0161enju Zakona o izmjeni Zakona o objavljivanju zakona i drugih propisa Republike Srpske, koje je visoki predstavnik poni\u0161tio 1. jula, neustavna je i predstavlja namjeran napad na Dejtonski mirovni sporazum, Ustavni poredak Bosne i Hercegovine i dr\u017eavu BiH\u201d, isti\u010de ameri\u010dka ambasada u objavi na Twitteru. \u201cSjedinjene Dr\u017eave podr\u017eavaju suverenitet, teritorijalni integritet i multietni\u010dki karakter Bosne i Hercegovine i nastavit \u0107e smatrati pojedince uklju\u010dene u antidejtonsko pona\u0161anje odgovornim za njihove postupke\u201d, navodi se.<\/p>\n<p>Visoki predstavnik Christian Schmidt donio je odluku kojom se poni\u0161tavaju ove izmjene zakona i naveo je kako iste ne\u0107e stupiti na snagu. Tako\u0111er, izmijenio je odredbe Krivi\u010dnoga zakona BiH prema kojima se za neprovo\u0111enje odluka visokog predstavnika predvi\u0111a zatvorska kazna od \u0161est mjeseci do pet godina.<\/p>\n<p>Dana\u0161njim potezom je Dodik ispunio ono \u0161to je i rekao \u2013 da ne\u0107e po\u0161tovati odluku visokog predstavnika za kojeg tvrdi da nema legitimitet. Odluke NSRS i Dodika iz me\u0111unarodne zajednice su okarakterisali kao antidejtonske i antiustavne.<\/p>\n","protected":false},"excerpt":{"rendered":"<p>Ameri\u010dka ambasada se oglasila o dana\u0161njem potezu predsjednika Republike Milorada Dodika, koji je potpisao Ukaz&hellip;<\/p>\n","protected":false},"author":3,"featured_media":86203,"comment_status":"open","ping_status":"closed","sticky":false,"template":"","format":"standard","meta":{"_acf_changed":false,"footnotes":""},"categories":[291],"tags":[573,7391,439],"acf":[],"yoast_head":"<!-- This site is optimized with the Yoast SEO plugin v23.5 - https:\/\/yoast.com\/wordpress\/plugins\/seo\/ -->\n<title>Ameri\u010dka ambasada: Dodikov dana\u0161nji potez je napad na dr\u017eavu BIH - TuzlaInfo.ba<\/title>\n<meta name=\"robots\" content=\"index, follow, max-snippet:-1, max-image-preview:large, max-video-preview:-1\" \/>\n<link rel=\"canonical\" href=\"https:\/\/tuzlainfo.ba\/index.php\/bosna-i-hercegovina\/item\/209762-americka-ambasada-dodikov-danasnji-potez-je-napad-na-drzavu-bih\/\" \/>\n<meta property=\"og:locale\" content=\"bs_BA\" \/>\n<meta property=\"og:type\" content=\"article\" \/>\n<meta property=\"og:title\" content=\"Ameri\u010dka ambasada: Dodikov dana\u0161nji potez je napad na dr\u017eavu BIH - TuzlaInfo.ba\" \/>\n<meta property=\"og:description\" content=\"Ameri\u010dka ambasada se oglasila o dana\u0161njem potezu predsjednika Republike Milorada Dodika, koji je potpisao Ukaz&hellip;\" \/>\n<meta property=\"og:url\" content=\"https:\/\/tuzlainfo.ba\/index.php\/bosna-i-hercegovina\/item\/209762-americka-ambasada-dodikov-danasnji-potez-je-napad-na-drzavu-bih\/\" \/>\n<meta property=\"og:site_name\" content=\"TuzlaInfo.ba\" \/>\n<meta property=\"article:publisher\" content=\"https:\/\/www.facebook.com\/tuzlainfo.ba\/\" \/>\n<meta property=\"article:published_time\" content=\"2023-07-07T15:22:27+00:00\" \/>\n<meta property=\"og:image\" content=\"https:\/\/tuzlainfo.ba\/wp-content\/uploads\/2021\/02\/sadrzaj_2021_20210201_0502_americka-ambasada.jpg\" \/>\n\t<meta property=\"og:image:width\" content=\"770\" \/>\n\t<meta property=\"og:image:height\" content=\"462\" \/>\n\t<meta property=\"og:image:type\" content=\"image\/jpeg\" \/>\n<meta name=\"author\" content=\"admin2\" \/>\n<meta name=\"twitter:card\" content=\"summary_large_image\" \/>\n<meta name=\"twitter:label1\" content=\"Written by\" \/>\n\t<meta name=\"twitter:data1\" content=\"admin2\" \/>\n\t<meta name=\"twitter:label2\" content=\"Est. reading time\" \/>\n\t<meta name=\"twitter:data2\" content=\"1 minuta\" \/>\n<script type=\"application\/ld+json\" class=\"yoast-schema-graph\">{\"@context\":\"https:\/\/schema.org\",\"@graph\":[{\"@type\":\"Article\",\"@id\":\"https:\/\/tuzlainfo.ba\/index.php\/bosna-i-hercegovina\/item\/209762-americka-ambasada-dodikov-danasnji-potez-je-napad-na-drzavu-bih\/#article\",\"isPartOf\":{\"@id\":\"https:\/\/tuzlainfo.ba\/index.php\/bosna-i-hercegovina\/item\/209762-americka-ambasada-dodikov-danasnji-potez-je-napad-na-drzavu-bih\/\"},\"author\":{\"name\":\"admin2\",\"@id\":\"https:\/\/tuzlainfo.ba\/#\/schema\/person\/f4ebe4fff27e68efb65fa7e18f8af372\"},\"headline\":\"Ameri\u010dka ambasada: Dodikov dana\u0161nji potez je napad na dr\u017eavu BIH\",\"datePublished\":\"2023-07-07T15:22:27+00:00\",\"dateModified\":\"2023-07-07T15:22:27+00:00\",\"mainEntityOfPage\":{\"@id\":\"https:\/\/tuzlainfo.ba\/index.php\/bosna-i-hercegovina\/item\/209762-americka-ambasada-dodikov-danasnji-potez-je-napad-na-drzavu-bih\/\"},\"wordCount\":261,\"commentCount\":0,\"publisher\":{\"@id\":\"https:\/\/tuzlainfo.ba\/#organization\"},\"image\":{\"@id\":\"https:\/\/tuzlainfo.ba\/index.php\/bosna-i-hercegovina\/item\/209762-americka-ambasada-dodikov-danasnji-potez-je-napad-na-drzavu-bih\/#primaryimage\"},\"thumbnailUrl\":\"https:\/\/tuzlainfo.ba\/wp-content\/uploads\/2021\/02\/sadrzaj_2021_20210201_0502_americka-ambasada.jpg\",\"keywords\":[\"ameri\u010dka ambasada\",\"antiustavno djelovanje\",\"dodik\"],\"articleSection\":[\"Bosna i Hercegovina\"],\"inLanguage\":\"bs-BA\"},{\"@type\":\"WebPage\",\"@id\":\"https:\/\/tuzlainfo.ba\/index.php\/bosna-i-hercegovina\/item\/209762-americka-ambasada-dodikov-danasnji-potez-je-napad-na-drzavu-bih\/\",\"url\":\"https:\/\/tuzlainfo.ba\/index.php\/bosna-i-hercegovina\/item\/209762-americka-ambasada-dodikov-danasnji-potez-je-napad-na-drzavu-bih\/\",\"name\":\"Ameri\u010dka ambasada: Dodikov dana\u0161nji potez je napad na dr\u017eavu BIH - TuzlaInfo.ba\",\"isPartOf\":{\"@id\":\"https:\/\/tuzlainfo.ba\/#website\"},\"primaryImageOfPage\":{\"@id\":\"https:\/\/tuzlainfo.ba\/index.php\/bosna-i-hercegovina\/item\/209762-americka-ambasada-dodikov-danasnji-potez-je-napad-na-drzavu-bih\/#primaryimage\"},\"image\":{\"@id\":\"https:\/\/tuzlainfo.ba\/index.php\/bosna-i-hercegovina\/item\/209762-americka-ambasada-dodikov-danasnji-potez-je-napad-na-drzavu-bih\/#primaryimage\"},\"thumbnailUrl\":\"https:\/\/tuzlainfo.ba\/wp-content\/uploads\/2021\/02\/sadrzaj_2021_20210201_0502_americka-ambasada.jpg\",\"datePublished\":\"2023-07-07T15:22:27+00:00\",\"dateModified\":\"2023-07-07T15:22:27+00:00\",\"breadcrumb\":{\"@id\":\"https:\/\/tuzlainfo.ba\/index.php\/bosna-i-hercegovina\/item\/209762-americka-ambasada-dodikov-danasnji-potez-je-napad-na-drzavu-bih\/#breadcrumb\"},\"inLanguage\":\"bs-BA\",\"potentialAction\":[{\"@type\":\"ReadAction\",\"target\":[\"https:\/\/tuzlainfo.ba\/index.php\/bosna-i-hercegovina\/item\/209762-americka-ambasada-dodikov-danasnji-potez-je-napad-na-drzavu-bih\/\"]}]},{\"@type\":\"ImageObject\",\"inLanguage\":\"bs-BA\",\"@id\":\"https:\/\/tuzlainfo.ba\/index.php\/bosna-i-hercegovina\/item\/209762-americka-ambasada-dodikov-danasnji-potez-je-napad-na-drzavu-bih\/#primaryimage\",\"url\":\"https:\/\/tuzlainfo.ba\/wp-content\/uploads\/2021\/02\/sadrzaj_2021_20210201_0502_americka-ambasada.jpg\",\"contentUrl\":\"https:\/\/tuzlainfo.ba\/wp-content\/uploads\/2021\/02\/sadrzaj_2021_20210201_0502_americka-ambasada.jpg\",\"width\":770,\"height\":462,\"caption\":\"0502 americka ambasada\"},{\"@type\":\"BreadcrumbList\",\"@id\":\"https:\/\/tuzlainfo.ba\/index.php\/bosna-i-hercegovina\/item\/209762-americka-ambasada-dodikov-danasnji-potez-je-napad-na-drzavu-bih\/#breadcrumb\",\"itemListElement\":[{\"@type\":\"ListItem\",\"position\":1,\"name\":\"Home\",\"item\":\"https:\/\/tuzlainfo.ba\/\"},{\"@type\":\"ListItem\",\"position\":2,\"name\":\"Ameri\u010dka ambasada: Dodikov dana\u0161nji potez je napad na dr\u017eavu BIH\"}]},{\"@type\":\"WebSite\",\"@id\":\"https:\/\/tuzlainfo.ba\/#website\",\"url\":\"https:\/\/tuzlainfo.ba\/\",\"name\":\"TuzlaInfo.ba\",\"description\":\"Tuzla info, gradski informator - Tuzla na dlanu\",\"publisher\":{\"@id\":\"https:\/\/tuzlainfo.ba\/#organization\"},\"potentialAction\":[{\"@type\":\"SearchAction\",\"target\":{\"@type\":\"EntryPoint\",\"urlTemplate\":\"https:\/\/tuzlainfo.ba\/?s={search_term_string}\"},\"query-input\":{\"@type\":\"PropertyValueSpecification\",\"valueRequired\":true,\"valueName\":\"search_term_string\"}}],\"inLanguage\":\"bs-BA\"},{\"@type\":\"Organization\",\"@id\":\"https:\/\/tuzlainfo.ba\/#organization\",\"name\":\"TuzlaInfo.ba\",\"url\":\"https:\/\/tuzlainfo.ba\/\",\"logo\":{\"@type\":\"ImageObject\",\"inLanguage\":\"bs-BA\",\"@id\":\"https:\/\/tuzlainfo.ba\/#\/schema\/logo\/image\/\",\"url\":\"https:\/\/tuzlainfo.ba\/wp-content\/uploads\/2021\/03\/logo-ver-3-1.png\",\"contentUrl\":\"https:\/\/tuzlainfo.ba\/wp-content\/uploads\/2021\/03\/logo-ver-3-1.png\",\"width\":350,\"height\":95,\"caption\":\"TuzlaInfo.ba\"},\"image\":{\"@id\":\"https:\/\/tuzlainfo.ba\/#\/schema\/logo\/image\/\"},\"sameAs\":[\"https:\/\/www.facebook.com\/tuzlainfo.ba\/\"]},{\"@type\":\"Person\",\"@id\":\"https:\/\/tuzlainfo.ba\/#\/schema\/person\/f4ebe4fff27e68efb65fa7e18f8af372\",\"name\":\"admin2\",\"image\":{\"@type\":\"ImageObject\",\"inLanguage\":\"bs-BA\",\"@id\":\"https:\/\/tuzlainfo.ba\/#\/schema\/person\/image\/\",\"url\":\"https:\/\/tuzlainfo.ba\/wp-content\/litespeed\/avatar\/8219eeb9a43cff2d096e773737736f62.jpg?ver=1776704580\",\"contentUrl\":\"https:\/\/tuzlainfo.ba\/wp-content\/litespeed\/avatar\/8219eeb9a43cff2d096e773737736f62.jpg?ver=1776704580\",\"caption\":\"admin2\"},\"description\":\"Tuzlainfo.ba pratite na dru\u0161tvenim mre\u017eama: Facebook, Instagram i Youtube. Svoje pri\u010de, upite i fotografije \u0161aljite na na\u0161u e-mail adresu.\",\"sameAs\":[\"admin\"]}]}<\/script>\n<!-- \/ Yoast SEO plugin. -->","yoast_head_json":{"title":"Ameri\u010dka ambasada: Dodikov dana\u0161nji potez je napad na dr\u017eavu BIH - TuzlaInfo.ba","robots":{"index":"index","follow":"follow","max-snippet":"max-snippet:-1","max-image-preview":"max-image-preview:large","max-video-preview":"max-video-preview:-1"},"canonical":"https:\/\/tuzlainfo.ba\/index.php\/bosna-i-hercegovina\/item\/209762-americka-ambasada-dodikov-danasnji-potez-je-napad-na-drzavu-bih\/","og_locale":"bs_BA","og_type":"article","og_title":"Ameri\u010dka ambasada: Dodikov dana\u0161nji potez je napad na dr\u017eavu BIH - TuzlaInfo.ba","og_description":"Ameri\u010dka ambasada se oglasila o dana\u0161njem potezu predsjednika Republike Milorada Dodika, koji je potpisao Ukaz&hellip;","og_url":"https:\/\/tuzlainfo.ba\/index.php\/bosna-i-hercegovina\/item\/209762-americka-ambasada-dodikov-danasnji-potez-je-napad-na-drzavu-bih\/","og_site_name":"TuzlaInfo.ba","article_publisher":"https:\/\/www.facebook.com\/tuzlainfo.ba\/","article_published_time":"2023-07-07T15:22:27+00:00","og_image":[{"width":770,"height":462,"url":"https:\/\/tuzlainfo.ba\/wp-content\/uploads\/2021\/02\/sadrzaj_2021_20210201_0502_americka-ambasada.jpg","type":"image\/jpeg"}],"author":"admin2","twitter_card":"summary_large_image","twitter_misc":{"Written by":"admin2","Est. reading time":"1 minuta"},"schema":{"@context":"https:\/\/schema.org","@graph":[{"@type":"Article","@id":"https:\/\/tuzlainfo.ba\/index.php\/bosna-i-hercegovina\/item\/209762-americka-ambasada-dodikov-danasnji-potez-je-napad-na-drzavu-bih\/#article","isPartOf":{"@id":"https:\/\/tuzlainfo.ba\/index.php\/bosna-i-hercegovina\/item\/209762-americka-ambasada-dodikov-danasnji-potez-je-napad-na-drzavu-bih\/"},"author":{"name":"admin2","@id":"https:\/\/tuzlainfo.ba\/#\/schema\/person\/f4ebe4fff27e68efb65fa7e18f8af372"},"headline":"Ameri\u010dka ambasada: Dodikov dana\u0161nji potez je napad na dr\u017eavu BIH","datePublished":"2023-07-07T15:22:27+00:00","dateModified":"2023-07-07T15:22:27+00:00","mainEntityOfPage":{"@id":"https:\/\/tuzlainfo.ba\/index.php\/bosna-i-hercegovina\/item\/209762-americka-ambasada-dodikov-danasnji-potez-je-napad-na-drzavu-bih\/"},"wordCount":261,"commentCount":0,"publisher":{"@id":"https:\/\/tuzlainfo.ba\/#organization"},"image":{"@id":"https:\/\/tuzlainfo.ba\/index.php\/bosna-i-hercegovina\/item\/209762-americka-ambasada-dodikov-danasnji-potez-je-napad-na-drzavu-bih\/#primaryimage"},"thumbnailUrl":"https:\/\/tuzlainfo.ba\/wp-content\/uploads\/2021\/02\/sadrzaj_2021_20210201_0502_americka-ambasada.jpg","keywords":["ameri\u010dka ambasada","antiustavno djelovanje","dodik"],"articleSection":["Bosna i Hercegovina"],"inLanguage":"bs-BA"},{"@type":"WebPage","@id":"https:\/\/tuzlainfo.ba\/index.php\/bosna-i-hercegovina\/item\/209762-americka-ambasada-dodikov-danasnji-potez-je-napad-na-drzavu-bih\/","url":"https:\/\/tuzlainfo.ba\/index.php\/bosna-i-hercegovina\/item\/209762-americka-ambasada-dodikov-danasnji-potez-je-napad-na-drzavu-bih\/","name":"Ameri\u010dka ambasada: Dodikov dana\u0161nji potez je napad na dr\u017eavu BIH - TuzlaInfo.ba","isPartOf":{"@id":"https:\/\/tuzlainfo.ba\/#website"},"primaryImageOfPage":{"@id":"https:\/\/tuzlainfo.ba\/index.php\/bosna-i-hercegovina\/item\/209762-americka-ambasada-dodikov-danasnji-potez-je-napad-na-drzavu-bih\/#primaryimage"},"image":{"@id":"https:\/\/tuzlainfo.ba\/index.php\/bosna-i-hercegovina\/item\/209762-americka-ambasada-dodikov-danasnji-potez-je-napad-na-drzavu-bih\/#primaryimage"},"thumbnailUrl":"https:\/\/tuzlainfo.ba\/wp-content\/uploads\/2021\/02\/sadrzaj_2021_20210201_0502_americka-ambasada.jpg","datePublished":"2023-07-07T15:22:27+00:00","dateModified":"2023-07-07T15:22:27+00:00","breadcrumb":{"@id":"https:\/\/tuzlainfo.ba\/index.php\/bosna-i-hercegovina\/item\/209762-americka-ambasada-dodikov-danasnji-potez-je-napad-na-drzavu-bih\/#breadcrumb"},"inLanguage":"bs-BA","potentialAction":[{"@type":"ReadAction","target":["https:\/\/tuzlainfo.ba\/index.php\/bosna-i-hercegovina\/item\/209762-americka-ambasada-dodikov-danasnji-potez-je-napad-na-drzavu-bih\/"]}]},{"@type":"ImageObject","inLanguage":"bs-BA","@id":"https:\/\/tuzlainfo.ba\/index.php\/bosna-i-hercegovina\/item\/209762-americka-ambasada-dodikov-danasnji-potez-je-napad-na-drzavu-bih\/#primaryimage","url":"https:\/\/tuzlainfo.ba\/wp-content\/uploads\/2021\/02\/sadrzaj_2021_20210201_0502_americka-ambasada.jpg","contentUrl":"https:\/\/tuzlainfo.ba\/wp-content\/uploads\/2021\/02\/sadrzaj_2021_20210201_0502_americka-ambasada.jpg","width":770,"height":462,"caption":"0502 americka ambasada"},{"@type":"BreadcrumbList","@id":"https:\/\/tuzlainfo.ba\/index.php\/bosna-i-hercegovina\/item\/209762-americka-ambasada-dodikov-danasnji-potez-je-napad-na-drzavu-bih\/#breadcrumb","itemListElement":[{"@type":"ListItem","position":1,"name":"Home","item":"https:\/\/tuzlainfo.ba\/"},{"@type":"ListItem","position":2,"name":"Ameri\u010dka ambasada: Dodikov dana\u0161nji potez je napad na dr\u017eavu BIH"}]},{"@type":"WebSite","@id":"https:\/\/tuzlainfo.ba\/#website","url":"https:\/\/tuzlainfo.ba\/","name":"TuzlaInfo.ba","description":"Tuzla info, gradski informator - Tuzla na dlanu","publisher":{"@id":"https:\/\/tuzlainfo.ba\/#organization"},"potentialAction":[{"@type":"SearchAction","target":{"@type":"EntryPoint","urlTemplate":"https:\/\/tuzlainfo.ba\/?s={search_term_string}"},"query-input":{"@type":"PropertyValueSpecification","valueRequired":true,"valueName":"search_term_string"}}],"inLanguage":"bs-BA"},{"@type":"Organization","@id":"https:\/\/tuzlainfo.ba\/#organization","name":"TuzlaInfo.ba","url":"https:\/\/tuzlainfo.ba\/","logo":{"@type":"ImageObject","inLanguage":"bs-BA","@id":"https:\/\/tuzlainfo.ba\/#\/schema\/logo\/image\/","url":"https:\/\/tuzlainfo.ba\/wp-content\/uploads\/2021\/03\/logo-ver-3-1.png","contentUrl":"https:\/\/tuzlainfo.ba\/wp-content\/uploads\/2021\/03\/logo-ver-3-1.png","width":350,"height":95,"caption":"TuzlaInfo.ba"},"image":{"@id":"https:\/\/tuzlainfo.ba\/#\/schema\/logo\/image\/"},"sameAs":["https:\/\/www.facebook.com\/tuzlainfo.ba\/"]},{"@type":"Person","@id":"https:\/\/tuzlainfo.ba\/#\/schema\/person\/f4ebe4fff27e68efb65fa7e18f8af372","name":"admin2","image":{"@type":"ImageObject","inLanguage":"bs-BA","@id":"https:\/\/tuzlainfo.ba\/#\/schema\/person\/image\/","url":"https:\/\/tuzlainfo.ba\/wp-content\/litespeed\/avatar\/8219eeb9a43cff2d096e773737736f62.jpg?ver=1776704580","contentUrl":"https:\/\/tuzlainfo.ba\/wp-content\/litespeed\/avatar\/8219eeb9a43cff2d096e773737736f62.jpg?ver=1776704580","caption":"admin2"},"description":"Tuzlainfo.ba pratite na dru\u0161tvenim mre\u017eama: Facebook, Instagram i Youtube. Svoje pri\u010de, upite i fotografije \u0161aljite na na\u0161u e-mail adresu.","sameAs":["admin"]}]}},"_links":{"self":[{"href":"https:\/\/tuzlainfo.ba\/index.php\/wp-json\/wp\/v2\/posts\/209762"}],"collection":[{"href":"https:\/\/tuzlainfo.ba\/index.php\/wp-json\/wp\/v2\/posts"}],"about":[{"href":"https:\/\/tuzlainfo.ba\/index.php\/wp-json\/wp\/v2\/types\/post"}],"author":[{"embeddable":true,"href":"https:\/\/tuzlainfo.ba\/index.php\/wp-json\/wp\/v2\/users\/3"}],"replies":[{"embeddable":true,"href":"https:\/\/tuzlainfo.ba\/index.php\/wp-json\/wp\/v2\/comments?post=209762"}],"version-history":[{"count":0,"href":"https:\/\/tuzlainfo.ba\/index.php\/wp-json\/wp\/v2\/posts\/209762\/revisions"}],"wp:featuredmedia":[{"embeddable":true,"href":"https:\/\/tuzlainfo.ba\/index.php\/wp-json\/wp\/v2\/media\/86203"}],"wp:attachment":[{"href":"https:\/\/tuzlainfo.ba\/index.php\/wp-json\/wp\/v2\/media?parent=209762"}],"wp:term":[{"taxonomy":"category","embeddable":true,"href":"https:\/\/tuzlainfo.ba\/index.php\/wp-json\/wp\/v2\/categories?post=209762"},{"taxonomy":"post_tag","embeddable":true,"href":"https:\/\/tuzlainfo.ba\/index.php\/wp-json\/wp\/v2\/tags?post=209762"}],"curies":[{"name":"wp","href":"https:\/\/api.w.org\/{rel}","templated":true}]}}