{"id":209701,"date":"2023-07-07T08:49:23","date_gmt":"2023-07-07T06:49:23","guid":{"rendered":"https:\/\/tuzlainfo.ba\/?p=209701"},"modified":"2023-07-07T08:50:05","modified_gmt":"2023-07-07T06:50:05","slug":"veci-izvoz-od-uvoza-bih-ima-samo-sa-tri-zemlje","status":"publish","type":"post","link":"https:\/\/tuzlainfo.ba\/index.php\/uncategorized\/item\/209701-veci-izvoz-od-uvoza-bih-ima-samo-sa-tri-zemlje\/","title":{"rendered":"Ve\u0107i izvoz od uvoza BiH ima samo sa tri zemlje"},"content":{"rendered":"<p>Bosna i Hercegovina je u prvom kvartalu ove godine imala ve\u0107i izvoz od uvoza samo sa tri zemlje, pokazuje analiza Ministarstva spoljne trgovine i ekonomskih odnosa, koju je u srijedu usvojio Savjet ministara BiH. Kako se navodi u ovoj analizi, najve\u0107u pokrivenost uvoza izvozom BiH ima sa Austrijom i ona iznosi 180,27 odsto, te Hrvatskom 132,22 odsto i Slovenijom 131,84 odsto.<br \/>\nSlijede Njema\u010dka sa 91,85 odsto, te Srbija sa 87,57 odsto. Ina\u010de, ukupna robna razmjena BiH u prvom kvartalu iznosila je 10,94 milijarde KM, vrijednost izvezene robe 4,40 milijardi KM, a uvezene robe 6,54 milijarde KM, \u0161to je dovelo do spoljnotrgovinskog deficita od 2,14 milijardi KM.<br \/>\n&#8220;Glavne karakteristike spoljnotrgovinske razmjene za prvi kvartal u odnosu na isti period pro\u0161le godine bile su rast ukupne spoljnotrgovinske razmjene od 3,27 odsto, rast uvoza od 3,82 odsto, rast izvoza od 2,46 odsto, te rast spoljnotrgovinskog deficita od 6,74 odsto&#8221;, pi\u0161e u saop\u0161tenju Savjeta ministara BiH.<br \/>\nDodaje se da je pokrivenost uvoza izvozom smanjena za 0,89 odsto i iznosi 67,25 odsto.<br \/>\n&#8220;Glavni spoljnotrgovinski partner BiH i dalje je EU, koja u ukupnom obimu robne razmjene u\u010destvuje sa 65,3 odsto, te zemlje CEFTA s 14,4 odsto, dok ostale zemlje u\u010destvuju sa 20,3 odsto&#8221;, stoji u saop\u0161tenju.<br \/>\nBiH je u prvom kvartalu najvi\u0161e izvozila u Hrvatsku, 701,5 miliona KM, Njema\u010dku 701,17 miliona KM, Srbiju 572,26 miliona KM, Austriju 444,72 miliona KM, te u Italiju 380,78 miliona KM.<br \/>\nU isto vrijeme najvi\u0161e je uvozila iz Italije i to 895,97 miliona KM, zatim iz Njema\u010dke 763,39 miliona KM, Srbije 653,46 miliona KM, Kine 548,55 miliona KM, te Hrvatske 530,56 miliona KM.<br \/>\nEkonomista Igor Gavran rekao je za &#8220;Nezavisne novine&#8221; da je lo\u0161e i razo\u010daravaju\u0107e da na\u0161 izvoz nije mnogo ve\u0107i jer za to postoji realan potencijal.<br \/>\n&#8220;Tako\u0111e, razo\u010daravaju\u0107e je da uvoz nije mnogo manji jer mnogo toga \u0161to neopravdano i prekomjerno uvozimo i sami mo\u017eemo proizvesti ili ve\u0107 posjedujemo, kao na\u0161a prirodna bogatstva i doma\u0107e sirovine. Zbog toga kontinuirano gubimo enormne iznose novca koji nepovratno napu\u0161taju dr\u017eavu i ne mogu biti nadomje\u0161teni prihodima od izvoza.<br \/>\nMe\u0111utim, potpun odgovor koliko je ukupna pokrivenost uvoza izvozom sa cijelim svijetom nepovoljna mo\u017ee nam otkriti tek dublja analiza strukture trgovine i uzimanje u obzir u\u010de\u0161\u0107a doma\u0107ih proizvoda na vlastitom tr\u017ei\u0161tu. Naime, i pored prethodno navedenih nedostataka, veliki dio ovog trgovinskog deficita odnosi se na one proizvode koje realno nemamo u BiH, a neophodni su svakom tr\u017ei\u0161tu &#8211; prije svega prirodni plin i naftni derivati. Ipak, i u ovim oblastima mo\u017eemo umanjiti debalans ako bismo pokrenuli doma\u0107u rafineriju nafte i umjesto gotovih derivata uvozili sirovu naftu za preradu u doma\u0107e gorivo. To mo\u017eemo relativno brzo izvesti ako su nadle\u017ene vlasti spremne ili natjerati vlasnike ili vratiti rafineriju u javno vlasni\u0161tvo. Prirodni plin i sirova nafta se ne mogu nadomjestiti kratkoro\u010dno, ali bi se istra\u017eivanjem rezervi za koje postoje ozbiljne indicije da ih imamo dugoro\u010dno i u ovoj oblasti mogao osigurati barem minimum doma\u0107ih resursa&#8221;, obja\u0161njava Gavran.<br \/>\nDodaje da je ipak mnogo lak\u0161i put za pobolj\u0161anje omjera razmjene pove\u0107anje izvoza i supstitucija uvoza svega onoga \u0161to ve\u0107 sada imamo ili mo\u017eemo proizvesti.<br \/>\n&#8220;Olak\u0161anje poslovanja, podr\u0161ka privredi, manja poreska i druga optere\u0107enja, javna ulaganja, privla\u010denje stranih ulaganja i preferencija doma\u0107eg od strane kupaca\u2026 sve to mo\u017ee donijeti rezultate u relativno kratkom roku&#8221;, zaklju\u010dio je Gavran.<\/p>\n","protected":false},"excerpt":{"rendered":"<p>Bosna i Hercegovina je u prvom kvartalu ove godine imala ve\u0107i izvoz od uvoza samo&hellip;<\/p>\n","protected":false},"author":3,"featured_media":65695,"comment_status":"open","ping_status":"closed","sticky":false,"template":"","format":"standard","meta":{"_acf_changed":false,"footnotes":""},"categories":[291,1],"tags":[706,1818,3932],"acf":[],"yoast_head":"<!-- This site is optimized with the Yoast SEO plugin v23.5 - https:\/\/yoast.com\/wordpress\/plugins\/seo\/ -->\n<title>Ve\u0107i izvoz od uvoza BiH ima samo sa tri zemlje - TuzlaInfo.ba<\/title>\n<meta name=\"robots\" content=\"index, follow, max-snippet:-1, max-image-preview:large, max-video-preview:-1\" \/>\n<link rel=\"canonical\" href=\"https:\/\/tuzlainfo.ba\/index.php\/uncategorized\/item\/209701-veci-izvoz-od-uvoza-bih-ima-samo-sa-tri-zemlje\/\" \/>\n<meta property=\"og:locale\" content=\"bs_BA\" \/>\n<meta property=\"og:type\" content=\"article\" \/>\n<meta property=\"og:title\" content=\"Ve\u0107i izvoz od uvoza BiH ima samo sa tri zemlje - TuzlaInfo.ba\" \/>\n<meta property=\"og:description\" content=\"Bosna i Hercegovina je u prvom kvartalu ove godine imala ve\u0107i izvoz od uvoza samo&hellip;\" \/>\n<meta property=\"og:url\" content=\"https:\/\/tuzlainfo.ba\/index.php\/uncategorized\/item\/209701-veci-izvoz-od-uvoza-bih-ima-samo-sa-tri-zemlje\/\" \/>\n<meta property=\"og:site_name\" content=\"TuzlaInfo.ba\" \/>\n<meta property=\"article:publisher\" content=\"https:\/\/www.facebook.com\/tuzlainfo.ba\/\" \/>\n<meta property=\"article:published_time\" content=\"2023-07-07T06:49:23+00:00\" \/>\n<meta property=\"article:modified_time\" content=\"2023-07-07T06:50:05+00:00\" \/>\n<meta property=\"og:image\" content=\"https:\/\/tuzlainfo.ba\/wp-content\/uploads\/2018\/11\/sadrzaj_2018_20181101_221_izvoz.jpg\" \/>\n\t<meta property=\"og:image:width\" content=\"770\" \/>\n\t<meta property=\"og:image:height\" content=\"419\" \/>\n\t<meta property=\"og:image:type\" content=\"image\/jpeg\" \/>\n<meta name=\"author\" content=\"admin2\" \/>\n<meta name=\"twitter:card\" content=\"summary_large_image\" \/>\n<meta name=\"twitter:label1\" content=\"Written by\" \/>\n\t<meta name=\"twitter:data1\" content=\"admin2\" \/>\n\t<meta name=\"twitter:label2\" content=\"Est. reading time\" \/>\n\t<meta name=\"twitter:data2\" content=\"3 minute\" \/>\n<script type=\"application\/ld+json\" class=\"yoast-schema-graph\">{\"@context\":\"https:\/\/schema.org\",\"@graph\":[{\"@type\":\"Article\",\"@id\":\"https:\/\/tuzlainfo.ba\/index.php\/uncategorized\/item\/209701-veci-izvoz-od-uvoza-bih-ima-samo-sa-tri-zemlje\/#article\",\"isPartOf\":{\"@id\":\"https:\/\/tuzlainfo.ba\/index.php\/uncategorized\/item\/209701-veci-izvoz-od-uvoza-bih-ima-samo-sa-tri-zemlje\/\"},\"author\":{\"name\":\"admin2\",\"@id\":\"https:\/\/tuzlainfo.ba\/#\/schema\/person\/f4ebe4fff27e68efb65fa7e18f8af372\"},\"headline\":\"Ve\u0107i izvoz od uvoza BiH ima samo sa tri zemlje\",\"datePublished\":\"2023-07-07T06:49:23+00:00\",\"dateModified\":\"2023-07-07T06:50:05+00:00\",\"mainEntityOfPage\":{\"@id\":\"https:\/\/tuzlainfo.ba\/index.php\/uncategorized\/item\/209701-veci-izvoz-od-uvoza-bih-ima-samo-sa-tri-zemlje\/\"},\"wordCount\":581,\"commentCount\":0,\"publisher\":{\"@id\":\"https:\/\/tuzlainfo.ba\/#organization\"},\"image\":{\"@id\":\"https:\/\/tuzlainfo.ba\/index.php\/uncategorized\/item\/209701-veci-izvoz-od-uvoza-bih-ima-samo-sa-tri-zemlje\/#primaryimage\"},\"thumbnailUrl\":\"https:\/\/tuzlainfo.ba\/wp-content\/uploads\/2018\/11\/sadrzaj_2018_20181101_221_izvoz.jpg\",\"keywords\":[\"bih\",\"izvoz\",\"uvoz\"],\"articleSection\":[\"Bosna i Hercegovina\",\"Uncategorized\"],\"inLanguage\":\"bs-BA\"},{\"@type\":\"WebPage\",\"@id\":\"https:\/\/tuzlainfo.ba\/index.php\/uncategorized\/item\/209701-veci-izvoz-od-uvoza-bih-ima-samo-sa-tri-zemlje\/\",\"url\":\"https:\/\/tuzlainfo.ba\/index.php\/uncategorized\/item\/209701-veci-izvoz-od-uvoza-bih-ima-samo-sa-tri-zemlje\/\",\"name\":\"Ve\u0107i izvoz od uvoza BiH ima samo sa tri zemlje - TuzlaInfo.ba\",\"isPartOf\":{\"@id\":\"https:\/\/tuzlainfo.ba\/#website\"},\"primaryImageOfPage\":{\"@id\":\"https:\/\/tuzlainfo.ba\/index.php\/uncategorized\/item\/209701-veci-izvoz-od-uvoza-bih-ima-samo-sa-tri-zemlje\/#primaryimage\"},\"image\":{\"@id\":\"https:\/\/tuzlainfo.ba\/index.php\/uncategorized\/item\/209701-veci-izvoz-od-uvoza-bih-ima-samo-sa-tri-zemlje\/#primaryimage\"},\"thumbnailUrl\":\"https:\/\/tuzlainfo.ba\/wp-content\/uploads\/2018\/11\/sadrzaj_2018_20181101_221_izvoz.jpg\",\"datePublished\":\"2023-07-07T06:49:23+00:00\",\"dateModified\":\"2023-07-07T06:50:05+00:00\",\"breadcrumb\":{\"@id\":\"https:\/\/tuzlainfo.ba\/index.php\/uncategorized\/item\/209701-veci-izvoz-od-uvoza-bih-ima-samo-sa-tri-zemlje\/#breadcrumb\"},\"inLanguage\":\"bs-BA\",\"potentialAction\":[{\"@type\":\"ReadAction\",\"target\":[\"https:\/\/tuzlainfo.ba\/index.php\/uncategorized\/item\/209701-veci-izvoz-od-uvoza-bih-ima-samo-sa-tri-zemlje\/\"]}]},{\"@type\":\"ImageObject\",\"inLanguage\":\"bs-BA\",\"@id\":\"https:\/\/tuzlainfo.ba\/index.php\/uncategorized\/item\/209701-veci-izvoz-od-uvoza-bih-ima-samo-sa-tri-zemlje\/#primaryimage\",\"url\":\"https:\/\/tuzlainfo.ba\/wp-content\/uploads\/2018\/11\/sadrzaj_2018_20181101_221_izvoz.jpg\",\"contentUrl\":\"https:\/\/tuzlainfo.ba\/wp-content\/uploads\/2018\/11\/sadrzaj_2018_20181101_221_izvoz.jpg\",\"width\":770,\"height\":419,\"caption\":\"221 izvoz\"},{\"@type\":\"BreadcrumbList\",\"@id\":\"https:\/\/tuzlainfo.ba\/index.php\/uncategorized\/item\/209701-veci-izvoz-od-uvoza-bih-ima-samo-sa-tri-zemlje\/#breadcrumb\",\"itemListElement\":[{\"@type\":\"ListItem\",\"position\":1,\"name\":\"Home\",\"item\":\"https:\/\/tuzlainfo.ba\/\"},{\"@type\":\"ListItem\",\"position\":2,\"name\":\"Ve\u0107i izvoz od uvoza BiH ima samo sa tri zemlje\"}]},{\"@type\":\"WebSite\",\"@id\":\"https:\/\/tuzlainfo.ba\/#website\",\"url\":\"https:\/\/tuzlainfo.ba\/\",\"name\":\"TuzlaInfo.ba\",\"description\":\"Tuzla info, gradski informator - Tuzla na dlanu\",\"publisher\":{\"@id\":\"https:\/\/tuzlainfo.ba\/#organization\"},\"potentialAction\":[{\"@type\":\"SearchAction\",\"target\":{\"@type\":\"EntryPoint\",\"urlTemplate\":\"https:\/\/tuzlainfo.ba\/?s={search_term_string}\"},\"query-input\":{\"@type\":\"PropertyValueSpecification\",\"valueRequired\":true,\"valueName\":\"search_term_string\"}}],\"inLanguage\":\"bs-BA\"},{\"@type\":\"Organization\",\"@id\":\"https:\/\/tuzlainfo.ba\/#organization\",\"name\":\"TuzlaInfo.ba\",\"url\":\"https:\/\/tuzlainfo.ba\/\",\"logo\":{\"@type\":\"ImageObject\",\"inLanguage\":\"bs-BA\",\"@id\":\"https:\/\/tuzlainfo.ba\/#\/schema\/logo\/image\/\",\"url\":\"https:\/\/tuzlainfo.ba\/wp-content\/uploads\/2021\/03\/logo-ver-3-1.png\",\"contentUrl\":\"https:\/\/tuzlainfo.ba\/wp-content\/uploads\/2021\/03\/logo-ver-3-1.png\",\"width\":350,\"height\":95,\"caption\":\"TuzlaInfo.ba\"},\"image\":{\"@id\":\"https:\/\/tuzlainfo.ba\/#\/schema\/logo\/image\/\"},\"sameAs\":[\"https:\/\/www.facebook.com\/tuzlainfo.ba\/\"]},{\"@type\":\"Person\",\"@id\":\"https:\/\/tuzlainfo.ba\/#\/schema\/person\/f4ebe4fff27e68efb65fa7e18f8af372\",\"name\":\"admin2\",\"image\":{\"@type\":\"ImageObject\",\"inLanguage\":\"bs-BA\",\"@id\":\"https:\/\/tuzlainfo.ba\/#\/schema\/person\/image\/\",\"url\":\"https:\/\/tuzlainfo.ba\/wp-content\/litespeed\/avatar\/8219eeb9a43cff2d096e773737736f62.jpg?ver=1776704580\",\"contentUrl\":\"https:\/\/tuzlainfo.ba\/wp-content\/litespeed\/avatar\/8219eeb9a43cff2d096e773737736f62.jpg?ver=1776704580\",\"caption\":\"admin2\"},\"description\":\"Tuzlainfo.ba pratite na dru\u0161tvenim mre\u017eama: Facebook, Instagram i Youtube. Svoje pri\u010de, upite i fotografije \u0161aljite na na\u0161u e-mail adresu.\",\"sameAs\":[\"admin\"]}]}<\/script>\n<!-- \/ Yoast SEO plugin. -->","yoast_head_json":{"title":"Ve\u0107i izvoz od uvoza BiH ima samo sa tri zemlje - TuzlaInfo.ba","robots":{"index":"index","follow":"follow","max-snippet":"max-snippet:-1","max-image-preview":"max-image-preview:large","max-video-preview":"max-video-preview:-1"},"canonical":"https:\/\/tuzlainfo.ba\/index.php\/uncategorized\/item\/209701-veci-izvoz-od-uvoza-bih-ima-samo-sa-tri-zemlje\/","og_locale":"bs_BA","og_type":"article","og_title":"Ve\u0107i izvoz od uvoza BiH ima samo sa tri zemlje - TuzlaInfo.ba","og_description":"Bosna i Hercegovina je u prvom kvartalu ove godine imala ve\u0107i izvoz od uvoza samo&hellip;","og_url":"https:\/\/tuzlainfo.ba\/index.php\/uncategorized\/item\/209701-veci-izvoz-od-uvoza-bih-ima-samo-sa-tri-zemlje\/","og_site_name":"TuzlaInfo.ba","article_publisher":"https:\/\/www.facebook.com\/tuzlainfo.ba\/","article_published_time":"2023-07-07T06:49:23+00:00","article_modified_time":"2023-07-07T06:50:05+00:00","og_image":[{"width":770,"height":419,"url":"https:\/\/tuzlainfo.ba\/wp-content\/uploads\/2018\/11\/sadrzaj_2018_20181101_221_izvoz.jpg","type":"image\/jpeg"}],"author":"admin2","twitter_card":"summary_large_image","twitter_misc":{"Written by":"admin2","Est. reading time":"3 minute"},"schema":{"@context":"https:\/\/schema.org","@graph":[{"@type":"Article","@id":"https:\/\/tuzlainfo.ba\/index.php\/uncategorized\/item\/209701-veci-izvoz-od-uvoza-bih-ima-samo-sa-tri-zemlje\/#article","isPartOf":{"@id":"https:\/\/tuzlainfo.ba\/index.php\/uncategorized\/item\/209701-veci-izvoz-od-uvoza-bih-ima-samo-sa-tri-zemlje\/"},"author":{"name":"admin2","@id":"https:\/\/tuzlainfo.ba\/#\/schema\/person\/f4ebe4fff27e68efb65fa7e18f8af372"},"headline":"Ve\u0107i izvoz od uvoza BiH ima samo sa tri zemlje","datePublished":"2023-07-07T06:49:23+00:00","dateModified":"2023-07-07T06:50:05+00:00","mainEntityOfPage":{"@id":"https:\/\/tuzlainfo.ba\/index.php\/uncategorized\/item\/209701-veci-izvoz-od-uvoza-bih-ima-samo-sa-tri-zemlje\/"},"wordCount":581,"commentCount":0,"publisher":{"@id":"https:\/\/tuzlainfo.ba\/#organization"},"image":{"@id":"https:\/\/tuzlainfo.ba\/index.php\/uncategorized\/item\/209701-veci-izvoz-od-uvoza-bih-ima-samo-sa-tri-zemlje\/#primaryimage"},"thumbnailUrl":"https:\/\/tuzlainfo.ba\/wp-content\/uploads\/2018\/11\/sadrzaj_2018_20181101_221_izvoz.jpg","keywords":["bih","izvoz","uvoz"],"articleSection":["Bosna i Hercegovina","Uncategorized"],"inLanguage":"bs-BA"},{"@type":"WebPage","@id":"https:\/\/tuzlainfo.ba\/index.php\/uncategorized\/item\/209701-veci-izvoz-od-uvoza-bih-ima-samo-sa-tri-zemlje\/","url":"https:\/\/tuzlainfo.ba\/index.php\/uncategorized\/item\/209701-veci-izvoz-od-uvoza-bih-ima-samo-sa-tri-zemlje\/","name":"Ve\u0107i izvoz od uvoza BiH ima samo sa tri zemlje - TuzlaInfo.ba","isPartOf":{"@id":"https:\/\/tuzlainfo.ba\/#website"},"primaryImageOfPage":{"@id":"https:\/\/tuzlainfo.ba\/index.php\/uncategorized\/item\/209701-veci-izvoz-od-uvoza-bih-ima-samo-sa-tri-zemlje\/#primaryimage"},"image":{"@id":"https:\/\/tuzlainfo.ba\/index.php\/uncategorized\/item\/209701-veci-izvoz-od-uvoza-bih-ima-samo-sa-tri-zemlje\/#primaryimage"},"thumbnailUrl":"https:\/\/tuzlainfo.ba\/wp-content\/uploads\/2018\/11\/sadrzaj_2018_20181101_221_izvoz.jpg","datePublished":"2023-07-07T06:49:23+00:00","dateModified":"2023-07-07T06:50:05+00:00","breadcrumb":{"@id":"https:\/\/tuzlainfo.ba\/index.php\/uncategorized\/item\/209701-veci-izvoz-od-uvoza-bih-ima-samo-sa-tri-zemlje\/#breadcrumb"},"inLanguage":"bs-BA","potentialAction":[{"@type":"ReadAction","target":["https:\/\/tuzlainfo.ba\/index.php\/uncategorized\/item\/209701-veci-izvoz-od-uvoza-bih-ima-samo-sa-tri-zemlje\/"]}]},{"@type":"ImageObject","inLanguage":"bs-BA","@id":"https:\/\/tuzlainfo.ba\/index.php\/uncategorized\/item\/209701-veci-izvoz-od-uvoza-bih-ima-samo-sa-tri-zemlje\/#primaryimage","url":"https:\/\/tuzlainfo.ba\/wp-content\/uploads\/2018\/11\/sadrzaj_2018_20181101_221_izvoz.jpg","contentUrl":"https:\/\/tuzlainfo.ba\/wp-content\/uploads\/2018\/11\/sadrzaj_2018_20181101_221_izvoz.jpg","width":770,"height":419,"caption":"221 izvoz"},{"@type":"BreadcrumbList","@id":"https:\/\/tuzlainfo.ba\/index.php\/uncategorized\/item\/209701-veci-izvoz-od-uvoza-bih-ima-samo-sa-tri-zemlje\/#breadcrumb","itemListElement":[{"@type":"ListItem","position":1,"name":"Home","item":"https:\/\/tuzlainfo.ba\/"},{"@type":"ListItem","position":2,"name":"Ve\u0107i izvoz od uvoza BiH ima samo sa tri zemlje"}]},{"@type":"WebSite","@id":"https:\/\/tuzlainfo.ba\/#website","url":"https:\/\/tuzlainfo.ba\/","name":"TuzlaInfo.ba","description":"Tuzla info, gradski informator - Tuzla na dlanu","publisher":{"@id":"https:\/\/tuzlainfo.ba\/#organization"},"potentialAction":[{"@type":"SearchAction","target":{"@type":"EntryPoint","urlTemplate":"https:\/\/tuzlainfo.ba\/?s={search_term_string}"},"query-input":{"@type":"PropertyValueSpecification","valueRequired":true,"valueName":"search_term_string"}}],"inLanguage":"bs-BA"},{"@type":"Organization","@id":"https:\/\/tuzlainfo.ba\/#organization","name":"TuzlaInfo.ba","url":"https:\/\/tuzlainfo.ba\/","logo":{"@type":"ImageObject","inLanguage":"bs-BA","@id":"https:\/\/tuzlainfo.ba\/#\/schema\/logo\/image\/","url":"https:\/\/tuzlainfo.ba\/wp-content\/uploads\/2021\/03\/logo-ver-3-1.png","contentUrl":"https:\/\/tuzlainfo.ba\/wp-content\/uploads\/2021\/03\/logo-ver-3-1.png","width":350,"height":95,"caption":"TuzlaInfo.ba"},"image":{"@id":"https:\/\/tuzlainfo.ba\/#\/schema\/logo\/image\/"},"sameAs":["https:\/\/www.facebook.com\/tuzlainfo.ba\/"]},{"@type":"Person","@id":"https:\/\/tuzlainfo.ba\/#\/schema\/person\/f4ebe4fff27e68efb65fa7e18f8af372","name":"admin2","image":{"@type":"ImageObject","inLanguage":"bs-BA","@id":"https:\/\/tuzlainfo.ba\/#\/schema\/person\/image\/","url":"https:\/\/tuzlainfo.ba\/wp-content\/litespeed\/avatar\/8219eeb9a43cff2d096e773737736f62.jpg?ver=1776704580","contentUrl":"https:\/\/tuzlainfo.ba\/wp-content\/litespeed\/avatar\/8219eeb9a43cff2d096e773737736f62.jpg?ver=1776704580","caption":"admin2"},"description":"Tuzlainfo.ba pratite na dru\u0161tvenim mre\u017eama: Facebook, Instagram i Youtube. Svoje pri\u010de, upite i fotografije \u0161aljite na na\u0161u e-mail adresu.","sameAs":["admin"]}]}},"_links":{"self":[{"href":"https:\/\/tuzlainfo.ba\/index.php\/wp-json\/wp\/v2\/posts\/209701"}],"collection":[{"href":"https:\/\/tuzlainfo.ba\/index.php\/wp-json\/wp\/v2\/posts"}],"about":[{"href":"https:\/\/tuzlainfo.ba\/index.php\/wp-json\/wp\/v2\/types\/post"}],"author":[{"embeddable":true,"href":"https:\/\/tuzlainfo.ba\/index.php\/wp-json\/wp\/v2\/users\/3"}],"replies":[{"embeddable":true,"href":"https:\/\/tuzlainfo.ba\/index.php\/wp-json\/wp\/v2\/comments?post=209701"}],"version-history":[{"count":0,"href":"https:\/\/tuzlainfo.ba\/index.php\/wp-json\/wp\/v2\/posts\/209701\/revisions"}],"wp:featuredmedia":[{"embeddable":true,"href":"https:\/\/tuzlainfo.ba\/index.php\/wp-json\/wp\/v2\/media\/65695"}],"wp:attachment":[{"href":"https:\/\/tuzlainfo.ba\/index.php\/wp-json\/wp\/v2\/media?parent=209701"}],"wp:term":[{"taxonomy":"category","embeddable":true,"href":"https:\/\/tuzlainfo.ba\/index.php\/wp-json\/wp\/v2\/categories?post=209701"},{"taxonomy":"post_tag","embeddable":true,"href":"https:\/\/tuzlainfo.ba\/index.php\/wp-json\/wp\/v2\/tags?post=209701"}],"curies":[{"name":"wp","href":"https:\/\/api.w.org\/{rel}","templated":true}]}}