{"id":209641,"date":"2023-07-06T18:30:24","date_gmt":"2023-07-06T16:30:24","guid":{"rendered":"https:\/\/tuzlainfo.ba\/?p=209641"},"modified":"2023-07-06T17:47:37","modified_gmt":"2023-07-06T15:47:37","slug":"fbih-odobrava-tuzlanskom-kantonu-230-hiljada-km-za-projekte-iz-nauke","status":"publish","type":"post","link":"https:\/\/tuzlainfo.ba\/index.php\/bosna-i-hercegovina\/item\/209641-fbih-odobrava-tuzlanskom-kantonu-230-hiljada-km-za-projekte-iz-nauke\/","title":{"rendered":"FBiH odobrava Tuzlanskom kantonu 230 hiljada KM za projekte iz nauke"},"content":{"rendered":"<p>Federalno ministarstvo obrazovanja i nauke potpisalo je i ove godine ugovore sa javnim visoko\u0161kolskim i nau\u010dnim ustanovama u Federaciji BiH, a sredstva u ukupnom iznosu od 1,5 miliona KM namijenjena su za podr\u0161ku realizaciji programa i projekata u oblasti nauke od zna\u010daja za FBiH.<\/p>\n<div id=\"rtvsl-1444052247\" class=\"rtvsl-test\">\n<p>Ugovori su potpisani sa svih \u0161est javnih univerziteta u Federaciji BiH \u2013 Univerzitet u Sarajevu (558.000 KM), Univerzitet \u201eD\u017eemal Bijedi\u0107\u201c u Mostaru (144.000 KM), Sveu\u010dili\u0161te u Mostaru (198.000 KM), Univerzitet u Biha\u0107u (126.000 KM), Univerzitet u Zenici (144.000 KM), Univerzitet u Tuzli (234.000 KM) i Franjeva\u010dka teologija Sarajevo (24.000 KM), te sa univerzitetskim klini\u010dkim centrima u Sarajevu i Tuzli, odnosno Sveu\u010dili\u0161nom klini\u010dkom bolnicom u Mostaru (po 24.000 KM).<\/p>\n<p>Prema rije\u010dima federalne ministrice obrazovanja i nauke Jasne Durakovi\u0107, ove godine su pove\u0107ana izdvajanja za nauku. Tako\u0111er, na osnovu pozitivnih iskustava iz ranijih godina, u proces raspodjele sredstava, ponovo je uklju\u010dena akademska i nau\u010dna zajednica.<\/p>\n<p>\u2013 Podr\u0161ka je dodijeljena putem ugovora, bez javnog poziva, odnosno direktno javnim visoko\u0161kolskim i nau\u010dnim ustanovama u Federaciji BiH, koje, u skladu s vlastitim strate\u0161kim opredjeljenjima i razvojnim potrebama, odlu\u010duju o utro\u0161ku dodijeljenih sredstava, a u okviru definiranih programa, kazala je ministrica Durakovi\u0107, naglasiv\u0161i kako se sredstva mogu koristiti za realizaciju nau\u010dnih projekata u okviru 11 programa.<\/p>\n<p>Njima su, me\u0111u ostalim, obuhva\u0107eni programi podr\u0161ke nau\u010dnog usavr\u0161avanja na doktorskom studiju, izdavanju nau\u010dne literature i referentnih \u010dasopisa, me\u0111uinstitucionalne nau\u010dnotehnolo\u0161ke saradnje me\u0111unarodnog karaktera, organizacije doma\u0107ih i me\u0111unarodnih nau\u010dnih skupova i istra\u017eivanja od zna\u010daja za Federaciju BiH, te sufinasiranja istra\u017eiva\u010dkog rada i studijskih boravaka. Tako\u0111er, ovi ugovori se odnose i na projekte i programe opremanja nau\u010dnih i visoko\u0161kolskih ustanova kada je u pitanju ure\u0111enje prostora, te nabavka prioritetne opreme za nau\u010dnoistra\u017eiva\u010dki i istra\u017eiva\u010dkorazvojni rad, a njima su i precizno ure\u0111ena prava i obaveze institucija, dok \u0107e Ministarstvo intenzivirati nadzor nad namjenskim utro\u0161kom sredstava.<\/p>\n<p>Kako isti\u010du iz Federalnog ministarstva obrazovanja i nauke, u Bud\u017eetu Federacije BiH za 2023. godinu osigurano je skoro \u010detiri miliona KM za oblast nauke, a sredstva \u0107e biti dodijeljena i putem javnog poziva ostalim nau\u010dnim ustanovama i dru\u0161tvima, te pojedincima koji nisu zaposleni na nekoj od javnih visoko\u0161kolskih i nau\u010dnih ustanova, kao i za podr\u0161ku izdavanju akademskih i nau\u010dnih \u010dasopisa iz podru\u010dja dru\u0161tvenih i humanisti\u010dkih nauka u ovoj godini.<\/p>\n<p>Dio sredstva bi\u0107e dodijeljen u okviru konkursa za finansiranje nau\u010dnoistra\u017eiva\u010dkih i istra\u017eiva\u010dkorazvojnih projekata, uzimaju\u0107i u obzir sveukupni zna\u010daj i razvojne prioritete Federacije BiH u razli\u010ditim nau\u010dnim oblastima, te za finansiranje preuzetih obaveza po osnovu bilateralnih sporazuma u okviru me\u0111unarodne nau\u010dno-tehnolo\u0161ke saradnje.<\/p>\n<\/div>\n","protected":false},"excerpt":{"rendered":"<p>Federalno ministarstvo obrazovanja i nauke potpisalo je i ove godine ugovore sa javnim visoko\u0161kolskim i&hellip;<\/p>\n","protected":false},"author":4,"featured_media":207460,"comment_status":"open","ping_status":"closed","sticky":false,"template":"","format":"standard","meta":{"_acf_changed":false,"footnotes":""},"categories":[291],"tags":[360,2107],"acf":[],"yoast_head":"<!-- This site is optimized with the Yoast SEO plugin v23.5 - https:\/\/yoast.com\/wordpress\/plugins\/seo\/ -->\n<title>FBiH odobrava Tuzlanskom kantonu 230 hiljada KM za projekte iz nauke - TuzlaInfo.ba<\/title>\n<meta name=\"robots\" content=\"index, follow, max-snippet:-1, max-image-preview:large, max-video-preview:-1\" \/>\n<link rel=\"canonical\" href=\"https:\/\/tuzlainfo.ba\/index.php\/bosna-i-hercegovina\/item\/209641-fbih-odobrava-tuzlanskom-kantonu-230-hiljada-km-za-projekte-iz-nauke\/\" \/>\n<meta property=\"og:locale\" content=\"bs_BA\" \/>\n<meta property=\"og:type\" content=\"article\" \/>\n<meta property=\"og:title\" content=\"FBiH odobrava Tuzlanskom kantonu 230 hiljada KM za projekte iz nauke - TuzlaInfo.ba\" \/>\n<meta property=\"og:description\" content=\"Federalno ministarstvo obrazovanja i nauke potpisalo je i ove godine ugovore sa javnim visoko\u0161kolskim i&hellip;\" \/>\n<meta property=\"og:url\" content=\"https:\/\/tuzlainfo.ba\/index.php\/bosna-i-hercegovina\/item\/209641-fbih-odobrava-tuzlanskom-kantonu-230-hiljada-km-za-projekte-iz-nauke\/\" \/>\n<meta property=\"og:site_name\" content=\"TuzlaInfo.ba\" \/>\n<meta property=\"article:publisher\" content=\"https:\/\/www.facebook.com\/tuzlainfo.ba\/\" \/>\n<meta property=\"article:published_time\" content=\"2023-07-06T16:30:24+00:00\" \/>\n<meta property=\"article:modified_time\" content=\"2023-07-06T15:47:37+00:00\" \/>\n<meta property=\"og:image\" content=\"https:\/\/tuzlainfo.ba\/wp-content\/uploads\/2023\/06\/jasna-durakovic.jpg\" \/>\n\t<meta property=\"og:image:width\" content=\"1600\" \/>\n\t<meta property=\"og:image:height\" content=\"914\" \/>\n\t<meta property=\"og:image:type\" content=\"image\/jpeg\" \/>\n<meta name=\"author\" content=\"Tuzla Info\" \/>\n<meta name=\"twitter:card\" content=\"summary_large_image\" \/>\n<meta name=\"twitter:label1\" content=\"Written by\" \/>\n\t<meta name=\"twitter:data1\" content=\"Tuzla Info\" \/>\n\t<meta name=\"twitter:label2\" content=\"Est. reading time\" \/>\n\t<meta name=\"twitter:data2\" content=\"2 minute\" \/>\n<script type=\"application\/ld+json\" class=\"yoast-schema-graph\">{\"@context\":\"https:\/\/schema.org\",\"@graph\":[{\"@type\":\"Article\",\"@id\":\"https:\/\/tuzlainfo.ba\/index.php\/bosna-i-hercegovina\/item\/209641-fbih-odobrava-tuzlanskom-kantonu-230-hiljada-km-za-projekte-iz-nauke\/#article\",\"isPartOf\":{\"@id\":\"https:\/\/tuzlainfo.ba\/index.php\/bosna-i-hercegovina\/item\/209641-fbih-odobrava-tuzlanskom-kantonu-230-hiljada-km-za-projekte-iz-nauke\/\"},\"author\":{\"name\":\"Tuzla Info\",\"@id\":\"https:\/\/tuzlainfo.ba\/#\/schema\/person\/46cad4c57790cbc50781edd14870825a\"},\"headline\":\"FBiH odobrava Tuzlanskom kantonu 230 hiljada KM za projekte iz nauke\",\"datePublished\":\"2023-07-06T16:30:24+00:00\",\"dateModified\":\"2023-07-06T15:47:37+00:00\",\"mainEntityOfPage\":{\"@id\":\"https:\/\/tuzlainfo.ba\/index.php\/bosna-i-hercegovina\/item\/209641-fbih-odobrava-tuzlanskom-kantonu-230-hiljada-km-za-projekte-iz-nauke\/\"},\"wordCount\":481,\"commentCount\":0,\"publisher\":{\"@id\":\"https:\/\/tuzlainfo.ba\/#organization\"},\"image\":{\"@id\":\"https:\/\/tuzlainfo.ba\/index.php\/bosna-i-hercegovina\/item\/209641-fbih-odobrava-tuzlanskom-kantonu-230-hiljada-km-za-projekte-iz-nauke\/#primaryimage\"},\"thumbnailUrl\":\"https:\/\/tuzlainfo.ba\/wp-content\/uploads\/2023\/06\/jasna-durakovic.jpg\",\"keywords\":[\"tuzlanski kanton\",\"Vlada federacije\"],\"articleSection\":[\"Bosna i Hercegovina\"],\"inLanguage\":\"bs-BA\"},{\"@type\":\"WebPage\",\"@id\":\"https:\/\/tuzlainfo.ba\/index.php\/bosna-i-hercegovina\/item\/209641-fbih-odobrava-tuzlanskom-kantonu-230-hiljada-km-za-projekte-iz-nauke\/\",\"url\":\"https:\/\/tuzlainfo.ba\/index.php\/bosna-i-hercegovina\/item\/209641-fbih-odobrava-tuzlanskom-kantonu-230-hiljada-km-za-projekte-iz-nauke\/\",\"name\":\"FBiH odobrava Tuzlanskom kantonu 230 hiljada KM za projekte iz nauke - TuzlaInfo.ba\",\"isPartOf\":{\"@id\":\"https:\/\/tuzlainfo.ba\/#website\"},\"primaryImageOfPage\":{\"@id\":\"https:\/\/tuzlainfo.ba\/index.php\/bosna-i-hercegovina\/item\/209641-fbih-odobrava-tuzlanskom-kantonu-230-hiljada-km-za-projekte-iz-nauke\/#primaryimage\"},\"image\":{\"@id\":\"https:\/\/tuzlainfo.ba\/index.php\/bosna-i-hercegovina\/item\/209641-fbih-odobrava-tuzlanskom-kantonu-230-hiljada-km-za-projekte-iz-nauke\/#primaryimage\"},\"thumbnailUrl\":\"https:\/\/tuzlainfo.ba\/wp-content\/uploads\/2023\/06\/jasna-durakovic.jpg\",\"datePublished\":\"2023-07-06T16:30:24+00:00\",\"dateModified\":\"2023-07-06T15:47:37+00:00\",\"breadcrumb\":{\"@id\":\"https:\/\/tuzlainfo.ba\/index.php\/bosna-i-hercegovina\/item\/209641-fbih-odobrava-tuzlanskom-kantonu-230-hiljada-km-za-projekte-iz-nauke\/#breadcrumb\"},\"inLanguage\":\"bs-BA\",\"potentialAction\":[{\"@type\":\"ReadAction\",\"target\":[\"https:\/\/tuzlainfo.ba\/index.php\/bosna-i-hercegovina\/item\/209641-fbih-odobrava-tuzlanskom-kantonu-230-hiljada-km-za-projekte-iz-nauke\/\"]}]},{\"@type\":\"ImageObject\",\"inLanguage\":\"bs-BA\",\"@id\":\"https:\/\/tuzlainfo.ba\/index.php\/bosna-i-hercegovina\/item\/209641-fbih-odobrava-tuzlanskom-kantonu-230-hiljada-km-za-projekte-iz-nauke\/#primaryimage\",\"url\":\"https:\/\/tuzlainfo.ba\/wp-content\/uploads\/2023\/06\/jasna-durakovic.jpg\",\"contentUrl\":\"https:\/\/tuzlainfo.ba\/wp-content\/uploads\/2023\/06\/jasna-durakovic.jpg\",\"width\":1600,\"height\":914},{\"@type\":\"BreadcrumbList\",\"@id\":\"https:\/\/tuzlainfo.ba\/index.php\/bosna-i-hercegovina\/item\/209641-fbih-odobrava-tuzlanskom-kantonu-230-hiljada-km-za-projekte-iz-nauke\/#breadcrumb\",\"itemListElement\":[{\"@type\":\"ListItem\",\"position\":1,\"name\":\"Home\",\"item\":\"https:\/\/tuzlainfo.ba\/\"},{\"@type\":\"ListItem\",\"position\":2,\"name\":\"FBiH odobrava Tuzlanskom kantonu 230 hiljada KM za projekte iz nauke\"}]},{\"@type\":\"WebSite\",\"@id\":\"https:\/\/tuzlainfo.ba\/#website\",\"url\":\"https:\/\/tuzlainfo.ba\/\",\"name\":\"TuzlaInfo.ba\",\"description\":\"Tuzla info, gradski informator - Tuzla na dlanu\",\"publisher\":{\"@id\":\"https:\/\/tuzlainfo.ba\/#organization\"},\"potentialAction\":[{\"@type\":\"SearchAction\",\"target\":{\"@type\":\"EntryPoint\",\"urlTemplate\":\"https:\/\/tuzlainfo.ba\/?s={search_term_string}\"},\"query-input\":{\"@type\":\"PropertyValueSpecification\",\"valueRequired\":true,\"valueName\":\"search_term_string\"}}],\"inLanguage\":\"bs-BA\"},{\"@type\":\"Organization\",\"@id\":\"https:\/\/tuzlainfo.ba\/#organization\",\"name\":\"TuzlaInfo.ba\",\"url\":\"https:\/\/tuzlainfo.ba\/\",\"logo\":{\"@type\":\"ImageObject\",\"inLanguage\":\"bs-BA\",\"@id\":\"https:\/\/tuzlainfo.ba\/#\/schema\/logo\/image\/\",\"url\":\"https:\/\/tuzlainfo.ba\/wp-content\/uploads\/2021\/03\/logo-ver-3-1.png\",\"contentUrl\":\"https:\/\/tuzlainfo.ba\/wp-content\/uploads\/2021\/03\/logo-ver-3-1.png\",\"width\":350,\"height\":95,\"caption\":\"TuzlaInfo.ba\"},\"image\":{\"@id\":\"https:\/\/tuzlainfo.ba\/#\/schema\/logo\/image\/\"},\"sameAs\":[\"https:\/\/www.facebook.com\/tuzlainfo.ba\/\"]},{\"@type\":\"Person\",\"@id\":\"https:\/\/tuzlainfo.ba\/#\/schema\/person\/46cad4c57790cbc50781edd14870825a\",\"name\":\"Tuzla Info\",\"image\":{\"@type\":\"ImageObject\",\"inLanguage\":\"bs-BA\",\"@id\":\"https:\/\/tuzlainfo.ba\/#\/schema\/person\/image\/\",\"url\":\"https:\/\/tuzlainfo.ba\/wp-content\/litespeed\/avatar\/b6c453a6c38e3654f2e4416c643fc25c.jpg?ver=1777051911\",\"contentUrl\":\"https:\/\/tuzlainfo.ba\/wp-content\/litespeed\/avatar\/b6c453a6c38e3654f2e4416c643fc25c.jpg?ver=1777051911\",\"caption\":\"Tuzla Info\"}}]}<\/script>\n<!-- \/ Yoast SEO plugin. -->","yoast_head_json":{"title":"FBiH odobrava Tuzlanskom kantonu 230 hiljada KM za projekte iz nauke - TuzlaInfo.ba","robots":{"index":"index","follow":"follow","max-snippet":"max-snippet:-1","max-image-preview":"max-image-preview:large","max-video-preview":"max-video-preview:-1"},"canonical":"https:\/\/tuzlainfo.ba\/index.php\/bosna-i-hercegovina\/item\/209641-fbih-odobrava-tuzlanskom-kantonu-230-hiljada-km-za-projekte-iz-nauke\/","og_locale":"bs_BA","og_type":"article","og_title":"FBiH odobrava Tuzlanskom kantonu 230 hiljada KM za projekte iz nauke - TuzlaInfo.ba","og_description":"Federalno ministarstvo obrazovanja i nauke potpisalo je i ove godine ugovore sa javnim visoko\u0161kolskim i&hellip;","og_url":"https:\/\/tuzlainfo.ba\/index.php\/bosna-i-hercegovina\/item\/209641-fbih-odobrava-tuzlanskom-kantonu-230-hiljada-km-za-projekte-iz-nauke\/","og_site_name":"TuzlaInfo.ba","article_publisher":"https:\/\/www.facebook.com\/tuzlainfo.ba\/","article_published_time":"2023-07-06T16:30:24+00:00","article_modified_time":"2023-07-06T15:47:37+00:00","og_image":[{"width":1600,"height":914,"url":"https:\/\/tuzlainfo.ba\/wp-content\/uploads\/2023\/06\/jasna-durakovic.jpg","type":"image\/jpeg"}],"author":"Tuzla Info","twitter_card":"summary_large_image","twitter_misc":{"Written by":"Tuzla Info","Est. reading time":"2 minute"},"schema":{"@context":"https:\/\/schema.org","@graph":[{"@type":"Article","@id":"https:\/\/tuzlainfo.ba\/index.php\/bosna-i-hercegovina\/item\/209641-fbih-odobrava-tuzlanskom-kantonu-230-hiljada-km-za-projekte-iz-nauke\/#article","isPartOf":{"@id":"https:\/\/tuzlainfo.ba\/index.php\/bosna-i-hercegovina\/item\/209641-fbih-odobrava-tuzlanskom-kantonu-230-hiljada-km-za-projekte-iz-nauke\/"},"author":{"name":"Tuzla Info","@id":"https:\/\/tuzlainfo.ba\/#\/schema\/person\/46cad4c57790cbc50781edd14870825a"},"headline":"FBiH odobrava Tuzlanskom kantonu 230 hiljada KM za projekte iz nauke","datePublished":"2023-07-06T16:30:24+00:00","dateModified":"2023-07-06T15:47:37+00:00","mainEntityOfPage":{"@id":"https:\/\/tuzlainfo.ba\/index.php\/bosna-i-hercegovina\/item\/209641-fbih-odobrava-tuzlanskom-kantonu-230-hiljada-km-za-projekte-iz-nauke\/"},"wordCount":481,"commentCount":0,"publisher":{"@id":"https:\/\/tuzlainfo.ba\/#organization"},"image":{"@id":"https:\/\/tuzlainfo.ba\/index.php\/bosna-i-hercegovina\/item\/209641-fbih-odobrava-tuzlanskom-kantonu-230-hiljada-km-za-projekte-iz-nauke\/#primaryimage"},"thumbnailUrl":"https:\/\/tuzlainfo.ba\/wp-content\/uploads\/2023\/06\/jasna-durakovic.jpg","keywords":["tuzlanski kanton","Vlada federacije"],"articleSection":["Bosna i Hercegovina"],"inLanguage":"bs-BA"},{"@type":"WebPage","@id":"https:\/\/tuzlainfo.ba\/index.php\/bosna-i-hercegovina\/item\/209641-fbih-odobrava-tuzlanskom-kantonu-230-hiljada-km-za-projekte-iz-nauke\/","url":"https:\/\/tuzlainfo.ba\/index.php\/bosna-i-hercegovina\/item\/209641-fbih-odobrava-tuzlanskom-kantonu-230-hiljada-km-za-projekte-iz-nauke\/","name":"FBiH odobrava Tuzlanskom kantonu 230 hiljada KM za projekte iz nauke - TuzlaInfo.ba","isPartOf":{"@id":"https:\/\/tuzlainfo.ba\/#website"},"primaryImageOfPage":{"@id":"https:\/\/tuzlainfo.ba\/index.php\/bosna-i-hercegovina\/item\/209641-fbih-odobrava-tuzlanskom-kantonu-230-hiljada-km-za-projekte-iz-nauke\/#primaryimage"},"image":{"@id":"https:\/\/tuzlainfo.ba\/index.php\/bosna-i-hercegovina\/item\/209641-fbih-odobrava-tuzlanskom-kantonu-230-hiljada-km-za-projekte-iz-nauke\/#primaryimage"},"thumbnailUrl":"https:\/\/tuzlainfo.ba\/wp-content\/uploads\/2023\/06\/jasna-durakovic.jpg","datePublished":"2023-07-06T16:30:24+00:00","dateModified":"2023-07-06T15:47:37+00:00","breadcrumb":{"@id":"https:\/\/tuzlainfo.ba\/index.php\/bosna-i-hercegovina\/item\/209641-fbih-odobrava-tuzlanskom-kantonu-230-hiljada-km-za-projekte-iz-nauke\/#breadcrumb"},"inLanguage":"bs-BA","potentialAction":[{"@type":"ReadAction","target":["https:\/\/tuzlainfo.ba\/index.php\/bosna-i-hercegovina\/item\/209641-fbih-odobrava-tuzlanskom-kantonu-230-hiljada-km-za-projekte-iz-nauke\/"]}]},{"@type":"ImageObject","inLanguage":"bs-BA","@id":"https:\/\/tuzlainfo.ba\/index.php\/bosna-i-hercegovina\/item\/209641-fbih-odobrava-tuzlanskom-kantonu-230-hiljada-km-za-projekte-iz-nauke\/#primaryimage","url":"https:\/\/tuzlainfo.ba\/wp-content\/uploads\/2023\/06\/jasna-durakovic.jpg","contentUrl":"https:\/\/tuzlainfo.ba\/wp-content\/uploads\/2023\/06\/jasna-durakovic.jpg","width":1600,"height":914},{"@type":"BreadcrumbList","@id":"https:\/\/tuzlainfo.ba\/index.php\/bosna-i-hercegovina\/item\/209641-fbih-odobrava-tuzlanskom-kantonu-230-hiljada-km-za-projekte-iz-nauke\/#breadcrumb","itemListElement":[{"@type":"ListItem","position":1,"name":"Home","item":"https:\/\/tuzlainfo.ba\/"},{"@type":"ListItem","position":2,"name":"FBiH odobrava Tuzlanskom kantonu 230 hiljada KM za projekte iz nauke"}]},{"@type":"WebSite","@id":"https:\/\/tuzlainfo.ba\/#website","url":"https:\/\/tuzlainfo.ba\/","name":"TuzlaInfo.ba","description":"Tuzla info, gradski informator - Tuzla na dlanu","publisher":{"@id":"https:\/\/tuzlainfo.ba\/#organization"},"potentialAction":[{"@type":"SearchAction","target":{"@type":"EntryPoint","urlTemplate":"https:\/\/tuzlainfo.ba\/?s={search_term_string}"},"query-input":{"@type":"PropertyValueSpecification","valueRequired":true,"valueName":"search_term_string"}}],"inLanguage":"bs-BA"},{"@type":"Organization","@id":"https:\/\/tuzlainfo.ba\/#organization","name":"TuzlaInfo.ba","url":"https:\/\/tuzlainfo.ba\/","logo":{"@type":"ImageObject","inLanguage":"bs-BA","@id":"https:\/\/tuzlainfo.ba\/#\/schema\/logo\/image\/","url":"https:\/\/tuzlainfo.ba\/wp-content\/uploads\/2021\/03\/logo-ver-3-1.png","contentUrl":"https:\/\/tuzlainfo.ba\/wp-content\/uploads\/2021\/03\/logo-ver-3-1.png","width":350,"height":95,"caption":"TuzlaInfo.ba"},"image":{"@id":"https:\/\/tuzlainfo.ba\/#\/schema\/logo\/image\/"},"sameAs":["https:\/\/www.facebook.com\/tuzlainfo.ba\/"]},{"@type":"Person","@id":"https:\/\/tuzlainfo.ba\/#\/schema\/person\/46cad4c57790cbc50781edd14870825a","name":"Tuzla Info","image":{"@type":"ImageObject","inLanguage":"bs-BA","@id":"https:\/\/tuzlainfo.ba\/#\/schema\/person\/image\/","url":"https:\/\/tuzlainfo.ba\/wp-content\/litespeed\/avatar\/b6c453a6c38e3654f2e4416c643fc25c.jpg?ver=1777051911","contentUrl":"https:\/\/tuzlainfo.ba\/wp-content\/litespeed\/avatar\/b6c453a6c38e3654f2e4416c643fc25c.jpg?ver=1777051911","caption":"Tuzla Info"}}]}},"_links":{"self":[{"href":"https:\/\/tuzlainfo.ba\/index.php\/wp-json\/wp\/v2\/posts\/209641"}],"collection":[{"href":"https:\/\/tuzlainfo.ba\/index.php\/wp-json\/wp\/v2\/posts"}],"about":[{"href":"https:\/\/tuzlainfo.ba\/index.php\/wp-json\/wp\/v2\/types\/post"}],"author":[{"embeddable":true,"href":"https:\/\/tuzlainfo.ba\/index.php\/wp-json\/wp\/v2\/users\/4"}],"replies":[{"embeddable":true,"href":"https:\/\/tuzlainfo.ba\/index.php\/wp-json\/wp\/v2\/comments?post=209641"}],"version-history":[{"count":0,"href":"https:\/\/tuzlainfo.ba\/index.php\/wp-json\/wp\/v2\/posts\/209641\/revisions"}],"wp:featuredmedia":[{"embeddable":true,"href":"https:\/\/tuzlainfo.ba\/index.php\/wp-json\/wp\/v2\/media\/207460"}],"wp:attachment":[{"href":"https:\/\/tuzlainfo.ba\/index.php\/wp-json\/wp\/v2\/media?parent=209641"}],"wp:term":[{"taxonomy":"category","embeddable":true,"href":"https:\/\/tuzlainfo.ba\/index.php\/wp-json\/wp\/v2\/categories?post=209641"},{"taxonomy":"post_tag","embeddable":true,"href":"https:\/\/tuzlainfo.ba\/index.php\/wp-json\/wp\/v2\/tags?post=209641"}],"curies":[{"name":"wp","href":"https:\/\/api.w.org\/{rel}","templated":true}]}}