{"id":209601,"date":"2023-07-06T10:23:53","date_gmt":"2023-07-06T08:23:53","guid":{"rendered":"https:\/\/tuzlainfo.ba\/?p=209601"},"modified":"2023-07-06T10:04:32","modified_gmt":"2023-07-06T08:04:32","slug":"u-tuzli-promovisana-knjiga-ubijeni-i-protjerani-dokument-o-promjeni-strukture-stanovnistva-bosanskog-podrinja","status":"publish","type":"post","link":"https:\/\/tuzlainfo.ba\/index.php\/novosti\/item\/209601-u-tuzli-promovisana-knjiga-ubijeni-i-protjerani-dokument-o-promjeni-strukture-stanovnistva-bosanskog-podrinja\/","title":{"rendered":"U Tuzli promovisana knjiga \u201eUbijeni i protjerani\u201c, dokument o promjeni strukture stanovni\u0161tva Bosanskog podrinja"},"content":{"rendered":"<p>Nakon promocije romana \u201cSpavaj obuven, sine\u201d autora Mirze Ba\u0161i\u0107a, manifestacija \u201cDani sje\u0107anja na genocid u Srebrenici\u201c koju realizuje BKC TK, sino\u0107 je nastavljena promocijom knjige \u201eUbijeni i protjerani\u201c, autora prof. dr. Seada Selimovi\u0107a.<\/p>\n<p>Promocija knjige, pred velikim brojem posjetitelja, realizovana je u saradnji sa Centrom za istra\u017eivanje moderne i savremene historije Tuzla i Arhivom Tuzlanskog kantona, a promotori su bili prof. dr. Izet \u0160aboti\u0107, prof. dr. Senaid Had\u017ei\u0107, mr. Jasmin Jaj\u010devi\u0107, dok je doga\u0111aj moderirao mr.sc. Omer Zuli\u0107.<\/p>\n<p>Knjiga &#8220;Ubijeni i protjerani\u2013promjene u etni\u010dkoj strukturi stanovni\u0161tva Bosanskog podrinja od 1991. do 2013. godine pod utjecajem rata protiv Bosne i Hercegovine&#8221; tematizira sudbinu Bosanskog podrinja od po\u010detka 1990-ih godina, prati promjene u etni\u010dkoj strukturi stanovni\u0161tva nastale kao rezultat agresije na me\u0111unarodno priznatu dr\u017eavu Bosnu i Hercegovinu i pokazuje \u0161ta se sve de\u0161avalo na tom prostoru nakon zavr\u0161etka rata do 2013. godine.<\/p>\n<p>Bosansko podrinje je tipi\u010dan primjer kako se ratom, agresijom, ubistvima, silovanjima , protjerivanjem i na kraju genocidom mo\u017ee promijeniti etni\u010dka struktura stanovni\u0161tva jednog podru\u010dja.<\/p>\n<p>-Iz knjige je jasno vidljivo da je cilj velikosrpske politike politike bio eliminacija nesrpkog stanovni\u0161tva sa podru\u010dja Bosanskog Podrinja i ako kompariramo podatke popisa stanovni\u0161tva iz 1991 i 2013. godine, mo\u017eemo da vidimo da su ti ciljevi gotovo potpuno ostvareni. Sa tog prostora je protjerano \u00a0ili ubijeno vi\u0161e od 150.000 prije svega Bo\u0161njaka, \u0161to su ogromne promjene u etni\u010dkoj strukturi stanovni\u0161tva, a jedini grad koji je odbranjen na prostoru od Bijeljine do Fo\u010de je Gora\u017ede \u2013 istakao autor prof.dr. Sead Selimovi\u0107.<\/p>\n<div id=\"penci-post-gallery__72027\" class=\"penci-post-gallery-container masonry grid column-3\" data-height=\"150\" data-margin=\"3\"><div class=\"inner-gallery-masonry-container\"><div class=\"item-gallery-masonry grid\"><a class=\"\" href=\"https:\/\/tuzlainfo.ba\/wp-content\/uploads\/2023\/07\/0607_ubijeniiprotjerani-1.jpg\"><div class=\"inner-item-masonry-gallery\"><img decoding=\"async\" src=\"https:\/\/tuzlainfo.ba\/wp-content\/uploads\/2023\/07\/0607_ubijeniiprotjerani-1-585x390.jpg\" alt=\"\" title=\"0607_ubijeniiprotjerani (1)\"><\/div><\/a><\/div><div class=\"item-gallery-masonry grid\"><a class=\"\" href=\"https:\/\/tuzlainfo.ba\/wp-content\/uploads\/2023\/07\/0607_ubijeniiprotjerani-2.jpg\"><div class=\"inner-item-masonry-gallery\"><img decoding=\"async\" src=\"https:\/\/tuzlainfo.ba\/wp-content\/uploads\/2023\/07\/0607_ubijeniiprotjerani-2-585x390.jpg\" alt=\"\" title=\"0607_ubijeniiprotjerani (2)\"><\/div><\/a><\/div><div class=\"item-gallery-masonry grid\"><a class=\"\" href=\"https:\/\/tuzlainfo.ba\/wp-content\/uploads\/2023\/07\/0607_ubijeniiprotjerani-3.jpg\"><div class=\"inner-item-masonry-gallery\"><img decoding=\"async\" src=\"https:\/\/tuzlainfo.ba\/wp-content\/uploads\/2023\/07\/0607_ubijeniiprotjerani-3-585x390.jpg\" alt=\"\" title=\"0607_ubijeniiprotjerani (3)\"><\/div><\/a><\/div><div class=\"item-gallery-masonry grid\"><a class=\"\" href=\"https:\/\/tuzlainfo.ba\/wp-content\/uploads\/2023\/07\/0607_ubijeniiprotjerani-4.jpg\"><div class=\"inner-item-masonry-gallery\"><img decoding=\"async\" src=\"https:\/\/tuzlainfo.ba\/wp-content\/uploads\/2023\/07\/0607_ubijeniiprotjerani-4-585x390.jpg\" alt=\"\" title=\"0607_ubijeniiprotjerani (4)\"><\/div><\/a><\/div><div class=\"item-gallery-masonry grid\"><a class=\"\" href=\"https:\/\/tuzlainfo.ba\/wp-content\/uploads\/2023\/07\/0607_ubijeniiprotjerani-5.jpg\"><div class=\"inner-item-masonry-gallery\"><img decoding=\"async\" src=\"https:\/\/tuzlainfo.ba\/wp-content\/uploads\/2023\/07\/0607_ubijeniiprotjerani-5-585x390.jpg\" alt=\"\" title=\"0607_ubijeniiprotjerani (5)\"><\/div><\/a><\/div><div class=\"item-gallery-masonry grid\"><a class=\"\" href=\"https:\/\/tuzlainfo.ba\/wp-content\/uploads\/2023\/07\/0607_ubijeniiprotjerani-6.jpg\"><div class=\"inner-item-masonry-gallery\"><img decoding=\"async\" src=\"https:\/\/tuzlainfo.ba\/wp-content\/uploads\/2023\/07\/0607_ubijeniiprotjerani-6-585x390.jpg\" alt=\"\" title=\"0607_ubijeniiprotjerani (6)\"><\/div><\/a><\/div><\/div><\/div>\n<p>Na promociji je navedeno da cilj istra\u017eivanja, na osnovu kojeg je ova knjiga i nastala, bio historijska istina o etni\u010dkoj promjeni strukture\u00a0 stanovni\u0161tva koje je 1991. godine \u010dinilo 55 posto ukupne populacije na odre\u0111enom geografskom podru\u010dju. Knjiga je bazirana na mnogo historijskih izvora prvog reda.<\/p>\n<p>-Kori\u0161teni su svi popisi, sa podacima o svim naseljima Bosanskog podrinja, zatim dokumenti Ha\u0161kog tribunala koji su jako zna\u010dajni i kod nas nedovoljno kori\u0161teni, a konsultirano je i ono \u0161to su drugi autori radili u ovoj oblasti parcijalno za odre\u0111ene op\u0107ine, me\u0111u kojima su na profesionalan na\u010din tretirani i oni materijali koji ne idu u prilog tezama koje iznosim u ovoj knjizi \u2013 rekao je autor knjige.<\/p>\n<p>Knjigu je izdao Centar za istra\u017eivanje moderne i savremene historije Tuzla, koji je na ovom projektu radio nekoliko godina.<\/p>\n<p>-Autor je ulo\u017eio jako veliki trud kako bi ovom knjigom predstavio jedno va\u017eno historijsko i demografsko pitanje koje se ti\u010de Bosanskog podrinja u periodu od dvije decenije i obuhvata sve procese i doga\u0111aje koji su uticali na jedan demografski debalans koji je rezultat genocida i etni\u010dkog \u010di\u0161\u0107enja, te opstruiranja povratka. Autor je koristio validne historijske izvore i iznio zaista zna\u010dajne podatke, analize, stavove i teze koje su temeljene na kvalitetnom nau\u010dno-istra\u017eiva\u010dkom pristupu, a \u0161to ovom djelu daje posebnu vrijednost \u2013 istakao je prof. dr. Izet \u0160aboti\u0107 recezent knjige.<\/p>\n<p>Autor knjige prof. dr. Sead Selimovi\u0107 \u010dlan je Odbora za historijske nauke Akademije nauka i umjetnosti Bosne i Hercegovine i urednik \u010dasopisa Historijski pogledi. Radi u zvanju vanrednog profesora na Filozofskom fakultetu Univerziteta u Tuzli, a od 2015. godine je voditelj Odsjeka za historiju.<\/p>\n<p>Do kraja manifestacije \u201cDani sje\u0107anja na genocid u Srebrenici\u201c koja traje od 3. do 10. jula bit \u0107e odr\u017eana promocija knjige\u00a0\u201c<strong>Nastanak Republike Srpske: Od regionalizacije do strate\u0161kih ciljeva (1991-1992)\u201d<\/strong>, koautorsko djelo Muamera D\u017eananovi\u0107a, Hikmeta Kar\u010di\u0107a i Jasmina Medi\u0107a (8. juli u 19 sati u BKC TK u Tuzli), a manifestacija \u0107e zavr\u0161iti\u00a0<strong>\u201eMirnom \u0161etnjom 8372 za Srebrenicu\u201c<\/strong>,\u00a0koja ve\u0107 godinama tradicionalno kre\u0107e sa platoa ispred BKC TK, a okupljanje u\u010desnika je zakazano za\u00a010. juli 2023. godine u 18 sati.<\/p>\n<p>Bosanski kulturni centar Tuzlanskog kantona, zajedno sa partnerima sa kojima realizuje ovu manifestaciju za cilj ima dati svoj doprinos u kulturi sje\u0107anja na Genocid u Srebrenici, najve\u0107i zlo\u010din po\u010dinjen na tlu Evrope nakon Drugog svjetskog rata.<\/p>\n","protected":false},"excerpt":{"rendered":"<p>Nakon promocije romana \u201cSpavaj obuven, sine\u201d autora Mirze Ba\u0161i\u0107a, manifestacija \u201cDani sje\u0107anja na genocid u&hellip;<\/p>\n","protected":false},"author":2,"featured_media":209604,"comment_status":"open","ping_status":"closed","sticky":false,"template":"","format":"standard","meta":{"_acf_changed":false,"footnotes":""},"categories":[304,12],"tags":[524,7377,42],"acf":[],"yoast_head":"<!-- This site is optimized with the Yoast SEO plugin v23.5 - https:\/\/yoast.com\/wordpress\/plugins\/seo\/ -->\n<title>U Tuzli promovisana knjiga \u201eUbijeni i protjerani\u201c, dokument o promjeni strukture stanovni\u0161tva Bosanskog podrinja - TuzlaInfo.ba<\/title>\n<meta name=\"robots\" content=\"index, follow, max-snippet:-1, max-image-preview:large, max-video-preview:-1\" \/>\n<link rel=\"canonical\" href=\"https:\/\/tuzlainfo.ba\/index.php\/novosti\/item\/209601-u-tuzli-promovisana-knjiga-ubijeni-i-protjerani-dokument-o-promjeni-strukture-stanovnistva-bosanskog-podrinja\/\" \/>\n<meta property=\"og:locale\" content=\"bs_BA\" \/>\n<meta property=\"og:type\" content=\"article\" \/>\n<meta property=\"og:title\" content=\"U Tuzli promovisana knjiga \u201eUbijeni i protjerani\u201c, dokument o promjeni strukture stanovni\u0161tva Bosanskog podrinja - TuzlaInfo.ba\" \/>\n<meta property=\"og:description\" content=\"Nakon promocije romana \u201cSpavaj obuven, sine\u201d autora Mirze Ba\u0161i\u0107a, manifestacija \u201cDani sje\u0107anja na genocid u&hellip;\" \/>\n<meta property=\"og:url\" content=\"https:\/\/tuzlainfo.ba\/index.php\/novosti\/item\/209601-u-tuzli-promovisana-knjiga-ubijeni-i-protjerani-dokument-o-promjeni-strukture-stanovnistva-bosanskog-podrinja\/\" \/>\n<meta property=\"og:site_name\" content=\"TuzlaInfo.ba\" \/>\n<meta property=\"article:publisher\" content=\"https:\/\/www.facebook.com\/tuzlainfo.ba\/\" \/>\n<meta property=\"article:published_time\" content=\"2023-07-06T08:23:53+00:00\" \/>\n<meta property=\"article:modified_time\" content=\"2023-07-06T08:04:32+00:00\" \/>\n<meta property=\"og:image\" content=\"https:\/\/tuzlainfo.ba\/wp-content\/uploads\/2023\/07\/0607_ubijeniiprotjerani-3.jpg\" \/>\n\t<meta property=\"og:image:width\" content=\"1000\" \/>\n\t<meta property=\"og:image:height\" content=\"564\" \/>\n\t<meta property=\"og:image:type\" content=\"image\/jpeg\" \/>\n<meta name=\"author\" content=\"nedim\" \/>\n<meta name=\"twitter:card\" content=\"summary_large_image\" \/>\n<meta name=\"twitter:label1\" content=\"Written by\" \/>\n\t<meta name=\"twitter:data1\" content=\"nedim\" \/>\n\t<meta name=\"twitter:label2\" content=\"Est. reading time\" \/>\n\t<meta name=\"twitter:data2\" content=\"3 minute\" \/>\n<script type=\"application\/ld+json\" class=\"yoast-schema-graph\">{\"@context\":\"https:\/\/schema.org\",\"@graph\":[{\"@type\":\"Article\",\"@id\":\"https:\/\/tuzlainfo.ba\/index.php\/novosti\/item\/209601-u-tuzli-promovisana-knjiga-ubijeni-i-protjerani-dokument-o-promjeni-strukture-stanovnistva-bosanskog-podrinja\/#article\",\"isPartOf\":{\"@id\":\"https:\/\/tuzlainfo.ba\/index.php\/novosti\/item\/209601-u-tuzli-promovisana-knjiga-ubijeni-i-protjerani-dokument-o-promjeni-strukture-stanovnistva-bosanskog-podrinja\/\"},\"author\":{\"name\":\"nedim\",\"@id\":\"https:\/\/tuzlainfo.ba\/#\/schema\/person\/f434e20dc27ea133923aab08451b7f7f\"},\"headline\":\"U Tuzli promovisana knjiga \u201eUbijeni i protjerani\u201c, dokument o promjeni strukture stanovni\u0161tva Bosanskog podrinja\",\"datePublished\":\"2023-07-06T08:23:53+00:00\",\"dateModified\":\"2023-07-06T08:04:32+00:00\",\"mainEntityOfPage\":{\"@id\":\"https:\/\/tuzlainfo.ba\/index.php\/novosti\/item\/209601-u-tuzli-promovisana-knjiga-ubijeni-i-protjerani-dokument-o-promjeni-strukture-stanovnistva-bosanskog-podrinja\/\"},\"wordCount\":698,\"commentCount\":0,\"publisher\":{\"@id\":\"https:\/\/tuzlainfo.ba\/#organization\"},\"image\":{\"@id\":\"https:\/\/tuzlainfo.ba\/index.php\/novosti\/item\/209601-u-tuzli-promovisana-knjiga-ubijeni-i-protjerani-dokument-o-promjeni-strukture-stanovnistva-bosanskog-podrinja\/#primaryimage\"},\"thumbnailUrl\":\"https:\/\/tuzlainfo.ba\/wp-content\/uploads\/2023\/07\/0607_ubijeniiprotjerani-3.jpg\",\"keywords\":[\"bkc tk\",\"sead selimovi\u0107\",\"tuzla\"],\"articleSection\":[\"Istaknuto\",\"Novosti\"],\"inLanguage\":\"bs-BA\"},{\"@type\":\"WebPage\",\"@id\":\"https:\/\/tuzlainfo.ba\/index.php\/novosti\/item\/209601-u-tuzli-promovisana-knjiga-ubijeni-i-protjerani-dokument-o-promjeni-strukture-stanovnistva-bosanskog-podrinja\/\",\"url\":\"https:\/\/tuzlainfo.ba\/index.php\/novosti\/item\/209601-u-tuzli-promovisana-knjiga-ubijeni-i-protjerani-dokument-o-promjeni-strukture-stanovnistva-bosanskog-podrinja\/\",\"name\":\"U Tuzli promovisana knjiga \u201eUbijeni i protjerani\u201c, dokument o promjeni strukture stanovni\u0161tva Bosanskog podrinja - TuzlaInfo.ba\",\"isPartOf\":{\"@id\":\"https:\/\/tuzlainfo.ba\/#website\"},\"primaryImageOfPage\":{\"@id\":\"https:\/\/tuzlainfo.ba\/index.php\/novosti\/item\/209601-u-tuzli-promovisana-knjiga-ubijeni-i-protjerani-dokument-o-promjeni-strukture-stanovnistva-bosanskog-podrinja\/#primaryimage\"},\"image\":{\"@id\":\"https:\/\/tuzlainfo.ba\/index.php\/novosti\/item\/209601-u-tuzli-promovisana-knjiga-ubijeni-i-protjerani-dokument-o-promjeni-strukture-stanovnistva-bosanskog-podrinja\/#primaryimage\"},\"thumbnailUrl\":\"https:\/\/tuzlainfo.ba\/wp-content\/uploads\/2023\/07\/0607_ubijeniiprotjerani-3.jpg\",\"datePublished\":\"2023-07-06T08:23:53+00:00\",\"dateModified\":\"2023-07-06T08:04:32+00:00\",\"breadcrumb\":{\"@id\":\"https:\/\/tuzlainfo.ba\/index.php\/novosti\/item\/209601-u-tuzli-promovisana-knjiga-ubijeni-i-protjerani-dokument-o-promjeni-strukture-stanovnistva-bosanskog-podrinja\/#breadcrumb\"},\"inLanguage\":\"bs-BA\",\"potentialAction\":[{\"@type\":\"ReadAction\",\"target\":[\"https:\/\/tuzlainfo.ba\/index.php\/novosti\/item\/209601-u-tuzli-promovisana-knjiga-ubijeni-i-protjerani-dokument-o-promjeni-strukture-stanovnistva-bosanskog-podrinja\/\"]}]},{\"@type\":\"ImageObject\",\"inLanguage\":\"bs-BA\",\"@id\":\"https:\/\/tuzlainfo.ba\/index.php\/novosti\/item\/209601-u-tuzli-promovisana-knjiga-ubijeni-i-protjerani-dokument-o-promjeni-strukture-stanovnistva-bosanskog-podrinja\/#primaryimage\",\"url\":\"https:\/\/tuzlainfo.ba\/wp-content\/uploads\/2023\/07\/0607_ubijeniiprotjerani-3.jpg\",\"contentUrl\":\"https:\/\/tuzlainfo.ba\/wp-content\/uploads\/2023\/07\/0607_ubijeniiprotjerani-3.jpg\",\"width\":1000,\"height\":564},{\"@type\":\"BreadcrumbList\",\"@id\":\"https:\/\/tuzlainfo.ba\/index.php\/novosti\/item\/209601-u-tuzli-promovisana-knjiga-ubijeni-i-protjerani-dokument-o-promjeni-strukture-stanovnistva-bosanskog-podrinja\/#breadcrumb\",\"itemListElement\":[{\"@type\":\"ListItem\",\"position\":1,\"name\":\"Home\",\"item\":\"https:\/\/tuzlainfo.ba\/\"},{\"@type\":\"ListItem\",\"position\":2,\"name\":\"U Tuzli promovisana knjiga \u201eUbijeni i protjerani\u201c, dokument o promjeni strukture stanovni\u0161tva Bosanskog podrinja\"}]},{\"@type\":\"WebSite\",\"@id\":\"https:\/\/tuzlainfo.ba\/#website\",\"url\":\"https:\/\/tuzlainfo.ba\/\",\"name\":\"TuzlaInfo.ba\",\"description\":\"Tuzla info, gradski informator - Tuzla na dlanu\",\"publisher\":{\"@id\":\"https:\/\/tuzlainfo.ba\/#organization\"},\"potentialAction\":[{\"@type\":\"SearchAction\",\"target\":{\"@type\":\"EntryPoint\",\"urlTemplate\":\"https:\/\/tuzlainfo.ba\/?s={search_term_string}\"},\"query-input\":{\"@type\":\"PropertyValueSpecification\",\"valueRequired\":true,\"valueName\":\"search_term_string\"}}],\"inLanguage\":\"bs-BA\"},{\"@type\":\"Organization\",\"@id\":\"https:\/\/tuzlainfo.ba\/#organization\",\"name\":\"TuzlaInfo.ba\",\"url\":\"https:\/\/tuzlainfo.ba\/\",\"logo\":{\"@type\":\"ImageObject\",\"inLanguage\":\"bs-BA\",\"@id\":\"https:\/\/tuzlainfo.ba\/#\/schema\/logo\/image\/\",\"url\":\"https:\/\/tuzlainfo.ba\/wp-content\/uploads\/2021\/03\/logo-ver-3-1.png\",\"contentUrl\":\"https:\/\/tuzlainfo.ba\/wp-content\/uploads\/2021\/03\/logo-ver-3-1.png\",\"width\":350,\"height\":95,\"caption\":\"TuzlaInfo.ba\"},\"image\":{\"@id\":\"https:\/\/tuzlainfo.ba\/#\/schema\/logo\/image\/\"},\"sameAs\":[\"https:\/\/www.facebook.com\/tuzlainfo.ba\/\"]},{\"@type\":\"Person\",\"@id\":\"https:\/\/tuzlainfo.ba\/#\/schema\/person\/f434e20dc27ea133923aab08451b7f7f\",\"name\":\"nedim\",\"image\":{\"@type\":\"ImageObject\",\"inLanguage\":\"bs-BA\",\"@id\":\"https:\/\/tuzlainfo.ba\/#\/schema\/person\/image\/\",\"url\":\"https:\/\/tuzlainfo.ba\/wp-content\/litespeed\/avatar\/aabad687af24844af817603ac1cbdc4f.jpg?ver=1777306975\",\"contentUrl\":\"https:\/\/tuzlainfo.ba\/wp-content\/litespeed\/avatar\/aabad687af24844af817603ac1cbdc4f.jpg?ver=1777306975\",\"caption\":\"nedim\"},\"description\":\"Tuzlainfo.ba pratite na dru\u0161tvenim mre\u017eama: Facebook, Instagram i Youtube. Svoje pri\u010de, upite i fotografije \u0161aljite na na\u0161u e-mail adresu.\"}]}<\/script>\n<!-- \/ Yoast SEO plugin. -->","yoast_head_json":{"title":"U Tuzli promovisana knjiga \u201eUbijeni i protjerani\u201c, dokument o promjeni strukture stanovni\u0161tva Bosanskog podrinja - TuzlaInfo.ba","robots":{"index":"index","follow":"follow","max-snippet":"max-snippet:-1","max-image-preview":"max-image-preview:large","max-video-preview":"max-video-preview:-1"},"canonical":"https:\/\/tuzlainfo.ba\/index.php\/novosti\/item\/209601-u-tuzli-promovisana-knjiga-ubijeni-i-protjerani-dokument-o-promjeni-strukture-stanovnistva-bosanskog-podrinja\/","og_locale":"bs_BA","og_type":"article","og_title":"U Tuzli promovisana knjiga \u201eUbijeni i protjerani\u201c, dokument o promjeni strukture stanovni\u0161tva Bosanskog podrinja - TuzlaInfo.ba","og_description":"Nakon promocije romana \u201cSpavaj obuven, sine\u201d autora Mirze Ba\u0161i\u0107a, manifestacija \u201cDani sje\u0107anja na genocid u&hellip;","og_url":"https:\/\/tuzlainfo.ba\/index.php\/novosti\/item\/209601-u-tuzli-promovisana-knjiga-ubijeni-i-protjerani-dokument-o-promjeni-strukture-stanovnistva-bosanskog-podrinja\/","og_site_name":"TuzlaInfo.ba","article_publisher":"https:\/\/www.facebook.com\/tuzlainfo.ba\/","article_published_time":"2023-07-06T08:23:53+00:00","article_modified_time":"2023-07-06T08:04:32+00:00","og_image":[{"width":1000,"height":564,"url":"https:\/\/tuzlainfo.ba\/wp-content\/uploads\/2023\/07\/0607_ubijeniiprotjerani-3.jpg","type":"image\/jpeg"}],"author":"nedim","twitter_card":"summary_large_image","twitter_misc":{"Written by":"nedim","Est. reading time":"3 minute"},"schema":{"@context":"https:\/\/schema.org","@graph":[{"@type":"Article","@id":"https:\/\/tuzlainfo.ba\/index.php\/novosti\/item\/209601-u-tuzli-promovisana-knjiga-ubijeni-i-protjerani-dokument-o-promjeni-strukture-stanovnistva-bosanskog-podrinja\/#article","isPartOf":{"@id":"https:\/\/tuzlainfo.ba\/index.php\/novosti\/item\/209601-u-tuzli-promovisana-knjiga-ubijeni-i-protjerani-dokument-o-promjeni-strukture-stanovnistva-bosanskog-podrinja\/"},"author":{"name":"nedim","@id":"https:\/\/tuzlainfo.ba\/#\/schema\/person\/f434e20dc27ea133923aab08451b7f7f"},"headline":"U Tuzli promovisana knjiga \u201eUbijeni i protjerani\u201c, dokument o promjeni strukture stanovni\u0161tva Bosanskog podrinja","datePublished":"2023-07-06T08:23:53+00:00","dateModified":"2023-07-06T08:04:32+00:00","mainEntityOfPage":{"@id":"https:\/\/tuzlainfo.ba\/index.php\/novosti\/item\/209601-u-tuzli-promovisana-knjiga-ubijeni-i-protjerani-dokument-o-promjeni-strukture-stanovnistva-bosanskog-podrinja\/"},"wordCount":698,"commentCount":0,"publisher":{"@id":"https:\/\/tuzlainfo.ba\/#organization"},"image":{"@id":"https:\/\/tuzlainfo.ba\/index.php\/novosti\/item\/209601-u-tuzli-promovisana-knjiga-ubijeni-i-protjerani-dokument-o-promjeni-strukture-stanovnistva-bosanskog-podrinja\/#primaryimage"},"thumbnailUrl":"https:\/\/tuzlainfo.ba\/wp-content\/uploads\/2023\/07\/0607_ubijeniiprotjerani-3.jpg","keywords":["bkc tk","sead selimovi\u0107","tuzla"],"articleSection":["Istaknuto","Novosti"],"inLanguage":"bs-BA"},{"@type":"WebPage","@id":"https:\/\/tuzlainfo.ba\/index.php\/novosti\/item\/209601-u-tuzli-promovisana-knjiga-ubijeni-i-protjerani-dokument-o-promjeni-strukture-stanovnistva-bosanskog-podrinja\/","url":"https:\/\/tuzlainfo.ba\/index.php\/novosti\/item\/209601-u-tuzli-promovisana-knjiga-ubijeni-i-protjerani-dokument-o-promjeni-strukture-stanovnistva-bosanskog-podrinja\/","name":"U Tuzli promovisana knjiga \u201eUbijeni i protjerani\u201c, dokument o promjeni strukture stanovni\u0161tva Bosanskog podrinja - TuzlaInfo.ba","isPartOf":{"@id":"https:\/\/tuzlainfo.ba\/#website"},"primaryImageOfPage":{"@id":"https:\/\/tuzlainfo.ba\/index.php\/novosti\/item\/209601-u-tuzli-promovisana-knjiga-ubijeni-i-protjerani-dokument-o-promjeni-strukture-stanovnistva-bosanskog-podrinja\/#primaryimage"},"image":{"@id":"https:\/\/tuzlainfo.ba\/index.php\/novosti\/item\/209601-u-tuzli-promovisana-knjiga-ubijeni-i-protjerani-dokument-o-promjeni-strukture-stanovnistva-bosanskog-podrinja\/#primaryimage"},"thumbnailUrl":"https:\/\/tuzlainfo.ba\/wp-content\/uploads\/2023\/07\/0607_ubijeniiprotjerani-3.jpg","datePublished":"2023-07-06T08:23:53+00:00","dateModified":"2023-07-06T08:04:32+00:00","breadcrumb":{"@id":"https:\/\/tuzlainfo.ba\/index.php\/novosti\/item\/209601-u-tuzli-promovisana-knjiga-ubijeni-i-protjerani-dokument-o-promjeni-strukture-stanovnistva-bosanskog-podrinja\/#breadcrumb"},"inLanguage":"bs-BA","potentialAction":[{"@type":"ReadAction","target":["https:\/\/tuzlainfo.ba\/index.php\/novosti\/item\/209601-u-tuzli-promovisana-knjiga-ubijeni-i-protjerani-dokument-o-promjeni-strukture-stanovnistva-bosanskog-podrinja\/"]}]},{"@type":"ImageObject","inLanguage":"bs-BA","@id":"https:\/\/tuzlainfo.ba\/index.php\/novosti\/item\/209601-u-tuzli-promovisana-knjiga-ubijeni-i-protjerani-dokument-o-promjeni-strukture-stanovnistva-bosanskog-podrinja\/#primaryimage","url":"https:\/\/tuzlainfo.ba\/wp-content\/uploads\/2023\/07\/0607_ubijeniiprotjerani-3.jpg","contentUrl":"https:\/\/tuzlainfo.ba\/wp-content\/uploads\/2023\/07\/0607_ubijeniiprotjerani-3.jpg","width":1000,"height":564},{"@type":"BreadcrumbList","@id":"https:\/\/tuzlainfo.ba\/index.php\/novosti\/item\/209601-u-tuzli-promovisana-knjiga-ubijeni-i-protjerani-dokument-o-promjeni-strukture-stanovnistva-bosanskog-podrinja\/#breadcrumb","itemListElement":[{"@type":"ListItem","position":1,"name":"Home","item":"https:\/\/tuzlainfo.ba\/"},{"@type":"ListItem","position":2,"name":"U Tuzli promovisana knjiga \u201eUbijeni i protjerani\u201c, dokument o promjeni strukture stanovni\u0161tva Bosanskog podrinja"}]},{"@type":"WebSite","@id":"https:\/\/tuzlainfo.ba\/#website","url":"https:\/\/tuzlainfo.ba\/","name":"TuzlaInfo.ba","description":"Tuzla info, gradski informator - Tuzla na dlanu","publisher":{"@id":"https:\/\/tuzlainfo.ba\/#organization"},"potentialAction":[{"@type":"SearchAction","target":{"@type":"EntryPoint","urlTemplate":"https:\/\/tuzlainfo.ba\/?s={search_term_string}"},"query-input":{"@type":"PropertyValueSpecification","valueRequired":true,"valueName":"search_term_string"}}],"inLanguage":"bs-BA"},{"@type":"Organization","@id":"https:\/\/tuzlainfo.ba\/#organization","name":"TuzlaInfo.ba","url":"https:\/\/tuzlainfo.ba\/","logo":{"@type":"ImageObject","inLanguage":"bs-BA","@id":"https:\/\/tuzlainfo.ba\/#\/schema\/logo\/image\/","url":"https:\/\/tuzlainfo.ba\/wp-content\/uploads\/2021\/03\/logo-ver-3-1.png","contentUrl":"https:\/\/tuzlainfo.ba\/wp-content\/uploads\/2021\/03\/logo-ver-3-1.png","width":350,"height":95,"caption":"TuzlaInfo.ba"},"image":{"@id":"https:\/\/tuzlainfo.ba\/#\/schema\/logo\/image\/"},"sameAs":["https:\/\/www.facebook.com\/tuzlainfo.ba\/"]},{"@type":"Person","@id":"https:\/\/tuzlainfo.ba\/#\/schema\/person\/f434e20dc27ea133923aab08451b7f7f","name":"nedim","image":{"@type":"ImageObject","inLanguage":"bs-BA","@id":"https:\/\/tuzlainfo.ba\/#\/schema\/person\/image\/","url":"https:\/\/tuzlainfo.ba\/wp-content\/litespeed\/avatar\/aabad687af24844af817603ac1cbdc4f.jpg?ver=1777306975","contentUrl":"https:\/\/tuzlainfo.ba\/wp-content\/litespeed\/avatar\/aabad687af24844af817603ac1cbdc4f.jpg?ver=1777306975","caption":"nedim"},"description":"Tuzlainfo.ba pratite na dru\u0161tvenim mre\u017eama: Facebook, Instagram i Youtube. Svoje pri\u010de, upite i fotografije \u0161aljite na na\u0161u e-mail adresu."}]}},"_links":{"self":[{"href":"https:\/\/tuzlainfo.ba\/index.php\/wp-json\/wp\/v2\/posts\/209601"}],"collection":[{"href":"https:\/\/tuzlainfo.ba\/index.php\/wp-json\/wp\/v2\/posts"}],"about":[{"href":"https:\/\/tuzlainfo.ba\/index.php\/wp-json\/wp\/v2\/types\/post"}],"author":[{"embeddable":true,"href":"https:\/\/tuzlainfo.ba\/index.php\/wp-json\/wp\/v2\/users\/2"}],"replies":[{"embeddable":true,"href":"https:\/\/tuzlainfo.ba\/index.php\/wp-json\/wp\/v2\/comments?post=209601"}],"version-history":[{"count":0,"href":"https:\/\/tuzlainfo.ba\/index.php\/wp-json\/wp\/v2\/posts\/209601\/revisions"}],"wp:featuredmedia":[{"embeddable":true,"href":"https:\/\/tuzlainfo.ba\/index.php\/wp-json\/wp\/v2\/media\/209604"}],"wp:attachment":[{"href":"https:\/\/tuzlainfo.ba\/index.php\/wp-json\/wp\/v2\/media?parent=209601"}],"wp:term":[{"taxonomy":"category","embeddable":true,"href":"https:\/\/tuzlainfo.ba\/index.php\/wp-json\/wp\/v2\/categories?post=209601"},{"taxonomy":"post_tag","embeddable":true,"href":"https:\/\/tuzlainfo.ba\/index.php\/wp-json\/wp\/v2\/tags?post=209601"}],"curies":[{"name":"wp","href":"https:\/\/api.w.org\/{rel}","templated":true}]}}