{"id":209597,"date":"2023-07-06T08:28:03","date_gmt":"2023-07-06T06:28:03","guid":{"rendered":"https:\/\/tuzlainfo.ba\/?p=209597"},"modified":"2023-07-06T13:41:17","modified_gmt":"2023-07-06T11:41:17","slug":"vijece-ministara-odbilo-proglasiti-11-juli-za-dan-zalosti-u-bosni-i-hercegovini","status":"publish","type":"post","link":"https:\/\/tuzlainfo.ba\/index.php\/bosna-i-hercegovina\/item\/209597-vijece-ministara-odbilo-proglasiti-11-juli-za-dan-zalosti-u-bosni-i-hercegovini\/","title":{"rendered":"Vije\u0107e ministara odbilo proglasiti 11. juli za dan \u017ealosti u Bosni i Hercegovini"},"content":{"rendered":"<p>Vije\u0107e ministara Bosne i Hercegovine na ju\u010dera\u0161noj sjednici nije postiglo konsenzus za dono\u0161enje odluke o progla\u0161enju 11. jula danom \u017ealosti u Bosni i Hercegovini \u2013 pi\u0161e Klix.ba.<\/p>\n<p>Rije\u010d je o inicijativi koju je predlo\u017eio zamjenik predsjedavaju\u0107eg Vije\u0107a ministara BiH Zukan Helez. \u010cinjenica da 11. juli ne\u0107e biti dan \u017ealosti na teritoriji cijele BiH je sramotna i skandalozna.<\/p>\n<p>Mo\u017ee se pretpostaviti da su protiv toga bili ministri iz RS-a.<\/p>\n<p>Vlada Federacije Bosne i Hercegovine je na ju\u010dera\u0161njoj sjednici donijela Odluku kojom se 11. juli 2023. godine, dan sje\u0107anja na genocid u Srebrenici, progla\u0161ava Danom \u017ealosti u Federaciji BiH.<\/p>\n<p>Dan \u017ealosti se obilje\u017eava obaveznim isticanjem zastave Bosne i Hercegovine na pola koplja, odnosno jarbola, na zgradama Vlade Federacije BiH i institucija Federacije BiH.<\/p>\n<p>Na Dan \u017ealosti ne mogu se odr\u017eavati programi kulturno-zabavnog karaktera na javnim mjestima u Federaciji BiH. Medijske ku\u0107e na teritoriji Federacije BiH su du\u017ene uskladiti i prilagoditi svoje programske sadr\u017eaje Danu \u017ealosti.<\/p>\n<p>U obrazlo\u017eenju je istaknuto da je Odluka donesena radi izra\u017eavanja sau\u010de\u0161\u0107a i suosje\u0107anja s porodicama \u017ertava, te sje\u0107anja na genocid u Srebrenici.<\/p>\n","protected":false},"excerpt":{"rendered":"<p>Vije\u0107e ministara Bosne i Hercegovine na ju\u010dera\u0161noj sjednici nije postiglo konsenzus za dono\u0161enje odluke o&hellip;<\/p>\n","protected":false},"author":3,"featured_media":204365,"comment_status":"open","ping_status":"closed","sticky":false,"template":"","format":"standard","meta":{"_acf_changed":false,"footnotes":""},"categories":[291,306],"tags":[1823,1339,5661],"acf":[],"yoast_head":"<!-- This site is optimized with the Yoast SEO plugin v23.5 - https:\/\/yoast.com\/wordpress\/plugins\/seo\/ -->\n<title>Vije\u0107e ministara odbilo proglasiti 11. juli za dan \u017ealosti u Bosni i Hercegovini - TuzlaInfo.ba<\/title>\n<meta name=\"robots\" content=\"index, follow, max-snippet:-1, max-image-preview:large, max-video-preview:-1\" \/>\n<link rel=\"canonical\" href=\"https:\/\/tuzlainfo.ba\/index.php\/bosna-i-hercegovina\/item\/209597-vijece-ministara-odbilo-proglasiti-11-juli-za-dan-zalosti-u-bosni-i-hercegovini\/\" \/>\n<meta property=\"og:locale\" content=\"bs_BA\" \/>\n<meta property=\"og:type\" content=\"article\" \/>\n<meta property=\"og:title\" content=\"Vije\u0107e ministara odbilo proglasiti 11. juli za dan \u017ealosti u Bosni i Hercegovini - TuzlaInfo.ba\" \/>\n<meta property=\"og:description\" content=\"Vije\u0107e ministara Bosne i Hercegovine na ju\u010dera\u0161noj sjednici nije postiglo konsenzus za dono\u0161enje odluke o&hellip;\" \/>\n<meta property=\"og:url\" content=\"https:\/\/tuzlainfo.ba\/index.php\/bosna-i-hercegovina\/item\/209597-vijece-ministara-odbilo-proglasiti-11-juli-za-dan-zalosti-u-bosni-i-hercegovini\/\" \/>\n<meta property=\"og:site_name\" content=\"TuzlaInfo.ba\" \/>\n<meta property=\"article:publisher\" content=\"https:\/\/www.facebook.com\/tuzlainfo.ba\/\" \/>\n<meta property=\"article:published_time\" content=\"2023-07-06T06:28:03+00:00\" \/>\n<meta property=\"article:modified_time\" content=\"2023-07-06T11:41:17+00:00\" \/>\n<meta property=\"og:image\" content=\"https:\/\/tuzlainfo.ba\/wp-content\/uploads\/2023\/05\/1105_vijeceministara.jpg\" \/>\n\t<meta property=\"og:image:width\" content=\"800\" \/>\n\t<meta property=\"og:image:height\" content=\"467\" \/>\n\t<meta property=\"og:image:type\" content=\"image\/jpeg\" \/>\n<meta name=\"author\" content=\"admin2\" \/>\n<meta name=\"twitter:card\" content=\"summary_large_image\" \/>\n<meta name=\"twitter:label1\" content=\"Written by\" \/>\n\t<meta name=\"twitter:data1\" content=\"admin2\" \/>\n\t<meta name=\"twitter:label2\" content=\"Est. reading time\" \/>\n\t<meta name=\"twitter:data2\" content=\"1 minuta\" \/>\n<script type=\"application\/ld+json\" class=\"yoast-schema-graph\">{\"@context\":\"https:\/\/schema.org\",\"@graph\":[{\"@type\":\"Article\",\"@id\":\"https:\/\/tuzlainfo.ba\/index.php\/bosna-i-hercegovina\/item\/209597-vijece-ministara-odbilo-proglasiti-11-juli-za-dan-zalosti-u-bosni-i-hercegovini\/#article\",\"isPartOf\":{\"@id\":\"https:\/\/tuzlainfo.ba\/index.php\/bosna-i-hercegovina\/item\/209597-vijece-ministara-odbilo-proglasiti-11-juli-za-dan-zalosti-u-bosni-i-hercegovini\/\"},\"author\":{\"name\":\"admin2\",\"@id\":\"https:\/\/tuzlainfo.ba\/#\/schema\/person\/f4ebe4fff27e68efb65fa7e18f8af372\"},\"headline\":\"Vije\u0107e ministara odbilo proglasiti 11. juli za dan \u017ealosti u Bosni i Hercegovini\",\"datePublished\":\"2023-07-06T06:28:03+00:00\",\"dateModified\":\"2023-07-06T11:41:17+00:00\",\"mainEntityOfPage\":{\"@id\":\"https:\/\/tuzlainfo.ba\/index.php\/bosna-i-hercegovina\/item\/209597-vijece-ministara-odbilo-proglasiti-11-juli-za-dan-zalosti-u-bosni-i-hercegovini\/\"},\"wordCount\":210,\"commentCount\":0,\"publisher\":{\"@id\":\"https:\/\/tuzlainfo.ba\/#organization\"},\"image\":{\"@id\":\"https:\/\/tuzlainfo.ba\/index.php\/bosna-i-hercegovina\/item\/209597-vijece-ministara-odbilo-proglasiti-11-juli-za-dan-zalosti-u-bosni-i-hercegovini\/#primaryimage\"},\"thumbnailUrl\":\"https:\/\/tuzlainfo.ba\/wp-content\/uploads\/2023\/05\/1105_vijeceministara.jpg\",\"keywords\":[\"11. juli\",\"dan \u017ealosti\",\"vije\u0107e ministara BiH\"],\"articleSection\":[\"Bosna i Hercegovina\",\"Preporu\u010dujemo\"],\"inLanguage\":\"bs-BA\"},{\"@type\":\"WebPage\",\"@id\":\"https:\/\/tuzlainfo.ba\/index.php\/bosna-i-hercegovina\/item\/209597-vijece-ministara-odbilo-proglasiti-11-juli-za-dan-zalosti-u-bosni-i-hercegovini\/\",\"url\":\"https:\/\/tuzlainfo.ba\/index.php\/bosna-i-hercegovina\/item\/209597-vijece-ministara-odbilo-proglasiti-11-juli-za-dan-zalosti-u-bosni-i-hercegovini\/\",\"name\":\"Vije\u0107e ministara odbilo proglasiti 11. juli za dan \u017ealosti u Bosni i Hercegovini - TuzlaInfo.ba\",\"isPartOf\":{\"@id\":\"https:\/\/tuzlainfo.ba\/#website\"},\"primaryImageOfPage\":{\"@id\":\"https:\/\/tuzlainfo.ba\/index.php\/bosna-i-hercegovina\/item\/209597-vijece-ministara-odbilo-proglasiti-11-juli-za-dan-zalosti-u-bosni-i-hercegovini\/#primaryimage\"},\"image\":{\"@id\":\"https:\/\/tuzlainfo.ba\/index.php\/bosna-i-hercegovina\/item\/209597-vijece-ministara-odbilo-proglasiti-11-juli-za-dan-zalosti-u-bosni-i-hercegovini\/#primaryimage\"},\"thumbnailUrl\":\"https:\/\/tuzlainfo.ba\/wp-content\/uploads\/2023\/05\/1105_vijeceministara.jpg\",\"datePublished\":\"2023-07-06T06:28:03+00:00\",\"dateModified\":\"2023-07-06T11:41:17+00:00\",\"breadcrumb\":{\"@id\":\"https:\/\/tuzlainfo.ba\/index.php\/bosna-i-hercegovina\/item\/209597-vijece-ministara-odbilo-proglasiti-11-juli-za-dan-zalosti-u-bosni-i-hercegovini\/#breadcrumb\"},\"inLanguage\":\"bs-BA\",\"potentialAction\":[{\"@type\":\"ReadAction\",\"target\":[\"https:\/\/tuzlainfo.ba\/index.php\/bosna-i-hercegovina\/item\/209597-vijece-ministara-odbilo-proglasiti-11-juli-za-dan-zalosti-u-bosni-i-hercegovini\/\"]}]},{\"@type\":\"ImageObject\",\"inLanguage\":\"bs-BA\",\"@id\":\"https:\/\/tuzlainfo.ba\/index.php\/bosna-i-hercegovina\/item\/209597-vijece-ministara-odbilo-proglasiti-11-juli-za-dan-zalosti-u-bosni-i-hercegovini\/#primaryimage\",\"url\":\"https:\/\/tuzlainfo.ba\/wp-content\/uploads\/2023\/05\/1105_vijeceministara.jpg\",\"contentUrl\":\"https:\/\/tuzlainfo.ba\/wp-content\/uploads\/2023\/05\/1105_vijeceministara.jpg\",\"width\":800,\"height\":467},{\"@type\":\"BreadcrumbList\",\"@id\":\"https:\/\/tuzlainfo.ba\/index.php\/bosna-i-hercegovina\/item\/209597-vijece-ministara-odbilo-proglasiti-11-juli-za-dan-zalosti-u-bosni-i-hercegovini\/#breadcrumb\",\"itemListElement\":[{\"@type\":\"ListItem\",\"position\":1,\"name\":\"Home\",\"item\":\"https:\/\/tuzlainfo.ba\/\"},{\"@type\":\"ListItem\",\"position\":2,\"name\":\"Vije\u0107e ministara odbilo proglasiti 11. juli za dan \u017ealosti u Bosni i Hercegovini\"}]},{\"@type\":\"WebSite\",\"@id\":\"https:\/\/tuzlainfo.ba\/#website\",\"url\":\"https:\/\/tuzlainfo.ba\/\",\"name\":\"TuzlaInfo.ba\",\"description\":\"Tuzla info, gradski informator - Tuzla na dlanu\",\"publisher\":{\"@id\":\"https:\/\/tuzlainfo.ba\/#organization\"},\"potentialAction\":[{\"@type\":\"SearchAction\",\"target\":{\"@type\":\"EntryPoint\",\"urlTemplate\":\"https:\/\/tuzlainfo.ba\/?s={search_term_string}\"},\"query-input\":{\"@type\":\"PropertyValueSpecification\",\"valueRequired\":true,\"valueName\":\"search_term_string\"}}],\"inLanguage\":\"bs-BA\"},{\"@type\":\"Organization\",\"@id\":\"https:\/\/tuzlainfo.ba\/#organization\",\"name\":\"TuzlaInfo.ba\",\"url\":\"https:\/\/tuzlainfo.ba\/\",\"logo\":{\"@type\":\"ImageObject\",\"inLanguage\":\"bs-BA\",\"@id\":\"https:\/\/tuzlainfo.ba\/#\/schema\/logo\/image\/\",\"url\":\"https:\/\/tuzlainfo.ba\/wp-content\/uploads\/2021\/03\/logo-ver-3-1.png\",\"contentUrl\":\"https:\/\/tuzlainfo.ba\/wp-content\/uploads\/2021\/03\/logo-ver-3-1.png\",\"width\":350,\"height\":95,\"caption\":\"TuzlaInfo.ba\"},\"image\":{\"@id\":\"https:\/\/tuzlainfo.ba\/#\/schema\/logo\/image\/\"},\"sameAs\":[\"https:\/\/www.facebook.com\/tuzlainfo.ba\/\"]},{\"@type\":\"Person\",\"@id\":\"https:\/\/tuzlainfo.ba\/#\/schema\/person\/f4ebe4fff27e68efb65fa7e18f8af372\",\"name\":\"admin2\",\"image\":{\"@type\":\"ImageObject\",\"inLanguage\":\"bs-BA\",\"@id\":\"https:\/\/tuzlainfo.ba\/#\/schema\/person\/image\/\",\"url\":\"https:\/\/tuzlainfo.ba\/wp-content\/litespeed\/avatar\/8219eeb9a43cff2d096e773737736f62.jpg?ver=1776704580\",\"contentUrl\":\"https:\/\/tuzlainfo.ba\/wp-content\/litespeed\/avatar\/8219eeb9a43cff2d096e773737736f62.jpg?ver=1776704580\",\"caption\":\"admin2\"},\"description\":\"Tuzlainfo.ba pratite na dru\u0161tvenim mre\u017eama: Facebook, Instagram i Youtube. Svoje pri\u010de, upite i fotografije \u0161aljite na na\u0161u e-mail adresu.\",\"sameAs\":[\"admin\"]}]}<\/script>\n<!-- \/ Yoast SEO plugin. -->","yoast_head_json":{"title":"Vije\u0107e ministara odbilo proglasiti 11. juli za dan \u017ealosti u Bosni i Hercegovini - TuzlaInfo.ba","robots":{"index":"index","follow":"follow","max-snippet":"max-snippet:-1","max-image-preview":"max-image-preview:large","max-video-preview":"max-video-preview:-1"},"canonical":"https:\/\/tuzlainfo.ba\/index.php\/bosna-i-hercegovina\/item\/209597-vijece-ministara-odbilo-proglasiti-11-juli-za-dan-zalosti-u-bosni-i-hercegovini\/","og_locale":"bs_BA","og_type":"article","og_title":"Vije\u0107e ministara odbilo proglasiti 11. juli za dan \u017ealosti u Bosni i Hercegovini - TuzlaInfo.ba","og_description":"Vije\u0107e ministara Bosne i Hercegovine na ju\u010dera\u0161noj sjednici nije postiglo konsenzus za dono\u0161enje odluke o&hellip;","og_url":"https:\/\/tuzlainfo.ba\/index.php\/bosna-i-hercegovina\/item\/209597-vijece-ministara-odbilo-proglasiti-11-juli-za-dan-zalosti-u-bosni-i-hercegovini\/","og_site_name":"TuzlaInfo.ba","article_publisher":"https:\/\/www.facebook.com\/tuzlainfo.ba\/","article_published_time":"2023-07-06T06:28:03+00:00","article_modified_time":"2023-07-06T11:41:17+00:00","og_image":[{"width":800,"height":467,"url":"https:\/\/tuzlainfo.ba\/wp-content\/uploads\/2023\/05\/1105_vijeceministara.jpg","type":"image\/jpeg"}],"author":"admin2","twitter_card":"summary_large_image","twitter_misc":{"Written by":"admin2","Est. reading time":"1 minuta"},"schema":{"@context":"https:\/\/schema.org","@graph":[{"@type":"Article","@id":"https:\/\/tuzlainfo.ba\/index.php\/bosna-i-hercegovina\/item\/209597-vijece-ministara-odbilo-proglasiti-11-juli-za-dan-zalosti-u-bosni-i-hercegovini\/#article","isPartOf":{"@id":"https:\/\/tuzlainfo.ba\/index.php\/bosna-i-hercegovina\/item\/209597-vijece-ministara-odbilo-proglasiti-11-juli-za-dan-zalosti-u-bosni-i-hercegovini\/"},"author":{"name":"admin2","@id":"https:\/\/tuzlainfo.ba\/#\/schema\/person\/f4ebe4fff27e68efb65fa7e18f8af372"},"headline":"Vije\u0107e ministara odbilo proglasiti 11. juli za dan \u017ealosti u Bosni i Hercegovini","datePublished":"2023-07-06T06:28:03+00:00","dateModified":"2023-07-06T11:41:17+00:00","mainEntityOfPage":{"@id":"https:\/\/tuzlainfo.ba\/index.php\/bosna-i-hercegovina\/item\/209597-vijece-ministara-odbilo-proglasiti-11-juli-za-dan-zalosti-u-bosni-i-hercegovini\/"},"wordCount":210,"commentCount":0,"publisher":{"@id":"https:\/\/tuzlainfo.ba\/#organization"},"image":{"@id":"https:\/\/tuzlainfo.ba\/index.php\/bosna-i-hercegovina\/item\/209597-vijece-ministara-odbilo-proglasiti-11-juli-za-dan-zalosti-u-bosni-i-hercegovini\/#primaryimage"},"thumbnailUrl":"https:\/\/tuzlainfo.ba\/wp-content\/uploads\/2023\/05\/1105_vijeceministara.jpg","keywords":["11. juli","dan \u017ealosti","vije\u0107e ministara BiH"],"articleSection":["Bosna i Hercegovina","Preporu\u010dujemo"],"inLanguage":"bs-BA"},{"@type":"WebPage","@id":"https:\/\/tuzlainfo.ba\/index.php\/bosna-i-hercegovina\/item\/209597-vijece-ministara-odbilo-proglasiti-11-juli-za-dan-zalosti-u-bosni-i-hercegovini\/","url":"https:\/\/tuzlainfo.ba\/index.php\/bosna-i-hercegovina\/item\/209597-vijece-ministara-odbilo-proglasiti-11-juli-za-dan-zalosti-u-bosni-i-hercegovini\/","name":"Vije\u0107e ministara odbilo proglasiti 11. juli za dan \u017ealosti u Bosni i Hercegovini - TuzlaInfo.ba","isPartOf":{"@id":"https:\/\/tuzlainfo.ba\/#website"},"primaryImageOfPage":{"@id":"https:\/\/tuzlainfo.ba\/index.php\/bosna-i-hercegovina\/item\/209597-vijece-ministara-odbilo-proglasiti-11-juli-za-dan-zalosti-u-bosni-i-hercegovini\/#primaryimage"},"image":{"@id":"https:\/\/tuzlainfo.ba\/index.php\/bosna-i-hercegovina\/item\/209597-vijece-ministara-odbilo-proglasiti-11-juli-za-dan-zalosti-u-bosni-i-hercegovini\/#primaryimage"},"thumbnailUrl":"https:\/\/tuzlainfo.ba\/wp-content\/uploads\/2023\/05\/1105_vijeceministara.jpg","datePublished":"2023-07-06T06:28:03+00:00","dateModified":"2023-07-06T11:41:17+00:00","breadcrumb":{"@id":"https:\/\/tuzlainfo.ba\/index.php\/bosna-i-hercegovina\/item\/209597-vijece-ministara-odbilo-proglasiti-11-juli-za-dan-zalosti-u-bosni-i-hercegovini\/#breadcrumb"},"inLanguage":"bs-BA","potentialAction":[{"@type":"ReadAction","target":["https:\/\/tuzlainfo.ba\/index.php\/bosna-i-hercegovina\/item\/209597-vijece-ministara-odbilo-proglasiti-11-juli-za-dan-zalosti-u-bosni-i-hercegovini\/"]}]},{"@type":"ImageObject","inLanguage":"bs-BA","@id":"https:\/\/tuzlainfo.ba\/index.php\/bosna-i-hercegovina\/item\/209597-vijece-ministara-odbilo-proglasiti-11-juli-za-dan-zalosti-u-bosni-i-hercegovini\/#primaryimage","url":"https:\/\/tuzlainfo.ba\/wp-content\/uploads\/2023\/05\/1105_vijeceministara.jpg","contentUrl":"https:\/\/tuzlainfo.ba\/wp-content\/uploads\/2023\/05\/1105_vijeceministara.jpg","width":800,"height":467},{"@type":"BreadcrumbList","@id":"https:\/\/tuzlainfo.ba\/index.php\/bosna-i-hercegovina\/item\/209597-vijece-ministara-odbilo-proglasiti-11-juli-za-dan-zalosti-u-bosni-i-hercegovini\/#breadcrumb","itemListElement":[{"@type":"ListItem","position":1,"name":"Home","item":"https:\/\/tuzlainfo.ba\/"},{"@type":"ListItem","position":2,"name":"Vije\u0107e ministara odbilo proglasiti 11. juli za dan \u017ealosti u Bosni i Hercegovini"}]},{"@type":"WebSite","@id":"https:\/\/tuzlainfo.ba\/#website","url":"https:\/\/tuzlainfo.ba\/","name":"TuzlaInfo.ba","description":"Tuzla info, gradski informator - Tuzla na dlanu","publisher":{"@id":"https:\/\/tuzlainfo.ba\/#organization"},"potentialAction":[{"@type":"SearchAction","target":{"@type":"EntryPoint","urlTemplate":"https:\/\/tuzlainfo.ba\/?s={search_term_string}"},"query-input":{"@type":"PropertyValueSpecification","valueRequired":true,"valueName":"search_term_string"}}],"inLanguage":"bs-BA"},{"@type":"Organization","@id":"https:\/\/tuzlainfo.ba\/#organization","name":"TuzlaInfo.ba","url":"https:\/\/tuzlainfo.ba\/","logo":{"@type":"ImageObject","inLanguage":"bs-BA","@id":"https:\/\/tuzlainfo.ba\/#\/schema\/logo\/image\/","url":"https:\/\/tuzlainfo.ba\/wp-content\/uploads\/2021\/03\/logo-ver-3-1.png","contentUrl":"https:\/\/tuzlainfo.ba\/wp-content\/uploads\/2021\/03\/logo-ver-3-1.png","width":350,"height":95,"caption":"TuzlaInfo.ba"},"image":{"@id":"https:\/\/tuzlainfo.ba\/#\/schema\/logo\/image\/"},"sameAs":["https:\/\/www.facebook.com\/tuzlainfo.ba\/"]},{"@type":"Person","@id":"https:\/\/tuzlainfo.ba\/#\/schema\/person\/f4ebe4fff27e68efb65fa7e18f8af372","name":"admin2","image":{"@type":"ImageObject","inLanguage":"bs-BA","@id":"https:\/\/tuzlainfo.ba\/#\/schema\/person\/image\/","url":"https:\/\/tuzlainfo.ba\/wp-content\/litespeed\/avatar\/8219eeb9a43cff2d096e773737736f62.jpg?ver=1776704580","contentUrl":"https:\/\/tuzlainfo.ba\/wp-content\/litespeed\/avatar\/8219eeb9a43cff2d096e773737736f62.jpg?ver=1776704580","caption":"admin2"},"description":"Tuzlainfo.ba pratite na dru\u0161tvenim mre\u017eama: Facebook, Instagram i Youtube. Svoje pri\u010de, upite i fotografije \u0161aljite na na\u0161u e-mail adresu.","sameAs":["admin"]}]}},"_links":{"self":[{"href":"https:\/\/tuzlainfo.ba\/index.php\/wp-json\/wp\/v2\/posts\/209597"}],"collection":[{"href":"https:\/\/tuzlainfo.ba\/index.php\/wp-json\/wp\/v2\/posts"}],"about":[{"href":"https:\/\/tuzlainfo.ba\/index.php\/wp-json\/wp\/v2\/types\/post"}],"author":[{"embeddable":true,"href":"https:\/\/tuzlainfo.ba\/index.php\/wp-json\/wp\/v2\/users\/3"}],"replies":[{"embeddable":true,"href":"https:\/\/tuzlainfo.ba\/index.php\/wp-json\/wp\/v2\/comments?post=209597"}],"version-history":[{"count":0,"href":"https:\/\/tuzlainfo.ba\/index.php\/wp-json\/wp\/v2\/posts\/209597\/revisions"}],"wp:featuredmedia":[{"embeddable":true,"href":"https:\/\/tuzlainfo.ba\/index.php\/wp-json\/wp\/v2\/media\/204365"}],"wp:attachment":[{"href":"https:\/\/tuzlainfo.ba\/index.php\/wp-json\/wp\/v2\/media?parent=209597"}],"wp:term":[{"taxonomy":"category","embeddable":true,"href":"https:\/\/tuzlainfo.ba\/index.php\/wp-json\/wp\/v2\/categories?post=209597"},{"taxonomy":"post_tag","embeddable":true,"href":"https:\/\/tuzlainfo.ba\/index.php\/wp-json\/wp\/v2\/tags?post=209597"}],"curies":[{"name":"wp","href":"https:\/\/api.w.org\/{rel}","templated":true}]}}