{"id":209504,"date":"2023-07-05T08:31:01","date_gmt":"2023-07-05T06:31:01","guid":{"rendered":"https:\/\/tuzlainfo.ba\/?p=209504"},"modified":"2023-07-05T08:11:32","modified_gmt":"2023-07-05T06:11:32","slug":"azmir-husic-sloboda-je-sada-vlasnistvo-nekoliko-ljudi-nisam-im-bio-podoban","status":"publish","type":"post","link":"https:\/\/tuzlainfo.ba\/index.php\/novosti\/item\/209504-azmir-husic-sloboda-je-sada-vlasnistvo-nekoliko-ljudi-nisam-im-bio-podoban\/","title":{"rendered":"Azmir Husi\u0107: &#8220;Sloboda je sada vlasni\u0161tvo nekoliko ljudi, nisam im bio podoban&#8221;"},"content":{"rendered":"<p>Sino\u0107 je za novog predsjednika Slobode imenovan Senad Mujkanovi\u0107, a tako je propao poku\u0161aj Azmira Husi\u0107a da se vrati na \u010delo tuzlanskog kluba.<\/p>\n<p>O tome je Husi\u0107 govorio u izjavi za Klix.ba. Rekao je da su ljudi koji imaju ve\u0107inska upravlja\u010dka prava privatizovali Slobodu.<\/p>\n<p><em>\u201cNema tu \u0161ta, imaju ljudi koji imaju ve\u0107inska upravlja\u010dka prava, koji su privatizovali Slobodu i oni su ti koji odlu\u010duju. Sloboda vi\u0161e, moramo to svi znati, nije gradski klub, to je privatni klub i nije ono \u0161to je nekada bila. Sloboda je sada vlasni\u0161tvo nekoliko ljudi i kako oni odlu\u010duju, imaju apsolutno pravo odlu\u010diti koga \u0107e staviti na \u010delo. Ja im sigurno nisam bio podoban, na samom po\u010detku sam im rekao da ne \u017eelim da ljudi koji manje znaju o fudbalu od mene budu moji poslodavci. S tim smo i zavr\u0161ili pri\u010du, a ja im kao takav nisam bio podoban i tu je bio kraj\u201d \u2013<\/em><strong>rekao je Husi\u0107 za\u00a0<a href=\"https:\/\/www.klix.ba\/sport\/nogomet\/azmir-husic-zestoko-o-celnicima-slobode-to-je-sada-postao-privatni-klub-a-ja-im-nisam-bio-podoban\/230704187?utm_medium=Status&amp;utm_source=Facebook&amp;utm_content=230704187&amp;utm_campaign=Klix.ba%20Facebook%20status&amp;fbclid=IwAR3vxfWUrs9fe-E-h2nxHQBGg1oTyVICdtueiYk2KCUX-oVqOO8XjGWEKHk\" target=\"_blank\" rel=\"noreferrer noopener nofollow\">Klix\u00a0<\/a>pa nastavio<\/strong><em>:<\/em><\/p>\n<p><em>\u201cNemam \u0161ta biti ljut. Sino\u0107 sam kasno stigao iz Italije, a danas sam ve\u0107 u Makarskoj na moru, \u017eelim da se odmorim. Eto toliko sam ljut, sada u osam sati rekreativno igram tenis i to je to.\u201d<\/em><\/p>\n<p>Nakon toga je objasnio \u0161ta je on zapravo tra\u017eio od skup\u0161tine Slobode i kakav je bio njegov plan, odnosno s kojom idejom je \u017eelio da se klub vodi.<\/p>\n<p><em>\u201cNije ta\u010dno da sam ja tra\u017eio da imam pod kontrolom \u010ditav upravni odbor i skup\u0161tinu kluba, ba\u0161 suprotno, sada je trenutno takva situacija, a oni su mi nudili da budem dio toga. Ja sam rekao da Slobodu \u017eelim vratiti gra\u0111anima i svima onima koji vole Slobodu, \u010dak smo se dogovarali i kako \u0107e izgledati ta skup\u0161tina, u kojoj \u0107e se pla\u0107ati 100 KM mjese\u010dno i da taj broj bude od tri do beskona\u010dno. Time se dokazuje moja namjera, da u skup\u0161tini ne mo\u017ee sjediti niko ko ne mo\u017ee dati ne\u0161to za Slobodu. Onda smo odlu\u010dili da to bude simboli\u010dno 100 KM na mjese\u010dnom nivou i da takvih imamo beskona\u010dno ljudi. Ja bih bio najsretniji da imamo 10.000 takvih ljudi, a naravno da to nije mogu\u0107e\u201d \u2013<\/em><strong>ka\u017ee Husi\u0107 pa dodaje<\/strong><em>:<\/em><\/p>\n<p><em>\u201cJa sam rekao da na na\u010din na koji su oni sada napravili klub, ja ne \u017eelim da do\u0111e do privatizacije kluba. Nisam \u017eelio na taj na\u010din da oni budu poslodavci meni, da to ne dolazi u obzir kada sam ja u pitanju. Ja nisam htio biti to \u0161to su oni danas. To je ogromna razlika\u201d.<\/em><\/p>\n<p>Rekao je da, na kraju svega, Slobodi \u017eeli sve najbolje i da se nada kako \u0107e ih ve\u0107 naredne sezone gledati u Premijer ligi BiH.<\/p>\n<p><em>\u201cMi smo bili s predstavnicima navija\u010da, a rekli smo na koji na\u010din \u0107e oni biti \u010dlanovi. \u017deljeli smo da sedam ljudi preuzme trenutno klub, kako ne bi gubili na vremenu, a da u roku od tri mjeseca vratimo ovo stanje skup\u0161tine, koje je bilo prije ove garniture ljudi koji su privatizovali Slobodu. Ipak, neka im bude sretno, svima koji budu radili, ovo sada ni\u0161ta nije bitno, bitno je da se otko\u010dilo i bez obzira ko je na \u010delu kluba. Ovo je druga \u0161ansa za Senada Mujkanovi\u0107a, nadamo se da \u0107e u ovom drugom putu ne\u0161to pokazati. Gdje je grije\u0161io, sada mo\u017ee popraviti, sada ima iskustvo vi\u0161e i neka uspije vratiti Slobodu u Premijer ligu BiH, sve \u0107e mu biti opro\u0161teno \u0161to ranije nije znao\u201d \u2013<\/em><strong>smatra Husi\u0107<\/strong><em>.<\/em><\/p>\n<p>Za kraj je rekao da \u0107e nakon ovakve odluke imati vi\u0161e vremena za sebe i svoje privatne poslove, a interesantno je i da sada ka\u017ee da nikada nije ni oti\u0161ao iz Tuzla sitija,\u00a0iako je nedavno izjavio da vi\u0161e nema ni\u0161ta s tim klubom.<\/p>\n<p><em>\u201cJa nikada nisam ni oti\u0161ao iz Tuzla sitija, oni imaju svoj pravac i ja im poma\u017eem koliko god mogu. Oni \u0107e sigurno biti interesantni i ovu sezonu, ja svoj \u017eivot nastavljam svojim putem, ima\u0107u nekog dodatnog vremena i znam ne\u0107u imati potrebe da se bavim Slobodom. Sigurno \u0107u to vrijeme, koje sam planirao, iskoristiti za sebe privatno. Nikakvih promjena velikih ne\u0107e biti, a nadam se da je ovo dobra odluka i da \u0107e donijeti dobro Slobodi i da se se odmah vratiti u Premijer ligu BiH\u201d \u2013<\/em><strong>zavr\u0161io je Husi\u0107 razgovor<\/strong><em>.<\/em><\/p>\n","protected":false},"excerpt":{"rendered":"<p>Sino\u0107 je za novog predsjednika Slobode imenovan Senad Mujkanovi\u0107, a tako je propao poku\u0161aj Azmira&hellip;<\/p>\n","protected":false},"author":2,"featured_media":208578,"comment_status":"open","ping_status":"closed","sticky":false,"template":"","format":"standard","meta":{"_acf_changed":false,"footnotes":""},"categories":[304,12],"tags":[4807,466,915],"acf":[],"yoast_head":"<!-- This site is optimized with the Yoast SEO plugin v23.5 - https:\/\/yoast.com\/wordpress\/plugins\/seo\/ -->\n<title>Azmir Husi\u0107: &quot;Sloboda je sada vlasni\u0161tvo nekoliko ljudi, nisam im bio podoban&quot; - TuzlaInfo.ba<\/title>\n<meta name=\"robots\" content=\"index, follow, max-snippet:-1, max-image-preview:large, max-video-preview:-1\" \/>\n<link rel=\"canonical\" href=\"https:\/\/tuzlainfo.ba\/index.php\/novosti\/item\/209504-azmir-husic-sloboda-je-sada-vlasnistvo-nekoliko-ljudi-nisam-im-bio-podoban\/\" \/>\n<meta property=\"og:locale\" content=\"bs_BA\" \/>\n<meta property=\"og:type\" content=\"article\" \/>\n<meta property=\"og:title\" content=\"Azmir Husi\u0107: &quot;Sloboda je sada vlasni\u0161tvo nekoliko ljudi, nisam im bio podoban&quot; - TuzlaInfo.ba\" \/>\n<meta property=\"og:description\" content=\"Sino\u0107 je za novog predsjednika Slobode imenovan Senad Mujkanovi\u0107, a tako je propao poku\u0161aj Azmira&hellip;\" \/>\n<meta property=\"og:url\" content=\"https:\/\/tuzlainfo.ba\/index.php\/novosti\/item\/209504-azmir-husic-sloboda-je-sada-vlasnistvo-nekoliko-ljudi-nisam-im-bio-podoban\/\" \/>\n<meta property=\"og:site_name\" content=\"TuzlaInfo.ba\" \/>\n<meta property=\"article:publisher\" content=\"https:\/\/www.facebook.com\/tuzlainfo.ba\/\" \/>\n<meta property=\"article:published_time\" content=\"2023-07-05T06:31:01+00:00\" \/>\n<meta property=\"article:modified_time\" content=\"2023-07-05T06:11:32+00:00\" \/>\n<meta property=\"og:image\" content=\"https:\/\/tuzlainfo.ba\/wp-content\/uploads\/2023\/06\/2506_azmir_husic.jpg\" \/>\n\t<meta property=\"og:image:width\" content=\"1024\" \/>\n\t<meta property=\"og:image:height\" content=\"597\" \/>\n\t<meta property=\"og:image:type\" content=\"image\/jpeg\" \/>\n<meta name=\"author\" content=\"nedim\" \/>\n<meta name=\"twitter:card\" content=\"summary_large_image\" \/>\n<meta name=\"twitter:label1\" content=\"Written by\" \/>\n\t<meta name=\"twitter:data1\" content=\"nedim\" \/>\n\t<meta name=\"twitter:label2\" content=\"Est. reading time\" \/>\n\t<meta name=\"twitter:data2\" content=\"4 minute\" \/>\n<script type=\"application\/ld+json\" class=\"yoast-schema-graph\">{\"@context\":\"https:\/\/schema.org\",\"@graph\":[{\"@type\":\"Article\",\"@id\":\"https:\/\/tuzlainfo.ba\/index.php\/novosti\/item\/209504-azmir-husic-sloboda-je-sada-vlasnistvo-nekoliko-ljudi-nisam-im-bio-podoban\/#article\",\"isPartOf\":{\"@id\":\"https:\/\/tuzlainfo.ba\/index.php\/novosti\/item\/209504-azmir-husic-sloboda-je-sada-vlasnistvo-nekoliko-ljudi-nisam-im-bio-podoban\/\"},\"author\":{\"name\":\"nedim\",\"@id\":\"https:\/\/tuzlainfo.ba\/#\/schema\/person\/f434e20dc27ea133923aab08451b7f7f\"},\"headline\":\"Azmir Husi\u0107: &#8220;Sloboda je sada vlasni\u0161tvo nekoliko ljudi, nisam im bio podoban&#8221;\",\"datePublished\":\"2023-07-05T06:31:01+00:00\",\"dateModified\":\"2023-07-05T06:11:32+00:00\",\"mainEntityOfPage\":{\"@id\":\"https:\/\/tuzlainfo.ba\/index.php\/novosti\/item\/209504-azmir-husic-sloboda-je-sada-vlasnistvo-nekoliko-ljudi-nisam-im-bio-podoban\/\"},\"wordCount\":760,\"commentCount\":0,\"publisher\":{\"@id\":\"https:\/\/tuzlainfo.ba\/#organization\"},\"image\":{\"@id\":\"https:\/\/tuzlainfo.ba\/index.php\/novosti\/item\/209504-azmir-husic-sloboda-je-sada-vlasnistvo-nekoliko-ljudi-nisam-im-bio-podoban\/#primaryimage\"},\"thumbnailUrl\":\"https:\/\/tuzlainfo.ba\/wp-content\/uploads\/2023\/06\/2506_azmir_husic.jpg\",\"keywords\":[\"azmir husic\",\"fk sloboda\",\"sport\"],\"articleSection\":[\"Istaknuto\",\"Novosti\"],\"inLanguage\":\"bs-BA\"},{\"@type\":\"WebPage\",\"@id\":\"https:\/\/tuzlainfo.ba\/index.php\/novosti\/item\/209504-azmir-husic-sloboda-je-sada-vlasnistvo-nekoliko-ljudi-nisam-im-bio-podoban\/\",\"url\":\"https:\/\/tuzlainfo.ba\/index.php\/novosti\/item\/209504-azmir-husic-sloboda-je-sada-vlasnistvo-nekoliko-ljudi-nisam-im-bio-podoban\/\",\"name\":\"Azmir Husi\u0107: \\\"Sloboda je sada vlasni\u0161tvo nekoliko ljudi, nisam im bio podoban\\\" - TuzlaInfo.ba\",\"isPartOf\":{\"@id\":\"https:\/\/tuzlainfo.ba\/#website\"},\"primaryImageOfPage\":{\"@id\":\"https:\/\/tuzlainfo.ba\/index.php\/novosti\/item\/209504-azmir-husic-sloboda-je-sada-vlasnistvo-nekoliko-ljudi-nisam-im-bio-podoban\/#primaryimage\"},\"image\":{\"@id\":\"https:\/\/tuzlainfo.ba\/index.php\/novosti\/item\/209504-azmir-husic-sloboda-je-sada-vlasnistvo-nekoliko-ljudi-nisam-im-bio-podoban\/#primaryimage\"},\"thumbnailUrl\":\"https:\/\/tuzlainfo.ba\/wp-content\/uploads\/2023\/06\/2506_azmir_husic.jpg\",\"datePublished\":\"2023-07-05T06:31:01+00:00\",\"dateModified\":\"2023-07-05T06:11:32+00:00\",\"breadcrumb\":{\"@id\":\"https:\/\/tuzlainfo.ba\/index.php\/novosti\/item\/209504-azmir-husic-sloboda-je-sada-vlasnistvo-nekoliko-ljudi-nisam-im-bio-podoban\/#breadcrumb\"},\"inLanguage\":\"bs-BA\",\"potentialAction\":[{\"@type\":\"ReadAction\",\"target\":[\"https:\/\/tuzlainfo.ba\/index.php\/novosti\/item\/209504-azmir-husic-sloboda-je-sada-vlasnistvo-nekoliko-ljudi-nisam-im-bio-podoban\/\"]}]},{\"@type\":\"ImageObject\",\"inLanguage\":\"bs-BA\",\"@id\":\"https:\/\/tuzlainfo.ba\/index.php\/novosti\/item\/209504-azmir-husic-sloboda-je-sada-vlasnistvo-nekoliko-ljudi-nisam-im-bio-podoban\/#primaryimage\",\"url\":\"https:\/\/tuzlainfo.ba\/wp-content\/uploads\/2023\/06\/2506_azmir_husic.jpg\",\"contentUrl\":\"https:\/\/tuzlainfo.ba\/wp-content\/uploads\/2023\/06\/2506_azmir_husic.jpg\",\"width\":1024,\"height\":597},{\"@type\":\"BreadcrumbList\",\"@id\":\"https:\/\/tuzlainfo.ba\/index.php\/novosti\/item\/209504-azmir-husic-sloboda-je-sada-vlasnistvo-nekoliko-ljudi-nisam-im-bio-podoban\/#breadcrumb\",\"itemListElement\":[{\"@type\":\"ListItem\",\"position\":1,\"name\":\"Home\",\"item\":\"https:\/\/tuzlainfo.ba\/\"},{\"@type\":\"ListItem\",\"position\":2,\"name\":\"Azmir Husi\u0107: &#8220;Sloboda je sada vlasni\u0161tvo nekoliko ljudi, nisam im bio podoban&#8221;\"}]},{\"@type\":\"WebSite\",\"@id\":\"https:\/\/tuzlainfo.ba\/#website\",\"url\":\"https:\/\/tuzlainfo.ba\/\",\"name\":\"TuzlaInfo.ba\",\"description\":\"Tuzla info, gradski informator - Tuzla na dlanu\",\"publisher\":{\"@id\":\"https:\/\/tuzlainfo.ba\/#organization\"},\"potentialAction\":[{\"@type\":\"SearchAction\",\"target\":{\"@type\":\"EntryPoint\",\"urlTemplate\":\"https:\/\/tuzlainfo.ba\/?s={search_term_string}\"},\"query-input\":{\"@type\":\"PropertyValueSpecification\",\"valueRequired\":true,\"valueName\":\"search_term_string\"}}],\"inLanguage\":\"bs-BA\"},{\"@type\":\"Organization\",\"@id\":\"https:\/\/tuzlainfo.ba\/#organization\",\"name\":\"TuzlaInfo.ba\",\"url\":\"https:\/\/tuzlainfo.ba\/\",\"logo\":{\"@type\":\"ImageObject\",\"inLanguage\":\"bs-BA\",\"@id\":\"https:\/\/tuzlainfo.ba\/#\/schema\/logo\/image\/\",\"url\":\"https:\/\/tuzlainfo.ba\/wp-content\/uploads\/2021\/03\/logo-ver-3-1.png\",\"contentUrl\":\"https:\/\/tuzlainfo.ba\/wp-content\/uploads\/2021\/03\/logo-ver-3-1.png\",\"width\":350,\"height\":95,\"caption\":\"TuzlaInfo.ba\"},\"image\":{\"@id\":\"https:\/\/tuzlainfo.ba\/#\/schema\/logo\/image\/\"},\"sameAs\":[\"https:\/\/www.facebook.com\/tuzlainfo.ba\/\"]},{\"@type\":\"Person\",\"@id\":\"https:\/\/tuzlainfo.ba\/#\/schema\/person\/f434e20dc27ea133923aab08451b7f7f\",\"name\":\"nedim\",\"image\":{\"@type\":\"ImageObject\",\"inLanguage\":\"bs-BA\",\"@id\":\"https:\/\/tuzlainfo.ba\/#\/schema\/person\/image\/\",\"url\":\"https:\/\/tuzlainfo.ba\/wp-content\/litespeed\/avatar\/aabad687af24844af817603ac1cbdc4f.jpg?ver=1776702173\",\"contentUrl\":\"https:\/\/tuzlainfo.ba\/wp-content\/litespeed\/avatar\/aabad687af24844af817603ac1cbdc4f.jpg?ver=1776702173\",\"caption\":\"nedim\"},\"description\":\"Tuzlainfo.ba pratite na dru\u0161tvenim mre\u017eama: Facebook, Instagram i Youtube. Svoje pri\u010de, upite i fotografije \u0161aljite na na\u0161u e-mail adresu.\"}]}<\/script>\n<!-- \/ Yoast SEO plugin. -->","yoast_head_json":{"title":"Azmir Husi\u0107: \"Sloboda je sada vlasni\u0161tvo nekoliko ljudi, nisam im bio podoban\" - TuzlaInfo.ba","robots":{"index":"index","follow":"follow","max-snippet":"max-snippet:-1","max-image-preview":"max-image-preview:large","max-video-preview":"max-video-preview:-1"},"canonical":"https:\/\/tuzlainfo.ba\/index.php\/novosti\/item\/209504-azmir-husic-sloboda-je-sada-vlasnistvo-nekoliko-ljudi-nisam-im-bio-podoban\/","og_locale":"bs_BA","og_type":"article","og_title":"Azmir Husi\u0107: \"Sloboda je sada vlasni\u0161tvo nekoliko ljudi, nisam im bio podoban\" - TuzlaInfo.ba","og_description":"Sino\u0107 je za novog predsjednika Slobode imenovan Senad Mujkanovi\u0107, a tako je propao poku\u0161aj Azmira&hellip;","og_url":"https:\/\/tuzlainfo.ba\/index.php\/novosti\/item\/209504-azmir-husic-sloboda-je-sada-vlasnistvo-nekoliko-ljudi-nisam-im-bio-podoban\/","og_site_name":"TuzlaInfo.ba","article_publisher":"https:\/\/www.facebook.com\/tuzlainfo.ba\/","article_published_time":"2023-07-05T06:31:01+00:00","article_modified_time":"2023-07-05T06:11:32+00:00","og_image":[{"width":1024,"height":597,"url":"https:\/\/tuzlainfo.ba\/wp-content\/uploads\/2023\/06\/2506_azmir_husic.jpg","type":"image\/jpeg"}],"author":"nedim","twitter_card":"summary_large_image","twitter_misc":{"Written by":"nedim","Est. reading time":"4 minute"},"schema":{"@context":"https:\/\/schema.org","@graph":[{"@type":"Article","@id":"https:\/\/tuzlainfo.ba\/index.php\/novosti\/item\/209504-azmir-husic-sloboda-je-sada-vlasnistvo-nekoliko-ljudi-nisam-im-bio-podoban\/#article","isPartOf":{"@id":"https:\/\/tuzlainfo.ba\/index.php\/novosti\/item\/209504-azmir-husic-sloboda-je-sada-vlasnistvo-nekoliko-ljudi-nisam-im-bio-podoban\/"},"author":{"name":"nedim","@id":"https:\/\/tuzlainfo.ba\/#\/schema\/person\/f434e20dc27ea133923aab08451b7f7f"},"headline":"Azmir Husi\u0107: &#8220;Sloboda je sada vlasni\u0161tvo nekoliko ljudi, nisam im bio podoban&#8221;","datePublished":"2023-07-05T06:31:01+00:00","dateModified":"2023-07-05T06:11:32+00:00","mainEntityOfPage":{"@id":"https:\/\/tuzlainfo.ba\/index.php\/novosti\/item\/209504-azmir-husic-sloboda-je-sada-vlasnistvo-nekoliko-ljudi-nisam-im-bio-podoban\/"},"wordCount":760,"commentCount":0,"publisher":{"@id":"https:\/\/tuzlainfo.ba\/#organization"},"image":{"@id":"https:\/\/tuzlainfo.ba\/index.php\/novosti\/item\/209504-azmir-husic-sloboda-je-sada-vlasnistvo-nekoliko-ljudi-nisam-im-bio-podoban\/#primaryimage"},"thumbnailUrl":"https:\/\/tuzlainfo.ba\/wp-content\/uploads\/2023\/06\/2506_azmir_husic.jpg","keywords":["azmir husic","fk sloboda","sport"],"articleSection":["Istaknuto","Novosti"],"inLanguage":"bs-BA"},{"@type":"WebPage","@id":"https:\/\/tuzlainfo.ba\/index.php\/novosti\/item\/209504-azmir-husic-sloboda-je-sada-vlasnistvo-nekoliko-ljudi-nisam-im-bio-podoban\/","url":"https:\/\/tuzlainfo.ba\/index.php\/novosti\/item\/209504-azmir-husic-sloboda-je-sada-vlasnistvo-nekoliko-ljudi-nisam-im-bio-podoban\/","name":"Azmir Husi\u0107: \"Sloboda je sada vlasni\u0161tvo nekoliko ljudi, nisam im bio podoban\" - TuzlaInfo.ba","isPartOf":{"@id":"https:\/\/tuzlainfo.ba\/#website"},"primaryImageOfPage":{"@id":"https:\/\/tuzlainfo.ba\/index.php\/novosti\/item\/209504-azmir-husic-sloboda-je-sada-vlasnistvo-nekoliko-ljudi-nisam-im-bio-podoban\/#primaryimage"},"image":{"@id":"https:\/\/tuzlainfo.ba\/index.php\/novosti\/item\/209504-azmir-husic-sloboda-je-sada-vlasnistvo-nekoliko-ljudi-nisam-im-bio-podoban\/#primaryimage"},"thumbnailUrl":"https:\/\/tuzlainfo.ba\/wp-content\/uploads\/2023\/06\/2506_azmir_husic.jpg","datePublished":"2023-07-05T06:31:01+00:00","dateModified":"2023-07-05T06:11:32+00:00","breadcrumb":{"@id":"https:\/\/tuzlainfo.ba\/index.php\/novosti\/item\/209504-azmir-husic-sloboda-je-sada-vlasnistvo-nekoliko-ljudi-nisam-im-bio-podoban\/#breadcrumb"},"inLanguage":"bs-BA","potentialAction":[{"@type":"ReadAction","target":["https:\/\/tuzlainfo.ba\/index.php\/novosti\/item\/209504-azmir-husic-sloboda-je-sada-vlasnistvo-nekoliko-ljudi-nisam-im-bio-podoban\/"]}]},{"@type":"ImageObject","inLanguage":"bs-BA","@id":"https:\/\/tuzlainfo.ba\/index.php\/novosti\/item\/209504-azmir-husic-sloboda-je-sada-vlasnistvo-nekoliko-ljudi-nisam-im-bio-podoban\/#primaryimage","url":"https:\/\/tuzlainfo.ba\/wp-content\/uploads\/2023\/06\/2506_azmir_husic.jpg","contentUrl":"https:\/\/tuzlainfo.ba\/wp-content\/uploads\/2023\/06\/2506_azmir_husic.jpg","width":1024,"height":597},{"@type":"BreadcrumbList","@id":"https:\/\/tuzlainfo.ba\/index.php\/novosti\/item\/209504-azmir-husic-sloboda-je-sada-vlasnistvo-nekoliko-ljudi-nisam-im-bio-podoban\/#breadcrumb","itemListElement":[{"@type":"ListItem","position":1,"name":"Home","item":"https:\/\/tuzlainfo.ba\/"},{"@type":"ListItem","position":2,"name":"Azmir Husi\u0107: &#8220;Sloboda je sada vlasni\u0161tvo nekoliko ljudi, nisam im bio podoban&#8221;"}]},{"@type":"WebSite","@id":"https:\/\/tuzlainfo.ba\/#website","url":"https:\/\/tuzlainfo.ba\/","name":"TuzlaInfo.ba","description":"Tuzla info, gradski informator - Tuzla na dlanu","publisher":{"@id":"https:\/\/tuzlainfo.ba\/#organization"},"potentialAction":[{"@type":"SearchAction","target":{"@type":"EntryPoint","urlTemplate":"https:\/\/tuzlainfo.ba\/?s={search_term_string}"},"query-input":{"@type":"PropertyValueSpecification","valueRequired":true,"valueName":"search_term_string"}}],"inLanguage":"bs-BA"},{"@type":"Organization","@id":"https:\/\/tuzlainfo.ba\/#organization","name":"TuzlaInfo.ba","url":"https:\/\/tuzlainfo.ba\/","logo":{"@type":"ImageObject","inLanguage":"bs-BA","@id":"https:\/\/tuzlainfo.ba\/#\/schema\/logo\/image\/","url":"https:\/\/tuzlainfo.ba\/wp-content\/uploads\/2021\/03\/logo-ver-3-1.png","contentUrl":"https:\/\/tuzlainfo.ba\/wp-content\/uploads\/2021\/03\/logo-ver-3-1.png","width":350,"height":95,"caption":"TuzlaInfo.ba"},"image":{"@id":"https:\/\/tuzlainfo.ba\/#\/schema\/logo\/image\/"},"sameAs":["https:\/\/www.facebook.com\/tuzlainfo.ba\/"]},{"@type":"Person","@id":"https:\/\/tuzlainfo.ba\/#\/schema\/person\/f434e20dc27ea133923aab08451b7f7f","name":"nedim","image":{"@type":"ImageObject","inLanguage":"bs-BA","@id":"https:\/\/tuzlainfo.ba\/#\/schema\/person\/image\/","url":"https:\/\/tuzlainfo.ba\/wp-content\/litespeed\/avatar\/aabad687af24844af817603ac1cbdc4f.jpg?ver=1776702173","contentUrl":"https:\/\/tuzlainfo.ba\/wp-content\/litespeed\/avatar\/aabad687af24844af817603ac1cbdc4f.jpg?ver=1776702173","caption":"nedim"},"description":"Tuzlainfo.ba pratite na dru\u0161tvenim mre\u017eama: Facebook, Instagram i Youtube. Svoje pri\u010de, upite i fotografije \u0161aljite na na\u0161u e-mail adresu."}]}},"_links":{"self":[{"href":"https:\/\/tuzlainfo.ba\/index.php\/wp-json\/wp\/v2\/posts\/209504"}],"collection":[{"href":"https:\/\/tuzlainfo.ba\/index.php\/wp-json\/wp\/v2\/posts"}],"about":[{"href":"https:\/\/tuzlainfo.ba\/index.php\/wp-json\/wp\/v2\/types\/post"}],"author":[{"embeddable":true,"href":"https:\/\/tuzlainfo.ba\/index.php\/wp-json\/wp\/v2\/users\/2"}],"replies":[{"embeddable":true,"href":"https:\/\/tuzlainfo.ba\/index.php\/wp-json\/wp\/v2\/comments?post=209504"}],"version-history":[{"count":0,"href":"https:\/\/tuzlainfo.ba\/index.php\/wp-json\/wp\/v2\/posts\/209504\/revisions"}],"wp:featuredmedia":[{"embeddable":true,"href":"https:\/\/tuzlainfo.ba\/index.php\/wp-json\/wp\/v2\/media\/208578"}],"wp:attachment":[{"href":"https:\/\/tuzlainfo.ba\/index.php\/wp-json\/wp\/v2\/media?parent=209504"}],"wp:term":[{"taxonomy":"category","embeddable":true,"href":"https:\/\/tuzlainfo.ba\/index.php\/wp-json\/wp\/v2\/categories?post=209504"},{"taxonomy":"post_tag","embeddable":true,"href":"https:\/\/tuzlainfo.ba\/index.php\/wp-json\/wp\/v2\/tags?post=209504"}],"curies":[{"name":"wp","href":"https:\/\/api.w.org\/{rel}","templated":true}]}}