{"id":209466,"date":"2023-07-04T19:54:44","date_gmt":"2023-07-04T17:54:44","guid":{"rendered":"https:\/\/tuzlainfo.ba\/?p=209466"},"modified":"2023-07-04T20:11:12","modified_gmt":"2023-07-04T18:11:12","slug":"veliki-preokret-na-tusnju-senad-mujkanovic-izabran-za-predsjednika-fk-sloboda","status":"publish","type":"post","link":"https:\/\/tuzlainfo.ba\/index.php\/novosti\/item\/209466-veliki-preokret-na-tusnju-senad-mujkanovic-izabran-za-predsjednika-fk-sloboda\/","title":{"rendered":"Veliki preokret na Tu\u0161nju, Senad Mujkanovi\u0107 izabran za predsjednika FK Sloboda"},"content":{"rendered":"<p>Senad Mujkanovi\u0107 novi je predsjednik Fudbalskog kluba Sloboda, pi\u0161e Faktor.<\/p>\n<p>Mujkanovi\u0107 je za prvog \u010dovjeka Crveno-crnih izabran ve\u0107inom glasova delegata u Skup\u0161tini. Za njega \u0107e ovo biti drugi mandat na Tu\u0161nju.<\/p>\n<div class=\"post-content post-content-holder\">\n<p>Kako pi\u0161e ovaj portal sa njim \u0107e u Upravni odbor i Dejan Pavi\u0107, Goran Mili\u0107, Admir Mosorovi\u0107&#8230;<\/p>\n<p>Mujkanovi\u0107 je na predsjedni\u010dku poziciju stigao iz drugog plana. Dugo je kao jedini kandidat bio Azmir Husi\u0107, \u010dak je i potpisao memorandum o razumijevanju s klubom, ali ve\u010deras se dogodio veliki preokret.<\/p>\n<p>Promijenjen je i na\u010din funkcioniranja Skup\u0161tine kluba i ona \u0107e u budu\u0107nosti brojati 31 \u010dlana. U prethodnom sazivu najve\u0107eg klupskog organa sjedilo je osam ljudi koji su kupovinom upravlja\u010dkih prava imali ukupno 21 glas, pi\u0161e Faktor.<\/p>\n<\/div>\n","protected":false},"excerpt":{"rendered":"<p>Senad Mujkanovi\u0107 novi je predsjednik Fudbalskog kluba Sloboda, pi\u0161e Faktor. Mujkanovi\u0107 je za prvog \u010dovjeka&hellip;<\/p>\n","protected":false},"author":2,"featured_media":59034,"comment_status":"open","ping_status":"closed","sticky":false,"template":"","format":"standard","meta":{"_acf_changed":false,"footnotes":""},"categories":[304,12,306],"tags":[466,7363,915],"acf":[],"yoast_head":"<!-- This site is optimized with the Yoast SEO plugin v23.5 - https:\/\/yoast.com\/wordpress\/plugins\/seo\/ -->\n<title>Veliki preokret na Tu\u0161nju, Senad Mujkanovi\u0107 izabran za predsjednika FK Sloboda - TuzlaInfo.ba<\/title>\n<meta name=\"robots\" content=\"index, follow, max-snippet:-1, max-image-preview:large, max-video-preview:-1\" \/>\n<link rel=\"canonical\" href=\"https:\/\/tuzlainfo.ba\/index.php\/novosti\/item\/209466-veliki-preokret-na-tusnju-senad-mujkanovic-izabran-za-predsjednika-fk-sloboda\/\" \/>\n<meta property=\"og:locale\" content=\"bs_BA\" \/>\n<meta property=\"og:type\" content=\"article\" \/>\n<meta property=\"og:title\" content=\"Veliki preokret na Tu\u0161nju, Senad Mujkanovi\u0107 izabran za predsjednika FK Sloboda - TuzlaInfo.ba\" \/>\n<meta property=\"og:description\" content=\"Senad Mujkanovi\u0107 novi je predsjednik Fudbalskog kluba Sloboda, pi\u0161e Faktor. Mujkanovi\u0107 je za prvog \u010dovjeka&hellip;\" \/>\n<meta property=\"og:url\" content=\"https:\/\/tuzlainfo.ba\/index.php\/novosti\/item\/209466-veliki-preokret-na-tusnju-senad-mujkanovic-izabran-za-predsjednika-fk-sloboda\/\" \/>\n<meta property=\"og:site_name\" content=\"TuzlaInfo.ba\" \/>\n<meta property=\"article:publisher\" content=\"https:\/\/www.facebook.com\/tuzlainfo.ba\/\" \/>\n<meta property=\"article:published_time\" content=\"2023-07-04T17:54:44+00:00\" \/>\n<meta property=\"article:modified_time\" content=\"2023-07-04T18:11:12+00:00\" \/>\n<meta property=\"og:image\" content=\"https:\/\/tuzlainfo.ba\/wp-content\/uploads\/2017\/10\/sadrzaj_2016_201601-sloboda_sezona_2017-2018_01012107_mujkanovic.jpg\" \/>\n\t<meta property=\"og:image:width\" content=\"770\" \/>\n\t<meta property=\"og:image:height\" content=\"512\" \/>\n\t<meta property=\"og:image:type\" content=\"image\/jpeg\" \/>\n<meta name=\"author\" content=\"nedim\" \/>\n<meta name=\"twitter:card\" content=\"summary_large_image\" \/>\n<meta name=\"twitter:label1\" content=\"Written by\" \/>\n\t<meta name=\"twitter:data1\" content=\"nedim\" \/>\n\t<meta name=\"twitter:label2\" content=\"Est. reading time\" \/>\n\t<meta name=\"twitter:data2\" content=\"1 minuta\" \/>\n<script type=\"application\/ld+json\" class=\"yoast-schema-graph\">{\"@context\":\"https:\/\/schema.org\",\"@graph\":[{\"@type\":\"Article\",\"@id\":\"https:\/\/tuzlainfo.ba\/index.php\/novosti\/item\/209466-veliki-preokret-na-tusnju-senad-mujkanovic-izabran-za-predsjednika-fk-sloboda\/#article\",\"isPartOf\":{\"@id\":\"https:\/\/tuzlainfo.ba\/index.php\/novosti\/item\/209466-veliki-preokret-na-tusnju-senad-mujkanovic-izabran-za-predsjednika-fk-sloboda\/\"},\"author\":{\"name\":\"nedim\",\"@id\":\"https:\/\/tuzlainfo.ba\/#\/schema\/person\/f434e20dc27ea133923aab08451b7f7f\"},\"headline\":\"Veliki preokret na Tu\u0161nju, Senad Mujkanovi\u0107 izabran za predsjednika FK Sloboda\",\"datePublished\":\"2023-07-04T17:54:44+00:00\",\"dateModified\":\"2023-07-04T18:11:12+00:00\",\"mainEntityOfPage\":{\"@id\":\"https:\/\/tuzlainfo.ba\/index.php\/novosti\/item\/209466-veliki-preokret-na-tusnju-senad-mujkanovic-izabran-za-predsjednika-fk-sloboda\/\"},\"wordCount\":139,\"commentCount\":0,\"publisher\":{\"@id\":\"https:\/\/tuzlainfo.ba\/#organization\"},\"image\":{\"@id\":\"https:\/\/tuzlainfo.ba\/index.php\/novosti\/item\/209466-veliki-preokret-na-tusnju-senad-mujkanovic-izabran-za-predsjednika-fk-sloboda\/#primaryimage\"},\"thumbnailUrl\":\"https:\/\/tuzlainfo.ba\/wp-content\/uploads\/2017\/10\/sadrzaj_2016_201601-sloboda_sezona_2017-2018_01012107_mujkanovic.jpg\",\"keywords\":[\"fk sloboda\",\"senad mujkanovi\u0107\",\"sport\"],\"articleSection\":[\"Istaknuto\",\"Novosti\",\"Preporu\u010dujemo\"],\"inLanguage\":\"bs-BA\"},{\"@type\":\"WebPage\",\"@id\":\"https:\/\/tuzlainfo.ba\/index.php\/novosti\/item\/209466-veliki-preokret-na-tusnju-senad-mujkanovic-izabran-za-predsjednika-fk-sloboda\/\",\"url\":\"https:\/\/tuzlainfo.ba\/index.php\/novosti\/item\/209466-veliki-preokret-na-tusnju-senad-mujkanovic-izabran-za-predsjednika-fk-sloboda\/\",\"name\":\"Veliki preokret na Tu\u0161nju, Senad Mujkanovi\u0107 izabran za predsjednika FK Sloboda - TuzlaInfo.ba\",\"isPartOf\":{\"@id\":\"https:\/\/tuzlainfo.ba\/#website\"},\"primaryImageOfPage\":{\"@id\":\"https:\/\/tuzlainfo.ba\/index.php\/novosti\/item\/209466-veliki-preokret-na-tusnju-senad-mujkanovic-izabran-za-predsjednika-fk-sloboda\/#primaryimage\"},\"image\":{\"@id\":\"https:\/\/tuzlainfo.ba\/index.php\/novosti\/item\/209466-veliki-preokret-na-tusnju-senad-mujkanovic-izabran-za-predsjednika-fk-sloboda\/#primaryimage\"},\"thumbnailUrl\":\"https:\/\/tuzlainfo.ba\/wp-content\/uploads\/2017\/10\/sadrzaj_2016_201601-sloboda_sezona_2017-2018_01012107_mujkanovic.jpg\",\"datePublished\":\"2023-07-04T17:54:44+00:00\",\"dateModified\":\"2023-07-04T18:11:12+00:00\",\"breadcrumb\":{\"@id\":\"https:\/\/tuzlainfo.ba\/index.php\/novosti\/item\/209466-veliki-preokret-na-tusnju-senad-mujkanovic-izabran-za-predsjednika-fk-sloboda\/#breadcrumb\"},\"inLanguage\":\"bs-BA\",\"potentialAction\":[{\"@type\":\"ReadAction\",\"target\":[\"https:\/\/tuzlainfo.ba\/index.php\/novosti\/item\/209466-veliki-preokret-na-tusnju-senad-mujkanovic-izabran-za-predsjednika-fk-sloboda\/\"]}]},{\"@type\":\"ImageObject\",\"inLanguage\":\"bs-BA\",\"@id\":\"https:\/\/tuzlainfo.ba\/index.php\/novosti\/item\/209466-veliki-preokret-na-tusnju-senad-mujkanovic-izabran-za-predsjednika-fk-sloboda\/#primaryimage\",\"url\":\"https:\/\/tuzlainfo.ba\/wp-content\/uploads\/2017\/10\/sadrzaj_2016_201601-sloboda_sezona_2017-2018_01012107_mujkanovic.jpg\",\"contentUrl\":\"https:\/\/tuzlainfo.ba\/wp-content\/uploads\/2017\/10\/sadrzaj_2016_201601-sloboda_sezona_2017-2018_01012107_mujkanovic.jpg\",\"width\":770,\"height\":512,\"caption\":\"01012107 mujkanovic\"},{\"@type\":\"BreadcrumbList\",\"@id\":\"https:\/\/tuzlainfo.ba\/index.php\/novosti\/item\/209466-veliki-preokret-na-tusnju-senad-mujkanovic-izabran-za-predsjednika-fk-sloboda\/#breadcrumb\",\"itemListElement\":[{\"@type\":\"ListItem\",\"position\":1,\"name\":\"Home\",\"item\":\"https:\/\/tuzlainfo.ba\/\"},{\"@type\":\"ListItem\",\"position\":2,\"name\":\"Veliki preokret na Tu\u0161nju, Senad Mujkanovi\u0107 izabran za predsjednika FK Sloboda\"}]},{\"@type\":\"WebSite\",\"@id\":\"https:\/\/tuzlainfo.ba\/#website\",\"url\":\"https:\/\/tuzlainfo.ba\/\",\"name\":\"TuzlaInfo.ba\",\"description\":\"Tuzla info, gradski informator - Tuzla na dlanu\",\"publisher\":{\"@id\":\"https:\/\/tuzlainfo.ba\/#organization\"},\"potentialAction\":[{\"@type\":\"SearchAction\",\"target\":{\"@type\":\"EntryPoint\",\"urlTemplate\":\"https:\/\/tuzlainfo.ba\/?s={search_term_string}\"},\"query-input\":{\"@type\":\"PropertyValueSpecification\",\"valueRequired\":true,\"valueName\":\"search_term_string\"}}],\"inLanguage\":\"bs-BA\"},{\"@type\":\"Organization\",\"@id\":\"https:\/\/tuzlainfo.ba\/#organization\",\"name\":\"TuzlaInfo.ba\",\"url\":\"https:\/\/tuzlainfo.ba\/\",\"logo\":{\"@type\":\"ImageObject\",\"inLanguage\":\"bs-BA\",\"@id\":\"https:\/\/tuzlainfo.ba\/#\/schema\/logo\/image\/\",\"url\":\"https:\/\/tuzlainfo.ba\/wp-content\/uploads\/2021\/03\/logo-ver-3-1.png\",\"contentUrl\":\"https:\/\/tuzlainfo.ba\/wp-content\/uploads\/2021\/03\/logo-ver-3-1.png\",\"width\":350,\"height\":95,\"caption\":\"TuzlaInfo.ba\"},\"image\":{\"@id\":\"https:\/\/tuzlainfo.ba\/#\/schema\/logo\/image\/\"},\"sameAs\":[\"https:\/\/www.facebook.com\/tuzlainfo.ba\/\"]},{\"@type\":\"Person\",\"@id\":\"https:\/\/tuzlainfo.ba\/#\/schema\/person\/f434e20dc27ea133923aab08451b7f7f\",\"name\":\"nedim\",\"image\":{\"@type\":\"ImageObject\",\"inLanguage\":\"bs-BA\",\"@id\":\"https:\/\/tuzlainfo.ba\/#\/schema\/person\/image\/\",\"url\":\"https:\/\/tuzlainfo.ba\/wp-content\/litespeed\/avatar\/aabad687af24844af817603ac1cbdc4f.jpg?ver=1776702173\",\"contentUrl\":\"https:\/\/tuzlainfo.ba\/wp-content\/litespeed\/avatar\/aabad687af24844af817603ac1cbdc4f.jpg?ver=1776702173\",\"caption\":\"nedim\"},\"description\":\"Tuzlainfo.ba pratite na dru\u0161tvenim mre\u017eama: Facebook, Instagram i Youtube. Svoje pri\u010de, upite i fotografije \u0161aljite na na\u0161u e-mail adresu.\"}]}<\/script>\n<!-- \/ Yoast SEO plugin. -->","yoast_head_json":{"title":"Veliki preokret na Tu\u0161nju, Senad Mujkanovi\u0107 izabran za predsjednika FK Sloboda - TuzlaInfo.ba","robots":{"index":"index","follow":"follow","max-snippet":"max-snippet:-1","max-image-preview":"max-image-preview:large","max-video-preview":"max-video-preview:-1"},"canonical":"https:\/\/tuzlainfo.ba\/index.php\/novosti\/item\/209466-veliki-preokret-na-tusnju-senad-mujkanovic-izabran-za-predsjednika-fk-sloboda\/","og_locale":"bs_BA","og_type":"article","og_title":"Veliki preokret na Tu\u0161nju, Senad Mujkanovi\u0107 izabran za predsjednika FK Sloboda - TuzlaInfo.ba","og_description":"Senad Mujkanovi\u0107 novi je predsjednik Fudbalskog kluba Sloboda, pi\u0161e Faktor. Mujkanovi\u0107 je za prvog \u010dovjeka&hellip;","og_url":"https:\/\/tuzlainfo.ba\/index.php\/novosti\/item\/209466-veliki-preokret-na-tusnju-senad-mujkanovic-izabran-za-predsjednika-fk-sloboda\/","og_site_name":"TuzlaInfo.ba","article_publisher":"https:\/\/www.facebook.com\/tuzlainfo.ba\/","article_published_time":"2023-07-04T17:54:44+00:00","article_modified_time":"2023-07-04T18:11:12+00:00","og_image":[{"width":770,"height":512,"url":"https:\/\/tuzlainfo.ba\/wp-content\/uploads\/2017\/10\/sadrzaj_2016_201601-sloboda_sezona_2017-2018_01012107_mujkanovic.jpg","type":"image\/jpeg"}],"author":"nedim","twitter_card":"summary_large_image","twitter_misc":{"Written by":"nedim","Est. reading time":"1 minuta"},"schema":{"@context":"https:\/\/schema.org","@graph":[{"@type":"Article","@id":"https:\/\/tuzlainfo.ba\/index.php\/novosti\/item\/209466-veliki-preokret-na-tusnju-senad-mujkanovic-izabran-za-predsjednika-fk-sloboda\/#article","isPartOf":{"@id":"https:\/\/tuzlainfo.ba\/index.php\/novosti\/item\/209466-veliki-preokret-na-tusnju-senad-mujkanovic-izabran-za-predsjednika-fk-sloboda\/"},"author":{"name":"nedim","@id":"https:\/\/tuzlainfo.ba\/#\/schema\/person\/f434e20dc27ea133923aab08451b7f7f"},"headline":"Veliki preokret na Tu\u0161nju, Senad Mujkanovi\u0107 izabran za predsjednika FK Sloboda","datePublished":"2023-07-04T17:54:44+00:00","dateModified":"2023-07-04T18:11:12+00:00","mainEntityOfPage":{"@id":"https:\/\/tuzlainfo.ba\/index.php\/novosti\/item\/209466-veliki-preokret-na-tusnju-senad-mujkanovic-izabran-za-predsjednika-fk-sloboda\/"},"wordCount":139,"commentCount":0,"publisher":{"@id":"https:\/\/tuzlainfo.ba\/#organization"},"image":{"@id":"https:\/\/tuzlainfo.ba\/index.php\/novosti\/item\/209466-veliki-preokret-na-tusnju-senad-mujkanovic-izabran-za-predsjednika-fk-sloboda\/#primaryimage"},"thumbnailUrl":"https:\/\/tuzlainfo.ba\/wp-content\/uploads\/2017\/10\/sadrzaj_2016_201601-sloboda_sezona_2017-2018_01012107_mujkanovic.jpg","keywords":["fk sloboda","senad mujkanovi\u0107","sport"],"articleSection":["Istaknuto","Novosti","Preporu\u010dujemo"],"inLanguage":"bs-BA"},{"@type":"WebPage","@id":"https:\/\/tuzlainfo.ba\/index.php\/novosti\/item\/209466-veliki-preokret-na-tusnju-senad-mujkanovic-izabran-za-predsjednika-fk-sloboda\/","url":"https:\/\/tuzlainfo.ba\/index.php\/novosti\/item\/209466-veliki-preokret-na-tusnju-senad-mujkanovic-izabran-za-predsjednika-fk-sloboda\/","name":"Veliki preokret na Tu\u0161nju, Senad Mujkanovi\u0107 izabran za predsjednika FK Sloboda - TuzlaInfo.ba","isPartOf":{"@id":"https:\/\/tuzlainfo.ba\/#website"},"primaryImageOfPage":{"@id":"https:\/\/tuzlainfo.ba\/index.php\/novosti\/item\/209466-veliki-preokret-na-tusnju-senad-mujkanovic-izabran-za-predsjednika-fk-sloboda\/#primaryimage"},"image":{"@id":"https:\/\/tuzlainfo.ba\/index.php\/novosti\/item\/209466-veliki-preokret-na-tusnju-senad-mujkanovic-izabran-za-predsjednika-fk-sloboda\/#primaryimage"},"thumbnailUrl":"https:\/\/tuzlainfo.ba\/wp-content\/uploads\/2017\/10\/sadrzaj_2016_201601-sloboda_sezona_2017-2018_01012107_mujkanovic.jpg","datePublished":"2023-07-04T17:54:44+00:00","dateModified":"2023-07-04T18:11:12+00:00","breadcrumb":{"@id":"https:\/\/tuzlainfo.ba\/index.php\/novosti\/item\/209466-veliki-preokret-na-tusnju-senad-mujkanovic-izabran-za-predsjednika-fk-sloboda\/#breadcrumb"},"inLanguage":"bs-BA","potentialAction":[{"@type":"ReadAction","target":["https:\/\/tuzlainfo.ba\/index.php\/novosti\/item\/209466-veliki-preokret-na-tusnju-senad-mujkanovic-izabran-za-predsjednika-fk-sloboda\/"]}]},{"@type":"ImageObject","inLanguage":"bs-BA","@id":"https:\/\/tuzlainfo.ba\/index.php\/novosti\/item\/209466-veliki-preokret-na-tusnju-senad-mujkanovic-izabran-za-predsjednika-fk-sloboda\/#primaryimage","url":"https:\/\/tuzlainfo.ba\/wp-content\/uploads\/2017\/10\/sadrzaj_2016_201601-sloboda_sezona_2017-2018_01012107_mujkanovic.jpg","contentUrl":"https:\/\/tuzlainfo.ba\/wp-content\/uploads\/2017\/10\/sadrzaj_2016_201601-sloboda_sezona_2017-2018_01012107_mujkanovic.jpg","width":770,"height":512,"caption":"01012107 mujkanovic"},{"@type":"BreadcrumbList","@id":"https:\/\/tuzlainfo.ba\/index.php\/novosti\/item\/209466-veliki-preokret-na-tusnju-senad-mujkanovic-izabran-za-predsjednika-fk-sloboda\/#breadcrumb","itemListElement":[{"@type":"ListItem","position":1,"name":"Home","item":"https:\/\/tuzlainfo.ba\/"},{"@type":"ListItem","position":2,"name":"Veliki preokret na Tu\u0161nju, Senad Mujkanovi\u0107 izabran za predsjednika FK Sloboda"}]},{"@type":"WebSite","@id":"https:\/\/tuzlainfo.ba\/#website","url":"https:\/\/tuzlainfo.ba\/","name":"TuzlaInfo.ba","description":"Tuzla info, gradski informator - Tuzla na dlanu","publisher":{"@id":"https:\/\/tuzlainfo.ba\/#organization"},"potentialAction":[{"@type":"SearchAction","target":{"@type":"EntryPoint","urlTemplate":"https:\/\/tuzlainfo.ba\/?s={search_term_string}"},"query-input":{"@type":"PropertyValueSpecification","valueRequired":true,"valueName":"search_term_string"}}],"inLanguage":"bs-BA"},{"@type":"Organization","@id":"https:\/\/tuzlainfo.ba\/#organization","name":"TuzlaInfo.ba","url":"https:\/\/tuzlainfo.ba\/","logo":{"@type":"ImageObject","inLanguage":"bs-BA","@id":"https:\/\/tuzlainfo.ba\/#\/schema\/logo\/image\/","url":"https:\/\/tuzlainfo.ba\/wp-content\/uploads\/2021\/03\/logo-ver-3-1.png","contentUrl":"https:\/\/tuzlainfo.ba\/wp-content\/uploads\/2021\/03\/logo-ver-3-1.png","width":350,"height":95,"caption":"TuzlaInfo.ba"},"image":{"@id":"https:\/\/tuzlainfo.ba\/#\/schema\/logo\/image\/"},"sameAs":["https:\/\/www.facebook.com\/tuzlainfo.ba\/"]},{"@type":"Person","@id":"https:\/\/tuzlainfo.ba\/#\/schema\/person\/f434e20dc27ea133923aab08451b7f7f","name":"nedim","image":{"@type":"ImageObject","inLanguage":"bs-BA","@id":"https:\/\/tuzlainfo.ba\/#\/schema\/person\/image\/","url":"https:\/\/tuzlainfo.ba\/wp-content\/litespeed\/avatar\/aabad687af24844af817603ac1cbdc4f.jpg?ver=1776702173","contentUrl":"https:\/\/tuzlainfo.ba\/wp-content\/litespeed\/avatar\/aabad687af24844af817603ac1cbdc4f.jpg?ver=1776702173","caption":"nedim"},"description":"Tuzlainfo.ba pratite na dru\u0161tvenim mre\u017eama: Facebook, Instagram i Youtube. Svoje pri\u010de, upite i fotografije \u0161aljite na na\u0161u e-mail adresu."}]}},"_links":{"self":[{"href":"https:\/\/tuzlainfo.ba\/index.php\/wp-json\/wp\/v2\/posts\/209466"}],"collection":[{"href":"https:\/\/tuzlainfo.ba\/index.php\/wp-json\/wp\/v2\/posts"}],"about":[{"href":"https:\/\/tuzlainfo.ba\/index.php\/wp-json\/wp\/v2\/types\/post"}],"author":[{"embeddable":true,"href":"https:\/\/tuzlainfo.ba\/index.php\/wp-json\/wp\/v2\/users\/2"}],"replies":[{"embeddable":true,"href":"https:\/\/tuzlainfo.ba\/index.php\/wp-json\/wp\/v2\/comments?post=209466"}],"version-history":[{"count":0,"href":"https:\/\/tuzlainfo.ba\/index.php\/wp-json\/wp\/v2\/posts\/209466\/revisions"}],"wp:featuredmedia":[{"embeddable":true,"href":"https:\/\/tuzlainfo.ba\/index.php\/wp-json\/wp\/v2\/media\/59034"}],"wp:attachment":[{"href":"https:\/\/tuzlainfo.ba\/index.php\/wp-json\/wp\/v2\/media?parent=209466"}],"wp:term":[{"taxonomy":"category","embeddable":true,"href":"https:\/\/tuzlainfo.ba\/index.php\/wp-json\/wp\/v2\/categories?post=209466"},{"taxonomy":"post_tag","embeddable":true,"href":"https:\/\/tuzlainfo.ba\/index.php\/wp-json\/wp\/v2\/tags?post=209466"}],"curies":[{"name":"wp","href":"https:\/\/api.w.org\/{rel}","templated":true}]}}