{"id":209320,"date":"2023-07-03T18:01:32","date_gmt":"2023-07-03T16:01:32","guid":{"rendered":"https:\/\/tuzlainfo.ba\/?p=209320"},"modified":"2023-07-03T17:10:31","modified_gmt":"2023-07-03T15:10:31","slug":"izvucen-raspored-za-narednu-sezonu-premijer-lige-bih-u-fudbalu","status":"publish","type":"post","link":"https:\/\/tuzlainfo.ba\/index.php\/bosna-i-hercegovina\/item\/209320-izvucen-raspored-za-narednu-sezonu-premijer-lige-bih-u-fudbalu\/","title":{"rendered":"Izvu\u010den raspored za narednu sezonu Premijer lige BiH u fudbalu"},"content":{"rendered":"<div class=\"single-intro\">\n<p>U prostorijama Nogometnog saveza Bosne i Hercegovine danas je izvu\u010den raspored za narednu sezonu Premijer lige BiH.<\/p>\n<p>U \u017erijebu su bile kuglice Premijer lige BiH za seniore, seniorke, ali i za omladinsku U-19 sezonu nogometa u na\u0161oj zemlji.<\/p>\n<\/div>\n<div class=\"single-text\">\n<p>U prvom kolu izdvaja se duel \u0160irokog Brijega i Borca, dok \u0107e Zrinjski u odbranu titule krenuti doma\u0107om utakmicom protiv Posu\u0161ja.<\/p>\n<p><strong>Parovi prvog kola:<\/strong><\/p>\n<p>Vele\u017e &#8211; Zvijezda 09<\/p>\n<p>GO\u0160K &#8211; Tuzla City<\/p>\n<p>Zrinjski &#8211; Posu\u0161je<\/p>\n<p>\u0160iroki Brijeg &#8211; Borac<\/p>\n<p>Sarajevo &#8211; Sloga Meridian<\/p>\n<p>\u017deljezni\u010dar &#8211; Igman<\/p>\n<p>Prvo kolo Premijer lige BiH igra se 29.\/30. jula, a jesenji dio se zavr\u0161ava 19. kolom sredinom decembra. Nastavak Premijer lige bit \u0107e 24.\/25. februara 2024. godine, dok se sezona zavr\u0161ava 26. maja naredne godine.<\/p>\n<p>Ali, poznat je raspored i preostalih utakmica za sva 22 kola Premijer lige. Pogledajte ga u nastavku:<\/p>\n<p><strong>1. kolo:<\/strong><\/p>\n<p>Vele\u017e &#8211; Zvijezda 09<\/p>\n<p>GO\u0160K &#8211; Tuzla City<\/p>\n<p>Zrinjski &#8211; Posu\u0161je<\/p>\n<p>\u0160iroki Brijeg &#8211; Borac<\/p>\n<p>Sarajevo &#8211; Sloga Meridian<\/p>\n<p>\u017deljezni\u010dar &#8211; Igman<\/p>\n<p><strong>2. kolo:<\/strong><\/p>\n<p>Zvijezda 09 &#8211; Igman<\/p>\n<p>Sloga &#8211; \u017deljezni\u010dar<\/p>\n<p>Borac &#8211; Sarajevo<\/p>\n<p>Posu\u0161je &#8211; \u0160iroki Brijeg<\/p>\n<p>Tuzla City &#8211; Zrinjski<\/p>\n<p>Vele\u017e &#8211; GO\u0160K<\/p>\n<p><strong>3. kolo:<\/strong><\/p>\n<p>GO\u0160K &#8211; Zvijezda 09<\/p>\n<p>Zrinjski &#8211; Vele\u017e<\/p>\n<p>\u0160iroki Brijeg &#8211; Tuzla City<\/p>\n<p>Sarajevo &#8211; Posu\u0161je<\/p>\n<p>\u017deljezni\u010dar &#8211; Borac<\/p>\n<p>Igman &#8211; Sloga<\/p>\n<p><strong>4. kolo:<\/strong><\/p>\n<p>Zvijezda 09 &#8211; Sloga<\/p>\n<p>Borac &#8211; Igman<\/p>\n<p>Posu\u0161je &#8211; \u017deljezni\u010dar<\/p>\n<p>Tuzla City &#8211; Sarajevo<\/p>\n<p>Vele\u017e &#8211; \u0160iroki Brijeg<\/p>\n<p>GO\u0160K &#8211; Zrinjski<\/p>\n<p><strong>5. kolo:<\/strong><\/p>\n<p>Zrinjski &#8211; Zvijezda 09<\/p>\n<p>\u0160iroki Brijeg &#8211; GO\u0160K<\/p>\n<p>Sarajevo &#8211; Vele\u017e<\/p>\n<p>\u017deljezni\u010dar &#8211; Tuzla City<\/p>\n<p>Igman &#8211; Posu\u0161je<\/p>\n<p>Sloga &#8211; Borac<\/p>\n<p><strong>6. kolo:<\/strong><\/p>\n<p>Zvijezda 09 &#8211; Borac<\/p>\n<p>Posu\u0161je &#8211; Sloga<\/p>\n<p>Tuzla City &#8211; Igman<\/p>\n<p>Vele\u017e &#8211; \u017deljezni\u010dar<\/p>\n<p>GO\u0160K &#8211; Sarajevo<\/p>\n<p>Zrinjski &#8211; \u0160iroki Brijeg<\/p>\n<p><strong>7. kolo:<\/strong><\/p>\n<p>\u0160iroki Brijeg &#8211; Zvijezda 09<\/p>\n<p>Sarajevo &#8211; Zrinjski<\/p>\n<p>\u017deljezni\u010dar &#8211; GO\u0160K<\/p>\n<p>Igman &#8211; Vele\u017e<\/p>\n<p>Sloga &#8211; Tuzla City<\/p>\n<p>Borac &#8211; Posu\u0161je<\/p>\n<p><strong>8. kolo:<\/strong><\/p>\n<p>Zvijezda 09 &#8211; Posu\u0161je<\/p>\n<p>Tuzla City &#8211; Borac<\/p>\n<p>Vele\u017e &#8211; Sloga<\/p>\n<p>GO\u0160K &#8211; Igman<\/p>\n<p>Zrinjski &#8211; \u017deljezni\u010dar<\/p>\n<p>\u0160iroki Brijeg &#8211; Sarajevo<\/p>\n<p><strong>9. kolo:<\/strong><\/p>\n<p>Sarajevo &#8211; Zvijezda 09<\/p>\n<p>\u017deljezni\u010dar &#8211; \u0160iroki Brijeg<\/p>\n<p>Igman &#8211; Zrinjski<\/p>\n<p>Sloga &#8211; GO\u0160K<\/p>\n<p>Borac &#8211; Vele\u017e<\/p>\n<p>Posu\u0161je &#8211; Tuzla City<\/p>\n<p><strong>10. kolo:<\/strong><\/p>\n<p>Zvijezda 09 &#8211; Tuzla City<\/p>\n<p>Vele\u017e &#8211; Posu\u0161je<\/p>\n<p>GO\u0160K &#8211; Borac<\/p>\n<p>Zrinjski &#8211; Sloga<\/p>\n<p>\u0160iroki Brijeg &#8211; Igman<\/p>\n<p>Sarajevo &#8211; \u017deljezni\u010dar<\/p>\n<p><strong>11. kolo:<\/strong><\/p>\n<p>\u017deljezni\u010dar &#8211; Zvijezda 09<\/p>\n<p>Igman &#8211; Sarajevo<\/p>\n<p>Sloga &#8211; \u0160iroki Brijeg<\/p>\n<p>Borac &#8211; Zrinjski<\/p>\n<p>Posu\u0161je &#8211; GO\u0160K<\/p>\n<p>Tuzla City &#8211; Vele\u017e<\/p>\n<p>Nakon toga, naravno, uslijedit \u0107e isti raspored od 12. do 22. kola kao od 1. do 11., s tim da \u0107e se doma\u0107instva okrenuti.<\/p>\n<\/div>\n","protected":false},"excerpt":{"rendered":"<p>U prostorijama Nogometnog saveza Bosne i Hercegovine danas je izvu\u010den raspored za narednu sezonu Premijer&hellip;<\/p>\n","protected":false},"author":2,"featured_media":201739,"comment_status":"open","ping_status":"closed","sticky":false,"template":"","format":"standard","meta":{"_acf_changed":false,"footnotes":""},"categories":[291,304],"tags":[5265,7352,915],"acf":[],"yoast_head":"<!-- This site is optimized with the Yoast SEO plugin v23.5 - https:\/\/yoast.com\/wordpress\/plugins\/seo\/ -->\n<title>Izvu\u010den raspored za narednu sezonu Premijer lige BiH u fudbalu - TuzlaInfo.ba<\/title>\n<meta name=\"robots\" content=\"index, follow, max-snippet:-1, max-image-preview:large, max-video-preview:-1\" \/>\n<link rel=\"canonical\" href=\"https:\/\/tuzlainfo.ba\/index.php\/bosna-i-hercegovina\/item\/209320-izvucen-raspored-za-narednu-sezonu-premijer-lige-bih-u-fudbalu\/\" \/>\n<meta property=\"og:locale\" content=\"bs_BA\" \/>\n<meta property=\"og:type\" content=\"article\" \/>\n<meta property=\"og:title\" content=\"Izvu\u010den raspored za narednu sezonu Premijer lige BiH u fudbalu - TuzlaInfo.ba\" \/>\n<meta property=\"og:description\" content=\"U prostorijama Nogometnog saveza Bosne i Hercegovine danas je izvu\u010den raspored za narednu sezonu Premijer&hellip;\" \/>\n<meta property=\"og:url\" content=\"https:\/\/tuzlainfo.ba\/index.php\/bosna-i-hercegovina\/item\/209320-izvucen-raspored-za-narednu-sezonu-premijer-lige-bih-u-fudbalu\/\" \/>\n<meta property=\"og:site_name\" content=\"TuzlaInfo.ba\" \/>\n<meta property=\"article:publisher\" content=\"https:\/\/www.facebook.com\/tuzlainfo.ba\/\" \/>\n<meta property=\"article:published_time\" content=\"2023-07-03T16:01:32+00:00\" \/>\n<meta property=\"article:modified_time\" content=\"2023-07-03T15:10:31+00:00\" \/>\n<meta property=\"og:image\" content=\"https:\/\/tuzlainfo.ba\/wp-content\/uploads\/2023\/04\/0804_zeljeznicar_tuzlacity.jpg\" \/>\n\t<meta property=\"og:image:width\" content=\"800\" \/>\n\t<meta property=\"og:image:height\" content=\"533\" \/>\n\t<meta property=\"og:image:type\" content=\"image\/jpeg\" \/>\n<meta name=\"author\" content=\"nedim\" \/>\n<meta name=\"twitter:card\" content=\"summary_large_image\" \/>\n<meta name=\"twitter:label1\" content=\"Written by\" \/>\n\t<meta name=\"twitter:data1\" content=\"nedim\" \/>\n\t<meta name=\"twitter:label2\" content=\"Est. reading time\" \/>\n\t<meta name=\"twitter:data2\" content=\"2 minute\" \/>\n<script type=\"application\/ld+json\" class=\"yoast-schema-graph\">{\"@context\":\"https:\/\/schema.org\",\"@graph\":[{\"@type\":\"Article\",\"@id\":\"https:\/\/tuzlainfo.ba\/index.php\/bosna-i-hercegovina\/item\/209320-izvucen-raspored-za-narednu-sezonu-premijer-lige-bih-u-fudbalu\/#article\",\"isPartOf\":{\"@id\":\"https:\/\/tuzlainfo.ba\/index.php\/bosna-i-hercegovina\/item\/209320-izvucen-raspored-za-narednu-sezonu-premijer-lige-bih-u-fudbalu\/\"},\"author\":{\"name\":\"nedim\",\"@id\":\"https:\/\/tuzlainfo.ba\/#\/schema\/person\/f434e20dc27ea133923aab08451b7f7f\"},\"headline\":\"Izvu\u010den raspored za narednu sezonu Premijer lige BiH u fudbalu\",\"datePublished\":\"2023-07-03T16:01:32+00:00\",\"dateModified\":\"2023-07-03T15:10:31+00:00\",\"mainEntityOfPage\":{\"@id\":\"https:\/\/tuzlainfo.ba\/index.php\/bosna-i-hercegovina\/item\/209320-izvucen-raspored-za-narednu-sezonu-premijer-lige-bih-u-fudbalu\/\"},\"wordCount\":435,\"commentCount\":0,\"publisher\":{\"@id\":\"https:\/\/tuzlainfo.ba\/#organization\"},\"image\":{\"@id\":\"https:\/\/tuzlainfo.ba\/index.php\/bosna-i-hercegovina\/item\/209320-izvucen-raspored-za-narednu-sezonu-premijer-lige-bih-u-fudbalu\/#primaryimage\"},\"thumbnailUrl\":\"https:\/\/tuzlainfo.ba\/wp-content\/uploads\/2023\/04\/0804_zeljeznicar_tuzlacity.jpg\",\"keywords\":[\"premijer liga bih u fudbalu\",\"raspored premijer lige bih\",\"sport\"],\"articleSection\":[\"Bosna i Hercegovina\",\"Istaknuto\"],\"inLanguage\":\"bs-BA\"},{\"@type\":\"WebPage\",\"@id\":\"https:\/\/tuzlainfo.ba\/index.php\/bosna-i-hercegovina\/item\/209320-izvucen-raspored-za-narednu-sezonu-premijer-lige-bih-u-fudbalu\/\",\"url\":\"https:\/\/tuzlainfo.ba\/index.php\/bosna-i-hercegovina\/item\/209320-izvucen-raspored-za-narednu-sezonu-premijer-lige-bih-u-fudbalu\/\",\"name\":\"Izvu\u010den raspored za narednu sezonu Premijer lige BiH u fudbalu - TuzlaInfo.ba\",\"isPartOf\":{\"@id\":\"https:\/\/tuzlainfo.ba\/#website\"},\"primaryImageOfPage\":{\"@id\":\"https:\/\/tuzlainfo.ba\/index.php\/bosna-i-hercegovina\/item\/209320-izvucen-raspored-za-narednu-sezonu-premijer-lige-bih-u-fudbalu\/#primaryimage\"},\"image\":{\"@id\":\"https:\/\/tuzlainfo.ba\/index.php\/bosna-i-hercegovina\/item\/209320-izvucen-raspored-za-narednu-sezonu-premijer-lige-bih-u-fudbalu\/#primaryimage\"},\"thumbnailUrl\":\"https:\/\/tuzlainfo.ba\/wp-content\/uploads\/2023\/04\/0804_zeljeznicar_tuzlacity.jpg\",\"datePublished\":\"2023-07-03T16:01:32+00:00\",\"dateModified\":\"2023-07-03T15:10:31+00:00\",\"breadcrumb\":{\"@id\":\"https:\/\/tuzlainfo.ba\/index.php\/bosna-i-hercegovina\/item\/209320-izvucen-raspored-za-narednu-sezonu-premijer-lige-bih-u-fudbalu\/#breadcrumb\"},\"inLanguage\":\"bs-BA\",\"potentialAction\":[{\"@type\":\"ReadAction\",\"target\":[\"https:\/\/tuzlainfo.ba\/index.php\/bosna-i-hercegovina\/item\/209320-izvucen-raspored-za-narednu-sezonu-premijer-lige-bih-u-fudbalu\/\"]}]},{\"@type\":\"ImageObject\",\"inLanguage\":\"bs-BA\",\"@id\":\"https:\/\/tuzlainfo.ba\/index.php\/bosna-i-hercegovina\/item\/209320-izvucen-raspored-za-narednu-sezonu-premijer-lige-bih-u-fudbalu\/#primaryimage\",\"url\":\"https:\/\/tuzlainfo.ba\/wp-content\/uploads\/2023\/04\/0804_zeljeznicar_tuzlacity.jpg\",\"contentUrl\":\"https:\/\/tuzlainfo.ba\/wp-content\/uploads\/2023\/04\/0804_zeljeznicar_tuzlacity.jpg\",\"width\":800,\"height\":533,\"caption\":\"Damir Hajdarba\u0161i\u0107, www.fkz.ba\"},{\"@type\":\"BreadcrumbList\",\"@id\":\"https:\/\/tuzlainfo.ba\/index.php\/bosna-i-hercegovina\/item\/209320-izvucen-raspored-za-narednu-sezonu-premijer-lige-bih-u-fudbalu\/#breadcrumb\",\"itemListElement\":[{\"@type\":\"ListItem\",\"position\":1,\"name\":\"Home\",\"item\":\"https:\/\/tuzlainfo.ba\/\"},{\"@type\":\"ListItem\",\"position\":2,\"name\":\"Izvu\u010den raspored za narednu sezonu Premijer lige BiH u fudbalu\"}]},{\"@type\":\"WebSite\",\"@id\":\"https:\/\/tuzlainfo.ba\/#website\",\"url\":\"https:\/\/tuzlainfo.ba\/\",\"name\":\"TuzlaInfo.ba\",\"description\":\"Tuzla info, gradski informator - Tuzla na dlanu\",\"publisher\":{\"@id\":\"https:\/\/tuzlainfo.ba\/#organization\"},\"potentialAction\":[{\"@type\":\"SearchAction\",\"target\":{\"@type\":\"EntryPoint\",\"urlTemplate\":\"https:\/\/tuzlainfo.ba\/?s={search_term_string}\"},\"query-input\":{\"@type\":\"PropertyValueSpecification\",\"valueRequired\":true,\"valueName\":\"search_term_string\"}}],\"inLanguage\":\"bs-BA\"},{\"@type\":\"Organization\",\"@id\":\"https:\/\/tuzlainfo.ba\/#organization\",\"name\":\"TuzlaInfo.ba\",\"url\":\"https:\/\/tuzlainfo.ba\/\",\"logo\":{\"@type\":\"ImageObject\",\"inLanguage\":\"bs-BA\",\"@id\":\"https:\/\/tuzlainfo.ba\/#\/schema\/logo\/image\/\",\"url\":\"https:\/\/tuzlainfo.ba\/wp-content\/uploads\/2021\/03\/logo-ver-3-1.png\",\"contentUrl\":\"https:\/\/tuzlainfo.ba\/wp-content\/uploads\/2021\/03\/logo-ver-3-1.png\",\"width\":350,\"height\":95,\"caption\":\"TuzlaInfo.ba\"},\"image\":{\"@id\":\"https:\/\/tuzlainfo.ba\/#\/schema\/logo\/image\/\"},\"sameAs\":[\"https:\/\/www.facebook.com\/tuzlainfo.ba\/\"]},{\"@type\":\"Person\",\"@id\":\"https:\/\/tuzlainfo.ba\/#\/schema\/person\/f434e20dc27ea133923aab08451b7f7f\",\"name\":\"nedim\",\"image\":{\"@type\":\"ImageObject\",\"inLanguage\":\"bs-BA\",\"@id\":\"https:\/\/tuzlainfo.ba\/#\/schema\/person\/image\/\",\"url\":\"https:\/\/tuzlainfo.ba\/wp-content\/litespeed\/avatar\/aabad687af24844af817603ac1cbdc4f.jpg?ver=1776702173\",\"contentUrl\":\"https:\/\/tuzlainfo.ba\/wp-content\/litespeed\/avatar\/aabad687af24844af817603ac1cbdc4f.jpg?ver=1776702173\",\"caption\":\"nedim\"},\"description\":\"Tuzlainfo.ba pratite na dru\u0161tvenim mre\u017eama: Facebook, Instagram i Youtube. Svoje pri\u010de, upite i fotografije \u0161aljite na na\u0161u e-mail adresu.\"}]}<\/script>\n<!-- \/ Yoast SEO plugin. -->","yoast_head_json":{"title":"Izvu\u010den raspored za narednu sezonu Premijer lige BiH u fudbalu - TuzlaInfo.ba","robots":{"index":"index","follow":"follow","max-snippet":"max-snippet:-1","max-image-preview":"max-image-preview:large","max-video-preview":"max-video-preview:-1"},"canonical":"https:\/\/tuzlainfo.ba\/index.php\/bosna-i-hercegovina\/item\/209320-izvucen-raspored-za-narednu-sezonu-premijer-lige-bih-u-fudbalu\/","og_locale":"bs_BA","og_type":"article","og_title":"Izvu\u010den raspored za narednu sezonu Premijer lige BiH u fudbalu - TuzlaInfo.ba","og_description":"U prostorijama Nogometnog saveza Bosne i Hercegovine danas je izvu\u010den raspored za narednu sezonu Premijer&hellip;","og_url":"https:\/\/tuzlainfo.ba\/index.php\/bosna-i-hercegovina\/item\/209320-izvucen-raspored-za-narednu-sezonu-premijer-lige-bih-u-fudbalu\/","og_site_name":"TuzlaInfo.ba","article_publisher":"https:\/\/www.facebook.com\/tuzlainfo.ba\/","article_published_time":"2023-07-03T16:01:32+00:00","article_modified_time":"2023-07-03T15:10:31+00:00","og_image":[{"width":800,"height":533,"url":"https:\/\/tuzlainfo.ba\/wp-content\/uploads\/2023\/04\/0804_zeljeznicar_tuzlacity.jpg","type":"image\/jpeg"}],"author":"nedim","twitter_card":"summary_large_image","twitter_misc":{"Written by":"nedim","Est. reading time":"2 minute"},"schema":{"@context":"https:\/\/schema.org","@graph":[{"@type":"Article","@id":"https:\/\/tuzlainfo.ba\/index.php\/bosna-i-hercegovina\/item\/209320-izvucen-raspored-za-narednu-sezonu-premijer-lige-bih-u-fudbalu\/#article","isPartOf":{"@id":"https:\/\/tuzlainfo.ba\/index.php\/bosna-i-hercegovina\/item\/209320-izvucen-raspored-za-narednu-sezonu-premijer-lige-bih-u-fudbalu\/"},"author":{"name":"nedim","@id":"https:\/\/tuzlainfo.ba\/#\/schema\/person\/f434e20dc27ea133923aab08451b7f7f"},"headline":"Izvu\u010den raspored za narednu sezonu Premijer lige BiH u fudbalu","datePublished":"2023-07-03T16:01:32+00:00","dateModified":"2023-07-03T15:10:31+00:00","mainEntityOfPage":{"@id":"https:\/\/tuzlainfo.ba\/index.php\/bosna-i-hercegovina\/item\/209320-izvucen-raspored-za-narednu-sezonu-premijer-lige-bih-u-fudbalu\/"},"wordCount":435,"commentCount":0,"publisher":{"@id":"https:\/\/tuzlainfo.ba\/#organization"},"image":{"@id":"https:\/\/tuzlainfo.ba\/index.php\/bosna-i-hercegovina\/item\/209320-izvucen-raspored-za-narednu-sezonu-premijer-lige-bih-u-fudbalu\/#primaryimage"},"thumbnailUrl":"https:\/\/tuzlainfo.ba\/wp-content\/uploads\/2023\/04\/0804_zeljeznicar_tuzlacity.jpg","keywords":["premijer liga bih u fudbalu","raspored premijer lige bih","sport"],"articleSection":["Bosna i Hercegovina","Istaknuto"],"inLanguage":"bs-BA"},{"@type":"WebPage","@id":"https:\/\/tuzlainfo.ba\/index.php\/bosna-i-hercegovina\/item\/209320-izvucen-raspored-za-narednu-sezonu-premijer-lige-bih-u-fudbalu\/","url":"https:\/\/tuzlainfo.ba\/index.php\/bosna-i-hercegovina\/item\/209320-izvucen-raspored-za-narednu-sezonu-premijer-lige-bih-u-fudbalu\/","name":"Izvu\u010den raspored za narednu sezonu Premijer lige BiH u fudbalu - TuzlaInfo.ba","isPartOf":{"@id":"https:\/\/tuzlainfo.ba\/#website"},"primaryImageOfPage":{"@id":"https:\/\/tuzlainfo.ba\/index.php\/bosna-i-hercegovina\/item\/209320-izvucen-raspored-za-narednu-sezonu-premijer-lige-bih-u-fudbalu\/#primaryimage"},"image":{"@id":"https:\/\/tuzlainfo.ba\/index.php\/bosna-i-hercegovina\/item\/209320-izvucen-raspored-za-narednu-sezonu-premijer-lige-bih-u-fudbalu\/#primaryimage"},"thumbnailUrl":"https:\/\/tuzlainfo.ba\/wp-content\/uploads\/2023\/04\/0804_zeljeznicar_tuzlacity.jpg","datePublished":"2023-07-03T16:01:32+00:00","dateModified":"2023-07-03T15:10:31+00:00","breadcrumb":{"@id":"https:\/\/tuzlainfo.ba\/index.php\/bosna-i-hercegovina\/item\/209320-izvucen-raspored-za-narednu-sezonu-premijer-lige-bih-u-fudbalu\/#breadcrumb"},"inLanguage":"bs-BA","potentialAction":[{"@type":"ReadAction","target":["https:\/\/tuzlainfo.ba\/index.php\/bosna-i-hercegovina\/item\/209320-izvucen-raspored-za-narednu-sezonu-premijer-lige-bih-u-fudbalu\/"]}]},{"@type":"ImageObject","inLanguage":"bs-BA","@id":"https:\/\/tuzlainfo.ba\/index.php\/bosna-i-hercegovina\/item\/209320-izvucen-raspored-za-narednu-sezonu-premijer-lige-bih-u-fudbalu\/#primaryimage","url":"https:\/\/tuzlainfo.ba\/wp-content\/uploads\/2023\/04\/0804_zeljeznicar_tuzlacity.jpg","contentUrl":"https:\/\/tuzlainfo.ba\/wp-content\/uploads\/2023\/04\/0804_zeljeznicar_tuzlacity.jpg","width":800,"height":533,"caption":"Damir Hajdarba\u0161i\u0107, www.fkz.ba"},{"@type":"BreadcrumbList","@id":"https:\/\/tuzlainfo.ba\/index.php\/bosna-i-hercegovina\/item\/209320-izvucen-raspored-za-narednu-sezonu-premijer-lige-bih-u-fudbalu\/#breadcrumb","itemListElement":[{"@type":"ListItem","position":1,"name":"Home","item":"https:\/\/tuzlainfo.ba\/"},{"@type":"ListItem","position":2,"name":"Izvu\u010den raspored za narednu sezonu Premijer lige BiH u fudbalu"}]},{"@type":"WebSite","@id":"https:\/\/tuzlainfo.ba\/#website","url":"https:\/\/tuzlainfo.ba\/","name":"TuzlaInfo.ba","description":"Tuzla info, gradski informator - Tuzla na dlanu","publisher":{"@id":"https:\/\/tuzlainfo.ba\/#organization"},"potentialAction":[{"@type":"SearchAction","target":{"@type":"EntryPoint","urlTemplate":"https:\/\/tuzlainfo.ba\/?s={search_term_string}"},"query-input":{"@type":"PropertyValueSpecification","valueRequired":true,"valueName":"search_term_string"}}],"inLanguage":"bs-BA"},{"@type":"Organization","@id":"https:\/\/tuzlainfo.ba\/#organization","name":"TuzlaInfo.ba","url":"https:\/\/tuzlainfo.ba\/","logo":{"@type":"ImageObject","inLanguage":"bs-BA","@id":"https:\/\/tuzlainfo.ba\/#\/schema\/logo\/image\/","url":"https:\/\/tuzlainfo.ba\/wp-content\/uploads\/2021\/03\/logo-ver-3-1.png","contentUrl":"https:\/\/tuzlainfo.ba\/wp-content\/uploads\/2021\/03\/logo-ver-3-1.png","width":350,"height":95,"caption":"TuzlaInfo.ba"},"image":{"@id":"https:\/\/tuzlainfo.ba\/#\/schema\/logo\/image\/"},"sameAs":["https:\/\/www.facebook.com\/tuzlainfo.ba\/"]},{"@type":"Person","@id":"https:\/\/tuzlainfo.ba\/#\/schema\/person\/f434e20dc27ea133923aab08451b7f7f","name":"nedim","image":{"@type":"ImageObject","inLanguage":"bs-BA","@id":"https:\/\/tuzlainfo.ba\/#\/schema\/person\/image\/","url":"https:\/\/tuzlainfo.ba\/wp-content\/litespeed\/avatar\/aabad687af24844af817603ac1cbdc4f.jpg?ver=1776702173","contentUrl":"https:\/\/tuzlainfo.ba\/wp-content\/litespeed\/avatar\/aabad687af24844af817603ac1cbdc4f.jpg?ver=1776702173","caption":"nedim"},"description":"Tuzlainfo.ba pratite na dru\u0161tvenim mre\u017eama: Facebook, Instagram i Youtube. Svoje pri\u010de, upite i fotografije \u0161aljite na na\u0161u e-mail adresu."}]}},"_links":{"self":[{"href":"https:\/\/tuzlainfo.ba\/index.php\/wp-json\/wp\/v2\/posts\/209320"}],"collection":[{"href":"https:\/\/tuzlainfo.ba\/index.php\/wp-json\/wp\/v2\/posts"}],"about":[{"href":"https:\/\/tuzlainfo.ba\/index.php\/wp-json\/wp\/v2\/types\/post"}],"author":[{"embeddable":true,"href":"https:\/\/tuzlainfo.ba\/index.php\/wp-json\/wp\/v2\/users\/2"}],"replies":[{"embeddable":true,"href":"https:\/\/tuzlainfo.ba\/index.php\/wp-json\/wp\/v2\/comments?post=209320"}],"version-history":[{"count":0,"href":"https:\/\/tuzlainfo.ba\/index.php\/wp-json\/wp\/v2\/posts\/209320\/revisions"}],"wp:featuredmedia":[{"embeddable":true,"href":"https:\/\/tuzlainfo.ba\/index.php\/wp-json\/wp\/v2\/media\/201739"}],"wp:attachment":[{"href":"https:\/\/tuzlainfo.ba\/index.php\/wp-json\/wp\/v2\/media?parent=209320"}],"wp:term":[{"taxonomy":"category","embeddable":true,"href":"https:\/\/tuzlainfo.ba\/index.php\/wp-json\/wp\/v2\/categories?post=209320"},{"taxonomy":"post_tag","embeddable":true,"href":"https:\/\/tuzlainfo.ba\/index.php\/wp-json\/wp\/v2\/tags?post=209320"}],"curies":[{"name":"wp","href":"https:\/\/api.w.org\/{rel}","templated":true}]}}