{"id":209035,"date":"2023-06-30T14:37:09","date_gmt":"2023-06-30T12:37:09","guid":{"rendered":"https:\/\/tuzlainfo.ba\/?p=209035"},"modified":"2023-06-30T14:42:45","modified_gmt":"2023-06-30T12:42:45","slug":"foto-u-tuzli-otvoren-5-auto-show-week-veliko-interesovanje-posjetitelja","status":"publish","type":"post","link":"https:\/\/tuzlainfo.ba\/index.php\/novosti\/item\/209035-foto-u-tuzli-otvoren-5-auto-show-week-veliko-interesovanje-posjetitelja\/","title":{"rendered":"FOTO \/ U Tuzli otvoren 5. Auto Show Week, veliko interesovanje posjetitelja"},"content":{"rendered":"<p>U Tuzli je danas otvoren 5. Auto Show Week, a sude\u0107i prema interesovanju posjetitelja prvog radnog dana, pred vikend kada se o\u010dekuje i ve\u0107e posjeta, organizatori i izlaga\u010di mogu biti zadovoljni.<\/p>\n<p>Ni visoka temperatura nije sprije\u010dila mnoge ljubitelje automobila, one koji su u potrazi za novim \u010detveroto\u010dka\u0161em ili samo znati\u017eeljne, da danas posjete plato ispred Bingo City Centra u Tuzli, gdje \u0107e Auto Show Week biti otvoren do nedjelje 2. jula.<\/p>\n<p>Desetine renomiranih proizvo\u0111a\u010da posjetiocima su predstavili svoja najnovija ostvarenja, a osim automobila u ponudi su i motocikli i bicikli.<\/p>\n<p>Svoje modele su izlo\u017eili zastupnici za: Renault, Dacia, Nissan, Ford, Kia, Volkswagen, Range Rover, Jaguar, Suzuki MG, Peugeot, \u0160koda, Huyndai, Toyota, Lexus, Harley Davidson i CF.<\/p>\n<div id=\"penci-post-gallery__2160\" class=\"penci-post-gallery-container masonry grid column-3\" data-height=\"150\" data-margin=\"3\"><div class=\"inner-gallery-masonry-container\"><div class=\"item-gallery-masonry grid\"><a class=\"\" href=\"https:\/\/tuzlainfo.ba\/wp-content\/uploads\/2023\/06\/3006_autoshow-16.jpg\"><div class=\"inner-item-masonry-gallery\"><img decoding=\"async\" src=\"https:\/\/tuzlainfo.ba\/wp-content\/uploads\/2023\/06\/3006_autoshow-16-585x390.jpg\" alt=\"\" title=\"3006_autoshow (16)\"><\/div><\/a><\/div><div class=\"item-gallery-masonry grid\"><a class=\"\" href=\"https:\/\/tuzlainfo.ba\/wp-content\/uploads\/2023\/06\/3006_autoshow-17.jpg\"><div class=\"inner-item-masonry-gallery\"><img decoding=\"async\" src=\"https:\/\/tuzlainfo.ba\/wp-content\/uploads\/2023\/06\/3006_autoshow-17-585x390.jpg\" alt=\"\" title=\"3006_autoshow (17)\"><\/div><\/a><\/div><div class=\"item-gallery-masonry grid\"><a class=\"\" href=\"https:\/\/tuzlainfo.ba\/wp-content\/uploads\/2023\/06\/3006_autoshow-15.jpg\"><div class=\"inner-item-masonry-gallery\"><img decoding=\"async\" src=\"https:\/\/tuzlainfo.ba\/wp-content\/uploads\/2023\/06\/3006_autoshow-15-585x390.jpg\" alt=\"\" title=\"3006_autoshow (15)\"><\/div><\/a><\/div><div class=\"item-gallery-masonry grid\"><a class=\"\" href=\"https:\/\/tuzlainfo.ba\/wp-content\/uploads\/2023\/06\/3006_autoshow-13.jpg\"><div class=\"inner-item-masonry-gallery\"><img decoding=\"async\" src=\"https:\/\/tuzlainfo.ba\/wp-content\/uploads\/2023\/06\/3006_autoshow-13-585x390.jpg\" alt=\"\" title=\"3006_autoshow (13)\"><\/div><\/a><\/div><div class=\"item-gallery-masonry grid\"><a class=\"\" href=\"https:\/\/tuzlainfo.ba\/wp-content\/uploads\/2023\/06\/3006_autoshow-12.jpg\"><div class=\"inner-item-masonry-gallery\"><img decoding=\"async\" src=\"https:\/\/tuzlainfo.ba\/wp-content\/uploads\/2023\/06\/3006_autoshow-12-585x390.jpg\" alt=\"\" title=\"3006_autoshow (12)\"><\/div><\/a><\/div><div class=\"item-gallery-masonry grid\"><a class=\"\" href=\"https:\/\/tuzlainfo.ba\/wp-content\/uploads\/2023\/06\/3006_autoshow-11.jpg\"><div class=\"inner-item-masonry-gallery\"><img decoding=\"async\" src=\"https:\/\/tuzlainfo.ba\/wp-content\/uploads\/2023\/06\/3006_autoshow-11-585x390.jpg\" alt=\"\" title=\"3006_autoshow (11)\"><\/div><\/a><\/div><div class=\"item-gallery-masonry grid\"><a class=\"\" href=\"https:\/\/tuzlainfo.ba\/wp-content\/uploads\/2023\/06\/3006_autoshow-10.jpg\" data-cap=\"FOTO: ARHIVA\/ILUSTRACIJA\"><div class=\"inner-item-masonry-gallery\"><img decoding=\"async\" src=\"https:\/\/tuzlainfo.ba\/wp-content\/uploads\/2023\/06\/3006_autoshow-10-585x390.jpg\" alt=\"\" title=\"3006_autoshow (10)\"><\/div><\/a><\/div><div class=\"item-gallery-masonry grid\"><a class=\"\" href=\"https:\/\/tuzlainfo.ba\/wp-content\/uploads\/2023\/06\/3006_autoshow-9.jpg\"><div class=\"inner-item-masonry-gallery\"><img decoding=\"async\" src=\"https:\/\/tuzlainfo.ba\/wp-content\/uploads\/2023\/06\/3006_autoshow-9-585x390.jpg\" alt=\"\" title=\"3006_autoshow (9)\"><\/div><\/a><\/div><div class=\"item-gallery-masonry grid\"><a class=\"\" href=\"https:\/\/tuzlainfo.ba\/wp-content\/uploads\/2023\/06\/3006_autoshow-8.jpg\"><div class=\"inner-item-masonry-gallery\"><img decoding=\"async\" src=\"https:\/\/tuzlainfo.ba\/wp-content\/uploads\/2023\/06\/3006_autoshow-8-585x390.jpg\" alt=\"\" title=\"3006_autoshow (8)\"><\/div><\/a><\/div><div class=\"item-gallery-masonry grid\"><a class=\"\" href=\"https:\/\/tuzlainfo.ba\/wp-content\/uploads\/2023\/06\/3006_autoshow-7.jpg\"><div class=\"inner-item-masonry-gallery\"><img decoding=\"async\" src=\"https:\/\/tuzlainfo.ba\/wp-content\/uploads\/2023\/06\/3006_autoshow-7-585x390.jpg\" alt=\"\" title=\"3006_autoshow (7)\"><\/div><\/a><\/div><div class=\"item-gallery-masonry grid\"><a class=\"\" href=\"https:\/\/tuzlainfo.ba\/wp-content\/uploads\/2023\/06\/3006_autoshow-6.jpg\"><div class=\"inner-item-masonry-gallery\"><img decoding=\"async\" src=\"https:\/\/tuzlainfo.ba\/wp-content\/uploads\/2023\/06\/3006_autoshow-6-585x390.jpg\" alt=\"\" title=\"3006_autoshow (6)\"><\/div><\/a><\/div><div class=\"item-gallery-masonry grid\"><a class=\"\" href=\"https:\/\/tuzlainfo.ba\/wp-content\/uploads\/2023\/06\/3006_autoshow-5.jpg\"><div class=\"inner-item-masonry-gallery\"><img decoding=\"async\" src=\"https:\/\/tuzlainfo.ba\/wp-content\/uploads\/2023\/06\/3006_autoshow-5-585x390.jpg\" alt=\"\" title=\"3006_autoshow (5)\"><\/div><\/a><\/div><div class=\"item-gallery-masonry grid\"><a class=\"\" href=\"https:\/\/tuzlainfo.ba\/wp-content\/uploads\/2023\/06\/3006_autoshow-4.jpg\"><div class=\"inner-item-masonry-gallery\"><img decoding=\"async\" src=\"https:\/\/tuzlainfo.ba\/wp-content\/uploads\/2023\/06\/3006_autoshow-4-585x390.jpg\" alt=\"\" title=\"3006_autoshow (4)\"><\/div><\/a><\/div><div class=\"item-gallery-masonry grid\"><a class=\"\" href=\"https:\/\/tuzlainfo.ba\/wp-content\/uploads\/2023\/06\/3006_autoshow-3.jpg\"><div class=\"inner-item-masonry-gallery\"><img decoding=\"async\" src=\"https:\/\/tuzlainfo.ba\/wp-content\/uploads\/2023\/06\/3006_autoshow-3-585x390.jpg\" alt=\"\" title=\"3006_autoshow (3)\"><\/div><\/a><\/div><\/div><\/div>\n<p>Ve\u0107in izlo\u017eenih modela automobila ima istaknute i cijene koje se kre\u0107u od 30.000 KM za neke Dacia i Fiatove modele sa osnovnom opremom, do 250.000 KM koliko ko\u0161taju neki Mercedesovi modeli. Dio ponude su i &#8220;hibridno-elektri\u010dna\u201c vozila te elektri\u010dni modeli, za koje vlada sve ve\u0107e interesovanje.<\/p>\n<p>Svoje usluge na ovom doga\u0111aju nude i osiguravaju\u0107a dru\u0161tva, te firme koje nude usluge odr\u017eavanja automobila. Ulaz za sve posjetitelje je besplatan.\/Tuzlainfo\/<\/p>\n","protected":false},"excerpt":{"rendered":"<p>U Tuzli je danas otvoren 5. Auto Show Week, a sude\u0107i prema interesovanju posjetitelja prvog&hellip;<\/p>\n","protected":false},"author":2,"featured_media":209036,"comment_status":"open","ping_status":"closed","sticky":false,"template":"","format":"standard","meta":{"_acf_changed":false,"footnotes":""},"categories":[304,12,306],"tags":[6955,7322,42],"acf":[],"yoast_head":"<!-- This site is optimized with the Yoast SEO plugin v23.5 - https:\/\/yoast.com\/wordpress\/plugins\/seo\/ -->\n<title>FOTO \/ U Tuzli otvoren 5. Auto Show Week, veliko interesovanje posjetitelja - TuzlaInfo.ba<\/title>\n<meta name=\"robots\" content=\"index, follow, max-snippet:-1, max-image-preview:large, max-video-preview:-1\" \/>\n<link rel=\"canonical\" href=\"https:\/\/tuzlainfo.ba\/index.php\/novosti\/item\/209035-foto-u-tuzli-otvoren-5-auto-show-week-veliko-interesovanje-posjetitelja\/\" \/>\n<meta property=\"og:locale\" content=\"bs_BA\" \/>\n<meta property=\"og:type\" content=\"article\" \/>\n<meta property=\"og:title\" content=\"FOTO \/ U Tuzli otvoren 5. Auto Show Week, veliko interesovanje posjetitelja - TuzlaInfo.ba\" \/>\n<meta property=\"og:description\" content=\"U Tuzli je danas otvoren 5. Auto Show Week, a sude\u0107i prema interesovanju posjetitelja prvog&hellip;\" \/>\n<meta property=\"og:url\" content=\"https:\/\/tuzlainfo.ba\/index.php\/novosti\/item\/209035-foto-u-tuzli-otvoren-5-auto-show-week-veliko-interesovanje-posjetitelja\/\" \/>\n<meta property=\"og:site_name\" content=\"TuzlaInfo.ba\" \/>\n<meta property=\"article:publisher\" content=\"https:\/\/www.facebook.com\/tuzlainfo.ba\/\" \/>\n<meta property=\"article:published_time\" content=\"2023-06-30T12:37:09+00:00\" \/>\n<meta property=\"article:modified_time\" content=\"2023-06-30T12:42:45+00:00\" \/>\n<meta property=\"og:image\" content=\"https:\/\/tuzlainfo.ba\/wp-content\/uploads\/2023\/06\/3006_autoshow-kolaz.jpg\" \/>\n\t<meta property=\"og:image:width\" content=\"1000\" \/>\n\t<meta property=\"og:image:height\" content=\"598\" \/>\n\t<meta property=\"og:image:type\" content=\"image\/jpeg\" \/>\n<meta name=\"author\" content=\"nedim\" \/>\n<meta name=\"twitter:card\" content=\"summary_large_image\" \/>\n<meta name=\"twitter:label1\" content=\"Written by\" \/>\n\t<meta name=\"twitter:data1\" content=\"nedim\" \/>\n\t<meta name=\"twitter:label2\" content=\"Est. reading time\" \/>\n\t<meta name=\"twitter:data2\" content=\"1 minuta\" \/>\n<script type=\"application\/ld+json\" class=\"yoast-schema-graph\">{\"@context\":\"https:\/\/schema.org\",\"@graph\":[{\"@type\":\"Article\",\"@id\":\"https:\/\/tuzlainfo.ba\/index.php\/novosti\/item\/209035-foto-u-tuzli-otvoren-5-auto-show-week-veliko-interesovanje-posjetitelja\/#article\",\"isPartOf\":{\"@id\":\"https:\/\/tuzlainfo.ba\/index.php\/novosti\/item\/209035-foto-u-tuzli-otvoren-5-auto-show-week-veliko-interesovanje-posjetitelja\/\"},\"author\":{\"name\":\"nedim\",\"@id\":\"https:\/\/tuzlainfo.ba\/#\/schema\/person\/f434e20dc27ea133923aab08451b7f7f\"},\"headline\":\"FOTO \/ U Tuzli otvoren 5. Auto Show Week, veliko interesovanje posjetitelja\",\"datePublished\":\"2023-06-30T12:37:09+00:00\",\"dateModified\":\"2023-06-30T12:42:45+00:00\",\"mainEntityOfPage\":{\"@id\":\"https:\/\/tuzlainfo.ba\/index.php\/novosti\/item\/209035-foto-u-tuzli-otvoren-5-auto-show-week-veliko-interesovanje-posjetitelja\/\"},\"wordCount\":218,\"commentCount\":0,\"publisher\":{\"@id\":\"https:\/\/tuzlainfo.ba\/#organization\"},\"image\":{\"@id\":\"https:\/\/tuzlainfo.ba\/index.php\/novosti\/item\/209035-foto-u-tuzli-otvoren-5-auto-show-week-veliko-interesovanje-posjetitelja\/#primaryimage\"},\"thumbnailUrl\":\"https:\/\/tuzlainfo.ba\/wp-content\/uploads\/2023\/06\/3006_autoshow-kolaz.jpg\",\"keywords\":[\"Auto Show Week\",\"bingo city center\",\"tuzla\"],\"articleSection\":[\"Istaknuto\",\"Novosti\",\"Preporu\u010dujemo\"],\"inLanguage\":\"bs-BA\"},{\"@type\":\"WebPage\",\"@id\":\"https:\/\/tuzlainfo.ba\/index.php\/novosti\/item\/209035-foto-u-tuzli-otvoren-5-auto-show-week-veliko-interesovanje-posjetitelja\/\",\"url\":\"https:\/\/tuzlainfo.ba\/index.php\/novosti\/item\/209035-foto-u-tuzli-otvoren-5-auto-show-week-veliko-interesovanje-posjetitelja\/\",\"name\":\"FOTO \/ U Tuzli otvoren 5. Auto Show Week, veliko interesovanje posjetitelja - TuzlaInfo.ba\",\"isPartOf\":{\"@id\":\"https:\/\/tuzlainfo.ba\/#website\"},\"primaryImageOfPage\":{\"@id\":\"https:\/\/tuzlainfo.ba\/index.php\/novosti\/item\/209035-foto-u-tuzli-otvoren-5-auto-show-week-veliko-interesovanje-posjetitelja\/#primaryimage\"},\"image\":{\"@id\":\"https:\/\/tuzlainfo.ba\/index.php\/novosti\/item\/209035-foto-u-tuzli-otvoren-5-auto-show-week-veliko-interesovanje-posjetitelja\/#primaryimage\"},\"thumbnailUrl\":\"https:\/\/tuzlainfo.ba\/wp-content\/uploads\/2023\/06\/3006_autoshow-kolaz.jpg\",\"datePublished\":\"2023-06-30T12:37:09+00:00\",\"dateModified\":\"2023-06-30T12:42:45+00:00\",\"breadcrumb\":{\"@id\":\"https:\/\/tuzlainfo.ba\/index.php\/novosti\/item\/209035-foto-u-tuzli-otvoren-5-auto-show-week-veliko-interesovanje-posjetitelja\/#breadcrumb\"},\"inLanguage\":\"bs-BA\",\"potentialAction\":[{\"@type\":\"ReadAction\",\"target\":[\"https:\/\/tuzlainfo.ba\/index.php\/novosti\/item\/209035-foto-u-tuzli-otvoren-5-auto-show-week-veliko-interesovanje-posjetitelja\/\"]}]},{\"@type\":\"ImageObject\",\"inLanguage\":\"bs-BA\",\"@id\":\"https:\/\/tuzlainfo.ba\/index.php\/novosti\/item\/209035-foto-u-tuzli-otvoren-5-auto-show-week-veliko-interesovanje-posjetitelja\/#primaryimage\",\"url\":\"https:\/\/tuzlainfo.ba\/wp-content\/uploads\/2023\/06\/3006_autoshow-kolaz.jpg\",\"contentUrl\":\"https:\/\/tuzlainfo.ba\/wp-content\/uploads\/2023\/06\/3006_autoshow-kolaz.jpg\",\"width\":1000,\"height\":598},{\"@type\":\"BreadcrumbList\",\"@id\":\"https:\/\/tuzlainfo.ba\/index.php\/novosti\/item\/209035-foto-u-tuzli-otvoren-5-auto-show-week-veliko-interesovanje-posjetitelja\/#breadcrumb\",\"itemListElement\":[{\"@type\":\"ListItem\",\"position\":1,\"name\":\"Home\",\"item\":\"https:\/\/tuzlainfo.ba\/\"},{\"@type\":\"ListItem\",\"position\":2,\"name\":\"FOTO \/ U Tuzli otvoren 5. Auto Show Week, veliko interesovanje posjetitelja\"}]},{\"@type\":\"WebSite\",\"@id\":\"https:\/\/tuzlainfo.ba\/#website\",\"url\":\"https:\/\/tuzlainfo.ba\/\",\"name\":\"TuzlaInfo.ba\",\"description\":\"Tuzla info, gradski informator - Tuzla na dlanu\",\"publisher\":{\"@id\":\"https:\/\/tuzlainfo.ba\/#organization\"},\"potentialAction\":[{\"@type\":\"SearchAction\",\"target\":{\"@type\":\"EntryPoint\",\"urlTemplate\":\"https:\/\/tuzlainfo.ba\/?s={search_term_string}\"},\"query-input\":{\"@type\":\"PropertyValueSpecification\",\"valueRequired\":true,\"valueName\":\"search_term_string\"}}],\"inLanguage\":\"bs-BA\"},{\"@type\":\"Organization\",\"@id\":\"https:\/\/tuzlainfo.ba\/#organization\",\"name\":\"TuzlaInfo.ba\",\"url\":\"https:\/\/tuzlainfo.ba\/\",\"logo\":{\"@type\":\"ImageObject\",\"inLanguage\":\"bs-BA\",\"@id\":\"https:\/\/tuzlainfo.ba\/#\/schema\/logo\/image\/\",\"url\":\"https:\/\/tuzlainfo.ba\/wp-content\/uploads\/2021\/03\/logo-ver-3-1.png\",\"contentUrl\":\"https:\/\/tuzlainfo.ba\/wp-content\/uploads\/2021\/03\/logo-ver-3-1.png\",\"width\":350,\"height\":95,\"caption\":\"TuzlaInfo.ba\"},\"image\":{\"@id\":\"https:\/\/tuzlainfo.ba\/#\/schema\/logo\/image\/\"},\"sameAs\":[\"https:\/\/www.facebook.com\/tuzlainfo.ba\/\"]},{\"@type\":\"Person\",\"@id\":\"https:\/\/tuzlainfo.ba\/#\/schema\/person\/f434e20dc27ea133923aab08451b7f7f\",\"name\":\"nedim\",\"image\":{\"@type\":\"ImageObject\",\"inLanguage\":\"bs-BA\",\"@id\":\"https:\/\/tuzlainfo.ba\/#\/schema\/person\/image\/\",\"url\":\"https:\/\/tuzlainfo.ba\/wp-content\/litespeed\/avatar\/aabad687af24844af817603ac1cbdc4f.jpg?ver=1777306975\",\"contentUrl\":\"https:\/\/tuzlainfo.ba\/wp-content\/litespeed\/avatar\/aabad687af24844af817603ac1cbdc4f.jpg?ver=1777306975\",\"caption\":\"nedim\"},\"description\":\"Tuzlainfo.ba pratite na dru\u0161tvenim mre\u017eama: Facebook, Instagram i Youtube. Svoje pri\u010de, upite i fotografije \u0161aljite na na\u0161u e-mail adresu.\"}]}<\/script>\n<!-- \/ Yoast SEO plugin. -->","yoast_head_json":{"title":"FOTO \/ U Tuzli otvoren 5. Auto Show Week, veliko interesovanje posjetitelja - TuzlaInfo.ba","robots":{"index":"index","follow":"follow","max-snippet":"max-snippet:-1","max-image-preview":"max-image-preview:large","max-video-preview":"max-video-preview:-1"},"canonical":"https:\/\/tuzlainfo.ba\/index.php\/novosti\/item\/209035-foto-u-tuzli-otvoren-5-auto-show-week-veliko-interesovanje-posjetitelja\/","og_locale":"bs_BA","og_type":"article","og_title":"FOTO \/ U Tuzli otvoren 5. Auto Show Week, veliko interesovanje posjetitelja - TuzlaInfo.ba","og_description":"U Tuzli je danas otvoren 5. Auto Show Week, a sude\u0107i prema interesovanju posjetitelja prvog&hellip;","og_url":"https:\/\/tuzlainfo.ba\/index.php\/novosti\/item\/209035-foto-u-tuzli-otvoren-5-auto-show-week-veliko-interesovanje-posjetitelja\/","og_site_name":"TuzlaInfo.ba","article_publisher":"https:\/\/www.facebook.com\/tuzlainfo.ba\/","article_published_time":"2023-06-30T12:37:09+00:00","article_modified_time":"2023-06-30T12:42:45+00:00","og_image":[{"width":1000,"height":598,"url":"https:\/\/tuzlainfo.ba\/wp-content\/uploads\/2023\/06\/3006_autoshow-kolaz.jpg","type":"image\/jpeg"}],"author":"nedim","twitter_card":"summary_large_image","twitter_misc":{"Written by":"nedim","Est. reading time":"1 minuta"},"schema":{"@context":"https:\/\/schema.org","@graph":[{"@type":"Article","@id":"https:\/\/tuzlainfo.ba\/index.php\/novosti\/item\/209035-foto-u-tuzli-otvoren-5-auto-show-week-veliko-interesovanje-posjetitelja\/#article","isPartOf":{"@id":"https:\/\/tuzlainfo.ba\/index.php\/novosti\/item\/209035-foto-u-tuzli-otvoren-5-auto-show-week-veliko-interesovanje-posjetitelja\/"},"author":{"name":"nedim","@id":"https:\/\/tuzlainfo.ba\/#\/schema\/person\/f434e20dc27ea133923aab08451b7f7f"},"headline":"FOTO \/ U Tuzli otvoren 5. Auto Show Week, veliko interesovanje posjetitelja","datePublished":"2023-06-30T12:37:09+00:00","dateModified":"2023-06-30T12:42:45+00:00","mainEntityOfPage":{"@id":"https:\/\/tuzlainfo.ba\/index.php\/novosti\/item\/209035-foto-u-tuzli-otvoren-5-auto-show-week-veliko-interesovanje-posjetitelja\/"},"wordCount":218,"commentCount":0,"publisher":{"@id":"https:\/\/tuzlainfo.ba\/#organization"},"image":{"@id":"https:\/\/tuzlainfo.ba\/index.php\/novosti\/item\/209035-foto-u-tuzli-otvoren-5-auto-show-week-veliko-interesovanje-posjetitelja\/#primaryimage"},"thumbnailUrl":"https:\/\/tuzlainfo.ba\/wp-content\/uploads\/2023\/06\/3006_autoshow-kolaz.jpg","keywords":["Auto Show Week","bingo city center","tuzla"],"articleSection":["Istaknuto","Novosti","Preporu\u010dujemo"],"inLanguage":"bs-BA"},{"@type":"WebPage","@id":"https:\/\/tuzlainfo.ba\/index.php\/novosti\/item\/209035-foto-u-tuzli-otvoren-5-auto-show-week-veliko-interesovanje-posjetitelja\/","url":"https:\/\/tuzlainfo.ba\/index.php\/novosti\/item\/209035-foto-u-tuzli-otvoren-5-auto-show-week-veliko-interesovanje-posjetitelja\/","name":"FOTO \/ U Tuzli otvoren 5. Auto Show Week, veliko interesovanje posjetitelja - TuzlaInfo.ba","isPartOf":{"@id":"https:\/\/tuzlainfo.ba\/#website"},"primaryImageOfPage":{"@id":"https:\/\/tuzlainfo.ba\/index.php\/novosti\/item\/209035-foto-u-tuzli-otvoren-5-auto-show-week-veliko-interesovanje-posjetitelja\/#primaryimage"},"image":{"@id":"https:\/\/tuzlainfo.ba\/index.php\/novosti\/item\/209035-foto-u-tuzli-otvoren-5-auto-show-week-veliko-interesovanje-posjetitelja\/#primaryimage"},"thumbnailUrl":"https:\/\/tuzlainfo.ba\/wp-content\/uploads\/2023\/06\/3006_autoshow-kolaz.jpg","datePublished":"2023-06-30T12:37:09+00:00","dateModified":"2023-06-30T12:42:45+00:00","breadcrumb":{"@id":"https:\/\/tuzlainfo.ba\/index.php\/novosti\/item\/209035-foto-u-tuzli-otvoren-5-auto-show-week-veliko-interesovanje-posjetitelja\/#breadcrumb"},"inLanguage":"bs-BA","potentialAction":[{"@type":"ReadAction","target":["https:\/\/tuzlainfo.ba\/index.php\/novosti\/item\/209035-foto-u-tuzli-otvoren-5-auto-show-week-veliko-interesovanje-posjetitelja\/"]}]},{"@type":"ImageObject","inLanguage":"bs-BA","@id":"https:\/\/tuzlainfo.ba\/index.php\/novosti\/item\/209035-foto-u-tuzli-otvoren-5-auto-show-week-veliko-interesovanje-posjetitelja\/#primaryimage","url":"https:\/\/tuzlainfo.ba\/wp-content\/uploads\/2023\/06\/3006_autoshow-kolaz.jpg","contentUrl":"https:\/\/tuzlainfo.ba\/wp-content\/uploads\/2023\/06\/3006_autoshow-kolaz.jpg","width":1000,"height":598},{"@type":"BreadcrumbList","@id":"https:\/\/tuzlainfo.ba\/index.php\/novosti\/item\/209035-foto-u-tuzli-otvoren-5-auto-show-week-veliko-interesovanje-posjetitelja\/#breadcrumb","itemListElement":[{"@type":"ListItem","position":1,"name":"Home","item":"https:\/\/tuzlainfo.ba\/"},{"@type":"ListItem","position":2,"name":"FOTO \/ U Tuzli otvoren 5. Auto Show Week, veliko interesovanje posjetitelja"}]},{"@type":"WebSite","@id":"https:\/\/tuzlainfo.ba\/#website","url":"https:\/\/tuzlainfo.ba\/","name":"TuzlaInfo.ba","description":"Tuzla info, gradski informator - Tuzla na dlanu","publisher":{"@id":"https:\/\/tuzlainfo.ba\/#organization"},"potentialAction":[{"@type":"SearchAction","target":{"@type":"EntryPoint","urlTemplate":"https:\/\/tuzlainfo.ba\/?s={search_term_string}"},"query-input":{"@type":"PropertyValueSpecification","valueRequired":true,"valueName":"search_term_string"}}],"inLanguage":"bs-BA"},{"@type":"Organization","@id":"https:\/\/tuzlainfo.ba\/#organization","name":"TuzlaInfo.ba","url":"https:\/\/tuzlainfo.ba\/","logo":{"@type":"ImageObject","inLanguage":"bs-BA","@id":"https:\/\/tuzlainfo.ba\/#\/schema\/logo\/image\/","url":"https:\/\/tuzlainfo.ba\/wp-content\/uploads\/2021\/03\/logo-ver-3-1.png","contentUrl":"https:\/\/tuzlainfo.ba\/wp-content\/uploads\/2021\/03\/logo-ver-3-1.png","width":350,"height":95,"caption":"TuzlaInfo.ba"},"image":{"@id":"https:\/\/tuzlainfo.ba\/#\/schema\/logo\/image\/"},"sameAs":["https:\/\/www.facebook.com\/tuzlainfo.ba\/"]},{"@type":"Person","@id":"https:\/\/tuzlainfo.ba\/#\/schema\/person\/f434e20dc27ea133923aab08451b7f7f","name":"nedim","image":{"@type":"ImageObject","inLanguage":"bs-BA","@id":"https:\/\/tuzlainfo.ba\/#\/schema\/person\/image\/","url":"https:\/\/tuzlainfo.ba\/wp-content\/litespeed\/avatar\/aabad687af24844af817603ac1cbdc4f.jpg?ver=1777306975","contentUrl":"https:\/\/tuzlainfo.ba\/wp-content\/litespeed\/avatar\/aabad687af24844af817603ac1cbdc4f.jpg?ver=1777306975","caption":"nedim"},"description":"Tuzlainfo.ba pratite na dru\u0161tvenim mre\u017eama: Facebook, Instagram i Youtube. Svoje pri\u010de, upite i fotografije \u0161aljite na na\u0161u e-mail adresu."}]}},"_links":{"self":[{"href":"https:\/\/tuzlainfo.ba\/index.php\/wp-json\/wp\/v2\/posts\/209035"}],"collection":[{"href":"https:\/\/tuzlainfo.ba\/index.php\/wp-json\/wp\/v2\/posts"}],"about":[{"href":"https:\/\/tuzlainfo.ba\/index.php\/wp-json\/wp\/v2\/types\/post"}],"author":[{"embeddable":true,"href":"https:\/\/tuzlainfo.ba\/index.php\/wp-json\/wp\/v2\/users\/2"}],"replies":[{"embeddable":true,"href":"https:\/\/tuzlainfo.ba\/index.php\/wp-json\/wp\/v2\/comments?post=209035"}],"version-history":[{"count":0,"href":"https:\/\/tuzlainfo.ba\/index.php\/wp-json\/wp\/v2\/posts\/209035\/revisions"}],"wp:featuredmedia":[{"embeddable":true,"href":"https:\/\/tuzlainfo.ba\/index.php\/wp-json\/wp\/v2\/media\/209036"}],"wp:attachment":[{"href":"https:\/\/tuzlainfo.ba\/index.php\/wp-json\/wp\/v2\/media?parent=209035"}],"wp:term":[{"taxonomy":"category","embeddable":true,"href":"https:\/\/tuzlainfo.ba\/index.php\/wp-json\/wp\/v2\/categories?post=209035"},{"taxonomy":"post_tag","embeddable":true,"href":"https:\/\/tuzlainfo.ba\/index.php\/wp-json\/wp\/v2\/tags?post=209035"}],"curies":[{"name":"wp","href":"https:\/\/api.w.org\/{rel}","templated":true}]}}