{"id":208905,"date":"2023-06-29T11:02:10","date_gmt":"2023-06-29T09:02:10","guid":{"rendered":"https:\/\/tuzlainfo.ba\/?p=208905"},"modified":"2023-06-29T09:47:04","modified_gmt":"2023-06-29T07:47:04","slug":"sutra-u-tuzli-pocinje-5-auto-show-week","status":"publish","type":"post","link":"https:\/\/tuzlainfo.ba\/index.php\/najava-dogadaja-2\/item\/208905-sutra-u-tuzli-pocinje-5-auto-show-week\/","title":{"rendered":"Sutra u Tuzli po\u010dinje 5. Auto Show Week"},"content":{"rendered":"<p>Tuzlanski 5. Auto Show Week, koji je trebao biti odr\u017ean sredinom maja ispred BCC u Tuzli, a zbog lo\u0161ih vremenskih prilika je bio\u00a0 i odgo\u0111en, po\u010dinje sutra 30. juna i trajat \u0107e do nedjelje 2. jula.<\/p>\n<p>Ovogodi\u0161nji peti po redu Auto Show Week koji \u0107e se odr\u017eati u Tuzli nesumnjivo \u0107e biti prava poslastica za sve ljubitelje automobilizma.<\/p>\n<p>Desetine renomiranih proizvo\u0111a\u010da posjetiocima \u0107e predstaviti svoja najnovija ostvarenja koja \u0107e tuzlanski posjetioci mo\u0107i da vide i eventualno postanu vlasnici nekih od svjetskih lidera u automobilskoj industriji.<\/p>\n<p>Ovogodi\u0161nji doga\u0111aj posjetiocima \u0107e, osim automobila, ponuditi i motocikle svjetski poznatog proizvo\u0111a\u010da, Harley Davidsona, a ne\u0107e izostati ni kvalitetan sadr\u017eaj za ljubitelje biciklizma.<\/p>\n<p>Na ovogodi\u0161njem Auto-moto Show weeku mo\u0107i \u0107ete pogledati modele sljede\u0107ih proizvo\u0111a\u010da:<\/p>\n<p>Renault, Dacia ,Nissan, Ford, Kia, Volkswagen, Range Rover, Jaguar, Suzuki MG, Peugeot, \u0160koda, Huyndai, Toyota, Lexus, Harley Davidson i CF.<\/p>\n<p>Osim bogate ponude u okvirima autoindustrije i novih modela automobila, jedna od sporednih tema o kojima \u0107e biti govora na ovogodi\u0161njem izdanju Auto show Weeka bit \u0107e tehnologije budu\u0107nosti, a govorit \u0107e se i o Tuzli i njenoj budu\u0107nosti kada je u pitanju autoindustrija.<\/p>\n<p>Jedinstveni Auto Show Week 2023 bit \u0107e smje\u0161ten na parkingu Bingo City Centra u Tuzli, a ulaz je besplatan za sve posjetitelje.<\/p>\n","protected":false},"excerpt":{"rendered":"<p>Tuzlanski 5. Auto Show Week, koji je trebao biti odr\u017ean sredinom maja ispred BCC u&hellip;<\/p>\n","protected":false},"author":2,"featured_media":204475,"comment_status":"open","ping_status":"closed","sticky":false,"template":"","format":"standard","meta":{"_acf_changed":false,"footnotes":""},"categories":[304,11],"tags":[6955,2060,7249,6779,42],"acf":[],"yoast_head":"<!-- This site is optimized with the Yoast SEO plugin v23.5 - https:\/\/yoast.com\/wordpress\/plugins\/seo\/ -->\n<title>Sutra u Tuzli po\u010dinje 5. Auto Show Week - TuzlaInfo.ba<\/title>\n<meta name=\"robots\" content=\"index, follow, max-snippet:-1, max-image-preview:large, max-video-preview:-1\" \/>\n<link rel=\"canonical\" href=\"https:\/\/tuzlainfo.ba\/index.php\/najava-dogadaja-2\/item\/208905-sutra-u-tuzli-pocinje-5-auto-show-week\/\" \/>\n<meta property=\"og:locale\" content=\"bs_BA\" \/>\n<meta property=\"og:type\" content=\"article\" \/>\n<meta property=\"og:title\" content=\"Sutra u Tuzli po\u010dinje 5. Auto Show Week - TuzlaInfo.ba\" \/>\n<meta property=\"og:description\" content=\"Tuzlanski 5. Auto Show Week, koji je trebao biti odr\u017ean sredinom maja ispred BCC u&hellip;\" \/>\n<meta property=\"og:url\" content=\"https:\/\/tuzlainfo.ba\/index.php\/najava-dogadaja-2\/item\/208905-sutra-u-tuzli-pocinje-5-auto-show-week\/\" \/>\n<meta property=\"og:site_name\" content=\"TuzlaInfo.ba\" \/>\n<meta property=\"article:publisher\" content=\"https:\/\/www.facebook.com\/tuzlainfo.ba\/\" \/>\n<meta property=\"article:published_time\" content=\"2023-06-29T09:02:10+00:00\" \/>\n<meta property=\"article:modified_time\" content=\"2023-06-29T07:47:04+00:00\" \/>\n<meta property=\"og:image\" content=\"https:\/\/tuzlainfo.ba\/wp-content\/uploads\/2023\/05\/autoshow.jpg\" \/>\n\t<meta property=\"og:image:width\" content=\"1280\" \/>\n\t<meta property=\"og:image:height\" content=\"853\" \/>\n\t<meta property=\"og:image:type\" content=\"image\/jpeg\" \/>\n<meta name=\"author\" content=\"nedim\" \/>\n<meta name=\"twitter:card\" content=\"summary_large_image\" \/>\n<meta name=\"twitter:label1\" content=\"Written by\" \/>\n\t<meta name=\"twitter:data1\" content=\"nedim\" \/>\n\t<meta name=\"twitter:label2\" content=\"Est. reading time\" \/>\n\t<meta name=\"twitter:data2\" content=\"1 minuta\" \/>\n<script type=\"application\/ld+json\" class=\"yoast-schema-graph\">{\"@context\":\"https:\/\/schema.org\",\"@graph\":[{\"@type\":\"Article\",\"@id\":\"https:\/\/tuzlainfo.ba\/index.php\/najava-dogadaja-2\/item\/208905-sutra-u-tuzli-pocinje-5-auto-show-week\/#article\",\"isPartOf\":{\"@id\":\"https:\/\/tuzlainfo.ba\/index.php\/najava-dogadaja-2\/item\/208905-sutra-u-tuzli-pocinje-5-auto-show-week\/\"},\"author\":{\"name\":\"nedim\",\"@id\":\"https:\/\/tuzlainfo.ba\/#\/schema\/person\/f434e20dc27ea133923aab08451b7f7f\"},\"headline\":\"Sutra u Tuzli po\u010dinje 5. Auto Show Week\",\"datePublished\":\"2023-06-29T09:02:10+00:00\",\"dateModified\":\"2023-06-29T07:47:04+00:00\",\"mainEntityOfPage\":{\"@id\":\"https:\/\/tuzlainfo.ba\/index.php\/najava-dogadaja-2\/item\/208905-sutra-u-tuzli-pocinje-5-auto-show-week\/\"},\"wordCount\":233,\"commentCount\":0,\"publisher\":{\"@id\":\"https:\/\/tuzlainfo.ba\/#organization\"},\"image\":{\"@id\":\"https:\/\/tuzlainfo.ba\/index.php\/najava-dogadaja-2\/item\/208905-sutra-u-tuzli-pocinje-5-auto-show-week\/#primaryimage\"},\"thumbnailUrl\":\"https:\/\/tuzlainfo.ba\/wp-content\/uploads\/2023\/05\/autoshow.jpg\",\"keywords\":[\"Auto Show Week\",\"bingo city centar tuzla\",\"de\u0161avanja u tuzli\",\"doga\u0111aji u tuzli\",\"tuzla\"],\"articleSection\":[\"Istaknuto\",\"Najave i doga\u0111aji\"],\"inLanguage\":\"bs-BA\"},{\"@type\":\"WebPage\",\"@id\":\"https:\/\/tuzlainfo.ba\/index.php\/najava-dogadaja-2\/item\/208905-sutra-u-tuzli-pocinje-5-auto-show-week\/\",\"url\":\"https:\/\/tuzlainfo.ba\/index.php\/najava-dogadaja-2\/item\/208905-sutra-u-tuzli-pocinje-5-auto-show-week\/\",\"name\":\"Sutra u Tuzli po\u010dinje 5. Auto Show Week - TuzlaInfo.ba\",\"isPartOf\":{\"@id\":\"https:\/\/tuzlainfo.ba\/#website\"},\"primaryImageOfPage\":{\"@id\":\"https:\/\/tuzlainfo.ba\/index.php\/najava-dogadaja-2\/item\/208905-sutra-u-tuzli-pocinje-5-auto-show-week\/#primaryimage\"},\"image\":{\"@id\":\"https:\/\/tuzlainfo.ba\/index.php\/najava-dogadaja-2\/item\/208905-sutra-u-tuzli-pocinje-5-auto-show-week\/#primaryimage\"},\"thumbnailUrl\":\"https:\/\/tuzlainfo.ba\/wp-content\/uploads\/2023\/05\/autoshow.jpg\",\"datePublished\":\"2023-06-29T09:02:10+00:00\",\"dateModified\":\"2023-06-29T07:47:04+00:00\",\"breadcrumb\":{\"@id\":\"https:\/\/tuzlainfo.ba\/index.php\/najava-dogadaja-2\/item\/208905-sutra-u-tuzli-pocinje-5-auto-show-week\/#breadcrumb\"},\"inLanguage\":\"bs-BA\",\"potentialAction\":[{\"@type\":\"ReadAction\",\"target\":[\"https:\/\/tuzlainfo.ba\/index.php\/najava-dogadaja-2\/item\/208905-sutra-u-tuzli-pocinje-5-auto-show-week\/\"]}]},{\"@type\":\"ImageObject\",\"inLanguage\":\"bs-BA\",\"@id\":\"https:\/\/tuzlainfo.ba\/index.php\/najava-dogadaja-2\/item\/208905-sutra-u-tuzli-pocinje-5-auto-show-week\/#primaryimage\",\"url\":\"https:\/\/tuzlainfo.ba\/wp-content\/uploads\/2023\/05\/autoshow.jpg\",\"contentUrl\":\"https:\/\/tuzlainfo.ba\/wp-content\/uploads\/2023\/05\/autoshow.jpg\",\"width\":1280,\"height\":853},{\"@type\":\"BreadcrumbList\",\"@id\":\"https:\/\/tuzlainfo.ba\/index.php\/najava-dogadaja-2\/item\/208905-sutra-u-tuzli-pocinje-5-auto-show-week\/#breadcrumb\",\"itemListElement\":[{\"@type\":\"ListItem\",\"position\":1,\"name\":\"Home\",\"item\":\"https:\/\/tuzlainfo.ba\/\"},{\"@type\":\"ListItem\",\"position\":2,\"name\":\"Sutra u Tuzli po\u010dinje 5. Auto Show Week\"}]},{\"@type\":\"WebSite\",\"@id\":\"https:\/\/tuzlainfo.ba\/#website\",\"url\":\"https:\/\/tuzlainfo.ba\/\",\"name\":\"TuzlaInfo.ba\",\"description\":\"Tuzla info, gradski informator - Tuzla na dlanu\",\"publisher\":{\"@id\":\"https:\/\/tuzlainfo.ba\/#organization\"},\"potentialAction\":[{\"@type\":\"SearchAction\",\"target\":{\"@type\":\"EntryPoint\",\"urlTemplate\":\"https:\/\/tuzlainfo.ba\/?s={search_term_string}\"},\"query-input\":{\"@type\":\"PropertyValueSpecification\",\"valueRequired\":true,\"valueName\":\"search_term_string\"}}],\"inLanguage\":\"bs-BA\"},{\"@type\":\"Organization\",\"@id\":\"https:\/\/tuzlainfo.ba\/#organization\",\"name\":\"TuzlaInfo.ba\",\"url\":\"https:\/\/tuzlainfo.ba\/\",\"logo\":{\"@type\":\"ImageObject\",\"inLanguage\":\"bs-BA\",\"@id\":\"https:\/\/tuzlainfo.ba\/#\/schema\/logo\/image\/\",\"url\":\"https:\/\/tuzlainfo.ba\/wp-content\/uploads\/2021\/03\/logo-ver-3-1.png\",\"contentUrl\":\"https:\/\/tuzlainfo.ba\/wp-content\/uploads\/2021\/03\/logo-ver-3-1.png\",\"width\":350,\"height\":95,\"caption\":\"TuzlaInfo.ba\"},\"image\":{\"@id\":\"https:\/\/tuzlainfo.ba\/#\/schema\/logo\/image\/\"},\"sameAs\":[\"https:\/\/www.facebook.com\/tuzlainfo.ba\/\"]},{\"@type\":\"Person\",\"@id\":\"https:\/\/tuzlainfo.ba\/#\/schema\/person\/f434e20dc27ea133923aab08451b7f7f\",\"name\":\"nedim\",\"image\":{\"@type\":\"ImageObject\",\"inLanguage\":\"bs-BA\",\"@id\":\"https:\/\/tuzlainfo.ba\/#\/schema\/person\/image\/\",\"url\":\"https:\/\/tuzlainfo.ba\/wp-content\/litespeed\/avatar\/aabad687af24844af817603ac1cbdc4f.jpg?ver=1777306975\",\"contentUrl\":\"https:\/\/tuzlainfo.ba\/wp-content\/litespeed\/avatar\/aabad687af24844af817603ac1cbdc4f.jpg?ver=1777306975\",\"caption\":\"nedim\"},\"description\":\"Tuzlainfo.ba pratite na dru\u0161tvenim mre\u017eama: Facebook, Instagram i Youtube. Svoje pri\u010de, upite i fotografije \u0161aljite na na\u0161u e-mail adresu.\"}]}<\/script>\n<!-- \/ Yoast SEO plugin. -->","yoast_head_json":{"title":"Sutra u Tuzli po\u010dinje 5. Auto Show Week - TuzlaInfo.ba","robots":{"index":"index","follow":"follow","max-snippet":"max-snippet:-1","max-image-preview":"max-image-preview:large","max-video-preview":"max-video-preview:-1"},"canonical":"https:\/\/tuzlainfo.ba\/index.php\/najava-dogadaja-2\/item\/208905-sutra-u-tuzli-pocinje-5-auto-show-week\/","og_locale":"bs_BA","og_type":"article","og_title":"Sutra u Tuzli po\u010dinje 5. Auto Show Week - TuzlaInfo.ba","og_description":"Tuzlanski 5. Auto Show Week, koji je trebao biti odr\u017ean sredinom maja ispred BCC u&hellip;","og_url":"https:\/\/tuzlainfo.ba\/index.php\/najava-dogadaja-2\/item\/208905-sutra-u-tuzli-pocinje-5-auto-show-week\/","og_site_name":"TuzlaInfo.ba","article_publisher":"https:\/\/www.facebook.com\/tuzlainfo.ba\/","article_published_time":"2023-06-29T09:02:10+00:00","article_modified_time":"2023-06-29T07:47:04+00:00","og_image":[{"width":1280,"height":853,"url":"https:\/\/tuzlainfo.ba\/wp-content\/uploads\/2023\/05\/autoshow.jpg","type":"image\/jpeg"}],"author":"nedim","twitter_card":"summary_large_image","twitter_misc":{"Written by":"nedim","Est. reading time":"1 minuta"},"schema":{"@context":"https:\/\/schema.org","@graph":[{"@type":"Article","@id":"https:\/\/tuzlainfo.ba\/index.php\/najava-dogadaja-2\/item\/208905-sutra-u-tuzli-pocinje-5-auto-show-week\/#article","isPartOf":{"@id":"https:\/\/tuzlainfo.ba\/index.php\/najava-dogadaja-2\/item\/208905-sutra-u-tuzli-pocinje-5-auto-show-week\/"},"author":{"name":"nedim","@id":"https:\/\/tuzlainfo.ba\/#\/schema\/person\/f434e20dc27ea133923aab08451b7f7f"},"headline":"Sutra u Tuzli po\u010dinje 5. Auto Show Week","datePublished":"2023-06-29T09:02:10+00:00","dateModified":"2023-06-29T07:47:04+00:00","mainEntityOfPage":{"@id":"https:\/\/tuzlainfo.ba\/index.php\/najava-dogadaja-2\/item\/208905-sutra-u-tuzli-pocinje-5-auto-show-week\/"},"wordCount":233,"commentCount":0,"publisher":{"@id":"https:\/\/tuzlainfo.ba\/#organization"},"image":{"@id":"https:\/\/tuzlainfo.ba\/index.php\/najava-dogadaja-2\/item\/208905-sutra-u-tuzli-pocinje-5-auto-show-week\/#primaryimage"},"thumbnailUrl":"https:\/\/tuzlainfo.ba\/wp-content\/uploads\/2023\/05\/autoshow.jpg","keywords":["Auto Show Week","bingo city centar tuzla","de\u0161avanja u tuzli","doga\u0111aji u tuzli","tuzla"],"articleSection":["Istaknuto","Najave i doga\u0111aji"],"inLanguage":"bs-BA"},{"@type":"WebPage","@id":"https:\/\/tuzlainfo.ba\/index.php\/najava-dogadaja-2\/item\/208905-sutra-u-tuzli-pocinje-5-auto-show-week\/","url":"https:\/\/tuzlainfo.ba\/index.php\/najava-dogadaja-2\/item\/208905-sutra-u-tuzli-pocinje-5-auto-show-week\/","name":"Sutra u Tuzli po\u010dinje 5. Auto Show Week - TuzlaInfo.ba","isPartOf":{"@id":"https:\/\/tuzlainfo.ba\/#website"},"primaryImageOfPage":{"@id":"https:\/\/tuzlainfo.ba\/index.php\/najava-dogadaja-2\/item\/208905-sutra-u-tuzli-pocinje-5-auto-show-week\/#primaryimage"},"image":{"@id":"https:\/\/tuzlainfo.ba\/index.php\/najava-dogadaja-2\/item\/208905-sutra-u-tuzli-pocinje-5-auto-show-week\/#primaryimage"},"thumbnailUrl":"https:\/\/tuzlainfo.ba\/wp-content\/uploads\/2023\/05\/autoshow.jpg","datePublished":"2023-06-29T09:02:10+00:00","dateModified":"2023-06-29T07:47:04+00:00","breadcrumb":{"@id":"https:\/\/tuzlainfo.ba\/index.php\/najava-dogadaja-2\/item\/208905-sutra-u-tuzli-pocinje-5-auto-show-week\/#breadcrumb"},"inLanguage":"bs-BA","potentialAction":[{"@type":"ReadAction","target":["https:\/\/tuzlainfo.ba\/index.php\/najava-dogadaja-2\/item\/208905-sutra-u-tuzli-pocinje-5-auto-show-week\/"]}]},{"@type":"ImageObject","inLanguage":"bs-BA","@id":"https:\/\/tuzlainfo.ba\/index.php\/najava-dogadaja-2\/item\/208905-sutra-u-tuzli-pocinje-5-auto-show-week\/#primaryimage","url":"https:\/\/tuzlainfo.ba\/wp-content\/uploads\/2023\/05\/autoshow.jpg","contentUrl":"https:\/\/tuzlainfo.ba\/wp-content\/uploads\/2023\/05\/autoshow.jpg","width":1280,"height":853},{"@type":"BreadcrumbList","@id":"https:\/\/tuzlainfo.ba\/index.php\/najava-dogadaja-2\/item\/208905-sutra-u-tuzli-pocinje-5-auto-show-week\/#breadcrumb","itemListElement":[{"@type":"ListItem","position":1,"name":"Home","item":"https:\/\/tuzlainfo.ba\/"},{"@type":"ListItem","position":2,"name":"Sutra u Tuzli po\u010dinje 5. Auto Show Week"}]},{"@type":"WebSite","@id":"https:\/\/tuzlainfo.ba\/#website","url":"https:\/\/tuzlainfo.ba\/","name":"TuzlaInfo.ba","description":"Tuzla info, gradski informator - Tuzla na dlanu","publisher":{"@id":"https:\/\/tuzlainfo.ba\/#organization"},"potentialAction":[{"@type":"SearchAction","target":{"@type":"EntryPoint","urlTemplate":"https:\/\/tuzlainfo.ba\/?s={search_term_string}"},"query-input":{"@type":"PropertyValueSpecification","valueRequired":true,"valueName":"search_term_string"}}],"inLanguage":"bs-BA"},{"@type":"Organization","@id":"https:\/\/tuzlainfo.ba\/#organization","name":"TuzlaInfo.ba","url":"https:\/\/tuzlainfo.ba\/","logo":{"@type":"ImageObject","inLanguage":"bs-BA","@id":"https:\/\/tuzlainfo.ba\/#\/schema\/logo\/image\/","url":"https:\/\/tuzlainfo.ba\/wp-content\/uploads\/2021\/03\/logo-ver-3-1.png","contentUrl":"https:\/\/tuzlainfo.ba\/wp-content\/uploads\/2021\/03\/logo-ver-3-1.png","width":350,"height":95,"caption":"TuzlaInfo.ba"},"image":{"@id":"https:\/\/tuzlainfo.ba\/#\/schema\/logo\/image\/"},"sameAs":["https:\/\/www.facebook.com\/tuzlainfo.ba\/"]},{"@type":"Person","@id":"https:\/\/tuzlainfo.ba\/#\/schema\/person\/f434e20dc27ea133923aab08451b7f7f","name":"nedim","image":{"@type":"ImageObject","inLanguage":"bs-BA","@id":"https:\/\/tuzlainfo.ba\/#\/schema\/person\/image\/","url":"https:\/\/tuzlainfo.ba\/wp-content\/litespeed\/avatar\/aabad687af24844af817603ac1cbdc4f.jpg?ver=1777306975","contentUrl":"https:\/\/tuzlainfo.ba\/wp-content\/litespeed\/avatar\/aabad687af24844af817603ac1cbdc4f.jpg?ver=1777306975","caption":"nedim"},"description":"Tuzlainfo.ba pratite na dru\u0161tvenim mre\u017eama: Facebook, Instagram i Youtube. Svoje pri\u010de, upite i fotografije \u0161aljite na na\u0161u e-mail adresu."}]}},"_links":{"self":[{"href":"https:\/\/tuzlainfo.ba\/index.php\/wp-json\/wp\/v2\/posts\/208905"}],"collection":[{"href":"https:\/\/tuzlainfo.ba\/index.php\/wp-json\/wp\/v2\/posts"}],"about":[{"href":"https:\/\/tuzlainfo.ba\/index.php\/wp-json\/wp\/v2\/types\/post"}],"author":[{"embeddable":true,"href":"https:\/\/tuzlainfo.ba\/index.php\/wp-json\/wp\/v2\/users\/2"}],"replies":[{"embeddable":true,"href":"https:\/\/tuzlainfo.ba\/index.php\/wp-json\/wp\/v2\/comments?post=208905"}],"version-history":[{"count":0,"href":"https:\/\/tuzlainfo.ba\/index.php\/wp-json\/wp\/v2\/posts\/208905\/revisions"}],"wp:featuredmedia":[{"embeddable":true,"href":"https:\/\/tuzlainfo.ba\/index.php\/wp-json\/wp\/v2\/media\/204475"}],"wp:attachment":[{"href":"https:\/\/tuzlainfo.ba\/index.php\/wp-json\/wp\/v2\/media?parent=208905"}],"wp:term":[{"taxonomy":"category","embeddable":true,"href":"https:\/\/tuzlainfo.ba\/index.php\/wp-json\/wp\/v2\/categories?post=208905"},{"taxonomy":"post_tag","embeddable":true,"href":"https:\/\/tuzlainfo.ba\/index.php\/wp-json\/wp\/v2\/tags?post=208905"}],"curies":[{"name":"wp","href":"https:\/\/api.w.org\/{rel}","templated":true}]}}