{"id":208894,"date":"2023-06-28T21:43:54","date_gmt":"2023-06-28T19:43:54","guid":{"rendered":"https:\/\/tuzlainfo.ba\/?p=208894"},"modified":"2023-06-28T22:18:11","modified_gmt":"2023-06-28T20:18:11","slug":"burno-na-tusnju-husic-predlozio-imena-za-novi-uo-fk-sloboda-fukare-prekinule-sastanak","status":"publish","type":"post","link":"https:\/\/tuzlainfo.ba\/index.php\/novosti\/item\/208894-burno-na-tusnju-husic-predlozio-imena-za-novi-uo-fk-sloboda-fukare-prekinule-sastanak\/","title":{"rendered":"Burno na Tu\u0161nju: Husi\u0107 predlo\u017eio imena za novi UO FK Sloboda, &#8220;Fukare&#8221; prekinule sastanak"},"content":{"rendered":"<p>FK Sloboda uskoro \u0107e dobiti novi Upravni odbor. Na njegovom \u010delu bit \u0107e poznati biznismen i fudbalski radnik Azmir Husi\u0107. On je ispunio i posljednji zadatak koji je postavljen ispred njega i dostavio je listu imena za novi Upravni odbor.<\/p>\n<p>Pored Husi\u0107a koji \u0107e imati ulogu predsjednika Upravnog odbora FK Sloboda, novi Upravni odbor, kako pi\u0161e <a href=\"https:\/\/sportsport.ba\/fudbal\/fk-sloboda-upravni-odbor-azmir-husic\/453600\"><strong>SportSport.ba<\/strong><\/a>, \u010dinit \u0107e Adnan Omerovi\u0107, Muhamed Suljagi\u0107, Jasmin Jusi\u0107, Emir Be\u010di\u0107, Elvir Abdulahovi\u0107 i Sabahudin Vugdali\u0107.<\/p>\n<p>Svi \u010dlanovi Upravnog odbora automatski \u0107e biti i \u010dlanovi Skup\u0161tine kluba u koju su predlo\u017eeni jo\u0161 i dugogodi\u0161nji \u010dlanovi tuzlanskog tima Denis Kari\u0107 i Gradimir Crnogorac.<\/p>\n<p>Sjednica Skup\u0161tine tuzlanskog velikana bit \u0107e odr\u017eana do 4. jula kada \u0107e Husi\u0107 i zvani\u010dno preuzeti vo\u0111enje crveno-crnih s Tu\u0161nja.<\/p>\n<p>Danas je odr\u017ean sastanak komisije koja je trebala donijeti kona\u010dnu odluku o Husi\u0107evom prijedlogu za formiranje novog rukovodstva kluba. Sude\u0107i prema saop\u0161tenju navija\u010dke grupe Fukare Tuzla, danas nije proteklo sve u bajnoj atmosferi.<\/p>\n<p>Kako su saop\u0107ili iz navija\u010dke grupe Fukare Tuzla, sastanak je prekinut njihovim prisustvom.<\/p>\n<p>&#8211; Uo\u010dili smo da pojedinci koje smo smatrali &#8220;bra\u0107om&#8221; sa tribine odbijaju potpisati papir gdje su navedena imena sedan osoba koja bi sa\u010dinjavala UO FK Sloboda. A radi se o predstavniku UG Prijatelji FK Sloboda &#8211; Aleksandru Jovi\u0107u i predstavniku FK Sloboda &#8211; Eldaru Jusufovi\u0107u, navodi se u objavi navija\u010dke skupine Fukare.<\/p>\n<p>&#8211; Predstavnik UG Prijatelji FK Sloboda je odbio svaki prijedlog za br\u017ei oporavak kluba, a u nekim svojim ranijim obra\u0107anjima izrazio potpuno nepo\u0161tovanje i prozivanje na\u0161e navija\u010dke skupine poput slogana njemu dobro poznatog &#8220;nisu sve fukare Fukare, ali ima Fukara koje su fukare&#8221;. Iako se do sad nismo ogla\u0161avali, sada \u0107emo javno, protiv smo udru\u017eenja gra\u0111ana (ne)prijatelji FK Sloboda i tako \u0107e ostati sve dok se ne ograde od svojih \u010dlanova koji blate njihovo ime. Isto tako Eldar Jusufovi\u0107, koji je bio na\u0161 brat sa tribine, nam okre\u0107e le\u0111a i iako je u ostavci na mjestu direktora odbija da potpi\u0161e prijedlog novog saziva UO. Tako\u0111er Eldar Jusufovi\u0107 odbija nastaviti sastanak pred predstavnicima navija\u010dke skupine, napu\u0161ta isti i odlazi iz prostorija &#8211; saop\u0107eno je iz navija\u010dke grupe Fukare.<\/p>\n<p>&#8211; Ovim putem se \u017eelimo zahvaliti i iskazati punu podr\u0161ku gospodi Denisu Kari\u0107u i Gradimiru Crnogorcu na predanom radu i te\u017enji za napredovanje na\u0161eg kluba. O svim daljim mjerama \u0107e na\u0161a sportska javnost biti blagovremeno obavje\u0161tena &#8211; zaklju\u010dili su.<\/p>\n<p><iframe style=\"border: none; overflow: hidden;\" src=\"https:\/\/www.facebook.com\/plugins\/post.php?href=https%3A%2F%2Fwww.facebook.com%2FFukareTuzla87%2Fposts%2Fpfbid02LLSDAjjpQn2hdaX7vLpdsbUFBsMH5DwcqCrNJqmBT3V69AB27X6Hzo2PhDzEi6rXl&amp;show_text=true&amp;width=500\" width=\"500\" height=\"296\" frameborder=\"0\" scrolling=\"no\" allowfullscreen=\"allowfullscreen\"><\/iframe><\/p>\n","protected":false},"excerpt":{"rendered":"<p>FK Sloboda uskoro \u0107e dobiti novi Upravni odbor. Na njegovom \u010delu bit \u0107e poznati biznismen&hellip;<\/p>\n","protected":false},"author":2,"featured_media":142229,"comment_status":"open","ping_status":"closed","sticky":false,"template":"","format":"standard","meta":{"_acf_changed":false,"footnotes":""},"categories":[304,12,306],"tags":[466,2741,915],"acf":[],"yoast_head":"<!-- This site is optimized with the Yoast SEO plugin v23.5 - https:\/\/yoast.com\/wordpress\/plugins\/seo\/ -->\n<title>Burno na Tu\u0161nju: Husi\u0107 predlo\u017eio imena za novi UO FK Sloboda, &quot;Fukare&quot; prekinule sastanak - TuzlaInfo.ba<\/title>\n<meta name=\"robots\" content=\"index, follow, max-snippet:-1, max-image-preview:large, max-video-preview:-1\" \/>\n<link rel=\"canonical\" href=\"https:\/\/tuzlainfo.ba\/index.php\/novosti\/item\/208894-burno-na-tusnju-husic-predlozio-imena-za-novi-uo-fk-sloboda-fukare-prekinule-sastanak\/\" \/>\n<meta property=\"og:locale\" content=\"bs_BA\" \/>\n<meta property=\"og:type\" content=\"article\" \/>\n<meta property=\"og:title\" content=\"Burno na Tu\u0161nju: Husi\u0107 predlo\u017eio imena za novi UO FK Sloboda, &quot;Fukare&quot; prekinule sastanak - TuzlaInfo.ba\" \/>\n<meta property=\"og:description\" content=\"FK Sloboda uskoro \u0107e dobiti novi Upravni odbor. Na njegovom \u010delu bit \u0107e poznati biznismen&hellip;\" \/>\n<meta property=\"og:url\" content=\"https:\/\/tuzlainfo.ba\/index.php\/novosti\/item\/208894-burno-na-tusnju-husic-predlozio-imena-za-novi-uo-fk-sloboda-fukare-prekinule-sastanak\/\" \/>\n<meta property=\"og:site_name\" content=\"TuzlaInfo.ba\" \/>\n<meta property=\"article:publisher\" content=\"https:\/\/www.facebook.com\/tuzlainfo.ba\/\" \/>\n<meta property=\"article:published_time\" content=\"2023-06-28T19:43:54+00:00\" \/>\n<meta property=\"article:modified_time\" content=\"2023-06-28T20:18:11+00:00\" \/>\n<meta property=\"og:image\" content=\"https:\/\/tuzlainfo.ba\/wp-content\/uploads\/2021\/07\/1707_fksloboda_vizual.jpg\" \/>\n\t<meta property=\"og:image:width\" content=\"1000\" \/>\n\t<meta property=\"og:image:height\" content=\"481\" \/>\n\t<meta property=\"og:image:type\" content=\"image\/jpeg\" \/>\n<meta name=\"author\" content=\"nedim\" \/>\n<meta name=\"twitter:card\" content=\"summary_large_image\" \/>\n<meta name=\"twitter:label1\" content=\"Written by\" \/>\n\t<meta name=\"twitter:data1\" content=\"nedim\" \/>\n\t<meta name=\"twitter:label2\" content=\"Est. reading time\" \/>\n\t<meta name=\"twitter:data2\" content=\"2 minute\" \/>\n<script type=\"application\/ld+json\" class=\"yoast-schema-graph\">{\"@context\":\"https:\/\/schema.org\",\"@graph\":[{\"@type\":\"Article\",\"@id\":\"https:\/\/tuzlainfo.ba\/index.php\/novosti\/item\/208894-burno-na-tusnju-husic-predlozio-imena-za-novi-uo-fk-sloboda-fukare-prekinule-sastanak\/#article\",\"isPartOf\":{\"@id\":\"https:\/\/tuzlainfo.ba\/index.php\/novosti\/item\/208894-burno-na-tusnju-husic-predlozio-imena-za-novi-uo-fk-sloboda-fukare-prekinule-sastanak\/\"},\"author\":{\"name\":\"nedim\",\"@id\":\"https:\/\/tuzlainfo.ba\/#\/schema\/person\/f434e20dc27ea133923aab08451b7f7f\"},\"headline\":\"Burno na Tu\u0161nju: Husi\u0107 predlo\u017eio imena za novi UO FK Sloboda, &#8220;Fukare&#8221; prekinule sastanak\",\"datePublished\":\"2023-06-28T19:43:54+00:00\",\"dateModified\":\"2023-06-28T20:18:11+00:00\",\"mainEntityOfPage\":{\"@id\":\"https:\/\/tuzlainfo.ba\/index.php\/novosti\/item\/208894-burno-na-tusnju-husic-predlozio-imena-za-novi-uo-fk-sloboda-fukare-prekinule-sastanak\/\"},\"wordCount\":447,\"commentCount\":0,\"publisher\":{\"@id\":\"https:\/\/tuzlainfo.ba\/#organization\"},\"image\":{\"@id\":\"https:\/\/tuzlainfo.ba\/index.php\/novosti\/item\/208894-burno-na-tusnju-husic-predlozio-imena-za-novi-uo-fk-sloboda-fukare-prekinule-sastanak\/#primaryimage\"},\"thumbnailUrl\":\"https:\/\/tuzlainfo.ba\/wp-content\/uploads\/2021\/07\/1707_fksloboda_vizual.jpg\",\"keywords\":[\"fk sloboda\",\"fukare\",\"sport\"],\"articleSection\":[\"Istaknuto\",\"Novosti\",\"Preporu\u010dujemo\"],\"inLanguage\":\"bs-BA\"},{\"@type\":\"WebPage\",\"@id\":\"https:\/\/tuzlainfo.ba\/index.php\/novosti\/item\/208894-burno-na-tusnju-husic-predlozio-imena-za-novi-uo-fk-sloboda-fukare-prekinule-sastanak\/\",\"url\":\"https:\/\/tuzlainfo.ba\/index.php\/novosti\/item\/208894-burno-na-tusnju-husic-predlozio-imena-za-novi-uo-fk-sloboda-fukare-prekinule-sastanak\/\",\"name\":\"Burno na Tu\u0161nju: Husi\u0107 predlo\u017eio imena za novi UO FK Sloboda, \\\"Fukare\\\" prekinule sastanak - TuzlaInfo.ba\",\"isPartOf\":{\"@id\":\"https:\/\/tuzlainfo.ba\/#website\"},\"primaryImageOfPage\":{\"@id\":\"https:\/\/tuzlainfo.ba\/index.php\/novosti\/item\/208894-burno-na-tusnju-husic-predlozio-imena-za-novi-uo-fk-sloboda-fukare-prekinule-sastanak\/#primaryimage\"},\"image\":{\"@id\":\"https:\/\/tuzlainfo.ba\/index.php\/novosti\/item\/208894-burno-na-tusnju-husic-predlozio-imena-za-novi-uo-fk-sloboda-fukare-prekinule-sastanak\/#primaryimage\"},\"thumbnailUrl\":\"https:\/\/tuzlainfo.ba\/wp-content\/uploads\/2021\/07\/1707_fksloboda_vizual.jpg\",\"datePublished\":\"2023-06-28T19:43:54+00:00\",\"dateModified\":\"2023-06-28T20:18:11+00:00\",\"breadcrumb\":{\"@id\":\"https:\/\/tuzlainfo.ba\/index.php\/novosti\/item\/208894-burno-na-tusnju-husic-predlozio-imena-za-novi-uo-fk-sloboda-fukare-prekinule-sastanak\/#breadcrumb\"},\"inLanguage\":\"bs-BA\",\"potentialAction\":[{\"@type\":\"ReadAction\",\"target\":[\"https:\/\/tuzlainfo.ba\/index.php\/novosti\/item\/208894-burno-na-tusnju-husic-predlozio-imena-za-novi-uo-fk-sloboda-fukare-prekinule-sastanak\/\"]}]},{\"@type\":\"ImageObject\",\"inLanguage\":\"bs-BA\",\"@id\":\"https:\/\/tuzlainfo.ba\/index.php\/novosti\/item\/208894-burno-na-tusnju-husic-predlozio-imena-za-novi-uo-fk-sloboda-fukare-prekinule-sastanak\/#primaryimage\",\"url\":\"https:\/\/tuzlainfo.ba\/wp-content\/uploads\/2021\/07\/1707_fksloboda_vizual.jpg\",\"contentUrl\":\"https:\/\/tuzlainfo.ba\/wp-content\/uploads\/2021\/07\/1707_fksloboda_vizual.jpg\",\"width\":1000,\"height\":481},{\"@type\":\"BreadcrumbList\",\"@id\":\"https:\/\/tuzlainfo.ba\/index.php\/novosti\/item\/208894-burno-na-tusnju-husic-predlozio-imena-za-novi-uo-fk-sloboda-fukare-prekinule-sastanak\/#breadcrumb\",\"itemListElement\":[{\"@type\":\"ListItem\",\"position\":1,\"name\":\"Home\",\"item\":\"https:\/\/tuzlainfo.ba\/\"},{\"@type\":\"ListItem\",\"position\":2,\"name\":\"Burno na Tu\u0161nju: Husi\u0107 predlo\u017eio imena za novi UO FK Sloboda, &#8220;Fukare&#8221; prekinule sastanak\"}]},{\"@type\":\"WebSite\",\"@id\":\"https:\/\/tuzlainfo.ba\/#website\",\"url\":\"https:\/\/tuzlainfo.ba\/\",\"name\":\"TuzlaInfo.ba\",\"description\":\"Tuzla info, gradski informator - Tuzla na dlanu\",\"publisher\":{\"@id\":\"https:\/\/tuzlainfo.ba\/#organization\"},\"potentialAction\":[{\"@type\":\"SearchAction\",\"target\":{\"@type\":\"EntryPoint\",\"urlTemplate\":\"https:\/\/tuzlainfo.ba\/?s={search_term_string}\"},\"query-input\":{\"@type\":\"PropertyValueSpecification\",\"valueRequired\":true,\"valueName\":\"search_term_string\"}}],\"inLanguage\":\"bs-BA\"},{\"@type\":\"Organization\",\"@id\":\"https:\/\/tuzlainfo.ba\/#organization\",\"name\":\"TuzlaInfo.ba\",\"url\":\"https:\/\/tuzlainfo.ba\/\",\"logo\":{\"@type\":\"ImageObject\",\"inLanguage\":\"bs-BA\",\"@id\":\"https:\/\/tuzlainfo.ba\/#\/schema\/logo\/image\/\",\"url\":\"https:\/\/tuzlainfo.ba\/wp-content\/uploads\/2021\/03\/logo-ver-3-1.png\",\"contentUrl\":\"https:\/\/tuzlainfo.ba\/wp-content\/uploads\/2021\/03\/logo-ver-3-1.png\",\"width\":350,\"height\":95,\"caption\":\"TuzlaInfo.ba\"},\"image\":{\"@id\":\"https:\/\/tuzlainfo.ba\/#\/schema\/logo\/image\/\"},\"sameAs\":[\"https:\/\/www.facebook.com\/tuzlainfo.ba\/\"]},{\"@type\":\"Person\",\"@id\":\"https:\/\/tuzlainfo.ba\/#\/schema\/person\/f434e20dc27ea133923aab08451b7f7f\",\"name\":\"nedim\",\"image\":{\"@type\":\"ImageObject\",\"inLanguage\":\"bs-BA\",\"@id\":\"https:\/\/tuzlainfo.ba\/#\/schema\/person\/image\/\",\"url\":\"https:\/\/tuzlainfo.ba\/wp-content\/litespeed\/avatar\/aabad687af24844af817603ac1cbdc4f.jpg?ver=1776702173\",\"contentUrl\":\"https:\/\/tuzlainfo.ba\/wp-content\/litespeed\/avatar\/aabad687af24844af817603ac1cbdc4f.jpg?ver=1776702173\",\"caption\":\"nedim\"},\"description\":\"Tuzlainfo.ba pratite na dru\u0161tvenim mre\u017eama: Facebook, Instagram i Youtube. Svoje pri\u010de, upite i fotografije \u0161aljite na na\u0161u e-mail adresu.\"}]}<\/script>\n<!-- \/ Yoast SEO plugin. -->","yoast_head_json":{"title":"Burno na Tu\u0161nju: Husi\u0107 predlo\u017eio imena za novi UO FK Sloboda, \"Fukare\" prekinule sastanak - TuzlaInfo.ba","robots":{"index":"index","follow":"follow","max-snippet":"max-snippet:-1","max-image-preview":"max-image-preview:large","max-video-preview":"max-video-preview:-1"},"canonical":"https:\/\/tuzlainfo.ba\/index.php\/novosti\/item\/208894-burno-na-tusnju-husic-predlozio-imena-za-novi-uo-fk-sloboda-fukare-prekinule-sastanak\/","og_locale":"bs_BA","og_type":"article","og_title":"Burno na Tu\u0161nju: Husi\u0107 predlo\u017eio imena za novi UO FK Sloboda, \"Fukare\" prekinule sastanak - TuzlaInfo.ba","og_description":"FK Sloboda uskoro \u0107e dobiti novi Upravni odbor. Na njegovom \u010delu bit \u0107e poznati biznismen&hellip;","og_url":"https:\/\/tuzlainfo.ba\/index.php\/novosti\/item\/208894-burno-na-tusnju-husic-predlozio-imena-za-novi-uo-fk-sloboda-fukare-prekinule-sastanak\/","og_site_name":"TuzlaInfo.ba","article_publisher":"https:\/\/www.facebook.com\/tuzlainfo.ba\/","article_published_time":"2023-06-28T19:43:54+00:00","article_modified_time":"2023-06-28T20:18:11+00:00","og_image":[{"width":1000,"height":481,"url":"https:\/\/tuzlainfo.ba\/wp-content\/uploads\/2021\/07\/1707_fksloboda_vizual.jpg","type":"image\/jpeg"}],"author":"nedim","twitter_card":"summary_large_image","twitter_misc":{"Written by":"nedim","Est. reading time":"2 minute"},"schema":{"@context":"https:\/\/schema.org","@graph":[{"@type":"Article","@id":"https:\/\/tuzlainfo.ba\/index.php\/novosti\/item\/208894-burno-na-tusnju-husic-predlozio-imena-za-novi-uo-fk-sloboda-fukare-prekinule-sastanak\/#article","isPartOf":{"@id":"https:\/\/tuzlainfo.ba\/index.php\/novosti\/item\/208894-burno-na-tusnju-husic-predlozio-imena-za-novi-uo-fk-sloboda-fukare-prekinule-sastanak\/"},"author":{"name":"nedim","@id":"https:\/\/tuzlainfo.ba\/#\/schema\/person\/f434e20dc27ea133923aab08451b7f7f"},"headline":"Burno na Tu\u0161nju: Husi\u0107 predlo\u017eio imena za novi UO FK Sloboda, &#8220;Fukare&#8221; prekinule sastanak","datePublished":"2023-06-28T19:43:54+00:00","dateModified":"2023-06-28T20:18:11+00:00","mainEntityOfPage":{"@id":"https:\/\/tuzlainfo.ba\/index.php\/novosti\/item\/208894-burno-na-tusnju-husic-predlozio-imena-za-novi-uo-fk-sloboda-fukare-prekinule-sastanak\/"},"wordCount":447,"commentCount":0,"publisher":{"@id":"https:\/\/tuzlainfo.ba\/#organization"},"image":{"@id":"https:\/\/tuzlainfo.ba\/index.php\/novosti\/item\/208894-burno-na-tusnju-husic-predlozio-imena-za-novi-uo-fk-sloboda-fukare-prekinule-sastanak\/#primaryimage"},"thumbnailUrl":"https:\/\/tuzlainfo.ba\/wp-content\/uploads\/2021\/07\/1707_fksloboda_vizual.jpg","keywords":["fk sloboda","fukare","sport"],"articleSection":["Istaknuto","Novosti","Preporu\u010dujemo"],"inLanguage":"bs-BA"},{"@type":"WebPage","@id":"https:\/\/tuzlainfo.ba\/index.php\/novosti\/item\/208894-burno-na-tusnju-husic-predlozio-imena-za-novi-uo-fk-sloboda-fukare-prekinule-sastanak\/","url":"https:\/\/tuzlainfo.ba\/index.php\/novosti\/item\/208894-burno-na-tusnju-husic-predlozio-imena-za-novi-uo-fk-sloboda-fukare-prekinule-sastanak\/","name":"Burno na Tu\u0161nju: Husi\u0107 predlo\u017eio imena za novi UO FK Sloboda, \"Fukare\" prekinule sastanak - TuzlaInfo.ba","isPartOf":{"@id":"https:\/\/tuzlainfo.ba\/#website"},"primaryImageOfPage":{"@id":"https:\/\/tuzlainfo.ba\/index.php\/novosti\/item\/208894-burno-na-tusnju-husic-predlozio-imena-za-novi-uo-fk-sloboda-fukare-prekinule-sastanak\/#primaryimage"},"image":{"@id":"https:\/\/tuzlainfo.ba\/index.php\/novosti\/item\/208894-burno-na-tusnju-husic-predlozio-imena-za-novi-uo-fk-sloboda-fukare-prekinule-sastanak\/#primaryimage"},"thumbnailUrl":"https:\/\/tuzlainfo.ba\/wp-content\/uploads\/2021\/07\/1707_fksloboda_vizual.jpg","datePublished":"2023-06-28T19:43:54+00:00","dateModified":"2023-06-28T20:18:11+00:00","breadcrumb":{"@id":"https:\/\/tuzlainfo.ba\/index.php\/novosti\/item\/208894-burno-na-tusnju-husic-predlozio-imena-za-novi-uo-fk-sloboda-fukare-prekinule-sastanak\/#breadcrumb"},"inLanguage":"bs-BA","potentialAction":[{"@type":"ReadAction","target":["https:\/\/tuzlainfo.ba\/index.php\/novosti\/item\/208894-burno-na-tusnju-husic-predlozio-imena-za-novi-uo-fk-sloboda-fukare-prekinule-sastanak\/"]}]},{"@type":"ImageObject","inLanguage":"bs-BA","@id":"https:\/\/tuzlainfo.ba\/index.php\/novosti\/item\/208894-burno-na-tusnju-husic-predlozio-imena-za-novi-uo-fk-sloboda-fukare-prekinule-sastanak\/#primaryimage","url":"https:\/\/tuzlainfo.ba\/wp-content\/uploads\/2021\/07\/1707_fksloboda_vizual.jpg","contentUrl":"https:\/\/tuzlainfo.ba\/wp-content\/uploads\/2021\/07\/1707_fksloboda_vizual.jpg","width":1000,"height":481},{"@type":"BreadcrumbList","@id":"https:\/\/tuzlainfo.ba\/index.php\/novosti\/item\/208894-burno-na-tusnju-husic-predlozio-imena-za-novi-uo-fk-sloboda-fukare-prekinule-sastanak\/#breadcrumb","itemListElement":[{"@type":"ListItem","position":1,"name":"Home","item":"https:\/\/tuzlainfo.ba\/"},{"@type":"ListItem","position":2,"name":"Burno na Tu\u0161nju: Husi\u0107 predlo\u017eio imena za novi UO FK Sloboda, &#8220;Fukare&#8221; prekinule sastanak"}]},{"@type":"WebSite","@id":"https:\/\/tuzlainfo.ba\/#website","url":"https:\/\/tuzlainfo.ba\/","name":"TuzlaInfo.ba","description":"Tuzla info, gradski informator - Tuzla na dlanu","publisher":{"@id":"https:\/\/tuzlainfo.ba\/#organization"},"potentialAction":[{"@type":"SearchAction","target":{"@type":"EntryPoint","urlTemplate":"https:\/\/tuzlainfo.ba\/?s={search_term_string}"},"query-input":{"@type":"PropertyValueSpecification","valueRequired":true,"valueName":"search_term_string"}}],"inLanguage":"bs-BA"},{"@type":"Organization","@id":"https:\/\/tuzlainfo.ba\/#organization","name":"TuzlaInfo.ba","url":"https:\/\/tuzlainfo.ba\/","logo":{"@type":"ImageObject","inLanguage":"bs-BA","@id":"https:\/\/tuzlainfo.ba\/#\/schema\/logo\/image\/","url":"https:\/\/tuzlainfo.ba\/wp-content\/uploads\/2021\/03\/logo-ver-3-1.png","contentUrl":"https:\/\/tuzlainfo.ba\/wp-content\/uploads\/2021\/03\/logo-ver-3-1.png","width":350,"height":95,"caption":"TuzlaInfo.ba"},"image":{"@id":"https:\/\/tuzlainfo.ba\/#\/schema\/logo\/image\/"},"sameAs":["https:\/\/www.facebook.com\/tuzlainfo.ba\/"]},{"@type":"Person","@id":"https:\/\/tuzlainfo.ba\/#\/schema\/person\/f434e20dc27ea133923aab08451b7f7f","name":"nedim","image":{"@type":"ImageObject","inLanguage":"bs-BA","@id":"https:\/\/tuzlainfo.ba\/#\/schema\/person\/image\/","url":"https:\/\/tuzlainfo.ba\/wp-content\/litespeed\/avatar\/aabad687af24844af817603ac1cbdc4f.jpg?ver=1776702173","contentUrl":"https:\/\/tuzlainfo.ba\/wp-content\/litespeed\/avatar\/aabad687af24844af817603ac1cbdc4f.jpg?ver=1776702173","caption":"nedim"},"description":"Tuzlainfo.ba pratite na dru\u0161tvenim mre\u017eama: Facebook, Instagram i Youtube. Svoje pri\u010de, upite i fotografije \u0161aljite na na\u0161u e-mail adresu."}]}},"_links":{"self":[{"href":"https:\/\/tuzlainfo.ba\/index.php\/wp-json\/wp\/v2\/posts\/208894"}],"collection":[{"href":"https:\/\/tuzlainfo.ba\/index.php\/wp-json\/wp\/v2\/posts"}],"about":[{"href":"https:\/\/tuzlainfo.ba\/index.php\/wp-json\/wp\/v2\/types\/post"}],"author":[{"embeddable":true,"href":"https:\/\/tuzlainfo.ba\/index.php\/wp-json\/wp\/v2\/users\/2"}],"replies":[{"embeddable":true,"href":"https:\/\/tuzlainfo.ba\/index.php\/wp-json\/wp\/v2\/comments?post=208894"}],"version-history":[{"count":0,"href":"https:\/\/tuzlainfo.ba\/index.php\/wp-json\/wp\/v2\/posts\/208894\/revisions"}],"wp:featuredmedia":[{"embeddable":true,"href":"https:\/\/tuzlainfo.ba\/index.php\/wp-json\/wp\/v2\/media\/142229"}],"wp:attachment":[{"href":"https:\/\/tuzlainfo.ba\/index.php\/wp-json\/wp\/v2\/media?parent=208894"}],"wp:term":[{"taxonomy":"category","embeddable":true,"href":"https:\/\/tuzlainfo.ba\/index.php\/wp-json\/wp\/v2\/categories?post=208894"},{"taxonomy":"post_tag","embeddable":true,"href":"https:\/\/tuzlainfo.ba\/index.php\/wp-json\/wp\/v2\/tags?post=208894"}],"curies":[{"name":"wp","href":"https:\/\/api.w.org\/{rel}","templated":true}]}}