{"id":208870,"date":"2023-06-28T17:30:32","date_gmt":"2023-06-28T15:30:32","guid":{"rendered":"https:\/\/tuzlainfo.ba\/?p=208870"},"modified":"2023-06-28T16:26:19","modified_gmt":"2023-06-28T14:26:19","slug":"upucena-inicijativa-da-se-omoguci-pratnja-tokom-poroda-u-svim-porodilistima-u-fbih","status":"publish","type":"post","link":"https:\/\/tuzlainfo.ba\/index.php\/bosna-i-hercegovina\/item\/208870-upucena-inicijativa-da-se-omoguci-pratnja-tokom-poroda-u-svim-porodilistima-u-fbih\/","title":{"rendered":"Upu\u0107ena inicijativa da se omogu\u0107i pratnja tokom poroda u svim porodili\u0161tima u FBIH"},"content":{"rendered":"<p>Zastupnica Demokratske fronte u Parlamentu Federacije Bosne i Hercegovine Marijana Hrvi\u0107-\u0160ikuljak podnijela je inicijativu za omogu\u0107avanje pratnje tokom cijelog poroda (pratnja \/ osoba za koju porodilja odlu\u010di da bude prisutna) uklju\u010duju\u0107i prirodni i carski rez, u svim porodili\u0161tima na podru\u010dju FBiH.<\/p>\n<p>Ova zastupnica podsje\u0107a da Evropska komisija u Izvje\u0161taju za BiH za 2022. navela da na\u0161a zemlja mora pobolj\u0161ati uvjete u bolnicama i porodili\u0161tima, i zabraniti aku\u0161ersko nasilje, u skladu sa svojim obavezama prema Istanbulskoj konvenciji.<\/p>\n<p>Prema informacijama koje je od porodili\u0161ta dobilo Udru\u017eenje Baby Steps u zdravstvenim ustanovama \/ porodili\u0161tima u Federaciji BiH, pratnja po \u017eelji porodilje tokom cijelog prirodnog poroda je dozvoljena u JZU UKC Tuzla i Sveu\u010dili\u0161noj klini\u010dkoj bolnici Mostar.<\/p>\n<p>Pratnja tokom cijelog poroda i carskog reza dozvoljena je samo u Plavoj klinici u Tuzli. U nekim porodili\u0161tima je dozvoljeno da budu prisutni samo mu\u017eevi i to samo na kraju poroda, u nekim nije uop\u0107e dozvoljena pratnja ili se ne po\u0161tuju pravila.<\/p>\n<p><strong>&#8220;Aku\u0161ersko nasilje (fizi\u010dko i psihi\u010dko zlostavljanje tokom trudno\u0107e, poroda i nakon poroda) i dalje je prisutno u porodili\u0161tima u FBiH, \u0161to predstavlja kr\u0161enje osnovnih ljudskih prava i prava pacijentica i koje mo\u017ee dovesti do zdravstvenih komplikacija, postporo\u0111ajne depresije, psiholo\u0161kih poreme\u0107aja, te u najgorem slu\u010daju smrt majke i \/ ili bebe zbog zanemarivanja&#8221;,<\/strong>\u00a0navodi Marijana Hrvi\u0107\u2013\u0160ikuljak u inicijativi.<\/p>\n<p>Napominje da je Udru\u017eenje Baby Steps provelo istra\u017eivanje u maju ove godine: \u201cZa\u0161to ne prijavljujemo kr\u0161enja prava na porodu?\u201d, a u kojem je u\u010destvovalo 416 porodilja. Skoro 80 posto anektiranih \u017eena u BiH smatra da su im tokom poro\u0111aja bila ugro\u017eena neka od prava, ali to nisu nikome prijavile \u201cjer ne vjeruju da bi se time i\u0161ta promijenilo\u201d.<\/p>\n<p>Aku\u0161ersko nasilje podrazumijeva i emocionalne prijetnje, ucjene i uslovljavanje pru\u017eanja usluga pra\u0107eno koruptivnim radnjama u porodili\u0161tima (iznu\u0111ivanje novca i poklona) koje je u BiH veoma prisutno. Prijavljivanje korupcije u ovim slu\u010dajevima se ne de\u0161ava.<\/p>\n<p>Pravosudne institucije nisu u mogu\u0107nosti djelovati jer nedostaju prijave i dokazi dok, s druge strane, pacijentice \/ porodilje nemaju povjerenje u mehanizme prijavljivanja korupcije i pravosudni sistem.<\/p>\n<p><strong>&#8220;Pratnja tokom cijelog poroda u svim porodili\u0161tima FBiH mo\u017ee imati mnogo obostranih prednosti koje \u0107e zdravstveni sistem u\u010diniti kvalitetnijim, sprije\u010diti korupciju, aku\u0161ersko nasilje, a \u017eene ohrabriti da ra\u0111aju \u0161to mo\u017ee direktno utjecati na pove\u0107anje nataliteta i pobolj\u0161ati demografsku sliku u Bosni i Hercegovini koja je znatno ugro\u017eena&#8221;<\/strong>, zaklju\u010duje Hrvi\u0107-\u0160ikuljak, pi\u0161e <a href=\"https:\/\/www.akta.ba\/vijesti\/bih\/164375\/upucena-inicijativa-da-se-omoguci-pratnja-tokom-cijelog-poroda-u-svim-porodilist\">Akta.ba.<\/a><\/p>\n","protected":false},"excerpt":{"rendered":"<p>Zastupnica Demokratske fronte u Parlamentu Federacije Bosne i Hercegovine Marijana Hrvi\u0107-\u0160ikuljak podnijela je inicijativu za&hellip;<\/p>\n","protected":false},"author":4,"featured_media":153875,"comment_status":"open","ping_status":"closed","sticky":false,"template":"","format":"standard","meta":{"_acf_changed":false,"footnotes":""},"categories":[291,304],"tags":[746,1237,7306],"acf":[],"yoast_head":"<!-- This site is optimized with the Yoast SEO plugin v23.5 - https:\/\/yoast.com\/wordpress\/plugins\/seo\/ -->\n<title>Upu\u0107ena inicijativa da se omogu\u0107i pratnja tokom poroda u svim porodili\u0161tima u FBIH - TuzlaInfo.ba<\/title>\n<meta name=\"robots\" content=\"index, follow, max-snippet:-1, max-image-preview:large, max-video-preview:-1\" \/>\n<link rel=\"canonical\" href=\"https:\/\/tuzlainfo.ba\/index.php\/bosna-i-hercegovina\/item\/208870-upucena-inicijativa-da-se-omoguci-pratnja-tokom-poroda-u-svim-porodilistima-u-fbih\/\" \/>\n<meta property=\"og:locale\" content=\"bs_BA\" \/>\n<meta property=\"og:type\" content=\"article\" \/>\n<meta property=\"og:title\" content=\"Upu\u0107ena inicijativa da se omogu\u0107i pratnja tokom poroda u svim porodili\u0161tima u FBIH - TuzlaInfo.ba\" \/>\n<meta property=\"og:description\" content=\"Zastupnica Demokratske fronte u Parlamentu Federacije Bosne i Hercegovine Marijana Hrvi\u0107-\u0160ikuljak podnijela je inicijativu za&hellip;\" \/>\n<meta property=\"og:url\" content=\"https:\/\/tuzlainfo.ba\/index.php\/bosna-i-hercegovina\/item\/208870-upucena-inicijativa-da-se-omoguci-pratnja-tokom-poroda-u-svim-porodilistima-u-fbih\/\" \/>\n<meta property=\"og:site_name\" content=\"TuzlaInfo.ba\" \/>\n<meta property=\"article:publisher\" content=\"https:\/\/www.facebook.com\/tuzlainfo.ba\/\" \/>\n<meta property=\"article:published_time\" content=\"2023-06-28T15:30:32+00:00\" \/>\n<meta property=\"article:modified_time\" content=\"2023-06-28T14:26:19+00:00\" \/>\n<meta property=\"og:image\" content=\"https:\/\/tuzlainfo.ba\/wp-content\/uploads\/2021\/11\/0911_beba-ruka-i-majka.jpg\" \/>\n\t<meta property=\"og:image:width\" content=\"900\" \/>\n\t<meta property=\"og:image:height\" content=\"599\" \/>\n\t<meta property=\"og:image:type\" content=\"image\/jpeg\" \/>\n<meta name=\"author\" content=\"Tuzla Info\" \/>\n<meta name=\"twitter:card\" content=\"summary_large_image\" \/>\n<meta name=\"twitter:label1\" content=\"Written by\" \/>\n\t<meta name=\"twitter:data1\" content=\"Tuzla Info\" \/>\n\t<meta name=\"twitter:label2\" content=\"Est. reading time\" \/>\n\t<meta name=\"twitter:data2\" content=\"2 minute\" \/>\n<script type=\"application\/ld+json\" class=\"yoast-schema-graph\">{\"@context\":\"https:\/\/schema.org\",\"@graph\":[{\"@type\":\"Article\",\"@id\":\"https:\/\/tuzlainfo.ba\/index.php\/bosna-i-hercegovina\/item\/208870-upucena-inicijativa-da-se-omoguci-pratnja-tokom-poroda-u-svim-porodilistima-u-fbih\/#article\",\"isPartOf\":{\"@id\":\"https:\/\/tuzlainfo.ba\/index.php\/bosna-i-hercegovina\/item\/208870-upucena-inicijativa-da-se-omoguci-pratnja-tokom-poroda-u-svim-porodilistima-u-fbih\/\"},\"author\":{\"name\":\"Tuzla Info\",\"@id\":\"https:\/\/tuzlainfo.ba\/#\/schema\/person\/46cad4c57790cbc50781edd14870825a\"},\"headline\":\"Upu\u0107ena inicijativa da se omogu\u0107i pratnja tokom poroda u svim porodili\u0161tima u FBIH\",\"datePublished\":\"2023-06-28T15:30:32+00:00\",\"dateModified\":\"2023-06-28T14:26:19+00:00\",\"mainEntityOfPage\":{\"@id\":\"https:\/\/tuzlainfo.ba\/index.php\/bosna-i-hercegovina\/item\/208870-upucena-inicijativa-da-se-omoguci-pratnja-tokom-poroda-u-svim-porodilistima-u-fbih\/\"},\"wordCount\":458,\"commentCount\":0,\"publisher\":{\"@id\":\"https:\/\/tuzlainfo.ba\/#organization\"},\"image\":{\"@id\":\"https:\/\/tuzlainfo.ba\/index.php\/bosna-i-hercegovina\/item\/208870-upucena-inicijativa-da-se-omoguci-pratnja-tokom-poroda-u-svim-porodilistima-u-fbih\/#primaryimage\"},\"thumbnailUrl\":\"https:\/\/tuzlainfo.ba\/wp-content\/uploads\/2021\/11\/0911_beba-ruka-i-majka.jpg\",\"keywords\":[\"federacija BiH\",\"inicijativa\",\"porod\"],\"articleSection\":[\"Bosna i Hercegovina\",\"Istaknuto\"],\"inLanguage\":\"bs-BA\"},{\"@type\":\"WebPage\",\"@id\":\"https:\/\/tuzlainfo.ba\/index.php\/bosna-i-hercegovina\/item\/208870-upucena-inicijativa-da-se-omoguci-pratnja-tokom-poroda-u-svim-porodilistima-u-fbih\/\",\"url\":\"https:\/\/tuzlainfo.ba\/index.php\/bosna-i-hercegovina\/item\/208870-upucena-inicijativa-da-se-omoguci-pratnja-tokom-poroda-u-svim-porodilistima-u-fbih\/\",\"name\":\"Upu\u0107ena inicijativa da se omogu\u0107i pratnja tokom poroda u svim porodili\u0161tima u FBIH - TuzlaInfo.ba\",\"isPartOf\":{\"@id\":\"https:\/\/tuzlainfo.ba\/#website\"},\"primaryImageOfPage\":{\"@id\":\"https:\/\/tuzlainfo.ba\/index.php\/bosna-i-hercegovina\/item\/208870-upucena-inicijativa-da-se-omoguci-pratnja-tokom-poroda-u-svim-porodilistima-u-fbih\/#primaryimage\"},\"image\":{\"@id\":\"https:\/\/tuzlainfo.ba\/index.php\/bosna-i-hercegovina\/item\/208870-upucena-inicijativa-da-se-omoguci-pratnja-tokom-poroda-u-svim-porodilistima-u-fbih\/#primaryimage\"},\"thumbnailUrl\":\"https:\/\/tuzlainfo.ba\/wp-content\/uploads\/2021\/11\/0911_beba-ruka-i-majka.jpg\",\"datePublished\":\"2023-06-28T15:30:32+00:00\",\"dateModified\":\"2023-06-28T14:26:19+00:00\",\"breadcrumb\":{\"@id\":\"https:\/\/tuzlainfo.ba\/index.php\/bosna-i-hercegovina\/item\/208870-upucena-inicijativa-da-se-omoguci-pratnja-tokom-poroda-u-svim-porodilistima-u-fbih\/#breadcrumb\"},\"inLanguage\":\"bs-BA\",\"potentialAction\":[{\"@type\":\"ReadAction\",\"target\":[\"https:\/\/tuzlainfo.ba\/index.php\/bosna-i-hercegovina\/item\/208870-upucena-inicijativa-da-se-omoguci-pratnja-tokom-poroda-u-svim-porodilistima-u-fbih\/\"]}]},{\"@type\":\"ImageObject\",\"inLanguage\":\"bs-BA\",\"@id\":\"https:\/\/tuzlainfo.ba\/index.php\/bosna-i-hercegovina\/item\/208870-upucena-inicijativa-da-se-omoguci-pratnja-tokom-poroda-u-svim-porodilistima-u-fbih\/#primaryimage\",\"url\":\"https:\/\/tuzlainfo.ba\/wp-content\/uploads\/2021\/11\/0911_beba-ruka-i-majka.jpg\",\"contentUrl\":\"https:\/\/tuzlainfo.ba\/wp-content\/uploads\/2021\/11\/0911_beba-ruka-i-majka.jpg\",\"width\":900,\"height\":599},{\"@type\":\"BreadcrumbList\",\"@id\":\"https:\/\/tuzlainfo.ba\/index.php\/bosna-i-hercegovina\/item\/208870-upucena-inicijativa-da-se-omoguci-pratnja-tokom-poroda-u-svim-porodilistima-u-fbih\/#breadcrumb\",\"itemListElement\":[{\"@type\":\"ListItem\",\"position\":1,\"name\":\"Home\",\"item\":\"https:\/\/tuzlainfo.ba\/\"},{\"@type\":\"ListItem\",\"position\":2,\"name\":\"Upu\u0107ena inicijativa da se omogu\u0107i pratnja tokom poroda u svim porodili\u0161tima u FBIH\"}]},{\"@type\":\"WebSite\",\"@id\":\"https:\/\/tuzlainfo.ba\/#website\",\"url\":\"https:\/\/tuzlainfo.ba\/\",\"name\":\"TuzlaInfo.ba\",\"description\":\"Tuzla info, gradski informator - Tuzla na dlanu\",\"publisher\":{\"@id\":\"https:\/\/tuzlainfo.ba\/#organization\"},\"potentialAction\":[{\"@type\":\"SearchAction\",\"target\":{\"@type\":\"EntryPoint\",\"urlTemplate\":\"https:\/\/tuzlainfo.ba\/?s={search_term_string}\"},\"query-input\":{\"@type\":\"PropertyValueSpecification\",\"valueRequired\":true,\"valueName\":\"search_term_string\"}}],\"inLanguage\":\"bs-BA\"},{\"@type\":\"Organization\",\"@id\":\"https:\/\/tuzlainfo.ba\/#organization\",\"name\":\"TuzlaInfo.ba\",\"url\":\"https:\/\/tuzlainfo.ba\/\",\"logo\":{\"@type\":\"ImageObject\",\"inLanguage\":\"bs-BA\",\"@id\":\"https:\/\/tuzlainfo.ba\/#\/schema\/logo\/image\/\",\"url\":\"https:\/\/tuzlainfo.ba\/wp-content\/uploads\/2021\/03\/logo-ver-3-1.png\",\"contentUrl\":\"https:\/\/tuzlainfo.ba\/wp-content\/uploads\/2021\/03\/logo-ver-3-1.png\",\"width\":350,\"height\":95,\"caption\":\"TuzlaInfo.ba\"},\"image\":{\"@id\":\"https:\/\/tuzlainfo.ba\/#\/schema\/logo\/image\/\"},\"sameAs\":[\"https:\/\/www.facebook.com\/tuzlainfo.ba\/\"]},{\"@type\":\"Person\",\"@id\":\"https:\/\/tuzlainfo.ba\/#\/schema\/person\/46cad4c57790cbc50781edd14870825a\",\"name\":\"Tuzla Info\",\"image\":{\"@type\":\"ImageObject\",\"inLanguage\":\"bs-BA\",\"@id\":\"https:\/\/tuzlainfo.ba\/#\/schema\/person\/image\/\",\"url\":\"https:\/\/tuzlainfo.ba\/wp-content\/litespeed\/avatar\/b6c453a6c38e3654f2e4416c643fc25c.jpg?ver=1777051911\",\"contentUrl\":\"https:\/\/tuzlainfo.ba\/wp-content\/litespeed\/avatar\/b6c453a6c38e3654f2e4416c643fc25c.jpg?ver=1777051911\",\"caption\":\"Tuzla Info\"}}]}<\/script>\n<!-- \/ Yoast SEO plugin. -->","yoast_head_json":{"title":"Upu\u0107ena inicijativa da se omogu\u0107i pratnja tokom poroda u svim porodili\u0161tima u FBIH - TuzlaInfo.ba","robots":{"index":"index","follow":"follow","max-snippet":"max-snippet:-1","max-image-preview":"max-image-preview:large","max-video-preview":"max-video-preview:-1"},"canonical":"https:\/\/tuzlainfo.ba\/index.php\/bosna-i-hercegovina\/item\/208870-upucena-inicijativa-da-se-omoguci-pratnja-tokom-poroda-u-svim-porodilistima-u-fbih\/","og_locale":"bs_BA","og_type":"article","og_title":"Upu\u0107ena inicijativa da se omogu\u0107i pratnja tokom poroda u svim porodili\u0161tima u FBIH - TuzlaInfo.ba","og_description":"Zastupnica Demokratske fronte u Parlamentu Federacije Bosne i Hercegovine Marijana Hrvi\u0107-\u0160ikuljak podnijela je inicijativu za&hellip;","og_url":"https:\/\/tuzlainfo.ba\/index.php\/bosna-i-hercegovina\/item\/208870-upucena-inicijativa-da-se-omoguci-pratnja-tokom-poroda-u-svim-porodilistima-u-fbih\/","og_site_name":"TuzlaInfo.ba","article_publisher":"https:\/\/www.facebook.com\/tuzlainfo.ba\/","article_published_time":"2023-06-28T15:30:32+00:00","article_modified_time":"2023-06-28T14:26:19+00:00","og_image":[{"width":900,"height":599,"url":"https:\/\/tuzlainfo.ba\/wp-content\/uploads\/2021\/11\/0911_beba-ruka-i-majka.jpg","type":"image\/jpeg"}],"author":"Tuzla Info","twitter_card":"summary_large_image","twitter_misc":{"Written by":"Tuzla Info","Est. reading time":"2 minute"},"schema":{"@context":"https:\/\/schema.org","@graph":[{"@type":"Article","@id":"https:\/\/tuzlainfo.ba\/index.php\/bosna-i-hercegovina\/item\/208870-upucena-inicijativa-da-se-omoguci-pratnja-tokom-poroda-u-svim-porodilistima-u-fbih\/#article","isPartOf":{"@id":"https:\/\/tuzlainfo.ba\/index.php\/bosna-i-hercegovina\/item\/208870-upucena-inicijativa-da-se-omoguci-pratnja-tokom-poroda-u-svim-porodilistima-u-fbih\/"},"author":{"name":"Tuzla Info","@id":"https:\/\/tuzlainfo.ba\/#\/schema\/person\/46cad4c57790cbc50781edd14870825a"},"headline":"Upu\u0107ena inicijativa da se omogu\u0107i pratnja tokom poroda u svim porodili\u0161tima u FBIH","datePublished":"2023-06-28T15:30:32+00:00","dateModified":"2023-06-28T14:26:19+00:00","mainEntityOfPage":{"@id":"https:\/\/tuzlainfo.ba\/index.php\/bosna-i-hercegovina\/item\/208870-upucena-inicijativa-da-se-omoguci-pratnja-tokom-poroda-u-svim-porodilistima-u-fbih\/"},"wordCount":458,"commentCount":0,"publisher":{"@id":"https:\/\/tuzlainfo.ba\/#organization"},"image":{"@id":"https:\/\/tuzlainfo.ba\/index.php\/bosna-i-hercegovina\/item\/208870-upucena-inicijativa-da-se-omoguci-pratnja-tokom-poroda-u-svim-porodilistima-u-fbih\/#primaryimage"},"thumbnailUrl":"https:\/\/tuzlainfo.ba\/wp-content\/uploads\/2021\/11\/0911_beba-ruka-i-majka.jpg","keywords":["federacija BiH","inicijativa","porod"],"articleSection":["Bosna i Hercegovina","Istaknuto"],"inLanguage":"bs-BA"},{"@type":"WebPage","@id":"https:\/\/tuzlainfo.ba\/index.php\/bosna-i-hercegovina\/item\/208870-upucena-inicijativa-da-se-omoguci-pratnja-tokom-poroda-u-svim-porodilistima-u-fbih\/","url":"https:\/\/tuzlainfo.ba\/index.php\/bosna-i-hercegovina\/item\/208870-upucena-inicijativa-da-se-omoguci-pratnja-tokom-poroda-u-svim-porodilistima-u-fbih\/","name":"Upu\u0107ena inicijativa da se omogu\u0107i pratnja tokom poroda u svim porodili\u0161tima u FBIH - TuzlaInfo.ba","isPartOf":{"@id":"https:\/\/tuzlainfo.ba\/#website"},"primaryImageOfPage":{"@id":"https:\/\/tuzlainfo.ba\/index.php\/bosna-i-hercegovina\/item\/208870-upucena-inicijativa-da-se-omoguci-pratnja-tokom-poroda-u-svim-porodilistima-u-fbih\/#primaryimage"},"image":{"@id":"https:\/\/tuzlainfo.ba\/index.php\/bosna-i-hercegovina\/item\/208870-upucena-inicijativa-da-se-omoguci-pratnja-tokom-poroda-u-svim-porodilistima-u-fbih\/#primaryimage"},"thumbnailUrl":"https:\/\/tuzlainfo.ba\/wp-content\/uploads\/2021\/11\/0911_beba-ruka-i-majka.jpg","datePublished":"2023-06-28T15:30:32+00:00","dateModified":"2023-06-28T14:26:19+00:00","breadcrumb":{"@id":"https:\/\/tuzlainfo.ba\/index.php\/bosna-i-hercegovina\/item\/208870-upucena-inicijativa-da-se-omoguci-pratnja-tokom-poroda-u-svim-porodilistima-u-fbih\/#breadcrumb"},"inLanguage":"bs-BA","potentialAction":[{"@type":"ReadAction","target":["https:\/\/tuzlainfo.ba\/index.php\/bosna-i-hercegovina\/item\/208870-upucena-inicijativa-da-se-omoguci-pratnja-tokom-poroda-u-svim-porodilistima-u-fbih\/"]}]},{"@type":"ImageObject","inLanguage":"bs-BA","@id":"https:\/\/tuzlainfo.ba\/index.php\/bosna-i-hercegovina\/item\/208870-upucena-inicijativa-da-se-omoguci-pratnja-tokom-poroda-u-svim-porodilistima-u-fbih\/#primaryimage","url":"https:\/\/tuzlainfo.ba\/wp-content\/uploads\/2021\/11\/0911_beba-ruka-i-majka.jpg","contentUrl":"https:\/\/tuzlainfo.ba\/wp-content\/uploads\/2021\/11\/0911_beba-ruka-i-majka.jpg","width":900,"height":599},{"@type":"BreadcrumbList","@id":"https:\/\/tuzlainfo.ba\/index.php\/bosna-i-hercegovina\/item\/208870-upucena-inicijativa-da-se-omoguci-pratnja-tokom-poroda-u-svim-porodilistima-u-fbih\/#breadcrumb","itemListElement":[{"@type":"ListItem","position":1,"name":"Home","item":"https:\/\/tuzlainfo.ba\/"},{"@type":"ListItem","position":2,"name":"Upu\u0107ena inicijativa da se omogu\u0107i pratnja tokom poroda u svim porodili\u0161tima u FBIH"}]},{"@type":"WebSite","@id":"https:\/\/tuzlainfo.ba\/#website","url":"https:\/\/tuzlainfo.ba\/","name":"TuzlaInfo.ba","description":"Tuzla info, gradski informator - Tuzla na dlanu","publisher":{"@id":"https:\/\/tuzlainfo.ba\/#organization"},"potentialAction":[{"@type":"SearchAction","target":{"@type":"EntryPoint","urlTemplate":"https:\/\/tuzlainfo.ba\/?s={search_term_string}"},"query-input":{"@type":"PropertyValueSpecification","valueRequired":true,"valueName":"search_term_string"}}],"inLanguage":"bs-BA"},{"@type":"Organization","@id":"https:\/\/tuzlainfo.ba\/#organization","name":"TuzlaInfo.ba","url":"https:\/\/tuzlainfo.ba\/","logo":{"@type":"ImageObject","inLanguage":"bs-BA","@id":"https:\/\/tuzlainfo.ba\/#\/schema\/logo\/image\/","url":"https:\/\/tuzlainfo.ba\/wp-content\/uploads\/2021\/03\/logo-ver-3-1.png","contentUrl":"https:\/\/tuzlainfo.ba\/wp-content\/uploads\/2021\/03\/logo-ver-3-1.png","width":350,"height":95,"caption":"TuzlaInfo.ba"},"image":{"@id":"https:\/\/tuzlainfo.ba\/#\/schema\/logo\/image\/"},"sameAs":["https:\/\/www.facebook.com\/tuzlainfo.ba\/"]},{"@type":"Person","@id":"https:\/\/tuzlainfo.ba\/#\/schema\/person\/46cad4c57790cbc50781edd14870825a","name":"Tuzla Info","image":{"@type":"ImageObject","inLanguage":"bs-BA","@id":"https:\/\/tuzlainfo.ba\/#\/schema\/person\/image\/","url":"https:\/\/tuzlainfo.ba\/wp-content\/litespeed\/avatar\/b6c453a6c38e3654f2e4416c643fc25c.jpg?ver=1777051911","contentUrl":"https:\/\/tuzlainfo.ba\/wp-content\/litespeed\/avatar\/b6c453a6c38e3654f2e4416c643fc25c.jpg?ver=1777051911","caption":"Tuzla Info"}}]}},"_links":{"self":[{"href":"https:\/\/tuzlainfo.ba\/index.php\/wp-json\/wp\/v2\/posts\/208870"}],"collection":[{"href":"https:\/\/tuzlainfo.ba\/index.php\/wp-json\/wp\/v2\/posts"}],"about":[{"href":"https:\/\/tuzlainfo.ba\/index.php\/wp-json\/wp\/v2\/types\/post"}],"author":[{"embeddable":true,"href":"https:\/\/tuzlainfo.ba\/index.php\/wp-json\/wp\/v2\/users\/4"}],"replies":[{"embeddable":true,"href":"https:\/\/tuzlainfo.ba\/index.php\/wp-json\/wp\/v2\/comments?post=208870"}],"version-history":[{"count":0,"href":"https:\/\/tuzlainfo.ba\/index.php\/wp-json\/wp\/v2\/posts\/208870\/revisions"}],"wp:featuredmedia":[{"embeddable":true,"href":"https:\/\/tuzlainfo.ba\/index.php\/wp-json\/wp\/v2\/media\/153875"}],"wp:attachment":[{"href":"https:\/\/tuzlainfo.ba\/index.php\/wp-json\/wp\/v2\/media?parent=208870"}],"wp:term":[{"taxonomy":"category","embeddable":true,"href":"https:\/\/tuzlainfo.ba\/index.php\/wp-json\/wp\/v2\/categories?post=208870"},{"taxonomy":"post_tag","embeddable":true,"href":"https:\/\/tuzlainfo.ba\/index.php\/wp-json\/wp\/v2\/tags?post=208870"}],"curies":[{"name":"wp","href":"https:\/\/api.w.org\/{rel}","templated":true}]}}