{"id":208857,"date":"2023-06-28T13:08:56","date_gmt":"2023-06-28T11:08:56","guid":{"rendered":"https:\/\/tuzlainfo.ba\/?p=208857"},"modified":"2023-06-28T12:10:52","modified_gmt":"2023-06-28T10:10:52","slug":"oko-25-miliona-vjernika-obavilo-hadz-u-bih-se-uskoro-vraca-vise-od-dvije-hiljade-hadzija","status":"publish","type":"post","link":"https:\/\/tuzlainfo.ba\/index.php\/clanci\/sa-svih-strana\/item\/208857-oko-25-miliona-vjernika-obavilo-hadz-u-bih-se-uskoro-vraca-vise-od-dvije-hiljade-hadzija\/","title":{"rendered":"Oko 2,5 miliona vjernika obavilo had\u017e, u BiH se uskoro vra\u0107a vi\u0161e od dvije hiljade had\u017eija"},"content":{"rendered":"<p>Oko 2,5 miliona muslimana, koji trenutno borave na svetim mjestima u Saudijskoj Arabiji povodom obreda had\u017ea, upotpunili su svoje obrede i zvani\u010dno postali had\u017eije, javlja Anadolu.<\/p>\n<div id=\"rtvsl-1527087599\" class=\"rtvsl-test\">\n<p>Nakon boravka na brdu Arafat, jednom od tri farza ili tri temeljna obreda had\u017ea, vjernici su se ju\u010der nakon zalaska sunca uputili prema dolini Muzdelifi gdje su se zadr\u017eali do zore prvog dana bajrama.<\/p>\n<p>Tu su skupili kamen\u010di\u0107e, a nakon toga oti\u0161li prema Mini, gdje su obavili obred \u201dbacanja kamen\u010di\u0107a\u201d na tri mjesta zvana d\u017eemreta. \u201cBacanje kamen\u010di\u0107a\u201d simboli\u010dno zna\u010di borbu protiv prokletog \u0161ejtana. Muslimani su time upotpunili obrede had\u017ea i postali had\u017eije.<\/p>\n<p>Potom su oti\u0161li do Kabe gdje su obavili tavaf, obred had\u017ea koji se sastoji od kru\u017eenja, odnosno obila\u017eenja oko Kabe. Tokom had\u017ea, muslimani koji su odlu\u010dili da obave ovu petu islamska du\u017enost obilaze oko Kabe sedam puta i to u smjeru obrnutom od smjera kretanja kazaljke na satu.<\/p>\n<p>Ove godine u organizaciji Ureda za had\u017e i umru iz BiH had\u017e je obavilo 2.200 had\u017eija iz Bosne i Hercegovine. Povratak je planiran od 5. do 8. jula.<\/p>\n<\/div>\n","protected":false},"excerpt":{"rendered":"<p>Oko 2,5 miliona muslimana, koji trenutno borave na svetim mjestima u Saudijskoj Arabiji povodom obreda&hellip;<\/p>\n","protected":false},"author":4,"featured_media":71733,"comment_status":"open","ping_status":"closed","sticky":false,"template":"","format":"standard","meta":{"_acf_changed":false,"footnotes":""},"categories":[304,16],"tags":[1577,7304,1846],"acf":[],"yoast_head":"<!-- This site is optimized with the Yoast SEO plugin v23.5 - https:\/\/yoast.com\/wordpress\/plugins\/seo\/ -->\n<title>Oko 2,5 miliona vjernika obavilo had\u017e, u BiH se uskoro vra\u0107a vi\u0161e od dvije hiljade had\u017eija - TuzlaInfo.ba<\/title>\n<meta name=\"robots\" content=\"index, follow, max-snippet:-1, max-image-preview:large, max-video-preview:-1\" \/>\n<link rel=\"canonical\" href=\"https:\/\/tuzlainfo.ba\/index.php\/clanci\/sa-svih-strana\/item\/208857-oko-25-miliona-vjernika-obavilo-hadz-u-bih-se-uskoro-vraca-vise-od-dvije-hiljade-hadzija\/\" \/>\n<meta property=\"og:locale\" content=\"bs_BA\" \/>\n<meta property=\"og:type\" content=\"article\" \/>\n<meta property=\"og:title\" content=\"Oko 2,5 miliona vjernika obavilo had\u017e, u BiH se uskoro vra\u0107a vi\u0161e od dvije hiljade had\u017eija - TuzlaInfo.ba\" \/>\n<meta property=\"og:description\" content=\"Oko 2,5 miliona muslimana, koji trenutno borave na svetim mjestima u Saudijskoj Arabiji povodom obreda&hellip;\" \/>\n<meta property=\"og:url\" content=\"https:\/\/tuzlainfo.ba\/index.php\/clanci\/sa-svih-strana\/item\/208857-oko-25-miliona-vjernika-obavilo-hadz-u-bih-se-uskoro-vraca-vise-od-dvije-hiljade-hadzija\/\" \/>\n<meta property=\"og:site_name\" content=\"TuzlaInfo.ba\" \/>\n<meta property=\"article:publisher\" content=\"https:\/\/www.facebook.com\/tuzlainfo.ba\/\" \/>\n<meta property=\"article:published_time\" content=\"2023-06-28T11:08:56+00:00\" \/>\n<meta property=\"article:modified_time\" content=\"2023-06-28T10:10:52+00:00\" \/>\n<meta property=\"og:image\" content=\"https:\/\/tuzlainfo.ba\/wp-content\/uploads\/2019\/07\/sadrzaj_2019_20190701_1607_hadz.jpg\" \/>\n\t<meta property=\"og:image:width\" content=\"770\" \/>\n\t<meta property=\"og:image:height\" content=\"472\" \/>\n\t<meta property=\"og:image:type\" content=\"image\/jpeg\" \/>\n<meta name=\"author\" content=\"Tuzla Info\" \/>\n<meta name=\"twitter:card\" content=\"summary_large_image\" \/>\n<meta name=\"twitter:label1\" content=\"Written by\" \/>\n\t<meta name=\"twitter:data1\" content=\"Tuzla Info\" \/>\n\t<meta name=\"twitter:label2\" content=\"Est. reading time\" \/>\n\t<meta name=\"twitter:data2\" content=\"1 minuta\" \/>\n<script type=\"application\/ld+json\" class=\"yoast-schema-graph\">{\"@context\":\"https:\/\/schema.org\",\"@graph\":[{\"@type\":\"Article\",\"@id\":\"https:\/\/tuzlainfo.ba\/index.php\/clanci\/sa-svih-strana\/item\/208857-oko-25-miliona-vjernika-obavilo-hadz-u-bih-se-uskoro-vraca-vise-od-dvije-hiljade-hadzija\/#article\",\"isPartOf\":{\"@id\":\"https:\/\/tuzlainfo.ba\/index.php\/clanci\/sa-svih-strana\/item\/208857-oko-25-miliona-vjernika-obavilo-hadz-u-bih-se-uskoro-vraca-vise-od-dvije-hiljade-hadzija\/\"},\"author\":{\"name\":\"Tuzla Info\",\"@id\":\"https:\/\/tuzlainfo.ba\/#\/schema\/person\/46cad4c57790cbc50781edd14870825a\"},\"headline\":\"Oko 2,5 miliona vjernika obavilo had\u017e, u BiH se uskoro vra\u0107a vi\u0161e od dvije hiljade had\u017eija\",\"datePublished\":\"2023-06-28T11:08:56+00:00\",\"dateModified\":\"2023-06-28T10:10:52+00:00\",\"mainEntityOfPage\":{\"@id\":\"https:\/\/tuzlainfo.ba\/index.php\/clanci\/sa-svih-strana\/item\/208857-oko-25-miliona-vjernika-obavilo-hadz-u-bih-se-uskoro-vraca-vise-od-dvije-hiljade-hadzija\/\"},\"wordCount\":214,\"commentCount\":0,\"publisher\":{\"@id\":\"https:\/\/tuzlainfo.ba\/#organization\"},\"image\":{\"@id\":\"https:\/\/tuzlainfo.ba\/index.php\/clanci\/sa-svih-strana\/item\/208857-oko-25-miliona-vjernika-obavilo-hadz-u-bih-se-uskoro-vraca-vise-od-dvije-hiljade-hadzija\/#primaryimage\"},\"thumbnailUrl\":\"https:\/\/tuzlainfo.ba\/wp-content\/uploads\/2019\/07\/sadrzaj_2019_20190701_1607_hadz.jpg\",\"keywords\":[\"had\u017e\",\"ha\u017edije\",\"kurban bajram\"],\"articleSection\":[\"Istaknuto\",\"Sa svih strana\"],\"inLanguage\":\"bs-BA\"},{\"@type\":\"WebPage\",\"@id\":\"https:\/\/tuzlainfo.ba\/index.php\/clanci\/sa-svih-strana\/item\/208857-oko-25-miliona-vjernika-obavilo-hadz-u-bih-se-uskoro-vraca-vise-od-dvije-hiljade-hadzija\/\",\"url\":\"https:\/\/tuzlainfo.ba\/index.php\/clanci\/sa-svih-strana\/item\/208857-oko-25-miliona-vjernika-obavilo-hadz-u-bih-se-uskoro-vraca-vise-od-dvije-hiljade-hadzija\/\",\"name\":\"Oko 2,5 miliona vjernika obavilo had\u017e, u BiH se uskoro vra\u0107a vi\u0161e od dvije hiljade had\u017eija - TuzlaInfo.ba\",\"isPartOf\":{\"@id\":\"https:\/\/tuzlainfo.ba\/#website\"},\"primaryImageOfPage\":{\"@id\":\"https:\/\/tuzlainfo.ba\/index.php\/clanci\/sa-svih-strana\/item\/208857-oko-25-miliona-vjernika-obavilo-hadz-u-bih-se-uskoro-vraca-vise-od-dvije-hiljade-hadzija\/#primaryimage\"},\"image\":{\"@id\":\"https:\/\/tuzlainfo.ba\/index.php\/clanci\/sa-svih-strana\/item\/208857-oko-25-miliona-vjernika-obavilo-hadz-u-bih-se-uskoro-vraca-vise-od-dvije-hiljade-hadzija\/#primaryimage\"},\"thumbnailUrl\":\"https:\/\/tuzlainfo.ba\/wp-content\/uploads\/2019\/07\/sadrzaj_2019_20190701_1607_hadz.jpg\",\"datePublished\":\"2023-06-28T11:08:56+00:00\",\"dateModified\":\"2023-06-28T10:10:52+00:00\",\"breadcrumb\":{\"@id\":\"https:\/\/tuzlainfo.ba\/index.php\/clanci\/sa-svih-strana\/item\/208857-oko-25-miliona-vjernika-obavilo-hadz-u-bih-se-uskoro-vraca-vise-od-dvije-hiljade-hadzija\/#breadcrumb\"},\"inLanguage\":\"bs-BA\",\"potentialAction\":[{\"@type\":\"ReadAction\",\"target\":[\"https:\/\/tuzlainfo.ba\/index.php\/clanci\/sa-svih-strana\/item\/208857-oko-25-miliona-vjernika-obavilo-hadz-u-bih-se-uskoro-vraca-vise-od-dvije-hiljade-hadzija\/\"]}]},{\"@type\":\"ImageObject\",\"inLanguage\":\"bs-BA\",\"@id\":\"https:\/\/tuzlainfo.ba\/index.php\/clanci\/sa-svih-strana\/item\/208857-oko-25-miliona-vjernika-obavilo-hadz-u-bih-se-uskoro-vraca-vise-od-dvije-hiljade-hadzija\/#primaryimage\",\"url\":\"https:\/\/tuzlainfo.ba\/wp-content\/uploads\/2019\/07\/sadrzaj_2019_20190701_1607_hadz.jpg\",\"contentUrl\":\"https:\/\/tuzlainfo.ba\/wp-content\/uploads\/2019\/07\/sadrzaj_2019_20190701_1607_hadz.jpg\",\"width\":770,\"height\":472,\"caption\":\"1607 hadz\"},{\"@type\":\"BreadcrumbList\",\"@id\":\"https:\/\/tuzlainfo.ba\/index.php\/clanci\/sa-svih-strana\/item\/208857-oko-25-miliona-vjernika-obavilo-hadz-u-bih-se-uskoro-vraca-vise-od-dvije-hiljade-hadzija\/#breadcrumb\",\"itemListElement\":[{\"@type\":\"ListItem\",\"position\":1,\"name\":\"Home\",\"item\":\"https:\/\/tuzlainfo.ba\/\"},{\"@type\":\"ListItem\",\"position\":2,\"name\":\"Oko 2,5 miliona vjernika obavilo had\u017e, u BiH se uskoro vra\u0107a vi\u0161e od dvije hiljade had\u017eija\"}]},{\"@type\":\"WebSite\",\"@id\":\"https:\/\/tuzlainfo.ba\/#website\",\"url\":\"https:\/\/tuzlainfo.ba\/\",\"name\":\"TuzlaInfo.ba\",\"description\":\"Tuzla info, gradski informator - Tuzla na dlanu\",\"publisher\":{\"@id\":\"https:\/\/tuzlainfo.ba\/#organization\"},\"potentialAction\":[{\"@type\":\"SearchAction\",\"target\":{\"@type\":\"EntryPoint\",\"urlTemplate\":\"https:\/\/tuzlainfo.ba\/?s={search_term_string}\"},\"query-input\":{\"@type\":\"PropertyValueSpecification\",\"valueRequired\":true,\"valueName\":\"search_term_string\"}}],\"inLanguage\":\"bs-BA\"},{\"@type\":\"Organization\",\"@id\":\"https:\/\/tuzlainfo.ba\/#organization\",\"name\":\"TuzlaInfo.ba\",\"url\":\"https:\/\/tuzlainfo.ba\/\",\"logo\":{\"@type\":\"ImageObject\",\"inLanguage\":\"bs-BA\",\"@id\":\"https:\/\/tuzlainfo.ba\/#\/schema\/logo\/image\/\",\"url\":\"https:\/\/tuzlainfo.ba\/wp-content\/uploads\/2021\/03\/logo-ver-3-1.png\",\"contentUrl\":\"https:\/\/tuzlainfo.ba\/wp-content\/uploads\/2021\/03\/logo-ver-3-1.png\",\"width\":350,\"height\":95,\"caption\":\"TuzlaInfo.ba\"},\"image\":{\"@id\":\"https:\/\/tuzlainfo.ba\/#\/schema\/logo\/image\/\"},\"sameAs\":[\"https:\/\/www.facebook.com\/tuzlainfo.ba\/\"]},{\"@type\":\"Person\",\"@id\":\"https:\/\/tuzlainfo.ba\/#\/schema\/person\/46cad4c57790cbc50781edd14870825a\",\"name\":\"Tuzla Info\",\"image\":{\"@type\":\"ImageObject\",\"inLanguage\":\"bs-BA\",\"@id\":\"https:\/\/tuzlainfo.ba\/#\/schema\/person\/image\/\",\"url\":\"https:\/\/tuzlainfo.ba\/wp-content\/litespeed\/avatar\/b6c453a6c38e3654f2e4416c643fc25c.jpg?ver=1777051911\",\"contentUrl\":\"https:\/\/tuzlainfo.ba\/wp-content\/litespeed\/avatar\/b6c453a6c38e3654f2e4416c643fc25c.jpg?ver=1777051911\",\"caption\":\"Tuzla Info\"}}]}<\/script>\n<!-- \/ Yoast SEO plugin. -->","yoast_head_json":{"title":"Oko 2,5 miliona vjernika obavilo had\u017e, u BiH se uskoro vra\u0107a vi\u0161e od dvije hiljade had\u017eija - TuzlaInfo.ba","robots":{"index":"index","follow":"follow","max-snippet":"max-snippet:-1","max-image-preview":"max-image-preview:large","max-video-preview":"max-video-preview:-1"},"canonical":"https:\/\/tuzlainfo.ba\/index.php\/clanci\/sa-svih-strana\/item\/208857-oko-25-miliona-vjernika-obavilo-hadz-u-bih-se-uskoro-vraca-vise-od-dvije-hiljade-hadzija\/","og_locale":"bs_BA","og_type":"article","og_title":"Oko 2,5 miliona vjernika obavilo had\u017e, u BiH se uskoro vra\u0107a vi\u0161e od dvije hiljade had\u017eija - TuzlaInfo.ba","og_description":"Oko 2,5 miliona muslimana, koji trenutno borave na svetim mjestima u Saudijskoj Arabiji povodom obreda&hellip;","og_url":"https:\/\/tuzlainfo.ba\/index.php\/clanci\/sa-svih-strana\/item\/208857-oko-25-miliona-vjernika-obavilo-hadz-u-bih-se-uskoro-vraca-vise-od-dvije-hiljade-hadzija\/","og_site_name":"TuzlaInfo.ba","article_publisher":"https:\/\/www.facebook.com\/tuzlainfo.ba\/","article_published_time":"2023-06-28T11:08:56+00:00","article_modified_time":"2023-06-28T10:10:52+00:00","og_image":[{"width":770,"height":472,"url":"https:\/\/tuzlainfo.ba\/wp-content\/uploads\/2019\/07\/sadrzaj_2019_20190701_1607_hadz.jpg","type":"image\/jpeg"}],"author":"Tuzla Info","twitter_card":"summary_large_image","twitter_misc":{"Written by":"Tuzla Info","Est. reading time":"1 minuta"},"schema":{"@context":"https:\/\/schema.org","@graph":[{"@type":"Article","@id":"https:\/\/tuzlainfo.ba\/index.php\/clanci\/sa-svih-strana\/item\/208857-oko-25-miliona-vjernika-obavilo-hadz-u-bih-se-uskoro-vraca-vise-od-dvije-hiljade-hadzija\/#article","isPartOf":{"@id":"https:\/\/tuzlainfo.ba\/index.php\/clanci\/sa-svih-strana\/item\/208857-oko-25-miliona-vjernika-obavilo-hadz-u-bih-se-uskoro-vraca-vise-od-dvije-hiljade-hadzija\/"},"author":{"name":"Tuzla Info","@id":"https:\/\/tuzlainfo.ba\/#\/schema\/person\/46cad4c57790cbc50781edd14870825a"},"headline":"Oko 2,5 miliona vjernika obavilo had\u017e, u BiH se uskoro vra\u0107a vi\u0161e od dvije hiljade had\u017eija","datePublished":"2023-06-28T11:08:56+00:00","dateModified":"2023-06-28T10:10:52+00:00","mainEntityOfPage":{"@id":"https:\/\/tuzlainfo.ba\/index.php\/clanci\/sa-svih-strana\/item\/208857-oko-25-miliona-vjernika-obavilo-hadz-u-bih-se-uskoro-vraca-vise-od-dvije-hiljade-hadzija\/"},"wordCount":214,"commentCount":0,"publisher":{"@id":"https:\/\/tuzlainfo.ba\/#organization"},"image":{"@id":"https:\/\/tuzlainfo.ba\/index.php\/clanci\/sa-svih-strana\/item\/208857-oko-25-miliona-vjernika-obavilo-hadz-u-bih-se-uskoro-vraca-vise-od-dvije-hiljade-hadzija\/#primaryimage"},"thumbnailUrl":"https:\/\/tuzlainfo.ba\/wp-content\/uploads\/2019\/07\/sadrzaj_2019_20190701_1607_hadz.jpg","keywords":["had\u017e","ha\u017edije","kurban bajram"],"articleSection":["Istaknuto","Sa svih strana"],"inLanguage":"bs-BA"},{"@type":"WebPage","@id":"https:\/\/tuzlainfo.ba\/index.php\/clanci\/sa-svih-strana\/item\/208857-oko-25-miliona-vjernika-obavilo-hadz-u-bih-se-uskoro-vraca-vise-od-dvije-hiljade-hadzija\/","url":"https:\/\/tuzlainfo.ba\/index.php\/clanci\/sa-svih-strana\/item\/208857-oko-25-miliona-vjernika-obavilo-hadz-u-bih-se-uskoro-vraca-vise-od-dvije-hiljade-hadzija\/","name":"Oko 2,5 miliona vjernika obavilo had\u017e, u BiH se uskoro vra\u0107a vi\u0161e od dvije hiljade had\u017eija - TuzlaInfo.ba","isPartOf":{"@id":"https:\/\/tuzlainfo.ba\/#website"},"primaryImageOfPage":{"@id":"https:\/\/tuzlainfo.ba\/index.php\/clanci\/sa-svih-strana\/item\/208857-oko-25-miliona-vjernika-obavilo-hadz-u-bih-se-uskoro-vraca-vise-od-dvije-hiljade-hadzija\/#primaryimage"},"image":{"@id":"https:\/\/tuzlainfo.ba\/index.php\/clanci\/sa-svih-strana\/item\/208857-oko-25-miliona-vjernika-obavilo-hadz-u-bih-se-uskoro-vraca-vise-od-dvije-hiljade-hadzija\/#primaryimage"},"thumbnailUrl":"https:\/\/tuzlainfo.ba\/wp-content\/uploads\/2019\/07\/sadrzaj_2019_20190701_1607_hadz.jpg","datePublished":"2023-06-28T11:08:56+00:00","dateModified":"2023-06-28T10:10:52+00:00","breadcrumb":{"@id":"https:\/\/tuzlainfo.ba\/index.php\/clanci\/sa-svih-strana\/item\/208857-oko-25-miliona-vjernika-obavilo-hadz-u-bih-se-uskoro-vraca-vise-od-dvije-hiljade-hadzija\/#breadcrumb"},"inLanguage":"bs-BA","potentialAction":[{"@type":"ReadAction","target":["https:\/\/tuzlainfo.ba\/index.php\/clanci\/sa-svih-strana\/item\/208857-oko-25-miliona-vjernika-obavilo-hadz-u-bih-se-uskoro-vraca-vise-od-dvije-hiljade-hadzija\/"]}]},{"@type":"ImageObject","inLanguage":"bs-BA","@id":"https:\/\/tuzlainfo.ba\/index.php\/clanci\/sa-svih-strana\/item\/208857-oko-25-miliona-vjernika-obavilo-hadz-u-bih-se-uskoro-vraca-vise-od-dvije-hiljade-hadzija\/#primaryimage","url":"https:\/\/tuzlainfo.ba\/wp-content\/uploads\/2019\/07\/sadrzaj_2019_20190701_1607_hadz.jpg","contentUrl":"https:\/\/tuzlainfo.ba\/wp-content\/uploads\/2019\/07\/sadrzaj_2019_20190701_1607_hadz.jpg","width":770,"height":472,"caption":"1607 hadz"},{"@type":"BreadcrumbList","@id":"https:\/\/tuzlainfo.ba\/index.php\/clanci\/sa-svih-strana\/item\/208857-oko-25-miliona-vjernika-obavilo-hadz-u-bih-se-uskoro-vraca-vise-od-dvije-hiljade-hadzija\/#breadcrumb","itemListElement":[{"@type":"ListItem","position":1,"name":"Home","item":"https:\/\/tuzlainfo.ba\/"},{"@type":"ListItem","position":2,"name":"Oko 2,5 miliona vjernika obavilo had\u017e, u BiH se uskoro vra\u0107a vi\u0161e od dvije hiljade had\u017eija"}]},{"@type":"WebSite","@id":"https:\/\/tuzlainfo.ba\/#website","url":"https:\/\/tuzlainfo.ba\/","name":"TuzlaInfo.ba","description":"Tuzla info, gradski informator - Tuzla na dlanu","publisher":{"@id":"https:\/\/tuzlainfo.ba\/#organization"},"potentialAction":[{"@type":"SearchAction","target":{"@type":"EntryPoint","urlTemplate":"https:\/\/tuzlainfo.ba\/?s={search_term_string}"},"query-input":{"@type":"PropertyValueSpecification","valueRequired":true,"valueName":"search_term_string"}}],"inLanguage":"bs-BA"},{"@type":"Organization","@id":"https:\/\/tuzlainfo.ba\/#organization","name":"TuzlaInfo.ba","url":"https:\/\/tuzlainfo.ba\/","logo":{"@type":"ImageObject","inLanguage":"bs-BA","@id":"https:\/\/tuzlainfo.ba\/#\/schema\/logo\/image\/","url":"https:\/\/tuzlainfo.ba\/wp-content\/uploads\/2021\/03\/logo-ver-3-1.png","contentUrl":"https:\/\/tuzlainfo.ba\/wp-content\/uploads\/2021\/03\/logo-ver-3-1.png","width":350,"height":95,"caption":"TuzlaInfo.ba"},"image":{"@id":"https:\/\/tuzlainfo.ba\/#\/schema\/logo\/image\/"},"sameAs":["https:\/\/www.facebook.com\/tuzlainfo.ba\/"]},{"@type":"Person","@id":"https:\/\/tuzlainfo.ba\/#\/schema\/person\/46cad4c57790cbc50781edd14870825a","name":"Tuzla Info","image":{"@type":"ImageObject","inLanguage":"bs-BA","@id":"https:\/\/tuzlainfo.ba\/#\/schema\/person\/image\/","url":"https:\/\/tuzlainfo.ba\/wp-content\/litespeed\/avatar\/b6c453a6c38e3654f2e4416c643fc25c.jpg?ver=1777051911","contentUrl":"https:\/\/tuzlainfo.ba\/wp-content\/litespeed\/avatar\/b6c453a6c38e3654f2e4416c643fc25c.jpg?ver=1777051911","caption":"Tuzla Info"}}]}},"_links":{"self":[{"href":"https:\/\/tuzlainfo.ba\/index.php\/wp-json\/wp\/v2\/posts\/208857"}],"collection":[{"href":"https:\/\/tuzlainfo.ba\/index.php\/wp-json\/wp\/v2\/posts"}],"about":[{"href":"https:\/\/tuzlainfo.ba\/index.php\/wp-json\/wp\/v2\/types\/post"}],"author":[{"embeddable":true,"href":"https:\/\/tuzlainfo.ba\/index.php\/wp-json\/wp\/v2\/users\/4"}],"replies":[{"embeddable":true,"href":"https:\/\/tuzlainfo.ba\/index.php\/wp-json\/wp\/v2\/comments?post=208857"}],"version-history":[{"count":0,"href":"https:\/\/tuzlainfo.ba\/index.php\/wp-json\/wp\/v2\/posts\/208857\/revisions"}],"wp:featuredmedia":[{"embeddable":true,"href":"https:\/\/tuzlainfo.ba\/index.php\/wp-json\/wp\/v2\/media\/71733"}],"wp:attachment":[{"href":"https:\/\/tuzlainfo.ba\/index.php\/wp-json\/wp\/v2\/media?parent=208857"}],"wp:term":[{"taxonomy":"category","embeddable":true,"href":"https:\/\/tuzlainfo.ba\/index.php\/wp-json\/wp\/v2\/categories?post=208857"},{"taxonomy":"post_tag","embeddable":true,"href":"https:\/\/tuzlainfo.ba\/index.php\/wp-json\/wp\/v2\/tags?post=208857"}],"curies":[{"name":"wp","href":"https:\/\/api.w.org\/{rel}","templated":true}]}}