{"id":208823,"date":"2023-06-28T11:00:10","date_gmt":"2023-06-28T09:00:10","guid":{"rendered":"https:\/\/tuzlainfo.ba\/?p=208823"},"modified":"2023-06-28T09:42:55","modified_gmt":"2023-06-28T07:42:55","slug":"bajramska-cestitka-premijera-tuzlanskog-kantona-irfana-halilagica","status":"publish","type":"post","link":"https:\/\/tuzlainfo.ba\/index.php\/novosti\/item\/208823-bajramska-cestitka-premijera-tuzlanskog-kantona-irfana-halilagica\/","title":{"rendered":"Bajramska \u010destitka premijera Tuzlanskog kantona Irfana Halilagi\u0107a"},"content":{"rendered":"<p>U povodu Kurban bajrama, premijer Tuzlanskog kantona Irfan Halilagi\u0107 upu\u0107uje javnu \u010destitku u kojoj stoji:<\/p>\n<p>\u201eSvim vjernicima islamske vjeroispovijesti, u ime Vlade Tuzlanskog kantona i u svoje ime, upu\u0107ujem iskrene \u010destitke povodom praznika Kurban-bajrama, uz tradicionalni pozdrav<\/p>\n<p>Bajram \u0161erif mubarek olsun.<\/p>\n<p>Jedna od univerzalnih poruka Kurban-bajrama je radost dijeljenja. Zajedni\u0161tvo kroz dijeljenje i po\u0161tivanje ideje tolerancije najve\u0107i je poklon u Bosni i Hercegovini. Ovom porukom Kurban \u2013 bajram nas u\u010di da budemo bolji ljudi. Nastupaju\u0107i dani su dani produhovljenja u kojima u\u010dvr\u0161\u0107ujemo i oplemenjujemo na\u0161e porodi\u010dne veze, ali i veze s na\u0161im prijateljima i kom\u0161ijama.<\/p>\n<p>Uz nadu da \u0107e nas i ovaj veliki vjerski praznik potaknuti da \u010dinimo dobro i da posebnu pa\u017enju posvetimo nemo\u0107nima \u017eelim vam da dane Kurban \u2013bajrama provedete u miru i radosti.\u201c<\/p>\n","protected":false},"excerpt":{"rendered":"<p>U povodu Kurban bajrama, premijer Tuzlanskog kantona Irfan Halilagi\u0107 upu\u0107uje javnu \u010destitku u kojoj stoji: \u201eSvim vjernicima islamske vjeroispovijesti, u ime Vlade Tuzlanskog kantona i u svoje ime, upu\u0107ujem iskrene \u010destitke povodom praznika Kurban-bajrama, uz tradicionalni pozdrav Bajram \u0161erif mubarek olsun. Jedna od univerzalnih poruka Kurban-bajrama je radost dijeljenja. Zajedni\u0161tvo kroz dijeljenje i po\u0161tivanje ideje [&hellip;]<\/p>\n","protected":false},"author":2,"featured_media":208824,"comment_status":"open","ping_status":"closed","sticky":false,"template":"","format":"standard","meta":{"footnotes":""},"categories":[12],"tags":[1158,1846,336],"class_list":["post-208823","post","type-post","status-publish","format-standard","has-post-thumbnail","hentry","category-novosti","tag-bajramska-cestitka","tag-kurban-bajram","tag-vlada-tk"],"yoast_head":"<!-- This site is optimized with the Yoast SEO plugin v28.4 - https:\/\/yoast.com\/product\/yoast-seo-wordpress\/ -->\n<title>Bajramska \u010destitka premijera Tuzlanskog kantona Irfana Halilagi\u0107a<\/title>\n<meta name=\"robots\" content=\"index, follow, max-snippet:-1, max-image-preview:large, max-video-preview:-1\" \/>\n<link rel=\"canonical\" href=\"https:\/\/tuzlainfo.ba\/index.php\/novosti\/item\/208823-bajramska-cestitka-premijera-tuzlanskog-kantona-irfana-halilagica\/\" \/>\n<meta property=\"og:locale\" content=\"bs_BA\" \/>\n<meta property=\"og:type\" content=\"article\" \/>\n<meta property=\"og:title\" content=\"Bajramska \u010destitka premijera Tuzlanskog kantona Irfana Halilagi\u0107a\" \/>\n<meta property=\"og:description\" content=\"U povodu Kurban bajrama, premijer Tuzlanskog kantona Irfan Halilagi\u0107 upu\u0107uje javnu \u010destitku u kojoj stoji: \u201eSvim vjernicima islamske vjeroispovijesti, u ime Vlade Tuzlanskog kantona i u svoje ime, upu\u0107ujem iskrene \u010destitke povodom praznika Kurban-bajrama, uz tradicionalni pozdrav Bajram \u0161erif mubarek olsun. Jedna od univerzalnih poruka Kurban-bajrama je radost dijeljenja. Zajedni\u0161tvo kroz dijeljenje i po\u0161tivanje ideje [&hellip;]\" \/>\n<meta property=\"og:url\" content=\"https:\/\/tuzlainfo.ba\/index.php\/novosti\/item\/208823-bajramska-cestitka-premijera-tuzlanskog-kantona-irfana-halilagica\/\" \/>\n<meta property=\"og:site_name\" content=\"TuzlaInfo.ba\" \/>\n<meta property=\"article:publisher\" content=\"https:\/\/www.facebook.com\/tuzlainfo.ba\/\" \/>\n<meta property=\"article:published_time\" content=\"2023-06-28T09:00:10+00:00\" \/>\n<meta property=\"og:image\" content=\"https:\/\/tuzlainfo.ba\/wp-content\/uploads\/2023\/06\/Cestitka-Kurban-bajram.jpg\" \/>\n\t<meta property=\"og:image:width\" content=\"1200\" \/>\n\t<meta property=\"og:image:height\" content=\"696\" \/>\n\t<meta property=\"og:image:type\" content=\"image\/jpeg\" \/>\n<meta name=\"author\" content=\"nedim\" \/>\n<meta name=\"twitter:card\" content=\"summary_large_image\" \/>\n<meta name=\"twitter:label1\" content=\"Written by\" \/>\n\t<meta name=\"twitter:data1\" content=\"nedim\" \/>\n\t<meta name=\"twitter:label2\" content=\"Est. reading time\" \/>\n\t<meta name=\"twitter:data2\" content=\"1 minuta\" \/>\n<script type=\"application\/ld+json\" class=\"yoast-schema-graph\">{\"@context\":\"https:\\\/\\\/schema.org\",\"@graph\":[{\"@type\":\"Article\",\"@id\":\"https:\\\/\\\/tuzlainfo.ba\\\/index.php\\\/novosti\\\/item\\\/208823-bajramska-cestitka-premijera-tuzlanskog-kantona-irfana-halilagica\\\/#article\",\"isPartOf\":{\"@id\":\"https:\\\/\\\/tuzlainfo.ba\\\/index.php\\\/novosti\\\/item\\\/208823-bajramska-cestitka-premijera-tuzlanskog-kantona-irfana-halilagica\\\/\"},\"author\":{\"name\":\"nedim\",\"@id\":\"https:\\\/\\\/tuzlainfo.ba\\\/#\\\/schema\\\/person\\\/f434e20dc27ea133923aab08451b7f7f\"},\"headline\":\"Bajramska \u010destitka premijera Tuzlanskog kantona Irfana Halilagi\u0107a\",\"datePublished\":\"2023-06-28T09:00:10+00:00\",\"mainEntityOfPage\":{\"@id\":\"https:\\\/\\\/tuzlainfo.ba\\\/index.php\\\/novosti\\\/item\\\/208823-bajramska-cestitka-premijera-tuzlanskog-kantona-irfana-halilagica\\\/\"},\"wordCount\":148,\"commentCount\":0,\"publisher\":{\"@id\":\"https:\\\/\\\/tuzlainfo.ba\\\/#organization\"},\"image\":{\"@id\":\"https:\\\/\\\/tuzlainfo.ba\\\/index.php\\\/novosti\\\/item\\\/208823-bajramska-cestitka-premijera-tuzlanskog-kantona-irfana-halilagica\\\/#primaryimage\"},\"thumbnailUrl\":\"https:\\\/\\\/tuzlainfo.ba\\\/wp-content\\\/uploads\\\/2023\\\/06\\\/Cestitka-Kurban-bajram.jpg\",\"keywords\":[\"bajramska \u010destitka\",\"kurban bajram\",\"vlada tk\"],\"articleSection\":[\"Novosti\"],\"inLanguage\":\"bs-BA\",\"copyrightYear\":\"2023\",\"copyrightHolder\":{\"@id\":\"https:\\\/\\\/tuzlainfo.ba\\\/#organization\"}},{\"@type\":\"WebPage\",\"@id\":\"https:\\\/\\\/tuzlainfo.ba\\\/index.php\\\/novosti\\\/item\\\/208823-bajramska-cestitka-premijera-tuzlanskog-kantona-irfana-halilagica\\\/\",\"url\":\"https:\\\/\\\/tuzlainfo.ba\\\/index.php\\\/novosti\\\/item\\\/208823-bajramska-cestitka-premijera-tuzlanskog-kantona-irfana-halilagica\\\/\",\"name\":\"Bajramska \u010destitka premijera Tuzlanskog kantona Irfana Halilagi\u0107a\",\"isPartOf\":{\"@id\":\"https:\\\/\\\/tuzlainfo.ba\\\/#website\"},\"primaryImageOfPage\":{\"@id\":\"https:\\\/\\\/tuzlainfo.ba\\\/index.php\\\/novosti\\\/item\\\/208823-bajramska-cestitka-premijera-tuzlanskog-kantona-irfana-halilagica\\\/#primaryimage\"},\"image\":{\"@id\":\"https:\\\/\\\/tuzlainfo.ba\\\/index.php\\\/novosti\\\/item\\\/208823-bajramska-cestitka-premijera-tuzlanskog-kantona-irfana-halilagica\\\/#primaryimage\"},\"thumbnailUrl\":\"https:\\\/\\\/tuzlainfo.ba\\\/wp-content\\\/uploads\\\/2023\\\/06\\\/Cestitka-Kurban-bajram.jpg\",\"datePublished\":\"2023-06-28T09:00:10+00:00\",\"breadcrumb\":{\"@id\":\"https:\\\/\\\/tuzlainfo.ba\\\/index.php\\\/novosti\\\/item\\\/208823-bajramska-cestitka-premijera-tuzlanskog-kantona-irfana-halilagica\\\/#breadcrumb\"},\"inLanguage\":\"bs-BA\",\"potentialAction\":[{\"@type\":\"ReadAction\",\"target\":[\"https:\\\/\\\/tuzlainfo.ba\\\/index.php\\\/novosti\\\/item\\\/208823-bajramska-cestitka-premijera-tuzlanskog-kantona-irfana-halilagica\\\/\"]}]},{\"@type\":\"ImageObject\",\"inLanguage\":\"bs-BA\",\"@id\":\"https:\\\/\\\/tuzlainfo.ba\\\/index.php\\\/novosti\\\/item\\\/208823-bajramska-cestitka-premijera-tuzlanskog-kantona-irfana-halilagica\\\/#primaryimage\",\"url\":\"https:\\\/\\\/tuzlainfo.ba\\\/wp-content\\\/uploads\\\/2023\\\/06\\\/Cestitka-Kurban-bajram.jpg\",\"contentUrl\":\"https:\\\/\\\/tuzlainfo.ba\\\/wp-content\\\/uploads\\\/2023\\\/06\\\/Cestitka-Kurban-bajram.jpg\",\"width\":1200,\"height\":696},{\"@type\":\"BreadcrumbList\",\"@id\":\"https:\\\/\\\/tuzlainfo.ba\\\/index.php\\\/novosti\\\/item\\\/208823-bajramska-cestitka-premijera-tuzlanskog-kantona-irfana-halilagica\\\/#breadcrumb\",\"itemListElement\":[{\"@type\":\"ListItem\",\"position\":1,\"name\":\"Home\",\"item\":\"https:\\\/\\\/tuzlainfo.ba\\\/\"},{\"@type\":\"ListItem\",\"position\":2,\"name\":\"Bajramska \u010destitka premijera Tuzlanskog kantona Irfana Halilagi\u0107a\"}]},{\"@type\":\"WebSite\",\"@id\":\"https:\\\/\\\/tuzlainfo.ba\\\/#website\",\"url\":\"https:\\\/\\\/tuzlainfo.ba\\\/\",\"name\":\"TuzlaInfo.ba\",\"description\":\"Tuzla info, gradski informator - Tuzla na dlanu\",\"publisher\":{\"@id\":\"https:\\\/\\\/tuzlainfo.ba\\\/#organization\"},\"potentialAction\":[{\"@type\":\"SearchAction\",\"target\":{\"@type\":\"EntryPoint\",\"urlTemplate\":\"https:\\\/\\\/tuzlainfo.ba\\\/?s={search_term_string}\"},\"query-input\":{\"@type\":\"PropertyValueSpecification\",\"valueRequired\":true,\"valueName\":\"search_term_string\"}}],\"inLanguage\":\"bs-BA\"},{\"@type\":\"Organization\",\"@id\":\"https:\\\/\\\/tuzlainfo.ba\\\/#organization\",\"name\":\"TuzlaInfo.ba\",\"url\":\"https:\\\/\\\/tuzlainfo.ba\\\/\",\"logo\":{\"@type\":\"ImageObject\",\"inLanguage\":\"bs-BA\",\"@id\":\"https:\\\/\\\/tuzlainfo.ba\\\/#\\\/schema\\\/logo\\\/image\\\/\",\"url\":\"https:\\\/\\\/tuzlainfo.ba\\\/wp-content\\\/uploads\\\/2021\\\/03\\\/logo-ver-3-1.png\",\"contentUrl\":\"https:\\\/\\\/tuzlainfo.ba\\\/wp-content\\\/uploads\\\/2021\\\/03\\\/logo-ver-3-1.png\",\"width\":350,\"height\":95,\"caption\":\"TuzlaInfo.ba\"},\"image\":{\"@id\":\"https:\\\/\\\/tuzlainfo.ba\\\/#\\\/schema\\\/logo\\\/image\\\/\"},\"sameAs\":[\"https:\\\/\\\/www.facebook.com\\\/tuzlainfo.ba\\\/\"]},{\"@type\":\"Person\",\"@id\":\"https:\\\/\\\/tuzlainfo.ba\\\/#\\\/schema\\\/person\\\/f434e20dc27ea133923aab08451b7f7f\",\"name\":\"nedim\",\"image\":{\"@type\":\"ImageObject\",\"inLanguage\":\"bs-BA\",\"@id\":\"https:\\\/\\\/secure.gravatar.com\\\/avatar\\\/5b928a2e7e70a54208d2eb6c1edcb75a5350d6ae97d5f0a701203d456823f6f3?s=96&d=mm&r=g\",\"url\":\"https:\\\/\\\/secure.gravatar.com\\\/avatar\\\/5b928a2e7e70a54208d2eb6c1edcb75a5350d6ae97d5f0a701203d456823f6f3?s=96&d=mm&r=g\",\"contentUrl\":\"https:\\\/\\\/secure.gravatar.com\\\/avatar\\\/5b928a2e7e70a54208d2eb6c1edcb75a5350d6ae97d5f0a701203d456823f6f3?s=96&d=mm&r=g\",\"caption\":\"nedim\"},\"description\":\"Tuzlainfo.ba pratite na dru\u0161tvenim mre\u017eama: Facebook, Instagram i Youtube. Svoje pri\u010de, upite i fotografije \u0161aljite na na\u0161u e-mail adresu.\"}]}<\/script>\n<!-- \/ Yoast SEO plugin. -->","yoast_head_json":{"title":"Bajramska \u010destitka premijera Tuzlanskog kantona Irfana Halilagi\u0107a","robots":{"index":"index","follow":"follow","max-snippet":"max-snippet:-1","max-image-preview":"max-image-preview:large","max-video-preview":"max-video-preview:-1"},"canonical":"https:\/\/tuzlainfo.ba\/index.php\/novosti\/item\/208823-bajramska-cestitka-premijera-tuzlanskog-kantona-irfana-halilagica\/","og_locale":"bs_BA","og_type":"article","og_title":"Bajramska \u010destitka premijera Tuzlanskog kantona Irfana Halilagi\u0107a","og_description":"U povodu Kurban bajrama, premijer Tuzlanskog kantona Irfan Halilagi\u0107 upu\u0107uje javnu \u010destitku u kojoj stoji: \u201eSvim vjernicima islamske vjeroispovijesti, u ime Vlade Tuzlanskog kantona i u svoje ime, upu\u0107ujem iskrene \u010destitke povodom praznika Kurban-bajrama, uz tradicionalni pozdrav Bajram \u0161erif mubarek olsun. Jedna od univerzalnih poruka Kurban-bajrama je radost dijeljenja. Zajedni\u0161tvo kroz dijeljenje i po\u0161tivanje ideje [&hellip;]","og_url":"https:\/\/tuzlainfo.ba\/index.php\/novosti\/item\/208823-bajramska-cestitka-premijera-tuzlanskog-kantona-irfana-halilagica\/","og_site_name":"TuzlaInfo.ba","article_publisher":"https:\/\/www.facebook.com\/tuzlainfo.ba\/","article_published_time":"2023-06-28T09:00:10+00:00","og_image":[{"width":1200,"height":696,"url":"https:\/\/tuzlainfo.ba\/wp-content\/uploads\/2023\/06\/Cestitka-Kurban-bajram.jpg","type":"image\/jpeg"}],"author":"nedim","twitter_card":"summary_large_image","twitter_misc":{"Written by":"nedim","Est. reading time":"1 minuta"},"schema":{"@context":"https:\/\/schema.org","@graph":[{"@type":"Article","@id":"https:\/\/tuzlainfo.ba\/index.php\/novosti\/item\/208823-bajramska-cestitka-premijera-tuzlanskog-kantona-irfana-halilagica\/#article","isPartOf":{"@id":"https:\/\/tuzlainfo.ba\/index.php\/novosti\/item\/208823-bajramska-cestitka-premijera-tuzlanskog-kantona-irfana-halilagica\/"},"author":{"name":"nedim","@id":"https:\/\/tuzlainfo.ba\/#\/schema\/person\/f434e20dc27ea133923aab08451b7f7f"},"headline":"Bajramska \u010destitka premijera Tuzlanskog kantona Irfana Halilagi\u0107a","datePublished":"2023-06-28T09:00:10+00:00","mainEntityOfPage":{"@id":"https:\/\/tuzlainfo.ba\/index.php\/novosti\/item\/208823-bajramska-cestitka-premijera-tuzlanskog-kantona-irfana-halilagica\/"},"wordCount":148,"commentCount":0,"publisher":{"@id":"https:\/\/tuzlainfo.ba\/#organization"},"image":{"@id":"https:\/\/tuzlainfo.ba\/index.php\/novosti\/item\/208823-bajramska-cestitka-premijera-tuzlanskog-kantona-irfana-halilagica\/#primaryimage"},"thumbnailUrl":"https:\/\/tuzlainfo.ba\/wp-content\/uploads\/2023\/06\/Cestitka-Kurban-bajram.jpg","keywords":["bajramska \u010destitka","kurban bajram","vlada tk"],"articleSection":["Novosti"],"inLanguage":"bs-BA","copyrightYear":"2023","copyrightHolder":{"@id":"https:\/\/tuzlainfo.ba\/#organization"}},{"@type":"WebPage","@id":"https:\/\/tuzlainfo.ba\/index.php\/novosti\/item\/208823-bajramska-cestitka-premijera-tuzlanskog-kantona-irfana-halilagica\/","url":"https:\/\/tuzlainfo.ba\/index.php\/novosti\/item\/208823-bajramska-cestitka-premijera-tuzlanskog-kantona-irfana-halilagica\/","name":"Bajramska \u010destitka premijera Tuzlanskog kantona Irfana Halilagi\u0107a","isPartOf":{"@id":"https:\/\/tuzlainfo.ba\/#website"},"primaryImageOfPage":{"@id":"https:\/\/tuzlainfo.ba\/index.php\/novosti\/item\/208823-bajramska-cestitka-premijera-tuzlanskog-kantona-irfana-halilagica\/#primaryimage"},"image":{"@id":"https:\/\/tuzlainfo.ba\/index.php\/novosti\/item\/208823-bajramska-cestitka-premijera-tuzlanskog-kantona-irfana-halilagica\/#primaryimage"},"thumbnailUrl":"https:\/\/tuzlainfo.ba\/wp-content\/uploads\/2023\/06\/Cestitka-Kurban-bajram.jpg","datePublished":"2023-06-28T09:00:10+00:00","breadcrumb":{"@id":"https:\/\/tuzlainfo.ba\/index.php\/novosti\/item\/208823-bajramska-cestitka-premijera-tuzlanskog-kantona-irfana-halilagica\/#breadcrumb"},"inLanguage":"bs-BA","potentialAction":[{"@type":"ReadAction","target":["https:\/\/tuzlainfo.ba\/index.php\/novosti\/item\/208823-bajramska-cestitka-premijera-tuzlanskog-kantona-irfana-halilagica\/"]}]},{"@type":"ImageObject","inLanguage":"bs-BA","@id":"https:\/\/tuzlainfo.ba\/index.php\/novosti\/item\/208823-bajramska-cestitka-premijera-tuzlanskog-kantona-irfana-halilagica\/#primaryimage","url":"https:\/\/tuzlainfo.ba\/wp-content\/uploads\/2023\/06\/Cestitka-Kurban-bajram.jpg","contentUrl":"https:\/\/tuzlainfo.ba\/wp-content\/uploads\/2023\/06\/Cestitka-Kurban-bajram.jpg","width":1200,"height":696},{"@type":"BreadcrumbList","@id":"https:\/\/tuzlainfo.ba\/index.php\/novosti\/item\/208823-bajramska-cestitka-premijera-tuzlanskog-kantona-irfana-halilagica\/#breadcrumb","itemListElement":[{"@type":"ListItem","position":1,"name":"Home","item":"https:\/\/tuzlainfo.ba\/"},{"@type":"ListItem","position":2,"name":"Bajramska \u010destitka premijera Tuzlanskog kantona Irfana Halilagi\u0107a"}]},{"@type":"WebSite","@id":"https:\/\/tuzlainfo.ba\/#website","url":"https:\/\/tuzlainfo.ba\/","name":"TuzlaInfo.ba","description":"Tuzla info, gradski informator - Tuzla na dlanu","publisher":{"@id":"https:\/\/tuzlainfo.ba\/#organization"},"potentialAction":[{"@type":"SearchAction","target":{"@type":"EntryPoint","urlTemplate":"https:\/\/tuzlainfo.ba\/?s={search_term_string}"},"query-input":{"@type":"PropertyValueSpecification","valueRequired":true,"valueName":"search_term_string"}}],"inLanguage":"bs-BA"},{"@type":"Organization","@id":"https:\/\/tuzlainfo.ba\/#organization","name":"TuzlaInfo.ba","url":"https:\/\/tuzlainfo.ba\/","logo":{"@type":"ImageObject","inLanguage":"bs-BA","@id":"https:\/\/tuzlainfo.ba\/#\/schema\/logo\/image\/","url":"https:\/\/tuzlainfo.ba\/wp-content\/uploads\/2021\/03\/logo-ver-3-1.png","contentUrl":"https:\/\/tuzlainfo.ba\/wp-content\/uploads\/2021\/03\/logo-ver-3-1.png","width":350,"height":95,"caption":"TuzlaInfo.ba"},"image":{"@id":"https:\/\/tuzlainfo.ba\/#\/schema\/logo\/image\/"},"sameAs":["https:\/\/www.facebook.com\/tuzlainfo.ba\/"]},{"@type":"Person","@id":"https:\/\/tuzlainfo.ba\/#\/schema\/person\/f434e20dc27ea133923aab08451b7f7f","name":"nedim","image":{"@type":"ImageObject","inLanguage":"bs-BA","@id":"https:\/\/secure.gravatar.com\/avatar\/5b928a2e7e70a54208d2eb6c1edcb75a5350d6ae97d5f0a701203d456823f6f3?s=96&d=mm&r=g","url":"https:\/\/secure.gravatar.com\/avatar\/5b928a2e7e70a54208d2eb6c1edcb75a5350d6ae97d5f0a701203d456823f6f3?s=96&d=mm&r=g","contentUrl":"https:\/\/secure.gravatar.com\/avatar\/5b928a2e7e70a54208d2eb6c1edcb75a5350d6ae97d5f0a701203d456823f6f3?s=96&d=mm&r=g","caption":"nedim"},"description":"Tuzlainfo.ba pratite na dru\u0161tvenim mre\u017eama: Facebook, Instagram i Youtube. Svoje pri\u010de, upite i fotografije \u0161aljite na na\u0161u e-mail adresu."}]}},"_links":{"self":[{"href":"https:\/\/tuzlainfo.ba\/index.php\/wp-json\/wp\/v2\/posts\/208823","targetHints":{"allow":["GET"]}}],"collection":[{"href":"https:\/\/tuzlainfo.ba\/index.php\/wp-json\/wp\/v2\/posts"}],"about":[{"href":"https:\/\/tuzlainfo.ba\/index.php\/wp-json\/wp\/v2\/types\/post"}],"author":[{"embeddable":true,"href":"https:\/\/tuzlainfo.ba\/index.php\/wp-json\/wp\/v2\/users\/2"}],"replies":[{"embeddable":true,"href":"https:\/\/tuzlainfo.ba\/index.php\/wp-json\/wp\/v2\/comments?post=208823"}],"version-history":[{"count":0,"href":"https:\/\/tuzlainfo.ba\/index.php\/wp-json\/wp\/v2\/posts\/208823\/revisions"}],"wp:featuredmedia":[{"embeddable":true,"href":"https:\/\/tuzlainfo.ba\/index.php\/wp-json\/wp\/v2\/media\/208824"}],"wp:attachment":[{"href":"https:\/\/tuzlainfo.ba\/index.php\/wp-json\/wp\/v2\/media?parent=208823"}],"wp:term":[{"taxonomy":"category","embeddable":true,"href":"https:\/\/tuzlainfo.ba\/index.php\/wp-json\/wp\/v2\/categories?post=208823"},{"taxonomy":"post_tag","embeddable":true,"href":"https:\/\/tuzlainfo.ba\/index.php\/wp-json\/wp\/v2\/tags?post=208823"}],"curies":[{"name":"wp","href":"https:\/\/api.w.org\/{rel}","templated":true}]}}