{"id":208793,"date":"2023-06-27T20:05:59","date_gmt":"2023-06-27T18:05:59","guid":{"rendered":"https:\/\/tuzlainfo.ba\/?p=208793"},"modified":"2023-06-27T15:09:58","modified_gmt":"2023-06-27T13:09:58","slug":"sisecam-soda-lukavac-objavljen-oglas-za-prijem-radnika","status":"publish","type":"post","link":"https:\/\/tuzlainfo.ba\/index.php\/clanci\/berza-rada\/item\/208793-sisecam-soda-lukavac-objavljen-oglas-za-prijem-radnika\/","title":{"rendered":"\u015ei\u015fecam soda Lukavac: Objavljen oglas za prijem radnika"},"content":{"rendered":"<p>Objavljen je oglas za prijem radnika u \u015ei\u015fecam sodu Lukavac.<\/p>\n<p class=\"has-text-align-center\">\u00a0<strong>OGLAS<\/strong><\/p>\n<p class=\"has-text-align-center\">Za prijem u radni odnos za rad u Lukavcu<\/p>\n<p class=\"has-text-align-center\"><strong>REFERENT ZA ODNOSE SA KUPCIMA I UPRAVLJANJE NARUD\u017dBAMA<\/strong><\/p>\n<p>\u015ei\u015fecam je jedan od najve\u0107ih globalnih investitora u Bosni i Hercegovini. Vode\u0107i se proizvodnom politikom utemeljenoj na visokim performansama kao i konstanom razvoju. \u015ei\u015fecam je u okviru svojih inostranih ulaganja, svoje prvo ulaganje u Bosni i Hercegovini ostvario kupovinom Fabrike Sode Lukavac u procesu privatizacije 2006. godine. Dru\u0161tvo \u015ei\u015fecam posluje na 4 kontinenta, u 14 dr\u017eava, ima 44 fabrike i zapo\u0161ljava skoro 22.000 radnika. Ostvaruje prodaju u vi\u0161e od 150 zemalja u svijetu. \u015ei\u015fecam u svojim fabrikama u Bosni i Hercegovini, Bugarskoj i Turskoj ostvaruje ukupnu godi\u0161nju proizvodnju od 2,2 miliona tona sode. \u015ei\u015fecam je \u010detvrti najve\u0107i proizvo\u0111a\u010d sode u Evropi, a osmi u svijetu.<br \/>\nSisecam soda Lukavac d.o.o. je jedna od najuspje\u0161nijih privatizacija u Bosni i Hercegovini, i dobitnik je nagrada za \u201cNajuspje\u0161nijeg stranog investitora\u201d izdate od strane Agencije za unapre\u0111enje stranih investicija BiH (FIPA), dobitnik presti\u017ene \u201cSilver Stamp\u201d nagrade kao rezultat mnogobrojnih uspje\u0161nih aktivnosti. Sisecam soda Lukavac d.o.o. u okviru tradicionalnog izbora 100 najve\u0107ih u BiH u organizaciji Poslovnih novina dugi niz godina zauzima vode\u0107e pozicije za: \u201eVelika preduze\u0107a po ukupnom prihodu\u201d, \u201eVelika preduze\u0107a po izvozu\u201d i \u201eVelika preduze\u0107a po neto dobiti\u201d.<br \/>\nZajednica, koja opskrbljuje veliku ve\u0107inu svojih sirovina iz zemlje i izvozi cjelokupnu proizvodnju u inostranstvo, predstavlja dodatnu vrijednost za privredu Bosne i Hercegovine. Tri osnovna proizvoda su te\u0161ka soda, laka soda i soda bikarbona koji se koriste kao sirovine za industrijsku proizvodnju stakla i deterd\u017eenata, kao i proizvodnju hemijskih supstanci, tekstila, sistema za preradu vode, te u sektorima hrane i hrane za \u017eivotinje.<\/p>\n<p>Tra\u017ee kandidata koji \u0107e biti dio kompanije na sljede\u0107oj poziciji:<\/p>\n<ul>\n<li>Referent za odnose sa kupcima i upravljanje narud\u017ebama<\/li>\n<\/ul>\n<p>Uslovi koje kandidati treba da ispunjavaju su:<\/p>\n<ul>\n<li>Diplomirani ekonomista (Ekonomski fakultet-240 ECTS);<\/li>\n<li>Obavezno znanje engleskog jezika;<\/li>\n<li>Po\u017eeljno poznavanje i drugih stranih jezika;<\/li>\n<li>Poznavanje rada na ra\u010dunaru: MS Office, ostale vje\u0161tine su po\u017eeljne;<\/li>\n<li>Umije\u0107e organiziranja, komuniciranja i planiranja;<\/li>\n<li>Samoinicijativa.<\/li>\n<\/ul>\n<p>Opis poslova:<\/p>\n<ul>\n<li>Provjera faktura u pogledu ostvarene prodaje;<\/li>\n<li>A\u017euriranje informacija o kupcima (uslovi rada, adresa, naziv, itd.);<\/li>\n<li>Pra\u0107enje podataka o inventaru u relevantnim regijama\/grupama proizvoda;<\/li>\n<li>Pra\u0107enje informacija o popustima, promocijama itd. svake grupe kupaca i a\u017euriranje informacija u relevantnim sistemima;<\/li>\n<li>Priprema, raspore\u0111ivanje, unosi i kontrola cjenovnika u sistem, kontrola ugovora i komercijalnih uslova;<\/li>\n<li>Kreiranje i odr\u017eavanje politika, procedura, priru\u010dnika za obuku i izvornih materijala u Sektoru za prodaju;<\/li>\n<li>Upravljanje svim tehni\u010dkim aspektima klju\u010dnih prodajnih sistema (CRM, ERP, online sastanci, itd.) zajedno sa IT slu\u017ebom;<\/li>\n<li>Upravljanje i odr\u017eavanje podataka o prodaji zajedno sa prodajnim timovima u CRM-u i drugim softverskim programima kao \u0161to je Portal za kupce;<\/li>\n<li>Upravljanje, kontrola i osiguranje realizacije svih procesa koji se odnose na prikupljanje, obra\u010dun i konsolidaciju podataka i dokumenata, te komunikaciju sa potrebnim internim i eksternim saradnicima;<\/li>\n<li>Pru\u017eanje podr\u0161ke digitalizaciji i automatizaciji gdje je to mogu\u0107e zbog smanjenja tro\u0161kova;<\/li>\n<li>Omogu\u0107avanje dostupnosti portala za kupce kroz grupe proizvoda zajedno sa timom za tehnologiju i analitiku;<\/li>\n<li>Izvr\u0161avanje zadataka zadatih od strane pretpostavljenog blagovremeno i sa o\u010dekivanim kvalitetom;<\/li>\n<li>U\u010de\u0161\u0107e u projektima koji se realizuju pod rukovodstvom Rukovodioca i Izvr\u0161nog direktora;<\/li>\n<li>Priprema podataka za Rukovodioca i Izvr\u0161nog direktora u svrhu kreiranja dnevnih, sedmi\u010dnih i mjese\u010dnih izvje\u0161taja, analiza i podr\u0161ka u a\u017euriranju navedenih izvje\u0161taja;<\/li>\n<li>Pru\u017eanje podr\u0161ke Rukovodiocu i Izvr\u0161nom direktoru u poduzimanju korektivnih radnji i\/ili pru\u017eanje operativnog uvida u neostvarene ciljeve u izvje\u0161tajima o u\u010dinku i klju\u010dnim indikatorima u\u010dinka;<\/li>\n<li>Blagovremeno prijavljivanje problema Rukovodiocu i Izvr\u0161nom direktoru i pru\u017eanje podr\u0161ke u procesu pronala\u017eenja rje\u0161enja kroz pregovore.<\/li>\n<\/ul>\n<p>Ako mislite da ispunjavate potrebne uslove za zasnivanje radnog odnosa na navedenom radnom mjestu, imate adekvatna stru\u010dna znanja, spremni ste za dinami\u010dan i odgovoran posao, dodatna stru\u010dna usavr\u0161avanja, stimulacije i profesionalan razvoj dostavite svoj CV elektronskim putem preko linka:<\/p>\n<p><a href=\"https:\/\/career5.successfactors.eu\/sfcareer\/jobreqcareerpvt?jobId=15413&amp;company=SisecamP&amp;st=17A2A0E559E886F9E7A4DBBC2ECD489C5E89EDA2\" target=\"_blank\" rel=\"noreferrer noopener\">https:\/\/career5.successfactors.eu\/sfcareer\/jobreqcareerpvt?jobId=15413&amp;company=SisecamP&amp;st=17A2A0E559E886F9E7A4DBBC2ECD489C5E89EDA2<\/a><\/p>\n<p>Oglas ostaje otvoren 10 dana od dana objavljivanja.<\/p>\n<p>&nbsp;<\/p>\n","protected":false},"excerpt":{"rendered":"<p>Objavljen je oglas za prijem radnika u \u015ei\u015fecam sodu Lukavac. \u00a0OGLAS Za prijem u radni&hellip;<\/p>\n","protected":false},"author":4,"featured_media":161515,"comment_status":"open","ping_status":"closed","sticky":false,"template":"","format":"standard","meta":{"_acf_changed":false,"footnotes":""},"categories":[17],"tags":[587,461,3961],"acf":[],"yoast_head":"<!-- This site is optimized with the Yoast SEO plugin v23.5 - https:\/\/yoast.com\/wordpress\/plugins\/seo\/ -->\n<title>\u015ei\u015fecam soda Lukavac: Objavljen oglas za prijem radnika - TuzlaInfo.ba<\/title>\n<meta name=\"robots\" content=\"index, follow, max-snippet:-1, max-image-preview:large, max-video-preview:-1\" \/>\n<link rel=\"canonical\" href=\"https:\/\/tuzlainfo.ba\/index.php\/clanci\/berza-rada\/item\/208793-sisecam-soda-lukavac-objavljen-oglas-za-prijem-radnika\/\" \/>\n<meta property=\"og:locale\" content=\"bs_BA\" \/>\n<meta property=\"og:type\" content=\"article\" \/>\n<meta property=\"og:title\" content=\"\u015ei\u015fecam soda Lukavac: Objavljen oglas za prijem radnika - TuzlaInfo.ba\" \/>\n<meta property=\"og:description\" content=\"Objavljen je oglas za prijem radnika u \u015ei\u015fecam sodu Lukavac. \u00a0OGLAS Za prijem u radni&hellip;\" \/>\n<meta property=\"og:url\" content=\"https:\/\/tuzlainfo.ba\/index.php\/clanci\/berza-rada\/item\/208793-sisecam-soda-lukavac-objavljen-oglas-za-prijem-radnika\/\" \/>\n<meta property=\"og:site_name\" content=\"TuzlaInfo.ba\" \/>\n<meta property=\"article:publisher\" content=\"https:\/\/www.facebook.com\/tuzlainfo.ba\/\" \/>\n<meta property=\"article:published_time\" content=\"2023-06-27T18:05:59+00:00\" \/>\n<meta property=\"article:modified_time\" content=\"2023-06-27T13:09:58+00:00\" \/>\n<meta property=\"og:image\" content=\"https:\/\/tuzlainfo.ba\/wp-content\/uploads\/2022\/01\/sisecam-soda-lukavac.png\" \/>\n\t<meta property=\"og:image:width\" content=\"795\" \/>\n\t<meta property=\"og:image:height\" content=\"649\" \/>\n\t<meta property=\"og:image:type\" content=\"image\/png\" \/>\n<meta name=\"author\" content=\"Tuzla Info\" \/>\n<meta name=\"twitter:card\" content=\"summary_large_image\" \/>\n<meta name=\"twitter:label1\" content=\"Written by\" \/>\n\t<meta name=\"twitter:data1\" content=\"Tuzla Info\" \/>\n\t<meta name=\"twitter:label2\" content=\"Est. reading time\" \/>\n\t<meta name=\"twitter:data2\" content=\"4 minute\" \/>\n<script type=\"application\/ld+json\" class=\"yoast-schema-graph\">{\"@context\":\"https:\/\/schema.org\",\"@graph\":[{\"@type\":\"Article\",\"@id\":\"https:\/\/tuzlainfo.ba\/index.php\/clanci\/berza-rada\/item\/208793-sisecam-soda-lukavac-objavljen-oglas-za-prijem-radnika\/#article\",\"isPartOf\":{\"@id\":\"https:\/\/tuzlainfo.ba\/index.php\/clanci\/berza-rada\/item\/208793-sisecam-soda-lukavac-objavljen-oglas-za-prijem-radnika\/\"},\"author\":{\"name\":\"Tuzla Info\",\"@id\":\"https:\/\/tuzlainfo.ba\/#\/schema\/person\/46cad4c57790cbc50781edd14870825a\"},\"headline\":\"\u015ei\u015fecam soda Lukavac: Objavljen oglas za prijem radnika\",\"datePublished\":\"2023-06-27T18:05:59+00:00\",\"dateModified\":\"2023-06-27T13:09:58+00:00\",\"mainEntityOfPage\":{\"@id\":\"https:\/\/tuzlainfo.ba\/index.php\/clanci\/berza-rada\/item\/208793-sisecam-soda-lukavac-objavljen-oglas-za-prijem-radnika\/\"},\"wordCount\":737,\"commentCount\":0,\"publisher\":{\"@id\":\"https:\/\/tuzlainfo.ba\/#organization\"},\"image\":{\"@id\":\"https:\/\/tuzlainfo.ba\/index.php\/clanci\/berza-rada\/item\/208793-sisecam-soda-lukavac-objavljen-oglas-za-prijem-radnika\/#primaryimage\"},\"thumbnailUrl\":\"https:\/\/tuzlainfo.ba\/wp-content\/uploads\/2022\/01\/sisecam-soda-lukavac.png\",\"keywords\":[\"berza rada\",\"lukavac\",\"sisecam soda\"],\"articleSection\":[\"Berza rada\"],\"inLanguage\":\"bs-BA\"},{\"@type\":\"WebPage\",\"@id\":\"https:\/\/tuzlainfo.ba\/index.php\/clanci\/berza-rada\/item\/208793-sisecam-soda-lukavac-objavljen-oglas-za-prijem-radnika\/\",\"url\":\"https:\/\/tuzlainfo.ba\/index.php\/clanci\/berza-rada\/item\/208793-sisecam-soda-lukavac-objavljen-oglas-za-prijem-radnika\/\",\"name\":\"\u015ei\u015fecam soda Lukavac: Objavljen oglas za prijem radnika - TuzlaInfo.ba\",\"isPartOf\":{\"@id\":\"https:\/\/tuzlainfo.ba\/#website\"},\"primaryImageOfPage\":{\"@id\":\"https:\/\/tuzlainfo.ba\/index.php\/clanci\/berza-rada\/item\/208793-sisecam-soda-lukavac-objavljen-oglas-za-prijem-radnika\/#primaryimage\"},\"image\":{\"@id\":\"https:\/\/tuzlainfo.ba\/index.php\/clanci\/berza-rada\/item\/208793-sisecam-soda-lukavac-objavljen-oglas-za-prijem-radnika\/#primaryimage\"},\"thumbnailUrl\":\"https:\/\/tuzlainfo.ba\/wp-content\/uploads\/2022\/01\/sisecam-soda-lukavac.png\",\"datePublished\":\"2023-06-27T18:05:59+00:00\",\"dateModified\":\"2023-06-27T13:09:58+00:00\",\"breadcrumb\":{\"@id\":\"https:\/\/tuzlainfo.ba\/index.php\/clanci\/berza-rada\/item\/208793-sisecam-soda-lukavac-objavljen-oglas-za-prijem-radnika\/#breadcrumb\"},\"inLanguage\":\"bs-BA\",\"potentialAction\":[{\"@type\":\"ReadAction\",\"target\":[\"https:\/\/tuzlainfo.ba\/index.php\/clanci\/berza-rada\/item\/208793-sisecam-soda-lukavac-objavljen-oglas-za-prijem-radnika\/\"]}]},{\"@type\":\"ImageObject\",\"inLanguage\":\"bs-BA\",\"@id\":\"https:\/\/tuzlainfo.ba\/index.php\/clanci\/berza-rada\/item\/208793-sisecam-soda-lukavac-objavljen-oglas-za-prijem-radnika\/#primaryimage\",\"url\":\"https:\/\/tuzlainfo.ba\/wp-content\/uploads\/2022\/01\/sisecam-soda-lukavac.png\",\"contentUrl\":\"https:\/\/tuzlainfo.ba\/wp-content\/uploads\/2022\/01\/sisecam-soda-lukavac.png\",\"width\":795,\"height\":649},{\"@type\":\"BreadcrumbList\",\"@id\":\"https:\/\/tuzlainfo.ba\/index.php\/clanci\/berza-rada\/item\/208793-sisecam-soda-lukavac-objavljen-oglas-za-prijem-radnika\/#breadcrumb\",\"itemListElement\":[{\"@type\":\"ListItem\",\"position\":1,\"name\":\"Home\",\"item\":\"https:\/\/tuzlainfo.ba\/\"},{\"@type\":\"ListItem\",\"position\":2,\"name\":\"\u015ei\u015fecam soda Lukavac: Objavljen oglas za prijem radnika\"}]},{\"@type\":\"WebSite\",\"@id\":\"https:\/\/tuzlainfo.ba\/#website\",\"url\":\"https:\/\/tuzlainfo.ba\/\",\"name\":\"TuzlaInfo.ba\",\"description\":\"Tuzla info, gradski informator - Tuzla na dlanu\",\"publisher\":{\"@id\":\"https:\/\/tuzlainfo.ba\/#organization\"},\"potentialAction\":[{\"@type\":\"SearchAction\",\"target\":{\"@type\":\"EntryPoint\",\"urlTemplate\":\"https:\/\/tuzlainfo.ba\/?s={search_term_string}\"},\"query-input\":{\"@type\":\"PropertyValueSpecification\",\"valueRequired\":true,\"valueName\":\"search_term_string\"}}],\"inLanguage\":\"bs-BA\"},{\"@type\":\"Organization\",\"@id\":\"https:\/\/tuzlainfo.ba\/#organization\",\"name\":\"TuzlaInfo.ba\",\"url\":\"https:\/\/tuzlainfo.ba\/\",\"logo\":{\"@type\":\"ImageObject\",\"inLanguage\":\"bs-BA\",\"@id\":\"https:\/\/tuzlainfo.ba\/#\/schema\/logo\/image\/\",\"url\":\"https:\/\/tuzlainfo.ba\/wp-content\/uploads\/2021\/03\/logo-ver-3-1.png\",\"contentUrl\":\"https:\/\/tuzlainfo.ba\/wp-content\/uploads\/2021\/03\/logo-ver-3-1.png\",\"width\":350,\"height\":95,\"caption\":\"TuzlaInfo.ba\"},\"image\":{\"@id\":\"https:\/\/tuzlainfo.ba\/#\/schema\/logo\/image\/\"},\"sameAs\":[\"https:\/\/www.facebook.com\/tuzlainfo.ba\/\"]},{\"@type\":\"Person\",\"@id\":\"https:\/\/tuzlainfo.ba\/#\/schema\/person\/46cad4c57790cbc50781edd14870825a\",\"name\":\"Tuzla Info\",\"image\":{\"@type\":\"ImageObject\",\"inLanguage\":\"bs-BA\",\"@id\":\"https:\/\/tuzlainfo.ba\/#\/schema\/person\/image\/\",\"url\":\"https:\/\/tuzlainfo.ba\/wp-content\/litespeed\/avatar\/b6c453a6c38e3654f2e4416c643fc25c.jpg?ver=1777051911\",\"contentUrl\":\"https:\/\/tuzlainfo.ba\/wp-content\/litespeed\/avatar\/b6c453a6c38e3654f2e4416c643fc25c.jpg?ver=1777051911\",\"caption\":\"Tuzla Info\"}}]}<\/script>\n<!-- \/ Yoast SEO plugin. -->","yoast_head_json":{"title":"\u015ei\u015fecam soda Lukavac: Objavljen oglas za prijem radnika - TuzlaInfo.ba","robots":{"index":"index","follow":"follow","max-snippet":"max-snippet:-1","max-image-preview":"max-image-preview:large","max-video-preview":"max-video-preview:-1"},"canonical":"https:\/\/tuzlainfo.ba\/index.php\/clanci\/berza-rada\/item\/208793-sisecam-soda-lukavac-objavljen-oglas-za-prijem-radnika\/","og_locale":"bs_BA","og_type":"article","og_title":"\u015ei\u015fecam soda Lukavac: Objavljen oglas za prijem radnika - TuzlaInfo.ba","og_description":"Objavljen je oglas za prijem radnika u \u015ei\u015fecam sodu Lukavac. \u00a0OGLAS Za prijem u radni&hellip;","og_url":"https:\/\/tuzlainfo.ba\/index.php\/clanci\/berza-rada\/item\/208793-sisecam-soda-lukavac-objavljen-oglas-za-prijem-radnika\/","og_site_name":"TuzlaInfo.ba","article_publisher":"https:\/\/www.facebook.com\/tuzlainfo.ba\/","article_published_time":"2023-06-27T18:05:59+00:00","article_modified_time":"2023-06-27T13:09:58+00:00","og_image":[{"width":795,"height":649,"url":"https:\/\/tuzlainfo.ba\/wp-content\/uploads\/2022\/01\/sisecam-soda-lukavac.png","type":"image\/png"}],"author":"Tuzla Info","twitter_card":"summary_large_image","twitter_misc":{"Written by":"Tuzla Info","Est. reading time":"4 minute"},"schema":{"@context":"https:\/\/schema.org","@graph":[{"@type":"Article","@id":"https:\/\/tuzlainfo.ba\/index.php\/clanci\/berza-rada\/item\/208793-sisecam-soda-lukavac-objavljen-oglas-za-prijem-radnika\/#article","isPartOf":{"@id":"https:\/\/tuzlainfo.ba\/index.php\/clanci\/berza-rada\/item\/208793-sisecam-soda-lukavac-objavljen-oglas-za-prijem-radnika\/"},"author":{"name":"Tuzla Info","@id":"https:\/\/tuzlainfo.ba\/#\/schema\/person\/46cad4c57790cbc50781edd14870825a"},"headline":"\u015ei\u015fecam soda Lukavac: Objavljen oglas za prijem radnika","datePublished":"2023-06-27T18:05:59+00:00","dateModified":"2023-06-27T13:09:58+00:00","mainEntityOfPage":{"@id":"https:\/\/tuzlainfo.ba\/index.php\/clanci\/berza-rada\/item\/208793-sisecam-soda-lukavac-objavljen-oglas-za-prijem-radnika\/"},"wordCount":737,"commentCount":0,"publisher":{"@id":"https:\/\/tuzlainfo.ba\/#organization"},"image":{"@id":"https:\/\/tuzlainfo.ba\/index.php\/clanci\/berza-rada\/item\/208793-sisecam-soda-lukavac-objavljen-oglas-za-prijem-radnika\/#primaryimage"},"thumbnailUrl":"https:\/\/tuzlainfo.ba\/wp-content\/uploads\/2022\/01\/sisecam-soda-lukavac.png","keywords":["berza rada","lukavac","sisecam soda"],"articleSection":["Berza rada"],"inLanguage":"bs-BA"},{"@type":"WebPage","@id":"https:\/\/tuzlainfo.ba\/index.php\/clanci\/berza-rada\/item\/208793-sisecam-soda-lukavac-objavljen-oglas-za-prijem-radnika\/","url":"https:\/\/tuzlainfo.ba\/index.php\/clanci\/berza-rada\/item\/208793-sisecam-soda-lukavac-objavljen-oglas-za-prijem-radnika\/","name":"\u015ei\u015fecam soda Lukavac: Objavljen oglas za prijem radnika - TuzlaInfo.ba","isPartOf":{"@id":"https:\/\/tuzlainfo.ba\/#website"},"primaryImageOfPage":{"@id":"https:\/\/tuzlainfo.ba\/index.php\/clanci\/berza-rada\/item\/208793-sisecam-soda-lukavac-objavljen-oglas-za-prijem-radnika\/#primaryimage"},"image":{"@id":"https:\/\/tuzlainfo.ba\/index.php\/clanci\/berza-rada\/item\/208793-sisecam-soda-lukavac-objavljen-oglas-za-prijem-radnika\/#primaryimage"},"thumbnailUrl":"https:\/\/tuzlainfo.ba\/wp-content\/uploads\/2022\/01\/sisecam-soda-lukavac.png","datePublished":"2023-06-27T18:05:59+00:00","dateModified":"2023-06-27T13:09:58+00:00","breadcrumb":{"@id":"https:\/\/tuzlainfo.ba\/index.php\/clanci\/berza-rada\/item\/208793-sisecam-soda-lukavac-objavljen-oglas-za-prijem-radnika\/#breadcrumb"},"inLanguage":"bs-BA","potentialAction":[{"@type":"ReadAction","target":["https:\/\/tuzlainfo.ba\/index.php\/clanci\/berza-rada\/item\/208793-sisecam-soda-lukavac-objavljen-oglas-za-prijem-radnika\/"]}]},{"@type":"ImageObject","inLanguage":"bs-BA","@id":"https:\/\/tuzlainfo.ba\/index.php\/clanci\/berza-rada\/item\/208793-sisecam-soda-lukavac-objavljen-oglas-za-prijem-radnika\/#primaryimage","url":"https:\/\/tuzlainfo.ba\/wp-content\/uploads\/2022\/01\/sisecam-soda-lukavac.png","contentUrl":"https:\/\/tuzlainfo.ba\/wp-content\/uploads\/2022\/01\/sisecam-soda-lukavac.png","width":795,"height":649},{"@type":"BreadcrumbList","@id":"https:\/\/tuzlainfo.ba\/index.php\/clanci\/berza-rada\/item\/208793-sisecam-soda-lukavac-objavljen-oglas-za-prijem-radnika\/#breadcrumb","itemListElement":[{"@type":"ListItem","position":1,"name":"Home","item":"https:\/\/tuzlainfo.ba\/"},{"@type":"ListItem","position":2,"name":"\u015ei\u015fecam soda Lukavac: Objavljen oglas za prijem radnika"}]},{"@type":"WebSite","@id":"https:\/\/tuzlainfo.ba\/#website","url":"https:\/\/tuzlainfo.ba\/","name":"TuzlaInfo.ba","description":"Tuzla info, gradski informator - Tuzla na dlanu","publisher":{"@id":"https:\/\/tuzlainfo.ba\/#organization"},"potentialAction":[{"@type":"SearchAction","target":{"@type":"EntryPoint","urlTemplate":"https:\/\/tuzlainfo.ba\/?s={search_term_string}"},"query-input":{"@type":"PropertyValueSpecification","valueRequired":true,"valueName":"search_term_string"}}],"inLanguage":"bs-BA"},{"@type":"Organization","@id":"https:\/\/tuzlainfo.ba\/#organization","name":"TuzlaInfo.ba","url":"https:\/\/tuzlainfo.ba\/","logo":{"@type":"ImageObject","inLanguage":"bs-BA","@id":"https:\/\/tuzlainfo.ba\/#\/schema\/logo\/image\/","url":"https:\/\/tuzlainfo.ba\/wp-content\/uploads\/2021\/03\/logo-ver-3-1.png","contentUrl":"https:\/\/tuzlainfo.ba\/wp-content\/uploads\/2021\/03\/logo-ver-3-1.png","width":350,"height":95,"caption":"TuzlaInfo.ba"},"image":{"@id":"https:\/\/tuzlainfo.ba\/#\/schema\/logo\/image\/"},"sameAs":["https:\/\/www.facebook.com\/tuzlainfo.ba\/"]},{"@type":"Person","@id":"https:\/\/tuzlainfo.ba\/#\/schema\/person\/46cad4c57790cbc50781edd14870825a","name":"Tuzla Info","image":{"@type":"ImageObject","inLanguage":"bs-BA","@id":"https:\/\/tuzlainfo.ba\/#\/schema\/person\/image\/","url":"https:\/\/tuzlainfo.ba\/wp-content\/litespeed\/avatar\/b6c453a6c38e3654f2e4416c643fc25c.jpg?ver=1777051911","contentUrl":"https:\/\/tuzlainfo.ba\/wp-content\/litespeed\/avatar\/b6c453a6c38e3654f2e4416c643fc25c.jpg?ver=1777051911","caption":"Tuzla Info"}}]}},"_links":{"self":[{"href":"https:\/\/tuzlainfo.ba\/index.php\/wp-json\/wp\/v2\/posts\/208793"}],"collection":[{"href":"https:\/\/tuzlainfo.ba\/index.php\/wp-json\/wp\/v2\/posts"}],"about":[{"href":"https:\/\/tuzlainfo.ba\/index.php\/wp-json\/wp\/v2\/types\/post"}],"author":[{"embeddable":true,"href":"https:\/\/tuzlainfo.ba\/index.php\/wp-json\/wp\/v2\/users\/4"}],"replies":[{"embeddable":true,"href":"https:\/\/tuzlainfo.ba\/index.php\/wp-json\/wp\/v2\/comments?post=208793"}],"version-history":[{"count":0,"href":"https:\/\/tuzlainfo.ba\/index.php\/wp-json\/wp\/v2\/posts\/208793\/revisions"}],"wp:featuredmedia":[{"embeddable":true,"href":"https:\/\/tuzlainfo.ba\/index.php\/wp-json\/wp\/v2\/media\/161515"}],"wp:attachment":[{"href":"https:\/\/tuzlainfo.ba\/index.php\/wp-json\/wp\/v2\/media?parent=208793"}],"wp:term":[{"taxonomy":"category","embeddable":true,"href":"https:\/\/tuzlainfo.ba\/index.php\/wp-json\/wp\/v2\/categories?post=208793"},{"taxonomy":"post_tag","embeddable":true,"href":"https:\/\/tuzlainfo.ba\/index.php\/wp-json\/wp\/v2\/tags?post=208793"}],"curies":[{"name":"wp","href":"https:\/\/api.w.org\/{rel}","templated":true}]}}