{"id":208768,"date":"2023-06-27T14:48:52","date_gmt":"2023-06-27T12:48:52","guid":{"rendered":"https:\/\/tuzlainfo.ba\/?p=208768"},"modified":"2023-06-27T15:48:03","modified_gmt":"2023-06-27T13:48:03","slug":"video-tuzla-svecano-otvoreno-igraliste-za-potrebe-centra-skole-i-lokalne-zajendice","status":"publish","type":"post","link":"https:\/\/tuzlainfo.ba\/index.php\/novosti\/item\/208768-video-tuzla-svecano-otvoreno-igraliste-za-potrebe-centra-skole-i-lokalne-zajendice\/","title":{"rendered":"VIDEO \/ Tuzla: Sve\u010dano otvoreno igrali\u0161te za potrebe Centra, \u0161kole i lokalne zajendice"},"content":{"rendered":"<p>U sklopu Javne ustanove Centar za obrazovanje, vaspitanje i rehabilitaciju slu\u0161anja i govora Tuzla, danas je sve\u010dano otvoreno obnovljeno igrali\u0161te namijenjeno djeci ovog Centra, obli\u017enje osnovne \u0161kole ali i lokalnoj zajednici.<\/p>\n<p>Rekonstrukcija igrali\u0161ta podr\u017eana je kroz projekat &#8220;Brat&#8221;. Projekat &#8220;Brat&#8221; (Balkanska ruta: prihvat u tranzitu&#8221; osmi\u0161ljen je s ciljem omogu\u0107ivanja kulturne i obrazovne promjene za stanovni\u0161tvo BiH uti\u010du\u0107i na njihovu otvorenost i spremnost za su\u017eivot sa izbjeglicama, migrantima i tra\u017eiocima azila.<\/p>\n<div id=\"penci-post-gallery__90180\" class=\"penci-post-gallery-container masonry grid column-3\" data-height=\"150\" data-margin=\"3\"><div class=\"inner-gallery-masonry-container\"><div class=\"item-gallery-masonry grid\"><a class=\"\" href=\"https:\/\/tuzlainfo.ba\/wp-content\/uploads\/2023\/06\/2706_igraliste_centar-2.jpg\"><div class=\"inner-item-masonry-gallery\"><img decoding=\"async\" src=\"https:\/\/tuzlainfo.ba\/wp-content\/uploads\/2023\/06\/2706_igraliste_centar-2-585x390.jpg\" alt=\"\" title=\"2706_igraliste_centar (2)\"><\/div><\/a><\/div><div class=\"item-gallery-masonry grid\"><a class=\"\" href=\"https:\/\/tuzlainfo.ba\/wp-content\/uploads\/2023\/06\/2706_igraliste_centar-3.jpg\"><div class=\"inner-item-masonry-gallery\"><img decoding=\"async\" src=\"https:\/\/tuzlainfo.ba\/wp-content\/uploads\/2023\/06\/2706_igraliste_centar-3-585x390.jpg\" alt=\"\" title=\"2706_igraliste_centar (3)\"><\/div><\/a><\/div><div class=\"item-gallery-masonry grid\"><a class=\"\" href=\"https:\/\/tuzlainfo.ba\/wp-content\/uploads\/2023\/06\/2706_igraliste_centar-4.jpg\"><div class=\"inner-item-masonry-gallery\"><img decoding=\"async\" src=\"https:\/\/tuzlainfo.ba\/wp-content\/uploads\/2023\/06\/2706_igraliste_centar-4-585x390.jpg\" alt=\"\" title=\"2706_igraliste_centar (4)\"><\/div><\/a><\/div><div class=\"item-gallery-masonry grid\"><a class=\"\" href=\"https:\/\/tuzlainfo.ba\/wp-content\/uploads\/2023\/06\/2706_igraliste_centar-5.jpg\"><div class=\"inner-item-masonry-gallery\"><img decoding=\"async\" src=\"https:\/\/tuzlainfo.ba\/wp-content\/uploads\/2023\/06\/2706_igraliste_centar-5-585x390.jpg\" alt=\"\" title=\"2706_igraliste_centar (5)\"><\/div><\/a><\/div><div class=\"item-gallery-masonry grid\"><a class=\"\" href=\"https:\/\/tuzlainfo.ba\/wp-content\/uploads\/2023\/06\/2706_igraliste_centar-6.jpg\"><div class=\"inner-item-masonry-gallery\"><img decoding=\"async\" src=\"https:\/\/tuzlainfo.ba\/wp-content\/uploads\/2023\/06\/2706_igraliste_centar-6-585x390.jpg\" alt=\"\" title=\"2706_igraliste_centar (6)\"><\/div><\/a><\/div><div class=\"item-gallery-masonry grid\"><a class=\"\" href=\"https:\/\/tuzlainfo.ba\/wp-content\/uploads\/2023\/06\/2706_igraliste_centar-7.jpg\"><div class=\"inner-item-masonry-gallery\"><img decoding=\"async\" src=\"https:\/\/tuzlainfo.ba\/wp-content\/uploads\/2023\/06\/2706_igraliste_centar-7-585x390.jpg\" alt=\"\" title=\"2706_igraliste_centar (7)\"><\/div><\/a><\/div><div class=\"item-gallery-masonry grid\"><a class=\"\" href=\"https:\/\/tuzlainfo.ba\/wp-content\/uploads\/2023\/06\/2706_igraliste_centar-8.jpg\"><div class=\"inner-item-masonry-gallery\"><img decoding=\"async\" src=\"https:\/\/tuzlainfo.ba\/wp-content\/uploads\/2023\/06\/2706_igraliste_centar-8-585x390.jpg\" alt=\"\" title=\"2706_igraliste_centar (8)\"><\/div><\/a><\/div><div class=\"item-gallery-masonry grid\"><a class=\"\" href=\"https:\/\/tuzlainfo.ba\/wp-content\/uploads\/2023\/06\/2706_igraliste_centar-9.jpg\"><div class=\"inner-item-masonry-gallery\"><img decoding=\"async\" src=\"https:\/\/tuzlainfo.ba\/wp-content\/uploads\/2023\/06\/2706_igraliste_centar-9-585x390.jpg\" alt=\"\" title=\"2706_igraliste_centar (9)\"><\/div><\/a><\/div><div class=\"item-gallery-masonry grid\"><a class=\"\" href=\"https:\/\/tuzlainfo.ba\/wp-content\/uploads\/2023\/06\/2706_igraliste_centar-10.jpg\"><div class=\"inner-item-masonry-gallery\"><img decoding=\"async\" src=\"https:\/\/tuzlainfo.ba\/wp-content\/uploads\/2023\/06\/2706_igraliste_centar-10-585x390.jpg\" alt=\"\" title=\"2706_igraliste_centar (10)\"><\/div><\/a><\/div><div class=\"item-gallery-masonry grid\"><a class=\"\" href=\"https:\/\/tuzlainfo.ba\/wp-content\/uploads\/2023\/06\/2706_igraliste_centar-11.jpg\"><div class=\"inner-item-masonry-gallery\"><img decoding=\"async\" src=\"https:\/\/tuzlainfo.ba\/wp-content\/uploads\/2023\/06\/2706_igraliste_centar-11-585x390.jpg\" alt=\"\" title=\"2706_igraliste_centar (11)\"><\/div><\/a><\/div><div class=\"item-gallery-masonry grid\"><a class=\"\" href=\"https:\/\/tuzlainfo.ba\/wp-content\/uploads\/2023\/06\/2706_igraliste_centar-12.jpg\"><div class=\"inner-item-masonry-gallery\"><img decoding=\"async\" src=\"https:\/\/tuzlainfo.ba\/wp-content\/uploads\/2023\/06\/2706_igraliste_centar-12-585x390.jpg\" alt=\"\" title=\"2706_igraliste_centar (12)\"><\/div><\/a><\/div><div class=\"item-gallery-masonry grid\"><a class=\"\" href=\"https:\/\/tuzlainfo.ba\/wp-content\/uploads\/2023\/06\/2706_igraliste_centar-1.jpg\"><div class=\"inner-item-masonry-gallery\"><img decoding=\"async\" src=\"https:\/\/tuzlainfo.ba\/wp-content\/uploads\/2023\/06\/2706_igraliste_centar-1-585x390.jpg\" alt=\"\" title=\"2706_igraliste_centar (1)\"><\/div><\/a><\/div><\/div><\/div>\n<p>Projekat rekonstrukcije i opremanja dje\u010dijeg igrali\u0161ta u Miladijama skupa su realizirali Grad Tuzla, Emmaus i organizacija IPSIA.<\/p>\n<p>Obnovljeno igrali\u0161te sve\u010dano je otvorio Miralem Mula\u0107, pomo\u0107nik gradona\u010delnika iz Slu\u017ebe za komunalne poslove Grada Tuzla koji je ovom prilikom rekao:<\/p>\n<p><iframe title=\"Projekat &quot;Brat&quot;, Miralem Mulac, pomocnik gradonacelnika za komunalne poslove\" width=\"1170\" height=\"658\" src=\"https:\/\/www.youtube.com\/embed\/KtZp6Glwt1k?feature=oembed\" frameborder=\"0\" allow=\"accelerometer; autoplay; clipboard-write; encrypted-media; gyroscope; picture-in-picture; web-share\" allowfullscreen><\/iframe><\/p>\n<p>Amra Im\u0161iragi\u0107, direktorica Centra za za obrazovanje i vaspitanje i rehabilitaciju slu\u0161anja i govora Tuzla, ovom prilikom je kazala da ovaj Centar ne posjeduje salu za tjelesni odgoj, tako da je ovo igrali\u0161te od velike koristi \u0161ti\u0107enicima Centra, ali i ostaloj djeci, te je dodala:<\/p>\n<p><iframe title=\"Projekat &quot;Brat&quot;, Amra Imsiragic, direktorica Centra za obrazovanje, vaspitanje i rejabilitaciju\" width=\"1170\" height=\"658\" src=\"https:\/\/www.youtube.com\/embed\/x5JHOlSpj4c?feature=oembed\" frameborder=\"0\" allow=\"accelerometer; autoplay; clipboard-write; encrypted-media; gyroscope; picture-in-picture; web-share\" allowfullscreen><\/iframe><\/p>\n<p>Edina Humi\u0107 iz Me\u0111unarodnog foruma solidarnosti EMMAUS isti\u010de da je i jedan od ciljeva ovog projekta pomo\u0107 lokalnim zajednicama koje se susre\u0107u sa migracijama. Ukupna vrijednost radova iznosi 16.000 konvertibilnih maraka.<\/p>\n<p><iframe title=\"Projekat &quot;Brat&quot;, Edina Humic, Emmaus\" width=\"1170\" height=\"658\" src=\"https:\/\/www.youtube.com\/embed\/p6DuIoCxHXk?feature=oembed\" frameborder=\"0\" allow=\"accelerometer; autoplay; clipboard-write; encrypted-media; gyroscope; picture-in-picture; web-share\" allowfullscreen><\/iframe><\/p>\n<p>Ina\u010de projekat &#8220;Brat&#8221; je trogodi\u0161nji projekat kojeg skupa realiziraju IPSIA BH, te Caritas Bosne i Hercegovine, Caritas Italije, Dru\u0161tva Crvenog krsta\/kri\u017ea BiH, Me\u0111unarodni forum solidarnosti EMMAUS i Centar za pru\u017eanje usluga u zajednici Tuzla.<strong>\/S.P.\/<\/strong><\/p>\n","protected":false},"excerpt":{"rendered":"<p>U sklopu Javne ustanove Centar za obrazovanje, vaspitanje i rehabilitaciju slu\u0161anja i govora Tuzla, danas&hellip;<\/p>\n","protected":false},"author":2,"featured_media":208781,"comment_status":"open","ping_status":"closed","sticky":false,"template":"","format":"standard","meta":{"_acf_changed":false,"footnotes":""},"categories":[304,12,306],"tags":[814,7300,42],"acf":[],"yoast_head":"<!-- This site is optimized with the Yoast SEO plugin v23.5 - https:\/\/yoast.com\/wordpress\/plugins\/seo\/ -->\n<title>VIDEO \/ Tuzla: Sve\u010dano otvoreno igrali\u0161te za potrebe Centra, \u0161kole i lokalne zajendice - TuzlaInfo.ba<\/title>\n<meta name=\"robots\" content=\"index, follow, max-snippet:-1, max-image-preview:large, max-video-preview:-1\" \/>\n<link rel=\"canonical\" href=\"https:\/\/tuzlainfo.ba\/index.php\/novosti\/item\/208768-video-tuzla-svecano-otvoreno-igraliste-za-potrebe-centra-skole-i-lokalne-zajendice\/\" \/>\n<meta property=\"og:locale\" content=\"bs_BA\" \/>\n<meta property=\"og:type\" content=\"article\" \/>\n<meta property=\"og:title\" content=\"VIDEO \/ Tuzla: Sve\u010dano otvoreno igrali\u0161te za potrebe Centra, \u0161kole i lokalne zajendice - TuzlaInfo.ba\" \/>\n<meta property=\"og:description\" content=\"U sklopu Javne ustanove Centar za obrazovanje, vaspitanje i rehabilitaciju slu\u0161anja i govora Tuzla, danas&hellip;\" \/>\n<meta property=\"og:url\" content=\"https:\/\/tuzlainfo.ba\/index.php\/novosti\/item\/208768-video-tuzla-svecano-otvoreno-igraliste-za-potrebe-centra-skole-i-lokalne-zajendice\/\" \/>\n<meta property=\"og:site_name\" content=\"TuzlaInfo.ba\" \/>\n<meta property=\"article:publisher\" content=\"https:\/\/www.facebook.com\/tuzlainfo.ba\/\" \/>\n<meta property=\"article:published_time\" content=\"2023-06-27T12:48:52+00:00\" \/>\n<meta property=\"article:modified_time\" content=\"2023-06-27T13:48:03+00:00\" \/>\n<meta property=\"og:image\" content=\"https:\/\/tuzlainfo.ba\/wp-content\/uploads\/2023\/06\/2706_igraliste_kolaz.jpg\" \/>\n\t<meta property=\"og:image:width\" content=\"1000\" \/>\n\t<meta property=\"og:image:height\" content=\"598\" \/>\n\t<meta property=\"og:image:type\" content=\"image\/jpeg\" \/>\n<meta name=\"author\" content=\"nedim\" \/>\n<meta name=\"twitter:card\" content=\"summary_large_image\" \/>\n<meta name=\"twitter:label1\" content=\"Written by\" \/>\n\t<meta name=\"twitter:data1\" content=\"nedim\" \/>\n\t<meta name=\"twitter:label2\" content=\"Est. reading time\" \/>\n\t<meta name=\"twitter:data2\" content=\"1 minuta\" \/>\n<script type=\"application\/ld+json\" class=\"yoast-schema-graph\">{\"@context\":\"https:\/\/schema.org\",\"@graph\":[{\"@type\":\"Article\",\"@id\":\"https:\/\/tuzlainfo.ba\/index.php\/novosti\/item\/208768-video-tuzla-svecano-otvoreno-igraliste-za-potrebe-centra-skole-i-lokalne-zajendice\/#article\",\"isPartOf\":{\"@id\":\"https:\/\/tuzlainfo.ba\/index.php\/novosti\/item\/208768-video-tuzla-svecano-otvoreno-igraliste-za-potrebe-centra-skole-i-lokalne-zajendice\/\"},\"author\":{\"name\":\"nedim\",\"@id\":\"https:\/\/tuzlainfo.ba\/#\/schema\/person\/f434e20dc27ea133923aab08451b7f7f\"},\"headline\":\"VIDEO \/ Tuzla: Sve\u010dano otvoreno igrali\u0161te za potrebe Centra, \u0161kole i lokalne zajendice\",\"datePublished\":\"2023-06-27T12:48:52+00:00\",\"dateModified\":\"2023-06-27T13:48:03+00:00\",\"mainEntityOfPage\":{\"@id\":\"https:\/\/tuzlainfo.ba\/index.php\/novosti\/item\/208768-video-tuzla-svecano-otvoreno-igraliste-za-potrebe-centra-skole-i-lokalne-zajendice\/\"},\"wordCount\":299,\"commentCount\":0,\"publisher\":{\"@id\":\"https:\/\/tuzlainfo.ba\/#organization\"},\"image\":{\"@id\":\"https:\/\/tuzlainfo.ba\/index.php\/novosti\/item\/208768-video-tuzla-svecano-otvoreno-igraliste-za-potrebe-centra-skole-i-lokalne-zajendice\/#primaryimage\"},\"thumbnailUrl\":\"https:\/\/tuzlainfo.ba\/wp-content\/uploads\/2023\/06\/2706_igraliste_kolaz.jpg\",\"keywords\":[\"igrali\u0161te\",\"projekat brat\",\"tuzla\"],\"articleSection\":[\"Istaknuto\",\"Novosti\",\"Preporu\u010dujemo\"],\"inLanguage\":\"bs-BA\"},{\"@type\":\"WebPage\",\"@id\":\"https:\/\/tuzlainfo.ba\/index.php\/novosti\/item\/208768-video-tuzla-svecano-otvoreno-igraliste-za-potrebe-centra-skole-i-lokalne-zajendice\/\",\"url\":\"https:\/\/tuzlainfo.ba\/index.php\/novosti\/item\/208768-video-tuzla-svecano-otvoreno-igraliste-za-potrebe-centra-skole-i-lokalne-zajendice\/\",\"name\":\"VIDEO \/ Tuzla: Sve\u010dano otvoreno igrali\u0161te za potrebe Centra, \u0161kole i lokalne zajendice - TuzlaInfo.ba\",\"isPartOf\":{\"@id\":\"https:\/\/tuzlainfo.ba\/#website\"},\"primaryImageOfPage\":{\"@id\":\"https:\/\/tuzlainfo.ba\/index.php\/novosti\/item\/208768-video-tuzla-svecano-otvoreno-igraliste-za-potrebe-centra-skole-i-lokalne-zajendice\/#primaryimage\"},\"image\":{\"@id\":\"https:\/\/tuzlainfo.ba\/index.php\/novosti\/item\/208768-video-tuzla-svecano-otvoreno-igraliste-za-potrebe-centra-skole-i-lokalne-zajendice\/#primaryimage\"},\"thumbnailUrl\":\"https:\/\/tuzlainfo.ba\/wp-content\/uploads\/2023\/06\/2706_igraliste_kolaz.jpg\",\"datePublished\":\"2023-06-27T12:48:52+00:00\",\"dateModified\":\"2023-06-27T13:48:03+00:00\",\"breadcrumb\":{\"@id\":\"https:\/\/tuzlainfo.ba\/index.php\/novosti\/item\/208768-video-tuzla-svecano-otvoreno-igraliste-za-potrebe-centra-skole-i-lokalne-zajendice\/#breadcrumb\"},\"inLanguage\":\"bs-BA\",\"potentialAction\":[{\"@type\":\"ReadAction\",\"target\":[\"https:\/\/tuzlainfo.ba\/index.php\/novosti\/item\/208768-video-tuzla-svecano-otvoreno-igraliste-za-potrebe-centra-skole-i-lokalne-zajendice\/\"]}]},{\"@type\":\"ImageObject\",\"inLanguage\":\"bs-BA\",\"@id\":\"https:\/\/tuzlainfo.ba\/index.php\/novosti\/item\/208768-video-tuzla-svecano-otvoreno-igraliste-za-potrebe-centra-skole-i-lokalne-zajendice\/#primaryimage\",\"url\":\"https:\/\/tuzlainfo.ba\/wp-content\/uploads\/2023\/06\/2706_igraliste_kolaz.jpg\",\"contentUrl\":\"https:\/\/tuzlainfo.ba\/wp-content\/uploads\/2023\/06\/2706_igraliste_kolaz.jpg\",\"width\":1000,\"height\":598},{\"@type\":\"BreadcrumbList\",\"@id\":\"https:\/\/tuzlainfo.ba\/index.php\/novosti\/item\/208768-video-tuzla-svecano-otvoreno-igraliste-za-potrebe-centra-skole-i-lokalne-zajendice\/#breadcrumb\",\"itemListElement\":[{\"@type\":\"ListItem\",\"position\":1,\"name\":\"Home\",\"item\":\"https:\/\/tuzlainfo.ba\/\"},{\"@type\":\"ListItem\",\"position\":2,\"name\":\"VIDEO \/ Tuzla: Sve\u010dano otvoreno igrali\u0161te za potrebe Centra, \u0161kole i lokalne zajendice\"}]},{\"@type\":\"WebSite\",\"@id\":\"https:\/\/tuzlainfo.ba\/#website\",\"url\":\"https:\/\/tuzlainfo.ba\/\",\"name\":\"TuzlaInfo.ba\",\"description\":\"Tuzla info, gradski informator - Tuzla na dlanu\",\"publisher\":{\"@id\":\"https:\/\/tuzlainfo.ba\/#organization\"},\"potentialAction\":[{\"@type\":\"SearchAction\",\"target\":{\"@type\":\"EntryPoint\",\"urlTemplate\":\"https:\/\/tuzlainfo.ba\/?s={search_term_string}\"},\"query-input\":{\"@type\":\"PropertyValueSpecification\",\"valueRequired\":true,\"valueName\":\"search_term_string\"}}],\"inLanguage\":\"bs-BA\"},{\"@type\":\"Organization\",\"@id\":\"https:\/\/tuzlainfo.ba\/#organization\",\"name\":\"TuzlaInfo.ba\",\"url\":\"https:\/\/tuzlainfo.ba\/\",\"logo\":{\"@type\":\"ImageObject\",\"inLanguage\":\"bs-BA\",\"@id\":\"https:\/\/tuzlainfo.ba\/#\/schema\/logo\/image\/\",\"url\":\"https:\/\/tuzlainfo.ba\/wp-content\/uploads\/2021\/03\/logo-ver-3-1.png\",\"contentUrl\":\"https:\/\/tuzlainfo.ba\/wp-content\/uploads\/2021\/03\/logo-ver-3-1.png\",\"width\":350,\"height\":95,\"caption\":\"TuzlaInfo.ba\"},\"image\":{\"@id\":\"https:\/\/tuzlainfo.ba\/#\/schema\/logo\/image\/\"},\"sameAs\":[\"https:\/\/www.facebook.com\/tuzlainfo.ba\/\"]},{\"@type\":\"Person\",\"@id\":\"https:\/\/tuzlainfo.ba\/#\/schema\/person\/f434e20dc27ea133923aab08451b7f7f\",\"name\":\"nedim\",\"image\":{\"@type\":\"ImageObject\",\"inLanguage\":\"bs-BA\",\"@id\":\"https:\/\/tuzlainfo.ba\/#\/schema\/person\/image\/\",\"url\":\"https:\/\/tuzlainfo.ba\/wp-content\/litespeed\/avatar\/aabad687af24844af817603ac1cbdc4f.jpg?ver=1777306975\",\"contentUrl\":\"https:\/\/tuzlainfo.ba\/wp-content\/litespeed\/avatar\/aabad687af24844af817603ac1cbdc4f.jpg?ver=1777306975\",\"caption\":\"nedim\"},\"description\":\"Tuzlainfo.ba pratite na dru\u0161tvenim mre\u017eama: Facebook, Instagram i Youtube. Svoje pri\u010de, upite i fotografije \u0161aljite na na\u0161u e-mail adresu.\"}]}<\/script>\n<!-- \/ Yoast SEO plugin. -->","yoast_head_json":{"title":"VIDEO \/ Tuzla: Sve\u010dano otvoreno igrali\u0161te za potrebe Centra, \u0161kole i lokalne zajendice - TuzlaInfo.ba","robots":{"index":"index","follow":"follow","max-snippet":"max-snippet:-1","max-image-preview":"max-image-preview:large","max-video-preview":"max-video-preview:-1"},"canonical":"https:\/\/tuzlainfo.ba\/index.php\/novosti\/item\/208768-video-tuzla-svecano-otvoreno-igraliste-za-potrebe-centra-skole-i-lokalne-zajendice\/","og_locale":"bs_BA","og_type":"article","og_title":"VIDEO \/ Tuzla: Sve\u010dano otvoreno igrali\u0161te za potrebe Centra, \u0161kole i lokalne zajendice - TuzlaInfo.ba","og_description":"U sklopu Javne ustanove Centar za obrazovanje, vaspitanje i rehabilitaciju slu\u0161anja i govora Tuzla, danas&hellip;","og_url":"https:\/\/tuzlainfo.ba\/index.php\/novosti\/item\/208768-video-tuzla-svecano-otvoreno-igraliste-za-potrebe-centra-skole-i-lokalne-zajendice\/","og_site_name":"TuzlaInfo.ba","article_publisher":"https:\/\/www.facebook.com\/tuzlainfo.ba\/","article_published_time":"2023-06-27T12:48:52+00:00","article_modified_time":"2023-06-27T13:48:03+00:00","og_image":[{"width":1000,"height":598,"url":"https:\/\/tuzlainfo.ba\/wp-content\/uploads\/2023\/06\/2706_igraliste_kolaz.jpg","type":"image\/jpeg"}],"author":"nedim","twitter_card":"summary_large_image","twitter_misc":{"Written by":"nedim","Est. reading time":"1 minuta"},"schema":{"@context":"https:\/\/schema.org","@graph":[{"@type":"Article","@id":"https:\/\/tuzlainfo.ba\/index.php\/novosti\/item\/208768-video-tuzla-svecano-otvoreno-igraliste-za-potrebe-centra-skole-i-lokalne-zajendice\/#article","isPartOf":{"@id":"https:\/\/tuzlainfo.ba\/index.php\/novosti\/item\/208768-video-tuzla-svecano-otvoreno-igraliste-za-potrebe-centra-skole-i-lokalne-zajendice\/"},"author":{"name":"nedim","@id":"https:\/\/tuzlainfo.ba\/#\/schema\/person\/f434e20dc27ea133923aab08451b7f7f"},"headline":"VIDEO \/ Tuzla: Sve\u010dano otvoreno igrali\u0161te za potrebe Centra, \u0161kole i lokalne zajendice","datePublished":"2023-06-27T12:48:52+00:00","dateModified":"2023-06-27T13:48:03+00:00","mainEntityOfPage":{"@id":"https:\/\/tuzlainfo.ba\/index.php\/novosti\/item\/208768-video-tuzla-svecano-otvoreno-igraliste-za-potrebe-centra-skole-i-lokalne-zajendice\/"},"wordCount":299,"commentCount":0,"publisher":{"@id":"https:\/\/tuzlainfo.ba\/#organization"},"image":{"@id":"https:\/\/tuzlainfo.ba\/index.php\/novosti\/item\/208768-video-tuzla-svecano-otvoreno-igraliste-za-potrebe-centra-skole-i-lokalne-zajendice\/#primaryimage"},"thumbnailUrl":"https:\/\/tuzlainfo.ba\/wp-content\/uploads\/2023\/06\/2706_igraliste_kolaz.jpg","keywords":["igrali\u0161te","projekat brat","tuzla"],"articleSection":["Istaknuto","Novosti","Preporu\u010dujemo"],"inLanguage":"bs-BA"},{"@type":"WebPage","@id":"https:\/\/tuzlainfo.ba\/index.php\/novosti\/item\/208768-video-tuzla-svecano-otvoreno-igraliste-za-potrebe-centra-skole-i-lokalne-zajendice\/","url":"https:\/\/tuzlainfo.ba\/index.php\/novosti\/item\/208768-video-tuzla-svecano-otvoreno-igraliste-za-potrebe-centra-skole-i-lokalne-zajendice\/","name":"VIDEO \/ Tuzla: Sve\u010dano otvoreno igrali\u0161te za potrebe Centra, \u0161kole i lokalne zajendice - TuzlaInfo.ba","isPartOf":{"@id":"https:\/\/tuzlainfo.ba\/#website"},"primaryImageOfPage":{"@id":"https:\/\/tuzlainfo.ba\/index.php\/novosti\/item\/208768-video-tuzla-svecano-otvoreno-igraliste-za-potrebe-centra-skole-i-lokalne-zajendice\/#primaryimage"},"image":{"@id":"https:\/\/tuzlainfo.ba\/index.php\/novosti\/item\/208768-video-tuzla-svecano-otvoreno-igraliste-za-potrebe-centra-skole-i-lokalne-zajendice\/#primaryimage"},"thumbnailUrl":"https:\/\/tuzlainfo.ba\/wp-content\/uploads\/2023\/06\/2706_igraliste_kolaz.jpg","datePublished":"2023-06-27T12:48:52+00:00","dateModified":"2023-06-27T13:48:03+00:00","breadcrumb":{"@id":"https:\/\/tuzlainfo.ba\/index.php\/novosti\/item\/208768-video-tuzla-svecano-otvoreno-igraliste-za-potrebe-centra-skole-i-lokalne-zajendice\/#breadcrumb"},"inLanguage":"bs-BA","potentialAction":[{"@type":"ReadAction","target":["https:\/\/tuzlainfo.ba\/index.php\/novosti\/item\/208768-video-tuzla-svecano-otvoreno-igraliste-za-potrebe-centra-skole-i-lokalne-zajendice\/"]}]},{"@type":"ImageObject","inLanguage":"bs-BA","@id":"https:\/\/tuzlainfo.ba\/index.php\/novosti\/item\/208768-video-tuzla-svecano-otvoreno-igraliste-za-potrebe-centra-skole-i-lokalne-zajendice\/#primaryimage","url":"https:\/\/tuzlainfo.ba\/wp-content\/uploads\/2023\/06\/2706_igraliste_kolaz.jpg","contentUrl":"https:\/\/tuzlainfo.ba\/wp-content\/uploads\/2023\/06\/2706_igraliste_kolaz.jpg","width":1000,"height":598},{"@type":"BreadcrumbList","@id":"https:\/\/tuzlainfo.ba\/index.php\/novosti\/item\/208768-video-tuzla-svecano-otvoreno-igraliste-za-potrebe-centra-skole-i-lokalne-zajendice\/#breadcrumb","itemListElement":[{"@type":"ListItem","position":1,"name":"Home","item":"https:\/\/tuzlainfo.ba\/"},{"@type":"ListItem","position":2,"name":"VIDEO \/ Tuzla: Sve\u010dano otvoreno igrali\u0161te za potrebe Centra, \u0161kole i lokalne zajendice"}]},{"@type":"WebSite","@id":"https:\/\/tuzlainfo.ba\/#website","url":"https:\/\/tuzlainfo.ba\/","name":"TuzlaInfo.ba","description":"Tuzla info, gradski informator - Tuzla na dlanu","publisher":{"@id":"https:\/\/tuzlainfo.ba\/#organization"},"potentialAction":[{"@type":"SearchAction","target":{"@type":"EntryPoint","urlTemplate":"https:\/\/tuzlainfo.ba\/?s={search_term_string}"},"query-input":{"@type":"PropertyValueSpecification","valueRequired":true,"valueName":"search_term_string"}}],"inLanguage":"bs-BA"},{"@type":"Organization","@id":"https:\/\/tuzlainfo.ba\/#organization","name":"TuzlaInfo.ba","url":"https:\/\/tuzlainfo.ba\/","logo":{"@type":"ImageObject","inLanguage":"bs-BA","@id":"https:\/\/tuzlainfo.ba\/#\/schema\/logo\/image\/","url":"https:\/\/tuzlainfo.ba\/wp-content\/uploads\/2021\/03\/logo-ver-3-1.png","contentUrl":"https:\/\/tuzlainfo.ba\/wp-content\/uploads\/2021\/03\/logo-ver-3-1.png","width":350,"height":95,"caption":"TuzlaInfo.ba"},"image":{"@id":"https:\/\/tuzlainfo.ba\/#\/schema\/logo\/image\/"},"sameAs":["https:\/\/www.facebook.com\/tuzlainfo.ba\/"]},{"@type":"Person","@id":"https:\/\/tuzlainfo.ba\/#\/schema\/person\/f434e20dc27ea133923aab08451b7f7f","name":"nedim","image":{"@type":"ImageObject","inLanguage":"bs-BA","@id":"https:\/\/tuzlainfo.ba\/#\/schema\/person\/image\/","url":"https:\/\/tuzlainfo.ba\/wp-content\/litespeed\/avatar\/aabad687af24844af817603ac1cbdc4f.jpg?ver=1777306975","contentUrl":"https:\/\/tuzlainfo.ba\/wp-content\/litespeed\/avatar\/aabad687af24844af817603ac1cbdc4f.jpg?ver=1777306975","caption":"nedim"},"description":"Tuzlainfo.ba pratite na dru\u0161tvenim mre\u017eama: Facebook, Instagram i Youtube. Svoje pri\u010de, upite i fotografije \u0161aljite na na\u0161u e-mail adresu."}]}},"_links":{"self":[{"href":"https:\/\/tuzlainfo.ba\/index.php\/wp-json\/wp\/v2\/posts\/208768"}],"collection":[{"href":"https:\/\/tuzlainfo.ba\/index.php\/wp-json\/wp\/v2\/posts"}],"about":[{"href":"https:\/\/tuzlainfo.ba\/index.php\/wp-json\/wp\/v2\/types\/post"}],"author":[{"embeddable":true,"href":"https:\/\/tuzlainfo.ba\/index.php\/wp-json\/wp\/v2\/users\/2"}],"replies":[{"embeddable":true,"href":"https:\/\/tuzlainfo.ba\/index.php\/wp-json\/wp\/v2\/comments?post=208768"}],"version-history":[{"count":0,"href":"https:\/\/tuzlainfo.ba\/index.php\/wp-json\/wp\/v2\/posts\/208768\/revisions"}],"wp:featuredmedia":[{"embeddable":true,"href":"https:\/\/tuzlainfo.ba\/index.php\/wp-json\/wp\/v2\/media\/208781"}],"wp:attachment":[{"href":"https:\/\/tuzlainfo.ba\/index.php\/wp-json\/wp\/v2\/media?parent=208768"}],"wp:term":[{"taxonomy":"category","embeddable":true,"href":"https:\/\/tuzlainfo.ba\/index.php\/wp-json\/wp\/v2\/categories?post=208768"},{"taxonomy":"post_tag","embeddable":true,"href":"https:\/\/tuzlainfo.ba\/index.php\/wp-json\/wp\/v2\/tags?post=208768"}],"curies":[{"name":"wp","href":"https:\/\/api.w.org\/{rel}","templated":true}]}}