{"id":208693,"date":"2023-06-26T20:34:41","date_gmt":"2023-06-26T18:34:41","guid":{"rendered":"https:\/\/tuzlainfo.ba\/?p=208693"},"modified":"2023-06-26T20:34:41","modified_gmt":"2023-06-26T18:34:41","slug":"zavrsna-radionica-zajednicki-susret-multietnickih-grupa-iz-vlasenice-i-kladnja","status":"publish","type":"post","link":"https:\/\/tuzlainfo.ba\/index.php\/novosti\/item\/208693-zavrsna-radionica-zajednicki-susret-multietnickih-grupa-iz-vlasenice-i-kladnja\/","title":{"rendered":"Zavr\u0161na radionica: Zajedni\u010dki susret multietni\u010dkih grupa iz Vlasenice i Kladnja"},"content":{"rendered":"<p>Udru\u017eenje gra\u0111ana &#8220;Vive \u017dene&#8221; Tuzla dugi niz godina obilje\u017eava 26. juni, Me\u0111unarodni dan podr\u0161ke \u017ertvama torture s ciljem podsje\u0107anja javnosti na posljedice torture iz proteklog rata u na\u0161oj zemlji, te\u017eak polo\u017eaj \u017ertava torture, te prisustvo torture u svijetu.<\/p>\n<p>Danas, 26.juna u kompleksu Mu\u0161ka voda kod Kladnja organizovan je zajedni\u010dki susret \u017eena sa podru\u010dja Vlasenice i Kladnja, koje su u\u010destvovale u programu \u201eIzgradnja mira, me\u0111usobnog povjerenja i saradnje\u201c, koji je Udru\u017eenje &#8220;Vive \u017dene&#8221; realizovalo sa 50-tak \u017eena iz razli\u010ditih etni\u010dkih skupina u protekle tri godine.<\/p>\n<p>U prvoj fazi programa uklju\u010dene su \u010detiri monoetni\u010dke grupe \u017eena kojima su imale priliku dobiti psihosocijalnu podr\u0161ku u kazivanju li\u010dnih iskustava prije, za vrijeme i nakon proteklog rata.<\/p>\n<p>U drugoj fazi organizovani su seminari na temu: \u201c\u017dene i mir\u201c, na kojima su u\u010desnice razgovarale o ulozi \u017eene\u00a0 u izgradnji zajedni\u010dkog dijaloga i mira, te zapo\u010dele svoja iskustva i li\u010dne \u017eivotne pri\u010de, na kreativan na\u010din prenositi na platno i pripremati se zajedni\u010dki rad u mje\u0161ovitim grupama.<\/p>\n<div id='gallery-1' class='gallery galleryid-208693 gallery-columns-6 gallery-size-thumbnail'><figure class='gallery-item'>\n\t\t\t<div class='gallery-icon landscape'>\n\t\t\t\t<a href='https:\/\/tuzlainfo.ba\/index.php\/novosti\/item\/208693-zavrsna-radionica-zajednicki-susret-multietnickih-grupa-iz-vlasenice-i-kladnja\/attachment\/2606_vivezene_muska-3\/'><img decoding=\"async\" width=\"150\" height=\"150\" src=\"https:\/\/tuzlainfo.ba\/wp-content\/uploads\/2023\/06\/2606_vivezene_muska-3-150x150.jpg\" class=\"attachment-thumbnail size-thumbnail\" alt=\"\" srcset=\"https:\/\/tuzlainfo.ba\/wp-content\/uploads\/2023\/06\/2606_vivezene_muska-3-150x150.jpg 150w, https:\/\/tuzlainfo.ba\/wp-content\/uploads\/2023\/06\/2606_vivezene_muska-3-585x585.jpg 585w, https:\/\/tuzlainfo.ba\/wp-content\/uploads\/2023\/06\/2606_vivezene_muska-3-45x45.jpg 45w\" sizes=\"(max-width: 150px) 100vw, 150px\" \/><\/a>\n\t\t\t<\/div><\/figure><figure class='gallery-item'>\n\t\t\t<div class='gallery-icon landscape'>\n\t\t\t\t<a href='https:\/\/tuzlainfo.ba\/index.php\/novosti\/item\/208693-zavrsna-radionica-zajednicki-susret-multietnickih-grupa-iz-vlasenice-i-kladnja\/attachment\/2606_vivezene_muska-4\/'><img decoding=\"async\" width=\"150\" height=\"150\" src=\"https:\/\/tuzlainfo.ba\/wp-content\/uploads\/2023\/06\/2606_vivezene_muska-4-150x150.jpg\" class=\"attachment-thumbnail size-thumbnail\" alt=\"\" srcset=\"https:\/\/tuzlainfo.ba\/wp-content\/uploads\/2023\/06\/2606_vivezene_muska-4-150x150.jpg 150w, https:\/\/tuzlainfo.ba\/wp-content\/uploads\/2023\/06\/2606_vivezene_muska-4-585x585.jpg 585w, https:\/\/tuzlainfo.ba\/wp-content\/uploads\/2023\/06\/2606_vivezene_muska-4-45x45.jpg 45w\" sizes=\"(max-width: 150px) 100vw, 150px\" \/><\/a>\n\t\t\t<\/div><\/figure><figure class='gallery-item'>\n\t\t\t<div class='gallery-icon landscape'>\n\t\t\t\t<a href='https:\/\/tuzlainfo.ba\/index.php\/novosti\/item\/208693-zavrsna-radionica-zajednicki-susret-multietnickih-grupa-iz-vlasenice-i-kladnja\/attachment\/2606_vivezene_muska-5\/'><img decoding=\"async\" width=\"150\" height=\"150\" src=\"https:\/\/tuzlainfo.ba\/wp-content\/uploads\/2023\/06\/2606_vivezene_muska-5-150x150.jpg\" class=\"attachment-thumbnail size-thumbnail\" alt=\"\" srcset=\"https:\/\/tuzlainfo.ba\/wp-content\/uploads\/2023\/06\/2606_vivezene_muska-5-150x150.jpg 150w, https:\/\/tuzlainfo.ba\/wp-content\/uploads\/2023\/06\/2606_vivezene_muska-5-585x585.jpg 585w, https:\/\/tuzlainfo.ba\/wp-content\/uploads\/2023\/06\/2606_vivezene_muska-5-45x45.jpg 45w\" sizes=\"(max-width: 150px) 100vw, 150px\" \/><\/a>\n\t\t\t<\/div><\/figure><figure class='gallery-item'>\n\t\t\t<div class='gallery-icon landscape'>\n\t\t\t\t<a href='https:\/\/tuzlainfo.ba\/index.php\/novosti\/item\/208693-zavrsna-radionica-zajednicki-susret-multietnickih-grupa-iz-vlasenice-i-kladnja\/attachment\/2606_vivezene_muska-6\/'><img loading=\"lazy\" decoding=\"async\" width=\"150\" height=\"150\" src=\"https:\/\/tuzlainfo.ba\/wp-content\/uploads\/2023\/06\/2606_vivezene_muska-6-150x150.jpg\" class=\"attachment-thumbnail size-thumbnail\" alt=\"\" srcset=\"https:\/\/tuzlainfo.ba\/wp-content\/uploads\/2023\/06\/2606_vivezene_muska-6-150x150.jpg 150w, https:\/\/tuzlainfo.ba\/wp-content\/uploads\/2023\/06\/2606_vivezene_muska-6-585x585.jpg 585w, https:\/\/tuzlainfo.ba\/wp-content\/uploads\/2023\/06\/2606_vivezene_muska-6-45x45.jpg 45w\" sizes=\"(max-width: 150px) 100vw, 150px\" \/><\/a>\n\t\t\t<\/div><\/figure><figure class='gallery-item'>\n\t\t\t<div class='gallery-icon landscape'>\n\t\t\t\t<a href='https:\/\/tuzlainfo.ba\/index.php\/novosti\/item\/208693-zavrsna-radionica-zajednicki-susret-multietnickih-grupa-iz-vlasenice-i-kladnja\/attachment\/2606_vivezene_muska-7\/'><img loading=\"lazy\" decoding=\"async\" width=\"150\" height=\"150\" src=\"https:\/\/tuzlainfo.ba\/wp-content\/uploads\/2023\/06\/2606_vivezene_muska-7-150x150.jpg\" class=\"attachment-thumbnail size-thumbnail\" alt=\"\" srcset=\"https:\/\/tuzlainfo.ba\/wp-content\/uploads\/2023\/06\/2606_vivezene_muska-7-150x150.jpg 150w, https:\/\/tuzlainfo.ba\/wp-content\/uploads\/2023\/06\/2606_vivezene_muska-7-585x585.jpg 585w, https:\/\/tuzlainfo.ba\/wp-content\/uploads\/2023\/06\/2606_vivezene_muska-7-45x45.jpg 45w\" sizes=\"(max-width: 150px) 100vw, 150px\" \/><\/a>\n\t\t\t<\/div><\/figure><figure class='gallery-item'>\n\t\t\t<div class='gallery-icon landscape'>\n\t\t\t\t<a href='https:\/\/tuzlainfo.ba\/index.php\/novosti\/item\/208693-zavrsna-radionica-zajednicki-susret-multietnickih-grupa-iz-vlasenice-i-kladnja\/attachment\/2606_vivezene_muska-8\/'><img loading=\"lazy\" decoding=\"async\" width=\"150\" height=\"150\" src=\"https:\/\/tuzlainfo.ba\/wp-content\/uploads\/2023\/06\/2606_vivezene_muska-8-150x150.jpg\" class=\"attachment-thumbnail size-thumbnail\" alt=\"\" srcset=\"https:\/\/tuzlainfo.ba\/wp-content\/uploads\/2023\/06\/2606_vivezene_muska-8-150x150.jpg 150w, https:\/\/tuzlainfo.ba\/wp-content\/uploads\/2023\/06\/2606_vivezene_muska-8-585x585.jpg 585w, https:\/\/tuzlainfo.ba\/wp-content\/uploads\/2023\/06\/2606_vivezene_muska-8-45x45.jpg 45w\" sizes=\"(max-width: 150px) 100vw, 150px\" \/><\/a>\n\t\t\t<\/div><\/figure><figure class='gallery-item'>\n\t\t\t<div class='gallery-icon landscape'>\n\t\t\t\t<a href='https:\/\/tuzlainfo.ba\/index.php\/novosti\/item\/208693-zavrsna-radionica-zajednicki-susret-multietnickih-grupa-iz-vlasenice-i-kladnja\/attachment\/2606_vivezene_muska-9\/'><img loading=\"lazy\" decoding=\"async\" width=\"150\" height=\"150\" src=\"https:\/\/tuzlainfo.ba\/wp-content\/uploads\/2023\/06\/2606_vivezene_muska-9-150x150.jpg\" class=\"attachment-thumbnail size-thumbnail\" alt=\"\" srcset=\"https:\/\/tuzlainfo.ba\/wp-content\/uploads\/2023\/06\/2606_vivezene_muska-9-150x150.jpg 150w, https:\/\/tuzlainfo.ba\/wp-content\/uploads\/2023\/06\/2606_vivezene_muska-9-585x585.jpg 585w, https:\/\/tuzlainfo.ba\/wp-content\/uploads\/2023\/06\/2606_vivezene_muska-9-45x45.jpg 45w\" sizes=\"(max-width: 150px) 100vw, 150px\" \/><\/a>\n\t\t\t<\/div><\/figure><figure class='gallery-item'>\n\t\t\t<div class='gallery-icon landscape'>\n\t\t\t\t<a href='https:\/\/tuzlainfo.ba\/index.php\/novosti\/item\/208693-zavrsna-radionica-zajednicki-susret-multietnickih-grupa-iz-vlasenice-i-kladnja\/attachment\/2606_vivezene_muska-10\/'><img loading=\"lazy\" decoding=\"async\" width=\"150\" height=\"150\" src=\"https:\/\/tuzlainfo.ba\/wp-content\/uploads\/2023\/06\/2606_vivezene_muska-10-150x150.jpg\" class=\"attachment-thumbnail size-thumbnail\" alt=\"\" srcset=\"https:\/\/tuzlainfo.ba\/wp-content\/uploads\/2023\/06\/2606_vivezene_muska-10-150x150.jpg 150w, https:\/\/tuzlainfo.ba\/wp-content\/uploads\/2023\/06\/2606_vivezene_muska-10-585x585.jpg 585w, https:\/\/tuzlainfo.ba\/wp-content\/uploads\/2023\/06\/2606_vivezene_muska-10-45x45.jpg 45w\" sizes=\"(max-width: 150px) 100vw, 150px\" \/><\/a>\n\t\t\t<\/div><\/figure><figure class='gallery-item'>\n\t\t\t<div class='gallery-icon landscape'>\n\t\t\t\t<a href='https:\/\/tuzlainfo.ba\/index.php\/novosti\/item\/208693-zavrsna-radionica-zajednicki-susret-multietnickih-grupa-iz-vlasenice-i-kladnja\/attachment\/2606_vivezene_muska-11\/'><img loading=\"lazy\" decoding=\"async\" width=\"150\" height=\"150\" src=\"https:\/\/tuzlainfo.ba\/wp-content\/uploads\/2023\/06\/2606_vivezene_muska-11-150x150.jpg\" class=\"attachment-thumbnail size-thumbnail\" alt=\"\" srcset=\"https:\/\/tuzlainfo.ba\/wp-content\/uploads\/2023\/06\/2606_vivezene_muska-11-150x150.jpg 150w, https:\/\/tuzlainfo.ba\/wp-content\/uploads\/2023\/06\/2606_vivezene_muska-11-585x585.jpg 585w, https:\/\/tuzlainfo.ba\/wp-content\/uploads\/2023\/06\/2606_vivezene_muska-11-45x45.jpg 45w\" sizes=\"(max-width: 150px) 100vw, 150px\" \/><\/a>\n\t\t\t<\/div><\/figure><figure class='gallery-item'>\n\t\t\t<div class='gallery-icon landscape'>\n\t\t\t\t<a href='https:\/\/tuzlainfo.ba\/index.php\/novosti\/item\/208693-zavrsna-radionica-zajednicki-susret-multietnickih-grupa-iz-vlasenice-i-kladnja\/attachment\/2606_vivezene_muska-12\/'><img loading=\"lazy\" decoding=\"async\" width=\"150\" height=\"150\" src=\"https:\/\/tuzlainfo.ba\/wp-content\/uploads\/2023\/06\/2606_vivezene_muska-12-150x150.jpg\" class=\"attachment-thumbnail size-thumbnail\" alt=\"\" srcset=\"https:\/\/tuzlainfo.ba\/wp-content\/uploads\/2023\/06\/2606_vivezene_muska-12-150x150.jpg 150w, https:\/\/tuzlainfo.ba\/wp-content\/uploads\/2023\/06\/2606_vivezene_muska-12-585x585.jpg 585w, https:\/\/tuzlainfo.ba\/wp-content\/uploads\/2023\/06\/2606_vivezene_muska-12-45x45.jpg 45w\" sizes=\"(max-width: 150px) 100vw, 150px\" \/><\/a>\n\t\t\t<\/div><\/figure><figure class='gallery-item'>\n\t\t\t<div class='gallery-icon landscape'>\n\t\t\t\t<a href='https:\/\/tuzlainfo.ba\/index.php\/novosti\/item\/208693-zavrsna-radionica-zajednicki-susret-multietnickih-grupa-iz-vlasenice-i-kladnja\/attachment\/2606_vivezene_muska-13\/'><img loading=\"lazy\" decoding=\"async\" width=\"150\" height=\"150\" src=\"https:\/\/tuzlainfo.ba\/wp-content\/uploads\/2023\/06\/2606_vivezene_muska-13-150x150.jpg\" class=\"attachment-thumbnail size-thumbnail\" alt=\"\" srcset=\"https:\/\/tuzlainfo.ba\/wp-content\/uploads\/2023\/06\/2606_vivezene_muska-13-150x150.jpg 150w, https:\/\/tuzlainfo.ba\/wp-content\/uploads\/2023\/06\/2606_vivezene_muska-13-585x585.jpg 585w, https:\/\/tuzlainfo.ba\/wp-content\/uploads\/2023\/06\/2606_vivezene_muska-13-45x45.jpg 45w\" sizes=\"(max-width: 150px) 100vw, 150px\" \/><\/a>\n\t\t\t<\/div><\/figure><figure class='gallery-item'>\n\t\t\t<div class='gallery-icon landscape'>\n\t\t\t\t<a href='https:\/\/tuzlainfo.ba\/index.php\/novosti\/item\/208693-zavrsna-radionica-zajednicki-susret-multietnickih-grupa-iz-vlasenice-i-kladnja\/attachment\/2606_vivezene_muska-1\/'><img loading=\"lazy\" decoding=\"async\" width=\"150\" height=\"150\" src=\"https:\/\/tuzlainfo.ba\/wp-content\/uploads\/2023\/06\/2606_vivezene_muska-1-150x150.jpg\" class=\"attachment-thumbnail size-thumbnail\" alt=\"\" srcset=\"https:\/\/tuzlainfo.ba\/wp-content\/uploads\/2023\/06\/2606_vivezene_muska-1-150x150.jpg 150w, https:\/\/tuzlainfo.ba\/wp-content\/uploads\/2023\/06\/2606_vivezene_muska-1-585x585.jpg 585w, https:\/\/tuzlainfo.ba\/wp-content\/uploads\/2023\/06\/2606_vivezene_muska-1-45x45.jpg 45w\" sizes=\"(max-width: 150px) 100vw, 150px\" \/><\/a>\n\t\t\t<\/div><\/figure>\n\t\t<\/div>\n\n<p>&nbsp;<\/p>\n<p>U tre\u0107oj fazi, \u017eene su u multietni\u010dkim grupama prezentovale svoje radove i li\u010dne pri\u010de i na taj na\u010din stvorile prostor za bolje razumijevanje, uzajamno po\u0161tovanje i prihvatanje razli\u010ditih iskustava povezanih sa ratom, te istra\u017eivale mogu\u0107nosti zajedni\u010dkog djelovanja na pobolj\u0161anju polo\u017eaja \u017eena u lokalnim zajednicama.<\/p>\n<p>Danas je organizovan zavr\u0161ni, zajedni\u010dki susret u\u010desnica programa na kojem su prezentirana postignu\u0107a i rezultati zajedni\u010dkog rada.<\/p>\n<p>Jasna Ze\u010devi\u0107, direktorica Udru\u017eenja gra\u0111ana &#8220;Vive \u017dene&#8221; obratila se prisutnima te kazala:<\/p>\n<p><iframe title=\"Jasna Zecevic - Direktorica Udruzenja gradjana Vive \u017dene Tuzla\" width=\"800\" height=\"450\" src=\"https:\/\/www.youtube.com\/embed\/tociVnMXlBU?feature=oembed\" frameborder=\"0\" allow=\"accelerometer; autoplay; clipboard-write; encrypted-media; gyroscope; picture-in-picture; web-share\" referrerpolicy=\"strict-origin-when-cross-origin\" allowfullscreen><\/iframe><\/p>\n<p>Nevzeta Habibovi\u0107, predsjednica Udru\u017eenja &#8220;\u017deni-\u017eeni&#8221; Kladanj, skupa sa \u017eenama iz svog\u00a0 udru\u017eenja u\u010destvovala je na radionicima UG &#8220;Vive \u017dene&#8221; Tuzla. Skupa sa prisutnima, podijelila je svoje impresije:<\/p>\n<p><iframe title=\"Nevzeta Habibovic - Direktorica Udruzenja &quot;Zena zeni&quot; Kladanj\" width=\"800\" height=\"450\" src=\"https:\/\/www.youtube.com\/embed\/-_uuAcN8YpQ?feature=oembed\" frameborder=\"0\" allow=\"accelerometer; autoplay; clipboard-write; encrypted-media; gyroscope; picture-in-picture; web-share\" referrerpolicy=\"strict-origin-when-cross-origin\" allowfullscreen><\/iframe><\/p>\n<p>Nakon radionice, na platou ispred hotela Mu\u0161ka voda prire\u0111en je bogat kulturno-zabavni program kojeg su izveli \u010dlanovi KUD-a &#8220;Mladost&#8221; Kakanj.<\/p>\n<p>Ova aktivnost realizovana je u okviru regionalnog projekta: \u201eOsna\u017eivanje glasova \u017eena koje su pre\u017eivjele ratno, seksualno i rodno zasnovano nasilje na zapadnom Balkanu &#8211; Za kulturu prepoznavanja i pomirenja\u201c, a provodi se uz podr\u0161ku medica mondiale i Engagement Global (EG) iz fonda Federalnog Ministarstva za ekonomsku saradnju i razvoj Savezne Republike Njema\u010dke (BMZ).<\/p>\n","protected":false},"excerpt":{"rendered":"<p>Udru\u017eenje gra\u0111ana &#8220;Vive \u017dene&#8221; Tuzla dugi niz godina obilje\u017eava 26. juni, Me\u0111unarodni dan podr\u0161ke \u017ertvama torture s ciljem podsje\u0107anja javnosti na posljedice torture iz proteklog rata u na\u0161oj zemlji, te\u017eak polo\u017eaj \u017ertava torture, te prisustvo torture u svijetu. Danas, 26.juna u kompleksu Mu\u0161ka voda kod Kladnja organizovan je zajedni\u010dki susret \u017eena sa podru\u010dja Vlasenice i [&hellip;]<\/p>\n","protected":false},"author":2,"featured_media":208698,"comment_status":"open","ping_status":"closed","sticky":false,"template":"","format":"standard","meta":{"footnotes":""},"categories":[304,12],"tags":[3917,1149],"class_list":["post-208693","post","type-post","status-publish","format-standard","has-post-thumbnail","hentry","category-istaknuto","category-novosti","tag-muska-voda","tag-vive-zene-tuzla"],"yoast_head":"<!-- This site is optimized with the Yoast SEO plugin v28.3 - https:\/\/yoast.com\/product\/yoast-seo-wordpress\/ -->\n<title>Zavr\u0161na radionica: Zajedni\u010dki susret multietni\u010dkih grupa iz Vlasenice i Kladnja<\/title>\n<meta name=\"robots\" content=\"index, follow, max-snippet:-1, max-image-preview:large, max-video-preview:-1\" \/>\n<link rel=\"canonical\" href=\"https:\/\/tuzlainfo.ba\/index.php\/novosti\/item\/208693-zavrsna-radionica-zajednicki-susret-multietnickih-grupa-iz-vlasenice-i-kladnja\/\" \/>\n<meta property=\"og:locale\" content=\"bs_BA\" \/>\n<meta property=\"og:type\" content=\"article\" \/>\n<meta property=\"og:title\" content=\"Zavr\u0161na radionica: Zajedni\u010dki susret multietni\u010dkih grupa iz Vlasenice i Kladnja\" \/>\n<meta property=\"og:description\" content=\"Udru\u017eenje gra\u0111ana &#8220;Vive \u017dene&#8221; Tuzla dugi niz godina obilje\u017eava 26. juni, Me\u0111unarodni dan podr\u0161ke \u017ertvama torture s ciljem podsje\u0107anja javnosti na posljedice torture iz proteklog rata u na\u0161oj zemlji, te\u017eak polo\u017eaj \u017ertava torture, te prisustvo torture u svijetu. Danas, 26.juna u kompleksu Mu\u0161ka voda kod Kladnja organizovan je zajedni\u010dki susret \u017eena sa podru\u010dja Vlasenice i [&hellip;]\" \/>\n<meta property=\"og:url\" content=\"https:\/\/tuzlainfo.ba\/index.php\/novosti\/item\/208693-zavrsna-radionica-zajednicki-susret-multietnickih-grupa-iz-vlasenice-i-kladnja\/\" \/>\n<meta property=\"og:site_name\" content=\"TuzlaInfo.ba\" \/>\n<meta property=\"article:publisher\" content=\"https:\/\/www.facebook.com\/tuzlainfo.ba\/\" \/>\n<meta property=\"article:published_time\" content=\"2023-06-26T18:34:41+00:00\" \/>\n<meta property=\"og:image\" content=\"https:\/\/tuzlainfo.ba\/wp-content\/uploads\/2023\/06\/2606_vivezene_muska-2.jpg\" \/>\n\t<meta property=\"og:image:width\" content=\"1350\" \/>\n\t<meta property=\"og:image:height\" content=\"900\" \/>\n\t<meta property=\"og:image:type\" content=\"image\/jpeg\" \/>\n<meta name=\"author\" content=\"nedim\" \/>\n<meta name=\"twitter:card\" content=\"summary_large_image\" \/>\n<meta name=\"twitter:label1\" content=\"Written by\" \/>\n\t<meta name=\"twitter:data1\" content=\"nedim\" \/>\n\t<meta name=\"twitter:label2\" content=\"Est. reading time\" \/>\n\t<meta name=\"twitter:data2\" content=\"2 minute\" \/>\n<script type=\"application\/ld+json\" class=\"yoast-schema-graph\">{\"@context\":\"https:\\\/\\\/schema.org\",\"@graph\":[{\"@type\":\"Article\",\"@id\":\"https:\\\/\\\/tuzlainfo.ba\\\/index.php\\\/novosti\\\/item\\\/208693-zavrsna-radionica-zajednicki-susret-multietnickih-grupa-iz-vlasenice-i-kladnja\\\/#article\",\"isPartOf\":{\"@id\":\"https:\\\/\\\/tuzlainfo.ba\\\/index.php\\\/novosti\\\/item\\\/208693-zavrsna-radionica-zajednicki-susret-multietnickih-grupa-iz-vlasenice-i-kladnja\\\/\"},\"author\":{\"name\":\"nedim\",\"@id\":\"https:\\\/\\\/tuzlainfo.ba\\\/#\\\/schema\\\/person\\\/f434e20dc27ea133923aab08451b7f7f\"},\"headline\":\"Zavr\u0161na radionica: Zajedni\u010dki susret multietni\u010dkih grupa iz Vlasenice i Kladnja\",\"datePublished\":\"2023-06-26T18:34:41+00:00\",\"mainEntityOfPage\":{\"@id\":\"https:\\\/\\\/tuzlainfo.ba\\\/index.php\\\/novosti\\\/item\\\/208693-zavrsna-radionica-zajednicki-susret-multietnickih-grupa-iz-vlasenice-i-kladnja\\\/\"},\"wordCount\":425,\"commentCount\":0,\"publisher\":{\"@id\":\"https:\\\/\\\/tuzlainfo.ba\\\/#organization\"},\"image\":{\"@id\":\"https:\\\/\\\/tuzlainfo.ba\\\/index.php\\\/novosti\\\/item\\\/208693-zavrsna-radionica-zajednicki-susret-multietnickih-grupa-iz-vlasenice-i-kladnja\\\/#primaryimage\"},\"thumbnailUrl\":\"https:\\\/\\\/tuzlainfo.ba\\\/wp-content\\\/uploads\\\/2023\\\/06\\\/2606_vivezene_muska-2.jpg\",\"keywords\":[\"mu\u0161ka voda\",\"vive zene tuzla\"],\"articleSection\":[\"Istaknuto\",\"Novosti\"],\"inLanguage\":\"bs-BA\",\"copyrightYear\":\"2023\",\"copyrightHolder\":{\"@id\":\"https:\\\/\\\/tuzlainfo.ba\\\/#organization\"}},{\"@type\":\"WebPage\",\"@id\":\"https:\\\/\\\/tuzlainfo.ba\\\/index.php\\\/novosti\\\/item\\\/208693-zavrsna-radionica-zajednicki-susret-multietnickih-grupa-iz-vlasenice-i-kladnja\\\/\",\"url\":\"https:\\\/\\\/tuzlainfo.ba\\\/index.php\\\/novosti\\\/item\\\/208693-zavrsna-radionica-zajednicki-susret-multietnickih-grupa-iz-vlasenice-i-kladnja\\\/\",\"name\":\"Zavr\u0161na radionica: Zajedni\u010dki susret multietni\u010dkih grupa iz Vlasenice i Kladnja\",\"isPartOf\":{\"@id\":\"https:\\\/\\\/tuzlainfo.ba\\\/#website\"},\"primaryImageOfPage\":{\"@id\":\"https:\\\/\\\/tuzlainfo.ba\\\/index.php\\\/novosti\\\/item\\\/208693-zavrsna-radionica-zajednicki-susret-multietnickih-grupa-iz-vlasenice-i-kladnja\\\/#primaryimage\"},\"image\":{\"@id\":\"https:\\\/\\\/tuzlainfo.ba\\\/index.php\\\/novosti\\\/item\\\/208693-zavrsna-radionica-zajednicki-susret-multietnickih-grupa-iz-vlasenice-i-kladnja\\\/#primaryimage\"},\"thumbnailUrl\":\"https:\\\/\\\/tuzlainfo.ba\\\/wp-content\\\/uploads\\\/2023\\\/06\\\/2606_vivezene_muska-2.jpg\",\"datePublished\":\"2023-06-26T18:34:41+00:00\",\"breadcrumb\":{\"@id\":\"https:\\\/\\\/tuzlainfo.ba\\\/index.php\\\/novosti\\\/item\\\/208693-zavrsna-radionica-zajednicki-susret-multietnickih-grupa-iz-vlasenice-i-kladnja\\\/#breadcrumb\"},\"inLanguage\":\"bs-BA\",\"potentialAction\":[{\"@type\":\"ReadAction\",\"target\":[\"https:\\\/\\\/tuzlainfo.ba\\\/index.php\\\/novosti\\\/item\\\/208693-zavrsna-radionica-zajednicki-susret-multietnickih-grupa-iz-vlasenice-i-kladnja\\\/\"]}]},{\"@type\":\"ImageObject\",\"inLanguage\":\"bs-BA\",\"@id\":\"https:\\\/\\\/tuzlainfo.ba\\\/index.php\\\/novosti\\\/item\\\/208693-zavrsna-radionica-zajednicki-susret-multietnickih-grupa-iz-vlasenice-i-kladnja\\\/#primaryimage\",\"url\":\"https:\\\/\\\/tuzlainfo.ba\\\/wp-content\\\/uploads\\\/2023\\\/06\\\/2606_vivezene_muska-2.jpg\",\"contentUrl\":\"https:\\\/\\\/tuzlainfo.ba\\\/wp-content\\\/uploads\\\/2023\\\/06\\\/2606_vivezene_muska-2.jpg\",\"width\":1350,\"height\":900},{\"@type\":\"BreadcrumbList\",\"@id\":\"https:\\\/\\\/tuzlainfo.ba\\\/index.php\\\/novosti\\\/item\\\/208693-zavrsna-radionica-zajednicki-susret-multietnickih-grupa-iz-vlasenice-i-kladnja\\\/#breadcrumb\",\"itemListElement\":[{\"@type\":\"ListItem\",\"position\":1,\"name\":\"Home\",\"item\":\"https:\\\/\\\/tuzlainfo.ba\\\/\"},{\"@type\":\"ListItem\",\"position\":2,\"name\":\"Zavr\u0161na radionica: Zajedni\u010dki susret multietni\u010dkih grupa iz Vlasenice i Kladnja\"}]},{\"@type\":\"WebSite\",\"@id\":\"https:\\\/\\\/tuzlainfo.ba\\\/#website\",\"url\":\"https:\\\/\\\/tuzlainfo.ba\\\/\",\"name\":\"TuzlaInfo.ba\",\"description\":\"Tuzla info, gradski informator - Tuzla na dlanu\",\"publisher\":{\"@id\":\"https:\\\/\\\/tuzlainfo.ba\\\/#organization\"},\"potentialAction\":[{\"@type\":\"SearchAction\",\"target\":{\"@type\":\"EntryPoint\",\"urlTemplate\":\"https:\\\/\\\/tuzlainfo.ba\\\/?s={search_term_string}\"},\"query-input\":{\"@type\":\"PropertyValueSpecification\",\"valueRequired\":true,\"valueName\":\"search_term_string\"}}],\"inLanguage\":\"bs-BA\"},{\"@type\":\"Organization\",\"@id\":\"https:\\\/\\\/tuzlainfo.ba\\\/#organization\",\"name\":\"TuzlaInfo.ba\",\"url\":\"https:\\\/\\\/tuzlainfo.ba\\\/\",\"logo\":{\"@type\":\"ImageObject\",\"inLanguage\":\"bs-BA\",\"@id\":\"https:\\\/\\\/tuzlainfo.ba\\\/#\\\/schema\\\/logo\\\/image\\\/\",\"url\":\"https:\\\/\\\/tuzlainfo.ba\\\/wp-content\\\/uploads\\\/2021\\\/03\\\/logo-ver-3-1.png\",\"contentUrl\":\"https:\\\/\\\/tuzlainfo.ba\\\/wp-content\\\/uploads\\\/2021\\\/03\\\/logo-ver-3-1.png\",\"width\":350,\"height\":95,\"caption\":\"TuzlaInfo.ba\"},\"image\":{\"@id\":\"https:\\\/\\\/tuzlainfo.ba\\\/#\\\/schema\\\/logo\\\/image\\\/\"},\"sameAs\":[\"https:\\\/\\\/www.facebook.com\\\/tuzlainfo.ba\\\/\"]},{\"@type\":\"Person\",\"@id\":\"https:\\\/\\\/tuzlainfo.ba\\\/#\\\/schema\\\/person\\\/f434e20dc27ea133923aab08451b7f7f\",\"name\":\"nedim\",\"image\":{\"@type\":\"ImageObject\",\"inLanguage\":\"bs-BA\",\"@id\":\"https:\\\/\\\/secure.gravatar.com\\\/avatar\\\/5b928a2e7e70a54208d2eb6c1edcb75a5350d6ae97d5f0a701203d456823f6f3?s=96&d=mm&r=g\",\"url\":\"https:\\\/\\\/secure.gravatar.com\\\/avatar\\\/5b928a2e7e70a54208d2eb6c1edcb75a5350d6ae97d5f0a701203d456823f6f3?s=96&d=mm&r=g\",\"contentUrl\":\"https:\\\/\\\/secure.gravatar.com\\\/avatar\\\/5b928a2e7e70a54208d2eb6c1edcb75a5350d6ae97d5f0a701203d456823f6f3?s=96&d=mm&r=g\",\"caption\":\"nedim\"},\"description\":\"Tuzlainfo.ba pratite na dru\u0161tvenim mre\u017eama: Facebook, Instagram i Youtube. Svoje pri\u010de, upite i fotografije \u0161aljite na na\u0161u e-mail adresu.\"}]}<\/script>\n<!-- \/ Yoast SEO plugin. -->","yoast_head_json":{"title":"Zavr\u0161na radionica: Zajedni\u010dki susret multietni\u010dkih grupa iz Vlasenice i Kladnja","robots":{"index":"index","follow":"follow","max-snippet":"max-snippet:-1","max-image-preview":"max-image-preview:large","max-video-preview":"max-video-preview:-1"},"canonical":"https:\/\/tuzlainfo.ba\/index.php\/novosti\/item\/208693-zavrsna-radionica-zajednicki-susret-multietnickih-grupa-iz-vlasenice-i-kladnja\/","og_locale":"bs_BA","og_type":"article","og_title":"Zavr\u0161na radionica: Zajedni\u010dki susret multietni\u010dkih grupa iz Vlasenice i Kladnja","og_description":"Udru\u017eenje gra\u0111ana &#8220;Vive \u017dene&#8221; Tuzla dugi niz godina obilje\u017eava 26. juni, Me\u0111unarodni dan podr\u0161ke \u017ertvama torture s ciljem podsje\u0107anja javnosti na posljedice torture iz proteklog rata u na\u0161oj zemlji, te\u017eak polo\u017eaj \u017ertava torture, te prisustvo torture u svijetu. Danas, 26.juna u kompleksu Mu\u0161ka voda kod Kladnja organizovan je zajedni\u010dki susret \u017eena sa podru\u010dja Vlasenice i [&hellip;]","og_url":"https:\/\/tuzlainfo.ba\/index.php\/novosti\/item\/208693-zavrsna-radionica-zajednicki-susret-multietnickih-grupa-iz-vlasenice-i-kladnja\/","og_site_name":"TuzlaInfo.ba","article_publisher":"https:\/\/www.facebook.com\/tuzlainfo.ba\/","article_published_time":"2023-06-26T18:34:41+00:00","og_image":[{"width":1350,"height":900,"url":"https:\/\/tuzlainfo.ba\/wp-content\/uploads\/2023\/06\/2606_vivezene_muska-2.jpg","type":"image\/jpeg"}],"author":"nedim","twitter_card":"summary_large_image","twitter_misc":{"Written by":"nedim","Est. reading time":"2 minute"},"schema":{"@context":"https:\/\/schema.org","@graph":[{"@type":"Article","@id":"https:\/\/tuzlainfo.ba\/index.php\/novosti\/item\/208693-zavrsna-radionica-zajednicki-susret-multietnickih-grupa-iz-vlasenice-i-kladnja\/#article","isPartOf":{"@id":"https:\/\/tuzlainfo.ba\/index.php\/novosti\/item\/208693-zavrsna-radionica-zajednicki-susret-multietnickih-grupa-iz-vlasenice-i-kladnja\/"},"author":{"name":"nedim","@id":"https:\/\/tuzlainfo.ba\/#\/schema\/person\/f434e20dc27ea133923aab08451b7f7f"},"headline":"Zavr\u0161na radionica: Zajedni\u010dki susret multietni\u010dkih grupa iz Vlasenice i Kladnja","datePublished":"2023-06-26T18:34:41+00:00","mainEntityOfPage":{"@id":"https:\/\/tuzlainfo.ba\/index.php\/novosti\/item\/208693-zavrsna-radionica-zajednicki-susret-multietnickih-grupa-iz-vlasenice-i-kladnja\/"},"wordCount":425,"commentCount":0,"publisher":{"@id":"https:\/\/tuzlainfo.ba\/#organization"},"image":{"@id":"https:\/\/tuzlainfo.ba\/index.php\/novosti\/item\/208693-zavrsna-radionica-zajednicki-susret-multietnickih-grupa-iz-vlasenice-i-kladnja\/#primaryimage"},"thumbnailUrl":"https:\/\/tuzlainfo.ba\/wp-content\/uploads\/2023\/06\/2606_vivezene_muska-2.jpg","keywords":["mu\u0161ka voda","vive zene tuzla"],"articleSection":["Istaknuto","Novosti"],"inLanguage":"bs-BA","copyrightYear":"2023","copyrightHolder":{"@id":"https:\/\/tuzlainfo.ba\/#organization"}},{"@type":"WebPage","@id":"https:\/\/tuzlainfo.ba\/index.php\/novosti\/item\/208693-zavrsna-radionica-zajednicki-susret-multietnickih-grupa-iz-vlasenice-i-kladnja\/","url":"https:\/\/tuzlainfo.ba\/index.php\/novosti\/item\/208693-zavrsna-radionica-zajednicki-susret-multietnickih-grupa-iz-vlasenice-i-kladnja\/","name":"Zavr\u0161na radionica: Zajedni\u010dki susret multietni\u010dkih grupa iz Vlasenice i Kladnja","isPartOf":{"@id":"https:\/\/tuzlainfo.ba\/#website"},"primaryImageOfPage":{"@id":"https:\/\/tuzlainfo.ba\/index.php\/novosti\/item\/208693-zavrsna-radionica-zajednicki-susret-multietnickih-grupa-iz-vlasenice-i-kladnja\/#primaryimage"},"image":{"@id":"https:\/\/tuzlainfo.ba\/index.php\/novosti\/item\/208693-zavrsna-radionica-zajednicki-susret-multietnickih-grupa-iz-vlasenice-i-kladnja\/#primaryimage"},"thumbnailUrl":"https:\/\/tuzlainfo.ba\/wp-content\/uploads\/2023\/06\/2606_vivezene_muska-2.jpg","datePublished":"2023-06-26T18:34:41+00:00","breadcrumb":{"@id":"https:\/\/tuzlainfo.ba\/index.php\/novosti\/item\/208693-zavrsna-radionica-zajednicki-susret-multietnickih-grupa-iz-vlasenice-i-kladnja\/#breadcrumb"},"inLanguage":"bs-BA","potentialAction":[{"@type":"ReadAction","target":["https:\/\/tuzlainfo.ba\/index.php\/novosti\/item\/208693-zavrsna-radionica-zajednicki-susret-multietnickih-grupa-iz-vlasenice-i-kladnja\/"]}]},{"@type":"ImageObject","inLanguage":"bs-BA","@id":"https:\/\/tuzlainfo.ba\/index.php\/novosti\/item\/208693-zavrsna-radionica-zajednicki-susret-multietnickih-grupa-iz-vlasenice-i-kladnja\/#primaryimage","url":"https:\/\/tuzlainfo.ba\/wp-content\/uploads\/2023\/06\/2606_vivezene_muska-2.jpg","contentUrl":"https:\/\/tuzlainfo.ba\/wp-content\/uploads\/2023\/06\/2606_vivezene_muska-2.jpg","width":1350,"height":900},{"@type":"BreadcrumbList","@id":"https:\/\/tuzlainfo.ba\/index.php\/novosti\/item\/208693-zavrsna-radionica-zajednicki-susret-multietnickih-grupa-iz-vlasenice-i-kladnja\/#breadcrumb","itemListElement":[{"@type":"ListItem","position":1,"name":"Home","item":"https:\/\/tuzlainfo.ba\/"},{"@type":"ListItem","position":2,"name":"Zavr\u0161na radionica: Zajedni\u010dki susret multietni\u010dkih grupa iz Vlasenice i Kladnja"}]},{"@type":"WebSite","@id":"https:\/\/tuzlainfo.ba\/#website","url":"https:\/\/tuzlainfo.ba\/","name":"TuzlaInfo.ba","description":"Tuzla info, gradski informator - Tuzla na dlanu","publisher":{"@id":"https:\/\/tuzlainfo.ba\/#organization"},"potentialAction":[{"@type":"SearchAction","target":{"@type":"EntryPoint","urlTemplate":"https:\/\/tuzlainfo.ba\/?s={search_term_string}"},"query-input":{"@type":"PropertyValueSpecification","valueRequired":true,"valueName":"search_term_string"}}],"inLanguage":"bs-BA"},{"@type":"Organization","@id":"https:\/\/tuzlainfo.ba\/#organization","name":"TuzlaInfo.ba","url":"https:\/\/tuzlainfo.ba\/","logo":{"@type":"ImageObject","inLanguage":"bs-BA","@id":"https:\/\/tuzlainfo.ba\/#\/schema\/logo\/image\/","url":"https:\/\/tuzlainfo.ba\/wp-content\/uploads\/2021\/03\/logo-ver-3-1.png","contentUrl":"https:\/\/tuzlainfo.ba\/wp-content\/uploads\/2021\/03\/logo-ver-3-1.png","width":350,"height":95,"caption":"TuzlaInfo.ba"},"image":{"@id":"https:\/\/tuzlainfo.ba\/#\/schema\/logo\/image\/"},"sameAs":["https:\/\/www.facebook.com\/tuzlainfo.ba\/"]},{"@type":"Person","@id":"https:\/\/tuzlainfo.ba\/#\/schema\/person\/f434e20dc27ea133923aab08451b7f7f","name":"nedim","image":{"@type":"ImageObject","inLanguage":"bs-BA","@id":"https:\/\/secure.gravatar.com\/avatar\/5b928a2e7e70a54208d2eb6c1edcb75a5350d6ae97d5f0a701203d456823f6f3?s=96&d=mm&r=g","url":"https:\/\/secure.gravatar.com\/avatar\/5b928a2e7e70a54208d2eb6c1edcb75a5350d6ae97d5f0a701203d456823f6f3?s=96&d=mm&r=g","contentUrl":"https:\/\/secure.gravatar.com\/avatar\/5b928a2e7e70a54208d2eb6c1edcb75a5350d6ae97d5f0a701203d456823f6f3?s=96&d=mm&r=g","caption":"nedim"},"description":"Tuzlainfo.ba pratite na dru\u0161tvenim mre\u017eama: Facebook, Instagram i Youtube. Svoje pri\u010de, upite i fotografije \u0161aljite na na\u0161u e-mail adresu."}]}},"_links":{"self":[{"href":"https:\/\/tuzlainfo.ba\/index.php\/wp-json\/wp\/v2\/posts\/208693","targetHints":{"allow":["GET"]}}],"collection":[{"href":"https:\/\/tuzlainfo.ba\/index.php\/wp-json\/wp\/v2\/posts"}],"about":[{"href":"https:\/\/tuzlainfo.ba\/index.php\/wp-json\/wp\/v2\/types\/post"}],"author":[{"embeddable":true,"href":"https:\/\/tuzlainfo.ba\/index.php\/wp-json\/wp\/v2\/users\/2"}],"replies":[{"embeddable":true,"href":"https:\/\/tuzlainfo.ba\/index.php\/wp-json\/wp\/v2\/comments?post=208693"}],"version-history":[{"count":0,"href":"https:\/\/tuzlainfo.ba\/index.php\/wp-json\/wp\/v2\/posts\/208693\/revisions"}],"wp:featuredmedia":[{"embeddable":true,"href":"https:\/\/tuzlainfo.ba\/index.php\/wp-json\/wp\/v2\/media\/208698"}],"wp:attachment":[{"href":"https:\/\/tuzlainfo.ba\/index.php\/wp-json\/wp\/v2\/media?parent=208693"}],"wp:term":[{"taxonomy":"category","embeddable":true,"href":"https:\/\/tuzlainfo.ba\/index.php\/wp-json\/wp\/v2\/categories?post=208693"},{"taxonomy":"post_tag","embeddable":true,"href":"https:\/\/tuzlainfo.ba\/index.php\/wp-json\/wp\/v2\/tags?post=208693"}],"curies":[{"name":"wp","href":"https:\/\/api.w.org\/{rel}","templated":true}]}}