{"id":208638,"date":"2023-06-26T13:13:00","date_gmt":"2023-06-26T11:13:00","guid":{"rendered":"https:\/\/tuzlainfo.ba\/?p=208638"},"modified":"2023-06-26T13:15:23","modified_gmt":"2023-06-26T11:15:23","slug":"odgodjena-skupstina-kluba-iz-fk-sloboda-mole-azmira-husica-da-dostavi-listu-imena-za-upravni-odbor","status":"publish","type":"post","link":"https:\/\/tuzlainfo.ba\/index.php\/novosti\/item\/208638-odgodjena-skupstina-kluba-iz-fk-sloboda-mole-azmira-husica-da-dostavi-listu-imena-za-upravni-odbor\/","title":{"rendered":"Odgo\u0111ena skup\u0161tina kluba: Iz FK Sloboda mole Azmira Husi\u0107a da dostavi listu imena za Upravni odbor"},"content":{"rendered":"<p dir=\"auto\">Iz FK Sloboda danas su se oglasili kratkim saop\u0161tenjem koje prenosimo bez redakcijskih intervencija.<\/p>\n<p>U saop\u0161tenju se navodi:<\/p>\n<p dir=\"auto\">&#8220;\u017delimo izvjestiti javnost da je Skup\u0161tina koja je bila zakazana za danas 26. juna, odgo\u0111ena za minimalni zakonski rok, a to je 4. juli, iz razloga \u0161to nije dostavljena lista imena od strane gospodina Husi\u0107a za novi Upravni odbor. Ovim putem molimo gospodina Husi\u0107a da dostavi listu imena koja \u0107e \u010diniti novi Upravni odbor.Smatramo da \u0107emo \u0161to prije do\u0107i do kvalitetnog rje\u0161enja kako bi klub funkcionisao u svom punom kapacitetu&#8221; &#8211; istakli su iz FK Sloboda.<\/p>\n","protected":false},"excerpt":{"rendered":"<p>Iz FK Sloboda danas su se oglasili kratkim saop\u0161tenjem koje prenosimo bez redakcijskih intervencija. U&hellip;<\/p>\n","protected":false},"author":2,"featured_media":142229,"comment_status":"open","ping_status":"closed","sticky":false,"template":"","format":"standard","meta":{"_acf_changed":false,"footnotes":""},"categories":[304,12],"tags":[4807,466,915],"acf":[],"yoast_head":"<!-- This site is optimized with the Yoast SEO plugin v23.5 - https:\/\/yoast.com\/wordpress\/plugins\/seo\/ -->\n<title>Odgo\u0111ena skup\u0161tina kluba: Iz FK Sloboda mole Azmira Husi\u0107a da dostavi listu imena za Upravni odbor - TuzlaInfo.ba<\/title>\n<meta name=\"robots\" content=\"index, follow, max-snippet:-1, max-image-preview:large, max-video-preview:-1\" \/>\n<link rel=\"canonical\" href=\"https:\/\/tuzlainfo.ba\/index.php\/novosti\/item\/208638-odgodjena-skupstina-kluba-iz-fk-sloboda-mole-azmira-husica-da-dostavi-listu-imena-za-upravni-odbor\/\" \/>\n<meta property=\"og:locale\" content=\"bs_BA\" \/>\n<meta property=\"og:type\" content=\"article\" \/>\n<meta property=\"og:title\" content=\"Odgo\u0111ena skup\u0161tina kluba: Iz FK Sloboda mole Azmira Husi\u0107a da dostavi listu imena za Upravni odbor - TuzlaInfo.ba\" \/>\n<meta property=\"og:description\" content=\"Iz FK Sloboda danas su se oglasili kratkim saop\u0161tenjem koje prenosimo bez redakcijskih intervencija. U&hellip;\" \/>\n<meta property=\"og:url\" content=\"https:\/\/tuzlainfo.ba\/index.php\/novosti\/item\/208638-odgodjena-skupstina-kluba-iz-fk-sloboda-mole-azmira-husica-da-dostavi-listu-imena-za-upravni-odbor\/\" \/>\n<meta property=\"og:site_name\" content=\"TuzlaInfo.ba\" \/>\n<meta property=\"article:publisher\" content=\"https:\/\/www.facebook.com\/tuzlainfo.ba\/\" \/>\n<meta property=\"article:published_time\" content=\"2023-06-26T11:13:00+00:00\" \/>\n<meta property=\"article:modified_time\" content=\"2023-06-26T11:15:23+00:00\" \/>\n<meta property=\"og:image\" content=\"https:\/\/tuzlainfo.ba\/wp-content\/uploads\/2021\/07\/1707_fksloboda_vizual.jpg\" \/>\n\t<meta property=\"og:image:width\" content=\"1000\" \/>\n\t<meta property=\"og:image:height\" content=\"481\" \/>\n\t<meta property=\"og:image:type\" content=\"image\/jpeg\" \/>\n<meta name=\"author\" content=\"nedim\" \/>\n<meta name=\"twitter:card\" content=\"summary_large_image\" \/>\n<meta name=\"twitter:label1\" content=\"Written by\" \/>\n\t<meta name=\"twitter:data1\" content=\"nedim\" \/>\n\t<meta name=\"twitter:label2\" content=\"Est. reading time\" \/>\n\t<meta name=\"twitter:data2\" content=\"1 minuta\" \/>\n<script type=\"application\/ld+json\" class=\"yoast-schema-graph\">{\"@context\":\"https:\/\/schema.org\",\"@graph\":[{\"@type\":\"Article\",\"@id\":\"https:\/\/tuzlainfo.ba\/index.php\/novosti\/item\/208638-odgodjena-skupstina-kluba-iz-fk-sloboda-mole-azmira-husica-da-dostavi-listu-imena-za-upravni-odbor\/#article\",\"isPartOf\":{\"@id\":\"https:\/\/tuzlainfo.ba\/index.php\/novosti\/item\/208638-odgodjena-skupstina-kluba-iz-fk-sloboda-mole-azmira-husica-da-dostavi-listu-imena-za-upravni-odbor\/\"},\"author\":{\"name\":\"nedim\",\"@id\":\"https:\/\/tuzlainfo.ba\/#\/schema\/person\/f434e20dc27ea133923aab08451b7f7f\"},\"headline\":\"Odgo\u0111ena skup\u0161tina kluba: Iz FK Sloboda mole Azmira Husi\u0107a da dostavi listu imena za Upravni odbor\",\"datePublished\":\"2023-06-26T11:13:00+00:00\",\"dateModified\":\"2023-06-26T11:15:23+00:00\",\"mainEntityOfPage\":{\"@id\":\"https:\/\/tuzlainfo.ba\/index.php\/novosti\/item\/208638-odgodjena-skupstina-kluba-iz-fk-sloboda-mole-azmira-husica-da-dostavi-listu-imena-za-upravni-odbor\/\"},\"wordCount\":120,\"commentCount\":0,\"publisher\":{\"@id\":\"https:\/\/tuzlainfo.ba\/#organization\"},\"image\":{\"@id\":\"https:\/\/tuzlainfo.ba\/index.php\/novosti\/item\/208638-odgodjena-skupstina-kluba-iz-fk-sloboda-mole-azmira-husica-da-dostavi-listu-imena-za-upravni-odbor\/#primaryimage\"},\"thumbnailUrl\":\"https:\/\/tuzlainfo.ba\/wp-content\/uploads\/2021\/07\/1707_fksloboda_vizual.jpg\",\"keywords\":[\"azmir husic\",\"fk sloboda\",\"sport\"],\"articleSection\":[\"Istaknuto\",\"Novosti\"],\"inLanguage\":\"bs-BA\"},{\"@type\":\"WebPage\",\"@id\":\"https:\/\/tuzlainfo.ba\/index.php\/novosti\/item\/208638-odgodjena-skupstina-kluba-iz-fk-sloboda-mole-azmira-husica-da-dostavi-listu-imena-za-upravni-odbor\/\",\"url\":\"https:\/\/tuzlainfo.ba\/index.php\/novosti\/item\/208638-odgodjena-skupstina-kluba-iz-fk-sloboda-mole-azmira-husica-da-dostavi-listu-imena-za-upravni-odbor\/\",\"name\":\"Odgo\u0111ena skup\u0161tina kluba: Iz FK Sloboda mole Azmira Husi\u0107a da dostavi listu imena za Upravni odbor - TuzlaInfo.ba\",\"isPartOf\":{\"@id\":\"https:\/\/tuzlainfo.ba\/#website\"},\"primaryImageOfPage\":{\"@id\":\"https:\/\/tuzlainfo.ba\/index.php\/novosti\/item\/208638-odgodjena-skupstina-kluba-iz-fk-sloboda-mole-azmira-husica-da-dostavi-listu-imena-za-upravni-odbor\/#primaryimage\"},\"image\":{\"@id\":\"https:\/\/tuzlainfo.ba\/index.php\/novosti\/item\/208638-odgodjena-skupstina-kluba-iz-fk-sloboda-mole-azmira-husica-da-dostavi-listu-imena-za-upravni-odbor\/#primaryimage\"},\"thumbnailUrl\":\"https:\/\/tuzlainfo.ba\/wp-content\/uploads\/2021\/07\/1707_fksloboda_vizual.jpg\",\"datePublished\":\"2023-06-26T11:13:00+00:00\",\"dateModified\":\"2023-06-26T11:15:23+00:00\",\"breadcrumb\":{\"@id\":\"https:\/\/tuzlainfo.ba\/index.php\/novosti\/item\/208638-odgodjena-skupstina-kluba-iz-fk-sloboda-mole-azmira-husica-da-dostavi-listu-imena-za-upravni-odbor\/#breadcrumb\"},\"inLanguage\":\"bs-BA\",\"potentialAction\":[{\"@type\":\"ReadAction\",\"target\":[\"https:\/\/tuzlainfo.ba\/index.php\/novosti\/item\/208638-odgodjena-skupstina-kluba-iz-fk-sloboda-mole-azmira-husica-da-dostavi-listu-imena-za-upravni-odbor\/\"]}]},{\"@type\":\"ImageObject\",\"inLanguage\":\"bs-BA\",\"@id\":\"https:\/\/tuzlainfo.ba\/index.php\/novosti\/item\/208638-odgodjena-skupstina-kluba-iz-fk-sloboda-mole-azmira-husica-da-dostavi-listu-imena-za-upravni-odbor\/#primaryimage\",\"url\":\"https:\/\/tuzlainfo.ba\/wp-content\/uploads\/2021\/07\/1707_fksloboda_vizual.jpg\",\"contentUrl\":\"https:\/\/tuzlainfo.ba\/wp-content\/uploads\/2021\/07\/1707_fksloboda_vizual.jpg\",\"width\":1000,\"height\":481},{\"@type\":\"BreadcrumbList\",\"@id\":\"https:\/\/tuzlainfo.ba\/index.php\/novosti\/item\/208638-odgodjena-skupstina-kluba-iz-fk-sloboda-mole-azmira-husica-da-dostavi-listu-imena-za-upravni-odbor\/#breadcrumb\",\"itemListElement\":[{\"@type\":\"ListItem\",\"position\":1,\"name\":\"Home\",\"item\":\"https:\/\/tuzlainfo.ba\/\"},{\"@type\":\"ListItem\",\"position\":2,\"name\":\"Odgo\u0111ena skup\u0161tina kluba: Iz FK Sloboda mole Azmira Husi\u0107a da dostavi listu imena za Upravni odbor\"}]},{\"@type\":\"WebSite\",\"@id\":\"https:\/\/tuzlainfo.ba\/#website\",\"url\":\"https:\/\/tuzlainfo.ba\/\",\"name\":\"TuzlaInfo.ba\",\"description\":\"Tuzla info, gradski informator - Tuzla na dlanu\",\"publisher\":{\"@id\":\"https:\/\/tuzlainfo.ba\/#organization\"},\"potentialAction\":[{\"@type\":\"SearchAction\",\"target\":{\"@type\":\"EntryPoint\",\"urlTemplate\":\"https:\/\/tuzlainfo.ba\/?s={search_term_string}\"},\"query-input\":{\"@type\":\"PropertyValueSpecification\",\"valueRequired\":true,\"valueName\":\"search_term_string\"}}],\"inLanguage\":\"bs-BA\"},{\"@type\":\"Organization\",\"@id\":\"https:\/\/tuzlainfo.ba\/#organization\",\"name\":\"TuzlaInfo.ba\",\"url\":\"https:\/\/tuzlainfo.ba\/\",\"logo\":{\"@type\":\"ImageObject\",\"inLanguage\":\"bs-BA\",\"@id\":\"https:\/\/tuzlainfo.ba\/#\/schema\/logo\/image\/\",\"url\":\"https:\/\/tuzlainfo.ba\/wp-content\/uploads\/2021\/03\/logo-ver-3-1.png\",\"contentUrl\":\"https:\/\/tuzlainfo.ba\/wp-content\/uploads\/2021\/03\/logo-ver-3-1.png\",\"width\":350,\"height\":95,\"caption\":\"TuzlaInfo.ba\"},\"image\":{\"@id\":\"https:\/\/tuzlainfo.ba\/#\/schema\/logo\/image\/\"},\"sameAs\":[\"https:\/\/www.facebook.com\/tuzlainfo.ba\/\"]},{\"@type\":\"Person\",\"@id\":\"https:\/\/tuzlainfo.ba\/#\/schema\/person\/f434e20dc27ea133923aab08451b7f7f\",\"name\":\"nedim\",\"image\":{\"@type\":\"ImageObject\",\"inLanguage\":\"bs-BA\",\"@id\":\"https:\/\/tuzlainfo.ba\/#\/schema\/person\/image\/\",\"url\":\"https:\/\/tuzlainfo.ba\/wp-content\/litespeed\/avatar\/aabad687af24844af817603ac1cbdc4f.jpg?ver=1776702173\",\"contentUrl\":\"https:\/\/tuzlainfo.ba\/wp-content\/litespeed\/avatar\/aabad687af24844af817603ac1cbdc4f.jpg?ver=1776702173\",\"caption\":\"nedim\"},\"description\":\"Tuzlainfo.ba pratite na dru\u0161tvenim mre\u017eama: Facebook, Instagram i Youtube. Svoje pri\u010de, upite i fotografije \u0161aljite na na\u0161u e-mail adresu.\"}]}<\/script>\n<!-- \/ Yoast SEO plugin. -->","yoast_head_json":{"title":"Odgo\u0111ena skup\u0161tina kluba: Iz FK Sloboda mole Azmira Husi\u0107a da dostavi listu imena za Upravni odbor - TuzlaInfo.ba","robots":{"index":"index","follow":"follow","max-snippet":"max-snippet:-1","max-image-preview":"max-image-preview:large","max-video-preview":"max-video-preview:-1"},"canonical":"https:\/\/tuzlainfo.ba\/index.php\/novosti\/item\/208638-odgodjena-skupstina-kluba-iz-fk-sloboda-mole-azmira-husica-da-dostavi-listu-imena-za-upravni-odbor\/","og_locale":"bs_BA","og_type":"article","og_title":"Odgo\u0111ena skup\u0161tina kluba: Iz FK Sloboda mole Azmira Husi\u0107a da dostavi listu imena za Upravni odbor - TuzlaInfo.ba","og_description":"Iz FK Sloboda danas su se oglasili kratkim saop\u0161tenjem koje prenosimo bez redakcijskih intervencija. U&hellip;","og_url":"https:\/\/tuzlainfo.ba\/index.php\/novosti\/item\/208638-odgodjena-skupstina-kluba-iz-fk-sloboda-mole-azmira-husica-da-dostavi-listu-imena-za-upravni-odbor\/","og_site_name":"TuzlaInfo.ba","article_publisher":"https:\/\/www.facebook.com\/tuzlainfo.ba\/","article_published_time":"2023-06-26T11:13:00+00:00","article_modified_time":"2023-06-26T11:15:23+00:00","og_image":[{"width":1000,"height":481,"url":"https:\/\/tuzlainfo.ba\/wp-content\/uploads\/2021\/07\/1707_fksloboda_vizual.jpg","type":"image\/jpeg"}],"author":"nedim","twitter_card":"summary_large_image","twitter_misc":{"Written by":"nedim","Est. reading time":"1 minuta"},"schema":{"@context":"https:\/\/schema.org","@graph":[{"@type":"Article","@id":"https:\/\/tuzlainfo.ba\/index.php\/novosti\/item\/208638-odgodjena-skupstina-kluba-iz-fk-sloboda-mole-azmira-husica-da-dostavi-listu-imena-za-upravni-odbor\/#article","isPartOf":{"@id":"https:\/\/tuzlainfo.ba\/index.php\/novosti\/item\/208638-odgodjena-skupstina-kluba-iz-fk-sloboda-mole-azmira-husica-da-dostavi-listu-imena-za-upravni-odbor\/"},"author":{"name":"nedim","@id":"https:\/\/tuzlainfo.ba\/#\/schema\/person\/f434e20dc27ea133923aab08451b7f7f"},"headline":"Odgo\u0111ena skup\u0161tina kluba: Iz FK Sloboda mole Azmira Husi\u0107a da dostavi listu imena za Upravni odbor","datePublished":"2023-06-26T11:13:00+00:00","dateModified":"2023-06-26T11:15:23+00:00","mainEntityOfPage":{"@id":"https:\/\/tuzlainfo.ba\/index.php\/novosti\/item\/208638-odgodjena-skupstina-kluba-iz-fk-sloboda-mole-azmira-husica-da-dostavi-listu-imena-za-upravni-odbor\/"},"wordCount":120,"commentCount":0,"publisher":{"@id":"https:\/\/tuzlainfo.ba\/#organization"},"image":{"@id":"https:\/\/tuzlainfo.ba\/index.php\/novosti\/item\/208638-odgodjena-skupstina-kluba-iz-fk-sloboda-mole-azmira-husica-da-dostavi-listu-imena-za-upravni-odbor\/#primaryimage"},"thumbnailUrl":"https:\/\/tuzlainfo.ba\/wp-content\/uploads\/2021\/07\/1707_fksloboda_vizual.jpg","keywords":["azmir husic","fk sloboda","sport"],"articleSection":["Istaknuto","Novosti"],"inLanguage":"bs-BA"},{"@type":"WebPage","@id":"https:\/\/tuzlainfo.ba\/index.php\/novosti\/item\/208638-odgodjena-skupstina-kluba-iz-fk-sloboda-mole-azmira-husica-da-dostavi-listu-imena-za-upravni-odbor\/","url":"https:\/\/tuzlainfo.ba\/index.php\/novosti\/item\/208638-odgodjena-skupstina-kluba-iz-fk-sloboda-mole-azmira-husica-da-dostavi-listu-imena-za-upravni-odbor\/","name":"Odgo\u0111ena skup\u0161tina kluba: Iz FK Sloboda mole Azmira Husi\u0107a da dostavi listu imena za Upravni odbor - TuzlaInfo.ba","isPartOf":{"@id":"https:\/\/tuzlainfo.ba\/#website"},"primaryImageOfPage":{"@id":"https:\/\/tuzlainfo.ba\/index.php\/novosti\/item\/208638-odgodjena-skupstina-kluba-iz-fk-sloboda-mole-azmira-husica-da-dostavi-listu-imena-za-upravni-odbor\/#primaryimage"},"image":{"@id":"https:\/\/tuzlainfo.ba\/index.php\/novosti\/item\/208638-odgodjena-skupstina-kluba-iz-fk-sloboda-mole-azmira-husica-da-dostavi-listu-imena-za-upravni-odbor\/#primaryimage"},"thumbnailUrl":"https:\/\/tuzlainfo.ba\/wp-content\/uploads\/2021\/07\/1707_fksloboda_vizual.jpg","datePublished":"2023-06-26T11:13:00+00:00","dateModified":"2023-06-26T11:15:23+00:00","breadcrumb":{"@id":"https:\/\/tuzlainfo.ba\/index.php\/novosti\/item\/208638-odgodjena-skupstina-kluba-iz-fk-sloboda-mole-azmira-husica-da-dostavi-listu-imena-za-upravni-odbor\/#breadcrumb"},"inLanguage":"bs-BA","potentialAction":[{"@type":"ReadAction","target":["https:\/\/tuzlainfo.ba\/index.php\/novosti\/item\/208638-odgodjena-skupstina-kluba-iz-fk-sloboda-mole-azmira-husica-da-dostavi-listu-imena-za-upravni-odbor\/"]}]},{"@type":"ImageObject","inLanguage":"bs-BA","@id":"https:\/\/tuzlainfo.ba\/index.php\/novosti\/item\/208638-odgodjena-skupstina-kluba-iz-fk-sloboda-mole-azmira-husica-da-dostavi-listu-imena-za-upravni-odbor\/#primaryimage","url":"https:\/\/tuzlainfo.ba\/wp-content\/uploads\/2021\/07\/1707_fksloboda_vizual.jpg","contentUrl":"https:\/\/tuzlainfo.ba\/wp-content\/uploads\/2021\/07\/1707_fksloboda_vizual.jpg","width":1000,"height":481},{"@type":"BreadcrumbList","@id":"https:\/\/tuzlainfo.ba\/index.php\/novosti\/item\/208638-odgodjena-skupstina-kluba-iz-fk-sloboda-mole-azmira-husica-da-dostavi-listu-imena-za-upravni-odbor\/#breadcrumb","itemListElement":[{"@type":"ListItem","position":1,"name":"Home","item":"https:\/\/tuzlainfo.ba\/"},{"@type":"ListItem","position":2,"name":"Odgo\u0111ena skup\u0161tina kluba: Iz FK Sloboda mole Azmira Husi\u0107a da dostavi listu imena za Upravni odbor"}]},{"@type":"WebSite","@id":"https:\/\/tuzlainfo.ba\/#website","url":"https:\/\/tuzlainfo.ba\/","name":"TuzlaInfo.ba","description":"Tuzla info, gradski informator - Tuzla na dlanu","publisher":{"@id":"https:\/\/tuzlainfo.ba\/#organization"},"potentialAction":[{"@type":"SearchAction","target":{"@type":"EntryPoint","urlTemplate":"https:\/\/tuzlainfo.ba\/?s={search_term_string}"},"query-input":{"@type":"PropertyValueSpecification","valueRequired":true,"valueName":"search_term_string"}}],"inLanguage":"bs-BA"},{"@type":"Organization","@id":"https:\/\/tuzlainfo.ba\/#organization","name":"TuzlaInfo.ba","url":"https:\/\/tuzlainfo.ba\/","logo":{"@type":"ImageObject","inLanguage":"bs-BA","@id":"https:\/\/tuzlainfo.ba\/#\/schema\/logo\/image\/","url":"https:\/\/tuzlainfo.ba\/wp-content\/uploads\/2021\/03\/logo-ver-3-1.png","contentUrl":"https:\/\/tuzlainfo.ba\/wp-content\/uploads\/2021\/03\/logo-ver-3-1.png","width":350,"height":95,"caption":"TuzlaInfo.ba"},"image":{"@id":"https:\/\/tuzlainfo.ba\/#\/schema\/logo\/image\/"},"sameAs":["https:\/\/www.facebook.com\/tuzlainfo.ba\/"]},{"@type":"Person","@id":"https:\/\/tuzlainfo.ba\/#\/schema\/person\/f434e20dc27ea133923aab08451b7f7f","name":"nedim","image":{"@type":"ImageObject","inLanguage":"bs-BA","@id":"https:\/\/tuzlainfo.ba\/#\/schema\/person\/image\/","url":"https:\/\/tuzlainfo.ba\/wp-content\/litespeed\/avatar\/aabad687af24844af817603ac1cbdc4f.jpg?ver=1776702173","contentUrl":"https:\/\/tuzlainfo.ba\/wp-content\/litespeed\/avatar\/aabad687af24844af817603ac1cbdc4f.jpg?ver=1776702173","caption":"nedim"},"description":"Tuzlainfo.ba pratite na dru\u0161tvenim mre\u017eama: Facebook, Instagram i Youtube. Svoje pri\u010de, upite i fotografije \u0161aljite na na\u0161u e-mail adresu."}]}},"_links":{"self":[{"href":"https:\/\/tuzlainfo.ba\/index.php\/wp-json\/wp\/v2\/posts\/208638"}],"collection":[{"href":"https:\/\/tuzlainfo.ba\/index.php\/wp-json\/wp\/v2\/posts"}],"about":[{"href":"https:\/\/tuzlainfo.ba\/index.php\/wp-json\/wp\/v2\/types\/post"}],"author":[{"embeddable":true,"href":"https:\/\/tuzlainfo.ba\/index.php\/wp-json\/wp\/v2\/users\/2"}],"replies":[{"embeddable":true,"href":"https:\/\/tuzlainfo.ba\/index.php\/wp-json\/wp\/v2\/comments?post=208638"}],"version-history":[{"count":0,"href":"https:\/\/tuzlainfo.ba\/index.php\/wp-json\/wp\/v2\/posts\/208638\/revisions"}],"wp:featuredmedia":[{"embeddable":true,"href":"https:\/\/tuzlainfo.ba\/index.php\/wp-json\/wp\/v2\/media\/142229"}],"wp:attachment":[{"href":"https:\/\/tuzlainfo.ba\/index.php\/wp-json\/wp\/v2\/media?parent=208638"}],"wp:term":[{"taxonomy":"category","embeddable":true,"href":"https:\/\/tuzlainfo.ba\/index.php\/wp-json\/wp\/v2\/categories?post=208638"},{"taxonomy":"post_tag","embeddable":true,"href":"https:\/\/tuzlainfo.ba\/index.php\/wp-json\/wp\/v2\/tags?post=208638"}],"curies":[{"name":"wp","href":"https:\/\/api.w.org\/{rel}","templated":true}]}}