{"id":208573,"date":"2023-06-25T16:33:33","date_gmt":"2023-06-25T14:33:33","guid":{"rendered":"https:\/\/tuzlainfo.ba\/?p=208573"},"modified":"2023-06-25T16:33:33","modified_gmt":"2023-06-25T14:33:33","slug":"slucaj-u-bih-knjigovodja-optuzena-da-je-ostetila-firmu-za-902-850-km","status":"publish","type":"post","link":"https:\/\/tuzlainfo.ba\/index.php\/bosna-i-hercegovina\/item\/208573-slucaj-u-bih-knjigovodja-optuzena-da-je-ostetila-firmu-za-902-850-km\/","title":{"rendered":"Slu\u010daj u BiH: Knjigovo\u0111a optu\u017eena da je o\u0161tetila firmu za 902.850 KM"},"content":{"rendered":"<p>Kantonalni sud u Biha\u0107u potvrdio je optu\u017enicu Kantonalnog tu\u017eila\u0161tva USK protiv Sedine Miljkovi\u0107, koja je tereti da je, obavljaju\u0107i poslove materijalno-finansijskog knjigovo\u0111e i referenta za platni promet u d.d. &#8220;Grupex&#8221; Velika Kladu\u0161a, tu firmu o\u0161tetila za 902.850 KM.<\/p>\n<p>Terete je za produ\u017eenu zloupotrebu polo\u017eaja, a bude li dokazana njena krivica, za to su Krivi\u010dnim zakonom FBiH predvi\u0111ene najmanje tri godine zatvora.<\/p>\n<p>U narednom periodu se o\u010dekuje zakazivanje ro\u010di\u0161ta za izja\u0161njenje o krivici pred Kantonalnim sudom u Biha\u0107u.<\/p>\n<p>Prema optu\u017enici Kantonalnog tu\u017eila\u0161tva Unsko-sanskog kantona, optu\u017eenoj se stavlja na teret da se o zakon ogrije\u0161ila od 4. januara 2007. do 21. januara 2011. godine.<\/p>\n<p>Imala je, isti\u010de se, ovla\u0161\u0107enja da prati sredstva na ra\u010dunima, i vr\u0161i svakodnevno pla\u0107anje po nalogu direktora, ali je bila svjesna da nema pismeno odobrenje, niti punomo\u0107 direktora da u njegovo ime, a za ra\u010dun d.d. &#8220;Grupex&#8221;, podi\u017ee gotovinu.<\/p>\n<p>&#8220;Radila je izvan svojih ovla\u0161\u0107enja tako \u0161to je sa\u010dinjavala naloge za prenos nov\u010danih sredstava u koje je unosila neistinite podatke o visini sredstava koja se prenose i krivotvorila potpis nalogodavca, koje je zatim odnosila u rezidentnu banku, u kojoj je sa ra\u010duna d.d. &#8216;Grupex&#8217; prebacivala novac na ra\u010dune istog dru\u0161tva u druge banke&#8221;, nagla\u0161eno je u optu\u017enici.<\/p>\n<p>Zatim je, dodaje se, znaju\u0107i da nema ovla\u0161\u0107enja da podi\u017ee gotovinu, u \u010dekove unosila nov\u010dane iznose krivotvore\u0107i potpis nalogodavca, sa kojima je u vi\u0161e navrata sa \u017eiro-ra\u010duna tog dru\u0161tva podizala gotovinu, u ukupnom iznosu od 888.000 KM i ta sredstva je, terete je, zadr\u017eala i nije ih polo\u017eila u blagajnu preduze\u0107a.<\/p>\n<p>&#8220;Pritom je bez pismene odluke koja bi tu isplatu opravdala i bez znanja direktora izvr\u0161ila bezgotovinske isplate primanja putem teku\u0107ih ra\u010duna u vlastitu korist u iznosu od 8.150 KM, a u korist zaposlenika \u0160.K. 4.700 KM i E.B. 2.000 KM&#8221;, nagla\u0161eno je u optu\u017enici.<\/p>\n<p>Dodaje se da je bila svjesna svojih radnji i njihovih posljedica, te je s ciljem da to prikrije, izvr\u0161ila knji\u017eenja u glavnoj knjizi dru\u0161tva koja nisu bila u skladu sa pravilima struke na na\u010din da proknji\u017eeni iznosi nisu predo\u010davali obim i vrstu nastalog poslovnog doga\u0111aja, te fiktivno izvr\u0161ila knji\u017eenja bez finansijsko-knjigovodstvenog dokumenta uplate dva ra\u010duna u korist jednog dobavlja\u010da, u ukupnom iznosu od 12.889 KM.<\/p>\n<p>&#8220;Na ovaj na\u010din je pribavila sebi 896.500\u00a0 KM i navedenim licima 6.700 KM, a istovremeno o\u0161tetiv\u0161i &#8216;Grupex&#8217; d.d. Velika Kladu\u0161a za 902.850 KM&#8221;, nagla\u0161eno je u optu\u017enici, a potvr\u0111eno je &#8220;<a href=\"https:\/\/www.nezavisne.com\/novosti\/hronika\/Knjigovodja-optuzena-da-je-ojadila-firmu-za-902850-KM\/777711\"><strong>Nezavisnim novinama<\/strong><\/a>&#8220;.<\/p>\n","protected":false},"excerpt":{"rendered":"<p>Kantonalni sud u Biha\u0107u potvrdio je optu\u017enicu Kantonalnog tu\u017eila\u0161tva USK protiv Sedine Miljkovi\u0107, koja je&hellip;<\/p>\n","protected":false},"author":2,"featured_media":184059,"comment_status":"open","ping_status":"closed","sticky":false,"template":"","format":"standard","meta":{"_acf_changed":false,"footnotes":""},"categories":[291],"tags":[1780,7282,1573],"acf":[],"yoast_head":"<!-- This site is optimized with the Yoast SEO plugin v23.5 - https:\/\/yoast.com\/wordpress\/plugins\/seo\/ -->\n<title>Slu\u010daj u BiH: Knjigovo\u0111a optu\u017eena da je o\u0161tetila firmu za 902.850 KM - TuzlaInfo.ba<\/title>\n<meta name=\"robots\" content=\"index, follow, max-snippet:-1, max-image-preview:large, max-video-preview:-1\" \/>\n<link rel=\"canonical\" href=\"https:\/\/tuzlainfo.ba\/index.php\/bosna-i-hercegovina\/item\/208573-slucaj-u-bih-knjigovodja-optuzena-da-je-ostetila-firmu-za-902-850-km\/\" \/>\n<meta property=\"og:locale\" content=\"bs_BA\" \/>\n<meta property=\"og:type\" content=\"article\" \/>\n<meta property=\"og:title\" content=\"Slu\u010daj u BiH: Knjigovo\u0111a optu\u017eena da je o\u0161tetila firmu za 902.850 KM - TuzlaInfo.ba\" \/>\n<meta property=\"og:description\" content=\"Kantonalni sud u Biha\u0107u potvrdio je optu\u017enicu Kantonalnog tu\u017eila\u0161tva USK protiv Sedine Miljkovi\u0107, koja je&hellip;\" \/>\n<meta property=\"og:url\" content=\"https:\/\/tuzlainfo.ba\/index.php\/bosna-i-hercegovina\/item\/208573-slucaj-u-bih-knjigovodja-optuzena-da-je-ostetila-firmu-za-902-850-km\/\" \/>\n<meta property=\"og:site_name\" content=\"TuzlaInfo.ba\" \/>\n<meta property=\"article:publisher\" content=\"https:\/\/www.facebook.com\/tuzlainfo.ba\/\" \/>\n<meta property=\"article:published_time\" content=\"2023-06-25T14:33:33+00:00\" \/>\n<meta property=\"og:image\" content=\"https:\/\/tuzlainfo.ba\/wp-content\/uploads\/2022\/09\/hapsenje-lisice-zena-shutterstock.jpeg\" \/>\n\t<meta property=\"og:image:width\" content=\"940\" \/>\n\t<meta property=\"og:image:height\" content=\"529\" \/>\n\t<meta property=\"og:image:type\" content=\"image\/jpeg\" \/>\n<meta name=\"author\" content=\"nedim\" \/>\n<meta name=\"twitter:card\" content=\"summary_large_image\" \/>\n<meta name=\"twitter:label1\" content=\"Written by\" \/>\n\t<meta name=\"twitter:data1\" content=\"nedim\" \/>\n\t<meta name=\"twitter:label2\" content=\"Est. reading time\" \/>\n\t<meta name=\"twitter:data2\" content=\"2 minute\" \/>\n<script type=\"application\/ld+json\" class=\"yoast-schema-graph\">{\"@context\":\"https:\/\/schema.org\",\"@graph\":[{\"@type\":\"Article\",\"@id\":\"https:\/\/tuzlainfo.ba\/index.php\/bosna-i-hercegovina\/item\/208573-slucaj-u-bih-knjigovodja-optuzena-da-je-ostetila-firmu-za-902-850-km\/#article\",\"isPartOf\":{\"@id\":\"https:\/\/tuzlainfo.ba\/index.php\/bosna-i-hercegovina\/item\/208573-slucaj-u-bih-knjigovodja-optuzena-da-je-ostetila-firmu-za-902-850-km\/\"},\"author\":{\"name\":\"nedim\",\"@id\":\"https:\/\/tuzlainfo.ba\/#\/schema\/person\/f434e20dc27ea133923aab08451b7f7f\"},\"headline\":\"Slu\u010daj u BiH: Knjigovo\u0111a optu\u017eena da je o\u0161tetila firmu za 902.850 KM\",\"datePublished\":\"2023-06-25T14:33:33+00:00\",\"dateModified\":\"2023-06-25T14:33:33+00:00\",\"mainEntityOfPage\":{\"@id\":\"https:\/\/tuzlainfo.ba\/index.php\/bosna-i-hercegovina\/item\/208573-slucaj-u-bih-knjigovodja-optuzena-da-je-ostetila-firmu-za-902-850-km\/\"},\"wordCount\":468,\"commentCount\":0,\"publisher\":{\"@id\":\"https:\/\/tuzlainfo.ba\/#organization\"},\"image\":{\"@id\":\"https:\/\/tuzlainfo.ba\/index.php\/bosna-i-hercegovina\/item\/208573-slucaj-u-bih-knjigovodja-optuzena-da-je-ostetila-firmu-za-902-850-km\/#primaryimage\"},\"thumbnailUrl\":\"https:\/\/tuzlainfo.ba\/wp-content\/uploads\/2022\/09\/hapsenje-lisice-zena-shutterstock.jpeg\",\"keywords\":[\"biha\u0107\",\"privredni kriminal\",\"velika kladu\u0161a\"],\"articleSection\":[\"Bosna i Hercegovina\"],\"inLanguage\":\"bs-BA\"},{\"@type\":\"WebPage\",\"@id\":\"https:\/\/tuzlainfo.ba\/index.php\/bosna-i-hercegovina\/item\/208573-slucaj-u-bih-knjigovodja-optuzena-da-je-ostetila-firmu-za-902-850-km\/\",\"url\":\"https:\/\/tuzlainfo.ba\/index.php\/bosna-i-hercegovina\/item\/208573-slucaj-u-bih-knjigovodja-optuzena-da-je-ostetila-firmu-za-902-850-km\/\",\"name\":\"Slu\u010daj u BiH: Knjigovo\u0111a optu\u017eena da je o\u0161tetila firmu za 902.850 KM - TuzlaInfo.ba\",\"isPartOf\":{\"@id\":\"https:\/\/tuzlainfo.ba\/#website\"},\"primaryImageOfPage\":{\"@id\":\"https:\/\/tuzlainfo.ba\/index.php\/bosna-i-hercegovina\/item\/208573-slucaj-u-bih-knjigovodja-optuzena-da-je-ostetila-firmu-za-902-850-km\/#primaryimage\"},\"image\":{\"@id\":\"https:\/\/tuzlainfo.ba\/index.php\/bosna-i-hercegovina\/item\/208573-slucaj-u-bih-knjigovodja-optuzena-da-je-ostetila-firmu-za-902-850-km\/#primaryimage\"},\"thumbnailUrl\":\"https:\/\/tuzlainfo.ba\/wp-content\/uploads\/2022\/09\/hapsenje-lisice-zena-shutterstock.jpeg\",\"datePublished\":\"2023-06-25T14:33:33+00:00\",\"dateModified\":\"2023-06-25T14:33:33+00:00\",\"breadcrumb\":{\"@id\":\"https:\/\/tuzlainfo.ba\/index.php\/bosna-i-hercegovina\/item\/208573-slucaj-u-bih-knjigovodja-optuzena-da-je-ostetila-firmu-za-902-850-km\/#breadcrumb\"},\"inLanguage\":\"bs-BA\",\"potentialAction\":[{\"@type\":\"ReadAction\",\"target\":[\"https:\/\/tuzlainfo.ba\/index.php\/bosna-i-hercegovina\/item\/208573-slucaj-u-bih-knjigovodja-optuzena-da-je-ostetila-firmu-za-902-850-km\/\"]}]},{\"@type\":\"ImageObject\",\"inLanguage\":\"bs-BA\",\"@id\":\"https:\/\/tuzlainfo.ba\/index.php\/bosna-i-hercegovina\/item\/208573-slucaj-u-bih-knjigovodja-optuzena-da-je-ostetila-firmu-za-902-850-km\/#primaryimage\",\"url\":\"https:\/\/tuzlainfo.ba\/wp-content\/uploads\/2022\/09\/hapsenje-lisice-zena-shutterstock.jpeg\",\"contentUrl\":\"https:\/\/tuzlainfo.ba\/wp-content\/uploads\/2022\/09\/hapsenje-lisice-zena-shutterstock.jpeg\",\"width\":940,\"height\":529,\"caption\":\"Foto: shutterstock \/ Ilistracija\"},{\"@type\":\"BreadcrumbList\",\"@id\":\"https:\/\/tuzlainfo.ba\/index.php\/bosna-i-hercegovina\/item\/208573-slucaj-u-bih-knjigovodja-optuzena-da-je-ostetila-firmu-za-902-850-km\/#breadcrumb\",\"itemListElement\":[{\"@type\":\"ListItem\",\"position\":1,\"name\":\"Home\",\"item\":\"https:\/\/tuzlainfo.ba\/\"},{\"@type\":\"ListItem\",\"position\":2,\"name\":\"Slu\u010daj u BiH: Knjigovo\u0111a optu\u017eena da je o\u0161tetila firmu za 902.850 KM\"}]},{\"@type\":\"WebSite\",\"@id\":\"https:\/\/tuzlainfo.ba\/#website\",\"url\":\"https:\/\/tuzlainfo.ba\/\",\"name\":\"TuzlaInfo.ba\",\"description\":\"Tuzla info, gradski informator - Tuzla na dlanu\",\"publisher\":{\"@id\":\"https:\/\/tuzlainfo.ba\/#organization\"},\"potentialAction\":[{\"@type\":\"SearchAction\",\"target\":{\"@type\":\"EntryPoint\",\"urlTemplate\":\"https:\/\/tuzlainfo.ba\/?s={search_term_string}\"},\"query-input\":{\"@type\":\"PropertyValueSpecification\",\"valueRequired\":true,\"valueName\":\"search_term_string\"}}],\"inLanguage\":\"bs-BA\"},{\"@type\":\"Organization\",\"@id\":\"https:\/\/tuzlainfo.ba\/#organization\",\"name\":\"TuzlaInfo.ba\",\"url\":\"https:\/\/tuzlainfo.ba\/\",\"logo\":{\"@type\":\"ImageObject\",\"inLanguage\":\"bs-BA\",\"@id\":\"https:\/\/tuzlainfo.ba\/#\/schema\/logo\/image\/\",\"url\":\"https:\/\/tuzlainfo.ba\/wp-content\/uploads\/2021\/03\/logo-ver-3-1.png\",\"contentUrl\":\"https:\/\/tuzlainfo.ba\/wp-content\/uploads\/2021\/03\/logo-ver-3-1.png\",\"width\":350,\"height\":95,\"caption\":\"TuzlaInfo.ba\"},\"image\":{\"@id\":\"https:\/\/tuzlainfo.ba\/#\/schema\/logo\/image\/\"},\"sameAs\":[\"https:\/\/www.facebook.com\/tuzlainfo.ba\/\"]},{\"@type\":\"Person\",\"@id\":\"https:\/\/tuzlainfo.ba\/#\/schema\/person\/f434e20dc27ea133923aab08451b7f7f\",\"name\":\"nedim\",\"image\":{\"@type\":\"ImageObject\",\"inLanguage\":\"bs-BA\",\"@id\":\"https:\/\/tuzlainfo.ba\/#\/schema\/person\/image\/\",\"url\":\"https:\/\/tuzlainfo.ba\/wp-content\/litespeed\/avatar\/aabad687af24844af817603ac1cbdc4f.jpg?ver=1777306975\",\"contentUrl\":\"https:\/\/tuzlainfo.ba\/wp-content\/litespeed\/avatar\/aabad687af24844af817603ac1cbdc4f.jpg?ver=1777306975\",\"caption\":\"nedim\"},\"description\":\"Tuzlainfo.ba pratite na dru\u0161tvenim mre\u017eama: Facebook, Instagram i Youtube. Svoje pri\u010de, upite i fotografije \u0161aljite na na\u0161u e-mail adresu.\"}]}<\/script>\n<!-- \/ Yoast SEO plugin. -->","yoast_head_json":{"title":"Slu\u010daj u BiH: Knjigovo\u0111a optu\u017eena da je o\u0161tetila firmu za 902.850 KM - TuzlaInfo.ba","robots":{"index":"index","follow":"follow","max-snippet":"max-snippet:-1","max-image-preview":"max-image-preview:large","max-video-preview":"max-video-preview:-1"},"canonical":"https:\/\/tuzlainfo.ba\/index.php\/bosna-i-hercegovina\/item\/208573-slucaj-u-bih-knjigovodja-optuzena-da-je-ostetila-firmu-za-902-850-km\/","og_locale":"bs_BA","og_type":"article","og_title":"Slu\u010daj u BiH: Knjigovo\u0111a optu\u017eena da je o\u0161tetila firmu za 902.850 KM - TuzlaInfo.ba","og_description":"Kantonalni sud u Biha\u0107u potvrdio je optu\u017enicu Kantonalnog tu\u017eila\u0161tva USK protiv Sedine Miljkovi\u0107, koja je&hellip;","og_url":"https:\/\/tuzlainfo.ba\/index.php\/bosna-i-hercegovina\/item\/208573-slucaj-u-bih-knjigovodja-optuzena-da-je-ostetila-firmu-za-902-850-km\/","og_site_name":"TuzlaInfo.ba","article_publisher":"https:\/\/www.facebook.com\/tuzlainfo.ba\/","article_published_time":"2023-06-25T14:33:33+00:00","og_image":[{"width":940,"height":529,"url":"https:\/\/tuzlainfo.ba\/wp-content\/uploads\/2022\/09\/hapsenje-lisice-zena-shutterstock.jpeg","type":"image\/jpeg"}],"author":"nedim","twitter_card":"summary_large_image","twitter_misc":{"Written by":"nedim","Est. reading time":"2 minute"},"schema":{"@context":"https:\/\/schema.org","@graph":[{"@type":"Article","@id":"https:\/\/tuzlainfo.ba\/index.php\/bosna-i-hercegovina\/item\/208573-slucaj-u-bih-knjigovodja-optuzena-da-je-ostetila-firmu-za-902-850-km\/#article","isPartOf":{"@id":"https:\/\/tuzlainfo.ba\/index.php\/bosna-i-hercegovina\/item\/208573-slucaj-u-bih-knjigovodja-optuzena-da-je-ostetila-firmu-za-902-850-km\/"},"author":{"name":"nedim","@id":"https:\/\/tuzlainfo.ba\/#\/schema\/person\/f434e20dc27ea133923aab08451b7f7f"},"headline":"Slu\u010daj u BiH: Knjigovo\u0111a optu\u017eena da je o\u0161tetila firmu za 902.850 KM","datePublished":"2023-06-25T14:33:33+00:00","dateModified":"2023-06-25T14:33:33+00:00","mainEntityOfPage":{"@id":"https:\/\/tuzlainfo.ba\/index.php\/bosna-i-hercegovina\/item\/208573-slucaj-u-bih-knjigovodja-optuzena-da-je-ostetila-firmu-za-902-850-km\/"},"wordCount":468,"commentCount":0,"publisher":{"@id":"https:\/\/tuzlainfo.ba\/#organization"},"image":{"@id":"https:\/\/tuzlainfo.ba\/index.php\/bosna-i-hercegovina\/item\/208573-slucaj-u-bih-knjigovodja-optuzena-da-je-ostetila-firmu-za-902-850-km\/#primaryimage"},"thumbnailUrl":"https:\/\/tuzlainfo.ba\/wp-content\/uploads\/2022\/09\/hapsenje-lisice-zena-shutterstock.jpeg","keywords":["biha\u0107","privredni kriminal","velika kladu\u0161a"],"articleSection":["Bosna i Hercegovina"],"inLanguage":"bs-BA"},{"@type":"WebPage","@id":"https:\/\/tuzlainfo.ba\/index.php\/bosna-i-hercegovina\/item\/208573-slucaj-u-bih-knjigovodja-optuzena-da-je-ostetila-firmu-za-902-850-km\/","url":"https:\/\/tuzlainfo.ba\/index.php\/bosna-i-hercegovina\/item\/208573-slucaj-u-bih-knjigovodja-optuzena-da-je-ostetila-firmu-za-902-850-km\/","name":"Slu\u010daj u BiH: Knjigovo\u0111a optu\u017eena da je o\u0161tetila firmu za 902.850 KM - TuzlaInfo.ba","isPartOf":{"@id":"https:\/\/tuzlainfo.ba\/#website"},"primaryImageOfPage":{"@id":"https:\/\/tuzlainfo.ba\/index.php\/bosna-i-hercegovina\/item\/208573-slucaj-u-bih-knjigovodja-optuzena-da-je-ostetila-firmu-za-902-850-km\/#primaryimage"},"image":{"@id":"https:\/\/tuzlainfo.ba\/index.php\/bosna-i-hercegovina\/item\/208573-slucaj-u-bih-knjigovodja-optuzena-da-je-ostetila-firmu-za-902-850-km\/#primaryimage"},"thumbnailUrl":"https:\/\/tuzlainfo.ba\/wp-content\/uploads\/2022\/09\/hapsenje-lisice-zena-shutterstock.jpeg","datePublished":"2023-06-25T14:33:33+00:00","dateModified":"2023-06-25T14:33:33+00:00","breadcrumb":{"@id":"https:\/\/tuzlainfo.ba\/index.php\/bosna-i-hercegovina\/item\/208573-slucaj-u-bih-knjigovodja-optuzena-da-je-ostetila-firmu-za-902-850-km\/#breadcrumb"},"inLanguage":"bs-BA","potentialAction":[{"@type":"ReadAction","target":["https:\/\/tuzlainfo.ba\/index.php\/bosna-i-hercegovina\/item\/208573-slucaj-u-bih-knjigovodja-optuzena-da-je-ostetila-firmu-za-902-850-km\/"]}]},{"@type":"ImageObject","inLanguage":"bs-BA","@id":"https:\/\/tuzlainfo.ba\/index.php\/bosna-i-hercegovina\/item\/208573-slucaj-u-bih-knjigovodja-optuzena-da-je-ostetila-firmu-za-902-850-km\/#primaryimage","url":"https:\/\/tuzlainfo.ba\/wp-content\/uploads\/2022\/09\/hapsenje-lisice-zena-shutterstock.jpeg","contentUrl":"https:\/\/tuzlainfo.ba\/wp-content\/uploads\/2022\/09\/hapsenje-lisice-zena-shutterstock.jpeg","width":940,"height":529,"caption":"Foto: shutterstock \/ Ilistracija"},{"@type":"BreadcrumbList","@id":"https:\/\/tuzlainfo.ba\/index.php\/bosna-i-hercegovina\/item\/208573-slucaj-u-bih-knjigovodja-optuzena-da-je-ostetila-firmu-za-902-850-km\/#breadcrumb","itemListElement":[{"@type":"ListItem","position":1,"name":"Home","item":"https:\/\/tuzlainfo.ba\/"},{"@type":"ListItem","position":2,"name":"Slu\u010daj u BiH: Knjigovo\u0111a optu\u017eena da je o\u0161tetila firmu za 902.850 KM"}]},{"@type":"WebSite","@id":"https:\/\/tuzlainfo.ba\/#website","url":"https:\/\/tuzlainfo.ba\/","name":"TuzlaInfo.ba","description":"Tuzla info, gradski informator - Tuzla na dlanu","publisher":{"@id":"https:\/\/tuzlainfo.ba\/#organization"},"potentialAction":[{"@type":"SearchAction","target":{"@type":"EntryPoint","urlTemplate":"https:\/\/tuzlainfo.ba\/?s={search_term_string}"},"query-input":{"@type":"PropertyValueSpecification","valueRequired":true,"valueName":"search_term_string"}}],"inLanguage":"bs-BA"},{"@type":"Organization","@id":"https:\/\/tuzlainfo.ba\/#organization","name":"TuzlaInfo.ba","url":"https:\/\/tuzlainfo.ba\/","logo":{"@type":"ImageObject","inLanguage":"bs-BA","@id":"https:\/\/tuzlainfo.ba\/#\/schema\/logo\/image\/","url":"https:\/\/tuzlainfo.ba\/wp-content\/uploads\/2021\/03\/logo-ver-3-1.png","contentUrl":"https:\/\/tuzlainfo.ba\/wp-content\/uploads\/2021\/03\/logo-ver-3-1.png","width":350,"height":95,"caption":"TuzlaInfo.ba"},"image":{"@id":"https:\/\/tuzlainfo.ba\/#\/schema\/logo\/image\/"},"sameAs":["https:\/\/www.facebook.com\/tuzlainfo.ba\/"]},{"@type":"Person","@id":"https:\/\/tuzlainfo.ba\/#\/schema\/person\/f434e20dc27ea133923aab08451b7f7f","name":"nedim","image":{"@type":"ImageObject","inLanguage":"bs-BA","@id":"https:\/\/tuzlainfo.ba\/#\/schema\/person\/image\/","url":"https:\/\/tuzlainfo.ba\/wp-content\/litespeed\/avatar\/aabad687af24844af817603ac1cbdc4f.jpg?ver=1777306975","contentUrl":"https:\/\/tuzlainfo.ba\/wp-content\/litespeed\/avatar\/aabad687af24844af817603ac1cbdc4f.jpg?ver=1777306975","caption":"nedim"},"description":"Tuzlainfo.ba pratite na dru\u0161tvenim mre\u017eama: Facebook, Instagram i Youtube. Svoje pri\u010de, upite i fotografije \u0161aljite na na\u0161u e-mail adresu."}]}},"_links":{"self":[{"href":"https:\/\/tuzlainfo.ba\/index.php\/wp-json\/wp\/v2\/posts\/208573"}],"collection":[{"href":"https:\/\/tuzlainfo.ba\/index.php\/wp-json\/wp\/v2\/posts"}],"about":[{"href":"https:\/\/tuzlainfo.ba\/index.php\/wp-json\/wp\/v2\/types\/post"}],"author":[{"embeddable":true,"href":"https:\/\/tuzlainfo.ba\/index.php\/wp-json\/wp\/v2\/users\/2"}],"replies":[{"embeddable":true,"href":"https:\/\/tuzlainfo.ba\/index.php\/wp-json\/wp\/v2\/comments?post=208573"}],"version-history":[{"count":0,"href":"https:\/\/tuzlainfo.ba\/index.php\/wp-json\/wp\/v2\/posts\/208573\/revisions"}],"wp:featuredmedia":[{"embeddable":true,"href":"https:\/\/tuzlainfo.ba\/index.php\/wp-json\/wp\/v2\/media\/184059"}],"wp:attachment":[{"href":"https:\/\/tuzlainfo.ba\/index.php\/wp-json\/wp\/v2\/media?parent=208573"}],"wp:term":[{"taxonomy":"category","embeddable":true,"href":"https:\/\/tuzlainfo.ba\/index.php\/wp-json\/wp\/v2\/categories?post=208573"},{"taxonomy":"post_tag","embeddable":true,"href":"https:\/\/tuzlainfo.ba\/index.php\/wp-json\/wp\/v2\/tags?post=208573"}],"curies":[{"name":"wp","href":"https:\/\/api.w.org\/{rel}","templated":true}]}}