{"id":208550,"date":"2023-06-25T17:30:56","date_gmt":"2023-06-25T15:30:56","guid":{"rendered":"https:\/\/tuzlainfo.ba\/?p=208550"},"modified":"2023-06-25T13:54:54","modified_gmt":"2023-06-25T11:54:54","slug":"hrvatska-ne-odustaje-odredjen-datum-pocetka-odlaganja-radioaktivnog-otpada-na-trgovskoj-gori","status":"publish","type":"post","link":"https:\/\/tuzlainfo.ba\/index.php\/bosna-i-hercegovina\/item\/208550-hrvatska-ne-odustaje-odredjen-datum-pocetka-odlaganja-radioaktivnog-otpada-na-trgovskoj-gori\/","title":{"rendered":"Hrvatska ne odustaje: Odre\u0111en datum po\u010detka odlaganja radioaktivnog otpada na Trgovskoj gori"},"content":{"rendered":"<p>Tokom 2025. godine planira se po\u010detak izgradnje Centra za zbrinjavanje radioaktivnog otpada u biv\u0161oj kasarni \u010cerkezovac na Trgovskoj gori u op\u0161tini Dvor, a po\u010detak rada centra predvi\u0111en je za 2026. godinu, re\u010deno je Hini u Ministarstvu privrede i odr\u017eivog razvoja.<\/p>\n<p>Dosada\u0161nji istra\u017eni radovi i mjerenja na lokaciji ne ukazuju na mogu\u0107e negativno rje\u0161enje u studiji utjecaja na okolinu, ali kao kona\u010dnu potvrdu prihvatanja lokacije \u010cerkezovac za Centar za zbrinjavanje radioaktivnog otpada pri\u010deka\u0107emo analizu i interpretaciju provedenih istra\u017eivanja u sklopu studije, \u010diji \u0107e rezultati biti javno dostupni, ka\u017eu u Ministarstvu, prenosi Dnevnik.hr.<\/p>\n<p>Studija \u0107e, isti\u010du, propisati mjere za\u0161tite okolinua kojima se spre\u010davaju negativni utjecaji prilikom rada skladi\u0161ta radioaktivnoga otpada.<\/p>\n<p>U toku je izrada bezbjednosnih analiza i idejnog projekta za potrebe isho\u0111enja lokacijske dozvole, a Ministarstvu je predan zahtjev za odre\u0111ivanje sadr\u017eaja studije utjecaja na okolinu.<\/p>\n<p>Tokom marta proveden je javni postupak odre\u0111ivanja sadr\u017eaja studije utjecaja na okolinu, koji uklju\u010duje prikupljanje mi\u0161ljenja i komentara javnosti i nadle\u017enih tijela Hrvatske i BiH.<\/p>\n<p>U Ministarstvu je u toku analiza zaprimljenih mi\u0161ljenja, po\u010detak izgradnje centra planiraju tokom 2025., dok je planirani po\u010detak rada predvi\u0111en za 2026. godinu.<\/p>\n<p>Na lokaciji su zavr\u0161eni istra\u017eni radovi i odre\u0111ivanje nultog stanja radioaktivnosti u okolinu, u sklopu kojeg je postavljena mjerna postaja za mjerenje ambijentalne brzine doze.<\/p>\n<p><strong>Postavljene stanice<\/strong><\/p>\n<p>Seizmolo\u0161ke stanice postavljene su na lokaciji centra te na lokacijama Rujevac i Pobr\u0111ani i uklju\u010dene su u hrvatsku mre\u017eu seizmografa i akcelerografa Seizmolo\u0161ke slu\u017ebe RH.<\/p>\n<p>Tako\u0111e je osiguran prenos podataka u realnom vremenu Seizmolo\u0161koj slu\u017ebi u Zagrebu i Republi\u010dkom hidrometeorolo\u0161kom servisu u Banjaluci.<\/p>\n<p>Ali Ministarstvo upozorava kako se &#8220;nakon sastanaka s BiH stranom mo\u017ee zaklju\u010diti da ne postoji ni najmanja spremnost za dokazivanje da projekt ne\u0107e imati utjecaja na okolinu, bez obzira na to \u0161to svi stru\u010dni argumenti, kao i preliminarni rezultati istra\u017enih radova, ukazuju da ne postoji prekograni\u010dni utjecaj tokom redovnog pogona skladi\u0161ta&#8221;.<\/p>\n<p>Premijer Hrvatske Andrej Plenkovi\u0107 20. juna na zajedni\u010dkoj sjednici hrvatske Vlade i Savjeta ministara BiH poru\u010dio je da \u0107e Hrvatska primijeniti najvi\u0161e bezbjednosne standarde pri izgradnji odlagali\u0161ta radioaktivnog otpada.<\/p>\n<p>Lokacija odlagali\u0161ta je na &#8220;brdovitom, nenaseljenom podru\u010dju na kojemu bi se skladi\u0161tio nizak i srednji radioaktivni otpad iz NE Kr\u0161ko&#8221;, rekao je Plenkovi\u0107.<\/p>\n<p>Ustvrdio je da se radi o otpadu &#8220;koji vrlo malo zra\u010di&#8221;, poput za\u0161titne odje\u0107e, rukavica, krpa i sli\u010dno, a ne\u0107e se skladi\u0161titi istro\u0161eno nuklearno gorivo, koje pripada visokom radioaktivnom otpadu.<\/p>\n<p>Na pitanje o odabiru lokacije odlagali\u0161ta i blizini granice s BiH, premijer je istaknuo da odluku o tome Hrvatska donosi autonomno.<\/p>\n<p>Ali ministar spoljne trgovine i ekonomskih odnosa BiH Sta\u0161a Ko\u0161arac \u00a0najavio je da \u0107e tra\u017eiti podr\u0161ku EU-a za pronalazak nove lokacije odlagali\u0161ta.<\/p>\n<p>Ko\u0161arac smatra da je lokacija odlagali\u0161ta neprihvatljiva jer \u0107e ugroziti zdravlje obli\u017enjeg stanovni\u0161tva te je pozvao da se na\u0111e tre\u0107a lokacija.<\/p>\n<p>Rekao je kako ekspertni tim BiH &#8220;nije zadovoljan protokom informacija s hrvatske strane&#8221;, a Slovenija i Ma\u0111arska podr\u017eavaju bosanskohercegova\u010dke napore.<\/p>\n<p>Ko\u0161arac je tako\u0111e zatra\u017eio sastanak s visokim predstavnikom za vanjsku i sigurnosnu politiku EU-a Josephom Borellom kako bi izrazio protivljenje namjeri Hrvatske da izgradi odlagali\u0161te radioaktivnog otpada na samoj granici s BiH.<\/p>\n<p>I predsjednik Republike Srpske Milorad Dodik optu\u017eio je Plenkovi\u0107a da neistinitim tvrdnjama poku\u0161ava opravdati gradnju odlagali\u0161ta radioaktivnog otpada na Trgovskoj gori i poru\u010dio kako \u0107e o rje\u0161avanju tog pitanja ovisiti budu\u0107i odnosi BiH i Hrvatske.<\/p>\n<p><strong>I Dvor protiv centra za radioaktivni otpad<\/strong><\/p>\n<p>Na\u010delnik Op\u0161tine Dvor Nikola Arbutina izjavio je Hini da su svi u njegovoj op\u0161tini protiv zbrinjavanja radioaktivnog otpada u Dvoru.<\/p>\n<p><strong>&#8220;Op\u0161tinsko Vije\u0107e dvaput je reklo da je protiv, gra\u0111ani su rekli da su protiv i ja sam kao na\u010delnik protiv&#8221;,\u00a0<\/strong>poru\u010duje Arbutina.<\/p>\n<p>Ka\u017ee kako svaki gra\u0111anin u Dvoru, cijeloj Hrvatskoj i svijetu ima isti stav u vezi sa zbrinjavanjem radioaktivnog otpada, a on osobno smatra da se otpad treba zbrinuti na mjestu nastanka, u Nuklearnoj elektrani (NE) Kr\u0161ko.<\/p>\n<p>Arbutina isti\u010de da su u strategiji razvoja Op\u0161tine Dvor malo i srednje poduzetni\u0161tvo, ekolo\u0161ka poljoprivreda i turizam, pa za\u0161to svoj potencijal ne bi iskoristili za ekolo\u0161ke proizvode, koji su skuplji od konvencionalnih.<\/p>\n<p>Iako im obe\u0107avaju rentu, Arbutina pita ko \u0107e im platiti to \u0161to se ve\u0107 osam godina o njihovu podru\u010dju pri\u010da kao o mjestu za zbrinjavanje radioaktivnog otpada.<\/p>\n<p><strong>&#8220;Ko \u0107e kupiti vikendicu pored Une, ko \u0107e kupiti zemlji\u0161te ili ekolo\u0161ki proizvod?&#8221;<\/strong>\u00a0ogor\u010den je na\u010delnik Dvora.<\/p>\n<p><strong>Ministarstvo najavljuje dono\u0161enje Uredbe\u00a0<\/strong><\/p>\n<p>U me\u0111uvremenu, u Ministarstvu privrede i odr\u017eivog razvoja ne posustaju, nego nastavljaju aktivnosti kojima nastoje uvjeriti sve nevjerne Tome da centar ne\u0107e biti \u0161tetan za lokalno stanovni\u0161tvo i okolinu.<\/p>\n<p>Pro\u0161le je godine u Dvoru otvoren infocentar te drugi u Tehni\u010dkom muzeju u Zagrebu, provedeno je nekoliko konkursa za nevladine organizacije koje djeluju na podru\u010dju Dvora.<\/p>\n<p>Fond izdaje mjese\u010dne publikacije o svim novostima vezanim uz uspostavu centra, a zavr\u0161ena je i izrada agroekolo\u0161ke studije za podru\u010dje Dvora.<\/p>\n<p>U saradnji sa Zavodom za javno zdravstvo Sisa\u010dko-moslava\u010dke \u017eupanije u toku je provo\u0111enje niza preventivnih programa za mje\u0161tane Dvora, ka\u017eu u Ministarstvu i najavljuju skoro dono\u0161enje Uredbe o naknadi lokalnoj zajednici.<\/p>\n<p><strong>&#8220;Sve te aktivnosti dio su nastojanja Fonda za finansiranje razgradnje i zbrinjavanja radioaktivnog otpada i istro\u0161enoga nuklearnog goriva NE Kr\u0161ko da se pove\u0107a prihvatljivost projekta za lokalnu zajednicu. Vjerujemo da \u0107e u tom smislu pozitivan korak biti i skoro dono\u0161enje Uredbe o naknadi lokalnoj zajednici&#8221;<\/strong>, isti\u010du u Ministarstvu, prenosi Avaz.<\/p>\n","protected":false},"excerpt":{"rendered":"<p>Tokom 2025. godine planira se po\u010detak izgradnje Centra za zbrinjavanje radioaktivnog otpada u biv\u0161oj kasarni&hellip;<\/p>\n","protected":false},"author":4,"featured_media":208551,"comment_status":"open","ping_status":"closed","sticky":false,"template":"","format":"standard","meta":{"_acf_changed":false,"footnotes":""},"categories":[291],"tags":[4502],"acf":[],"yoast_head":"<!-- This site is optimized with the Yoast SEO plugin v23.5 - https:\/\/yoast.com\/wordpress\/plugins\/seo\/ -->\n<title>Hrvatska ne odustaje: Odre\u0111en datum po\u010detka odlaganja radioaktivnog otpada na Trgovskoj gori - TuzlaInfo.ba<\/title>\n<meta name=\"robots\" content=\"index, follow, max-snippet:-1, max-image-preview:large, max-video-preview:-1\" \/>\n<link rel=\"canonical\" href=\"https:\/\/tuzlainfo.ba\/index.php\/bosna-i-hercegovina\/item\/208550-hrvatska-ne-odustaje-odredjen-datum-pocetka-odlaganja-radioaktivnog-otpada-na-trgovskoj-gori\/\" \/>\n<meta property=\"og:locale\" content=\"bs_BA\" \/>\n<meta property=\"og:type\" content=\"article\" \/>\n<meta property=\"og:title\" content=\"Hrvatska ne odustaje: Odre\u0111en datum po\u010detka odlaganja radioaktivnog otpada na Trgovskoj gori - TuzlaInfo.ba\" \/>\n<meta property=\"og:description\" content=\"Tokom 2025. godine planira se po\u010detak izgradnje Centra za zbrinjavanje radioaktivnog otpada u biv\u0161oj kasarni&hellip;\" \/>\n<meta property=\"og:url\" content=\"https:\/\/tuzlainfo.ba\/index.php\/bosna-i-hercegovina\/item\/208550-hrvatska-ne-odustaje-odredjen-datum-pocetka-odlaganja-radioaktivnog-otpada-na-trgovskoj-gori\/\" \/>\n<meta property=\"og:site_name\" content=\"TuzlaInfo.ba\" \/>\n<meta property=\"article:publisher\" content=\"https:\/\/www.facebook.com\/tuzlainfo.ba\/\" \/>\n<meta property=\"article:published_time\" content=\"2023-06-25T15:30:56+00:00\" \/>\n<meta property=\"article:modified_time\" content=\"2023-06-25T11:54:54+00:00\" \/>\n<meta property=\"og:image\" content=\"https:\/\/tuzlainfo.ba\/wp-content\/uploads\/2023\/06\/trgovska-gora.jpg\" \/>\n\t<meta property=\"og:image:width\" content=\"852\" \/>\n\t<meta property=\"og:image:height\" content=\"416\" \/>\n\t<meta property=\"og:image:type\" content=\"image\/jpeg\" \/>\n<meta name=\"author\" content=\"Tuzla Info\" \/>\n<meta name=\"twitter:card\" content=\"summary_large_image\" \/>\n<meta name=\"twitter:label1\" content=\"Written by\" \/>\n\t<meta name=\"twitter:data1\" content=\"Tuzla Info\" \/>\n\t<meta name=\"twitter:label2\" content=\"Est. reading time\" \/>\n\t<meta name=\"twitter:data2\" content=\"5 minuta\" \/>\n<script type=\"application\/ld+json\" class=\"yoast-schema-graph\">{\"@context\":\"https:\/\/schema.org\",\"@graph\":[{\"@type\":\"Article\",\"@id\":\"https:\/\/tuzlainfo.ba\/index.php\/bosna-i-hercegovina\/item\/208550-hrvatska-ne-odustaje-odredjen-datum-pocetka-odlaganja-radioaktivnog-otpada-na-trgovskoj-gori\/#article\",\"isPartOf\":{\"@id\":\"https:\/\/tuzlainfo.ba\/index.php\/bosna-i-hercegovina\/item\/208550-hrvatska-ne-odustaje-odredjen-datum-pocetka-odlaganja-radioaktivnog-otpada-na-trgovskoj-gori\/\"},\"author\":{\"name\":\"Tuzla Info\",\"@id\":\"https:\/\/tuzlainfo.ba\/#\/schema\/person\/46cad4c57790cbc50781edd14870825a\"},\"headline\":\"Hrvatska ne odustaje: Odre\u0111en datum po\u010detka odlaganja radioaktivnog otpada na Trgovskoj gori\",\"datePublished\":\"2023-06-25T15:30:56+00:00\",\"dateModified\":\"2023-06-25T11:54:54+00:00\",\"mainEntityOfPage\":{\"@id\":\"https:\/\/tuzlainfo.ba\/index.php\/bosna-i-hercegovina\/item\/208550-hrvatska-ne-odustaje-odredjen-datum-pocetka-odlaganja-radioaktivnog-otpada-na-trgovskoj-gori\/\"},\"wordCount\":1009,\"commentCount\":0,\"publisher\":{\"@id\":\"https:\/\/tuzlainfo.ba\/#organization\"},\"image\":{\"@id\":\"https:\/\/tuzlainfo.ba\/index.php\/bosna-i-hercegovina\/item\/208550-hrvatska-ne-odustaje-odredjen-datum-pocetka-odlaganja-radioaktivnog-otpada-na-trgovskoj-gori\/#primaryimage\"},\"thumbnailUrl\":\"https:\/\/tuzlainfo.ba\/wp-content\/uploads\/2023\/06\/trgovska-gora.jpg\",\"keywords\":[\"trgovska gora\"],\"articleSection\":[\"Bosna i Hercegovina\"],\"inLanguage\":\"bs-BA\"},{\"@type\":\"WebPage\",\"@id\":\"https:\/\/tuzlainfo.ba\/index.php\/bosna-i-hercegovina\/item\/208550-hrvatska-ne-odustaje-odredjen-datum-pocetka-odlaganja-radioaktivnog-otpada-na-trgovskoj-gori\/\",\"url\":\"https:\/\/tuzlainfo.ba\/index.php\/bosna-i-hercegovina\/item\/208550-hrvatska-ne-odustaje-odredjen-datum-pocetka-odlaganja-radioaktivnog-otpada-na-trgovskoj-gori\/\",\"name\":\"Hrvatska ne odustaje: Odre\u0111en datum po\u010detka odlaganja radioaktivnog otpada na Trgovskoj gori - TuzlaInfo.ba\",\"isPartOf\":{\"@id\":\"https:\/\/tuzlainfo.ba\/#website\"},\"primaryImageOfPage\":{\"@id\":\"https:\/\/tuzlainfo.ba\/index.php\/bosna-i-hercegovina\/item\/208550-hrvatska-ne-odustaje-odredjen-datum-pocetka-odlaganja-radioaktivnog-otpada-na-trgovskoj-gori\/#primaryimage\"},\"image\":{\"@id\":\"https:\/\/tuzlainfo.ba\/index.php\/bosna-i-hercegovina\/item\/208550-hrvatska-ne-odustaje-odredjen-datum-pocetka-odlaganja-radioaktivnog-otpada-na-trgovskoj-gori\/#primaryimage\"},\"thumbnailUrl\":\"https:\/\/tuzlainfo.ba\/wp-content\/uploads\/2023\/06\/trgovska-gora.jpg\",\"datePublished\":\"2023-06-25T15:30:56+00:00\",\"dateModified\":\"2023-06-25T11:54:54+00:00\",\"breadcrumb\":{\"@id\":\"https:\/\/tuzlainfo.ba\/index.php\/bosna-i-hercegovina\/item\/208550-hrvatska-ne-odustaje-odredjen-datum-pocetka-odlaganja-radioaktivnog-otpada-na-trgovskoj-gori\/#breadcrumb\"},\"inLanguage\":\"bs-BA\",\"potentialAction\":[{\"@type\":\"ReadAction\",\"target\":[\"https:\/\/tuzlainfo.ba\/index.php\/bosna-i-hercegovina\/item\/208550-hrvatska-ne-odustaje-odredjen-datum-pocetka-odlaganja-radioaktivnog-otpada-na-trgovskoj-gori\/\"]}]},{\"@type\":\"ImageObject\",\"inLanguage\":\"bs-BA\",\"@id\":\"https:\/\/tuzlainfo.ba\/index.php\/bosna-i-hercegovina\/item\/208550-hrvatska-ne-odustaje-odredjen-datum-pocetka-odlaganja-radioaktivnog-otpada-na-trgovskoj-gori\/#primaryimage\",\"url\":\"https:\/\/tuzlainfo.ba\/wp-content\/uploads\/2023\/06\/trgovska-gora.jpg\",\"contentUrl\":\"https:\/\/tuzlainfo.ba\/wp-content\/uploads\/2023\/06\/trgovska-gora.jpg\",\"width\":852,\"height\":416},{\"@type\":\"BreadcrumbList\",\"@id\":\"https:\/\/tuzlainfo.ba\/index.php\/bosna-i-hercegovina\/item\/208550-hrvatska-ne-odustaje-odredjen-datum-pocetka-odlaganja-radioaktivnog-otpada-na-trgovskoj-gori\/#breadcrumb\",\"itemListElement\":[{\"@type\":\"ListItem\",\"position\":1,\"name\":\"Home\",\"item\":\"https:\/\/tuzlainfo.ba\/\"},{\"@type\":\"ListItem\",\"position\":2,\"name\":\"Hrvatska ne odustaje: Odre\u0111en datum po\u010detka odlaganja radioaktivnog otpada na Trgovskoj gori\"}]},{\"@type\":\"WebSite\",\"@id\":\"https:\/\/tuzlainfo.ba\/#website\",\"url\":\"https:\/\/tuzlainfo.ba\/\",\"name\":\"TuzlaInfo.ba\",\"description\":\"Tuzla info, gradski informator - Tuzla na dlanu\",\"publisher\":{\"@id\":\"https:\/\/tuzlainfo.ba\/#organization\"},\"potentialAction\":[{\"@type\":\"SearchAction\",\"target\":{\"@type\":\"EntryPoint\",\"urlTemplate\":\"https:\/\/tuzlainfo.ba\/?s={search_term_string}\"},\"query-input\":{\"@type\":\"PropertyValueSpecification\",\"valueRequired\":true,\"valueName\":\"search_term_string\"}}],\"inLanguage\":\"bs-BA\"},{\"@type\":\"Organization\",\"@id\":\"https:\/\/tuzlainfo.ba\/#organization\",\"name\":\"TuzlaInfo.ba\",\"url\":\"https:\/\/tuzlainfo.ba\/\",\"logo\":{\"@type\":\"ImageObject\",\"inLanguage\":\"bs-BA\",\"@id\":\"https:\/\/tuzlainfo.ba\/#\/schema\/logo\/image\/\",\"url\":\"https:\/\/tuzlainfo.ba\/wp-content\/uploads\/2021\/03\/logo-ver-3-1.png\",\"contentUrl\":\"https:\/\/tuzlainfo.ba\/wp-content\/uploads\/2021\/03\/logo-ver-3-1.png\",\"width\":350,\"height\":95,\"caption\":\"TuzlaInfo.ba\"},\"image\":{\"@id\":\"https:\/\/tuzlainfo.ba\/#\/schema\/logo\/image\/\"},\"sameAs\":[\"https:\/\/www.facebook.com\/tuzlainfo.ba\/\"]},{\"@type\":\"Person\",\"@id\":\"https:\/\/tuzlainfo.ba\/#\/schema\/person\/46cad4c57790cbc50781edd14870825a\",\"name\":\"Tuzla Info\",\"image\":{\"@type\":\"ImageObject\",\"inLanguage\":\"bs-BA\",\"@id\":\"https:\/\/tuzlainfo.ba\/#\/schema\/person\/image\/\",\"url\":\"https:\/\/tuzlainfo.ba\/wp-content\/litespeed\/avatar\/b6c453a6c38e3654f2e4416c643fc25c.jpg?ver=1777656712\",\"contentUrl\":\"https:\/\/tuzlainfo.ba\/wp-content\/litespeed\/avatar\/b6c453a6c38e3654f2e4416c643fc25c.jpg?ver=1777656712\",\"caption\":\"Tuzla Info\"}}]}<\/script>\n<!-- \/ Yoast SEO plugin. -->","yoast_head_json":{"title":"Hrvatska ne odustaje: Odre\u0111en datum po\u010detka odlaganja radioaktivnog otpada na Trgovskoj gori - TuzlaInfo.ba","robots":{"index":"index","follow":"follow","max-snippet":"max-snippet:-1","max-image-preview":"max-image-preview:large","max-video-preview":"max-video-preview:-1"},"canonical":"https:\/\/tuzlainfo.ba\/index.php\/bosna-i-hercegovina\/item\/208550-hrvatska-ne-odustaje-odredjen-datum-pocetka-odlaganja-radioaktivnog-otpada-na-trgovskoj-gori\/","og_locale":"bs_BA","og_type":"article","og_title":"Hrvatska ne odustaje: Odre\u0111en datum po\u010detka odlaganja radioaktivnog otpada na Trgovskoj gori - TuzlaInfo.ba","og_description":"Tokom 2025. godine planira se po\u010detak izgradnje Centra za zbrinjavanje radioaktivnog otpada u biv\u0161oj kasarni&hellip;","og_url":"https:\/\/tuzlainfo.ba\/index.php\/bosna-i-hercegovina\/item\/208550-hrvatska-ne-odustaje-odredjen-datum-pocetka-odlaganja-radioaktivnog-otpada-na-trgovskoj-gori\/","og_site_name":"TuzlaInfo.ba","article_publisher":"https:\/\/www.facebook.com\/tuzlainfo.ba\/","article_published_time":"2023-06-25T15:30:56+00:00","article_modified_time":"2023-06-25T11:54:54+00:00","og_image":[{"width":852,"height":416,"url":"https:\/\/tuzlainfo.ba\/wp-content\/uploads\/2023\/06\/trgovska-gora.jpg","type":"image\/jpeg"}],"author":"Tuzla Info","twitter_card":"summary_large_image","twitter_misc":{"Written by":"Tuzla Info","Est. reading time":"5 minuta"},"schema":{"@context":"https:\/\/schema.org","@graph":[{"@type":"Article","@id":"https:\/\/tuzlainfo.ba\/index.php\/bosna-i-hercegovina\/item\/208550-hrvatska-ne-odustaje-odredjen-datum-pocetka-odlaganja-radioaktivnog-otpada-na-trgovskoj-gori\/#article","isPartOf":{"@id":"https:\/\/tuzlainfo.ba\/index.php\/bosna-i-hercegovina\/item\/208550-hrvatska-ne-odustaje-odredjen-datum-pocetka-odlaganja-radioaktivnog-otpada-na-trgovskoj-gori\/"},"author":{"name":"Tuzla Info","@id":"https:\/\/tuzlainfo.ba\/#\/schema\/person\/46cad4c57790cbc50781edd14870825a"},"headline":"Hrvatska ne odustaje: Odre\u0111en datum po\u010detka odlaganja radioaktivnog otpada na Trgovskoj gori","datePublished":"2023-06-25T15:30:56+00:00","dateModified":"2023-06-25T11:54:54+00:00","mainEntityOfPage":{"@id":"https:\/\/tuzlainfo.ba\/index.php\/bosna-i-hercegovina\/item\/208550-hrvatska-ne-odustaje-odredjen-datum-pocetka-odlaganja-radioaktivnog-otpada-na-trgovskoj-gori\/"},"wordCount":1009,"commentCount":0,"publisher":{"@id":"https:\/\/tuzlainfo.ba\/#organization"},"image":{"@id":"https:\/\/tuzlainfo.ba\/index.php\/bosna-i-hercegovina\/item\/208550-hrvatska-ne-odustaje-odredjen-datum-pocetka-odlaganja-radioaktivnog-otpada-na-trgovskoj-gori\/#primaryimage"},"thumbnailUrl":"https:\/\/tuzlainfo.ba\/wp-content\/uploads\/2023\/06\/trgovska-gora.jpg","keywords":["trgovska gora"],"articleSection":["Bosna i Hercegovina"],"inLanguage":"bs-BA"},{"@type":"WebPage","@id":"https:\/\/tuzlainfo.ba\/index.php\/bosna-i-hercegovina\/item\/208550-hrvatska-ne-odustaje-odredjen-datum-pocetka-odlaganja-radioaktivnog-otpada-na-trgovskoj-gori\/","url":"https:\/\/tuzlainfo.ba\/index.php\/bosna-i-hercegovina\/item\/208550-hrvatska-ne-odustaje-odredjen-datum-pocetka-odlaganja-radioaktivnog-otpada-na-trgovskoj-gori\/","name":"Hrvatska ne odustaje: Odre\u0111en datum po\u010detka odlaganja radioaktivnog otpada na Trgovskoj gori - TuzlaInfo.ba","isPartOf":{"@id":"https:\/\/tuzlainfo.ba\/#website"},"primaryImageOfPage":{"@id":"https:\/\/tuzlainfo.ba\/index.php\/bosna-i-hercegovina\/item\/208550-hrvatska-ne-odustaje-odredjen-datum-pocetka-odlaganja-radioaktivnog-otpada-na-trgovskoj-gori\/#primaryimage"},"image":{"@id":"https:\/\/tuzlainfo.ba\/index.php\/bosna-i-hercegovina\/item\/208550-hrvatska-ne-odustaje-odredjen-datum-pocetka-odlaganja-radioaktivnog-otpada-na-trgovskoj-gori\/#primaryimage"},"thumbnailUrl":"https:\/\/tuzlainfo.ba\/wp-content\/uploads\/2023\/06\/trgovska-gora.jpg","datePublished":"2023-06-25T15:30:56+00:00","dateModified":"2023-06-25T11:54:54+00:00","breadcrumb":{"@id":"https:\/\/tuzlainfo.ba\/index.php\/bosna-i-hercegovina\/item\/208550-hrvatska-ne-odustaje-odredjen-datum-pocetka-odlaganja-radioaktivnog-otpada-na-trgovskoj-gori\/#breadcrumb"},"inLanguage":"bs-BA","potentialAction":[{"@type":"ReadAction","target":["https:\/\/tuzlainfo.ba\/index.php\/bosna-i-hercegovina\/item\/208550-hrvatska-ne-odustaje-odredjen-datum-pocetka-odlaganja-radioaktivnog-otpada-na-trgovskoj-gori\/"]}]},{"@type":"ImageObject","inLanguage":"bs-BA","@id":"https:\/\/tuzlainfo.ba\/index.php\/bosna-i-hercegovina\/item\/208550-hrvatska-ne-odustaje-odredjen-datum-pocetka-odlaganja-radioaktivnog-otpada-na-trgovskoj-gori\/#primaryimage","url":"https:\/\/tuzlainfo.ba\/wp-content\/uploads\/2023\/06\/trgovska-gora.jpg","contentUrl":"https:\/\/tuzlainfo.ba\/wp-content\/uploads\/2023\/06\/trgovska-gora.jpg","width":852,"height":416},{"@type":"BreadcrumbList","@id":"https:\/\/tuzlainfo.ba\/index.php\/bosna-i-hercegovina\/item\/208550-hrvatska-ne-odustaje-odredjen-datum-pocetka-odlaganja-radioaktivnog-otpada-na-trgovskoj-gori\/#breadcrumb","itemListElement":[{"@type":"ListItem","position":1,"name":"Home","item":"https:\/\/tuzlainfo.ba\/"},{"@type":"ListItem","position":2,"name":"Hrvatska ne odustaje: Odre\u0111en datum po\u010detka odlaganja radioaktivnog otpada na Trgovskoj gori"}]},{"@type":"WebSite","@id":"https:\/\/tuzlainfo.ba\/#website","url":"https:\/\/tuzlainfo.ba\/","name":"TuzlaInfo.ba","description":"Tuzla info, gradski informator - Tuzla na dlanu","publisher":{"@id":"https:\/\/tuzlainfo.ba\/#organization"},"potentialAction":[{"@type":"SearchAction","target":{"@type":"EntryPoint","urlTemplate":"https:\/\/tuzlainfo.ba\/?s={search_term_string}"},"query-input":{"@type":"PropertyValueSpecification","valueRequired":true,"valueName":"search_term_string"}}],"inLanguage":"bs-BA"},{"@type":"Organization","@id":"https:\/\/tuzlainfo.ba\/#organization","name":"TuzlaInfo.ba","url":"https:\/\/tuzlainfo.ba\/","logo":{"@type":"ImageObject","inLanguage":"bs-BA","@id":"https:\/\/tuzlainfo.ba\/#\/schema\/logo\/image\/","url":"https:\/\/tuzlainfo.ba\/wp-content\/uploads\/2021\/03\/logo-ver-3-1.png","contentUrl":"https:\/\/tuzlainfo.ba\/wp-content\/uploads\/2021\/03\/logo-ver-3-1.png","width":350,"height":95,"caption":"TuzlaInfo.ba"},"image":{"@id":"https:\/\/tuzlainfo.ba\/#\/schema\/logo\/image\/"},"sameAs":["https:\/\/www.facebook.com\/tuzlainfo.ba\/"]},{"@type":"Person","@id":"https:\/\/tuzlainfo.ba\/#\/schema\/person\/46cad4c57790cbc50781edd14870825a","name":"Tuzla Info","image":{"@type":"ImageObject","inLanguage":"bs-BA","@id":"https:\/\/tuzlainfo.ba\/#\/schema\/person\/image\/","url":"https:\/\/tuzlainfo.ba\/wp-content\/litespeed\/avatar\/b6c453a6c38e3654f2e4416c643fc25c.jpg?ver=1777656712","contentUrl":"https:\/\/tuzlainfo.ba\/wp-content\/litespeed\/avatar\/b6c453a6c38e3654f2e4416c643fc25c.jpg?ver=1777656712","caption":"Tuzla Info"}}]}},"_links":{"self":[{"href":"https:\/\/tuzlainfo.ba\/index.php\/wp-json\/wp\/v2\/posts\/208550"}],"collection":[{"href":"https:\/\/tuzlainfo.ba\/index.php\/wp-json\/wp\/v2\/posts"}],"about":[{"href":"https:\/\/tuzlainfo.ba\/index.php\/wp-json\/wp\/v2\/types\/post"}],"author":[{"embeddable":true,"href":"https:\/\/tuzlainfo.ba\/index.php\/wp-json\/wp\/v2\/users\/4"}],"replies":[{"embeddable":true,"href":"https:\/\/tuzlainfo.ba\/index.php\/wp-json\/wp\/v2\/comments?post=208550"}],"version-history":[{"count":0,"href":"https:\/\/tuzlainfo.ba\/index.php\/wp-json\/wp\/v2\/posts\/208550\/revisions"}],"wp:featuredmedia":[{"embeddable":true,"href":"https:\/\/tuzlainfo.ba\/index.php\/wp-json\/wp\/v2\/media\/208551"}],"wp:attachment":[{"href":"https:\/\/tuzlainfo.ba\/index.php\/wp-json\/wp\/v2\/media?parent=208550"}],"wp:term":[{"taxonomy":"category","embeddable":true,"href":"https:\/\/tuzlainfo.ba\/index.php\/wp-json\/wp\/v2\/categories?post=208550"},{"taxonomy":"post_tag","embeddable":true,"href":"https:\/\/tuzlainfo.ba\/index.php\/wp-json\/wp\/v2\/tags?post=208550"}],"curies":[{"name":"wp","href":"https:\/\/api.w.org\/{rel}","templated":true}]}}