{"id":208462,"date":"2023-06-24T15:07:16","date_gmt":"2023-06-24T13:07:16","guid":{"rendered":"https:\/\/tuzlainfo.ba\/?p=208462"},"modified":"2023-06-24T21:48:55","modified_gmt":"2023-06-24T19:48:55","slug":"2x-na-tusnju-odlucili-azmir-husic-na-celu-novog-upravnog-odbora-fk-sloboda","status":"publish","type":"post","link":"https:\/\/tuzlainfo.ba\/index.php\/novosti\/item\/208462-2x-na-tusnju-odlucili-azmir-husic-na-celu-novog-upravnog-odbora-fk-sloboda\/","title":{"rendered":"Na Tu\u0161nju odlu\u010dili: Azmir Husi\u0107 na \u010delu novog Upravnog odbora FK Sloboda"},"content":{"rendered":"<div class=\"x11i5rnm xat24cr x1mh8g0r x1vvkbs xtlvy1s x126k92a\">\n<p dir=\"auto\">Danas je potpisan Memorandum o razumijevanju izme\u0111u predstavnika FK Sloboda i Azmira Husi\u0107a.<\/p>\n<p>Kako su saop\u0161tili iz FK Sloboda, to zna\u010di da \u0107e se na prvoj narednoj Skup\u0161tini kluba imenovati novi upravni odbor sa osobama koje predlo\u017ei gospodin Husi\u0107.<\/p>\n<p>Postoje\u0107i saziv Skup\u0161tine \u0107e napustiti i pokloniti svoja upravlja\u010dka prava klubu pri \u010demu \u0107e se imenovati komisija od sedam \u010dlanova koja \u0107e popuniti novi saziv Skup\u0161tine.<\/p>\n<\/div>\n<p dir=\"auto\">Komisiju \u0107e \u010diniti : po jedan predstavnik RSD Sloboda, Grada Tuzla, UG Veterani FK Sloboda, UG Prijatelji FK Sloboda, navija\u010dke skupine Fukare Tuzla, FK Sloboda Tuzla, predstavnik Azmira Husi\u0107a.<\/p>\n<div class=\"x11i5rnm xat24cr x1mh8g0r x1vvkbs xtlvy1s x126k92a\">\n<p dir=\"auto\">&#8211; Na ovaj na\u010din zavr\u0161en je proces imenovanja novog klupskog rukovodstva kojem \u017eelimo mnogo sre\u0107e u predstoje\u0107em radu i nadolaze\u0107im izazovima &#8211; istakli su iz FK Sloboda.<\/p>\n<\/div>\n","protected":false},"excerpt":{"rendered":"<p>Danas je potpisan Memorandum o razumijevanju izme\u0111u predstavnika FK Sloboda i Azmira Husi\u0107a. Kako su&hellip;<\/p>\n","protected":false},"author":2,"featured_media":68026,"comment_status":"open","ping_status":"closed","sticky":false,"template":"","format":"standard","meta":{"_acf_changed":false,"footnotes":""},"categories":[304,12,306],"tags":[4807,466,915],"acf":[],"yoast_head":"<!-- This site is optimized with the Yoast SEO plugin v23.5 - https:\/\/yoast.com\/wordpress\/plugins\/seo\/ -->\n<title>Na Tu\u0161nju odlu\u010dili: Azmir Husi\u0107 na \u010delu novog Upravnog odbora FK Sloboda - TuzlaInfo.ba<\/title>\n<meta name=\"robots\" content=\"index, follow, max-snippet:-1, max-image-preview:large, max-video-preview:-1\" \/>\n<link rel=\"canonical\" href=\"https:\/\/tuzlainfo.ba\/index.php\/novosti\/item\/208462-2x-na-tusnju-odlucili-azmir-husic-na-celu-novog-upravnog-odbora-fk-sloboda\/\" \/>\n<meta property=\"og:locale\" content=\"bs_BA\" \/>\n<meta property=\"og:type\" content=\"article\" \/>\n<meta property=\"og:title\" content=\"Na Tu\u0161nju odlu\u010dili: Azmir Husi\u0107 na \u010delu novog Upravnog odbora FK Sloboda - TuzlaInfo.ba\" \/>\n<meta property=\"og:description\" content=\"Danas je potpisan Memorandum o razumijevanju izme\u0111u predstavnika FK Sloboda i Azmira Husi\u0107a. Kako su&hellip;\" \/>\n<meta property=\"og:url\" content=\"https:\/\/tuzlainfo.ba\/index.php\/novosti\/item\/208462-2x-na-tusnju-odlucili-azmir-husic-na-celu-novog-upravnog-odbora-fk-sloboda\/\" \/>\n<meta property=\"og:site_name\" content=\"TuzlaInfo.ba\" \/>\n<meta property=\"article:publisher\" content=\"https:\/\/www.facebook.com\/tuzlainfo.ba\/\" \/>\n<meta property=\"article:published_time\" content=\"2023-06-24T13:07:16+00:00\" \/>\n<meta property=\"article:modified_time\" content=\"2023-06-24T19:48:55+00:00\" \/>\n<meta property=\"og:image\" content=\"https:\/\/tuzlainfo.ba\/wp-content\/uploads\/2019\/02\/sadrzaj_2019_20190201_2502_husic.jpg\" \/>\n\t<meta property=\"og:image:width\" content=\"770\" \/>\n\t<meta property=\"og:image:height\" content=\"465\" \/>\n\t<meta property=\"og:image:type\" content=\"image\/jpeg\" \/>\n<meta name=\"author\" content=\"nedim\" \/>\n<meta name=\"twitter:card\" content=\"summary_large_image\" \/>\n<meta name=\"twitter:label1\" content=\"Written by\" \/>\n\t<meta name=\"twitter:data1\" content=\"nedim\" \/>\n\t<meta name=\"twitter:label2\" content=\"Est. reading time\" \/>\n\t<meta name=\"twitter:data2\" content=\"1 minuta\" \/>\n<script type=\"application\/ld+json\" class=\"yoast-schema-graph\">{\"@context\":\"https:\/\/schema.org\",\"@graph\":[{\"@type\":\"Article\",\"@id\":\"https:\/\/tuzlainfo.ba\/index.php\/novosti\/item\/208462-2x-na-tusnju-odlucili-azmir-husic-na-celu-novog-upravnog-odbora-fk-sloboda\/#article\",\"isPartOf\":{\"@id\":\"https:\/\/tuzlainfo.ba\/index.php\/novosti\/item\/208462-2x-na-tusnju-odlucili-azmir-husic-na-celu-novog-upravnog-odbora-fk-sloboda\/\"},\"author\":{\"name\":\"nedim\",\"@id\":\"https:\/\/tuzlainfo.ba\/#\/schema\/person\/f434e20dc27ea133923aab08451b7f7f\"},\"headline\":\"Na Tu\u0161nju odlu\u010dili: Azmir Husi\u0107 na \u010delu novog Upravnog odbora FK Sloboda\",\"datePublished\":\"2023-06-24T13:07:16+00:00\",\"dateModified\":\"2023-06-24T19:48:55+00:00\",\"mainEntityOfPage\":{\"@id\":\"https:\/\/tuzlainfo.ba\/index.php\/novosti\/item\/208462-2x-na-tusnju-odlucili-azmir-husic-na-celu-novog-upravnog-odbora-fk-sloboda\/\"},\"wordCount\":151,\"commentCount\":0,\"publisher\":{\"@id\":\"https:\/\/tuzlainfo.ba\/#organization\"},\"image\":{\"@id\":\"https:\/\/tuzlainfo.ba\/index.php\/novosti\/item\/208462-2x-na-tusnju-odlucili-azmir-husic-na-celu-novog-upravnog-odbora-fk-sloboda\/#primaryimage\"},\"thumbnailUrl\":\"https:\/\/tuzlainfo.ba\/wp-content\/uploads\/2019\/02\/sadrzaj_2019_20190201_2502_husic.jpg\",\"keywords\":[\"azmir husic\",\"fk sloboda\",\"sport\"],\"articleSection\":[\"Istaknuto\",\"Novosti\",\"Preporu\u010dujemo\"],\"inLanguage\":\"bs-BA\"},{\"@type\":\"WebPage\",\"@id\":\"https:\/\/tuzlainfo.ba\/index.php\/novosti\/item\/208462-2x-na-tusnju-odlucili-azmir-husic-na-celu-novog-upravnog-odbora-fk-sloboda\/\",\"url\":\"https:\/\/tuzlainfo.ba\/index.php\/novosti\/item\/208462-2x-na-tusnju-odlucili-azmir-husic-na-celu-novog-upravnog-odbora-fk-sloboda\/\",\"name\":\"Na Tu\u0161nju odlu\u010dili: Azmir Husi\u0107 na \u010delu novog Upravnog odbora FK Sloboda - TuzlaInfo.ba\",\"isPartOf\":{\"@id\":\"https:\/\/tuzlainfo.ba\/#website\"},\"primaryImageOfPage\":{\"@id\":\"https:\/\/tuzlainfo.ba\/index.php\/novosti\/item\/208462-2x-na-tusnju-odlucili-azmir-husic-na-celu-novog-upravnog-odbora-fk-sloboda\/#primaryimage\"},\"image\":{\"@id\":\"https:\/\/tuzlainfo.ba\/index.php\/novosti\/item\/208462-2x-na-tusnju-odlucili-azmir-husic-na-celu-novog-upravnog-odbora-fk-sloboda\/#primaryimage\"},\"thumbnailUrl\":\"https:\/\/tuzlainfo.ba\/wp-content\/uploads\/2019\/02\/sadrzaj_2019_20190201_2502_husic.jpg\",\"datePublished\":\"2023-06-24T13:07:16+00:00\",\"dateModified\":\"2023-06-24T19:48:55+00:00\",\"breadcrumb\":{\"@id\":\"https:\/\/tuzlainfo.ba\/index.php\/novosti\/item\/208462-2x-na-tusnju-odlucili-azmir-husic-na-celu-novog-upravnog-odbora-fk-sloboda\/#breadcrumb\"},\"inLanguage\":\"bs-BA\",\"potentialAction\":[{\"@type\":\"ReadAction\",\"target\":[\"https:\/\/tuzlainfo.ba\/index.php\/novosti\/item\/208462-2x-na-tusnju-odlucili-azmir-husic-na-celu-novog-upravnog-odbora-fk-sloboda\/\"]}]},{\"@type\":\"ImageObject\",\"inLanguage\":\"bs-BA\",\"@id\":\"https:\/\/tuzlainfo.ba\/index.php\/novosti\/item\/208462-2x-na-tusnju-odlucili-azmir-husic-na-celu-novog-upravnog-odbora-fk-sloboda\/#primaryimage\",\"url\":\"https:\/\/tuzlainfo.ba\/wp-content\/uploads\/2019\/02\/sadrzaj_2019_20190201_2502_husic.jpg\",\"contentUrl\":\"https:\/\/tuzlainfo.ba\/wp-content\/uploads\/2019\/02\/sadrzaj_2019_20190201_2502_husic.jpg\",\"width\":770,\"height\":465,\"caption\":\"2502 husic\"},{\"@type\":\"BreadcrumbList\",\"@id\":\"https:\/\/tuzlainfo.ba\/index.php\/novosti\/item\/208462-2x-na-tusnju-odlucili-azmir-husic-na-celu-novog-upravnog-odbora-fk-sloboda\/#breadcrumb\",\"itemListElement\":[{\"@type\":\"ListItem\",\"position\":1,\"name\":\"Home\",\"item\":\"https:\/\/tuzlainfo.ba\/\"},{\"@type\":\"ListItem\",\"position\":2,\"name\":\"Na Tu\u0161nju odlu\u010dili: Azmir Husi\u0107 na \u010delu novog Upravnog odbora FK Sloboda\"}]},{\"@type\":\"WebSite\",\"@id\":\"https:\/\/tuzlainfo.ba\/#website\",\"url\":\"https:\/\/tuzlainfo.ba\/\",\"name\":\"TuzlaInfo.ba\",\"description\":\"Tuzla info, gradski informator - Tuzla na dlanu\",\"publisher\":{\"@id\":\"https:\/\/tuzlainfo.ba\/#organization\"},\"potentialAction\":[{\"@type\":\"SearchAction\",\"target\":{\"@type\":\"EntryPoint\",\"urlTemplate\":\"https:\/\/tuzlainfo.ba\/?s={search_term_string}\"},\"query-input\":{\"@type\":\"PropertyValueSpecification\",\"valueRequired\":true,\"valueName\":\"search_term_string\"}}],\"inLanguage\":\"bs-BA\"},{\"@type\":\"Organization\",\"@id\":\"https:\/\/tuzlainfo.ba\/#organization\",\"name\":\"TuzlaInfo.ba\",\"url\":\"https:\/\/tuzlainfo.ba\/\",\"logo\":{\"@type\":\"ImageObject\",\"inLanguage\":\"bs-BA\",\"@id\":\"https:\/\/tuzlainfo.ba\/#\/schema\/logo\/image\/\",\"url\":\"https:\/\/tuzlainfo.ba\/wp-content\/uploads\/2021\/03\/logo-ver-3-1.png\",\"contentUrl\":\"https:\/\/tuzlainfo.ba\/wp-content\/uploads\/2021\/03\/logo-ver-3-1.png\",\"width\":350,\"height\":95,\"caption\":\"TuzlaInfo.ba\"},\"image\":{\"@id\":\"https:\/\/tuzlainfo.ba\/#\/schema\/logo\/image\/\"},\"sameAs\":[\"https:\/\/www.facebook.com\/tuzlainfo.ba\/\"]},{\"@type\":\"Person\",\"@id\":\"https:\/\/tuzlainfo.ba\/#\/schema\/person\/f434e20dc27ea133923aab08451b7f7f\",\"name\":\"nedim\",\"image\":{\"@type\":\"ImageObject\",\"inLanguage\":\"bs-BA\",\"@id\":\"https:\/\/tuzlainfo.ba\/#\/schema\/person\/image\/\",\"url\":\"https:\/\/tuzlainfo.ba\/wp-content\/litespeed\/avatar\/aabad687af24844af817603ac1cbdc4f.jpg?ver=1776702173\",\"contentUrl\":\"https:\/\/tuzlainfo.ba\/wp-content\/litespeed\/avatar\/aabad687af24844af817603ac1cbdc4f.jpg?ver=1776702173\",\"caption\":\"nedim\"},\"description\":\"Tuzlainfo.ba pratite na dru\u0161tvenim mre\u017eama: Facebook, Instagram i Youtube. Svoje pri\u010de, upite i fotografije \u0161aljite na na\u0161u e-mail adresu.\"}]}<\/script>\n<!-- \/ Yoast SEO plugin. -->","yoast_head_json":{"title":"Na Tu\u0161nju odlu\u010dili: Azmir Husi\u0107 na \u010delu novog Upravnog odbora FK Sloboda - TuzlaInfo.ba","robots":{"index":"index","follow":"follow","max-snippet":"max-snippet:-1","max-image-preview":"max-image-preview:large","max-video-preview":"max-video-preview:-1"},"canonical":"https:\/\/tuzlainfo.ba\/index.php\/novosti\/item\/208462-2x-na-tusnju-odlucili-azmir-husic-na-celu-novog-upravnog-odbora-fk-sloboda\/","og_locale":"bs_BA","og_type":"article","og_title":"Na Tu\u0161nju odlu\u010dili: Azmir Husi\u0107 na \u010delu novog Upravnog odbora FK Sloboda - TuzlaInfo.ba","og_description":"Danas je potpisan Memorandum o razumijevanju izme\u0111u predstavnika FK Sloboda i Azmira Husi\u0107a. Kako su&hellip;","og_url":"https:\/\/tuzlainfo.ba\/index.php\/novosti\/item\/208462-2x-na-tusnju-odlucili-azmir-husic-na-celu-novog-upravnog-odbora-fk-sloboda\/","og_site_name":"TuzlaInfo.ba","article_publisher":"https:\/\/www.facebook.com\/tuzlainfo.ba\/","article_published_time":"2023-06-24T13:07:16+00:00","article_modified_time":"2023-06-24T19:48:55+00:00","og_image":[{"width":770,"height":465,"url":"https:\/\/tuzlainfo.ba\/wp-content\/uploads\/2019\/02\/sadrzaj_2019_20190201_2502_husic.jpg","type":"image\/jpeg"}],"author":"nedim","twitter_card":"summary_large_image","twitter_misc":{"Written by":"nedim","Est. reading time":"1 minuta"},"schema":{"@context":"https:\/\/schema.org","@graph":[{"@type":"Article","@id":"https:\/\/tuzlainfo.ba\/index.php\/novosti\/item\/208462-2x-na-tusnju-odlucili-azmir-husic-na-celu-novog-upravnog-odbora-fk-sloboda\/#article","isPartOf":{"@id":"https:\/\/tuzlainfo.ba\/index.php\/novosti\/item\/208462-2x-na-tusnju-odlucili-azmir-husic-na-celu-novog-upravnog-odbora-fk-sloboda\/"},"author":{"name":"nedim","@id":"https:\/\/tuzlainfo.ba\/#\/schema\/person\/f434e20dc27ea133923aab08451b7f7f"},"headline":"Na Tu\u0161nju odlu\u010dili: Azmir Husi\u0107 na \u010delu novog Upravnog odbora FK Sloboda","datePublished":"2023-06-24T13:07:16+00:00","dateModified":"2023-06-24T19:48:55+00:00","mainEntityOfPage":{"@id":"https:\/\/tuzlainfo.ba\/index.php\/novosti\/item\/208462-2x-na-tusnju-odlucili-azmir-husic-na-celu-novog-upravnog-odbora-fk-sloboda\/"},"wordCount":151,"commentCount":0,"publisher":{"@id":"https:\/\/tuzlainfo.ba\/#organization"},"image":{"@id":"https:\/\/tuzlainfo.ba\/index.php\/novosti\/item\/208462-2x-na-tusnju-odlucili-azmir-husic-na-celu-novog-upravnog-odbora-fk-sloboda\/#primaryimage"},"thumbnailUrl":"https:\/\/tuzlainfo.ba\/wp-content\/uploads\/2019\/02\/sadrzaj_2019_20190201_2502_husic.jpg","keywords":["azmir husic","fk sloboda","sport"],"articleSection":["Istaknuto","Novosti","Preporu\u010dujemo"],"inLanguage":"bs-BA"},{"@type":"WebPage","@id":"https:\/\/tuzlainfo.ba\/index.php\/novosti\/item\/208462-2x-na-tusnju-odlucili-azmir-husic-na-celu-novog-upravnog-odbora-fk-sloboda\/","url":"https:\/\/tuzlainfo.ba\/index.php\/novosti\/item\/208462-2x-na-tusnju-odlucili-azmir-husic-na-celu-novog-upravnog-odbora-fk-sloboda\/","name":"Na Tu\u0161nju odlu\u010dili: Azmir Husi\u0107 na \u010delu novog Upravnog odbora FK Sloboda - TuzlaInfo.ba","isPartOf":{"@id":"https:\/\/tuzlainfo.ba\/#website"},"primaryImageOfPage":{"@id":"https:\/\/tuzlainfo.ba\/index.php\/novosti\/item\/208462-2x-na-tusnju-odlucili-azmir-husic-na-celu-novog-upravnog-odbora-fk-sloboda\/#primaryimage"},"image":{"@id":"https:\/\/tuzlainfo.ba\/index.php\/novosti\/item\/208462-2x-na-tusnju-odlucili-azmir-husic-na-celu-novog-upravnog-odbora-fk-sloboda\/#primaryimage"},"thumbnailUrl":"https:\/\/tuzlainfo.ba\/wp-content\/uploads\/2019\/02\/sadrzaj_2019_20190201_2502_husic.jpg","datePublished":"2023-06-24T13:07:16+00:00","dateModified":"2023-06-24T19:48:55+00:00","breadcrumb":{"@id":"https:\/\/tuzlainfo.ba\/index.php\/novosti\/item\/208462-2x-na-tusnju-odlucili-azmir-husic-na-celu-novog-upravnog-odbora-fk-sloboda\/#breadcrumb"},"inLanguage":"bs-BA","potentialAction":[{"@type":"ReadAction","target":["https:\/\/tuzlainfo.ba\/index.php\/novosti\/item\/208462-2x-na-tusnju-odlucili-azmir-husic-na-celu-novog-upravnog-odbora-fk-sloboda\/"]}]},{"@type":"ImageObject","inLanguage":"bs-BA","@id":"https:\/\/tuzlainfo.ba\/index.php\/novosti\/item\/208462-2x-na-tusnju-odlucili-azmir-husic-na-celu-novog-upravnog-odbora-fk-sloboda\/#primaryimage","url":"https:\/\/tuzlainfo.ba\/wp-content\/uploads\/2019\/02\/sadrzaj_2019_20190201_2502_husic.jpg","contentUrl":"https:\/\/tuzlainfo.ba\/wp-content\/uploads\/2019\/02\/sadrzaj_2019_20190201_2502_husic.jpg","width":770,"height":465,"caption":"2502 husic"},{"@type":"BreadcrumbList","@id":"https:\/\/tuzlainfo.ba\/index.php\/novosti\/item\/208462-2x-na-tusnju-odlucili-azmir-husic-na-celu-novog-upravnog-odbora-fk-sloboda\/#breadcrumb","itemListElement":[{"@type":"ListItem","position":1,"name":"Home","item":"https:\/\/tuzlainfo.ba\/"},{"@type":"ListItem","position":2,"name":"Na Tu\u0161nju odlu\u010dili: Azmir Husi\u0107 na \u010delu novog Upravnog odbora FK Sloboda"}]},{"@type":"WebSite","@id":"https:\/\/tuzlainfo.ba\/#website","url":"https:\/\/tuzlainfo.ba\/","name":"TuzlaInfo.ba","description":"Tuzla info, gradski informator - Tuzla na dlanu","publisher":{"@id":"https:\/\/tuzlainfo.ba\/#organization"},"potentialAction":[{"@type":"SearchAction","target":{"@type":"EntryPoint","urlTemplate":"https:\/\/tuzlainfo.ba\/?s={search_term_string}"},"query-input":{"@type":"PropertyValueSpecification","valueRequired":true,"valueName":"search_term_string"}}],"inLanguage":"bs-BA"},{"@type":"Organization","@id":"https:\/\/tuzlainfo.ba\/#organization","name":"TuzlaInfo.ba","url":"https:\/\/tuzlainfo.ba\/","logo":{"@type":"ImageObject","inLanguage":"bs-BA","@id":"https:\/\/tuzlainfo.ba\/#\/schema\/logo\/image\/","url":"https:\/\/tuzlainfo.ba\/wp-content\/uploads\/2021\/03\/logo-ver-3-1.png","contentUrl":"https:\/\/tuzlainfo.ba\/wp-content\/uploads\/2021\/03\/logo-ver-3-1.png","width":350,"height":95,"caption":"TuzlaInfo.ba"},"image":{"@id":"https:\/\/tuzlainfo.ba\/#\/schema\/logo\/image\/"},"sameAs":["https:\/\/www.facebook.com\/tuzlainfo.ba\/"]},{"@type":"Person","@id":"https:\/\/tuzlainfo.ba\/#\/schema\/person\/f434e20dc27ea133923aab08451b7f7f","name":"nedim","image":{"@type":"ImageObject","inLanguage":"bs-BA","@id":"https:\/\/tuzlainfo.ba\/#\/schema\/person\/image\/","url":"https:\/\/tuzlainfo.ba\/wp-content\/litespeed\/avatar\/aabad687af24844af817603ac1cbdc4f.jpg?ver=1776702173","contentUrl":"https:\/\/tuzlainfo.ba\/wp-content\/litespeed\/avatar\/aabad687af24844af817603ac1cbdc4f.jpg?ver=1776702173","caption":"nedim"},"description":"Tuzlainfo.ba pratite na dru\u0161tvenim mre\u017eama: Facebook, Instagram i Youtube. Svoje pri\u010de, upite i fotografije \u0161aljite na na\u0161u e-mail adresu."}]}},"_links":{"self":[{"href":"https:\/\/tuzlainfo.ba\/index.php\/wp-json\/wp\/v2\/posts\/208462"}],"collection":[{"href":"https:\/\/tuzlainfo.ba\/index.php\/wp-json\/wp\/v2\/posts"}],"about":[{"href":"https:\/\/tuzlainfo.ba\/index.php\/wp-json\/wp\/v2\/types\/post"}],"author":[{"embeddable":true,"href":"https:\/\/tuzlainfo.ba\/index.php\/wp-json\/wp\/v2\/users\/2"}],"replies":[{"embeddable":true,"href":"https:\/\/tuzlainfo.ba\/index.php\/wp-json\/wp\/v2\/comments?post=208462"}],"version-history":[{"count":0,"href":"https:\/\/tuzlainfo.ba\/index.php\/wp-json\/wp\/v2\/posts\/208462\/revisions"}],"wp:featuredmedia":[{"embeddable":true,"href":"https:\/\/tuzlainfo.ba\/index.php\/wp-json\/wp\/v2\/media\/68026"}],"wp:attachment":[{"href":"https:\/\/tuzlainfo.ba\/index.php\/wp-json\/wp\/v2\/media?parent=208462"}],"wp:term":[{"taxonomy":"category","embeddable":true,"href":"https:\/\/tuzlainfo.ba\/index.php\/wp-json\/wp\/v2\/categories?post=208462"},{"taxonomy":"post_tag","embeddable":true,"href":"https:\/\/tuzlainfo.ba\/index.php\/wp-json\/wp\/v2\/tags?post=208462"}],"curies":[{"name":"wp","href":"https:\/\/api.w.org\/{rel}","templated":true}]}}