{"id":208435,"date":"2023-06-24T11:02:30","date_gmt":"2023-06-24T09:02:30","guid":{"rendered":"https:\/\/tuzlainfo.ba\/?p=208435"},"modified":"2023-06-24T11:04:05","modified_gmt":"2023-06-24T09:04:05","slug":"sarajevo-danas-cetvrta-bh-povorka-ponosa-saobracaj-obustavljen-u-25-ulica","status":"publish","type":"post","link":"https:\/\/tuzlainfo.ba\/index.php\/bosna-i-hercegovina\/item\/208435-sarajevo-danas-cetvrta-bh-povorka-ponosa-saobracaj-obustavljen-u-25-ulica\/","title":{"rendered":"Sarajevo: Danas \u010detvrta &#8220;BH povorka ponosa&#8221;, saobra\u0107aj obustavljen u 25 ulica"},"content":{"rendered":"<p>U Sarajevu \u0107e danas biti odr\u017eana \u010detvrta &#8220;BH povorka ponosa&#8221;.<\/p>\n<p>\u0160etnja pripadnika LGBT+ zajednice planirana je od Historijskog muzeja, gdje je planirano okupljanje u\u010desnika od 16 do 18 sati, do Narodnog pozori\u0161ta, odnosno Trga Susan Sontag. Program ispred Narodnog pozori\u0161ta je planiran u trajanju od 19 do 21 sat.<\/p>\n<div class=\"post-content post-content-holder\">\n<p>Na zahtjev Organizacionog odbora &#8220;BH povorke ponosa&#8221;, Ministarstvo saobra\u0107aja Kantona Sarajevo dalo je saglasnost za privremenu potpunu izmjenu saobra\u0107aja na saobra\u0107ajnicama u Kantonu Sarajevo. Regulaciju saobra\u0107aja vr\u0161it \u0107e pripadnici Uprave policije MUP-a Kantona Sarajevo u vremenu od 16 do 21 sat.<\/p>\n<p>Kako je najavila sarajevska policija, do\u0107i \u0107e do privremene potpune obustave saobra\u0107aja u ulicama: Zmaja od Bosne, Franje Ra\u010dkog, Koste Hermana, Vrbanja, Fra An\u0111ela Zvizdovi\u0107a, Hiseta, Hamida Dizdara, Kalmija Baruha, Turhanija, \u0110oke Mazali\u0107a, Vrazova, Mar\u0161ala Tita, Hamze Hume, most Skenderija, Valtera Peri\u0107a, Obala Kulina Bana, Reisa D\u017eemaludina \u010cau\u0161evi\u0107a, Musala, La Benevolencija, Jadranska, \u0160enoina, Kulovi\u0107a, \u010cobanija, Zelenih beretki, Branilaca Sarajeva i \u0106emalu\u0161a.<\/p>\n<p><strong>Privremena izmjena re\u017eima saobra\u0107aja bit \u0107e provedena na sljede\u0107i na\u010din:<\/strong><\/p>\n<div id=\"oa-360-1687596799235_bkz91wf4h\" data-dest=\"placeholder\">\n<div id=\"oa-360-1687596799236_3q3xds92a\">\n<div id=\"oa-360-1687596799236_w9ywdinef\">\n<div id=\"oa-360-1687596799237_3bpifxxm8\">\n<div id=\"oa-360-1687596799238_asuieatfj\" data-google-query-id=\"CN_imqXE2_8CFa-Q_QcdWs0Mqw\">\n<p>Zmaja od Bosne \u2013 zabrana motornog saobra\u0107aja od spoja sa ulicom Hamdije \u010cemerli\u0107a do spoja s ulicom Hiseta i od spoja s ulicom Mar\u0161ala<\/p>\n<p>Tita do spoja s I transverzalom;<\/p>\n<p>Franje Ra\u010dkog \u2013 od spoja s ulicom Zmaja od Bosne do spoja s ulicom Koste Hermana;<\/p>\n<p>Koste Hermana \u2013 od pje\u0161a\u010dke staze do ulaza u Filozofski fakultet;<\/p>\n<p>Vrbanja \u2013 od spoja s ulicom Vilsonovo \u0161etali\u0161te do spoja s ulicom Zmaja od Bosne;<\/p>\n<p>Fra An\u0111ela Zvizdovi\u0107a \u2013 od spoja s ulicom Kranj\u010devi\u0107eva do spoja s ulicom Zmaja od Bosne;<\/p>\n<p>Hiseta \u2013 od spoja s ulicom Zmaja od Bosne do spoja s ulicom Hamze Hume;<\/p>\n<p>Hamida Dizdara \u2013 od spoja s ulicom Valtera Peri\u0107a do spoja s ulicom Hiseta;<\/p>\n<p>Kalmija Baruha \u2013 od spoja s ulicom Hiseta do spoja s ulicom Kotromani\u0107a;<\/p>\n<p>Turhanija \u2013 od spoja s ulicom Valtera Peri\u0107a do spoja s ulicom Hiseta;<\/p>\n<p>\u0110oke Mazali\u0107a \u2013 od spoja s ulicom Valtera Peri\u0107a do spoja s ulicom Hiseta;<\/p>\n<p>Vrazova \u2013 od spoja s ulicom Valtera Peri\u0107a do spoja s ulicom Hiseta;<\/p>\n<p>Mar\u0161ala Tita \u2013 od spoja s ulicom Alipa\u0161ina do spoja s ulicom Hiseta;<\/p>\n<p>Most Skenderija \u2013 od spoja s ulicom Terezija do spoja s ulicom Obala Kulina Bana;<\/p>\n<p>Valtera Peri\u0107a \u2013 plato prostor ispred Raiffeisen banke;<\/p>\n<p>Obala Kulina Bana \u2013 od spoja s ulicom Hiseta, \u0106umurija, zabrana skretanja ulijevo na raskrsnici s ulicom \u0106umurija \u2013 osim stanara, zabrana skretanja ulijevo u raskrsnici s ulicom Had\u017eiristi\u0107a \u2013 osim stanara i zabrana skretanja ulijevo na raskrsnici s ulicom Zelenih beretki \u2013 osim stanara;<\/p>\n<p>Reisa D\u017eemaludina \u010cau\u0161evi\u0107a \u2013 od spoja s ulicom Mis Irbina do spoja s ulicom Obala Kulina Bana, od spoja s ulicom Obala Kulina Bana prema ulici Mis Irbina u du\u017eini od 15 metara;<\/p>\n<p>Musala \u2013 od spoja s ulicom Obala Kulina Bana prema ulici Mis Irbina u du\u017eini od 15 metara;<\/p>\n<p>La Benevolencija \u2013 od spoja s ulicom Obala Kulina Bana prema ulici Mis Irbina u du\u017eini od 15 metara;<\/p>\n<p>Jadranska \u2013 od spoja s ulicom Obala Kulina Bana prema gara\u017ei Jadranka u du\u017eini od 15 metara;<\/p>\n<p>\u0160enoina \u2013 od spoja s ulicom Obala Kulina Bana prema ulici Branilaca Sarajeva u du\u017eini od 15 metara;<\/p>\n<p>Kulovi\u0107a \u2013 od spoja s ulicom Obala Kulina Bana do spoja s ulicom Branilaca Sarajeva;<\/p>\n<p>\u010cobanija \u2013 od spoja s ulicom Hamdije Kre\u0161evljakovi\u0107a do spoja s ulicom Obala Kulina Bana;<\/p>\n<p>Zelenih beretki \u2013 od spoja s ulicom \u0106umurija do spoja s ulicom Branilaca Sarajeva \u2013 osim stanara;<\/p>\n<p>Branilaca Sarajeva \u2013 od spoja s ulicom Zelenih beretki do spoja s ulicom Kulovi\u0107a \u2013 osim stanara;<\/p>\n<p>\u0106emalu\u0161a \u2013 od spoja s ulicom Branilaca Sarajeva do spoja s ulicom Mula Mustafe Ba\u0161eskije.<\/p>\n<p><strong>Alternativni pravci odvijanja saobra\u0107aja:<\/strong><\/p>\n<p>Pravac Istok \u2013 Zapad: Mar\u0161ala Tita, Kranj\u010devi\u0107eva, Put \u017eivota, Hamdije \u010cemerli\u0107a, Zmaja od Bosne;<\/p>\n<p>Pravac Zapad \u2013 Istok: Zmaja od Bosne, Hamdije \u010cemerli\u0107a, Zagreba\u010dka, Terezija, Skenderija, Hamdije Kre\u0161evljakovi\u0107a, \u0106umurija, Obala Kulina Bana;<\/p>\n<p>Pravac Jug \u2013 Sjever: Zmaja od Bosne, Hamdije \u010cemerli\u0107a, Zagreba\u010dka, Terezija, Skenderija, Hamdije Kre\u0161evljakovi\u0107a, \u0106umurija, Obala<\/p>\n<p>Kulina Bana, Telali, Mula Mustafe Ba\u0161eskije, Mar\u0161ala Tita, Alipa\u0161ina;<\/p>\n<p>Pravac Sjever \u2013 Jug: Alipa\u0161ina, Kranj\u010devi\u0107eva, Put \u017eivota, Hamdije \u010cemerli\u0107a, Zagreba\u010dka, Terezija, Skenderija, Hamdije Kre\u0161evljakovi\u0107a, \u0106umurija, Obala Kulina Bana.<\/p>\n<p>Iz MUP-a KS su apelovali na sve u\u010desnike u saobra\u0107aju da po\u0161tuju nare\u0111enja ovla\u0161tenih slu\u017ebenih osoba u vrijeme realizacije ovih aktivnosti.<\/p>\n<p><strong>Izmjena re\u017eima javnog saobra\u0107aja<\/strong><\/p>\n<p>Iz GRAS-a je saop\u0107eno kako od 16 do 21 sat trolejbuske linije 102 Otoka &#8211; Jezero i 107 Dobrinja &#8211; Jezero ne\u0107e biti u funkciji, odnosno vozila na tim linija preusmjeravat \u0107e se na terminal Trg Austrije.<\/p>\n<p>Autobuska linija 31e Vije\u0107nica &#8211; Dobrinja mijenjat \u0107e polazni terminal i dijelom trasu, te \u0107e polaziti sa terminala Trg Austrije, a na relaciji od Pofali\u0107a do Trg Austrije u oba pravca saobra\u0107at \u0107e trolejbuskom trasom.<\/p>\n<p>Autobuska linija 41 Drvenija &#8211; G.Vele\u0161i\u0107i mijenjat \u0107e polazni terminal i umjesto sa Drvenije polazit \u0107e sa \u017deljezni\u010dke stanice.<\/p>\n<p>Autobuska linija 16b Dom Armije &#8211; Ko\u0161evsko Brdo i minibuska linija 74 Park &#8211; Sedrenik mijenjat \u0107e polazni terminal i polazit \u0107e sa terminala Sutjeska.<\/p>\n<p>Autobuska linija 23a \u017deljezni\u010dka stanica &#8211; Reljevo Dom &#8211; Dobro\u0161evi\u0107i dijelimi\u010dno \u0107e mijenjati trasu i saobra\u0107at \u0107e ulicom Put \u017eivota u oba pravca.<\/p>\n<p>Privremenu obustavu saobra\u0107aja, za vrijeme prolaska kolone u\u010desnika manifestacije, vr\u0161it \u0107e pripadnici MUP-a KS, a prestankom razloga za obustavu saobra\u0107aja uspostavit \u0107e se redovan re\u017eim rada.<\/p>\n<\/div>\n<\/div>\n<\/div>\n<\/div>\n<\/div>\n<\/div>\n","protected":false},"excerpt":{"rendered":"<p>U Sarajevu \u0107e danas biti odr\u017eana \u010detvrta &#8220;BH povorka ponosa&#8221;. \u0160etnja pripadnika LGBT+ zajednice planirana&hellip;<\/p>\n","protected":false},"author":2,"featured_media":208436,"comment_status":"open","ping_status":"closed","sticky":false,"template":"","format":"standard","meta":{"_acf_changed":false,"footnotes":""},"categories":[291],"tags":[1686,1913,43],"acf":[],"yoast_head":"<!-- This site is optimized with the Yoast SEO plugin v23.5 - https:\/\/yoast.com\/wordpress\/plugins\/seo\/ -->\n<title>Sarajevo: Danas \u010detvrta &quot;BH povorka ponosa&quot;, saobra\u0107aj obustavljen u 25 ulica - TuzlaInfo.ba<\/title>\n<meta name=\"robots\" content=\"index, follow, max-snippet:-1, max-image-preview:large, max-video-preview:-1\" \/>\n<link rel=\"canonical\" href=\"https:\/\/tuzlainfo.ba\/index.php\/bosna-i-hercegovina\/item\/208435-sarajevo-danas-cetvrta-bh-povorka-ponosa-saobracaj-obustavljen-u-25-ulica\/\" \/>\n<meta property=\"og:locale\" content=\"bs_BA\" \/>\n<meta property=\"og:type\" content=\"article\" \/>\n<meta property=\"og:title\" content=\"Sarajevo: Danas \u010detvrta &quot;BH povorka ponosa&quot;, saobra\u0107aj obustavljen u 25 ulica - TuzlaInfo.ba\" \/>\n<meta property=\"og:description\" content=\"U Sarajevu \u0107e danas biti odr\u017eana \u010detvrta &#8220;BH povorka ponosa&#8221;. \u0160etnja pripadnika LGBT+ zajednice planirana&hellip;\" \/>\n<meta property=\"og:url\" content=\"https:\/\/tuzlainfo.ba\/index.php\/bosna-i-hercegovina\/item\/208435-sarajevo-danas-cetvrta-bh-povorka-ponosa-saobracaj-obustavljen-u-25-ulica\/\" \/>\n<meta property=\"og:site_name\" content=\"TuzlaInfo.ba\" \/>\n<meta property=\"article:publisher\" content=\"https:\/\/www.facebook.com\/tuzlainfo.ba\/\" \/>\n<meta property=\"article:published_time\" content=\"2023-06-24T09:02:30+00:00\" \/>\n<meta property=\"article:modified_time\" content=\"2023-06-24T09:04:05+00:00\" \/>\n<meta property=\"og:image\" content=\"https:\/\/tuzlainfo.ba\/wp-content\/uploads\/2023\/06\/2406_lgbt_povroka_parada.jpg\" \/>\n\t<meta property=\"og:image:width\" content=\"1000\" \/>\n\t<meta property=\"og:image:height\" content=\"562\" \/>\n\t<meta property=\"og:image:type\" content=\"image\/jpeg\" \/>\n<meta name=\"author\" content=\"nedim\" \/>\n<meta name=\"twitter:card\" content=\"summary_large_image\" \/>\n<meta name=\"twitter:label1\" content=\"Written by\" \/>\n\t<meta name=\"twitter:data1\" content=\"nedim\" \/>\n\t<meta name=\"twitter:label2\" content=\"Est. reading time\" \/>\n\t<meta name=\"twitter:data2\" content=\"5 minuta\" \/>\n<script type=\"application\/ld+json\" class=\"yoast-schema-graph\">{\"@context\":\"https:\/\/schema.org\",\"@graph\":[{\"@type\":\"Article\",\"@id\":\"https:\/\/tuzlainfo.ba\/index.php\/bosna-i-hercegovina\/item\/208435-sarajevo-danas-cetvrta-bh-povorka-ponosa-saobracaj-obustavljen-u-25-ulica\/#article\",\"isPartOf\":{\"@id\":\"https:\/\/tuzlainfo.ba\/index.php\/bosna-i-hercegovina\/item\/208435-sarajevo-danas-cetvrta-bh-povorka-ponosa-saobracaj-obustavljen-u-25-ulica\/\"},\"author\":{\"name\":\"nedim\",\"@id\":\"https:\/\/tuzlainfo.ba\/#\/schema\/person\/f434e20dc27ea133923aab08451b7f7f\"},\"headline\":\"Sarajevo: Danas \u010detvrta &#8220;BH povorka ponosa&#8221;, saobra\u0107aj obustavljen u 25 ulica\",\"datePublished\":\"2023-06-24T09:02:30+00:00\",\"dateModified\":\"2023-06-24T09:04:05+00:00\",\"mainEntityOfPage\":{\"@id\":\"https:\/\/tuzlainfo.ba\/index.php\/bosna-i-hercegovina\/item\/208435-sarajevo-danas-cetvrta-bh-povorka-ponosa-saobracaj-obustavljen-u-25-ulica\/\"},\"wordCount\":940,\"commentCount\":0,\"publisher\":{\"@id\":\"https:\/\/tuzlainfo.ba\/#organization\"},\"image\":{\"@id\":\"https:\/\/tuzlainfo.ba\/index.php\/bosna-i-hercegovina\/item\/208435-sarajevo-danas-cetvrta-bh-povorka-ponosa-saobracaj-obustavljen-u-25-ulica\/#primaryimage\"},\"thumbnailUrl\":\"https:\/\/tuzlainfo.ba\/wp-content\/uploads\/2023\/06\/2406_lgbt_povroka_parada.jpg\",\"keywords\":[\"lgbt\",\"povorka ponosa\",\"sarajevo\"],\"articleSection\":[\"Bosna i Hercegovina\"],\"inLanguage\":\"bs-BA\"},{\"@type\":\"WebPage\",\"@id\":\"https:\/\/tuzlainfo.ba\/index.php\/bosna-i-hercegovina\/item\/208435-sarajevo-danas-cetvrta-bh-povorka-ponosa-saobracaj-obustavljen-u-25-ulica\/\",\"url\":\"https:\/\/tuzlainfo.ba\/index.php\/bosna-i-hercegovina\/item\/208435-sarajevo-danas-cetvrta-bh-povorka-ponosa-saobracaj-obustavljen-u-25-ulica\/\",\"name\":\"Sarajevo: Danas \u010detvrta \\\"BH povorka ponosa\\\", saobra\u0107aj obustavljen u 25 ulica - TuzlaInfo.ba\",\"isPartOf\":{\"@id\":\"https:\/\/tuzlainfo.ba\/#website\"},\"primaryImageOfPage\":{\"@id\":\"https:\/\/tuzlainfo.ba\/index.php\/bosna-i-hercegovina\/item\/208435-sarajevo-danas-cetvrta-bh-povorka-ponosa-saobracaj-obustavljen-u-25-ulica\/#primaryimage\"},\"image\":{\"@id\":\"https:\/\/tuzlainfo.ba\/index.php\/bosna-i-hercegovina\/item\/208435-sarajevo-danas-cetvrta-bh-povorka-ponosa-saobracaj-obustavljen-u-25-ulica\/#primaryimage\"},\"thumbnailUrl\":\"https:\/\/tuzlainfo.ba\/wp-content\/uploads\/2023\/06\/2406_lgbt_povroka_parada.jpg\",\"datePublished\":\"2023-06-24T09:02:30+00:00\",\"dateModified\":\"2023-06-24T09:04:05+00:00\",\"breadcrumb\":{\"@id\":\"https:\/\/tuzlainfo.ba\/index.php\/bosna-i-hercegovina\/item\/208435-sarajevo-danas-cetvrta-bh-povorka-ponosa-saobracaj-obustavljen-u-25-ulica\/#breadcrumb\"},\"inLanguage\":\"bs-BA\",\"potentialAction\":[{\"@type\":\"ReadAction\",\"target\":[\"https:\/\/tuzlainfo.ba\/index.php\/bosna-i-hercegovina\/item\/208435-sarajevo-danas-cetvrta-bh-povorka-ponosa-saobracaj-obustavljen-u-25-ulica\/\"]}]},{\"@type\":\"ImageObject\",\"inLanguage\":\"bs-BA\",\"@id\":\"https:\/\/tuzlainfo.ba\/index.php\/bosna-i-hercegovina\/item\/208435-sarajevo-danas-cetvrta-bh-povorka-ponosa-saobracaj-obustavljen-u-25-ulica\/#primaryimage\",\"url\":\"https:\/\/tuzlainfo.ba\/wp-content\/uploads\/2023\/06\/2406_lgbt_povroka_parada.jpg\",\"contentUrl\":\"https:\/\/tuzlainfo.ba\/wp-content\/uploads\/2023\/06\/2406_lgbt_povroka_parada.jpg\",\"width\":1000,\"height\":562,\"caption\":\"Arhiv \/ Foto: Ajdin Kamber\"},{\"@type\":\"BreadcrumbList\",\"@id\":\"https:\/\/tuzlainfo.ba\/index.php\/bosna-i-hercegovina\/item\/208435-sarajevo-danas-cetvrta-bh-povorka-ponosa-saobracaj-obustavljen-u-25-ulica\/#breadcrumb\",\"itemListElement\":[{\"@type\":\"ListItem\",\"position\":1,\"name\":\"Home\",\"item\":\"https:\/\/tuzlainfo.ba\/\"},{\"@type\":\"ListItem\",\"position\":2,\"name\":\"Sarajevo: Danas \u010detvrta &#8220;BH povorka ponosa&#8221;, saobra\u0107aj obustavljen u 25 ulica\"}]},{\"@type\":\"WebSite\",\"@id\":\"https:\/\/tuzlainfo.ba\/#website\",\"url\":\"https:\/\/tuzlainfo.ba\/\",\"name\":\"TuzlaInfo.ba\",\"description\":\"Tuzla info, gradski informator - Tuzla na dlanu\",\"publisher\":{\"@id\":\"https:\/\/tuzlainfo.ba\/#organization\"},\"potentialAction\":[{\"@type\":\"SearchAction\",\"target\":{\"@type\":\"EntryPoint\",\"urlTemplate\":\"https:\/\/tuzlainfo.ba\/?s={search_term_string}\"},\"query-input\":{\"@type\":\"PropertyValueSpecification\",\"valueRequired\":true,\"valueName\":\"search_term_string\"}}],\"inLanguage\":\"bs-BA\"},{\"@type\":\"Organization\",\"@id\":\"https:\/\/tuzlainfo.ba\/#organization\",\"name\":\"TuzlaInfo.ba\",\"url\":\"https:\/\/tuzlainfo.ba\/\",\"logo\":{\"@type\":\"ImageObject\",\"inLanguage\":\"bs-BA\",\"@id\":\"https:\/\/tuzlainfo.ba\/#\/schema\/logo\/image\/\",\"url\":\"https:\/\/tuzlainfo.ba\/wp-content\/uploads\/2021\/03\/logo-ver-3-1.png\",\"contentUrl\":\"https:\/\/tuzlainfo.ba\/wp-content\/uploads\/2021\/03\/logo-ver-3-1.png\",\"width\":350,\"height\":95,\"caption\":\"TuzlaInfo.ba\"},\"image\":{\"@id\":\"https:\/\/tuzlainfo.ba\/#\/schema\/logo\/image\/\"},\"sameAs\":[\"https:\/\/www.facebook.com\/tuzlainfo.ba\/\"]},{\"@type\":\"Person\",\"@id\":\"https:\/\/tuzlainfo.ba\/#\/schema\/person\/f434e20dc27ea133923aab08451b7f7f\",\"name\":\"nedim\",\"image\":{\"@type\":\"ImageObject\",\"inLanguage\":\"bs-BA\",\"@id\":\"https:\/\/tuzlainfo.ba\/#\/schema\/person\/image\/\",\"url\":\"https:\/\/tuzlainfo.ba\/wp-content\/litespeed\/avatar\/aabad687af24844af817603ac1cbdc4f.jpg?ver=1777306975\",\"contentUrl\":\"https:\/\/tuzlainfo.ba\/wp-content\/litespeed\/avatar\/aabad687af24844af817603ac1cbdc4f.jpg?ver=1777306975\",\"caption\":\"nedim\"},\"description\":\"Tuzlainfo.ba pratite na dru\u0161tvenim mre\u017eama: Facebook, Instagram i Youtube. Svoje pri\u010de, upite i fotografije \u0161aljite na na\u0161u e-mail adresu.\"}]}<\/script>\n<!-- \/ Yoast SEO plugin. -->","yoast_head_json":{"title":"Sarajevo: Danas \u010detvrta \"BH povorka ponosa\", saobra\u0107aj obustavljen u 25 ulica - TuzlaInfo.ba","robots":{"index":"index","follow":"follow","max-snippet":"max-snippet:-1","max-image-preview":"max-image-preview:large","max-video-preview":"max-video-preview:-1"},"canonical":"https:\/\/tuzlainfo.ba\/index.php\/bosna-i-hercegovina\/item\/208435-sarajevo-danas-cetvrta-bh-povorka-ponosa-saobracaj-obustavljen-u-25-ulica\/","og_locale":"bs_BA","og_type":"article","og_title":"Sarajevo: Danas \u010detvrta \"BH povorka ponosa\", saobra\u0107aj obustavljen u 25 ulica - TuzlaInfo.ba","og_description":"U Sarajevu \u0107e danas biti odr\u017eana \u010detvrta &#8220;BH povorka ponosa&#8221;. \u0160etnja pripadnika LGBT+ zajednice planirana&hellip;","og_url":"https:\/\/tuzlainfo.ba\/index.php\/bosna-i-hercegovina\/item\/208435-sarajevo-danas-cetvrta-bh-povorka-ponosa-saobracaj-obustavljen-u-25-ulica\/","og_site_name":"TuzlaInfo.ba","article_publisher":"https:\/\/www.facebook.com\/tuzlainfo.ba\/","article_published_time":"2023-06-24T09:02:30+00:00","article_modified_time":"2023-06-24T09:04:05+00:00","og_image":[{"width":1000,"height":562,"url":"https:\/\/tuzlainfo.ba\/wp-content\/uploads\/2023\/06\/2406_lgbt_povroka_parada.jpg","type":"image\/jpeg"}],"author":"nedim","twitter_card":"summary_large_image","twitter_misc":{"Written by":"nedim","Est. reading time":"5 minuta"},"schema":{"@context":"https:\/\/schema.org","@graph":[{"@type":"Article","@id":"https:\/\/tuzlainfo.ba\/index.php\/bosna-i-hercegovina\/item\/208435-sarajevo-danas-cetvrta-bh-povorka-ponosa-saobracaj-obustavljen-u-25-ulica\/#article","isPartOf":{"@id":"https:\/\/tuzlainfo.ba\/index.php\/bosna-i-hercegovina\/item\/208435-sarajevo-danas-cetvrta-bh-povorka-ponosa-saobracaj-obustavljen-u-25-ulica\/"},"author":{"name":"nedim","@id":"https:\/\/tuzlainfo.ba\/#\/schema\/person\/f434e20dc27ea133923aab08451b7f7f"},"headline":"Sarajevo: Danas \u010detvrta &#8220;BH povorka ponosa&#8221;, saobra\u0107aj obustavljen u 25 ulica","datePublished":"2023-06-24T09:02:30+00:00","dateModified":"2023-06-24T09:04:05+00:00","mainEntityOfPage":{"@id":"https:\/\/tuzlainfo.ba\/index.php\/bosna-i-hercegovina\/item\/208435-sarajevo-danas-cetvrta-bh-povorka-ponosa-saobracaj-obustavljen-u-25-ulica\/"},"wordCount":940,"commentCount":0,"publisher":{"@id":"https:\/\/tuzlainfo.ba\/#organization"},"image":{"@id":"https:\/\/tuzlainfo.ba\/index.php\/bosna-i-hercegovina\/item\/208435-sarajevo-danas-cetvrta-bh-povorka-ponosa-saobracaj-obustavljen-u-25-ulica\/#primaryimage"},"thumbnailUrl":"https:\/\/tuzlainfo.ba\/wp-content\/uploads\/2023\/06\/2406_lgbt_povroka_parada.jpg","keywords":["lgbt","povorka ponosa","sarajevo"],"articleSection":["Bosna i Hercegovina"],"inLanguage":"bs-BA"},{"@type":"WebPage","@id":"https:\/\/tuzlainfo.ba\/index.php\/bosna-i-hercegovina\/item\/208435-sarajevo-danas-cetvrta-bh-povorka-ponosa-saobracaj-obustavljen-u-25-ulica\/","url":"https:\/\/tuzlainfo.ba\/index.php\/bosna-i-hercegovina\/item\/208435-sarajevo-danas-cetvrta-bh-povorka-ponosa-saobracaj-obustavljen-u-25-ulica\/","name":"Sarajevo: Danas \u010detvrta \"BH povorka ponosa\", saobra\u0107aj obustavljen u 25 ulica - TuzlaInfo.ba","isPartOf":{"@id":"https:\/\/tuzlainfo.ba\/#website"},"primaryImageOfPage":{"@id":"https:\/\/tuzlainfo.ba\/index.php\/bosna-i-hercegovina\/item\/208435-sarajevo-danas-cetvrta-bh-povorka-ponosa-saobracaj-obustavljen-u-25-ulica\/#primaryimage"},"image":{"@id":"https:\/\/tuzlainfo.ba\/index.php\/bosna-i-hercegovina\/item\/208435-sarajevo-danas-cetvrta-bh-povorka-ponosa-saobracaj-obustavljen-u-25-ulica\/#primaryimage"},"thumbnailUrl":"https:\/\/tuzlainfo.ba\/wp-content\/uploads\/2023\/06\/2406_lgbt_povroka_parada.jpg","datePublished":"2023-06-24T09:02:30+00:00","dateModified":"2023-06-24T09:04:05+00:00","breadcrumb":{"@id":"https:\/\/tuzlainfo.ba\/index.php\/bosna-i-hercegovina\/item\/208435-sarajevo-danas-cetvrta-bh-povorka-ponosa-saobracaj-obustavljen-u-25-ulica\/#breadcrumb"},"inLanguage":"bs-BA","potentialAction":[{"@type":"ReadAction","target":["https:\/\/tuzlainfo.ba\/index.php\/bosna-i-hercegovina\/item\/208435-sarajevo-danas-cetvrta-bh-povorka-ponosa-saobracaj-obustavljen-u-25-ulica\/"]}]},{"@type":"ImageObject","inLanguage":"bs-BA","@id":"https:\/\/tuzlainfo.ba\/index.php\/bosna-i-hercegovina\/item\/208435-sarajevo-danas-cetvrta-bh-povorka-ponosa-saobracaj-obustavljen-u-25-ulica\/#primaryimage","url":"https:\/\/tuzlainfo.ba\/wp-content\/uploads\/2023\/06\/2406_lgbt_povroka_parada.jpg","contentUrl":"https:\/\/tuzlainfo.ba\/wp-content\/uploads\/2023\/06\/2406_lgbt_povroka_parada.jpg","width":1000,"height":562,"caption":"Arhiv \/ Foto: Ajdin Kamber"},{"@type":"BreadcrumbList","@id":"https:\/\/tuzlainfo.ba\/index.php\/bosna-i-hercegovina\/item\/208435-sarajevo-danas-cetvrta-bh-povorka-ponosa-saobracaj-obustavljen-u-25-ulica\/#breadcrumb","itemListElement":[{"@type":"ListItem","position":1,"name":"Home","item":"https:\/\/tuzlainfo.ba\/"},{"@type":"ListItem","position":2,"name":"Sarajevo: Danas \u010detvrta &#8220;BH povorka ponosa&#8221;, saobra\u0107aj obustavljen u 25 ulica"}]},{"@type":"WebSite","@id":"https:\/\/tuzlainfo.ba\/#website","url":"https:\/\/tuzlainfo.ba\/","name":"TuzlaInfo.ba","description":"Tuzla info, gradski informator - Tuzla na dlanu","publisher":{"@id":"https:\/\/tuzlainfo.ba\/#organization"},"potentialAction":[{"@type":"SearchAction","target":{"@type":"EntryPoint","urlTemplate":"https:\/\/tuzlainfo.ba\/?s={search_term_string}"},"query-input":{"@type":"PropertyValueSpecification","valueRequired":true,"valueName":"search_term_string"}}],"inLanguage":"bs-BA"},{"@type":"Organization","@id":"https:\/\/tuzlainfo.ba\/#organization","name":"TuzlaInfo.ba","url":"https:\/\/tuzlainfo.ba\/","logo":{"@type":"ImageObject","inLanguage":"bs-BA","@id":"https:\/\/tuzlainfo.ba\/#\/schema\/logo\/image\/","url":"https:\/\/tuzlainfo.ba\/wp-content\/uploads\/2021\/03\/logo-ver-3-1.png","contentUrl":"https:\/\/tuzlainfo.ba\/wp-content\/uploads\/2021\/03\/logo-ver-3-1.png","width":350,"height":95,"caption":"TuzlaInfo.ba"},"image":{"@id":"https:\/\/tuzlainfo.ba\/#\/schema\/logo\/image\/"},"sameAs":["https:\/\/www.facebook.com\/tuzlainfo.ba\/"]},{"@type":"Person","@id":"https:\/\/tuzlainfo.ba\/#\/schema\/person\/f434e20dc27ea133923aab08451b7f7f","name":"nedim","image":{"@type":"ImageObject","inLanguage":"bs-BA","@id":"https:\/\/tuzlainfo.ba\/#\/schema\/person\/image\/","url":"https:\/\/tuzlainfo.ba\/wp-content\/litespeed\/avatar\/aabad687af24844af817603ac1cbdc4f.jpg?ver=1777306975","contentUrl":"https:\/\/tuzlainfo.ba\/wp-content\/litespeed\/avatar\/aabad687af24844af817603ac1cbdc4f.jpg?ver=1777306975","caption":"nedim"},"description":"Tuzlainfo.ba pratite na dru\u0161tvenim mre\u017eama: Facebook, Instagram i Youtube. Svoje pri\u010de, upite i fotografije \u0161aljite na na\u0161u e-mail adresu."}]}},"_links":{"self":[{"href":"https:\/\/tuzlainfo.ba\/index.php\/wp-json\/wp\/v2\/posts\/208435"}],"collection":[{"href":"https:\/\/tuzlainfo.ba\/index.php\/wp-json\/wp\/v2\/posts"}],"about":[{"href":"https:\/\/tuzlainfo.ba\/index.php\/wp-json\/wp\/v2\/types\/post"}],"author":[{"embeddable":true,"href":"https:\/\/tuzlainfo.ba\/index.php\/wp-json\/wp\/v2\/users\/2"}],"replies":[{"embeddable":true,"href":"https:\/\/tuzlainfo.ba\/index.php\/wp-json\/wp\/v2\/comments?post=208435"}],"version-history":[{"count":0,"href":"https:\/\/tuzlainfo.ba\/index.php\/wp-json\/wp\/v2\/posts\/208435\/revisions"}],"wp:featuredmedia":[{"embeddable":true,"href":"https:\/\/tuzlainfo.ba\/index.php\/wp-json\/wp\/v2\/media\/208436"}],"wp:attachment":[{"href":"https:\/\/tuzlainfo.ba\/index.php\/wp-json\/wp\/v2\/media?parent=208435"}],"wp:term":[{"taxonomy":"category","embeddable":true,"href":"https:\/\/tuzlainfo.ba\/index.php\/wp-json\/wp\/v2\/categories?post=208435"},{"taxonomy":"post_tag","embeddable":true,"href":"https:\/\/tuzlainfo.ba\/index.php\/wp-json\/wp\/v2\/tags?post=208435"}],"curies":[{"name":"wp","href":"https:\/\/api.w.org\/{rel}","templated":true}]}}