{"id":208322,"date":"2023-06-23T11:49:45","date_gmt":"2023-06-23T09:49:45","guid":{"rendered":"https:\/\/tuzlainfo.ba\/?p=208322"},"modified":"2023-06-23T11:08:00","modified_gmt":"2023-06-23T09:08:00","slug":"na-farmi-u-rs-u-se-pojavila-svinjska-kuga","status":"publish","type":"post","link":"https:\/\/tuzlainfo.ba\/index.php\/bosna-i-hercegovina\/item\/208322-na-farmi-u-rs-u-se-pojavila-svinjska-kuga\/","title":{"rendered":"Na farmi u RS-u se pojavila svinjska kuga"},"content":{"rendered":"<p>Ministar poljoprivrede Republike Srpske Savo Mini\u0107 potvrdio je sumnje farmera, kazav\u0161i da je otkrivena svinjska afri\u010dka kuga na farmi u okolini Bijeljine.<\/p>\n<div class=\"article-banner\">\n<div id=\"div-gpt-ad-1620633197366-0\" class=\" div-gpt-ad-1620633197366-0-loaded\">\n<div id=\"\/21876124292\/N1BIH\/n1-bih-inText\" data-google-query-id=\"CJGr-o_32P8CFQOe_QcdeeEMiQ\">\n<p>Ministar Mini\u0107 tvrdi da je ova bolest otkrivena samo u jednom gazdinstvu, te da su odre\u0111ene mjere za sanaciju \u017eari\u0161ta.<\/p>\n<p>Mi\u0161o Malj\u010di\u0107, predsjednik Udru\u017eenja uzgajiva\u010da alarmirao je javnost o pojavi ove bolesti i pozvao nadle\u017ene da se \u0161to prije izjasne, javlja\u00a0<a href=\"https:\/\/srpskainfo.com\/potvrdjena-svinjska-africka-kuga-ministar-minic-o-bolesti-na-farmi-kod-bijeljine\/\" target=\"_blank\" rel=\"noopener\">srpskainfo<\/a>.<\/p>\n<p>Ministar negira tvrdnje uzgajiva\u010da svinja da se radi o uvezenim zara\u017eenim svinjama.<\/p>\n<p>\u201cRije\u010d je o jednom doma\u0107instvu na kojem su dvije starije osobe koje se ovim poslom bave dugo vremena\u201d, ka\u017ee Mini\u0107 i dodaje da se sumnja da su svinje zara\u017eene u kontaktu sa divljim svinjama.<\/p>\n<p>Prema njegovim rije\u010dima, zara\u017eeno podru\u010dje se smatra krug od tri kilometra od \u017eari\u0161ta, a ugro\u017eeno podru\u010dje krug od 10 kilometara.<\/p>\n<p>Dodao je nadle\u017eni smatraju da \u0107e suzbiti dalje \u0161irenje zaraze, isti\u010du\u0107i da je veoma va\u017eno da ova bolest nema opasnosti na ljude.<\/p>\n<\/div>\n<\/div>\n<\/div>\n","protected":false},"excerpt":{"rendered":"<p>Ministar poljoprivrede Republike Srpske Savo Mini\u0107 potvrdio je sumnje farmera, kazav\u0161i da je otkrivena svinjska afri\u010dka kuga na farmi u okolini Bijeljine. Ministar Mini\u0107 tvrdi da je ova bolest otkrivena samo u jednom gazdinstvu, te da su odre\u0111ene mjere za sanaciju \u017eari\u0161ta. Mi\u0161o Malj\u010di\u0107, predsjednik Udru\u017eenja uzgajiva\u010da alarmirao je javnost o pojavi ove bolesti i [&hellip;]<\/p>\n","protected":false},"author":4,"featured_media":208323,"comment_status":"open","ping_status":"closed","sticky":false,"template":"","format":"standard","meta":{"footnotes":""},"categories":[291],"tags":[2012,7254,7253],"class_list":["post-208322","post","type-post","status-publish","format-standard","has-post-thumbnail","hentry","category-bosna-i-hercegovina","tag-rs","tag-svinja","tag-svinjska-kuga"],"yoast_head":"<!-- This site is optimized with the Yoast SEO plugin v28.4 - https:\/\/yoast.com\/product\/yoast-seo-wordpress\/ -->\n<title>Na farmi u RS-u se pojavila svinjska kuga<\/title>\n<meta name=\"robots\" content=\"index, follow, max-snippet:-1, max-image-preview:large, max-video-preview:-1\" \/>\n<link rel=\"canonical\" href=\"https:\/\/tuzlainfo.ba\/index.php\/bosna-i-hercegovina\/item\/208322-na-farmi-u-rs-u-se-pojavila-svinjska-kuga\/\" \/>\n<meta property=\"og:locale\" content=\"bs_BA\" \/>\n<meta property=\"og:type\" content=\"article\" \/>\n<meta property=\"og:title\" content=\"Na farmi u RS-u se pojavila svinjska kuga\" \/>\n<meta property=\"og:description\" content=\"Ministar poljoprivrede Republike Srpske Savo Mini\u0107 potvrdio je sumnje farmera, kazav\u0161i da je otkrivena svinjska afri\u010dka kuga na farmi u okolini Bijeljine. Ministar Mini\u0107 tvrdi da je ova bolest otkrivena samo u jednom gazdinstvu, te da su odre\u0111ene mjere za sanaciju \u017eari\u0161ta. Mi\u0161o Malj\u010di\u0107, predsjednik Udru\u017eenja uzgajiva\u010da alarmirao je javnost o pojavi ove bolesti i [&hellip;]\" \/>\n<meta property=\"og:url\" content=\"https:\/\/tuzlainfo.ba\/index.php\/bosna-i-hercegovina\/item\/208322-na-farmi-u-rs-u-se-pojavila-svinjska-kuga\/\" \/>\n<meta property=\"og:site_name\" content=\"TuzlaInfo.ba\" \/>\n<meta property=\"article:publisher\" content=\"https:\/\/www.facebook.com\/tuzlainfo.ba\/\" \/>\n<meta property=\"article:published_time\" content=\"2023-06-23T09:49:45+00:00\" \/>\n<meta property=\"og:image\" content=\"https:\/\/tuzlainfo.ba\/wp-content\/uploads\/2023\/06\/svinja.jpg\" \/>\n\t<meta property=\"og:image:width\" content=\"999\" \/>\n\t<meta property=\"og:image:height\" content=\"750\" \/>\n\t<meta property=\"og:image:type\" content=\"image\/jpeg\" \/>\n<meta name=\"author\" content=\"Tuzla Info\" \/>\n<meta name=\"twitter:card\" content=\"summary_large_image\" \/>\n<meta name=\"twitter:label1\" content=\"Written by\" \/>\n\t<meta name=\"twitter:data1\" content=\"Tuzla Info\" \/>\n\t<meta name=\"twitter:label2\" content=\"Est. reading time\" \/>\n\t<meta name=\"twitter:data2\" content=\"1 minuta\" \/>\n<script type=\"application\/ld+json\" class=\"yoast-schema-graph\">{\"@context\":\"https:\\\/\\\/schema.org\",\"@graph\":[{\"@type\":\"Article\",\"@id\":\"https:\\\/\\\/tuzlainfo.ba\\\/index.php\\\/bosna-i-hercegovina\\\/item\\\/208322-na-farmi-u-rs-u-se-pojavila-svinjska-kuga\\\/#article\",\"isPartOf\":{\"@id\":\"https:\\\/\\\/tuzlainfo.ba\\\/index.php\\\/bosna-i-hercegovina\\\/item\\\/208322-na-farmi-u-rs-u-se-pojavila-svinjska-kuga\\\/\"},\"author\":{\"name\":\"Tuzla Info\",\"@id\":\"https:\\\/\\\/tuzlainfo.ba\\\/#\\\/schema\\\/person\\\/46cad4c57790cbc50781edd14870825a\"},\"headline\":\"Na farmi u RS-u se pojavila svinjska kuga\",\"datePublished\":\"2023-06-23T09:49:45+00:00\",\"mainEntityOfPage\":{\"@id\":\"https:\\\/\\\/tuzlainfo.ba\\\/index.php\\\/bosna-i-hercegovina\\\/item\\\/208322-na-farmi-u-rs-u-se-pojavila-svinjska-kuga\\\/\"},\"wordCount\":183,\"commentCount\":0,\"publisher\":{\"@id\":\"https:\\\/\\\/tuzlainfo.ba\\\/#organization\"},\"image\":{\"@id\":\"https:\\\/\\\/tuzlainfo.ba\\\/index.php\\\/bosna-i-hercegovina\\\/item\\\/208322-na-farmi-u-rs-u-se-pojavila-svinjska-kuga\\\/#primaryimage\"},\"thumbnailUrl\":\"https:\\\/\\\/tuzlainfo.ba\\\/wp-content\\\/uploads\\\/2023\\\/06\\\/svinja.jpg\",\"keywords\":[\"RS\",\"svinja\",\"svinjska kuga\"],\"articleSection\":[\"Bosna i Hercegovina\"],\"inLanguage\":\"bs-BA\",\"copyrightYear\":\"2023\",\"copyrightHolder\":{\"@id\":\"https:\\\/\\\/tuzlainfo.ba\\\/#organization\"}},{\"@type\":\"WebPage\",\"@id\":\"https:\\\/\\\/tuzlainfo.ba\\\/index.php\\\/bosna-i-hercegovina\\\/item\\\/208322-na-farmi-u-rs-u-se-pojavila-svinjska-kuga\\\/\",\"url\":\"https:\\\/\\\/tuzlainfo.ba\\\/index.php\\\/bosna-i-hercegovina\\\/item\\\/208322-na-farmi-u-rs-u-se-pojavila-svinjska-kuga\\\/\",\"name\":\"Na farmi u RS-u se pojavila svinjska kuga\",\"isPartOf\":{\"@id\":\"https:\\\/\\\/tuzlainfo.ba\\\/#website\"},\"primaryImageOfPage\":{\"@id\":\"https:\\\/\\\/tuzlainfo.ba\\\/index.php\\\/bosna-i-hercegovina\\\/item\\\/208322-na-farmi-u-rs-u-se-pojavila-svinjska-kuga\\\/#primaryimage\"},\"image\":{\"@id\":\"https:\\\/\\\/tuzlainfo.ba\\\/index.php\\\/bosna-i-hercegovina\\\/item\\\/208322-na-farmi-u-rs-u-se-pojavila-svinjska-kuga\\\/#primaryimage\"},\"thumbnailUrl\":\"https:\\\/\\\/tuzlainfo.ba\\\/wp-content\\\/uploads\\\/2023\\\/06\\\/svinja.jpg\",\"datePublished\":\"2023-06-23T09:49:45+00:00\",\"breadcrumb\":{\"@id\":\"https:\\\/\\\/tuzlainfo.ba\\\/index.php\\\/bosna-i-hercegovina\\\/item\\\/208322-na-farmi-u-rs-u-se-pojavila-svinjska-kuga\\\/#breadcrumb\"},\"inLanguage\":\"bs-BA\",\"potentialAction\":[{\"@type\":\"ReadAction\",\"target\":[\"https:\\\/\\\/tuzlainfo.ba\\\/index.php\\\/bosna-i-hercegovina\\\/item\\\/208322-na-farmi-u-rs-u-se-pojavila-svinjska-kuga\\\/\"]}]},{\"@type\":\"ImageObject\",\"inLanguage\":\"bs-BA\",\"@id\":\"https:\\\/\\\/tuzlainfo.ba\\\/index.php\\\/bosna-i-hercegovina\\\/item\\\/208322-na-farmi-u-rs-u-se-pojavila-svinjska-kuga\\\/#primaryimage\",\"url\":\"https:\\\/\\\/tuzlainfo.ba\\\/wp-content\\\/uploads\\\/2023\\\/06\\\/svinja.jpg\",\"contentUrl\":\"https:\\\/\\\/tuzlainfo.ba\\\/wp-content\\\/uploads\\\/2023\\\/06\\\/svinja.jpg\",\"width\":999,\"height\":750,\"caption\":\"Livestock breeding. Group of pigs in farm yard.\"},{\"@type\":\"BreadcrumbList\",\"@id\":\"https:\\\/\\\/tuzlainfo.ba\\\/index.php\\\/bosna-i-hercegovina\\\/item\\\/208322-na-farmi-u-rs-u-se-pojavila-svinjska-kuga\\\/#breadcrumb\",\"itemListElement\":[{\"@type\":\"ListItem\",\"position\":1,\"name\":\"Home\",\"item\":\"https:\\\/\\\/tuzlainfo.ba\\\/\"},{\"@type\":\"ListItem\",\"position\":2,\"name\":\"Na farmi u RS-u se pojavila svinjska kuga\"}]},{\"@type\":\"WebSite\",\"@id\":\"https:\\\/\\\/tuzlainfo.ba\\\/#website\",\"url\":\"https:\\\/\\\/tuzlainfo.ba\\\/\",\"name\":\"TuzlaInfo.ba\",\"description\":\"Tuzla info, gradski informator - Tuzla na dlanu\",\"publisher\":{\"@id\":\"https:\\\/\\\/tuzlainfo.ba\\\/#organization\"},\"potentialAction\":[{\"@type\":\"SearchAction\",\"target\":{\"@type\":\"EntryPoint\",\"urlTemplate\":\"https:\\\/\\\/tuzlainfo.ba\\\/?s={search_term_string}\"},\"query-input\":{\"@type\":\"PropertyValueSpecification\",\"valueRequired\":true,\"valueName\":\"search_term_string\"}}],\"inLanguage\":\"bs-BA\"},{\"@type\":\"Organization\",\"@id\":\"https:\\\/\\\/tuzlainfo.ba\\\/#organization\",\"name\":\"TuzlaInfo.ba\",\"url\":\"https:\\\/\\\/tuzlainfo.ba\\\/\",\"logo\":{\"@type\":\"ImageObject\",\"inLanguage\":\"bs-BA\",\"@id\":\"https:\\\/\\\/tuzlainfo.ba\\\/#\\\/schema\\\/logo\\\/image\\\/\",\"url\":\"https:\\\/\\\/tuzlainfo.ba\\\/wp-content\\\/uploads\\\/2021\\\/03\\\/logo-ver-3-1.png\",\"contentUrl\":\"https:\\\/\\\/tuzlainfo.ba\\\/wp-content\\\/uploads\\\/2021\\\/03\\\/logo-ver-3-1.png\",\"width\":350,\"height\":95,\"caption\":\"TuzlaInfo.ba\"},\"image\":{\"@id\":\"https:\\\/\\\/tuzlainfo.ba\\\/#\\\/schema\\\/logo\\\/image\\\/\"},\"sameAs\":[\"https:\\\/\\\/www.facebook.com\\\/tuzlainfo.ba\\\/\"]},{\"@type\":\"Person\",\"@id\":\"https:\\\/\\\/tuzlainfo.ba\\\/#\\\/schema\\\/person\\\/46cad4c57790cbc50781edd14870825a\",\"name\":\"Tuzla Info\",\"image\":{\"@type\":\"ImageObject\",\"inLanguage\":\"bs-BA\",\"@id\":\"https:\\\/\\\/secure.gravatar.com\\\/avatar\\\/e980921b00fa2e552723a2386544734ce6885d2b2304ccca3f45186f9ca4031d?s=96&d=mm&r=g\",\"url\":\"https:\\\/\\\/secure.gravatar.com\\\/avatar\\\/e980921b00fa2e552723a2386544734ce6885d2b2304ccca3f45186f9ca4031d?s=96&d=mm&r=g\",\"contentUrl\":\"https:\\\/\\\/secure.gravatar.com\\\/avatar\\\/e980921b00fa2e552723a2386544734ce6885d2b2304ccca3f45186f9ca4031d?s=96&d=mm&r=g\",\"caption\":\"Tuzla Info\"}}]}<\/script>\n<!-- \/ Yoast SEO plugin. -->","yoast_head_json":{"title":"Na farmi u RS-u se pojavila svinjska kuga","robots":{"index":"index","follow":"follow","max-snippet":"max-snippet:-1","max-image-preview":"max-image-preview:large","max-video-preview":"max-video-preview:-1"},"canonical":"https:\/\/tuzlainfo.ba\/index.php\/bosna-i-hercegovina\/item\/208322-na-farmi-u-rs-u-se-pojavila-svinjska-kuga\/","og_locale":"bs_BA","og_type":"article","og_title":"Na farmi u RS-u se pojavila svinjska kuga","og_description":"Ministar poljoprivrede Republike Srpske Savo Mini\u0107 potvrdio je sumnje farmera, kazav\u0161i da je otkrivena svinjska afri\u010dka kuga na farmi u okolini Bijeljine. Ministar Mini\u0107 tvrdi da je ova bolest otkrivena samo u jednom gazdinstvu, te da su odre\u0111ene mjere za sanaciju \u017eari\u0161ta. Mi\u0161o Malj\u010di\u0107, predsjednik Udru\u017eenja uzgajiva\u010da alarmirao je javnost o pojavi ove bolesti i [&hellip;]","og_url":"https:\/\/tuzlainfo.ba\/index.php\/bosna-i-hercegovina\/item\/208322-na-farmi-u-rs-u-se-pojavila-svinjska-kuga\/","og_site_name":"TuzlaInfo.ba","article_publisher":"https:\/\/www.facebook.com\/tuzlainfo.ba\/","article_published_time":"2023-06-23T09:49:45+00:00","og_image":[{"width":999,"height":750,"url":"https:\/\/tuzlainfo.ba\/wp-content\/uploads\/2023\/06\/svinja.jpg","type":"image\/jpeg"}],"author":"Tuzla Info","twitter_card":"summary_large_image","twitter_misc":{"Written by":"Tuzla Info","Est. reading time":"1 minuta"},"schema":{"@context":"https:\/\/schema.org","@graph":[{"@type":"Article","@id":"https:\/\/tuzlainfo.ba\/index.php\/bosna-i-hercegovina\/item\/208322-na-farmi-u-rs-u-se-pojavila-svinjska-kuga\/#article","isPartOf":{"@id":"https:\/\/tuzlainfo.ba\/index.php\/bosna-i-hercegovina\/item\/208322-na-farmi-u-rs-u-se-pojavila-svinjska-kuga\/"},"author":{"name":"Tuzla Info","@id":"https:\/\/tuzlainfo.ba\/#\/schema\/person\/46cad4c57790cbc50781edd14870825a"},"headline":"Na farmi u RS-u se pojavila svinjska kuga","datePublished":"2023-06-23T09:49:45+00:00","mainEntityOfPage":{"@id":"https:\/\/tuzlainfo.ba\/index.php\/bosna-i-hercegovina\/item\/208322-na-farmi-u-rs-u-se-pojavila-svinjska-kuga\/"},"wordCount":183,"commentCount":0,"publisher":{"@id":"https:\/\/tuzlainfo.ba\/#organization"},"image":{"@id":"https:\/\/tuzlainfo.ba\/index.php\/bosna-i-hercegovina\/item\/208322-na-farmi-u-rs-u-se-pojavila-svinjska-kuga\/#primaryimage"},"thumbnailUrl":"https:\/\/tuzlainfo.ba\/wp-content\/uploads\/2023\/06\/svinja.jpg","keywords":["RS","svinja","svinjska kuga"],"articleSection":["Bosna i Hercegovina"],"inLanguage":"bs-BA","copyrightYear":"2023","copyrightHolder":{"@id":"https:\/\/tuzlainfo.ba\/#organization"}},{"@type":"WebPage","@id":"https:\/\/tuzlainfo.ba\/index.php\/bosna-i-hercegovina\/item\/208322-na-farmi-u-rs-u-se-pojavila-svinjska-kuga\/","url":"https:\/\/tuzlainfo.ba\/index.php\/bosna-i-hercegovina\/item\/208322-na-farmi-u-rs-u-se-pojavila-svinjska-kuga\/","name":"Na farmi u RS-u se pojavila svinjska kuga","isPartOf":{"@id":"https:\/\/tuzlainfo.ba\/#website"},"primaryImageOfPage":{"@id":"https:\/\/tuzlainfo.ba\/index.php\/bosna-i-hercegovina\/item\/208322-na-farmi-u-rs-u-se-pojavila-svinjska-kuga\/#primaryimage"},"image":{"@id":"https:\/\/tuzlainfo.ba\/index.php\/bosna-i-hercegovina\/item\/208322-na-farmi-u-rs-u-se-pojavila-svinjska-kuga\/#primaryimage"},"thumbnailUrl":"https:\/\/tuzlainfo.ba\/wp-content\/uploads\/2023\/06\/svinja.jpg","datePublished":"2023-06-23T09:49:45+00:00","breadcrumb":{"@id":"https:\/\/tuzlainfo.ba\/index.php\/bosna-i-hercegovina\/item\/208322-na-farmi-u-rs-u-se-pojavila-svinjska-kuga\/#breadcrumb"},"inLanguage":"bs-BA","potentialAction":[{"@type":"ReadAction","target":["https:\/\/tuzlainfo.ba\/index.php\/bosna-i-hercegovina\/item\/208322-na-farmi-u-rs-u-se-pojavila-svinjska-kuga\/"]}]},{"@type":"ImageObject","inLanguage":"bs-BA","@id":"https:\/\/tuzlainfo.ba\/index.php\/bosna-i-hercegovina\/item\/208322-na-farmi-u-rs-u-se-pojavila-svinjska-kuga\/#primaryimage","url":"https:\/\/tuzlainfo.ba\/wp-content\/uploads\/2023\/06\/svinja.jpg","contentUrl":"https:\/\/tuzlainfo.ba\/wp-content\/uploads\/2023\/06\/svinja.jpg","width":999,"height":750,"caption":"Livestock breeding. Group of pigs in farm yard."},{"@type":"BreadcrumbList","@id":"https:\/\/tuzlainfo.ba\/index.php\/bosna-i-hercegovina\/item\/208322-na-farmi-u-rs-u-se-pojavila-svinjska-kuga\/#breadcrumb","itemListElement":[{"@type":"ListItem","position":1,"name":"Home","item":"https:\/\/tuzlainfo.ba\/"},{"@type":"ListItem","position":2,"name":"Na farmi u RS-u se pojavila svinjska kuga"}]},{"@type":"WebSite","@id":"https:\/\/tuzlainfo.ba\/#website","url":"https:\/\/tuzlainfo.ba\/","name":"TuzlaInfo.ba","description":"Tuzla info, gradski informator - Tuzla na dlanu","publisher":{"@id":"https:\/\/tuzlainfo.ba\/#organization"},"potentialAction":[{"@type":"SearchAction","target":{"@type":"EntryPoint","urlTemplate":"https:\/\/tuzlainfo.ba\/?s={search_term_string}"},"query-input":{"@type":"PropertyValueSpecification","valueRequired":true,"valueName":"search_term_string"}}],"inLanguage":"bs-BA"},{"@type":"Organization","@id":"https:\/\/tuzlainfo.ba\/#organization","name":"TuzlaInfo.ba","url":"https:\/\/tuzlainfo.ba\/","logo":{"@type":"ImageObject","inLanguage":"bs-BA","@id":"https:\/\/tuzlainfo.ba\/#\/schema\/logo\/image\/","url":"https:\/\/tuzlainfo.ba\/wp-content\/uploads\/2021\/03\/logo-ver-3-1.png","contentUrl":"https:\/\/tuzlainfo.ba\/wp-content\/uploads\/2021\/03\/logo-ver-3-1.png","width":350,"height":95,"caption":"TuzlaInfo.ba"},"image":{"@id":"https:\/\/tuzlainfo.ba\/#\/schema\/logo\/image\/"},"sameAs":["https:\/\/www.facebook.com\/tuzlainfo.ba\/"]},{"@type":"Person","@id":"https:\/\/tuzlainfo.ba\/#\/schema\/person\/46cad4c57790cbc50781edd14870825a","name":"Tuzla Info","image":{"@type":"ImageObject","inLanguage":"bs-BA","@id":"https:\/\/secure.gravatar.com\/avatar\/e980921b00fa2e552723a2386544734ce6885d2b2304ccca3f45186f9ca4031d?s=96&d=mm&r=g","url":"https:\/\/secure.gravatar.com\/avatar\/e980921b00fa2e552723a2386544734ce6885d2b2304ccca3f45186f9ca4031d?s=96&d=mm&r=g","contentUrl":"https:\/\/secure.gravatar.com\/avatar\/e980921b00fa2e552723a2386544734ce6885d2b2304ccca3f45186f9ca4031d?s=96&d=mm&r=g","caption":"Tuzla Info"}}]}},"_links":{"self":[{"href":"https:\/\/tuzlainfo.ba\/index.php\/wp-json\/wp\/v2\/posts\/208322","targetHints":{"allow":["GET"]}}],"collection":[{"href":"https:\/\/tuzlainfo.ba\/index.php\/wp-json\/wp\/v2\/posts"}],"about":[{"href":"https:\/\/tuzlainfo.ba\/index.php\/wp-json\/wp\/v2\/types\/post"}],"author":[{"embeddable":true,"href":"https:\/\/tuzlainfo.ba\/index.php\/wp-json\/wp\/v2\/users\/4"}],"replies":[{"embeddable":true,"href":"https:\/\/tuzlainfo.ba\/index.php\/wp-json\/wp\/v2\/comments?post=208322"}],"version-history":[{"count":0,"href":"https:\/\/tuzlainfo.ba\/index.php\/wp-json\/wp\/v2\/posts\/208322\/revisions"}],"wp:featuredmedia":[{"embeddable":true,"href":"https:\/\/tuzlainfo.ba\/index.php\/wp-json\/wp\/v2\/media\/208323"}],"wp:attachment":[{"href":"https:\/\/tuzlainfo.ba\/index.php\/wp-json\/wp\/v2\/media?parent=208322"}],"wp:term":[{"taxonomy":"category","embeddable":true,"href":"https:\/\/tuzlainfo.ba\/index.php\/wp-json\/wp\/v2\/categories?post=208322"},{"taxonomy":"post_tag","embeddable":true,"href":"https:\/\/tuzlainfo.ba\/index.php\/wp-json\/wp\/v2\/tags?post=208322"}],"curies":[{"name":"wp","href":"https:\/\/api.w.org\/{rel}","templated":true}]}}