{"id":208251,"date":"2023-06-22T21:55:32","date_gmt":"2023-06-22T19:55:32","guid":{"rendered":"https:\/\/tuzlainfo.ba\/?p=208251"},"modified":"2023-06-22T21:56:39","modified_gmt":"2023-06-22T19:56:39","slug":"predavanje-putevi-dobra-jusuf-nurkic-se-u-tuzli-druzio-sa-mladima","status":"publish","type":"post","link":"https:\/\/tuzlainfo.ba\/index.php\/novosti\/item\/208251-predavanje-putevi-dobra-jusuf-nurkic-se-u-tuzli-druzio-sa-mladima\/","title":{"rendered":"Predavanje &#8220;Putevi dobra&#8221;: Jusuf Nurki\u0107 se u Tuzli dru\u017eio sa mladima"},"content":{"rendered":"<p>Najbolji bh. ko\u0161arka\u0161 Jusuf Nurki\u0107, ve\u010deras je bio gost na predavanju u okviru projekta Putevi dobra.<\/p>\n<p>Radi se o projektu kojeg ve\u0107 nekoliko godina realizuje Mre\u017ea mladih Muftijstva tuzlanskog, a sedmi\u010dna predavanja odr\u017eavaju se svakog \u010detvrtka u Centru za mlade Tu\u0161anj, poslije ak\u0161am namaza. Ove sedmice specijalni gost bio je i Nurki\u0107.<\/p>\n<p>Brojni mladi ljudi okupili su se ve\u010deras u Centru koji je na kraju bio ispunjen do posljednjeg mjesta.<\/p>\n<p>Kako su koordinatori Mre\u017ee mladih Muftijstva tuzlanskog ranije naveli cilj dru\u017eenja \u010detvrtkom \u201cPutevi dobra\u201d je da bude vrelo za mlade iz kojeg \u0107e se duhovno napajati, moralno uzdizati i vidike pro\u0161irivati. \/Tuzlainfo\/<\/p>\n","protected":false},"excerpt":{"rendered":"<p>Najbolji bh. ko\u0161arka\u0161 Jusuf Nurki\u0107, ve\u010deras je bio gost na predavanju u okviru projekta Putevi dobra. Radi se o projektu kojeg ve\u0107 nekoliko godina realizuje Mre\u017ea mladih Muftijstva tuzlanskog, a sedmi\u010dna predavanja odr\u017eavaju se svakog \u010detvrtka u Centru za mlade Tu\u0161anj, poslije ak\u0161am namaza. Ove sedmice specijalni gost bio je i Nurki\u0107. Brojni mladi ljudi [&hellip;]<\/p>\n","protected":false},"author":4,"featured_media":208264,"comment_status":"open","ping_status":"closed","sticky":false,"template":"","format":"standard","meta":{"footnotes":""},"categories":[304,12],"tags":[7241,1209,42,6647],"class_list":["post-208251","post","type-post","status-publish","format-standard","has-post-thumbnail","hentry","category-istaknuto","category-novosti","tag-centar-za-mlade-tusanj","tag-jusuf-nurkic","tag-tuzla","tag-tuzlanski-portal"],"yoast_head":"<!-- This site is optimized with the Yoast SEO plugin v28.4 - https:\/\/yoast.com\/product\/yoast-seo-wordpress\/ -->\n<title>Predavanje &quot;Putevi dobra&quot;: Jusuf Nurki\u0107 se u Tuzli dru\u017eio sa mladima<\/title>\n<meta name=\"robots\" content=\"index, follow, max-snippet:-1, max-image-preview:large, max-video-preview:-1\" \/>\n<link rel=\"canonical\" href=\"https:\/\/tuzlainfo.ba\/index.php\/novosti\/item\/208251-predavanje-putevi-dobra-jusuf-nurkic-se-u-tuzli-druzio-sa-mladima\/\" \/>\n<meta property=\"og:locale\" content=\"bs_BA\" \/>\n<meta property=\"og:type\" content=\"article\" \/>\n<meta property=\"og:title\" content=\"Predavanje &quot;Putevi dobra&quot;: Jusuf Nurki\u0107 se u Tuzli dru\u017eio sa mladima\" \/>\n<meta property=\"og:description\" content=\"Najbolji bh. ko\u0161arka\u0161 Jusuf Nurki\u0107, ve\u010deras je bio gost na predavanju u okviru projekta Putevi dobra. Radi se o projektu kojeg ve\u0107 nekoliko godina realizuje Mre\u017ea mladih Muftijstva tuzlanskog, a sedmi\u010dna predavanja odr\u017eavaju se svakog \u010detvrtka u Centru za mlade Tu\u0161anj, poslije ak\u0161am namaza. Ove sedmice specijalni gost bio je i Nurki\u0107. Brojni mladi ljudi [&hellip;]\" \/>\n<meta property=\"og:url\" content=\"https:\/\/tuzlainfo.ba\/index.php\/novosti\/item\/208251-predavanje-putevi-dobra-jusuf-nurkic-se-u-tuzli-druzio-sa-mladima\/\" \/>\n<meta property=\"og:site_name\" content=\"TuzlaInfo.ba\" \/>\n<meta property=\"article:publisher\" content=\"https:\/\/www.facebook.com\/tuzlainfo.ba\/\" \/>\n<meta property=\"article:published_time\" content=\"2023-06-22T19:55:32+00:00\" \/>\n<meta property=\"article:modified_time\" content=\"2023-06-22T19:56:39+00:00\" \/>\n<meta property=\"og:image\" content=\"https:\/\/tuzlainfo.ba\/wp-content\/uploads\/2023\/06\/2206_jusuf_nurkic.jpg\" \/>\n\t<meta property=\"og:image:width\" content=\"800\" \/>\n\t<meta property=\"og:image:height\" content=\"528\" \/>\n\t<meta property=\"og:image:type\" content=\"image\/jpeg\" \/>\n<meta name=\"author\" content=\"Tuzla Info\" \/>\n<meta name=\"twitter:card\" content=\"summary_large_image\" \/>\n<meta name=\"twitter:label1\" content=\"Written by\" \/>\n\t<meta name=\"twitter:data1\" content=\"Tuzla Info\" \/>\n\t<meta name=\"twitter:label2\" content=\"Est. reading time\" \/>\n\t<meta name=\"twitter:data2\" content=\"1 minuta\" \/>\n<script type=\"application\/ld+json\" class=\"yoast-schema-graph\">{\"@context\":\"https:\\\/\\\/schema.org\",\"@graph\":[{\"@type\":\"Article\",\"@id\":\"https:\\\/\\\/tuzlainfo.ba\\\/index.php\\\/novosti\\\/item\\\/208251-predavanje-putevi-dobra-jusuf-nurkic-se-u-tuzli-druzio-sa-mladima\\\/#article\",\"isPartOf\":{\"@id\":\"https:\\\/\\\/tuzlainfo.ba\\\/index.php\\\/novosti\\\/item\\\/208251-predavanje-putevi-dobra-jusuf-nurkic-se-u-tuzli-druzio-sa-mladima\\\/\"},\"author\":{\"name\":\"Tuzla Info\",\"@id\":\"https:\\\/\\\/tuzlainfo.ba\\\/#\\\/schema\\\/person\\\/46cad4c57790cbc50781edd14870825a\"},\"headline\":\"Predavanje &#8220;Putevi dobra&#8221;: Jusuf Nurki\u0107 se u Tuzli dru\u017eio sa mladima\",\"datePublished\":\"2023-06-22T19:55:32+00:00\",\"dateModified\":\"2023-06-22T19:56:39+00:00\",\"mainEntityOfPage\":{\"@id\":\"https:\\\/\\\/tuzlainfo.ba\\\/index.php\\\/novosti\\\/item\\\/208251-predavanje-putevi-dobra-jusuf-nurkic-se-u-tuzli-druzio-sa-mladima\\\/\"},\"wordCount\":125,\"commentCount\":0,\"publisher\":{\"@id\":\"https:\\\/\\\/tuzlainfo.ba\\\/#organization\"},\"image\":{\"@id\":\"https:\\\/\\\/tuzlainfo.ba\\\/index.php\\\/novosti\\\/item\\\/208251-predavanje-putevi-dobra-jusuf-nurkic-se-u-tuzli-druzio-sa-mladima\\\/#primaryimage\"},\"thumbnailUrl\":\"https:\\\/\\\/tuzlainfo.ba\\\/wp-content\\\/uploads\\\/2023\\\/06\\\/2206_jusuf_nurkic.jpg\",\"keywords\":[\"centar za mlade tusanj\",\"jusuf nurki\u0107\",\"tuzla\",\"tuzlanski portal\"],\"articleSection\":[\"Istaknuto\",\"Novosti\"],\"inLanguage\":\"bs-BA\",\"copyrightYear\":\"2023\",\"copyrightHolder\":{\"@id\":\"https:\\\/\\\/tuzlainfo.ba\\\/#organization\"}},{\"@type\":\"WebPage\",\"@id\":\"https:\\\/\\\/tuzlainfo.ba\\\/index.php\\\/novosti\\\/item\\\/208251-predavanje-putevi-dobra-jusuf-nurkic-se-u-tuzli-druzio-sa-mladima\\\/\",\"url\":\"https:\\\/\\\/tuzlainfo.ba\\\/index.php\\\/novosti\\\/item\\\/208251-predavanje-putevi-dobra-jusuf-nurkic-se-u-tuzli-druzio-sa-mladima\\\/\",\"name\":\"Predavanje \\\"Putevi dobra\\\": Jusuf Nurki\u0107 se u Tuzli dru\u017eio sa mladima\",\"isPartOf\":{\"@id\":\"https:\\\/\\\/tuzlainfo.ba\\\/#website\"},\"primaryImageOfPage\":{\"@id\":\"https:\\\/\\\/tuzlainfo.ba\\\/index.php\\\/novosti\\\/item\\\/208251-predavanje-putevi-dobra-jusuf-nurkic-se-u-tuzli-druzio-sa-mladima\\\/#primaryimage\"},\"image\":{\"@id\":\"https:\\\/\\\/tuzlainfo.ba\\\/index.php\\\/novosti\\\/item\\\/208251-predavanje-putevi-dobra-jusuf-nurkic-se-u-tuzli-druzio-sa-mladima\\\/#primaryimage\"},\"thumbnailUrl\":\"https:\\\/\\\/tuzlainfo.ba\\\/wp-content\\\/uploads\\\/2023\\\/06\\\/2206_jusuf_nurkic.jpg\",\"datePublished\":\"2023-06-22T19:55:32+00:00\",\"dateModified\":\"2023-06-22T19:56:39+00:00\",\"breadcrumb\":{\"@id\":\"https:\\\/\\\/tuzlainfo.ba\\\/index.php\\\/novosti\\\/item\\\/208251-predavanje-putevi-dobra-jusuf-nurkic-se-u-tuzli-druzio-sa-mladima\\\/#breadcrumb\"},\"inLanguage\":\"bs-BA\",\"potentialAction\":[{\"@type\":\"ReadAction\",\"target\":[\"https:\\\/\\\/tuzlainfo.ba\\\/index.php\\\/novosti\\\/item\\\/208251-predavanje-putevi-dobra-jusuf-nurkic-se-u-tuzli-druzio-sa-mladima\\\/\"]}]},{\"@type\":\"ImageObject\",\"inLanguage\":\"bs-BA\",\"@id\":\"https:\\\/\\\/tuzlainfo.ba\\\/index.php\\\/novosti\\\/item\\\/208251-predavanje-putevi-dobra-jusuf-nurkic-se-u-tuzli-druzio-sa-mladima\\\/#primaryimage\",\"url\":\"https:\\\/\\\/tuzlainfo.ba\\\/wp-content\\\/uploads\\\/2023\\\/06\\\/2206_jusuf_nurkic.jpg\",\"contentUrl\":\"https:\\\/\\\/tuzlainfo.ba\\\/wp-content\\\/uploads\\\/2023\\\/06\\\/2206_jusuf_nurkic.jpg\",\"width\":800,\"height\":528},{\"@type\":\"BreadcrumbList\",\"@id\":\"https:\\\/\\\/tuzlainfo.ba\\\/index.php\\\/novosti\\\/item\\\/208251-predavanje-putevi-dobra-jusuf-nurkic-se-u-tuzli-druzio-sa-mladima\\\/#breadcrumb\",\"itemListElement\":[{\"@type\":\"ListItem\",\"position\":1,\"name\":\"Home\",\"item\":\"https:\\\/\\\/tuzlainfo.ba\\\/\"},{\"@type\":\"ListItem\",\"position\":2,\"name\":\"Predavanje &#8220;Putevi dobra&#8221;: Jusuf Nurki\u0107 se u Tuzli dru\u017eio sa mladima\"}]},{\"@type\":\"WebSite\",\"@id\":\"https:\\\/\\\/tuzlainfo.ba\\\/#website\",\"url\":\"https:\\\/\\\/tuzlainfo.ba\\\/\",\"name\":\"TuzlaInfo.ba\",\"description\":\"Tuzla info, gradski informator - Tuzla na dlanu\",\"publisher\":{\"@id\":\"https:\\\/\\\/tuzlainfo.ba\\\/#organization\"},\"potentialAction\":[{\"@type\":\"SearchAction\",\"target\":{\"@type\":\"EntryPoint\",\"urlTemplate\":\"https:\\\/\\\/tuzlainfo.ba\\\/?s={search_term_string}\"},\"query-input\":{\"@type\":\"PropertyValueSpecification\",\"valueRequired\":true,\"valueName\":\"search_term_string\"}}],\"inLanguage\":\"bs-BA\"},{\"@type\":\"Organization\",\"@id\":\"https:\\\/\\\/tuzlainfo.ba\\\/#organization\",\"name\":\"TuzlaInfo.ba\",\"url\":\"https:\\\/\\\/tuzlainfo.ba\\\/\",\"logo\":{\"@type\":\"ImageObject\",\"inLanguage\":\"bs-BA\",\"@id\":\"https:\\\/\\\/tuzlainfo.ba\\\/#\\\/schema\\\/logo\\\/image\\\/\",\"url\":\"https:\\\/\\\/tuzlainfo.ba\\\/wp-content\\\/uploads\\\/2021\\\/03\\\/logo-ver-3-1.png\",\"contentUrl\":\"https:\\\/\\\/tuzlainfo.ba\\\/wp-content\\\/uploads\\\/2021\\\/03\\\/logo-ver-3-1.png\",\"width\":350,\"height\":95,\"caption\":\"TuzlaInfo.ba\"},\"image\":{\"@id\":\"https:\\\/\\\/tuzlainfo.ba\\\/#\\\/schema\\\/logo\\\/image\\\/\"},\"sameAs\":[\"https:\\\/\\\/www.facebook.com\\\/tuzlainfo.ba\\\/\"]},{\"@type\":\"Person\",\"@id\":\"https:\\\/\\\/tuzlainfo.ba\\\/#\\\/schema\\\/person\\\/46cad4c57790cbc50781edd14870825a\",\"name\":\"Tuzla Info\",\"image\":{\"@type\":\"ImageObject\",\"inLanguage\":\"bs-BA\",\"@id\":\"https:\\\/\\\/secure.gravatar.com\\\/avatar\\\/e980921b00fa2e552723a2386544734ce6885d2b2304ccca3f45186f9ca4031d?s=96&d=mm&r=g\",\"url\":\"https:\\\/\\\/secure.gravatar.com\\\/avatar\\\/e980921b00fa2e552723a2386544734ce6885d2b2304ccca3f45186f9ca4031d?s=96&d=mm&r=g\",\"contentUrl\":\"https:\\\/\\\/secure.gravatar.com\\\/avatar\\\/e980921b00fa2e552723a2386544734ce6885d2b2304ccca3f45186f9ca4031d?s=96&d=mm&r=g\",\"caption\":\"Tuzla Info\"}}]}<\/script>\n<!-- \/ Yoast SEO plugin. -->","yoast_head_json":{"title":"Predavanje \"Putevi dobra\": Jusuf Nurki\u0107 se u Tuzli dru\u017eio sa mladima","robots":{"index":"index","follow":"follow","max-snippet":"max-snippet:-1","max-image-preview":"max-image-preview:large","max-video-preview":"max-video-preview:-1"},"canonical":"https:\/\/tuzlainfo.ba\/index.php\/novosti\/item\/208251-predavanje-putevi-dobra-jusuf-nurkic-se-u-tuzli-druzio-sa-mladima\/","og_locale":"bs_BA","og_type":"article","og_title":"Predavanje \"Putevi dobra\": Jusuf Nurki\u0107 se u Tuzli dru\u017eio sa mladima","og_description":"Najbolji bh. ko\u0161arka\u0161 Jusuf Nurki\u0107, ve\u010deras je bio gost na predavanju u okviru projekta Putevi dobra. Radi se o projektu kojeg ve\u0107 nekoliko godina realizuje Mre\u017ea mladih Muftijstva tuzlanskog, a sedmi\u010dna predavanja odr\u017eavaju se svakog \u010detvrtka u Centru za mlade Tu\u0161anj, poslije ak\u0161am namaza. Ove sedmice specijalni gost bio je i Nurki\u0107. Brojni mladi ljudi [&hellip;]","og_url":"https:\/\/tuzlainfo.ba\/index.php\/novosti\/item\/208251-predavanje-putevi-dobra-jusuf-nurkic-se-u-tuzli-druzio-sa-mladima\/","og_site_name":"TuzlaInfo.ba","article_publisher":"https:\/\/www.facebook.com\/tuzlainfo.ba\/","article_published_time":"2023-06-22T19:55:32+00:00","article_modified_time":"2023-06-22T19:56:39+00:00","og_image":[{"width":800,"height":528,"url":"https:\/\/tuzlainfo.ba\/wp-content\/uploads\/2023\/06\/2206_jusuf_nurkic.jpg","type":"image\/jpeg"}],"author":"Tuzla Info","twitter_card":"summary_large_image","twitter_misc":{"Written by":"Tuzla Info","Est. reading time":"1 minuta"},"schema":{"@context":"https:\/\/schema.org","@graph":[{"@type":"Article","@id":"https:\/\/tuzlainfo.ba\/index.php\/novosti\/item\/208251-predavanje-putevi-dobra-jusuf-nurkic-se-u-tuzli-druzio-sa-mladima\/#article","isPartOf":{"@id":"https:\/\/tuzlainfo.ba\/index.php\/novosti\/item\/208251-predavanje-putevi-dobra-jusuf-nurkic-se-u-tuzli-druzio-sa-mladima\/"},"author":{"name":"Tuzla Info","@id":"https:\/\/tuzlainfo.ba\/#\/schema\/person\/46cad4c57790cbc50781edd14870825a"},"headline":"Predavanje &#8220;Putevi dobra&#8221;: Jusuf Nurki\u0107 se u Tuzli dru\u017eio sa mladima","datePublished":"2023-06-22T19:55:32+00:00","dateModified":"2023-06-22T19:56:39+00:00","mainEntityOfPage":{"@id":"https:\/\/tuzlainfo.ba\/index.php\/novosti\/item\/208251-predavanje-putevi-dobra-jusuf-nurkic-se-u-tuzli-druzio-sa-mladima\/"},"wordCount":125,"commentCount":0,"publisher":{"@id":"https:\/\/tuzlainfo.ba\/#organization"},"image":{"@id":"https:\/\/tuzlainfo.ba\/index.php\/novosti\/item\/208251-predavanje-putevi-dobra-jusuf-nurkic-se-u-tuzli-druzio-sa-mladima\/#primaryimage"},"thumbnailUrl":"https:\/\/tuzlainfo.ba\/wp-content\/uploads\/2023\/06\/2206_jusuf_nurkic.jpg","keywords":["centar za mlade tusanj","jusuf nurki\u0107","tuzla","tuzlanski portal"],"articleSection":["Istaknuto","Novosti"],"inLanguage":"bs-BA","copyrightYear":"2023","copyrightHolder":{"@id":"https:\/\/tuzlainfo.ba\/#organization"}},{"@type":"WebPage","@id":"https:\/\/tuzlainfo.ba\/index.php\/novosti\/item\/208251-predavanje-putevi-dobra-jusuf-nurkic-se-u-tuzli-druzio-sa-mladima\/","url":"https:\/\/tuzlainfo.ba\/index.php\/novosti\/item\/208251-predavanje-putevi-dobra-jusuf-nurkic-se-u-tuzli-druzio-sa-mladima\/","name":"Predavanje \"Putevi dobra\": Jusuf Nurki\u0107 se u Tuzli dru\u017eio sa mladima","isPartOf":{"@id":"https:\/\/tuzlainfo.ba\/#website"},"primaryImageOfPage":{"@id":"https:\/\/tuzlainfo.ba\/index.php\/novosti\/item\/208251-predavanje-putevi-dobra-jusuf-nurkic-se-u-tuzli-druzio-sa-mladima\/#primaryimage"},"image":{"@id":"https:\/\/tuzlainfo.ba\/index.php\/novosti\/item\/208251-predavanje-putevi-dobra-jusuf-nurkic-se-u-tuzli-druzio-sa-mladima\/#primaryimage"},"thumbnailUrl":"https:\/\/tuzlainfo.ba\/wp-content\/uploads\/2023\/06\/2206_jusuf_nurkic.jpg","datePublished":"2023-06-22T19:55:32+00:00","dateModified":"2023-06-22T19:56:39+00:00","breadcrumb":{"@id":"https:\/\/tuzlainfo.ba\/index.php\/novosti\/item\/208251-predavanje-putevi-dobra-jusuf-nurkic-se-u-tuzli-druzio-sa-mladima\/#breadcrumb"},"inLanguage":"bs-BA","potentialAction":[{"@type":"ReadAction","target":["https:\/\/tuzlainfo.ba\/index.php\/novosti\/item\/208251-predavanje-putevi-dobra-jusuf-nurkic-se-u-tuzli-druzio-sa-mladima\/"]}]},{"@type":"ImageObject","inLanguage":"bs-BA","@id":"https:\/\/tuzlainfo.ba\/index.php\/novosti\/item\/208251-predavanje-putevi-dobra-jusuf-nurkic-se-u-tuzli-druzio-sa-mladima\/#primaryimage","url":"https:\/\/tuzlainfo.ba\/wp-content\/uploads\/2023\/06\/2206_jusuf_nurkic.jpg","contentUrl":"https:\/\/tuzlainfo.ba\/wp-content\/uploads\/2023\/06\/2206_jusuf_nurkic.jpg","width":800,"height":528},{"@type":"BreadcrumbList","@id":"https:\/\/tuzlainfo.ba\/index.php\/novosti\/item\/208251-predavanje-putevi-dobra-jusuf-nurkic-se-u-tuzli-druzio-sa-mladima\/#breadcrumb","itemListElement":[{"@type":"ListItem","position":1,"name":"Home","item":"https:\/\/tuzlainfo.ba\/"},{"@type":"ListItem","position":2,"name":"Predavanje &#8220;Putevi dobra&#8221;: Jusuf Nurki\u0107 se u Tuzli dru\u017eio sa mladima"}]},{"@type":"WebSite","@id":"https:\/\/tuzlainfo.ba\/#website","url":"https:\/\/tuzlainfo.ba\/","name":"TuzlaInfo.ba","description":"Tuzla info, gradski informator - Tuzla na dlanu","publisher":{"@id":"https:\/\/tuzlainfo.ba\/#organization"},"potentialAction":[{"@type":"SearchAction","target":{"@type":"EntryPoint","urlTemplate":"https:\/\/tuzlainfo.ba\/?s={search_term_string}"},"query-input":{"@type":"PropertyValueSpecification","valueRequired":true,"valueName":"search_term_string"}}],"inLanguage":"bs-BA"},{"@type":"Organization","@id":"https:\/\/tuzlainfo.ba\/#organization","name":"TuzlaInfo.ba","url":"https:\/\/tuzlainfo.ba\/","logo":{"@type":"ImageObject","inLanguage":"bs-BA","@id":"https:\/\/tuzlainfo.ba\/#\/schema\/logo\/image\/","url":"https:\/\/tuzlainfo.ba\/wp-content\/uploads\/2021\/03\/logo-ver-3-1.png","contentUrl":"https:\/\/tuzlainfo.ba\/wp-content\/uploads\/2021\/03\/logo-ver-3-1.png","width":350,"height":95,"caption":"TuzlaInfo.ba"},"image":{"@id":"https:\/\/tuzlainfo.ba\/#\/schema\/logo\/image\/"},"sameAs":["https:\/\/www.facebook.com\/tuzlainfo.ba\/"]},{"@type":"Person","@id":"https:\/\/tuzlainfo.ba\/#\/schema\/person\/46cad4c57790cbc50781edd14870825a","name":"Tuzla Info","image":{"@type":"ImageObject","inLanguage":"bs-BA","@id":"https:\/\/secure.gravatar.com\/avatar\/e980921b00fa2e552723a2386544734ce6885d2b2304ccca3f45186f9ca4031d?s=96&d=mm&r=g","url":"https:\/\/secure.gravatar.com\/avatar\/e980921b00fa2e552723a2386544734ce6885d2b2304ccca3f45186f9ca4031d?s=96&d=mm&r=g","contentUrl":"https:\/\/secure.gravatar.com\/avatar\/e980921b00fa2e552723a2386544734ce6885d2b2304ccca3f45186f9ca4031d?s=96&d=mm&r=g","caption":"Tuzla Info"}}]}},"_links":{"self":[{"href":"https:\/\/tuzlainfo.ba\/index.php\/wp-json\/wp\/v2\/posts\/208251","targetHints":{"allow":["GET"]}}],"collection":[{"href":"https:\/\/tuzlainfo.ba\/index.php\/wp-json\/wp\/v2\/posts"}],"about":[{"href":"https:\/\/tuzlainfo.ba\/index.php\/wp-json\/wp\/v2\/types\/post"}],"author":[{"embeddable":true,"href":"https:\/\/tuzlainfo.ba\/index.php\/wp-json\/wp\/v2\/users\/4"}],"replies":[{"embeddable":true,"href":"https:\/\/tuzlainfo.ba\/index.php\/wp-json\/wp\/v2\/comments?post=208251"}],"version-history":[{"count":0,"href":"https:\/\/tuzlainfo.ba\/index.php\/wp-json\/wp\/v2\/posts\/208251\/revisions"}],"wp:featuredmedia":[{"embeddable":true,"href":"https:\/\/tuzlainfo.ba\/index.php\/wp-json\/wp\/v2\/media\/208264"}],"wp:attachment":[{"href":"https:\/\/tuzlainfo.ba\/index.php\/wp-json\/wp\/v2\/media?parent=208251"}],"wp:term":[{"taxonomy":"category","embeddable":true,"href":"https:\/\/tuzlainfo.ba\/index.php\/wp-json\/wp\/v2\/categories?post=208251"},{"taxonomy":"post_tag","embeddable":true,"href":"https:\/\/tuzlainfo.ba\/index.php\/wp-json\/wp\/v2\/tags?post=208251"}],"curies":[{"name":"wp","href":"https:\/\/api.w.org\/{rel}","templated":true}]}}