{"id":207776,"date":"2023-06-18T09:18:23","date_gmt":"2023-06-18T07:18:23","guid":{"rendered":"https:\/\/tuzlainfo.ba\/?p=207776"},"modified":"2023-06-18T09:18:23","modified_gmt":"2023-06-18T07:18:23","slug":"blokirana-industrijska-zona-panika-u-novom-pazaru-evakuisano-stanovnistvo","status":"publish","type":"post","link":"https:\/\/tuzlainfo.ba\/index.php\/clanci\/sa-svih-strana\/item\/207776-blokirana-industrijska-zona-panika-u-novom-pazaru-evakuisano-stanovnistvo\/","title":{"rendered":"Blokirana industrijska zona: Panika u Novom Pazaru, evakuisano stanovni\u0161tvo"},"content":{"rendered":"<p>Policija je sino\u0107 blokirala Industrijsku zonu u Novom Pazaru nakon \u0161to je stigla prijava da je do\u0161lo do izlijevanja opasnih materija iz buradi.<\/p>\n<p>Nezvani\u010dno, radi se o kiselini za jeans, prenosi RINA.<\/p>\n<p>&#8220;Ljudi koji \u017eive u blizini su evakuisani, izlile su se zapaljive materije, a njihovo udisanje mo\u017ee biti opasno po zdravlje. Policija ne dozvoljava nikome da pri\u0111e&#8221;, kazao je spomenutu agenciju jedan od o\u010devidaca.<\/p>\n<p>Na licu mjesta bili su policajci i vatrogasci sa punom opremom za reagovanje u ovakvim stuacijama.<\/p>\n<p>&#8220;Pripadnici Ministarstva unutra\u0161njih poslova, Sektora za vanredne situacije anga\u017eovani su na intervenciji u industrijskoj zoni u Novom Pazaru gdje je ve\u010deras u jednom gra\u0111evinskom objektu usled spajanja sode i hidrogen peroksida do\u0161lo do zadimljavanja magacinskog prostora&#8221;, saop\u0161teno je sino\u0107 iz MUP-a Srbije.<\/p>\n<p>Nije bilo povrije\u0111enih, kao ni otvorenog plamena, a usljed promjene pravca kretanja dima, iz preventivnih razloga evakuisano je \u0161est osoba iz dvije stambene zgrade koje se nalaze u neposrednoj blizini ovog gra\u0111evinskog objekta.<\/p>\n","protected":false},"excerpt":{"rendered":"<p>Policija je sino\u0107 blokirala Industrijsku zonu u Novom Pazaru nakon \u0161to je stigla prijava da&hellip;<\/p>\n","protected":false},"author":2,"featured_media":207777,"comment_status":"open","ping_status":"closed","sticky":false,"template":"","format":"standard","meta":{"_acf_changed":false,"footnotes":""},"categories":[16],"tags":[1317],"acf":[],"yoast_head":"<!-- This site is optimized with the Yoast SEO plugin v23.5 - https:\/\/yoast.com\/wordpress\/plugins\/seo\/ -->\n<title>Blokirana industrijska zona: Panika u Novom Pazaru, evakuisano stanovni\u0161tvo - TuzlaInfo.ba<\/title>\n<meta name=\"robots\" content=\"index, follow, max-snippet:-1, max-image-preview:large, max-video-preview:-1\" \/>\n<link rel=\"canonical\" href=\"https:\/\/tuzlainfo.ba\/index.php\/clanci\/sa-svih-strana\/item\/207776-blokirana-industrijska-zona-panika-u-novom-pazaru-evakuisano-stanovnistvo\/\" \/>\n<meta property=\"og:locale\" content=\"bs_BA\" \/>\n<meta property=\"og:type\" content=\"article\" \/>\n<meta property=\"og:title\" content=\"Blokirana industrijska zona: Panika u Novom Pazaru, evakuisano stanovni\u0161tvo - TuzlaInfo.ba\" \/>\n<meta property=\"og:description\" content=\"Policija je sino\u0107 blokirala Industrijsku zonu u Novom Pazaru nakon \u0161to je stigla prijava da&hellip;\" \/>\n<meta property=\"og:url\" content=\"https:\/\/tuzlainfo.ba\/index.php\/clanci\/sa-svih-strana\/item\/207776-blokirana-industrijska-zona-panika-u-novom-pazaru-evakuisano-stanovnistvo\/\" \/>\n<meta property=\"og:site_name\" content=\"TuzlaInfo.ba\" \/>\n<meta property=\"article:publisher\" content=\"https:\/\/www.facebook.com\/tuzlainfo.ba\/\" \/>\n<meta property=\"article:published_time\" content=\"2023-06-18T07:18:23+00:00\" \/>\n<meta property=\"og:image\" content=\"https:\/\/tuzlainfo.ba\/wp-content\/uploads\/2023\/06\/1806_np.jpg\" \/>\n\t<meta property=\"og:image:width\" content=\"900\" \/>\n\t<meta property=\"og:image:height\" content=\"512\" \/>\n\t<meta property=\"og:image:type\" content=\"image\/jpeg\" \/>\n<meta name=\"author\" content=\"nedim\" \/>\n<meta name=\"twitter:card\" content=\"summary_large_image\" \/>\n<meta name=\"twitter:label1\" content=\"Written by\" \/>\n\t<meta name=\"twitter:data1\" content=\"nedim\" \/>\n\t<meta name=\"twitter:label2\" content=\"Est. reading time\" \/>\n\t<meta name=\"twitter:data2\" content=\"1 minuta\" \/>\n<script type=\"application\/ld+json\" class=\"yoast-schema-graph\">{\"@context\":\"https:\/\/schema.org\",\"@graph\":[{\"@type\":\"Article\",\"@id\":\"https:\/\/tuzlainfo.ba\/index.php\/clanci\/sa-svih-strana\/item\/207776-blokirana-industrijska-zona-panika-u-novom-pazaru-evakuisano-stanovnistvo\/#article\",\"isPartOf\":{\"@id\":\"https:\/\/tuzlainfo.ba\/index.php\/clanci\/sa-svih-strana\/item\/207776-blokirana-industrijska-zona-panika-u-novom-pazaru-evakuisano-stanovnistvo\/\"},\"author\":{\"name\":\"nedim\",\"@id\":\"https:\/\/tuzlainfo.ba\/#\/schema\/person\/f434e20dc27ea133923aab08451b7f7f\"},\"headline\":\"Blokirana industrijska zona: Panika u Novom Pazaru, evakuisano stanovni\u0161tvo\",\"datePublished\":\"2023-06-18T07:18:23+00:00\",\"dateModified\":\"2023-06-18T07:18:23+00:00\",\"mainEntityOfPage\":{\"@id\":\"https:\/\/tuzlainfo.ba\/index.php\/clanci\/sa-svih-strana\/item\/207776-blokirana-industrijska-zona-panika-u-novom-pazaru-evakuisano-stanovnistvo\/\"},\"wordCount\":179,\"commentCount\":0,\"publisher\":{\"@id\":\"https:\/\/tuzlainfo.ba\/#organization\"},\"image\":{\"@id\":\"https:\/\/tuzlainfo.ba\/index.php\/clanci\/sa-svih-strana\/item\/207776-blokirana-industrijska-zona-panika-u-novom-pazaru-evakuisano-stanovnistvo\/#primaryimage\"},\"thumbnailUrl\":\"https:\/\/tuzlainfo.ba\/wp-content\/uploads\/2023\/06\/1806_np.jpg\",\"keywords\":[\"novi pazar\"],\"articleSection\":[\"Sa svih strana\"],\"inLanguage\":\"bs-BA\"},{\"@type\":\"WebPage\",\"@id\":\"https:\/\/tuzlainfo.ba\/index.php\/clanci\/sa-svih-strana\/item\/207776-blokirana-industrijska-zona-panika-u-novom-pazaru-evakuisano-stanovnistvo\/\",\"url\":\"https:\/\/tuzlainfo.ba\/index.php\/clanci\/sa-svih-strana\/item\/207776-blokirana-industrijska-zona-panika-u-novom-pazaru-evakuisano-stanovnistvo\/\",\"name\":\"Blokirana industrijska zona: Panika u Novom Pazaru, evakuisano stanovni\u0161tvo - TuzlaInfo.ba\",\"isPartOf\":{\"@id\":\"https:\/\/tuzlainfo.ba\/#website\"},\"primaryImageOfPage\":{\"@id\":\"https:\/\/tuzlainfo.ba\/index.php\/clanci\/sa-svih-strana\/item\/207776-blokirana-industrijska-zona-panika-u-novom-pazaru-evakuisano-stanovnistvo\/#primaryimage\"},\"image\":{\"@id\":\"https:\/\/tuzlainfo.ba\/index.php\/clanci\/sa-svih-strana\/item\/207776-blokirana-industrijska-zona-panika-u-novom-pazaru-evakuisano-stanovnistvo\/#primaryimage\"},\"thumbnailUrl\":\"https:\/\/tuzlainfo.ba\/wp-content\/uploads\/2023\/06\/1806_np.jpg\",\"datePublished\":\"2023-06-18T07:18:23+00:00\",\"dateModified\":\"2023-06-18T07:18:23+00:00\",\"breadcrumb\":{\"@id\":\"https:\/\/tuzlainfo.ba\/index.php\/clanci\/sa-svih-strana\/item\/207776-blokirana-industrijska-zona-panika-u-novom-pazaru-evakuisano-stanovnistvo\/#breadcrumb\"},\"inLanguage\":\"bs-BA\",\"potentialAction\":[{\"@type\":\"ReadAction\",\"target\":[\"https:\/\/tuzlainfo.ba\/index.php\/clanci\/sa-svih-strana\/item\/207776-blokirana-industrijska-zona-panika-u-novom-pazaru-evakuisano-stanovnistvo\/\"]}]},{\"@type\":\"ImageObject\",\"inLanguage\":\"bs-BA\",\"@id\":\"https:\/\/tuzlainfo.ba\/index.php\/clanci\/sa-svih-strana\/item\/207776-blokirana-industrijska-zona-panika-u-novom-pazaru-evakuisano-stanovnistvo\/#primaryimage\",\"url\":\"https:\/\/tuzlainfo.ba\/wp-content\/uploads\/2023\/06\/1806_np.jpg\",\"contentUrl\":\"https:\/\/tuzlainfo.ba\/wp-content\/uploads\/2023\/06\/1806_np.jpg\",\"width\":900,\"height\":512},{\"@type\":\"BreadcrumbList\",\"@id\":\"https:\/\/tuzlainfo.ba\/index.php\/clanci\/sa-svih-strana\/item\/207776-blokirana-industrijska-zona-panika-u-novom-pazaru-evakuisano-stanovnistvo\/#breadcrumb\",\"itemListElement\":[{\"@type\":\"ListItem\",\"position\":1,\"name\":\"Home\",\"item\":\"https:\/\/tuzlainfo.ba\/\"},{\"@type\":\"ListItem\",\"position\":2,\"name\":\"Blokirana industrijska zona: Panika u Novom Pazaru, evakuisano stanovni\u0161tvo\"}]},{\"@type\":\"WebSite\",\"@id\":\"https:\/\/tuzlainfo.ba\/#website\",\"url\":\"https:\/\/tuzlainfo.ba\/\",\"name\":\"TuzlaInfo.ba\",\"description\":\"Tuzla info, gradski informator - Tuzla na dlanu\",\"publisher\":{\"@id\":\"https:\/\/tuzlainfo.ba\/#organization\"},\"potentialAction\":[{\"@type\":\"SearchAction\",\"target\":{\"@type\":\"EntryPoint\",\"urlTemplate\":\"https:\/\/tuzlainfo.ba\/?s={search_term_string}\"},\"query-input\":{\"@type\":\"PropertyValueSpecification\",\"valueRequired\":true,\"valueName\":\"search_term_string\"}}],\"inLanguage\":\"bs-BA\"},{\"@type\":\"Organization\",\"@id\":\"https:\/\/tuzlainfo.ba\/#organization\",\"name\":\"TuzlaInfo.ba\",\"url\":\"https:\/\/tuzlainfo.ba\/\",\"logo\":{\"@type\":\"ImageObject\",\"inLanguage\":\"bs-BA\",\"@id\":\"https:\/\/tuzlainfo.ba\/#\/schema\/logo\/image\/\",\"url\":\"https:\/\/tuzlainfo.ba\/wp-content\/uploads\/2021\/03\/logo-ver-3-1.png\",\"contentUrl\":\"https:\/\/tuzlainfo.ba\/wp-content\/uploads\/2021\/03\/logo-ver-3-1.png\",\"width\":350,\"height\":95,\"caption\":\"TuzlaInfo.ba\"},\"image\":{\"@id\":\"https:\/\/tuzlainfo.ba\/#\/schema\/logo\/image\/\"},\"sameAs\":[\"https:\/\/www.facebook.com\/tuzlainfo.ba\/\"]},{\"@type\":\"Person\",\"@id\":\"https:\/\/tuzlainfo.ba\/#\/schema\/person\/f434e20dc27ea133923aab08451b7f7f\",\"name\":\"nedim\",\"image\":{\"@type\":\"ImageObject\",\"inLanguage\":\"bs-BA\",\"@id\":\"https:\/\/tuzlainfo.ba\/#\/schema\/person\/image\/\",\"url\":\"https:\/\/tuzlainfo.ba\/wp-content\/litespeed\/avatar\/aabad687af24844af817603ac1cbdc4f.jpg?ver=1776702173\",\"contentUrl\":\"https:\/\/tuzlainfo.ba\/wp-content\/litespeed\/avatar\/aabad687af24844af817603ac1cbdc4f.jpg?ver=1776702173\",\"caption\":\"nedim\"},\"description\":\"Tuzlainfo.ba pratite na dru\u0161tvenim mre\u017eama: Facebook, Instagram i Youtube. Svoje pri\u010de, upite i fotografije \u0161aljite na na\u0161u e-mail adresu.\"}]}<\/script>\n<!-- \/ Yoast SEO plugin. -->","yoast_head_json":{"title":"Blokirana industrijska zona: Panika u Novom Pazaru, evakuisano stanovni\u0161tvo - TuzlaInfo.ba","robots":{"index":"index","follow":"follow","max-snippet":"max-snippet:-1","max-image-preview":"max-image-preview:large","max-video-preview":"max-video-preview:-1"},"canonical":"https:\/\/tuzlainfo.ba\/index.php\/clanci\/sa-svih-strana\/item\/207776-blokirana-industrijska-zona-panika-u-novom-pazaru-evakuisano-stanovnistvo\/","og_locale":"bs_BA","og_type":"article","og_title":"Blokirana industrijska zona: Panika u Novom Pazaru, evakuisano stanovni\u0161tvo - TuzlaInfo.ba","og_description":"Policija je sino\u0107 blokirala Industrijsku zonu u Novom Pazaru nakon \u0161to je stigla prijava da&hellip;","og_url":"https:\/\/tuzlainfo.ba\/index.php\/clanci\/sa-svih-strana\/item\/207776-blokirana-industrijska-zona-panika-u-novom-pazaru-evakuisano-stanovnistvo\/","og_site_name":"TuzlaInfo.ba","article_publisher":"https:\/\/www.facebook.com\/tuzlainfo.ba\/","article_published_time":"2023-06-18T07:18:23+00:00","og_image":[{"width":900,"height":512,"url":"https:\/\/tuzlainfo.ba\/wp-content\/uploads\/2023\/06\/1806_np.jpg","type":"image\/jpeg"}],"author":"nedim","twitter_card":"summary_large_image","twitter_misc":{"Written by":"nedim","Est. reading time":"1 minuta"},"schema":{"@context":"https:\/\/schema.org","@graph":[{"@type":"Article","@id":"https:\/\/tuzlainfo.ba\/index.php\/clanci\/sa-svih-strana\/item\/207776-blokirana-industrijska-zona-panika-u-novom-pazaru-evakuisano-stanovnistvo\/#article","isPartOf":{"@id":"https:\/\/tuzlainfo.ba\/index.php\/clanci\/sa-svih-strana\/item\/207776-blokirana-industrijska-zona-panika-u-novom-pazaru-evakuisano-stanovnistvo\/"},"author":{"name":"nedim","@id":"https:\/\/tuzlainfo.ba\/#\/schema\/person\/f434e20dc27ea133923aab08451b7f7f"},"headline":"Blokirana industrijska zona: Panika u Novom Pazaru, evakuisano stanovni\u0161tvo","datePublished":"2023-06-18T07:18:23+00:00","dateModified":"2023-06-18T07:18:23+00:00","mainEntityOfPage":{"@id":"https:\/\/tuzlainfo.ba\/index.php\/clanci\/sa-svih-strana\/item\/207776-blokirana-industrijska-zona-panika-u-novom-pazaru-evakuisano-stanovnistvo\/"},"wordCount":179,"commentCount":0,"publisher":{"@id":"https:\/\/tuzlainfo.ba\/#organization"},"image":{"@id":"https:\/\/tuzlainfo.ba\/index.php\/clanci\/sa-svih-strana\/item\/207776-blokirana-industrijska-zona-panika-u-novom-pazaru-evakuisano-stanovnistvo\/#primaryimage"},"thumbnailUrl":"https:\/\/tuzlainfo.ba\/wp-content\/uploads\/2023\/06\/1806_np.jpg","keywords":["novi pazar"],"articleSection":["Sa svih strana"],"inLanguage":"bs-BA"},{"@type":"WebPage","@id":"https:\/\/tuzlainfo.ba\/index.php\/clanci\/sa-svih-strana\/item\/207776-blokirana-industrijska-zona-panika-u-novom-pazaru-evakuisano-stanovnistvo\/","url":"https:\/\/tuzlainfo.ba\/index.php\/clanci\/sa-svih-strana\/item\/207776-blokirana-industrijska-zona-panika-u-novom-pazaru-evakuisano-stanovnistvo\/","name":"Blokirana industrijska zona: Panika u Novom Pazaru, evakuisano stanovni\u0161tvo - TuzlaInfo.ba","isPartOf":{"@id":"https:\/\/tuzlainfo.ba\/#website"},"primaryImageOfPage":{"@id":"https:\/\/tuzlainfo.ba\/index.php\/clanci\/sa-svih-strana\/item\/207776-blokirana-industrijska-zona-panika-u-novom-pazaru-evakuisano-stanovnistvo\/#primaryimage"},"image":{"@id":"https:\/\/tuzlainfo.ba\/index.php\/clanci\/sa-svih-strana\/item\/207776-blokirana-industrijska-zona-panika-u-novom-pazaru-evakuisano-stanovnistvo\/#primaryimage"},"thumbnailUrl":"https:\/\/tuzlainfo.ba\/wp-content\/uploads\/2023\/06\/1806_np.jpg","datePublished":"2023-06-18T07:18:23+00:00","dateModified":"2023-06-18T07:18:23+00:00","breadcrumb":{"@id":"https:\/\/tuzlainfo.ba\/index.php\/clanci\/sa-svih-strana\/item\/207776-blokirana-industrijska-zona-panika-u-novom-pazaru-evakuisano-stanovnistvo\/#breadcrumb"},"inLanguage":"bs-BA","potentialAction":[{"@type":"ReadAction","target":["https:\/\/tuzlainfo.ba\/index.php\/clanci\/sa-svih-strana\/item\/207776-blokirana-industrijska-zona-panika-u-novom-pazaru-evakuisano-stanovnistvo\/"]}]},{"@type":"ImageObject","inLanguage":"bs-BA","@id":"https:\/\/tuzlainfo.ba\/index.php\/clanci\/sa-svih-strana\/item\/207776-blokirana-industrijska-zona-panika-u-novom-pazaru-evakuisano-stanovnistvo\/#primaryimage","url":"https:\/\/tuzlainfo.ba\/wp-content\/uploads\/2023\/06\/1806_np.jpg","contentUrl":"https:\/\/tuzlainfo.ba\/wp-content\/uploads\/2023\/06\/1806_np.jpg","width":900,"height":512},{"@type":"BreadcrumbList","@id":"https:\/\/tuzlainfo.ba\/index.php\/clanci\/sa-svih-strana\/item\/207776-blokirana-industrijska-zona-panika-u-novom-pazaru-evakuisano-stanovnistvo\/#breadcrumb","itemListElement":[{"@type":"ListItem","position":1,"name":"Home","item":"https:\/\/tuzlainfo.ba\/"},{"@type":"ListItem","position":2,"name":"Blokirana industrijska zona: Panika u Novom Pazaru, evakuisano stanovni\u0161tvo"}]},{"@type":"WebSite","@id":"https:\/\/tuzlainfo.ba\/#website","url":"https:\/\/tuzlainfo.ba\/","name":"TuzlaInfo.ba","description":"Tuzla info, gradski informator - Tuzla na dlanu","publisher":{"@id":"https:\/\/tuzlainfo.ba\/#organization"},"potentialAction":[{"@type":"SearchAction","target":{"@type":"EntryPoint","urlTemplate":"https:\/\/tuzlainfo.ba\/?s={search_term_string}"},"query-input":{"@type":"PropertyValueSpecification","valueRequired":true,"valueName":"search_term_string"}}],"inLanguage":"bs-BA"},{"@type":"Organization","@id":"https:\/\/tuzlainfo.ba\/#organization","name":"TuzlaInfo.ba","url":"https:\/\/tuzlainfo.ba\/","logo":{"@type":"ImageObject","inLanguage":"bs-BA","@id":"https:\/\/tuzlainfo.ba\/#\/schema\/logo\/image\/","url":"https:\/\/tuzlainfo.ba\/wp-content\/uploads\/2021\/03\/logo-ver-3-1.png","contentUrl":"https:\/\/tuzlainfo.ba\/wp-content\/uploads\/2021\/03\/logo-ver-3-1.png","width":350,"height":95,"caption":"TuzlaInfo.ba"},"image":{"@id":"https:\/\/tuzlainfo.ba\/#\/schema\/logo\/image\/"},"sameAs":["https:\/\/www.facebook.com\/tuzlainfo.ba\/"]},{"@type":"Person","@id":"https:\/\/tuzlainfo.ba\/#\/schema\/person\/f434e20dc27ea133923aab08451b7f7f","name":"nedim","image":{"@type":"ImageObject","inLanguage":"bs-BA","@id":"https:\/\/tuzlainfo.ba\/#\/schema\/person\/image\/","url":"https:\/\/tuzlainfo.ba\/wp-content\/litespeed\/avatar\/aabad687af24844af817603ac1cbdc4f.jpg?ver=1776702173","contentUrl":"https:\/\/tuzlainfo.ba\/wp-content\/litespeed\/avatar\/aabad687af24844af817603ac1cbdc4f.jpg?ver=1776702173","caption":"nedim"},"description":"Tuzlainfo.ba pratite na dru\u0161tvenim mre\u017eama: Facebook, Instagram i Youtube. Svoje pri\u010de, upite i fotografije \u0161aljite na na\u0161u e-mail adresu."}]}},"_links":{"self":[{"href":"https:\/\/tuzlainfo.ba\/index.php\/wp-json\/wp\/v2\/posts\/207776"}],"collection":[{"href":"https:\/\/tuzlainfo.ba\/index.php\/wp-json\/wp\/v2\/posts"}],"about":[{"href":"https:\/\/tuzlainfo.ba\/index.php\/wp-json\/wp\/v2\/types\/post"}],"author":[{"embeddable":true,"href":"https:\/\/tuzlainfo.ba\/index.php\/wp-json\/wp\/v2\/users\/2"}],"replies":[{"embeddable":true,"href":"https:\/\/tuzlainfo.ba\/index.php\/wp-json\/wp\/v2\/comments?post=207776"}],"version-history":[{"count":0,"href":"https:\/\/tuzlainfo.ba\/index.php\/wp-json\/wp\/v2\/posts\/207776\/revisions"}],"wp:featuredmedia":[{"embeddable":true,"href":"https:\/\/tuzlainfo.ba\/index.php\/wp-json\/wp\/v2\/media\/207777"}],"wp:attachment":[{"href":"https:\/\/tuzlainfo.ba\/index.php\/wp-json\/wp\/v2\/media?parent=207776"}],"wp:term":[{"taxonomy":"category","embeddable":true,"href":"https:\/\/tuzlainfo.ba\/index.php\/wp-json\/wp\/v2\/categories?post=207776"},{"taxonomy":"post_tag","embeddable":true,"href":"https:\/\/tuzlainfo.ba\/index.php\/wp-json\/wp\/v2\/tags?post=207776"}],"curies":[{"name":"wp","href":"https:\/\/api.w.org\/{rel}","templated":true}]}}