{"id":207759,"date":"2023-06-18T08:29:38","date_gmt":"2023-06-18T06:29:38","guid":{"rendered":"https:\/\/tuzlainfo.ba\/?p=207759"},"modified":"2023-06-18T08:29:38","modified_gmt":"2023-06-18T06:29:38","slug":"hadzibegic-nakon-poraza-od-portugala-pet-izmjena-sam-izvrsio-zbog-pet-povreda","status":"publish","type":"post","link":"https:\/\/tuzlainfo.ba\/index.php\/bosna-i-hercegovina\/item\/207759-hadzibegic-nakon-poraza-od-portugala-pet-izmjena-sam-izvrsio-zbog-pet-povreda\/","title":{"rendered":"Had\u017eibegi\u0107 nakon poraza od Portugala: Pet izmjena sam izvr\u0161io zbog pet povreda"},"content":{"rendered":"<p>Faruk Had\u017eibegi\u0107, selektor fudbalske A reprezentacije Bosne i Hercegovine, \u010destitao je Portugalcima na pobjedi rezultatom 3:0 u tre\u0107em kolu grupe J kvalifikacija za EURO.<\/p>\n<p>&#8211; Kaznili su nas na na\u0161im gre\u0161kama. Imali smo prilika da damo gol, u prvom preko D\u017eeke, u drugom preko Hamuli\u0107a. Mislim da je 2:1 rezultat bio najobjektivniji &#8211; smatra selektor Zmajeva uz opasku da BiH ima puno talenta i da je za me\u0111unarodno iskustvo potrebno ovakvih utakmica.<\/p>\n<div class=\"post-content post-content-holder\">\n<p>&#8211; Te\u0161ki su porazi, te\u0161ko ih je i \u017eivjeti, pogotovo nama trenerima. Iz ove ko\u017ee ne mo\u017eemo Ekipa mi je dala utisak, da mo\u017ee da ho\u0107e. U drugom poluvremenu smo pali fizi\u010dki tako da je bilo te\u0161ko reagovati. Pet izmjena sam izvr\u0161io zbog pet povreda, svi su tra\u017eili da iza\u0111u.<\/p>\n<p>&#8211; \u017dao mi je, volio bih da sam imao priliku da mijenjam, ne zbog povreda, ne zbog umora, ali to je na\u0161a trenutna realnost. Trebamo \u0161to prije da se oporavimo, da \u0161to bolje reagujemo u utorak. Do kraja kvalifikacija ima dovoljno vremena &#8211; zaklju\u010dio je Had\u017eibegi\u0107.<\/p>\n<\/div>\n","protected":false},"excerpt":{"rendered":"<p>Faruk Had\u017eibegi\u0107, selektor fudbalske A reprezentacije Bosne i Hercegovine, \u010destitao je Portugalcima na pobjedi rezultatom&hellip;<\/p>\n","protected":false},"author":2,"featured_media":207760,"comment_status":"open","ping_status":"closed","sticky":false,"template":"","format":"standard","meta":{"_acf_changed":false,"footnotes":""},"categories":[291,304],"tags":[6002,915],"acf":[],"yoast_head":"<!-- This site is optimized with the Yoast SEO plugin v23.5 - https:\/\/yoast.com\/wordpress\/plugins\/seo\/ -->\n<title>Had\u017eibegi\u0107 nakon poraza od Portugala: Pet izmjena sam izvr\u0161io zbog pet povreda - TuzlaInfo.ba<\/title>\n<meta name=\"robots\" content=\"index, follow, max-snippet:-1, max-image-preview:large, max-video-preview:-1\" \/>\n<link rel=\"canonical\" href=\"https:\/\/tuzlainfo.ba\/index.php\/bosna-i-hercegovina\/item\/207759-hadzibegic-nakon-poraza-od-portugala-pet-izmjena-sam-izvrsio-zbog-pet-povreda\/\" \/>\n<meta property=\"og:locale\" content=\"bs_BA\" \/>\n<meta property=\"og:type\" content=\"article\" \/>\n<meta property=\"og:title\" content=\"Had\u017eibegi\u0107 nakon poraza od Portugala: Pet izmjena sam izvr\u0161io zbog pet povreda - TuzlaInfo.ba\" \/>\n<meta property=\"og:description\" content=\"Faruk Had\u017eibegi\u0107, selektor fudbalske A reprezentacije Bosne i Hercegovine, \u010destitao je Portugalcima na pobjedi rezultatom&hellip;\" \/>\n<meta property=\"og:url\" content=\"https:\/\/tuzlainfo.ba\/index.php\/bosna-i-hercegovina\/item\/207759-hadzibegic-nakon-poraza-od-portugala-pet-izmjena-sam-izvrsio-zbog-pet-povreda\/\" \/>\n<meta property=\"og:site_name\" content=\"TuzlaInfo.ba\" \/>\n<meta property=\"article:publisher\" content=\"https:\/\/www.facebook.com\/tuzlainfo.ba\/\" \/>\n<meta property=\"article:published_time\" content=\"2023-06-18T06:29:38+00:00\" \/>\n<meta property=\"og:image\" content=\"https:\/\/tuzlainfo.ba\/wp-content\/uploads\/2023\/06\/1806_faruk_hadzibegic.jpg\" \/>\n\t<meta property=\"og:image:width\" content=\"800\" \/>\n\t<meta property=\"og:image:height\" content=\"533\" \/>\n\t<meta property=\"og:image:type\" content=\"image\/jpeg\" \/>\n<meta name=\"author\" content=\"nedim\" \/>\n<meta name=\"twitter:card\" content=\"summary_large_image\" \/>\n<meta name=\"twitter:label1\" content=\"Written by\" \/>\n\t<meta name=\"twitter:data1\" content=\"nedim\" \/>\n\t<meta name=\"twitter:label2\" content=\"Est. reading time\" \/>\n\t<meta name=\"twitter:data2\" content=\"1 minuta\" \/>\n<script type=\"application\/ld+json\" class=\"yoast-schema-graph\">{\"@context\":\"https:\/\/schema.org\",\"@graph\":[{\"@type\":\"Article\",\"@id\":\"https:\/\/tuzlainfo.ba\/index.php\/bosna-i-hercegovina\/item\/207759-hadzibegic-nakon-poraza-od-portugala-pet-izmjena-sam-izvrsio-zbog-pet-povreda\/#article\",\"isPartOf\":{\"@id\":\"https:\/\/tuzlainfo.ba\/index.php\/bosna-i-hercegovina\/item\/207759-hadzibegic-nakon-poraza-od-portugala-pet-izmjena-sam-izvrsio-zbog-pet-povreda\/\"},\"author\":{\"name\":\"nedim\",\"@id\":\"https:\/\/tuzlainfo.ba\/#\/schema\/person\/f434e20dc27ea133923aab08451b7f7f\"},\"headline\":\"Had\u017eibegi\u0107 nakon poraza od Portugala: Pet izmjena sam izvr\u0161io zbog pet povreda\",\"datePublished\":\"2023-06-18T06:29:38+00:00\",\"dateModified\":\"2023-06-18T06:29:38+00:00\",\"mainEntityOfPage\":{\"@id\":\"https:\/\/tuzlainfo.ba\/index.php\/bosna-i-hercegovina\/item\/207759-hadzibegic-nakon-poraza-od-portugala-pet-izmjena-sam-izvrsio-zbog-pet-povreda\/\"},\"wordCount\":201,\"commentCount\":0,\"publisher\":{\"@id\":\"https:\/\/tuzlainfo.ba\/#organization\"},\"image\":{\"@id\":\"https:\/\/tuzlainfo.ba\/index.php\/bosna-i-hercegovina\/item\/207759-hadzibegic-nakon-poraza-od-portugala-pet-izmjena-sam-izvrsio-zbog-pet-povreda\/#primaryimage\"},\"thumbnailUrl\":\"https:\/\/tuzlainfo.ba\/wp-content\/uploads\/2023\/06\/1806_faruk_hadzibegic.jpg\",\"keywords\":[\"faruk had\u017eibegi\u0107\",\"sport\"],\"articleSection\":[\"Bosna i Hercegovina\",\"Istaknuto\"],\"inLanguage\":\"bs-BA\"},{\"@type\":\"WebPage\",\"@id\":\"https:\/\/tuzlainfo.ba\/index.php\/bosna-i-hercegovina\/item\/207759-hadzibegic-nakon-poraza-od-portugala-pet-izmjena-sam-izvrsio-zbog-pet-povreda\/\",\"url\":\"https:\/\/tuzlainfo.ba\/index.php\/bosna-i-hercegovina\/item\/207759-hadzibegic-nakon-poraza-od-portugala-pet-izmjena-sam-izvrsio-zbog-pet-povreda\/\",\"name\":\"Had\u017eibegi\u0107 nakon poraza od Portugala: Pet izmjena sam izvr\u0161io zbog pet povreda - TuzlaInfo.ba\",\"isPartOf\":{\"@id\":\"https:\/\/tuzlainfo.ba\/#website\"},\"primaryImageOfPage\":{\"@id\":\"https:\/\/tuzlainfo.ba\/index.php\/bosna-i-hercegovina\/item\/207759-hadzibegic-nakon-poraza-od-portugala-pet-izmjena-sam-izvrsio-zbog-pet-povreda\/#primaryimage\"},\"image\":{\"@id\":\"https:\/\/tuzlainfo.ba\/index.php\/bosna-i-hercegovina\/item\/207759-hadzibegic-nakon-poraza-od-portugala-pet-izmjena-sam-izvrsio-zbog-pet-povreda\/#primaryimage\"},\"thumbnailUrl\":\"https:\/\/tuzlainfo.ba\/wp-content\/uploads\/2023\/06\/1806_faruk_hadzibegic.jpg\",\"datePublished\":\"2023-06-18T06:29:38+00:00\",\"dateModified\":\"2023-06-18T06:29:38+00:00\",\"breadcrumb\":{\"@id\":\"https:\/\/tuzlainfo.ba\/index.php\/bosna-i-hercegovina\/item\/207759-hadzibegic-nakon-poraza-od-portugala-pet-izmjena-sam-izvrsio-zbog-pet-povreda\/#breadcrumb\"},\"inLanguage\":\"bs-BA\",\"potentialAction\":[{\"@type\":\"ReadAction\",\"target\":[\"https:\/\/tuzlainfo.ba\/index.php\/bosna-i-hercegovina\/item\/207759-hadzibegic-nakon-poraza-od-portugala-pet-izmjena-sam-izvrsio-zbog-pet-povreda\/\"]}]},{\"@type\":\"ImageObject\",\"inLanguage\":\"bs-BA\",\"@id\":\"https:\/\/tuzlainfo.ba\/index.php\/bosna-i-hercegovina\/item\/207759-hadzibegic-nakon-poraza-od-portugala-pet-izmjena-sam-izvrsio-zbog-pet-povreda\/#primaryimage\",\"url\":\"https:\/\/tuzlainfo.ba\/wp-content\/uploads\/2023\/06\/1806_faruk_hadzibegic.jpg\",\"contentUrl\":\"https:\/\/tuzlainfo.ba\/wp-content\/uploads\/2023\/06\/1806_faruk_hadzibegic.jpg\",\"width\":800,\"height\":533},{\"@type\":\"BreadcrumbList\",\"@id\":\"https:\/\/tuzlainfo.ba\/index.php\/bosna-i-hercegovina\/item\/207759-hadzibegic-nakon-poraza-od-portugala-pet-izmjena-sam-izvrsio-zbog-pet-povreda\/#breadcrumb\",\"itemListElement\":[{\"@type\":\"ListItem\",\"position\":1,\"name\":\"Home\",\"item\":\"https:\/\/tuzlainfo.ba\/\"},{\"@type\":\"ListItem\",\"position\":2,\"name\":\"Had\u017eibegi\u0107 nakon poraza od Portugala: Pet izmjena sam izvr\u0161io zbog pet povreda\"}]},{\"@type\":\"WebSite\",\"@id\":\"https:\/\/tuzlainfo.ba\/#website\",\"url\":\"https:\/\/tuzlainfo.ba\/\",\"name\":\"TuzlaInfo.ba\",\"description\":\"Tuzla info, gradski informator - Tuzla na dlanu\",\"publisher\":{\"@id\":\"https:\/\/tuzlainfo.ba\/#organization\"},\"potentialAction\":[{\"@type\":\"SearchAction\",\"target\":{\"@type\":\"EntryPoint\",\"urlTemplate\":\"https:\/\/tuzlainfo.ba\/?s={search_term_string}\"},\"query-input\":{\"@type\":\"PropertyValueSpecification\",\"valueRequired\":true,\"valueName\":\"search_term_string\"}}],\"inLanguage\":\"bs-BA\"},{\"@type\":\"Organization\",\"@id\":\"https:\/\/tuzlainfo.ba\/#organization\",\"name\":\"TuzlaInfo.ba\",\"url\":\"https:\/\/tuzlainfo.ba\/\",\"logo\":{\"@type\":\"ImageObject\",\"inLanguage\":\"bs-BA\",\"@id\":\"https:\/\/tuzlainfo.ba\/#\/schema\/logo\/image\/\",\"url\":\"https:\/\/tuzlainfo.ba\/wp-content\/uploads\/2021\/03\/logo-ver-3-1.png\",\"contentUrl\":\"https:\/\/tuzlainfo.ba\/wp-content\/uploads\/2021\/03\/logo-ver-3-1.png\",\"width\":350,\"height\":95,\"caption\":\"TuzlaInfo.ba\"},\"image\":{\"@id\":\"https:\/\/tuzlainfo.ba\/#\/schema\/logo\/image\/\"},\"sameAs\":[\"https:\/\/www.facebook.com\/tuzlainfo.ba\/\"]},{\"@type\":\"Person\",\"@id\":\"https:\/\/tuzlainfo.ba\/#\/schema\/person\/f434e20dc27ea133923aab08451b7f7f\",\"name\":\"nedim\",\"image\":{\"@type\":\"ImageObject\",\"inLanguage\":\"bs-BA\",\"@id\":\"https:\/\/tuzlainfo.ba\/#\/schema\/person\/image\/\",\"url\":\"https:\/\/tuzlainfo.ba\/wp-content\/litespeed\/avatar\/aabad687af24844af817603ac1cbdc4f.jpg?ver=1776702173\",\"contentUrl\":\"https:\/\/tuzlainfo.ba\/wp-content\/litespeed\/avatar\/aabad687af24844af817603ac1cbdc4f.jpg?ver=1776702173\",\"caption\":\"nedim\"},\"description\":\"Tuzlainfo.ba pratite na dru\u0161tvenim mre\u017eama: Facebook, Instagram i Youtube. Svoje pri\u010de, upite i fotografije \u0161aljite na na\u0161u e-mail adresu.\"}]}<\/script>\n<!-- \/ Yoast SEO plugin. -->","yoast_head_json":{"title":"Had\u017eibegi\u0107 nakon poraza od Portugala: Pet izmjena sam izvr\u0161io zbog pet povreda - TuzlaInfo.ba","robots":{"index":"index","follow":"follow","max-snippet":"max-snippet:-1","max-image-preview":"max-image-preview:large","max-video-preview":"max-video-preview:-1"},"canonical":"https:\/\/tuzlainfo.ba\/index.php\/bosna-i-hercegovina\/item\/207759-hadzibegic-nakon-poraza-od-portugala-pet-izmjena-sam-izvrsio-zbog-pet-povreda\/","og_locale":"bs_BA","og_type":"article","og_title":"Had\u017eibegi\u0107 nakon poraza od Portugala: Pet izmjena sam izvr\u0161io zbog pet povreda - TuzlaInfo.ba","og_description":"Faruk Had\u017eibegi\u0107, selektor fudbalske A reprezentacije Bosne i Hercegovine, \u010destitao je Portugalcima na pobjedi rezultatom&hellip;","og_url":"https:\/\/tuzlainfo.ba\/index.php\/bosna-i-hercegovina\/item\/207759-hadzibegic-nakon-poraza-od-portugala-pet-izmjena-sam-izvrsio-zbog-pet-povreda\/","og_site_name":"TuzlaInfo.ba","article_publisher":"https:\/\/www.facebook.com\/tuzlainfo.ba\/","article_published_time":"2023-06-18T06:29:38+00:00","og_image":[{"width":800,"height":533,"url":"https:\/\/tuzlainfo.ba\/wp-content\/uploads\/2023\/06\/1806_faruk_hadzibegic.jpg","type":"image\/jpeg"}],"author":"nedim","twitter_card":"summary_large_image","twitter_misc":{"Written by":"nedim","Est. reading time":"1 minuta"},"schema":{"@context":"https:\/\/schema.org","@graph":[{"@type":"Article","@id":"https:\/\/tuzlainfo.ba\/index.php\/bosna-i-hercegovina\/item\/207759-hadzibegic-nakon-poraza-od-portugala-pet-izmjena-sam-izvrsio-zbog-pet-povreda\/#article","isPartOf":{"@id":"https:\/\/tuzlainfo.ba\/index.php\/bosna-i-hercegovina\/item\/207759-hadzibegic-nakon-poraza-od-portugala-pet-izmjena-sam-izvrsio-zbog-pet-povreda\/"},"author":{"name":"nedim","@id":"https:\/\/tuzlainfo.ba\/#\/schema\/person\/f434e20dc27ea133923aab08451b7f7f"},"headline":"Had\u017eibegi\u0107 nakon poraza od Portugala: Pet izmjena sam izvr\u0161io zbog pet povreda","datePublished":"2023-06-18T06:29:38+00:00","dateModified":"2023-06-18T06:29:38+00:00","mainEntityOfPage":{"@id":"https:\/\/tuzlainfo.ba\/index.php\/bosna-i-hercegovina\/item\/207759-hadzibegic-nakon-poraza-od-portugala-pet-izmjena-sam-izvrsio-zbog-pet-povreda\/"},"wordCount":201,"commentCount":0,"publisher":{"@id":"https:\/\/tuzlainfo.ba\/#organization"},"image":{"@id":"https:\/\/tuzlainfo.ba\/index.php\/bosna-i-hercegovina\/item\/207759-hadzibegic-nakon-poraza-od-portugala-pet-izmjena-sam-izvrsio-zbog-pet-povreda\/#primaryimage"},"thumbnailUrl":"https:\/\/tuzlainfo.ba\/wp-content\/uploads\/2023\/06\/1806_faruk_hadzibegic.jpg","keywords":["faruk had\u017eibegi\u0107","sport"],"articleSection":["Bosna i Hercegovina","Istaknuto"],"inLanguage":"bs-BA"},{"@type":"WebPage","@id":"https:\/\/tuzlainfo.ba\/index.php\/bosna-i-hercegovina\/item\/207759-hadzibegic-nakon-poraza-od-portugala-pet-izmjena-sam-izvrsio-zbog-pet-povreda\/","url":"https:\/\/tuzlainfo.ba\/index.php\/bosna-i-hercegovina\/item\/207759-hadzibegic-nakon-poraza-od-portugala-pet-izmjena-sam-izvrsio-zbog-pet-povreda\/","name":"Had\u017eibegi\u0107 nakon poraza od Portugala: Pet izmjena sam izvr\u0161io zbog pet povreda - TuzlaInfo.ba","isPartOf":{"@id":"https:\/\/tuzlainfo.ba\/#website"},"primaryImageOfPage":{"@id":"https:\/\/tuzlainfo.ba\/index.php\/bosna-i-hercegovina\/item\/207759-hadzibegic-nakon-poraza-od-portugala-pet-izmjena-sam-izvrsio-zbog-pet-povreda\/#primaryimage"},"image":{"@id":"https:\/\/tuzlainfo.ba\/index.php\/bosna-i-hercegovina\/item\/207759-hadzibegic-nakon-poraza-od-portugala-pet-izmjena-sam-izvrsio-zbog-pet-povreda\/#primaryimage"},"thumbnailUrl":"https:\/\/tuzlainfo.ba\/wp-content\/uploads\/2023\/06\/1806_faruk_hadzibegic.jpg","datePublished":"2023-06-18T06:29:38+00:00","dateModified":"2023-06-18T06:29:38+00:00","breadcrumb":{"@id":"https:\/\/tuzlainfo.ba\/index.php\/bosna-i-hercegovina\/item\/207759-hadzibegic-nakon-poraza-od-portugala-pet-izmjena-sam-izvrsio-zbog-pet-povreda\/#breadcrumb"},"inLanguage":"bs-BA","potentialAction":[{"@type":"ReadAction","target":["https:\/\/tuzlainfo.ba\/index.php\/bosna-i-hercegovina\/item\/207759-hadzibegic-nakon-poraza-od-portugala-pet-izmjena-sam-izvrsio-zbog-pet-povreda\/"]}]},{"@type":"ImageObject","inLanguage":"bs-BA","@id":"https:\/\/tuzlainfo.ba\/index.php\/bosna-i-hercegovina\/item\/207759-hadzibegic-nakon-poraza-od-portugala-pet-izmjena-sam-izvrsio-zbog-pet-povreda\/#primaryimage","url":"https:\/\/tuzlainfo.ba\/wp-content\/uploads\/2023\/06\/1806_faruk_hadzibegic.jpg","contentUrl":"https:\/\/tuzlainfo.ba\/wp-content\/uploads\/2023\/06\/1806_faruk_hadzibegic.jpg","width":800,"height":533},{"@type":"BreadcrumbList","@id":"https:\/\/tuzlainfo.ba\/index.php\/bosna-i-hercegovina\/item\/207759-hadzibegic-nakon-poraza-od-portugala-pet-izmjena-sam-izvrsio-zbog-pet-povreda\/#breadcrumb","itemListElement":[{"@type":"ListItem","position":1,"name":"Home","item":"https:\/\/tuzlainfo.ba\/"},{"@type":"ListItem","position":2,"name":"Had\u017eibegi\u0107 nakon poraza od Portugala: Pet izmjena sam izvr\u0161io zbog pet povreda"}]},{"@type":"WebSite","@id":"https:\/\/tuzlainfo.ba\/#website","url":"https:\/\/tuzlainfo.ba\/","name":"TuzlaInfo.ba","description":"Tuzla info, gradski informator - Tuzla na dlanu","publisher":{"@id":"https:\/\/tuzlainfo.ba\/#organization"},"potentialAction":[{"@type":"SearchAction","target":{"@type":"EntryPoint","urlTemplate":"https:\/\/tuzlainfo.ba\/?s={search_term_string}"},"query-input":{"@type":"PropertyValueSpecification","valueRequired":true,"valueName":"search_term_string"}}],"inLanguage":"bs-BA"},{"@type":"Organization","@id":"https:\/\/tuzlainfo.ba\/#organization","name":"TuzlaInfo.ba","url":"https:\/\/tuzlainfo.ba\/","logo":{"@type":"ImageObject","inLanguage":"bs-BA","@id":"https:\/\/tuzlainfo.ba\/#\/schema\/logo\/image\/","url":"https:\/\/tuzlainfo.ba\/wp-content\/uploads\/2021\/03\/logo-ver-3-1.png","contentUrl":"https:\/\/tuzlainfo.ba\/wp-content\/uploads\/2021\/03\/logo-ver-3-1.png","width":350,"height":95,"caption":"TuzlaInfo.ba"},"image":{"@id":"https:\/\/tuzlainfo.ba\/#\/schema\/logo\/image\/"},"sameAs":["https:\/\/www.facebook.com\/tuzlainfo.ba\/"]},{"@type":"Person","@id":"https:\/\/tuzlainfo.ba\/#\/schema\/person\/f434e20dc27ea133923aab08451b7f7f","name":"nedim","image":{"@type":"ImageObject","inLanguage":"bs-BA","@id":"https:\/\/tuzlainfo.ba\/#\/schema\/person\/image\/","url":"https:\/\/tuzlainfo.ba\/wp-content\/litespeed\/avatar\/aabad687af24844af817603ac1cbdc4f.jpg?ver=1776702173","contentUrl":"https:\/\/tuzlainfo.ba\/wp-content\/litespeed\/avatar\/aabad687af24844af817603ac1cbdc4f.jpg?ver=1776702173","caption":"nedim"},"description":"Tuzlainfo.ba pratite na dru\u0161tvenim mre\u017eama: Facebook, Instagram i Youtube. Svoje pri\u010de, upite i fotografije \u0161aljite na na\u0161u e-mail adresu."}]}},"_links":{"self":[{"href":"https:\/\/tuzlainfo.ba\/index.php\/wp-json\/wp\/v2\/posts\/207759"}],"collection":[{"href":"https:\/\/tuzlainfo.ba\/index.php\/wp-json\/wp\/v2\/posts"}],"about":[{"href":"https:\/\/tuzlainfo.ba\/index.php\/wp-json\/wp\/v2\/types\/post"}],"author":[{"embeddable":true,"href":"https:\/\/tuzlainfo.ba\/index.php\/wp-json\/wp\/v2\/users\/2"}],"replies":[{"embeddable":true,"href":"https:\/\/tuzlainfo.ba\/index.php\/wp-json\/wp\/v2\/comments?post=207759"}],"version-history":[{"count":0,"href":"https:\/\/tuzlainfo.ba\/index.php\/wp-json\/wp\/v2\/posts\/207759\/revisions"}],"wp:featuredmedia":[{"embeddable":true,"href":"https:\/\/tuzlainfo.ba\/index.php\/wp-json\/wp\/v2\/media\/207760"}],"wp:attachment":[{"href":"https:\/\/tuzlainfo.ba\/index.php\/wp-json\/wp\/v2\/media?parent=207759"}],"wp:term":[{"taxonomy":"category","embeddable":true,"href":"https:\/\/tuzlainfo.ba\/index.php\/wp-json\/wp\/v2\/categories?post=207759"},{"taxonomy":"post_tag","embeddable":true,"href":"https:\/\/tuzlainfo.ba\/index.php\/wp-json\/wp\/v2\/tags?post=207759"}],"curies":[{"name":"wp","href":"https:\/\/api.w.org\/{rel}","templated":true}]}}