{"id":207720,"date":"2023-06-17T19:11:59","date_gmt":"2023-06-17T17:11:59","guid":{"rendered":"https:\/\/tuzlainfo.ba\/?p=207720"},"modified":"2023-06-17T19:11:59","modified_gmt":"2023-06-17T17:11:59","slug":"video-fukare-odrzale-mirni-protest-traze-razrjesenje-aktuelne-skupstine-fk-sloboda","status":"publish","type":"post","link":"https:\/\/tuzlainfo.ba\/index.php\/novosti\/item\/207720-video-fukare-odrzale-mirni-protest-traze-razrjesenje-aktuelne-skupstine-fk-sloboda\/","title":{"rendered":"VIDEO \/ &#8220;Fukare&#8221; odr\u017eale mirni protest, tra\u017ee razrje\u0161enje aktuelne Skup\u0161tine FK Sloboda"},"content":{"rendered":"<p>Najvatreniji navija\u010di FK Sloboda popularne \u201cFukare\u201d ve\u010deras su okupljanjem na Trgu slobode i \u0161etnjom ulicama Tuzle odr\u017eali mirne proteste, a povodom posljednjih de\u0161avanja u i oko kluba te predstoje\u0107eg imenovanja novog mandatara Upravnog odbora.<\/p>\n<p>Ova navija\u010dka grupa je ve\u0107 ranije objavila da u potpunosti podr\u017eava kandidaturu biv\u0161eg predsjednika Azmira Husi\u0107a. Pored toga \u201cFukare\u201d tra\u017ee da se razrije\u0161i du\u017enosti aktuelna Skup\u0161tinu FK Sloboda.<\/p>\n<p>Skup\u0161tina FK Sloboda bi trebala sutra izabrati novog mandatara za sastav Upravnog odbora.<\/p>\n<p>Sloboda \u0107e naredne godine igrati u ni\u017eem rangu Prvoj ligi FBiH, a ko god bude na \u010delu kluba cilj \u0107e biti ekspresan povratak u elitu, pi\u0161e RTV TK.<\/p>\n<p><iframe title=\"Protesti navija\u010dke grupe Fukare\" width=\"1170\" height=\"658\" src=\"https:\/\/www.youtube.com\/embed\/LSor91KOeas?feature=oembed\" frameborder=\"0\" allow=\"accelerometer; autoplay; clipboard-write; encrypted-media; gyroscope; picture-in-picture; web-share\" allowfullscreen><\/iframe><\/p>\n","protected":false},"excerpt":{"rendered":"<p>Najvatreniji navija\u010di FK Sloboda popularne \u201cFukare\u201d ve\u010deras su okupljanjem na Trgu slobode i \u0161etnjom ulicama&hellip;<\/p>\n","protected":false},"author":2,"featured_media":207721,"comment_status":"open","ping_status":"closed","sticky":false,"template":"","format":"standard","meta":{"_acf_changed":false,"footnotes":""},"categories":[304,12],"tags":[466,2741,915],"acf":[],"yoast_head":"<!-- This site is optimized with the Yoast SEO plugin v23.5 - https:\/\/yoast.com\/wordpress\/plugins\/seo\/ -->\n<title>VIDEO \/ &quot;Fukare&quot; odr\u017eale mirni protest, tra\u017ee razrje\u0161enje aktuelne Skup\u0161tine FK Sloboda - TuzlaInfo.ba<\/title>\n<meta name=\"robots\" content=\"index, follow, max-snippet:-1, max-image-preview:large, max-video-preview:-1\" \/>\n<link rel=\"canonical\" href=\"https:\/\/tuzlainfo.ba\/index.php\/novosti\/item\/207720-video-fukare-odrzale-mirni-protest-traze-razrjesenje-aktuelne-skupstine-fk-sloboda\/\" \/>\n<meta property=\"og:locale\" content=\"bs_BA\" \/>\n<meta property=\"og:type\" content=\"article\" \/>\n<meta property=\"og:title\" content=\"VIDEO \/ &quot;Fukare&quot; odr\u017eale mirni protest, tra\u017ee razrje\u0161enje aktuelne Skup\u0161tine FK Sloboda - TuzlaInfo.ba\" \/>\n<meta property=\"og:description\" content=\"Najvatreniji navija\u010di FK Sloboda popularne \u201cFukare\u201d ve\u010deras su okupljanjem na Trgu slobode i \u0161etnjom ulicama&hellip;\" \/>\n<meta property=\"og:url\" content=\"https:\/\/tuzlainfo.ba\/index.php\/novosti\/item\/207720-video-fukare-odrzale-mirni-protest-traze-razrjesenje-aktuelne-skupstine-fk-sloboda\/\" \/>\n<meta property=\"og:site_name\" content=\"TuzlaInfo.ba\" \/>\n<meta property=\"article:publisher\" content=\"https:\/\/www.facebook.com\/tuzlainfo.ba\/\" \/>\n<meta property=\"article:published_time\" content=\"2023-06-17T17:11:59+00:00\" \/>\n<meta property=\"og:image\" content=\"https:\/\/tuzlainfo.ba\/wp-content\/uploads\/2023\/06\/1706_fukare_protesti.jpg\" \/>\n\t<meta property=\"og:image:width\" content=\"800\" \/>\n\t<meta property=\"og:image:height\" content=\"471\" \/>\n\t<meta property=\"og:image:type\" content=\"image\/jpeg\" \/>\n<meta name=\"author\" content=\"nedim\" \/>\n<meta name=\"twitter:card\" content=\"summary_large_image\" \/>\n<meta name=\"twitter:label1\" content=\"Written by\" \/>\n\t<meta name=\"twitter:data1\" content=\"nedim\" \/>\n\t<meta name=\"twitter:label2\" content=\"Est. reading time\" \/>\n\t<meta name=\"twitter:data2\" content=\"1 minuta\" \/>\n<script type=\"application\/ld+json\" class=\"yoast-schema-graph\">{\"@context\":\"https:\/\/schema.org\",\"@graph\":[{\"@type\":\"Article\",\"@id\":\"https:\/\/tuzlainfo.ba\/index.php\/novosti\/item\/207720-video-fukare-odrzale-mirni-protest-traze-razrjesenje-aktuelne-skupstine-fk-sloboda\/#article\",\"isPartOf\":{\"@id\":\"https:\/\/tuzlainfo.ba\/index.php\/novosti\/item\/207720-video-fukare-odrzale-mirni-protest-traze-razrjesenje-aktuelne-skupstine-fk-sloboda\/\"},\"author\":{\"name\":\"nedim\",\"@id\":\"https:\/\/tuzlainfo.ba\/#\/schema\/person\/f434e20dc27ea133923aab08451b7f7f\"},\"headline\":\"VIDEO \/ &#8220;Fukare&#8221; odr\u017eale mirni protest, tra\u017ee razrje\u0161enje aktuelne Skup\u0161tine FK Sloboda\",\"datePublished\":\"2023-06-17T17:11:59+00:00\",\"dateModified\":\"2023-06-17T17:11:59+00:00\",\"mainEntityOfPage\":{\"@id\":\"https:\/\/tuzlainfo.ba\/index.php\/novosti\/item\/207720-video-fukare-odrzale-mirni-protest-traze-razrjesenje-aktuelne-skupstine-fk-sloboda\/\"},\"wordCount\":139,\"commentCount\":0,\"publisher\":{\"@id\":\"https:\/\/tuzlainfo.ba\/#organization\"},\"image\":{\"@id\":\"https:\/\/tuzlainfo.ba\/index.php\/novosti\/item\/207720-video-fukare-odrzale-mirni-protest-traze-razrjesenje-aktuelne-skupstine-fk-sloboda\/#primaryimage\"},\"thumbnailUrl\":\"https:\/\/tuzlainfo.ba\/wp-content\/uploads\/2023\/06\/1706_fukare_protesti.jpg\",\"keywords\":[\"fk sloboda\",\"fukare\",\"sport\"],\"articleSection\":[\"Istaknuto\",\"Novosti\"],\"inLanguage\":\"bs-BA\"},{\"@type\":\"WebPage\",\"@id\":\"https:\/\/tuzlainfo.ba\/index.php\/novosti\/item\/207720-video-fukare-odrzale-mirni-protest-traze-razrjesenje-aktuelne-skupstine-fk-sloboda\/\",\"url\":\"https:\/\/tuzlainfo.ba\/index.php\/novosti\/item\/207720-video-fukare-odrzale-mirni-protest-traze-razrjesenje-aktuelne-skupstine-fk-sloboda\/\",\"name\":\"VIDEO \/ \\\"Fukare\\\" odr\u017eale mirni protest, tra\u017ee razrje\u0161enje aktuelne Skup\u0161tine FK Sloboda - TuzlaInfo.ba\",\"isPartOf\":{\"@id\":\"https:\/\/tuzlainfo.ba\/#website\"},\"primaryImageOfPage\":{\"@id\":\"https:\/\/tuzlainfo.ba\/index.php\/novosti\/item\/207720-video-fukare-odrzale-mirni-protest-traze-razrjesenje-aktuelne-skupstine-fk-sloboda\/#primaryimage\"},\"image\":{\"@id\":\"https:\/\/tuzlainfo.ba\/index.php\/novosti\/item\/207720-video-fukare-odrzale-mirni-protest-traze-razrjesenje-aktuelne-skupstine-fk-sloboda\/#primaryimage\"},\"thumbnailUrl\":\"https:\/\/tuzlainfo.ba\/wp-content\/uploads\/2023\/06\/1706_fukare_protesti.jpg\",\"datePublished\":\"2023-06-17T17:11:59+00:00\",\"dateModified\":\"2023-06-17T17:11:59+00:00\",\"breadcrumb\":{\"@id\":\"https:\/\/tuzlainfo.ba\/index.php\/novosti\/item\/207720-video-fukare-odrzale-mirni-protest-traze-razrjesenje-aktuelne-skupstine-fk-sloboda\/#breadcrumb\"},\"inLanguage\":\"bs-BA\",\"potentialAction\":[{\"@type\":\"ReadAction\",\"target\":[\"https:\/\/tuzlainfo.ba\/index.php\/novosti\/item\/207720-video-fukare-odrzale-mirni-protest-traze-razrjesenje-aktuelne-skupstine-fk-sloboda\/\"]}]},{\"@type\":\"ImageObject\",\"inLanguage\":\"bs-BA\",\"@id\":\"https:\/\/tuzlainfo.ba\/index.php\/novosti\/item\/207720-video-fukare-odrzale-mirni-protest-traze-razrjesenje-aktuelne-skupstine-fk-sloboda\/#primaryimage\",\"url\":\"https:\/\/tuzlainfo.ba\/wp-content\/uploads\/2023\/06\/1706_fukare_protesti.jpg\",\"contentUrl\":\"https:\/\/tuzlainfo.ba\/wp-content\/uploads\/2023\/06\/1706_fukare_protesti.jpg\",\"width\":800,\"height\":471,\"caption\":\"Foto: Screenshot Youtube RTVTK\"},{\"@type\":\"BreadcrumbList\",\"@id\":\"https:\/\/tuzlainfo.ba\/index.php\/novosti\/item\/207720-video-fukare-odrzale-mirni-protest-traze-razrjesenje-aktuelne-skupstine-fk-sloboda\/#breadcrumb\",\"itemListElement\":[{\"@type\":\"ListItem\",\"position\":1,\"name\":\"Home\",\"item\":\"https:\/\/tuzlainfo.ba\/\"},{\"@type\":\"ListItem\",\"position\":2,\"name\":\"VIDEO \/ &#8220;Fukare&#8221; odr\u017eale mirni protest, tra\u017ee razrje\u0161enje aktuelne Skup\u0161tine FK Sloboda\"}]},{\"@type\":\"WebSite\",\"@id\":\"https:\/\/tuzlainfo.ba\/#website\",\"url\":\"https:\/\/tuzlainfo.ba\/\",\"name\":\"TuzlaInfo.ba\",\"description\":\"Tuzla info, gradski informator - Tuzla na dlanu\",\"publisher\":{\"@id\":\"https:\/\/tuzlainfo.ba\/#organization\"},\"potentialAction\":[{\"@type\":\"SearchAction\",\"target\":{\"@type\":\"EntryPoint\",\"urlTemplate\":\"https:\/\/tuzlainfo.ba\/?s={search_term_string}\"},\"query-input\":{\"@type\":\"PropertyValueSpecification\",\"valueRequired\":true,\"valueName\":\"search_term_string\"}}],\"inLanguage\":\"bs-BA\"},{\"@type\":\"Organization\",\"@id\":\"https:\/\/tuzlainfo.ba\/#organization\",\"name\":\"TuzlaInfo.ba\",\"url\":\"https:\/\/tuzlainfo.ba\/\",\"logo\":{\"@type\":\"ImageObject\",\"inLanguage\":\"bs-BA\",\"@id\":\"https:\/\/tuzlainfo.ba\/#\/schema\/logo\/image\/\",\"url\":\"https:\/\/tuzlainfo.ba\/wp-content\/uploads\/2021\/03\/logo-ver-3-1.png\",\"contentUrl\":\"https:\/\/tuzlainfo.ba\/wp-content\/uploads\/2021\/03\/logo-ver-3-1.png\",\"width\":350,\"height\":95,\"caption\":\"TuzlaInfo.ba\"},\"image\":{\"@id\":\"https:\/\/tuzlainfo.ba\/#\/schema\/logo\/image\/\"},\"sameAs\":[\"https:\/\/www.facebook.com\/tuzlainfo.ba\/\"]},{\"@type\":\"Person\",\"@id\":\"https:\/\/tuzlainfo.ba\/#\/schema\/person\/f434e20dc27ea133923aab08451b7f7f\",\"name\":\"nedim\",\"image\":{\"@type\":\"ImageObject\",\"inLanguage\":\"bs-BA\",\"@id\":\"https:\/\/tuzlainfo.ba\/#\/schema\/person\/image\/\",\"url\":\"https:\/\/tuzlainfo.ba\/wp-content\/litespeed\/avatar\/aabad687af24844af817603ac1cbdc4f.jpg?ver=1776702173\",\"contentUrl\":\"https:\/\/tuzlainfo.ba\/wp-content\/litespeed\/avatar\/aabad687af24844af817603ac1cbdc4f.jpg?ver=1776702173\",\"caption\":\"nedim\"},\"description\":\"Tuzlainfo.ba pratite na dru\u0161tvenim mre\u017eama: Facebook, Instagram i Youtube. Svoje pri\u010de, upite i fotografije \u0161aljite na na\u0161u e-mail adresu.\"}]}<\/script>\n<!-- \/ Yoast SEO plugin. -->","yoast_head_json":{"title":"VIDEO \/ \"Fukare\" odr\u017eale mirni protest, tra\u017ee razrje\u0161enje aktuelne Skup\u0161tine FK Sloboda - TuzlaInfo.ba","robots":{"index":"index","follow":"follow","max-snippet":"max-snippet:-1","max-image-preview":"max-image-preview:large","max-video-preview":"max-video-preview:-1"},"canonical":"https:\/\/tuzlainfo.ba\/index.php\/novosti\/item\/207720-video-fukare-odrzale-mirni-protest-traze-razrjesenje-aktuelne-skupstine-fk-sloboda\/","og_locale":"bs_BA","og_type":"article","og_title":"VIDEO \/ \"Fukare\" odr\u017eale mirni protest, tra\u017ee razrje\u0161enje aktuelne Skup\u0161tine FK Sloboda - TuzlaInfo.ba","og_description":"Najvatreniji navija\u010di FK Sloboda popularne \u201cFukare\u201d ve\u010deras su okupljanjem na Trgu slobode i \u0161etnjom ulicama&hellip;","og_url":"https:\/\/tuzlainfo.ba\/index.php\/novosti\/item\/207720-video-fukare-odrzale-mirni-protest-traze-razrjesenje-aktuelne-skupstine-fk-sloboda\/","og_site_name":"TuzlaInfo.ba","article_publisher":"https:\/\/www.facebook.com\/tuzlainfo.ba\/","article_published_time":"2023-06-17T17:11:59+00:00","og_image":[{"width":800,"height":471,"url":"https:\/\/tuzlainfo.ba\/wp-content\/uploads\/2023\/06\/1706_fukare_protesti.jpg","type":"image\/jpeg"}],"author":"nedim","twitter_card":"summary_large_image","twitter_misc":{"Written by":"nedim","Est. reading time":"1 minuta"},"schema":{"@context":"https:\/\/schema.org","@graph":[{"@type":"Article","@id":"https:\/\/tuzlainfo.ba\/index.php\/novosti\/item\/207720-video-fukare-odrzale-mirni-protest-traze-razrjesenje-aktuelne-skupstine-fk-sloboda\/#article","isPartOf":{"@id":"https:\/\/tuzlainfo.ba\/index.php\/novosti\/item\/207720-video-fukare-odrzale-mirni-protest-traze-razrjesenje-aktuelne-skupstine-fk-sloboda\/"},"author":{"name":"nedim","@id":"https:\/\/tuzlainfo.ba\/#\/schema\/person\/f434e20dc27ea133923aab08451b7f7f"},"headline":"VIDEO \/ &#8220;Fukare&#8221; odr\u017eale mirni protest, tra\u017ee razrje\u0161enje aktuelne Skup\u0161tine FK Sloboda","datePublished":"2023-06-17T17:11:59+00:00","dateModified":"2023-06-17T17:11:59+00:00","mainEntityOfPage":{"@id":"https:\/\/tuzlainfo.ba\/index.php\/novosti\/item\/207720-video-fukare-odrzale-mirni-protest-traze-razrjesenje-aktuelne-skupstine-fk-sloboda\/"},"wordCount":139,"commentCount":0,"publisher":{"@id":"https:\/\/tuzlainfo.ba\/#organization"},"image":{"@id":"https:\/\/tuzlainfo.ba\/index.php\/novosti\/item\/207720-video-fukare-odrzale-mirni-protest-traze-razrjesenje-aktuelne-skupstine-fk-sloboda\/#primaryimage"},"thumbnailUrl":"https:\/\/tuzlainfo.ba\/wp-content\/uploads\/2023\/06\/1706_fukare_protesti.jpg","keywords":["fk sloboda","fukare","sport"],"articleSection":["Istaknuto","Novosti"],"inLanguage":"bs-BA"},{"@type":"WebPage","@id":"https:\/\/tuzlainfo.ba\/index.php\/novosti\/item\/207720-video-fukare-odrzale-mirni-protest-traze-razrjesenje-aktuelne-skupstine-fk-sloboda\/","url":"https:\/\/tuzlainfo.ba\/index.php\/novosti\/item\/207720-video-fukare-odrzale-mirni-protest-traze-razrjesenje-aktuelne-skupstine-fk-sloboda\/","name":"VIDEO \/ \"Fukare\" odr\u017eale mirni protest, tra\u017ee razrje\u0161enje aktuelne Skup\u0161tine FK Sloboda - TuzlaInfo.ba","isPartOf":{"@id":"https:\/\/tuzlainfo.ba\/#website"},"primaryImageOfPage":{"@id":"https:\/\/tuzlainfo.ba\/index.php\/novosti\/item\/207720-video-fukare-odrzale-mirni-protest-traze-razrjesenje-aktuelne-skupstine-fk-sloboda\/#primaryimage"},"image":{"@id":"https:\/\/tuzlainfo.ba\/index.php\/novosti\/item\/207720-video-fukare-odrzale-mirni-protest-traze-razrjesenje-aktuelne-skupstine-fk-sloboda\/#primaryimage"},"thumbnailUrl":"https:\/\/tuzlainfo.ba\/wp-content\/uploads\/2023\/06\/1706_fukare_protesti.jpg","datePublished":"2023-06-17T17:11:59+00:00","dateModified":"2023-06-17T17:11:59+00:00","breadcrumb":{"@id":"https:\/\/tuzlainfo.ba\/index.php\/novosti\/item\/207720-video-fukare-odrzale-mirni-protest-traze-razrjesenje-aktuelne-skupstine-fk-sloboda\/#breadcrumb"},"inLanguage":"bs-BA","potentialAction":[{"@type":"ReadAction","target":["https:\/\/tuzlainfo.ba\/index.php\/novosti\/item\/207720-video-fukare-odrzale-mirni-protest-traze-razrjesenje-aktuelne-skupstine-fk-sloboda\/"]}]},{"@type":"ImageObject","inLanguage":"bs-BA","@id":"https:\/\/tuzlainfo.ba\/index.php\/novosti\/item\/207720-video-fukare-odrzale-mirni-protest-traze-razrjesenje-aktuelne-skupstine-fk-sloboda\/#primaryimage","url":"https:\/\/tuzlainfo.ba\/wp-content\/uploads\/2023\/06\/1706_fukare_protesti.jpg","contentUrl":"https:\/\/tuzlainfo.ba\/wp-content\/uploads\/2023\/06\/1706_fukare_protesti.jpg","width":800,"height":471,"caption":"Foto: Screenshot Youtube RTVTK"},{"@type":"BreadcrumbList","@id":"https:\/\/tuzlainfo.ba\/index.php\/novosti\/item\/207720-video-fukare-odrzale-mirni-protest-traze-razrjesenje-aktuelne-skupstine-fk-sloboda\/#breadcrumb","itemListElement":[{"@type":"ListItem","position":1,"name":"Home","item":"https:\/\/tuzlainfo.ba\/"},{"@type":"ListItem","position":2,"name":"VIDEO \/ &#8220;Fukare&#8221; odr\u017eale mirni protest, tra\u017ee razrje\u0161enje aktuelne Skup\u0161tine FK Sloboda"}]},{"@type":"WebSite","@id":"https:\/\/tuzlainfo.ba\/#website","url":"https:\/\/tuzlainfo.ba\/","name":"TuzlaInfo.ba","description":"Tuzla info, gradski informator - Tuzla na dlanu","publisher":{"@id":"https:\/\/tuzlainfo.ba\/#organization"},"potentialAction":[{"@type":"SearchAction","target":{"@type":"EntryPoint","urlTemplate":"https:\/\/tuzlainfo.ba\/?s={search_term_string}"},"query-input":{"@type":"PropertyValueSpecification","valueRequired":true,"valueName":"search_term_string"}}],"inLanguage":"bs-BA"},{"@type":"Organization","@id":"https:\/\/tuzlainfo.ba\/#organization","name":"TuzlaInfo.ba","url":"https:\/\/tuzlainfo.ba\/","logo":{"@type":"ImageObject","inLanguage":"bs-BA","@id":"https:\/\/tuzlainfo.ba\/#\/schema\/logo\/image\/","url":"https:\/\/tuzlainfo.ba\/wp-content\/uploads\/2021\/03\/logo-ver-3-1.png","contentUrl":"https:\/\/tuzlainfo.ba\/wp-content\/uploads\/2021\/03\/logo-ver-3-1.png","width":350,"height":95,"caption":"TuzlaInfo.ba"},"image":{"@id":"https:\/\/tuzlainfo.ba\/#\/schema\/logo\/image\/"},"sameAs":["https:\/\/www.facebook.com\/tuzlainfo.ba\/"]},{"@type":"Person","@id":"https:\/\/tuzlainfo.ba\/#\/schema\/person\/f434e20dc27ea133923aab08451b7f7f","name":"nedim","image":{"@type":"ImageObject","inLanguage":"bs-BA","@id":"https:\/\/tuzlainfo.ba\/#\/schema\/person\/image\/","url":"https:\/\/tuzlainfo.ba\/wp-content\/litespeed\/avatar\/aabad687af24844af817603ac1cbdc4f.jpg?ver=1776702173","contentUrl":"https:\/\/tuzlainfo.ba\/wp-content\/litespeed\/avatar\/aabad687af24844af817603ac1cbdc4f.jpg?ver=1776702173","caption":"nedim"},"description":"Tuzlainfo.ba pratite na dru\u0161tvenim mre\u017eama: Facebook, Instagram i Youtube. Svoje pri\u010de, upite i fotografije \u0161aljite na na\u0161u e-mail adresu."}]}},"_links":{"self":[{"href":"https:\/\/tuzlainfo.ba\/index.php\/wp-json\/wp\/v2\/posts\/207720"}],"collection":[{"href":"https:\/\/tuzlainfo.ba\/index.php\/wp-json\/wp\/v2\/posts"}],"about":[{"href":"https:\/\/tuzlainfo.ba\/index.php\/wp-json\/wp\/v2\/types\/post"}],"author":[{"embeddable":true,"href":"https:\/\/tuzlainfo.ba\/index.php\/wp-json\/wp\/v2\/users\/2"}],"replies":[{"embeddable":true,"href":"https:\/\/tuzlainfo.ba\/index.php\/wp-json\/wp\/v2\/comments?post=207720"}],"version-history":[{"count":0,"href":"https:\/\/tuzlainfo.ba\/index.php\/wp-json\/wp\/v2\/posts\/207720\/revisions"}],"wp:featuredmedia":[{"embeddable":true,"href":"https:\/\/tuzlainfo.ba\/index.php\/wp-json\/wp\/v2\/media\/207721"}],"wp:attachment":[{"href":"https:\/\/tuzlainfo.ba\/index.php\/wp-json\/wp\/v2\/media?parent=207720"}],"wp:term":[{"taxonomy":"category","embeddable":true,"href":"https:\/\/tuzlainfo.ba\/index.php\/wp-json\/wp\/v2\/categories?post=207720"},{"taxonomy":"post_tag","embeddable":true,"href":"https:\/\/tuzlainfo.ba\/index.php\/wp-json\/wp\/v2\/tags?post=207720"}],"curies":[{"name":"wp","href":"https:\/\/api.w.org\/{rel}","templated":true}]}}