{"id":207657,"date":"2023-06-16T21:20:39","date_gmt":"2023-06-16T19:20:39","guid":{"rendered":"https:\/\/tuzlainfo.ba\/?p=207657"},"modified":"2023-06-17T14:30:12","modified_gmt":"2023-06-17T12:30:12","slug":"video-navijaci-fukare-za-sutra-najavili-proteste-imaju-zahtjev-za-gradonacelnika-lugavica","status":"publish","type":"post","link":"https:\/\/tuzlainfo.ba\/index.php\/novosti\/item\/207657-video-navijaci-fukare-za-sutra-najavili-proteste-imaju-zahtjev-za-gradonacelnika-lugavica\/","title":{"rendered":"VIDEO \/ Navija\u010di &#8220;Fukare&#8221; najavili proteste, imaju zahtjev za gradona\u010delnika Lugavi\u0107a"},"content":{"rendered":"<p>Navija\u010dka grupa Fukare Tuzla zbog de\u0161avanja u i oko Fudbalskog kluba Sloboda za sutra je najavila mirne proteste.<\/p>\n<div id=\"player\">Kako je najavljeno, okupljanje \u0107e po\u010deti na Trgu Slobode u 18 sati, a korteo prema Gradskoj upravi krenut \u0107e pola sata kasnije.<\/div>\n<div class=\"post-content post-content-holder\">\n<p>Od gradona\u010delnika Tuzle Zijada Lugavi\u0107a navija\u010di \u0107e tra\u017eiti da razrije\u0161i Skup\u0161tinu FK Sloboda, jer kako navode u svojoj objavi on je jedini u mogu\u0107nosti to da uradi.<\/p>\n<p>Organizacija protesta je dogovorena na ve\u010deras odr\u017eanom sastanku u&#8221;kavezu&#8221; na Slatini, odakle su se u\u010desnici uputili ka stadionu Tu\u0161anj, skandiraju\u0107i &#8220;Lopovi, lopovi&#8230;&#8221;.<\/p>\n<p><iframe title=\"Fukare, protesti, Tuzla 16.06.2023.\" width=\"1170\" height=\"658\" src=\"https:\/\/www.youtube.com\/embed\/a7yDfKZittI?feature=oembed\" frameborder=\"0\" allow=\"accelerometer; autoplay; clipboard-write; encrypted-media; gyroscope; picture-in-picture; web-share\" allowfullscreen><\/iframe><\/p>\n<p>Cijela drama i velika bitka vodi se oko toga ko \u0107e preuzeti upravljanje klubom koji je prethodne sezone napustio Premijer ligu BiH.<\/p>\n<p>Prema inforamcijama koje se pojavljuju u javnosti, najbozbiljniji kandidati su privrednici Azmir Husi\u0107 i Nurdin Pe\u0161tali\u0107. N&lt;<\/p>\n<p>Navija\u010dka grupa Fukare, otvorenu podr\u0161ku je pru\u017eila kandidaturi Azmira Husi\u0107a.<\/p>\n<p>&nbsp;<\/p>\n<p><iframe style=\"border: none; overflow: hidden;\" src=\"https:\/\/www.facebook.com\/plugins\/post.php?href=https%3A%2F%2Fwww.facebook.com%2FFukareTuzla87%2Fposts%2Fpfbid0RkX24JfJEvTx36prGkjcEPYwKkE6PwF8TUoH3DQrxsvJrTRkuMnHtHuEtbopU6LYl&amp;show_text=true&amp;width=500\" width=\"500\" height=\"632\" frameborder=\"0\" scrolling=\"no\" allowfullscreen=\"allowfullscreen\"><\/iframe><\/p>\n<\/div>\n","protected":false},"excerpt":{"rendered":"<p>Navija\u010dka grupa Fukare Tuzla zbog de\u0161avanja u i oko Fudbalskog kluba Sloboda za sutra je&hellip;<\/p>\n","protected":false},"author":2,"featured_media":207658,"comment_status":"open","ping_status":"closed","sticky":false,"template":"","format":"standard","meta":{"_acf_changed":false,"footnotes":""},"categories":[304,12,306],"tags":[466,2741,915],"acf":[],"yoast_head":"<!-- This site is optimized with the Yoast SEO plugin v23.5 - https:\/\/yoast.com\/wordpress\/plugins\/seo\/ -->\n<title>VIDEO \/ Navija\u010di &quot;Fukare&quot; najavili proteste, imaju zahtjev za gradona\u010delnika Lugavi\u0107a - TuzlaInfo.ba<\/title>\n<meta name=\"robots\" content=\"index, follow, max-snippet:-1, max-image-preview:large, max-video-preview:-1\" \/>\n<link rel=\"canonical\" href=\"https:\/\/tuzlainfo.ba\/index.php\/novosti\/item\/207657-video-navijaci-fukare-za-sutra-najavili-proteste-imaju-zahtjev-za-gradonacelnika-lugavica\/\" \/>\n<meta property=\"og:locale\" content=\"bs_BA\" \/>\n<meta property=\"og:type\" content=\"article\" \/>\n<meta property=\"og:title\" content=\"VIDEO \/ Navija\u010di &quot;Fukare&quot; najavili proteste, imaju zahtjev za gradona\u010delnika Lugavi\u0107a - TuzlaInfo.ba\" \/>\n<meta property=\"og:description\" content=\"Navija\u010dka grupa Fukare Tuzla zbog de\u0161avanja u i oko Fudbalskog kluba Sloboda za sutra je&hellip;\" \/>\n<meta property=\"og:url\" content=\"https:\/\/tuzlainfo.ba\/index.php\/novosti\/item\/207657-video-navijaci-fukare-za-sutra-najavili-proteste-imaju-zahtjev-za-gradonacelnika-lugavica\/\" \/>\n<meta property=\"og:site_name\" content=\"TuzlaInfo.ba\" \/>\n<meta property=\"article:publisher\" content=\"https:\/\/www.facebook.com\/tuzlainfo.ba\/\" \/>\n<meta property=\"article:published_time\" content=\"2023-06-16T19:20:39+00:00\" \/>\n<meta property=\"article:modified_time\" content=\"2023-06-17T12:30:12+00:00\" \/>\n<meta property=\"og:image\" content=\"https:\/\/tuzlainfo.ba\/wp-content\/uploads\/2023\/06\/1606_fukare_kavez.jpg\" \/>\n\t<meta property=\"og:image:width\" content=\"800\" \/>\n\t<meta property=\"og:image:height\" content=\"528\" \/>\n\t<meta property=\"og:image:type\" content=\"image\/jpeg\" \/>\n<meta name=\"author\" content=\"nedim\" \/>\n<meta name=\"twitter:card\" content=\"summary_large_image\" \/>\n<meta name=\"twitter:label1\" content=\"Written by\" \/>\n\t<meta name=\"twitter:data1\" content=\"nedim\" \/>\n\t<meta name=\"twitter:label2\" content=\"Est. reading time\" \/>\n\t<meta name=\"twitter:data2\" content=\"1 minuta\" \/>\n<script type=\"application\/ld+json\" class=\"yoast-schema-graph\">{\"@context\":\"https:\/\/schema.org\",\"@graph\":[{\"@type\":\"Article\",\"@id\":\"https:\/\/tuzlainfo.ba\/index.php\/novosti\/item\/207657-video-navijaci-fukare-za-sutra-najavili-proteste-imaju-zahtjev-za-gradonacelnika-lugavica\/#article\",\"isPartOf\":{\"@id\":\"https:\/\/tuzlainfo.ba\/index.php\/novosti\/item\/207657-video-navijaci-fukare-za-sutra-najavili-proteste-imaju-zahtjev-za-gradonacelnika-lugavica\/\"},\"author\":{\"name\":\"nedim\",\"@id\":\"https:\/\/tuzlainfo.ba\/#\/schema\/person\/f434e20dc27ea133923aab08451b7f7f\"},\"headline\":\"VIDEO \/ Navija\u010di &#8220;Fukare&#8221; najavili proteste, imaju zahtjev za gradona\u010delnika Lugavi\u0107a\",\"datePublished\":\"2023-06-16T19:20:39+00:00\",\"dateModified\":\"2023-06-17T12:30:12+00:00\",\"mainEntityOfPage\":{\"@id\":\"https:\/\/tuzlainfo.ba\/index.php\/novosti\/item\/207657-video-navijaci-fukare-za-sutra-najavili-proteste-imaju-zahtjev-za-gradonacelnika-lugavica\/\"},\"wordCount\":181,\"commentCount\":0,\"publisher\":{\"@id\":\"https:\/\/tuzlainfo.ba\/#organization\"},\"image\":{\"@id\":\"https:\/\/tuzlainfo.ba\/index.php\/novosti\/item\/207657-video-navijaci-fukare-za-sutra-najavili-proteste-imaju-zahtjev-za-gradonacelnika-lugavica\/#primaryimage\"},\"thumbnailUrl\":\"https:\/\/tuzlainfo.ba\/wp-content\/uploads\/2023\/06\/1606_fukare_kavez.jpg\",\"keywords\":[\"fk sloboda\",\"fukare\",\"sport\"],\"articleSection\":[\"Istaknuto\",\"Novosti\",\"Preporu\u010dujemo\"],\"inLanguage\":\"bs-BA\"},{\"@type\":\"WebPage\",\"@id\":\"https:\/\/tuzlainfo.ba\/index.php\/novosti\/item\/207657-video-navijaci-fukare-za-sutra-najavili-proteste-imaju-zahtjev-za-gradonacelnika-lugavica\/\",\"url\":\"https:\/\/tuzlainfo.ba\/index.php\/novosti\/item\/207657-video-navijaci-fukare-za-sutra-najavili-proteste-imaju-zahtjev-za-gradonacelnika-lugavica\/\",\"name\":\"VIDEO \/ Navija\u010di \\\"Fukare\\\" najavili proteste, imaju zahtjev za gradona\u010delnika Lugavi\u0107a - TuzlaInfo.ba\",\"isPartOf\":{\"@id\":\"https:\/\/tuzlainfo.ba\/#website\"},\"primaryImageOfPage\":{\"@id\":\"https:\/\/tuzlainfo.ba\/index.php\/novosti\/item\/207657-video-navijaci-fukare-za-sutra-najavili-proteste-imaju-zahtjev-za-gradonacelnika-lugavica\/#primaryimage\"},\"image\":{\"@id\":\"https:\/\/tuzlainfo.ba\/index.php\/novosti\/item\/207657-video-navijaci-fukare-za-sutra-najavili-proteste-imaju-zahtjev-za-gradonacelnika-lugavica\/#primaryimage\"},\"thumbnailUrl\":\"https:\/\/tuzlainfo.ba\/wp-content\/uploads\/2023\/06\/1606_fukare_kavez.jpg\",\"datePublished\":\"2023-06-16T19:20:39+00:00\",\"dateModified\":\"2023-06-17T12:30:12+00:00\",\"breadcrumb\":{\"@id\":\"https:\/\/tuzlainfo.ba\/index.php\/novosti\/item\/207657-video-navijaci-fukare-za-sutra-najavili-proteste-imaju-zahtjev-za-gradonacelnika-lugavica\/#breadcrumb\"},\"inLanguage\":\"bs-BA\",\"potentialAction\":[{\"@type\":\"ReadAction\",\"target\":[\"https:\/\/tuzlainfo.ba\/index.php\/novosti\/item\/207657-video-navijaci-fukare-za-sutra-najavili-proteste-imaju-zahtjev-za-gradonacelnika-lugavica\/\"]}]},{\"@type\":\"ImageObject\",\"inLanguage\":\"bs-BA\",\"@id\":\"https:\/\/tuzlainfo.ba\/index.php\/novosti\/item\/207657-video-navijaci-fukare-za-sutra-najavili-proteste-imaju-zahtjev-za-gradonacelnika-lugavica\/#primaryimage\",\"url\":\"https:\/\/tuzlainfo.ba\/wp-content\/uploads\/2023\/06\/1606_fukare_kavez.jpg\",\"contentUrl\":\"https:\/\/tuzlainfo.ba\/wp-content\/uploads\/2023\/06\/1606_fukare_kavez.jpg\",\"width\":800,\"height\":528,\"caption\":\"Foto: Fukare FB stranica\"},{\"@type\":\"BreadcrumbList\",\"@id\":\"https:\/\/tuzlainfo.ba\/index.php\/novosti\/item\/207657-video-navijaci-fukare-za-sutra-najavili-proteste-imaju-zahtjev-za-gradonacelnika-lugavica\/#breadcrumb\",\"itemListElement\":[{\"@type\":\"ListItem\",\"position\":1,\"name\":\"Home\",\"item\":\"https:\/\/tuzlainfo.ba\/\"},{\"@type\":\"ListItem\",\"position\":2,\"name\":\"VIDEO \/ Navija\u010di &#8220;Fukare&#8221; najavili proteste, imaju zahtjev za gradona\u010delnika Lugavi\u0107a\"}]},{\"@type\":\"WebSite\",\"@id\":\"https:\/\/tuzlainfo.ba\/#website\",\"url\":\"https:\/\/tuzlainfo.ba\/\",\"name\":\"TuzlaInfo.ba\",\"description\":\"Tuzla info, gradski informator - Tuzla na dlanu\",\"publisher\":{\"@id\":\"https:\/\/tuzlainfo.ba\/#organization\"},\"potentialAction\":[{\"@type\":\"SearchAction\",\"target\":{\"@type\":\"EntryPoint\",\"urlTemplate\":\"https:\/\/tuzlainfo.ba\/?s={search_term_string}\"},\"query-input\":{\"@type\":\"PropertyValueSpecification\",\"valueRequired\":true,\"valueName\":\"search_term_string\"}}],\"inLanguage\":\"bs-BA\"},{\"@type\":\"Organization\",\"@id\":\"https:\/\/tuzlainfo.ba\/#organization\",\"name\":\"TuzlaInfo.ba\",\"url\":\"https:\/\/tuzlainfo.ba\/\",\"logo\":{\"@type\":\"ImageObject\",\"inLanguage\":\"bs-BA\",\"@id\":\"https:\/\/tuzlainfo.ba\/#\/schema\/logo\/image\/\",\"url\":\"https:\/\/tuzlainfo.ba\/wp-content\/uploads\/2021\/03\/logo-ver-3-1.png\",\"contentUrl\":\"https:\/\/tuzlainfo.ba\/wp-content\/uploads\/2021\/03\/logo-ver-3-1.png\",\"width\":350,\"height\":95,\"caption\":\"TuzlaInfo.ba\"},\"image\":{\"@id\":\"https:\/\/tuzlainfo.ba\/#\/schema\/logo\/image\/\"},\"sameAs\":[\"https:\/\/www.facebook.com\/tuzlainfo.ba\/\"]},{\"@type\":\"Person\",\"@id\":\"https:\/\/tuzlainfo.ba\/#\/schema\/person\/f434e20dc27ea133923aab08451b7f7f\",\"name\":\"nedim\",\"image\":{\"@type\":\"ImageObject\",\"inLanguage\":\"bs-BA\",\"@id\":\"https:\/\/tuzlainfo.ba\/#\/schema\/person\/image\/\",\"url\":\"https:\/\/tuzlainfo.ba\/wp-content\/litespeed\/avatar\/aabad687af24844af817603ac1cbdc4f.jpg?ver=1776702173\",\"contentUrl\":\"https:\/\/tuzlainfo.ba\/wp-content\/litespeed\/avatar\/aabad687af24844af817603ac1cbdc4f.jpg?ver=1776702173\",\"caption\":\"nedim\"},\"description\":\"Tuzlainfo.ba pratite na dru\u0161tvenim mre\u017eama: Facebook, Instagram i Youtube. Svoje pri\u010de, upite i fotografije \u0161aljite na na\u0161u e-mail adresu.\"}]}<\/script>\n<!-- \/ Yoast SEO plugin. -->","yoast_head_json":{"title":"VIDEO \/ Navija\u010di \"Fukare\" najavili proteste, imaju zahtjev za gradona\u010delnika Lugavi\u0107a - TuzlaInfo.ba","robots":{"index":"index","follow":"follow","max-snippet":"max-snippet:-1","max-image-preview":"max-image-preview:large","max-video-preview":"max-video-preview:-1"},"canonical":"https:\/\/tuzlainfo.ba\/index.php\/novosti\/item\/207657-video-navijaci-fukare-za-sutra-najavili-proteste-imaju-zahtjev-za-gradonacelnika-lugavica\/","og_locale":"bs_BA","og_type":"article","og_title":"VIDEO \/ Navija\u010di \"Fukare\" najavili proteste, imaju zahtjev za gradona\u010delnika Lugavi\u0107a - TuzlaInfo.ba","og_description":"Navija\u010dka grupa Fukare Tuzla zbog de\u0161avanja u i oko Fudbalskog kluba Sloboda za sutra je&hellip;","og_url":"https:\/\/tuzlainfo.ba\/index.php\/novosti\/item\/207657-video-navijaci-fukare-za-sutra-najavili-proteste-imaju-zahtjev-za-gradonacelnika-lugavica\/","og_site_name":"TuzlaInfo.ba","article_publisher":"https:\/\/www.facebook.com\/tuzlainfo.ba\/","article_published_time":"2023-06-16T19:20:39+00:00","article_modified_time":"2023-06-17T12:30:12+00:00","og_image":[{"width":800,"height":528,"url":"https:\/\/tuzlainfo.ba\/wp-content\/uploads\/2023\/06\/1606_fukare_kavez.jpg","type":"image\/jpeg"}],"author":"nedim","twitter_card":"summary_large_image","twitter_misc":{"Written by":"nedim","Est. reading time":"1 minuta"},"schema":{"@context":"https:\/\/schema.org","@graph":[{"@type":"Article","@id":"https:\/\/tuzlainfo.ba\/index.php\/novosti\/item\/207657-video-navijaci-fukare-za-sutra-najavili-proteste-imaju-zahtjev-za-gradonacelnika-lugavica\/#article","isPartOf":{"@id":"https:\/\/tuzlainfo.ba\/index.php\/novosti\/item\/207657-video-navijaci-fukare-za-sutra-najavili-proteste-imaju-zahtjev-za-gradonacelnika-lugavica\/"},"author":{"name":"nedim","@id":"https:\/\/tuzlainfo.ba\/#\/schema\/person\/f434e20dc27ea133923aab08451b7f7f"},"headline":"VIDEO \/ Navija\u010di &#8220;Fukare&#8221; najavili proteste, imaju zahtjev za gradona\u010delnika Lugavi\u0107a","datePublished":"2023-06-16T19:20:39+00:00","dateModified":"2023-06-17T12:30:12+00:00","mainEntityOfPage":{"@id":"https:\/\/tuzlainfo.ba\/index.php\/novosti\/item\/207657-video-navijaci-fukare-za-sutra-najavili-proteste-imaju-zahtjev-za-gradonacelnika-lugavica\/"},"wordCount":181,"commentCount":0,"publisher":{"@id":"https:\/\/tuzlainfo.ba\/#organization"},"image":{"@id":"https:\/\/tuzlainfo.ba\/index.php\/novosti\/item\/207657-video-navijaci-fukare-za-sutra-najavili-proteste-imaju-zahtjev-za-gradonacelnika-lugavica\/#primaryimage"},"thumbnailUrl":"https:\/\/tuzlainfo.ba\/wp-content\/uploads\/2023\/06\/1606_fukare_kavez.jpg","keywords":["fk sloboda","fukare","sport"],"articleSection":["Istaknuto","Novosti","Preporu\u010dujemo"],"inLanguage":"bs-BA"},{"@type":"WebPage","@id":"https:\/\/tuzlainfo.ba\/index.php\/novosti\/item\/207657-video-navijaci-fukare-za-sutra-najavili-proteste-imaju-zahtjev-za-gradonacelnika-lugavica\/","url":"https:\/\/tuzlainfo.ba\/index.php\/novosti\/item\/207657-video-navijaci-fukare-za-sutra-najavili-proteste-imaju-zahtjev-za-gradonacelnika-lugavica\/","name":"VIDEO \/ Navija\u010di \"Fukare\" najavili proteste, imaju zahtjev za gradona\u010delnika Lugavi\u0107a - TuzlaInfo.ba","isPartOf":{"@id":"https:\/\/tuzlainfo.ba\/#website"},"primaryImageOfPage":{"@id":"https:\/\/tuzlainfo.ba\/index.php\/novosti\/item\/207657-video-navijaci-fukare-za-sutra-najavili-proteste-imaju-zahtjev-za-gradonacelnika-lugavica\/#primaryimage"},"image":{"@id":"https:\/\/tuzlainfo.ba\/index.php\/novosti\/item\/207657-video-navijaci-fukare-za-sutra-najavili-proteste-imaju-zahtjev-za-gradonacelnika-lugavica\/#primaryimage"},"thumbnailUrl":"https:\/\/tuzlainfo.ba\/wp-content\/uploads\/2023\/06\/1606_fukare_kavez.jpg","datePublished":"2023-06-16T19:20:39+00:00","dateModified":"2023-06-17T12:30:12+00:00","breadcrumb":{"@id":"https:\/\/tuzlainfo.ba\/index.php\/novosti\/item\/207657-video-navijaci-fukare-za-sutra-najavili-proteste-imaju-zahtjev-za-gradonacelnika-lugavica\/#breadcrumb"},"inLanguage":"bs-BA","potentialAction":[{"@type":"ReadAction","target":["https:\/\/tuzlainfo.ba\/index.php\/novosti\/item\/207657-video-navijaci-fukare-za-sutra-najavili-proteste-imaju-zahtjev-za-gradonacelnika-lugavica\/"]}]},{"@type":"ImageObject","inLanguage":"bs-BA","@id":"https:\/\/tuzlainfo.ba\/index.php\/novosti\/item\/207657-video-navijaci-fukare-za-sutra-najavili-proteste-imaju-zahtjev-za-gradonacelnika-lugavica\/#primaryimage","url":"https:\/\/tuzlainfo.ba\/wp-content\/uploads\/2023\/06\/1606_fukare_kavez.jpg","contentUrl":"https:\/\/tuzlainfo.ba\/wp-content\/uploads\/2023\/06\/1606_fukare_kavez.jpg","width":800,"height":528,"caption":"Foto: Fukare FB stranica"},{"@type":"BreadcrumbList","@id":"https:\/\/tuzlainfo.ba\/index.php\/novosti\/item\/207657-video-navijaci-fukare-za-sutra-najavili-proteste-imaju-zahtjev-za-gradonacelnika-lugavica\/#breadcrumb","itemListElement":[{"@type":"ListItem","position":1,"name":"Home","item":"https:\/\/tuzlainfo.ba\/"},{"@type":"ListItem","position":2,"name":"VIDEO \/ Navija\u010di &#8220;Fukare&#8221; najavili proteste, imaju zahtjev za gradona\u010delnika Lugavi\u0107a"}]},{"@type":"WebSite","@id":"https:\/\/tuzlainfo.ba\/#website","url":"https:\/\/tuzlainfo.ba\/","name":"TuzlaInfo.ba","description":"Tuzla info, gradski informator - Tuzla na dlanu","publisher":{"@id":"https:\/\/tuzlainfo.ba\/#organization"},"potentialAction":[{"@type":"SearchAction","target":{"@type":"EntryPoint","urlTemplate":"https:\/\/tuzlainfo.ba\/?s={search_term_string}"},"query-input":{"@type":"PropertyValueSpecification","valueRequired":true,"valueName":"search_term_string"}}],"inLanguage":"bs-BA"},{"@type":"Organization","@id":"https:\/\/tuzlainfo.ba\/#organization","name":"TuzlaInfo.ba","url":"https:\/\/tuzlainfo.ba\/","logo":{"@type":"ImageObject","inLanguage":"bs-BA","@id":"https:\/\/tuzlainfo.ba\/#\/schema\/logo\/image\/","url":"https:\/\/tuzlainfo.ba\/wp-content\/uploads\/2021\/03\/logo-ver-3-1.png","contentUrl":"https:\/\/tuzlainfo.ba\/wp-content\/uploads\/2021\/03\/logo-ver-3-1.png","width":350,"height":95,"caption":"TuzlaInfo.ba"},"image":{"@id":"https:\/\/tuzlainfo.ba\/#\/schema\/logo\/image\/"},"sameAs":["https:\/\/www.facebook.com\/tuzlainfo.ba\/"]},{"@type":"Person","@id":"https:\/\/tuzlainfo.ba\/#\/schema\/person\/f434e20dc27ea133923aab08451b7f7f","name":"nedim","image":{"@type":"ImageObject","inLanguage":"bs-BA","@id":"https:\/\/tuzlainfo.ba\/#\/schema\/person\/image\/","url":"https:\/\/tuzlainfo.ba\/wp-content\/litespeed\/avatar\/aabad687af24844af817603ac1cbdc4f.jpg?ver=1776702173","contentUrl":"https:\/\/tuzlainfo.ba\/wp-content\/litespeed\/avatar\/aabad687af24844af817603ac1cbdc4f.jpg?ver=1776702173","caption":"nedim"},"description":"Tuzlainfo.ba pratite na dru\u0161tvenim mre\u017eama: Facebook, Instagram i Youtube. Svoje pri\u010de, upite i fotografije \u0161aljite na na\u0161u e-mail adresu."}]}},"_links":{"self":[{"href":"https:\/\/tuzlainfo.ba\/index.php\/wp-json\/wp\/v2\/posts\/207657"}],"collection":[{"href":"https:\/\/tuzlainfo.ba\/index.php\/wp-json\/wp\/v2\/posts"}],"about":[{"href":"https:\/\/tuzlainfo.ba\/index.php\/wp-json\/wp\/v2\/types\/post"}],"author":[{"embeddable":true,"href":"https:\/\/tuzlainfo.ba\/index.php\/wp-json\/wp\/v2\/users\/2"}],"replies":[{"embeddable":true,"href":"https:\/\/tuzlainfo.ba\/index.php\/wp-json\/wp\/v2\/comments?post=207657"}],"version-history":[{"count":0,"href":"https:\/\/tuzlainfo.ba\/index.php\/wp-json\/wp\/v2\/posts\/207657\/revisions"}],"wp:featuredmedia":[{"embeddable":true,"href":"https:\/\/tuzlainfo.ba\/index.php\/wp-json\/wp\/v2\/media\/207658"}],"wp:attachment":[{"href":"https:\/\/tuzlainfo.ba\/index.php\/wp-json\/wp\/v2\/media?parent=207657"}],"wp:term":[{"taxonomy":"category","embeddable":true,"href":"https:\/\/tuzlainfo.ba\/index.php\/wp-json\/wp\/v2\/categories?post=207657"},{"taxonomy":"post_tag","embeddable":true,"href":"https:\/\/tuzlainfo.ba\/index.php\/wp-json\/wp\/v2\/tags?post=207657"}],"curies":[{"name":"wp","href":"https:\/\/api.w.org\/{rel}","templated":true}]}}