{"id":207372,"date":"2023-06-13T18:59:56","date_gmt":"2023-06-13T16:59:56","guid":{"rendered":"https:\/\/tuzlainfo.ba\/?p=207372"},"modified":"2023-06-13T18:59:56","modified_gmt":"2023-06-13T16:59:56","slug":"predstavljeni-novi-dresovi-u-kojima-ce-zmajevi-igrati-kvalifikacije-za-euro-2024","status":"publish","type":"post","link":"https:\/\/tuzlainfo.ba\/index.php\/bosna-i-hercegovina\/item\/207372-predstavljeni-novi-dresovi-u-kojima-ce-zmajevi-igrati-kvalifikacije-za-euro-2024\/","title":{"rendered":"Predstavljeni novi dresovi u kojima \u0107e Zmajevi igrati kvalifikacije za EURO 2024"},"content":{"rendered":"<p>Nova era po\u010dinje za fudbalsku\/nogometnu reprezentaciju Bosne i Hercegovine, jer su danas u prostorijama NS\/FS BiH u Sarajevu predstavljeni novi Kelme dresovi u kojima \u0107e na\u0161i \u201eA\u201c reprezentativci nastupati u kvalifikacijama za EURO 2024.<\/p>\n<p>Ovaj veliki trenutak obilje\u017eili su Adnan D\u017eemid\u017ei\u0107, v.d. generalni sekretar NS\/FS BiH i Sr\u0111an Ja\u0107imovi\u0107, zamjenik direktora firme \u201eJa\u0107imovi\u0107\u201c d.o.o., koja je ekskluzivni zastupnik &#8220;Kelme&#8221; sportske opreme za Bosnu i Hercegovinu.<\/p>\n<p>Predstavljanje ovih dresova ozna\u010dava po\u010detak nove faze za reprezentaciju i predstavlja simbol svje\u017eine i promjene. Ovi moderni dresovi, dizajnirani od strane poznate sportske marke Kelme kreirani su na na\u010din da isti\u010du karakter i identitet bh. fudbala\/nogometa.<\/p>\n<p>Adnan D\u017eemid\u017ei\u0107 izrazio je zadovoljstvo novim dresovima i istakao va\u017enost saradnje sa Kelmeom u daljnjem radu NS\/FS BiH:<\/p>\n<p>\u201eOvi dresovi predstavljaju novo poglavlje za na\u0161u reprezentaciju. Kelme je renomirana sportska marka sa bogatim iskustvom i sretni smo \u0161to smo uspostavili ovu saradnju. Vjerujem da \u0107e nam ova nova oprema donijeti sre\u0107u i dati sna\u017enu inspiraciju u borbi za plasman na EURO 2024.\u201c<\/p>\n<p>Sr\u0111an Ja\u0107imovi\u0107 tako\u0111er je izrazio svoje odu\u0161evljenje zbog saradnje sa NS\/FS BiH i prilike da predstavi Kelme dresove za na\u0161e \u201eA\u201c reprezentativce.<\/p>\n<p>\u201eKompanija Kelme je uvijek bila posve\u0107ena stvaranju vrhunske sportske opreme koja kombinuje funkcionalnost, stil i udobnost. Vjerujemo da \u0107e ovi dresovi na\u0161im igra\u010dima omogu\u0107iti da se istaknu na terenu i da \u0107e biti izvor ponosa za sve navija\u010de. Jedva \u010dekamo da vidimo reprezentativce kako nose ove dresove u kvalifikacionim utakmicama.\u201c<\/p>\n<p>Sada, sa svje\u017eim izgledom i novom sportskom opremom, reprezentacija Bosne i Hercegovine kre\u0107e hrabro naprijed u nastojanju da ostvari svoje ciljeve na me\u0111unarodnoj sceni. Novi dresovi predstavljaju simbol ponosa i strasti za igru, i vjerujemo da \u0107e ih na\u0161i Zmajevi nositi sa dostojanstvom i da \u0107e ostvariti rezultate koje svi \u017eelimo.<\/p>\n<p>Online prodaja dresova po\u010dinje 16. juna putem stranica\u00a0<a href=\"https:\/\/www.juventasport.com\/\" target=\"_blank\" rel=\"noopener\">juventasport.com<\/a>\u00a0i\u00a0<a href=\"https:\/\/zmajevi.ba\/\" target=\"_blank\" rel=\"noopener\">zmajevi.ba<\/a>.<\/p>\n","protected":false},"excerpt":{"rendered":"<p>Nova era po\u010dinje za fudbalsku\/nogometnu reprezentaciju Bosne i Hercegovine, jer su danas u prostorijama NS\/FS&hellip;<\/p>\n","protected":false},"author":2,"featured_media":207373,"comment_status":"open","ping_status":"closed","sticky":false,"template":"","format":"standard","meta":{"_acf_changed":false,"footnotes":""},"categories":[291,304],"tags":[7178,6470,7179,915],"acf":[],"yoast_head":"<!-- This site is optimized with the Yoast SEO plugin v23.5 - https:\/\/yoast.com\/wordpress\/plugins\/seo\/ -->\n<title>Predstavljeni novi dresovi u kojima \u0107e Zmajevi igrati kvalifikacije za EURO 2024 - TuzlaInfo.ba<\/title>\n<meta name=\"robots\" content=\"index, follow, max-snippet:-1, max-image-preview:large, max-video-preview:-1\" \/>\n<link rel=\"canonical\" href=\"https:\/\/tuzlainfo.ba\/index.php\/bosna-i-hercegovina\/item\/207372-predstavljeni-novi-dresovi-u-kojima-ce-zmajevi-igrati-kvalifikacije-za-euro-2024\/\" \/>\n<meta property=\"og:locale\" content=\"bs_BA\" \/>\n<meta property=\"og:type\" content=\"article\" \/>\n<meta property=\"og:title\" content=\"Predstavljeni novi dresovi u kojima \u0107e Zmajevi igrati kvalifikacije za EURO 2024 - TuzlaInfo.ba\" \/>\n<meta property=\"og:description\" content=\"Nova era po\u010dinje za fudbalsku\/nogometnu reprezentaciju Bosne i Hercegovine, jer su danas u prostorijama NS\/FS&hellip;\" \/>\n<meta property=\"og:url\" content=\"https:\/\/tuzlainfo.ba\/index.php\/bosna-i-hercegovina\/item\/207372-predstavljeni-novi-dresovi-u-kojima-ce-zmajevi-igrati-kvalifikacije-za-euro-2024\/\" \/>\n<meta property=\"og:site_name\" content=\"TuzlaInfo.ba\" \/>\n<meta property=\"article:publisher\" content=\"https:\/\/www.facebook.com\/tuzlainfo.ba\/\" \/>\n<meta property=\"article:published_time\" content=\"2023-06-13T16:59:56+00:00\" \/>\n<meta property=\"og:image\" content=\"https:\/\/tuzlainfo.ba\/wp-content\/uploads\/2023\/06\/1306_dresovi.jpg\" \/>\n\t<meta property=\"og:image:width\" content=\"1024\" \/>\n\t<meta property=\"og:image:height\" content=\"682\" \/>\n\t<meta property=\"og:image:type\" content=\"image\/jpeg\" \/>\n<meta name=\"author\" content=\"nedim\" \/>\n<meta name=\"twitter:card\" content=\"summary_large_image\" \/>\n<meta name=\"twitter:label1\" content=\"Written by\" \/>\n\t<meta name=\"twitter:data1\" content=\"nedim\" \/>\n\t<meta name=\"twitter:label2\" content=\"Est. reading time\" \/>\n\t<meta name=\"twitter:data2\" content=\"2 minute\" \/>\n<script type=\"application\/ld+json\" class=\"yoast-schema-graph\">{\"@context\":\"https:\/\/schema.org\",\"@graph\":[{\"@type\":\"Article\",\"@id\":\"https:\/\/tuzlainfo.ba\/index.php\/bosna-i-hercegovina\/item\/207372-predstavljeni-novi-dresovi-u-kojima-ce-zmajevi-igrati-kvalifikacije-za-euro-2024\/#article\",\"isPartOf\":{\"@id\":\"https:\/\/tuzlainfo.ba\/index.php\/bosna-i-hercegovina\/item\/207372-predstavljeni-novi-dresovi-u-kojima-ce-zmajevi-igrati-kvalifikacije-za-euro-2024\/\"},\"author\":{\"name\":\"nedim\",\"@id\":\"https:\/\/tuzlainfo.ba\/#\/schema\/person\/f434e20dc27ea133923aab08451b7f7f\"},\"headline\":\"Predstavljeni novi dresovi u kojima \u0107e Zmajevi igrati kvalifikacije za EURO 2024\",\"datePublished\":\"2023-06-13T16:59:56+00:00\",\"dateModified\":\"2023-06-13T16:59:56+00:00\",\"mainEntityOfPage\":{\"@id\":\"https:\/\/tuzlainfo.ba\/index.php\/bosna-i-hercegovina\/item\/207372-predstavljeni-novi-dresovi-u-kojima-ce-zmajevi-igrati-kvalifikacije-za-euro-2024\/\"},\"wordCount\":350,\"commentCount\":0,\"publisher\":{\"@id\":\"https:\/\/tuzlainfo.ba\/#organization\"},\"image\":{\"@id\":\"https:\/\/tuzlainfo.ba\/index.php\/bosna-i-hercegovina\/item\/207372-predstavljeni-novi-dresovi-u-kojima-ce-zmajevi-igrati-kvalifikacije-za-euro-2024\/#primaryimage\"},\"thumbnailUrl\":\"https:\/\/tuzlainfo.ba\/wp-content\/uploads\/2023\/06\/1306_dresovi.jpg\",\"keywords\":[\"dresovi reprezentacije bih\",\"kelme\",\"prodaja dresova reprezentacije bih\",\"sport\"],\"articleSection\":[\"Bosna i Hercegovina\",\"Istaknuto\"],\"inLanguage\":\"bs-BA\"},{\"@type\":\"WebPage\",\"@id\":\"https:\/\/tuzlainfo.ba\/index.php\/bosna-i-hercegovina\/item\/207372-predstavljeni-novi-dresovi-u-kojima-ce-zmajevi-igrati-kvalifikacije-za-euro-2024\/\",\"url\":\"https:\/\/tuzlainfo.ba\/index.php\/bosna-i-hercegovina\/item\/207372-predstavljeni-novi-dresovi-u-kojima-ce-zmajevi-igrati-kvalifikacije-za-euro-2024\/\",\"name\":\"Predstavljeni novi dresovi u kojima \u0107e Zmajevi igrati kvalifikacije za EURO 2024 - TuzlaInfo.ba\",\"isPartOf\":{\"@id\":\"https:\/\/tuzlainfo.ba\/#website\"},\"primaryImageOfPage\":{\"@id\":\"https:\/\/tuzlainfo.ba\/index.php\/bosna-i-hercegovina\/item\/207372-predstavljeni-novi-dresovi-u-kojima-ce-zmajevi-igrati-kvalifikacije-za-euro-2024\/#primaryimage\"},\"image\":{\"@id\":\"https:\/\/tuzlainfo.ba\/index.php\/bosna-i-hercegovina\/item\/207372-predstavljeni-novi-dresovi-u-kojima-ce-zmajevi-igrati-kvalifikacije-za-euro-2024\/#primaryimage\"},\"thumbnailUrl\":\"https:\/\/tuzlainfo.ba\/wp-content\/uploads\/2023\/06\/1306_dresovi.jpg\",\"datePublished\":\"2023-06-13T16:59:56+00:00\",\"dateModified\":\"2023-06-13T16:59:56+00:00\",\"breadcrumb\":{\"@id\":\"https:\/\/tuzlainfo.ba\/index.php\/bosna-i-hercegovina\/item\/207372-predstavljeni-novi-dresovi-u-kojima-ce-zmajevi-igrati-kvalifikacije-za-euro-2024\/#breadcrumb\"},\"inLanguage\":\"bs-BA\",\"potentialAction\":[{\"@type\":\"ReadAction\",\"target\":[\"https:\/\/tuzlainfo.ba\/index.php\/bosna-i-hercegovina\/item\/207372-predstavljeni-novi-dresovi-u-kojima-ce-zmajevi-igrati-kvalifikacije-za-euro-2024\/\"]}]},{\"@type\":\"ImageObject\",\"inLanguage\":\"bs-BA\",\"@id\":\"https:\/\/tuzlainfo.ba\/index.php\/bosna-i-hercegovina\/item\/207372-predstavljeni-novi-dresovi-u-kojima-ce-zmajevi-igrati-kvalifikacije-za-euro-2024\/#primaryimage\",\"url\":\"https:\/\/tuzlainfo.ba\/wp-content\/uploads\/2023\/06\/1306_dresovi.jpg\",\"contentUrl\":\"https:\/\/tuzlainfo.ba\/wp-content\/uploads\/2023\/06\/1306_dresovi.jpg\",\"width\":1024,\"height\":682},{\"@type\":\"BreadcrumbList\",\"@id\":\"https:\/\/tuzlainfo.ba\/index.php\/bosna-i-hercegovina\/item\/207372-predstavljeni-novi-dresovi-u-kojima-ce-zmajevi-igrati-kvalifikacije-za-euro-2024\/#breadcrumb\",\"itemListElement\":[{\"@type\":\"ListItem\",\"position\":1,\"name\":\"Home\",\"item\":\"https:\/\/tuzlainfo.ba\/\"},{\"@type\":\"ListItem\",\"position\":2,\"name\":\"Predstavljeni novi dresovi u kojima \u0107e Zmajevi igrati kvalifikacije za EURO 2024\"}]},{\"@type\":\"WebSite\",\"@id\":\"https:\/\/tuzlainfo.ba\/#website\",\"url\":\"https:\/\/tuzlainfo.ba\/\",\"name\":\"TuzlaInfo.ba\",\"description\":\"Tuzla info, gradski informator - Tuzla na dlanu\",\"publisher\":{\"@id\":\"https:\/\/tuzlainfo.ba\/#organization\"},\"potentialAction\":[{\"@type\":\"SearchAction\",\"target\":{\"@type\":\"EntryPoint\",\"urlTemplate\":\"https:\/\/tuzlainfo.ba\/?s={search_term_string}\"},\"query-input\":{\"@type\":\"PropertyValueSpecification\",\"valueRequired\":true,\"valueName\":\"search_term_string\"}}],\"inLanguage\":\"bs-BA\"},{\"@type\":\"Organization\",\"@id\":\"https:\/\/tuzlainfo.ba\/#organization\",\"name\":\"TuzlaInfo.ba\",\"url\":\"https:\/\/tuzlainfo.ba\/\",\"logo\":{\"@type\":\"ImageObject\",\"inLanguage\":\"bs-BA\",\"@id\":\"https:\/\/tuzlainfo.ba\/#\/schema\/logo\/image\/\",\"url\":\"https:\/\/tuzlainfo.ba\/wp-content\/uploads\/2021\/03\/logo-ver-3-1.png\",\"contentUrl\":\"https:\/\/tuzlainfo.ba\/wp-content\/uploads\/2021\/03\/logo-ver-3-1.png\",\"width\":350,\"height\":95,\"caption\":\"TuzlaInfo.ba\"},\"image\":{\"@id\":\"https:\/\/tuzlainfo.ba\/#\/schema\/logo\/image\/\"},\"sameAs\":[\"https:\/\/www.facebook.com\/tuzlainfo.ba\/\"]},{\"@type\":\"Person\",\"@id\":\"https:\/\/tuzlainfo.ba\/#\/schema\/person\/f434e20dc27ea133923aab08451b7f7f\",\"name\":\"nedim\",\"image\":{\"@type\":\"ImageObject\",\"inLanguage\":\"bs-BA\",\"@id\":\"https:\/\/tuzlainfo.ba\/#\/schema\/person\/image\/\",\"url\":\"https:\/\/tuzlainfo.ba\/wp-content\/litespeed\/avatar\/aabad687af24844af817603ac1cbdc4f.jpg?ver=1776702173\",\"contentUrl\":\"https:\/\/tuzlainfo.ba\/wp-content\/litespeed\/avatar\/aabad687af24844af817603ac1cbdc4f.jpg?ver=1776702173\",\"caption\":\"nedim\"},\"description\":\"Tuzlainfo.ba pratite na dru\u0161tvenim mre\u017eama: Facebook, Instagram i Youtube. Svoje pri\u010de, upite i fotografije \u0161aljite na na\u0161u e-mail adresu.\"}]}<\/script>\n<!-- \/ Yoast SEO plugin. -->","yoast_head_json":{"title":"Predstavljeni novi dresovi u kojima \u0107e Zmajevi igrati kvalifikacije za EURO 2024 - TuzlaInfo.ba","robots":{"index":"index","follow":"follow","max-snippet":"max-snippet:-1","max-image-preview":"max-image-preview:large","max-video-preview":"max-video-preview:-1"},"canonical":"https:\/\/tuzlainfo.ba\/index.php\/bosna-i-hercegovina\/item\/207372-predstavljeni-novi-dresovi-u-kojima-ce-zmajevi-igrati-kvalifikacije-za-euro-2024\/","og_locale":"bs_BA","og_type":"article","og_title":"Predstavljeni novi dresovi u kojima \u0107e Zmajevi igrati kvalifikacije za EURO 2024 - TuzlaInfo.ba","og_description":"Nova era po\u010dinje za fudbalsku\/nogometnu reprezentaciju Bosne i Hercegovine, jer su danas u prostorijama NS\/FS&hellip;","og_url":"https:\/\/tuzlainfo.ba\/index.php\/bosna-i-hercegovina\/item\/207372-predstavljeni-novi-dresovi-u-kojima-ce-zmajevi-igrati-kvalifikacije-za-euro-2024\/","og_site_name":"TuzlaInfo.ba","article_publisher":"https:\/\/www.facebook.com\/tuzlainfo.ba\/","article_published_time":"2023-06-13T16:59:56+00:00","og_image":[{"width":1024,"height":682,"url":"https:\/\/tuzlainfo.ba\/wp-content\/uploads\/2023\/06\/1306_dresovi.jpg","type":"image\/jpeg"}],"author":"nedim","twitter_card":"summary_large_image","twitter_misc":{"Written by":"nedim","Est. reading time":"2 minute"},"schema":{"@context":"https:\/\/schema.org","@graph":[{"@type":"Article","@id":"https:\/\/tuzlainfo.ba\/index.php\/bosna-i-hercegovina\/item\/207372-predstavljeni-novi-dresovi-u-kojima-ce-zmajevi-igrati-kvalifikacije-za-euro-2024\/#article","isPartOf":{"@id":"https:\/\/tuzlainfo.ba\/index.php\/bosna-i-hercegovina\/item\/207372-predstavljeni-novi-dresovi-u-kojima-ce-zmajevi-igrati-kvalifikacije-za-euro-2024\/"},"author":{"name":"nedim","@id":"https:\/\/tuzlainfo.ba\/#\/schema\/person\/f434e20dc27ea133923aab08451b7f7f"},"headline":"Predstavljeni novi dresovi u kojima \u0107e Zmajevi igrati kvalifikacije za EURO 2024","datePublished":"2023-06-13T16:59:56+00:00","dateModified":"2023-06-13T16:59:56+00:00","mainEntityOfPage":{"@id":"https:\/\/tuzlainfo.ba\/index.php\/bosna-i-hercegovina\/item\/207372-predstavljeni-novi-dresovi-u-kojima-ce-zmajevi-igrati-kvalifikacije-za-euro-2024\/"},"wordCount":350,"commentCount":0,"publisher":{"@id":"https:\/\/tuzlainfo.ba\/#organization"},"image":{"@id":"https:\/\/tuzlainfo.ba\/index.php\/bosna-i-hercegovina\/item\/207372-predstavljeni-novi-dresovi-u-kojima-ce-zmajevi-igrati-kvalifikacije-za-euro-2024\/#primaryimage"},"thumbnailUrl":"https:\/\/tuzlainfo.ba\/wp-content\/uploads\/2023\/06\/1306_dresovi.jpg","keywords":["dresovi reprezentacije bih","kelme","prodaja dresova reprezentacije bih","sport"],"articleSection":["Bosna i Hercegovina","Istaknuto"],"inLanguage":"bs-BA"},{"@type":"WebPage","@id":"https:\/\/tuzlainfo.ba\/index.php\/bosna-i-hercegovina\/item\/207372-predstavljeni-novi-dresovi-u-kojima-ce-zmajevi-igrati-kvalifikacije-za-euro-2024\/","url":"https:\/\/tuzlainfo.ba\/index.php\/bosna-i-hercegovina\/item\/207372-predstavljeni-novi-dresovi-u-kojima-ce-zmajevi-igrati-kvalifikacije-za-euro-2024\/","name":"Predstavljeni novi dresovi u kojima \u0107e Zmajevi igrati kvalifikacije za EURO 2024 - TuzlaInfo.ba","isPartOf":{"@id":"https:\/\/tuzlainfo.ba\/#website"},"primaryImageOfPage":{"@id":"https:\/\/tuzlainfo.ba\/index.php\/bosna-i-hercegovina\/item\/207372-predstavljeni-novi-dresovi-u-kojima-ce-zmajevi-igrati-kvalifikacije-za-euro-2024\/#primaryimage"},"image":{"@id":"https:\/\/tuzlainfo.ba\/index.php\/bosna-i-hercegovina\/item\/207372-predstavljeni-novi-dresovi-u-kojima-ce-zmajevi-igrati-kvalifikacije-za-euro-2024\/#primaryimage"},"thumbnailUrl":"https:\/\/tuzlainfo.ba\/wp-content\/uploads\/2023\/06\/1306_dresovi.jpg","datePublished":"2023-06-13T16:59:56+00:00","dateModified":"2023-06-13T16:59:56+00:00","breadcrumb":{"@id":"https:\/\/tuzlainfo.ba\/index.php\/bosna-i-hercegovina\/item\/207372-predstavljeni-novi-dresovi-u-kojima-ce-zmajevi-igrati-kvalifikacije-za-euro-2024\/#breadcrumb"},"inLanguage":"bs-BA","potentialAction":[{"@type":"ReadAction","target":["https:\/\/tuzlainfo.ba\/index.php\/bosna-i-hercegovina\/item\/207372-predstavljeni-novi-dresovi-u-kojima-ce-zmajevi-igrati-kvalifikacije-za-euro-2024\/"]}]},{"@type":"ImageObject","inLanguage":"bs-BA","@id":"https:\/\/tuzlainfo.ba\/index.php\/bosna-i-hercegovina\/item\/207372-predstavljeni-novi-dresovi-u-kojima-ce-zmajevi-igrati-kvalifikacije-za-euro-2024\/#primaryimage","url":"https:\/\/tuzlainfo.ba\/wp-content\/uploads\/2023\/06\/1306_dresovi.jpg","contentUrl":"https:\/\/tuzlainfo.ba\/wp-content\/uploads\/2023\/06\/1306_dresovi.jpg","width":1024,"height":682},{"@type":"BreadcrumbList","@id":"https:\/\/tuzlainfo.ba\/index.php\/bosna-i-hercegovina\/item\/207372-predstavljeni-novi-dresovi-u-kojima-ce-zmajevi-igrati-kvalifikacije-za-euro-2024\/#breadcrumb","itemListElement":[{"@type":"ListItem","position":1,"name":"Home","item":"https:\/\/tuzlainfo.ba\/"},{"@type":"ListItem","position":2,"name":"Predstavljeni novi dresovi u kojima \u0107e Zmajevi igrati kvalifikacije za EURO 2024"}]},{"@type":"WebSite","@id":"https:\/\/tuzlainfo.ba\/#website","url":"https:\/\/tuzlainfo.ba\/","name":"TuzlaInfo.ba","description":"Tuzla info, gradski informator - Tuzla na dlanu","publisher":{"@id":"https:\/\/tuzlainfo.ba\/#organization"},"potentialAction":[{"@type":"SearchAction","target":{"@type":"EntryPoint","urlTemplate":"https:\/\/tuzlainfo.ba\/?s={search_term_string}"},"query-input":{"@type":"PropertyValueSpecification","valueRequired":true,"valueName":"search_term_string"}}],"inLanguage":"bs-BA"},{"@type":"Organization","@id":"https:\/\/tuzlainfo.ba\/#organization","name":"TuzlaInfo.ba","url":"https:\/\/tuzlainfo.ba\/","logo":{"@type":"ImageObject","inLanguage":"bs-BA","@id":"https:\/\/tuzlainfo.ba\/#\/schema\/logo\/image\/","url":"https:\/\/tuzlainfo.ba\/wp-content\/uploads\/2021\/03\/logo-ver-3-1.png","contentUrl":"https:\/\/tuzlainfo.ba\/wp-content\/uploads\/2021\/03\/logo-ver-3-1.png","width":350,"height":95,"caption":"TuzlaInfo.ba"},"image":{"@id":"https:\/\/tuzlainfo.ba\/#\/schema\/logo\/image\/"},"sameAs":["https:\/\/www.facebook.com\/tuzlainfo.ba\/"]},{"@type":"Person","@id":"https:\/\/tuzlainfo.ba\/#\/schema\/person\/f434e20dc27ea133923aab08451b7f7f","name":"nedim","image":{"@type":"ImageObject","inLanguage":"bs-BA","@id":"https:\/\/tuzlainfo.ba\/#\/schema\/person\/image\/","url":"https:\/\/tuzlainfo.ba\/wp-content\/litespeed\/avatar\/aabad687af24844af817603ac1cbdc4f.jpg?ver=1776702173","contentUrl":"https:\/\/tuzlainfo.ba\/wp-content\/litespeed\/avatar\/aabad687af24844af817603ac1cbdc4f.jpg?ver=1776702173","caption":"nedim"},"description":"Tuzlainfo.ba pratite na dru\u0161tvenim mre\u017eama: Facebook, Instagram i Youtube. Svoje pri\u010de, upite i fotografije \u0161aljite na na\u0161u e-mail adresu."}]}},"_links":{"self":[{"href":"https:\/\/tuzlainfo.ba\/index.php\/wp-json\/wp\/v2\/posts\/207372"}],"collection":[{"href":"https:\/\/tuzlainfo.ba\/index.php\/wp-json\/wp\/v2\/posts"}],"about":[{"href":"https:\/\/tuzlainfo.ba\/index.php\/wp-json\/wp\/v2\/types\/post"}],"author":[{"embeddable":true,"href":"https:\/\/tuzlainfo.ba\/index.php\/wp-json\/wp\/v2\/users\/2"}],"replies":[{"embeddable":true,"href":"https:\/\/tuzlainfo.ba\/index.php\/wp-json\/wp\/v2\/comments?post=207372"}],"version-history":[{"count":0,"href":"https:\/\/tuzlainfo.ba\/index.php\/wp-json\/wp\/v2\/posts\/207372\/revisions"}],"wp:featuredmedia":[{"embeddable":true,"href":"https:\/\/tuzlainfo.ba\/index.php\/wp-json\/wp\/v2\/media\/207373"}],"wp:attachment":[{"href":"https:\/\/tuzlainfo.ba\/index.php\/wp-json\/wp\/v2\/media?parent=207372"}],"wp:term":[{"taxonomy":"category","embeddable":true,"href":"https:\/\/tuzlainfo.ba\/index.php\/wp-json\/wp\/v2\/categories?post=207372"},{"taxonomy":"post_tag","embeddable":true,"href":"https:\/\/tuzlainfo.ba\/index.php\/wp-json\/wp\/v2\/tags?post=207372"}],"curies":[{"name":"wp","href":"https:\/\/api.w.org\/{rel}","templated":true}]}}