{"id":207237,"date":"2023-06-12T16:05:13","date_gmt":"2023-06-12T14:05:13","guid":{"rendered":"https:\/\/tuzlainfo.ba\/?p=207237"},"modified":"2023-06-12T14:26:26","modified_gmt":"2023-06-12T12:26:26","slug":"becirovic-od-vijeca-ministara-trazi-100-hiljada-km-za-pomoc-opcini-sapna","status":"publish","type":"post","link":"https:\/\/tuzlainfo.ba\/index.php\/novosti\/item\/207237-becirovic-od-vijeca-ministara-trazi-100-hiljada-km-za-pomoc-opcini-sapna\/","title":{"rendered":"Be\u0107irovi\u0107 od Vije\u0107a ministara tra\u017ei 100 hiljada KM za pomo\u0107 op\u0107ini Sapna"},"content":{"rendered":"<p>\u010clan Predsjedni\u0161tva Bosne i Hercegovine Denis Be\u0107irovi\u0107 uputio je u proceduru zahtjev za odr\u017eavanje vanredne sjednice Predsjedni\u0161tva BiH na kojoj bi se iz bud\u017eetskih rezervi Vije\u0107a ministara BiH izdvojila sredstva za sanaciju \u0161teta izazvanih poplavama na podru\u010dju op\u0107ine Sapna.<\/p>\n<p>&#8211;\u00a0 Obzirom na velike materijalne \u0161tete nastale na podru\u010dju op\u0107ine Sapne izazvane poplavama, nu\u017eno je da Vije\u0107e ministara BiH hitno odobri interventna sredstva iz bud\u017eeta institucija BiH i me\u0111unarodnih obaveza BiH za 2023. godinu u iznosu od 100.000 KM za op\u0107inu Sapna, a sa ciljem pomo\u0107i u sanaciji nastalih \u0161teta \u2013 navedeno je u zahtjevu.<\/p>\n<p>Be\u0107irovi\u0107 je predlo\u017eio da Predsjedni\u0161tvo BiH na toj sjednici zadu\u017ei Vije\u0107e ministara BiH da izdvoji potrebna sredstva, a zahtjev za sjednicu uputio je predsjedavaju\u0107oj i \u010dlanu Predsjedni\u0161tva BiH \u017deljki Cvijanovi\u0107 i \u017deljku Kom\u0161i\u0107u, saop\u0107eno je iz Kabineta \u010dlana Predsjedni\u0161tva BiH.<\/p>\n<p>Danas je odr\u017eana i 20. vanredna sjednica Predsjedni\u0161tva BiH na kojoj je jednoglasno usvojen prijedlog Zaklju\u010dka za pomo\u0107 u sanaciji \u0161teta izazvanih olujnim nevremenom na podru\u010dju op\u0107ine Teo\u010dak, a koji je uputio \u010dlan Predsjedni\u0161tva Bosne i Hercegovine Denis Be\u0107irovi\u0107, saop\u0107eno je iz Predsjedni\u0161tva BiH.<\/p>\n","protected":false},"excerpt":{"rendered":"<p>\u010clan Predsjedni\u0161tva Bosne i Hercegovine Denis Be\u0107irovi\u0107 uputio je u proceduru zahtjev za odr\u017eavanje vanredne&hellip;<\/p>\n","protected":false},"author":4,"featured_media":207027,"comment_status":"open","ping_status":"closed","sticky":false,"template":"","format":"standard","meta":{"_acf_changed":false,"footnotes":""},"categories":[304,12],"tags":[884,856],"acf":[],"yoast_head":"<!-- This site is optimized with the Yoast SEO plugin v23.5 - https:\/\/yoast.com\/wordpress\/plugins\/seo\/ -->\n<title>Be\u0107irovi\u0107 od Vije\u0107a ministara tra\u017ei 100 hiljada KM za pomo\u0107 op\u0107ini Sapna - TuzlaInfo.ba<\/title>\n<meta name=\"robots\" content=\"index, follow, max-snippet:-1, max-image-preview:large, max-video-preview:-1\" \/>\n<link rel=\"canonical\" href=\"https:\/\/tuzlainfo.ba\/index.php\/novosti\/item\/207237-becirovic-od-vijeca-ministara-trazi-100-hiljada-km-za-pomoc-opcini-sapna\/\" \/>\n<meta property=\"og:locale\" content=\"bs_BA\" \/>\n<meta property=\"og:type\" content=\"article\" \/>\n<meta property=\"og:title\" content=\"Be\u0107irovi\u0107 od Vije\u0107a ministara tra\u017ei 100 hiljada KM za pomo\u0107 op\u0107ini Sapna - TuzlaInfo.ba\" \/>\n<meta property=\"og:description\" content=\"\u010clan Predsjedni\u0161tva Bosne i Hercegovine Denis Be\u0107irovi\u0107 uputio je u proceduru zahtjev za odr\u017eavanje vanredne&hellip;\" \/>\n<meta property=\"og:url\" content=\"https:\/\/tuzlainfo.ba\/index.php\/novosti\/item\/207237-becirovic-od-vijeca-ministara-trazi-100-hiljada-km-za-pomoc-opcini-sapna\/\" \/>\n<meta property=\"og:site_name\" content=\"TuzlaInfo.ba\" \/>\n<meta property=\"article:publisher\" content=\"https:\/\/www.facebook.com\/tuzlainfo.ba\/\" \/>\n<meta property=\"article:published_time\" content=\"2023-06-12T14:05:13+00:00\" \/>\n<meta property=\"article:modified_time\" content=\"2023-06-12T12:26:26+00:00\" \/>\n<meta property=\"og:image\" content=\"https:\/\/tuzlainfo.ba\/wp-content\/uploads\/2023\/06\/becirovic-teocak.jpg\" \/>\n\t<meta property=\"og:image:width\" content=\"1024\" \/>\n\t<meta property=\"og:image:height\" content=\"799\" \/>\n\t<meta property=\"og:image:type\" content=\"image\/jpeg\" \/>\n<meta name=\"author\" content=\"Tuzla Info\" \/>\n<meta name=\"twitter:card\" content=\"summary_large_image\" \/>\n<meta name=\"twitter:label1\" content=\"Written by\" \/>\n\t<meta name=\"twitter:data1\" content=\"Tuzla Info\" \/>\n\t<meta name=\"twitter:label2\" content=\"Est. reading time\" \/>\n\t<meta name=\"twitter:data2\" content=\"1 minuta\" \/>\n<script type=\"application\/ld+json\" class=\"yoast-schema-graph\">{\"@context\":\"https:\/\/schema.org\",\"@graph\":[{\"@type\":\"Article\",\"@id\":\"https:\/\/tuzlainfo.ba\/index.php\/novosti\/item\/207237-becirovic-od-vijeca-ministara-trazi-100-hiljada-km-za-pomoc-opcini-sapna\/#article\",\"isPartOf\":{\"@id\":\"https:\/\/tuzlainfo.ba\/index.php\/novosti\/item\/207237-becirovic-od-vijeca-ministara-trazi-100-hiljada-km-za-pomoc-opcini-sapna\/\"},\"author\":{\"name\":\"Tuzla Info\",\"@id\":\"https:\/\/tuzlainfo.ba\/#\/schema\/person\/46cad4c57790cbc50781edd14870825a\"},\"headline\":\"Be\u0107irovi\u0107 od Vije\u0107a ministara tra\u017ei 100 hiljada KM za pomo\u0107 op\u0107ini Sapna\",\"datePublished\":\"2023-06-12T14:05:13+00:00\",\"dateModified\":\"2023-06-12T12:26:26+00:00\",\"mainEntityOfPage\":{\"@id\":\"https:\/\/tuzlainfo.ba\/index.php\/novosti\/item\/207237-becirovic-od-vijeca-ministara-trazi-100-hiljada-km-za-pomoc-opcini-sapna\/\"},\"wordCount\":226,\"commentCount\":0,\"publisher\":{\"@id\":\"https:\/\/tuzlainfo.ba\/#organization\"},\"image\":{\"@id\":\"https:\/\/tuzlainfo.ba\/index.php\/novosti\/item\/207237-becirovic-od-vijeca-ministara-trazi-100-hiljada-km-za-pomoc-opcini-sapna\/#primaryimage\"},\"thumbnailUrl\":\"https:\/\/tuzlainfo.ba\/wp-content\/uploads\/2023\/06\/becirovic-teocak.jpg\",\"keywords\":[\"denis be\u0107irovi\u0107\",\"sapna\"],\"articleSection\":[\"Istaknuto\",\"Novosti\"],\"inLanguage\":\"bs-BA\"},{\"@type\":\"WebPage\",\"@id\":\"https:\/\/tuzlainfo.ba\/index.php\/novosti\/item\/207237-becirovic-od-vijeca-ministara-trazi-100-hiljada-km-za-pomoc-opcini-sapna\/\",\"url\":\"https:\/\/tuzlainfo.ba\/index.php\/novosti\/item\/207237-becirovic-od-vijeca-ministara-trazi-100-hiljada-km-za-pomoc-opcini-sapna\/\",\"name\":\"Be\u0107irovi\u0107 od Vije\u0107a ministara tra\u017ei 100 hiljada KM za pomo\u0107 op\u0107ini Sapna - TuzlaInfo.ba\",\"isPartOf\":{\"@id\":\"https:\/\/tuzlainfo.ba\/#website\"},\"primaryImageOfPage\":{\"@id\":\"https:\/\/tuzlainfo.ba\/index.php\/novosti\/item\/207237-becirovic-od-vijeca-ministara-trazi-100-hiljada-km-za-pomoc-opcini-sapna\/#primaryimage\"},\"image\":{\"@id\":\"https:\/\/tuzlainfo.ba\/index.php\/novosti\/item\/207237-becirovic-od-vijeca-ministara-trazi-100-hiljada-km-za-pomoc-opcini-sapna\/#primaryimage\"},\"thumbnailUrl\":\"https:\/\/tuzlainfo.ba\/wp-content\/uploads\/2023\/06\/becirovic-teocak.jpg\",\"datePublished\":\"2023-06-12T14:05:13+00:00\",\"dateModified\":\"2023-06-12T12:26:26+00:00\",\"breadcrumb\":{\"@id\":\"https:\/\/tuzlainfo.ba\/index.php\/novosti\/item\/207237-becirovic-od-vijeca-ministara-trazi-100-hiljada-km-za-pomoc-opcini-sapna\/#breadcrumb\"},\"inLanguage\":\"bs-BA\",\"potentialAction\":[{\"@type\":\"ReadAction\",\"target\":[\"https:\/\/tuzlainfo.ba\/index.php\/novosti\/item\/207237-becirovic-od-vijeca-ministara-trazi-100-hiljada-km-za-pomoc-opcini-sapna\/\"]}]},{\"@type\":\"ImageObject\",\"inLanguage\":\"bs-BA\",\"@id\":\"https:\/\/tuzlainfo.ba\/index.php\/novosti\/item\/207237-becirovic-od-vijeca-ministara-trazi-100-hiljada-km-za-pomoc-opcini-sapna\/#primaryimage\",\"url\":\"https:\/\/tuzlainfo.ba\/wp-content\/uploads\/2023\/06\/becirovic-teocak.jpg\",\"contentUrl\":\"https:\/\/tuzlainfo.ba\/wp-content\/uploads\/2023\/06\/becirovic-teocak.jpg\",\"width\":1024,\"height\":799,\"caption\":\"Foto: Arhiva\"},{\"@type\":\"BreadcrumbList\",\"@id\":\"https:\/\/tuzlainfo.ba\/index.php\/novosti\/item\/207237-becirovic-od-vijeca-ministara-trazi-100-hiljada-km-za-pomoc-opcini-sapna\/#breadcrumb\",\"itemListElement\":[{\"@type\":\"ListItem\",\"position\":1,\"name\":\"Home\",\"item\":\"https:\/\/tuzlainfo.ba\/\"},{\"@type\":\"ListItem\",\"position\":2,\"name\":\"Be\u0107irovi\u0107 od Vije\u0107a ministara tra\u017ei 100 hiljada KM za pomo\u0107 op\u0107ini Sapna\"}]},{\"@type\":\"WebSite\",\"@id\":\"https:\/\/tuzlainfo.ba\/#website\",\"url\":\"https:\/\/tuzlainfo.ba\/\",\"name\":\"TuzlaInfo.ba\",\"description\":\"Tuzla info, gradski informator - Tuzla na dlanu\",\"publisher\":{\"@id\":\"https:\/\/tuzlainfo.ba\/#organization\"},\"potentialAction\":[{\"@type\":\"SearchAction\",\"target\":{\"@type\":\"EntryPoint\",\"urlTemplate\":\"https:\/\/tuzlainfo.ba\/?s={search_term_string}\"},\"query-input\":{\"@type\":\"PropertyValueSpecification\",\"valueRequired\":true,\"valueName\":\"search_term_string\"}}],\"inLanguage\":\"bs-BA\"},{\"@type\":\"Organization\",\"@id\":\"https:\/\/tuzlainfo.ba\/#organization\",\"name\":\"TuzlaInfo.ba\",\"url\":\"https:\/\/tuzlainfo.ba\/\",\"logo\":{\"@type\":\"ImageObject\",\"inLanguage\":\"bs-BA\",\"@id\":\"https:\/\/tuzlainfo.ba\/#\/schema\/logo\/image\/\",\"url\":\"https:\/\/tuzlainfo.ba\/wp-content\/uploads\/2021\/03\/logo-ver-3-1.png\",\"contentUrl\":\"https:\/\/tuzlainfo.ba\/wp-content\/uploads\/2021\/03\/logo-ver-3-1.png\",\"width\":350,\"height\":95,\"caption\":\"TuzlaInfo.ba\"},\"image\":{\"@id\":\"https:\/\/tuzlainfo.ba\/#\/schema\/logo\/image\/\"},\"sameAs\":[\"https:\/\/www.facebook.com\/tuzlainfo.ba\/\"]},{\"@type\":\"Person\",\"@id\":\"https:\/\/tuzlainfo.ba\/#\/schema\/person\/46cad4c57790cbc50781edd14870825a\",\"name\":\"Tuzla Info\",\"image\":{\"@type\":\"ImageObject\",\"inLanguage\":\"bs-BA\",\"@id\":\"https:\/\/tuzlainfo.ba\/#\/schema\/person\/image\/\",\"url\":\"https:\/\/tuzlainfo.ba\/wp-content\/litespeed\/avatar\/b6c453a6c38e3654f2e4416c643fc25c.jpg?ver=1777051911\",\"contentUrl\":\"https:\/\/tuzlainfo.ba\/wp-content\/litespeed\/avatar\/b6c453a6c38e3654f2e4416c643fc25c.jpg?ver=1777051911\",\"caption\":\"Tuzla Info\"}}]}<\/script>\n<!-- \/ Yoast SEO plugin. -->","yoast_head_json":{"title":"Be\u0107irovi\u0107 od Vije\u0107a ministara tra\u017ei 100 hiljada KM za pomo\u0107 op\u0107ini Sapna - TuzlaInfo.ba","robots":{"index":"index","follow":"follow","max-snippet":"max-snippet:-1","max-image-preview":"max-image-preview:large","max-video-preview":"max-video-preview:-1"},"canonical":"https:\/\/tuzlainfo.ba\/index.php\/novosti\/item\/207237-becirovic-od-vijeca-ministara-trazi-100-hiljada-km-za-pomoc-opcini-sapna\/","og_locale":"bs_BA","og_type":"article","og_title":"Be\u0107irovi\u0107 od Vije\u0107a ministara tra\u017ei 100 hiljada KM za pomo\u0107 op\u0107ini Sapna - TuzlaInfo.ba","og_description":"\u010clan Predsjedni\u0161tva Bosne i Hercegovine Denis Be\u0107irovi\u0107 uputio je u proceduru zahtjev za odr\u017eavanje vanredne&hellip;","og_url":"https:\/\/tuzlainfo.ba\/index.php\/novosti\/item\/207237-becirovic-od-vijeca-ministara-trazi-100-hiljada-km-za-pomoc-opcini-sapna\/","og_site_name":"TuzlaInfo.ba","article_publisher":"https:\/\/www.facebook.com\/tuzlainfo.ba\/","article_published_time":"2023-06-12T14:05:13+00:00","article_modified_time":"2023-06-12T12:26:26+00:00","og_image":[{"width":1024,"height":799,"url":"https:\/\/tuzlainfo.ba\/wp-content\/uploads\/2023\/06\/becirovic-teocak.jpg","type":"image\/jpeg"}],"author":"Tuzla Info","twitter_card":"summary_large_image","twitter_misc":{"Written by":"Tuzla Info","Est. reading time":"1 minuta"},"schema":{"@context":"https:\/\/schema.org","@graph":[{"@type":"Article","@id":"https:\/\/tuzlainfo.ba\/index.php\/novosti\/item\/207237-becirovic-od-vijeca-ministara-trazi-100-hiljada-km-za-pomoc-opcini-sapna\/#article","isPartOf":{"@id":"https:\/\/tuzlainfo.ba\/index.php\/novosti\/item\/207237-becirovic-od-vijeca-ministara-trazi-100-hiljada-km-za-pomoc-opcini-sapna\/"},"author":{"name":"Tuzla Info","@id":"https:\/\/tuzlainfo.ba\/#\/schema\/person\/46cad4c57790cbc50781edd14870825a"},"headline":"Be\u0107irovi\u0107 od Vije\u0107a ministara tra\u017ei 100 hiljada KM za pomo\u0107 op\u0107ini Sapna","datePublished":"2023-06-12T14:05:13+00:00","dateModified":"2023-06-12T12:26:26+00:00","mainEntityOfPage":{"@id":"https:\/\/tuzlainfo.ba\/index.php\/novosti\/item\/207237-becirovic-od-vijeca-ministara-trazi-100-hiljada-km-za-pomoc-opcini-sapna\/"},"wordCount":226,"commentCount":0,"publisher":{"@id":"https:\/\/tuzlainfo.ba\/#organization"},"image":{"@id":"https:\/\/tuzlainfo.ba\/index.php\/novosti\/item\/207237-becirovic-od-vijeca-ministara-trazi-100-hiljada-km-za-pomoc-opcini-sapna\/#primaryimage"},"thumbnailUrl":"https:\/\/tuzlainfo.ba\/wp-content\/uploads\/2023\/06\/becirovic-teocak.jpg","keywords":["denis be\u0107irovi\u0107","sapna"],"articleSection":["Istaknuto","Novosti"],"inLanguage":"bs-BA"},{"@type":"WebPage","@id":"https:\/\/tuzlainfo.ba\/index.php\/novosti\/item\/207237-becirovic-od-vijeca-ministara-trazi-100-hiljada-km-za-pomoc-opcini-sapna\/","url":"https:\/\/tuzlainfo.ba\/index.php\/novosti\/item\/207237-becirovic-od-vijeca-ministara-trazi-100-hiljada-km-za-pomoc-opcini-sapna\/","name":"Be\u0107irovi\u0107 od Vije\u0107a ministara tra\u017ei 100 hiljada KM za pomo\u0107 op\u0107ini Sapna - TuzlaInfo.ba","isPartOf":{"@id":"https:\/\/tuzlainfo.ba\/#website"},"primaryImageOfPage":{"@id":"https:\/\/tuzlainfo.ba\/index.php\/novosti\/item\/207237-becirovic-od-vijeca-ministara-trazi-100-hiljada-km-za-pomoc-opcini-sapna\/#primaryimage"},"image":{"@id":"https:\/\/tuzlainfo.ba\/index.php\/novosti\/item\/207237-becirovic-od-vijeca-ministara-trazi-100-hiljada-km-za-pomoc-opcini-sapna\/#primaryimage"},"thumbnailUrl":"https:\/\/tuzlainfo.ba\/wp-content\/uploads\/2023\/06\/becirovic-teocak.jpg","datePublished":"2023-06-12T14:05:13+00:00","dateModified":"2023-06-12T12:26:26+00:00","breadcrumb":{"@id":"https:\/\/tuzlainfo.ba\/index.php\/novosti\/item\/207237-becirovic-od-vijeca-ministara-trazi-100-hiljada-km-za-pomoc-opcini-sapna\/#breadcrumb"},"inLanguage":"bs-BA","potentialAction":[{"@type":"ReadAction","target":["https:\/\/tuzlainfo.ba\/index.php\/novosti\/item\/207237-becirovic-od-vijeca-ministara-trazi-100-hiljada-km-za-pomoc-opcini-sapna\/"]}]},{"@type":"ImageObject","inLanguage":"bs-BA","@id":"https:\/\/tuzlainfo.ba\/index.php\/novosti\/item\/207237-becirovic-od-vijeca-ministara-trazi-100-hiljada-km-za-pomoc-opcini-sapna\/#primaryimage","url":"https:\/\/tuzlainfo.ba\/wp-content\/uploads\/2023\/06\/becirovic-teocak.jpg","contentUrl":"https:\/\/tuzlainfo.ba\/wp-content\/uploads\/2023\/06\/becirovic-teocak.jpg","width":1024,"height":799,"caption":"Foto: Arhiva"},{"@type":"BreadcrumbList","@id":"https:\/\/tuzlainfo.ba\/index.php\/novosti\/item\/207237-becirovic-od-vijeca-ministara-trazi-100-hiljada-km-za-pomoc-opcini-sapna\/#breadcrumb","itemListElement":[{"@type":"ListItem","position":1,"name":"Home","item":"https:\/\/tuzlainfo.ba\/"},{"@type":"ListItem","position":2,"name":"Be\u0107irovi\u0107 od Vije\u0107a ministara tra\u017ei 100 hiljada KM za pomo\u0107 op\u0107ini Sapna"}]},{"@type":"WebSite","@id":"https:\/\/tuzlainfo.ba\/#website","url":"https:\/\/tuzlainfo.ba\/","name":"TuzlaInfo.ba","description":"Tuzla info, gradski informator - Tuzla na dlanu","publisher":{"@id":"https:\/\/tuzlainfo.ba\/#organization"},"potentialAction":[{"@type":"SearchAction","target":{"@type":"EntryPoint","urlTemplate":"https:\/\/tuzlainfo.ba\/?s={search_term_string}"},"query-input":{"@type":"PropertyValueSpecification","valueRequired":true,"valueName":"search_term_string"}}],"inLanguage":"bs-BA"},{"@type":"Organization","@id":"https:\/\/tuzlainfo.ba\/#organization","name":"TuzlaInfo.ba","url":"https:\/\/tuzlainfo.ba\/","logo":{"@type":"ImageObject","inLanguage":"bs-BA","@id":"https:\/\/tuzlainfo.ba\/#\/schema\/logo\/image\/","url":"https:\/\/tuzlainfo.ba\/wp-content\/uploads\/2021\/03\/logo-ver-3-1.png","contentUrl":"https:\/\/tuzlainfo.ba\/wp-content\/uploads\/2021\/03\/logo-ver-3-1.png","width":350,"height":95,"caption":"TuzlaInfo.ba"},"image":{"@id":"https:\/\/tuzlainfo.ba\/#\/schema\/logo\/image\/"},"sameAs":["https:\/\/www.facebook.com\/tuzlainfo.ba\/"]},{"@type":"Person","@id":"https:\/\/tuzlainfo.ba\/#\/schema\/person\/46cad4c57790cbc50781edd14870825a","name":"Tuzla Info","image":{"@type":"ImageObject","inLanguage":"bs-BA","@id":"https:\/\/tuzlainfo.ba\/#\/schema\/person\/image\/","url":"https:\/\/tuzlainfo.ba\/wp-content\/litespeed\/avatar\/b6c453a6c38e3654f2e4416c643fc25c.jpg?ver=1777051911","contentUrl":"https:\/\/tuzlainfo.ba\/wp-content\/litespeed\/avatar\/b6c453a6c38e3654f2e4416c643fc25c.jpg?ver=1777051911","caption":"Tuzla Info"}}]}},"_links":{"self":[{"href":"https:\/\/tuzlainfo.ba\/index.php\/wp-json\/wp\/v2\/posts\/207237"}],"collection":[{"href":"https:\/\/tuzlainfo.ba\/index.php\/wp-json\/wp\/v2\/posts"}],"about":[{"href":"https:\/\/tuzlainfo.ba\/index.php\/wp-json\/wp\/v2\/types\/post"}],"author":[{"embeddable":true,"href":"https:\/\/tuzlainfo.ba\/index.php\/wp-json\/wp\/v2\/users\/4"}],"replies":[{"embeddable":true,"href":"https:\/\/tuzlainfo.ba\/index.php\/wp-json\/wp\/v2\/comments?post=207237"}],"version-history":[{"count":0,"href":"https:\/\/tuzlainfo.ba\/index.php\/wp-json\/wp\/v2\/posts\/207237\/revisions"}],"wp:featuredmedia":[{"embeddable":true,"href":"https:\/\/tuzlainfo.ba\/index.php\/wp-json\/wp\/v2\/media\/207027"}],"wp:attachment":[{"href":"https:\/\/tuzlainfo.ba\/index.php\/wp-json\/wp\/v2\/media?parent=207237"}],"wp:term":[{"taxonomy":"category","embeddable":true,"href":"https:\/\/tuzlainfo.ba\/index.php\/wp-json\/wp\/v2\/categories?post=207237"},{"taxonomy":"post_tag","embeddable":true,"href":"https:\/\/tuzlainfo.ba\/index.php\/wp-json\/wp\/v2\/tags?post=207237"}],"curies":[{"name":"wp","href":"https:\/\/api.w.org\/{rel}","templated":true}]}}