{"id":207190,"date":"2023-06-11T21:28:05","date_gmt":"2023-06-11T19:28:05","guid":{"rendered":"https:\/\/tuzlainfo.ba\/?p=207190"},"modified":"2023-06-11T21:28:56","modified_gmt":"2023-06-11T19:28:56","slug":"prve-procjene-steta-nakon-nevremena-u-sapni-iznosi-blizu-14-milona-km","status":"publish","type":"post","link":"https:\/\/tuzlainfo.ba\/index.php\/novosti\/item\/207190-prve-procjene-steta-nakon-nevremena-u-sapni-iznosi-blizu-14-milona-km\/","title":{"rendered":"Prve procjene: \u0160teta nakon nevremena u Sapni iznosi blizu 1,4 milona KM"},"content":{"rendered":"<p>U stanju u Sapni za Dnevnik 2 je govorio \u0106amil Ahmetovi\u0107, iz Slu\u017ebe civilne za\u0161tite Sapna. On je istakao kako je nadle\u017ena komisija obi\u0161la ugro\u017eena mjesta \u2013 \u0161teta je oko milion i 380 hiljada maraka.<\/p>\n<p>\u201eNajvi\u0161e su o\u0161te\u0107eni regionalni putevi Kalesija \u2013 Sapna i dalje prema Priboju \u2013 tu je \u0161teta oko 430 hiljada maraka. Slijede lokalni putevi \u2013 oko 400 hiljada maraka\u201c, istakao je Ahmetovi\u0107. \u0160to se ti\u010de usjeva, \u0161teta je oko 280 hiljada maraka, dodao je on.<\/p>\n<p>Kad je rije\u010d o uzrocima poplava, Ahmetovi\u0107 prvo napominje da je bila velika koli\u010dina padavina: I da je sve funkcionisalo kako treba, korita nisu mogla primiti svu vodu. Drugi problem je nedovoljna savjest gra\u0111ana \u2013 otpad koji se baca u potoke za\u010depio je propuste i do\u0161lo je do izlijevanja. Tre\u0107i razlog je nedovoljno odr\u017eavanje lokalnih puteva, u smislu \u010di\u0161\u0107enja kanala &#8211; i manje koli\u010dine vode naprave problem\u201c, pi\u0161e federalna.ba.<\/p>\n","protected":false},"excerpt":{"rendered":"<p>U stanju u Sapni za Dnevnik 2 je govorio \u0106amil Ahmetovi\u0107, iz Slu\u017ebe civilne za\u0161tite&hellip;<\/p>\n","protected":false},"author":2,"featured_media":207192,"comment_status":"open","ping_status":"closed","sticky":false,"template":"","format":"standard","meta":{"_acf_changed":false,"footnotes":""},"categories":[304,12],"tags":[7160,856,2350],"acf":[],"yoast_head":"<!-- This site is optimized with the Yoast SEO plugin v23.5 - https:\/\/yoast.com\/wordpress\/plugins\/seo\/ -->\n<title>Prve procjene: \u0160teta nakon nevremena u Sapni iznosi blizu 1,4 milona KM - TuzlaInfo.ba<\/title>\n<meta name=\"robots\" content=\"index, follow, max-snippet:-1, max-image-preview:large, max-video-preview:-1\" \/>\n<link rel=\"canonical\" href=\"https:\/\/tuzlainfo.ba\/index.php\/novosti\/item\/207190-prve-procjene-steta-nakon-nevremena-u-sapni-iznosi-blizu-14-milona-km\/\" \/>\n<meta property=\"og:locale\" content=\"bs_BA\" \/>\n<meta property=\"og:type\" content=\"article\" \/>\n<meta property=\"og:title\" content=\"Prve procjene: \u0160teta nakon nevremena u Sapni iznosi blizu 1,4 milona KM - TuzlaInfo.ba\" \/>\n<meta property=\"og:description\" content=\"U stanju u Sapni za Dnevnik 2 je govorio \u0106amil Ahmetovi\u0107, iz Slu\u017ebe civilne za\u0161tite&hellip;\" \/>\n<meta property=\"og:url\" content=\"https:\/\/tuzlainfo.ba\/index.php\/novosti\/item\/207190-prve-procjene-steta-nakon-nevremena-u-sapni-iznosi-blizu-14-milona-km\/\" \/>\n<meta property=\"og:site_name\" content=\"TuzlaInfo.ba\" \/>\n<meta property=\"article:publisher\" content=\"https:\/\/www.facebook.com\/tuzlainfo.ba\/\" \/>\n<meta property=\"article:published_time\" content=\"2023-06-11T19:28:05+00:00\" \/>\n<meta property=\"article:modified_time\" content=\"2023-06-11T19:28:56+00:00\" \/>\n<meta property=\"og:image\" content=\"https:\/\/tuzlainfo.ba\/wp-content\/uploads\/2023\/06\/1106_poplava_sapna_02.jpg\" \/>\n\t<meta property=\"og:image:width\" content=\"800\" \/>\n\t<meta property=\"og:image:height\" content=\"536\" \/>\n\t<meta property=\"og:image:type\" content=\"image\/jpeg\" \/>\n<meta name=\"author\" content=\"nedim\" \/>\n<meta name=\"twitter:card\" content=\"summary_large_image\" \/>\n<meta name=\"twitter:label1\" content=\"Written by\" \/>\n\t<meta name=\"twitter:data1\" content=\"nedim\" \/>\n\t<meta name=\"twitter:label2\" content=\"Est. reading time\" \/>\n\t<meta name=\"twitter:data2\" content=\"1 minuta\" \/>\n<script type=\"application\/ld+json\" class=\"yoast-schema-graph\">{\"@context\":\"https:\/\/schema.org\",\"@graph\":[{\"@type\":\"Article\",\"@id\":\"https:\/\/tuzlainfo.ba\/index.php\/novosti\/item\/207190-prve-procjene-steta-nakon-nevremena-u-sapni-iznosi-blizu-14-milona-km\/#article\",\"isPartOf\":{\"@id\":\"https:\/\/tuzlainfo.ba\/index.php\/novosti\/item\/207190-prve-procjene-steta-nakon-nevremena-u-sapni-iznosi-blizu-14-milona-km\/\"},\"author\":{\"name\":\"nedim\",\"@id\":\"https:\/\/tuzlainfo.ba\/#\/schema\/person\/f434e20dc27ea133923aab08451b7f7f\"},\"headline\":\"Prve procjene: \u0160teta nakon nevremena u Sapni iznosi blizu 1,4 milona KM\",\"datePublished\":\"2023-06-11T19:28:05+00:00\",\"dateModified\":\"2023-06-11T19:28:56+00:00\",\"mainEntityOfPage\":{\"@id\":\"https:\/\/tuzlainfo.ba\/index.php\/novosti\/item\/207190-prve-procjene-steta-nakon-nevremena-u-sapni-iznosi-blizu-14-milona-km\/\"},\"wordCount\":168,\"commentCount\":0,\"publisher\":{\"@id\":\"https:\/\/tuzlainfo.ba\/#organization\"},\"image\":{\"@id\":\"https:\/\/tuzlainfo.ba\/index.php\/novosti\/item\/207190-prve-procjene-steta-nakon-nevremena-u-sapni-iznosi-blizu-14-milona-km\/#primaryimage\"},\"thumbnailUrl\":\"https:\/\/tuzlainfo.ba\/wp-content\/uploads\/2023\/06\/1106_poplava_sapna_02.jpg\",\"keywords\":[\"popalave\",\"sapna\",\"stanje prirodne nesre\u0107e\"],\"articleSection\":[\"Istaknuto\",\"Novosti\"],\"inLanguage\":\"bs-BA\"},{\"@type\":\"WebPage\",\"@id\":\"https:\/\/tuzlainfo.ba\/index.php\/novosti\/item\/207190-prve-procjene-steta-nakon-nevremena-u-sapni-iznosi-blizu-14-milona-km\/\",\"url\":\"https:\/\/tuzlainfo.ba\/index.php\/novosti\/item\/207190-prve-procjene-steta-nakon-nevremena-u-sapni-iznosi-blizu-14-milona-km\/\",\"name\":\"Prve procjene: \u0160teta nakon nevremena u Sapni iznosi blizu 1,4 milona KM - TuzlaInfo.ba\",\"isPartOf\":{\"@id\":\"https:\/\/tuzlainfo.ba\/#website\"},\"primaryImageOfPage\":{\"@id\":\"https:\/\/tuzlainfo.ba\/index.php\/novosti\/item\/207190-prve-procjene-steta-nakon-nevremena-u-sapni-iznosi-blizu-14-milona-km\/#primaryimage\"},\"image\":{\"@id\":\"https:\/\/tuzlainfo.ba\/index.php\/novosti\/item\/207190-prve-procjene-steta-nakon-nevremena-u-sapni-iznosi-blizu-14-milona-km\/#primaryimage\"},\"thumbnailUrl\":\"https:\/\/tuzlainfo.ba\/wp-content\/uploads\/2023\/06\/1106_poplava_sapna_02.jpg\",\"datePublished\":\"2023-06-11T19:28:05+00:00\",\"dateModified\":\"2023-06-11T19:28:56+00:00\",\"breadcrumb\":{\"@id\":\"https:\/\/tuzlainfo.ba\/index.php\/novosti\/item\/207190-prve-procjene-steta-nakon-nevremena-u-sapni-iznosi-blizu-14-milona-km\/#breadcrumb\"},\"inLanguage\":\"bs-BA\",\"potentialAction\":[{\"@type\":\"ReadAction\",\"target\":[\"https:\/\/tuzlainfo.ba\/index.php\/novosti\/item\/207190-prve-procjene-steta-nakon-nevremena-u-sapni-iznosi-blizu-14-milona-km\/\"]}]},{\"@type\":\"ImageObject\",\"inLanguage\":\"bs-BA\",\"@id\":\"https:\/\/tuzlainfo.ba\/index.php\/novosti\/item\/207190-prve-procjene-steta-nakon-nevremena-u-sapni-iznosi-blizu-14-milona-km\/#primaryimage\",\"url\":\"https:\/\/tuzlainfo.ba\/wp-content\/uploads\/2023\/06\/1106_poplava_sapna_02.jpg\",\"contentUrl\":\"https:\/\/tuzlainfo.ba\/wp-content\/uploads\/2023\/06\/1106_poplava_sapna_02.jpg\",\"width\":800,\"height\":536},{\"@type\":\"BreadcrumbList\",\"@id\":\"https:\/\/tuzlainfo.ba\/index.php\/novosti\/item\/207190-prve-procjene-steta-nakon-nevremena-u-sapni-iznosi-blizu-14-milona-km\/#breadcrumb\",\"itemListElement\":[{\"@type\":\"ListItem\",\"position\":1,\"name\":\"Home\",\"item\":\"https:\/\/tuzlainfo.ba\/\"},{\"@type\":\"ListItem\",\"position\":2,\"name\":\"Prve procjene: \u0160teta nakon nevremena u Sapni iznosi blizu 1,4 milona KM\"}]},{\"@type\":\"WebSite\",\"@id\":\"https:\/\/tuzlainfo.ba\/#website\",\"url\":\"https:\/\/tuzlainfo.ba\/\",\"name\":\"TuzlaInfo.ba\",\"description\":\"Tuzla info, gradski informator - Tuzla na dlanu\",\"publisher\":{\"@id\":\"https:\/\/tuzlainfo.ba\/#organization\"},\"potentialAction\":[{\"@type\":\"SearchAction\",\"target\":{\"@type\":\"EntryPoint\",\"urlTemplate\":\"https:\/\/tuzlainfo.ba\/?s={search_term_string}\"},\"query-input\":{\"@type\":\"PropertyValueSpecification\",\"valueRequired\":true,\"valueName\":\"search_term_string\"}}],\"inLanguage\":\"bs-BA\"},{\"@type\":\"Organization\",\"@id\":\"https:\/\/tuzlainfo.ba\/#organization\",\"name\":\"TuzlaInfo.ba\",\"url\":\"https:\/\/tuzlainfo.ba\/\",\"logo\":{\"@type\":\"ImageObject\",\"inLanguage\":\"bs-BA\",\"@id\":\"https:\/\/tuzlainfo.ba\/#\/schema\/logo\/image\/\",\"url\":\"https:\/\/tuzlainfo.ba\/wp-content\/uploads\/2021\/03\/logo-ver-3-1.png\",\"contentUrl\":\"https:\/\/tuzlainfo.ba\/wp-content\/uploads\/2021\/03\/logo-ver-3-1.png\",\"width\":350,\"height\":95,\"caption\":\"TuzlaInfo.ba\"},\"image\":{\"@id\":\"https:\/\/tuzlainfo.ba\/#\/schema\/logo\/image\/\"},\"sameAs\":[\"https:\/\/www.facebook.com\/tuzlainfo.ba\/\"]},{\"@type\":\"Person\",\"@id\":\"https:\/\/tuzlainfo.ba\/#\/schema\/person\/f434e20dc27ea133923aab08451b7f7f\",\"name\":\"nedim\",\"image\":{\"@type\":\"ImageObject\",\"inLanguage\":\"bs-BA\",\"@id\":\"https:\/\/tuzlainfo.ba\/#\/schema\/person\/image\/\",\"url\":\"https:\/\/tuzlainfo.ba\/wp-content\/litespeed\/avatar\/aabad687af24844af817603ac1cbdc4f.jpg?ver=1776702173\",\"contentUrl\":\"https:\/\/tuzlainfo.ba\/wp-content\/litespeed\/avatar\/aabad687af24844af817603ac1cbdc4f.jpg?ver=1776702173\",\"caption\":\"nedim\"},\"description\":\"Tuzlainfo.ba pratite na dru\u0161tvenim mre\u017eama: Facebook, Instagram i Youtube. Svoje pri\u010de, upite i fotografije \u0161aljite na na\u0161u e-mail adresu.\"}]}<\/script>\n<!-- \/ Yoast SEO plugin. -->","yoast_head_json":{"title":"Prve procjene: \u0160teta nakon nevremena u Sapni iznosi blizu 1,4 milona KM - TuzlaInfo.ba","robots":{"index":"index","follow":"follow","max-snippet":"max-snippet:-1","max-image-preview":"max-image-preview:large","max-video-preview":"max-video-preview:-1"},"canonical":"https:\/\/tuzlainfo.ba\/index.php\/novosti\/item\/207190-prve-procjene-steta-nakon-nevremena-u-sapni-iznosi-blizu-14-milona-km\/","og_locale":"bs_BA","og_type":"article","og_title":"Prve procjene: \u0160teta nakon nevremena u Sapni iznosi blizu 1,4 milona KM - TuzlaInfo.ba","og_description":"U stanju u Sapni za Dnevnik 2 je govorio \u0106amil Ahmetovi\u0107, iz Slu\u017ebe civilne za\u0161tite&hellip;","og_url":"https:\/\/tuzlainfo.ba\/index.php\/novosti\/item\/207190-prve-procjene-steta-nakon-nevremena-u-sapni-iznosi-blizu-14-milona-km\/","og_site_name":"TuzlaInfo.ba","article_publisher":"https:\/\/www.facebook.com\/tuzlainfo.ba\/","article_published_time":"2023-06-11T19:28:05+00:00","article_modified_time":"2023-06-11T19:28:56+00:00","og_image":[{"width":800,"height":536,"url":"https:\/\/tuzlainfo.ba\/wp-content\/uploads\/2023\/06\/1106_poplava_sapna_02.jpg","type":"image\/jpeg"}],"author":"nedim","twitter_card":"summary_large_image","twitter_misc":{"Written by":"nedim","Est. reading time":"1 minuta"},"schema":{"@context":"https:\/\/schema.org","@graph":[{"@type":"Article","@id":"https:\/\/tuzlainfo.ba\/index.php\/novosti\/item\/207190-prve-procjene-steta-nakon-nevremena-u-sapni-iznosi-blizu-14-milona-km\/#article","isPartOf":{"@id":"https:\/\/tuzlainfo.ba\/index.php\/novosti\/item\/207190-prve-procjene-steta-nakon-nevremena-u-sapni-iznosi-blizu-14-milona-km\/"},"author":{"name":"nedim","@id":"https:\/\/tuzlainfo.ba\/#\/schema\/person\/f434e20dc27ea133923aab08451b7f7f"},"headline":"Prve procjene: \u0160teta nakon nevremena u Sapni iznosi blizu 1,4 milona KM","datePublished":"2023-06-11T19:28:05+00:00","dateModified":"2023-06-11T19:28:56+00:00","mainEntityOfPage":{"@id":"https:\/\/tuzlainfo.ba\/index.php\/novosti\/item\/207190-prve-procjene-steta-nakon-nevremena-u-sapni-iznosi-blizu-14-milona-km\/"},"wordCount":168,"commentCount":0,"publisher":{"@id":"https:\/\/tuzlainfo.ba\/#organization"},"image":{"@id":"https:\/\/tuzlainfo.ba\/index.php\/novosti\/item\/207190-prve-procjene-steta-nakon-nevremena-u-sapni-iznosi-blizu-14-milona-km\/#primaryimage"},"thumbnailUrl":"https:\/\/tuzlainfo.ba\/wp-content\/uploads\/2023\/06\/1106_poplava_sapna_02.jpg","keywords":["popalave","sapna","stanje prirodne nesre\u0107e"],"articleSection":["Istaknuto","Novosti"],"inLanguage":"bs-BA"},{"@type":"WebPage","@id":"https:\/\/tuzlainfo.ba\/index.php\/novosti\/item\/207190-prve-procjene-steta-nakon-nevremena-u-sapni-iznosi-blizu-14-milona-km\/","url":"https:\/\/tuzlainfo.ba\/index.php\/novosti\/item\/207190-prve-procjene-steta-nakon-nevremena-u-sapni-iznosi-blizu-14-milona-km\/","name":"Prve procjene: \u0160teta nakon nevremena u Sapni iznosi blizu 1,4 milona KM - TuzlaInfo.ba","isPartOf":{"@id":"https:\/\/tuzlainfo.ba\/#website"},"primaryImageOfPage":{"@id":"https:\/\/tuzlainfo.ba\/index.php\/novosti\/item\/207190-prve-procjene-steta-nakon-nevremena-u-sapni-iznosi-blizu-14-milona-km\/#primaryimage"},"image":{"@id":"https:\/\/tuzlainfo.ba\/index.php\/novosti\/item\/207190-prve-procjene-steta-nakon-nevremena-u-sapni-iznosi-blizu-14-milona-km\/#primaryimage"},"thumbnailUrl":"https:\/\/tuzlainfo.ba\/wp-content\/uploads\/2023\/06\/1106_poplava_sapna_02.jpg","datePublished":"2023-06-11T19:28:05+00:00","dateModified":"2023-06-11T19:28:56+00:00","breadcrumb":{"@id":"https:\/\/tuzlainfo.ba\/index.php\/novosti\/item\/207190-prve-procjene-steta-nakon-nevremena-u-sapni-iznosi-blizu-14-milona-km\/#breadcrumb"},"inLanguage":"bs-BA","potentialAction":[{"@type":"ReadAction","target":["https:\/\/tuzlainfo.ba\/index.php\/novosti\/item\/207190-prve-procjene-steta-nakon-nevremena-u-sapni-iznosi-blizu-14-milona-km\/"]}]},{"@type":"ImageObject","inLanguage":"bs-BA","@id":"https:\/\/tuzlainfo.ba\/index.php\/novosti\/item\/207190-prve-procjene-steta-nakon-nevremena-u-sapni-iznosi-blizu-14-milona-km\/#primaryimage","url":"https:\/\/tuzlainfo.ba\/wp-content\/uploads\/2023\/06\/1106_poplava_sapna_02.jpg","contentUrl":"https:\/\/tuzlainfo.ba\/wp-content\/uploads\/2023\/06\/1106_poplava_sapna_02.jpg","width":800,"height":536},{"@type":"BreadcrumbList","@id":"https:\/\/tuzlainfo.ba\/index.php\/novosti\/item\/207190-prve-procjene-steta-nakon-nevremena-u-sapni-iznosi-blizu-14-milona-km\/#breadcrumb","itemListElement":[{"@type":"ListItem","position":1,"name":"Home","item":"https:\/\/tuzlainfo.ba\/"},{"@type":"ListItem","position":2,"name":"Prve procjene: \u0160teta nakon nevremena u Sapni iznosi blizu 1,4 milona KM"}]},{"@type":"WebSite","@id":"https:\/\/tuzlainfo.ba\/#website","url":"https:\/\/tuzlainfo.ba\/","name":"TuzlaInfo.ba","description":"Tuzla info, gradski informator - Tuzla na dlanu","publisher":{"@id":"https:\/\/tuzlainfo.ba\/#organization"},"potentialAction":[{"@type":"SearchAction","target":{"@type":"EntryPoint","urlTemplate":"https:\/\/tuzlainfo.ba\/?s={search_term_string}"},"query-input":{"@type":"PropertyValueSpecification","valueRequired":true,"valueName":"search_term_string"}}],"inLanguage":"bs-BA"},{"@type":"Organization","@id":"https:\/\/tuzlainfo.ba\/#organization","name":"TuzlaInfo.ba","url":"https:\/\/tuzlainfo.ba\/","logo":{"@type":"ImageObject","inLanguage":"bs-BA","@id":"https:\/\/tuzlainfo.ba\/#\/schema\/logo\/image\/","url":"https:\/\/tuzlainfo.ba\/wp-content\/uploads\/2021\/03\/logo-ver-3-1.png","contentUrl":"https:\/\/tuzlainfo.ba\/wp-content\/uploads\/2021\/03\/logo-ver-3-1.png","width":350,"height":95,"caption":"TuzlaInfo.ba"},"image":{"@id":"https:\/\/tuzlainfo.ba\/#\/schema\/logo\/image\/"},"sameAs":["https:\/\/www.facebook.com\/tuzlainfo.ba\/"]},{"@type":"Person","@id":"https:\/\/tuzlainfo.ba\/#\/schema\/person\/f434e20dc27ea133923aab08451b7f7f","name":"nedim","image":{"@type":"ImageObject","inLanguage":"bs-BA","@id":"https:\/\/tuzlainfo.ba\/#\/schema\/person\/image\/","url":"https:\/\/tuzlainfo.ba\/wp-content\/litespeed\/avatar\/aabad687af24844af817603ac1cbdc4f.jpg?ver=1776702173","contentUrl":"https:\/\/tuzlainfo.ba\/wp-content\/litespeed\/avatar\/aabad687af24844af817603ac1cbdc4f.jpg?ver=1776702173","caption":"nedim"},"description":"Tuzlainfo.ba pratite na dru\u0161tvenim mre\u017eama: Facebook, Instagram i Youtube. Svoje pri\u010de, upite i fotografije \u0161aljite na na\u0161u e-mail adresu."}]}},"_links":{"self":[{"href":"https:\/\/tuzlainfo.ba\/index.php\/wp-json\/wp\/v2\/posts\/207190"}],"collection":[{"href":"https:\/\/tuzlainfo.ba\/index.php\/wp-json\/wp\/v2\/posts"}],"about":[{"href":"https:\/\/tuzlainfo.ba\/index.php\/wp-json\/wp\/v2\/types\/post"}],"author":[{"embeddable":true,"href":"https:\/\/tuzlainfo.ba\/index.php\/wp-json\/wp\/v2\/users\/2"}],"replies":[{"embeddable":true,"href":"https:\/\/tuzlainfo.ba\/index.php\/wp-json\/wp\/v2\/comments?post=207190"}],"version-history":[{"count":0,"href":"https:\/\/tuzlainfo.ba\/index.php\/wp-json\/wp\/v2\/posts\/207190\/revisions"}],"wp:featuredmedia":[{"embeddable":true,"href":"https:\/\/tuzlainfo.ba\/index.php\/wp-json\/wp\/v2\/media\/207192"}],"wp:attachment":[{"href":"https:\/\/tuzlainfo.ba\/index.php\/wp-json\/wp\/v2\/media?parent=207190"}],"wp:term":[{"taxonomy":"category","embeddable":true,"href":"https:\/\/tuzlainfo.ba\/index.php\/wp-json\/wp\/v2\/categories?post=207190"},{"taxonomy":"post_tag","embeddable":true,"href":"https:\/\/tuzlainfo.ba\/index.php\/wp-json\/wp\/v2\/tags?post=207190"}],"curies":[{"name":"wp","href":"https:\/\/api.w.org\/{rel}","templated":true}]}}