{"id":207123,"date":"2023-06-11T09:20:48","date_gmt":"2023-06-11T07:20:48","guid":{"rendered":"https:\/\/tuzlainfo.ba\/?p=207123"},"modified":"2023-06-11T09:35:51","modified_gmt":"2023-06-11T07:35:51","slug":"2x-jutro-nakon-nevremena-sapna-proglasila-stanje-prirodne-nesrece-problemi-i-u-kalesiji","status":"publish","type":"post","link":"https:\/\/tuzlainfo.ba\/index.php\/novosti\/item\/207123-2x-jutro-nakon-nevremena-sapna-proglasila-stanje-prirodne-nesrece-problemi-i-u-kalesiji\/","title":{"rendered":"Jutro nakon nevremena: Sapna proglasila stanje prirodne nesre\u0107e, problemi i u Kalesiji"},"content":{"rendered":"<p>Op\u0107ina Sapna proglasila je stanje prirodne nesre\u0107e, nakon sino\u0107njeg nevremena koje je pogodilo ovo podru\u010dje. Vodena bujica je odnijela dva automobila, a materijalna \u0161teta je ogromna.<\/p>\n<p>Voda se sada povla\u010di, a ekipe su na terenu od sino\u0107 i rade na ra\u0161\u010di\u0161\u0107avanju i osposobljavanju puteva, s obzirom da je putna komunikacija Sapna &#8211; Kalesija bila u prekidu.<\/p>\n<p>Lo\u0161e stanje i u Kalesiju koju je tako\u0111er pogodilo nevrijeme. Poplavljeno deset stambenih objekata,\u00a0 a isto toliko ima prijava za pomo\u0107ne objekte (\u0161tale, gara\u017ee, kotlovnice). Velike \u0161tete su prouzrokovane na poljoprivrednim usjevima.\u00a0 Prijavljena su i dva klizi\u0161ta.<\/p>\n<p>Ekipe CZ Kalesija oko 20:00 sati bile su anga\u017eovane na spa\u0161avanju jedne \u017eenske osobe u Kalesiji Gornjoj, koja je ostala zarobljena u ku\u0107i u koju je u\u0161la voda.<\/p>\n<div id=\"rtvsl-161814503\" class=\"rtvsl-test\"><\/div>\n","protected":false},"excerpt":{"rendered":"<p>Op\u0107ina Sapna proglasila je stanje prirodne nesre\u0107e, nakon sino\u0107njeg nevremena koje je pogodilo ovo podru\u010dje.&hellip;<\/p>\n","protected":false},"author":4,"featured_media":207146,"comment_status":"open","ping_status":"closed","sticky":false,"template":"","format":"standard","meta":{"_acf_changed":false,"footnotes":""},"categories":[304,12],"tags":[1290,1510,856],"acf":[],"yoast_head":"<!-- This site is optimized with the Yoast SEO plugin v23.5 - https:\/\/yoast.com\/wordpress\/plugins\/seo\/ -->\n<title>Jutro nakon nevremena: Sapna proglasila stanje prirodne nesre\u0107e, problemi i u Kalesiji - TuzlaInfo.ba<\/title>\n<meta name=\"robots\" content=\"index, follow, max-snippet:-1, max-image-preview:large, max-video-preview:-1\" \/>\n<link rel=\"canonical\" href=\"https:\/\/tuzlainfo.ba\/index.php\/novosti\/item\/207123-2x-jutro-nakon-nevremena-sapna-proglasila-stanje-prirodne-nesrece-problemi-i-u-kalesiji\/\" \/>\n<meta property=\"og:locale\" content=\"bs_BA\" \/>\n<meta property=\"og:type\" content=\"article\" \/>\n<meta property=\"og:title\" content=\"Jutro nakon nevremena: Sapna proglasila stanje prirodne nesre\u0107e, problemi i u Kalesiji - TuzlaInfo.ba\" \/>\n<meta property=\"og:description\" content=\"Op\u0107ina Sapna proglasila je stanje prirodne nesre\u0107e, nakon sino\u0107njeg nevremena koje je pogodilo ovo podru\u010dje.&hellip;\" \/>\n<meta property=\"og:url\" content=\"https:\/\/tuzlainfo.ba\/index.php\/novosti\/item\/207123-2x-jutro-nakon-nevremena-sapna-proglasila-stanje-prirodne-nesrece-problemi-i-u-kalesiji\/\" \/>\n<meta property=\"og:site_name\" content=\"TuzlaInfo.ba\" \/>\n<meta property=\"article:publisher\" content=\"https:\/\/www.facebook.com\/tuzlainfo.ba\/\" \/>\n<meta property=\"article:published_time\" content=\"2023-06-11T07:20:48+00:00\" \/>\n<meta property=\"article:modified_time\" content=\"2023-06-11T07:35:51+00:00\" \/>\n<meta property=\"og:image\" content=\"https:\/\/tuzlainfo.ba\/wp-content\/uploads\/2023\/06\/1106_sapna_poplava.jpg\" \/>\n\t<meta property=\"og:image:width\" content=\"800\" \/>\n\t<meta property=\"og:image:height\" content=\"469\" \/>\n\t<meta property=\"og:image:type\" content=\"image\/jpeg\" \/>\n<meta name=\"author\" content=\"Tuzla Info\" \/>\n<meta name=\"twitter:card\" content=\"summary_large_image\" \/>\n<meta name=\"twitter:label1\" content=\"Written by\" \/>\n\t<meta name=\"twitter:data1\" content=\"Tuzla Info\" \/>\n\t<meta name=\"twitter:label2\" content=\"Est. reading time\" \/>\n\t<meta name=\"twitter:data2\" content=\"1 minuta\" \/>\n<script type=\"application\/ld+json\" class=\"yoast-schema-graph\">{\"@context\":\"https:\/\/schema.org\",\"@graph\":[{\"@type\":\"Article\",\"@id\":\"https:\/\/tuzlainfo.ba\/index.php\/novosti\/item\/207123-2x-jutro-nakon-nevremena-sapna-proglasila-stanje-prirodne-nesrece-problemi-i-u-kalesiji\/#article\",\"isPartOf\":{\"@id\":\"https:\/\/tuzlainfo.ba\/index.php\/novosti\/item\/207123-2x-jutro-nakon-nevremena-sapna-proglasila-stanje-prirodne-nesrece-problemi-i-u-kalesiji\/\"},\"author\":{\"name\":\"Tuzla Info\",\"@id\":\"https:\/\/tuzlainfo.ba\/#\/schema\/person\/46cad4c57790cbc50781edd14870825a\"},\"headline\":\"Jutro nakon nevremena: Sapna proglasila stanje prirodne nesre\u0107e, problemi i u Kalesiji\",\"datePublished\":\"2023-06-11T07:20:48+00:00\",\"dateModified\":\"2023-06-11T07:35:51+00:00\",\"mainEntityOfPage\":{\"@id\":\"https:\/\/tuzlainfo.ba\/index.php\/novosti\/item\/207123-2x-jutro-nakon-nevremena-sapna-proglasila-stanje-prirodne-nesrece-problemi-i-u-kalesiji\/\"},\"wordCount\":149,\"commentCount\":0,\"publisher\":{\"@id\":\"https:\/\/tuzlainfo.ba\/#organization\"},\"image\":{\"@id\":\"https:\/\/tuzlainfo.ba\/index.php\/novosti\/item\/207123-2x-jutro-nakon-nevremena-sapna-proglasila-stanje-prirodne-nesrece-problemi-i-u-kalesiji\/#primaryimage\"},\"thumbnailUrl\":\"https:\/\/tuzlainfo.ba\/wp-content\/uploads\/2023\/06\/1106_sapna_poplava.jpg\",\"keywords\":[\"kalesija\",\"nevrijeme\",\"sapna\"],\"articleSection\":[\"Istaknuto\",\"Novosti\"],\"inLanguage\":\"bs-BA\"},{\"@type\":\"WebPage\",\"@id\":\"https:\/\/tuzlainfo.ba\/index.php\/novosti\/item\/207123-2x-jutro-nakon-nevremena-sapna-proglasila-stanje-prirodne-nesrece-problemi-i-u-kalesiji\/\",\"url\":\"https:\/\/tuzlainfo.ba\/index.php\/novosti\/item\/207123-2x-jutro-nakon-nevremena-sapna-proglasila-stanje-prirodne-nesrece-problemi-i-u-kalesiji\/\",\"name\":\"Jutro nakon nevremena: Sapna proglasila stanje prirodne nesre\u0107e, problemi i u Kalesiji - TuzlaInfo.ba\",\"isPartOf\":{\"@id\":\"https:\/\/tuzlainfo.ba\/#website\"},\"primaryImageOfPage\":{\"@id\":\"https:\/\/tuzlainfo.ba\/index.php\/novosti\/item\/207123-2x-jutro-nakon-nevremena-sapna-proglasila-stanje-prirodne-nesrece-problemi-i-u-kalesiji\/#primaryimage\"},\"image\":{\"@id\":\"https:\/\/tuzlainfo.ba\/index.php\/novosti\/item\/207123-2x-jutro-nakon-nevremena-sapna-proglasila-stanje-prirodne-nesrece-problemi-i-u-kalesiji\/#primaryimage\"},\"thumbnailUrl\":\"https:\/\/tuzlainfo.ba\/wp-content\/uploads\/2023\/06\/1106_sapna_poplava.jpg\",\"datePublished\":\"2023-06-11T07:20:48+00:00\",\"dateModified\":\"2023-06-11T07:35:51+00:00\",\"breadcrumb\":{\"@id\":\"https:\/\/tuzlainfo.ba\/index.php\/novosti\/item\/207123-2x-jutro-nakon-nevremena-sapna-proglasila-stanje-prirodne-nesrece-problemi-i-u-kalesiji\/#breadcrumb\"},\"inLanguage\":\"bs-BA\",\"potentialAction\":[{\"@type\":\"ReadAction\",\"target\":[\"https:\/\/tuzlainfo.ba\/index.php\/novosti\/item\/207123-2x-jutro-nakon-nevremena-sapna-proglasila-stanje-prirodne-nesrece-problemi-i-u-kalesiji\/\"]}]},{\"@type\":\"ImageObject\",\"inLanguage\":\"bs-BA\",\"@id\":\"https:\/\/tuzlainfo.ba\/index.php\/novosti\/item\/207123-2x-jutro-nakon-nevremena-sapna-proglasila-stanje-prirodne-nesrece-problemi-i-u-kalesiji\/#primaryimage\",\"url\":\"https:\/\/tuzlainfo.ba\/wp-content\/uploads\/2023\/06\/1106_sapna_poplava.jpg\",\"contentUrl\":\"https:\/\/tuzlainfo.ba\/wp-content\/uploads\/2023\/06\/1106_sapna_poplava.jpg\",\"width\":800,\"height\":469},{\"@type\":\"BreadcrumbList\",\"@id\":\"https:\/\/tuzlainfo.ba\/index.php\/novosti\/item\/207123-2x-jutro-nakon-nevremena-sapna-proglasila-stanje-prirodne-nesrece-problemi-i-u-kalesiji\/#breadcrumb\",\"itemListElement\":[{\"@type\":\"ListItem\",\"position\":1,\"name\":\"Home\",\"item\":\"https:\/\/tuzlainfo.ba\/\"},{\"@type\":\"ListItem\",\"position\":2,\"name\":\"Jutro nakon nevremena: Sapna proglasila stanje prirodne nesre\u0107e, problemi i u Kalesiji\"}]},{\"@type\":\"WebSite\",\"@id\":\"https:\/\/tuzlainfo.ba\/#website\",\"url\":\"https:\/\/tuzlainfo.ba\/\",\"name\":\"TuzlaInfo.ba\",\"description\":\"Tuzla info, gradski informator - Tuzla na dlanu\",\"publisher\":{\"@id\":\"https:\/\/tuzlainfo.ba\/#organization\"},\"potentialAction\":[{\"@type\":\"SearchAction\",\"target\":{\"@type\":\"EntryPoint\",\"urlTemplate\":\"https:\/\/tuzlainfo.ba\/?s={search_term_string}\"},\"query-input\":{\"@type\":\"PropertyValueSpecification\",\"valueRequired\":true,\"valueName\":\"search_term_string\"}}],\"inLanguage\":\"bs-BA\"},{\"@type\":\"Organization\",\"@id\":\"https:\/\/tuzlainfo.ba\/#organization\",\"name\":\"TuzlaInfo.ba\",\"url\":\"https:\/\/tuzlainfo.ba\/\",\"logo\":{\"@type\":\"ImageObject\",\"inLanguage\":\"bs-BA\",\"@id\":\"https:\/\/tuzlainfo.ba\/#\/schema\/logo\/image\/\",\"url\":\"https:\/\/tuzlainfo.ba\/wp-content\/uploads\/2021\/03\/logo-ver-3-1.png\",\"contentUrl\":\"https:\/\/tuzlainfo.ba\/wp-content\/uploads\/2021\/03\/logo-ver-3-1.png\",\"width\":350,\"height\":95,\"caption\":\"TuzlaInfo.ba\"},\"image\":{\"@id\":\"https:\/\/tuzlainfo.ba\/#\/schema\/logo\/image\/\"},\"sameAs\":[\"https:\/\/www.facebook.com\/tuzlainfo.ba\/\"]},{\"@type\":\"Person\",\"@id\":\"https:\/\/tuzlainfo.ba\/#\/schema\/person\/46cad4c57790cbc50781edd14870825a\",\"name\":\"Tuzla Info\",\"image\":{\"@type\":\"ImageObject\",\"inLanguage\":\"bs-BA\",\"@id\":\"https:\/\/tuzlainfo.ba\/#\/schema\/person\/image\/\",\"url\":\"https:\/\/tuzlainfo.ba\/wp-content\/litespeed\/avatar\/b6c453a6c38e3654f2e4416c643fc25c.jpg?ver=1777051911\",\"contentUrl\":\"https:\/\/tuzlainfo.ba\/wp-content\/litespeed\/avatar\/b6c453a6c38e3654f2e4416c643fc25c.jpg?ver=1777051911\",\"caption\":\"Tuzla Info\"}}]}<\/script>\n<!-- \/ Yoast SEO plugin. -->","yoast_head_json":{"title":"Jutro nakon nevremena: Sapna proglasila stanje prirodne nesre\u0107e, problemi i u Kalesiji - TuzlaInfo.ba","robots":{"index":"index","follow":"follow","max-snippet":"max-snippet:-1","max-image-preview":"max-image-preview:large","max-video-preview":"max-video-preview:-1"},"canonical":"https:\/\/tuzlainfo.ba\/index.php\/novosti\/item\/207123-2x-jutro-nakon-nevremena-sapna-proglasila-stanje-prirodne-nesrece-problemi-i-u-kalesiji\/","og_locale":"bs_BA","og_type":"article","og_title":"Jutro nakon nevremena: Sapna proglasila stanje prirodne nesre\u0107e, problemi i u Kalesiji - TuzlaInfo.ba","og_description":"Op\u0107ina Sapna proglasila je stanje prirodne nesre\u0107e, nakon sino\u0107njeg nevremena koje je pogodilo ovo podru\u010dje.&hellip;","og_url":"https:\/\/tuzlainfo.ba\/index.php\/novosti\/item\/207123-2x-jutro-nakon-nevremena-sapna-proglasila-stanje-prirodne-nesrece-problemi-i-u-kalesiji\/","og_site_name":"TuzlaInfo.ba","article_publisher":"https:\/\/www.facebook.com\/tuzlainfo.ba\/","article_published_time":"2023-06-11T07:20:48+00:00","article_modified_time":"2023-06-11T07:35:51+00:00","og_image":[{"width":800,"height":469,"url":"https:\/\/tuzlainfo.ba\/wp-content\/uploads\/2023\/06\/1106_sapna_poplava.jpg","type":"image\/jpeg"}],"author":"Tuzla Info","twitter_card":"summary_large_image","twitter_misc":{"Written by":"Tuzla Info","Est. reading time":"1 minuta"},"schema":{"@context":"https:\/\/schema.org","@graph":[{"@type":"Article","@id":"https:\/\/tuzlainfo.ba\/index.php\/novosti\/item\/207123-2x-jutro-nakon-nevremena-sapna-proglasila-stanje-prirodne-nesrece-problemi-i-u-kalesiji\/#article","isPartOf":{"@id":"https:\/\/tuzlainfo.ba\/index.php\/novosti\/item\/207123-2x-jutro-nakon-nevremena-sapna-proglasila-stanje-prirodne-nesrece-problemi-i-u-kalesiji\/"},"author":{"name":"Tuzla Info","@id":"https:\/\/tuzlainfo.ba\/#\/schema\/person\/46cad4c57790cbc50781edd14870825a"},"headline":"Jutro nakon nevremena: Sapna proglasila stanje prirodne nesre\u0107e, problemi i u Kalesiji","datePublished":"2023-06-11T07:20:48+00:00","dateModified":"2023-06-11T07:35:51+00:00","mainEntityOfPage":{"@id":"https:\/\/tuzlainfo.ba\/index.php\/novosti\/item\/207123-2x-jutro-nakon-nevremena-sapna-proglasila-stanje-prirodne-nesrece-problemi-i-u-kalesiji\/"},"wordCount":149,"commentCount":0,"publisher":{"@id":"https:\/\/tuzlainfo.ba\/#organization"},"image":{"@id":"https:\/\/tuzlainfo.ba\/index.php\/novosti\/item\/207123-2x-jutro-nakon-nevremena-sapna-proglasila-stanje-prirodne-nesrece-problemi-i-u-kalesiji\/#primaryimage"},"thumbnailUrl":"https:\/\/tuzlainfo.ba\/wp-content\/uploads\/2023\/06\/1106_sapna_poplava.jpg","keywords":["kalesija","nevrijeme","sapna"],"articleSection":["Istaknuto","Novosti"],"inLanguage":"bs-BA"},{"@type":"WebPage","@id":"https:\/\/tuzlainfo.ba\/index.php\/novosti\/item\/207123-2x-jutro-nakon-nevremena-sapna-proglasila-stanje-prirodne-nesrece-problemi-i-u-kalesiji\/","url":"https:\/\/tuzlainfo.ba\/index.php\/novosti\/item\/207123-2x-jutro-nakon-nevremena-sapna-proglasila-stanje-prirodne-nesrece-problemi-i-u-kalesiji\/","name":"Jutro nakon nevremena: Sapna proglasila stanje prirodne nesre\u0107e, problemi i u Kalesiji - TuzlaInfo.ba","isPartOf":{"@id":"https:\/\/tuzlainfo.ba\/#website"},"primaryImageOfPage":{"@id":"https:\/\/tuzlainfo.ba\/index.php\/novosti\/item\/207123-2x-jutro-nakon-nevremena-sapna-proglasila-stanje-prirodne-nesrece-problemi-i-u-kalesiji\/#primaryimage"},"image":{"@id":"https:\/\/tuzlainfo.ba\/index.php\/novosti\/item\/207123-2x-jutro-nakon-nevremena-sapna-proglasila-stanje-prirodne-nesrece-problemi-i-u-kalesiji\/#primaryimage"},"thumbnailUrl":"https:\/\/tuzlainfo.ba\/wp-content\/uploads\/2023\/06\/1106_sapna_poplava.jpg","datePublished":"2023-06-11T07:20:48+00:00","dateModified":"2023-06-11T07:35:51+00:00","breadcrumb":{"@id":"https:\/\/tuzlainfo.ba\/index.php\/novosti\/item\/207123-2x-jutro-nakon-nevremena-sapna-proglasila-stanje-prirodne-nesrece-problemi-i-u-kalesiji\/#breadcrumb"},"inLanguage":"bs-BA","potentialAction":[{"@type":"ReadAction","target":["https:\/\/tuzlainfo.ba\/index.php\/novosti\/item\/207123-2x-jutro-nakon-nevremena-sapna-proglasila-stanje-prirodne-nesrece-problemi-i-u-kalesiji\/"]}]},{"@type":"ImageObject","inLanguage":"bs-BA","@id":"https:\/\/tuzlainfo.ba\/index.php\/novosti\/item\/207123-2x-jutro-nakon-nevremena-sapna-proglasila-stanje-prirodne-nesrece-problemi-i-u-kalesiji\/#primaryimage","url":"https:\/\/tuzlainfo.ba\/wp-content\/uploads\/2023\/06\/1106_sapna_poplava.jpg","contentUrl":"https:\/\/tuzlainfo.ba\/wp-content\/uploads\/2023\/06\/1106_sapna_poplava.jpg","width":800,"height":469},{"@type":"BreadcrumbList","@id":"https:\/\/tuzlainfo.ba\/index.php\/novosti\/item\/207123-2x-jutro-nakon-nevremena-sapna-proglasila-stanje-prirodne-nesrece-problemi-i-u-kalesiji\/#breadcrumb","itemListElement":[{"@type":"ListItem","position":1,"name":"Home","item":"https:\/\/tuzlainfo.ba\/"},{"@type":"ListItem","position":2,"name":"Jutro nakon nevremena: Sapna proglasila stanje prirodne nesre\u0107e, problemi i u Kalesiji"}]},{"@type":"WebSite","@id":"https:\/\/tuzlainfo.ba\/#website","url":"https:\/\/tuzlainfo.ba\/","name":"TuzlaInfo.ba","description":"Tuzla info, gradski informator - Tuzla na dlanu","publisher":{"@id":"https:\/\/tuzlainfo.ba\/#organization"},"potentialAction":[{"@type":"SearchAction","target":{"@type":"EntryPoint","urlTemplate":"https:\/\/tuzlainfo.ba\/?s={search_term_string}"},"query-input":{"@type":"PropertyValueSpecification","valueRequired":true,"valueName":"search_term_string"}}],"inLanguage":"bs-BA"},{"@type":"Organization","@id":"https:\/\/tuzlainfo.ba\/#organization","name":"TuzlaInfo.ba","url":"https:\/\/tuzlainfo.ba\/","logo":{"@type":"ImageObject","inLanguage":"bs-BA","@id":"https:\/\/tuzlainfo.ba\/#\/schema\/logo\/image\/","url":"https:\/\/tuzlainfo.ba\/wp-content\/uploads\/2021\/03\/logo-ver-3-1.png","contentUrl":"https:\/\/tuzlainfo.ba\/wp-content\/uploads\/2021\/03\/logo-ver-3-1.png","width":350,"height":95,"caption":"TuzlaInfo.ba"},"image":{"@id":"https:\/\/tuzlainfo.ba\/#\/schema\/logo\/image\/"},"sameAs":["https:\/\/www.facebook.com\/tuzlainfo.ba\/"]},{"@type":"Person","@id":"https:\/\/tuzlainfo.ba\/#\/schema\/person\/46cad4c57790cbc50781edd14870825a","name":"Tuzla Info","image":{"@type":"ImageObject","inLanguage":"bs-BA","@id":"https:\/\/tuzlainfo.ba\/#\/schema\/person\/image\/","url":"https:\/\/tuzlainfo.ba\/wp-content\/litespeed\/avatar\/b6c453a6c38e3654f2e4416c643fc25c.jpg?ver=1777051911","contentUrl":"https:\/\/tuzlainfo.ba\/wp-content\/litespeed\/avatar\/b6c453a6c38e3654f2e4416c643fc25c.jpg?ver=1777051911","caption":"Tuzla Info"}}]}},"_links":{"self":[{"href":"https:\/\/tuzlainfo.ba\/index.php\/wp-json\/wp\/v2\/posts\/207123"}],"collection":[{"href":"https:\/\/tuzlainfo.ba\/index.php\/wp-json\/wp\/v2\/posts"}],"about":[{"href":"https:\/\/tuzlainfo.ba\/index.php\/wp-json\/wp\/v2\/types\/post"}],"author":[{"embeddable":true,"href":"https:\/\/tuzlainfo.ba\/index.php\/wp-json\/wp\/v2\/users\/4"}],"replies":[{"embeddable":true,"href":"https:\/\/tuzlainfo.ba\/index.php\/wp-json\/wp\/v2\/comments?post=207123"}],"version-history":[{"count":0,"href":"https:\/\/tuzlainfo.ba\/index.php\/wp-json\/wp\/v2\/posts\/207123\/revisions"}],"wp:featuredmedia":[{"embeddable":true,"href":"https:\/\/tuzlainfo.ba\/index.php\/wp-json\/wp\/v2\/media\/207146"}],"wp:attachment":[{"href":"https:\/\/tuzlainfo.ba\/index.php\/wp-json\/wp\/v2\/media?parent=207123"}],"wp:term":[{"taxonomy":"category","embeddable":true,"href":"https:\/\/tuzlainfo.ba\/index.php\/wp-json\/wp\/v2\/categories?post=207123"},{"taxonomy":"post_tag","embeddable":true,"href":"https:\/\/tuzlainfo.ba\/index.php\/wp-json\/wp\/v2\/tags?post=207123"}],"curies":[{"name":"wp","href":"https:\/\/api.w.org\/{rel}","templated":true}]}}