{"id":206988,"date":"2023-06-09T19:30:04","date_gmt":"2023-06-09T17:30:04","guid":{"rendered":"https:\/\/tuzlainfo.ba\/?p=206988"},"modified":"2023-06-09T17:15:40","modified_gmt":"2023-06-09T15:15:40","slug":"zastita-planine-konjuh-zajednicki-cilj-uspostavljen-partnerski-odnos-vlade-tk-i-karton-revolucije","status":"publish","type":"post","link":"https:\/\/tuzlainfo.ba\/index.php\/novosti\/item\/206988-zastita-planine-konjuh-zajednicki-cilj-uspostavljen-partnerski-odnos-vlade-tk-i-karton-revolucije\/","title":{"rendered":"Za\u0161tita planine Konjuh zajedni\u010dki cilj: Uspostavljen partnerski odnos Vlade TK i Karton revolucije"},"content":{"rendered":"<p>Za\u0161tita planine Konjuh, Za\u0161ti\u0107enog pejza\u017ea i prevencija nelegalne sje\u010de \u0161ume bila je glavna tema dana\u0161njeg sastanka premijera Tuzlanskog kantona Irfana Halilagi\u0107a sa predstavnicima aktivisti\u010dkog pokreta gra\u0111ana \u201eKarton revolucija\u201c.<\/p>\n<p>Ovom prilikom premijer Halilagi\u0107 je prije svega pohvalio politi\u010dki i uop\u0161te gra\u0111anski aktivizam i \u017eelju da se sa\u010duvaju i prirodna bogatstva i resursi, ali i da se na razli\u010dite na\u010dine i kao korektivni faktor djeluje s ciljem mijenjanja stvari u korist gra\u0111ana.<\/p>\n<p>\u201eRazumijemo revolt i poruke koje \u0161alju predstavnici Karton revolucije i u kao Vlada u potpunosti se sla\u017eemo sa kona\u010dnim ciljevima njihovog aktivizma, ali mijenjanje stvari zahtijeva vrijeme. Kada su u pitanju planika i Za\u0161ti\u0107eni pejza\u017e Konjuh, te sje\u010da \u0161ume na koju ukazuju na\u0161i, sada ve\u0107 mogu re\u0107i partneri, svjesni smo da je u proteklom periodu na tom planu bilo razli\u010ditih aktivnosti koje nikako ne podr\u017eavamo\u201c, kazao je premijer Halilagi\u0107 i dodao da je Vlada pro\u0161le godine JP \u0160ume TK zatekla u izuzetno te\u0161kom stanju, sa nagomilanim obavezama, ispra\u017enjenim ra\u010dunima i uop\u0161te jednom veoma zapu\u0161tenom stanju, te je predstavnike Karton revolucije upoznao sa aktivnostima koje su ve\u0107 poduzete u tom kontekstu i ostvarenim rezultatima.<\/p>\n<p>\u201eImenovana je nova Uprava ovog Javnog preduze\u0107a, a zna\u010dajan iskorak u ovom smjeru potvr\u0111uje i prihva\u0107eni Program mjera za prevazila\u017eenje nepravilnosti u Izvje\u0161taju Ureda za reviziju institucija Federacije BiH Javnog preduze\u0107a \u201e\u0160ume Tuzlanskog kantona\u201c d.d. Kladanj\u201c, kazao je Halilagi\u0107 te podsjetio da se oblast \u0161umarstva nalazi u te\u0161koj situaciji, prije svega zbog nepostojanja Federalnog zakona kojim bi se sistemski rije\u0161ila ova tematika.<\/p>\n<p>\u201eVi\u0161e od 10 godina unazad ovaj dokument se nalazi u federalnim institucijama i javna je tajna da njegovo dono\u0161enje blokiraju poslanici odre\u0111enih politi\u010dkih stranaka koje su i danas dio parlamentarne ve\u0107ine. TK je upravo zbog za\u0161tite \u0161ume donio svoj, Kantonalni zakon o \u0161umama, ali pozivamo sve institucije, nevladine organizacije, ambasadore, Ured visokog predstavnika u BiH i predstavnike me\u0111unarodne zajednice, da, utje\u010du na dono\u0161enje Federalnog zakona o \u0161umama i time nam pomognu da sistemski, za cijelo podru\u010dje Federacije BiH, uredimo ovu oblast. Time \u0107e pokazati da im je uistinu stalo do bosanskohercegova\u010dkih \u0161uma, prirodnih bogatstava i resursa kojima Bosna i Hercegovina raspola\u017ee\u201c, zaklju\u010dio je Halilagi\u0107 i dodao da je Kantonalna vlada otvorena za svaki oblik saradnje i pove\u0107anje stepena transparentnosti, kako bi se unaprijedio standard i kvalitet \u017eivota gra\u0111ana. U tom smislu predstavnici Karton revolucije su pozvani da se uklju\u010de u javnu raspravu povodom izrade Strategije turizma TK, jer su svaki konstruktivan prijedlog i sugestija dobrodo\u0161li.<\/p>\n<p>U tom smislu premijer je goste upoznao i sa planiranim izmjenama i dopunama Bud\u017eeta TK za 2023. godinu, kojima se predvi\u0111aju dodatna sredstva za kadrovsko i institucionalno ja\u010danje JU Za\u0161ti\u0107eni pejza\u017e Konjuh, te kapitalne investicije u smislu videonadzora za za\u0161titu Za\u0161ti\u0107enog pejza\u017ea, posebno na mjestima gdje je takva za\u0161tita do sada izostajala.<\/p>\n<p>\u201eDrago nam je da je Vlada i zahvalni smo \u0161to je premijer Halilagi\u0107 izrazio spremnost i da se susretnemo i razgovaramo, ali i da ovim uspostavimo jednu dugoro\u010dniju saradnju s ciljem unaprje\u0111enja stanja. Raduje i spremnost da se kompromisnim rje\u0161enjima i za\u0161titi Pejza\u017e i o\u010duva drvna industrija u Kantonu, jer ovo je jedna pozitivna pri\u010da i najvidljiviji pozitivan pomak, kazao je danas Adi Selman.<\/p>\n<p>Dana\u0161nji sastanak svojevrstan je i uvod i najava okruglog stola simboli\u010dnog naziva \u201eKonjuh meeting\u201c, koji \u0107e biti uprili\u010den 21. juna u Hotelu President, a na kojem \u0107e u\u010destvovati svi relevantni subjekti kojih se ti\u010de za\u0161ti\u0107eni pejza\u017e Konjuh.<\/p>\n<p>Uz Selmana, dana\u0161njem sastanku u ime Karton revolucije prisustvovale su Lejla Ba\u0161i\u0107 i Selma Omerovi\u0107.<\/p>\n","protected":false},"excerpt":{"rendered":"<p>Za\u0161tita planine Konjuh, Za\u0161ti\u0107enog pejza\u017ea i prevencija nelegalne sje\u010de \u0161ume bila je glavna tema dana\u0161njeg sastanka premijera Tuzlanskog kantona Irfana Halilagi\u0107a sa predstavnicima aktivisti\u010dkog pokreta gra\u0111ana \u201eKarton revolucija\u201c. Ovom prilikom premijer Halilagi\u0107 je prije svega pohvalio politi\u010dki i uop\u0161te gra\u0111anski aktivizam i \u017eelju da se sa\u010duvaju i prirodna bogatstva i resursi, ali i da se [&hellip;]<\/p>\n","protected":false},"author":2,"featured_media":206989,"comment_status":"open","ping_status":"closed","sticky":false,"template":"","format":"standard","meta":{"footnotes":""},"categories":[304,12],"tags":[4314,336],"class_list":["post-206988","post","type-post","status-publish","format-standard","has-post-thumbnail","hentry","category-istaknuto","category-novosti","tag-karton-revolucija","tag-vlada-tk"],"yoast_head":"<!-- This site is optimized with the Yoast SEO plugin v28.3 - https:\/\/yoast.com\/product\/yoast-seo-wordpress\/ -->\n<title>Za\u0161tita planine Konjuh zajedni\u010dki cilj: Uspostavljen partnerski odnos Vlade TK i Karton revolucije<\/title>\n<meta name=\"robots\" content=\"index, follow, max-snippet:-1, max-image-preview:large, max-video-preview:-1\" \/>\n<link rel=\"canonical\" href=\"https:\/\/tuzlainfo.ba\/index.php\/novosti\/item\/206988-zastita-planine-konjuh-zajednicki-cilj-uspostavljen-partnerski-odnos-vlade-tk-i-karton-revolucije\/\" \/>\n<meta property=\"og:locale\" content=\"bs_BA\" \/>\n<meta property=\"og:type\" content=\"article\" \/>\n<meta property=\"og:title\" content=\"Za\u0161tita planine Konjuh zajedni\u010dki cilj: Uspostavljen partnerski odnos Vlade TK i Karton revolucije\" \/>\n<meta property=\"og:description\" content=\"Za\u0161tita planine Konjuh, Za\u0161ti\u0107enog pejza\u017ea i prevencija nelegalne sje\u010de \u0161ume bila je glavna tema dana\u0161njeg sastanka premijera Tuzlanskog kantona Irfana Halilagi\u0107a sa predstavnicima aktivisti\u010dkog pokreta gra\u0111ana \u201eKarton revolucija\u201c. Ovom prilikom premijer Halilagi\u0107 je prije svega pohvalio politi\u010dki i uop\u0161te gra\u0111anski aktivizam i \u017eelju da se sa\u010duvaju i prirodna bogatstva i resursi, ali i da se [&hellip;]\" \/>\n<meta property=\"og:url\" content=\"https:\/\/tuzlainfo.ba\/index.php\/novosti\/item\/206988-zastita-planine-konjuh-zajednicki-cilj-uspostavljen-partnerski-odnos-vlade-tk-i-karton-revolucije\/\" \/>\n<meta property=\"og:site_name\" content=\"TuzlaInfo.ba\" \/>\n<meta property=\"article:publisher\" content=\"https:\/\/www.facebook.com\/tuzlainfo.ba\/\" \/>\n<meta property=\"article:published_time\" content=\"2023-06-09T17:30:04+00:00\" \/>\n<meta property=\"og:image\" content=\"https:\/\/tuzlainfo.ba\/wp-content\/uploads\/2023\/06\/0906_karton_premijer.jpg\" \/>\n\t<meta property=\"og:image:width\" content=\"800\" \/>\n\t<meta property=\"og:image:height\" content=\"450\" \/>\n\t<meta property=\"og:image:type\" content=\"image\/jpeg\" \/>\n<meta name=\"author\" content=\"nedim\" \/>\n<meta name=\"twitter:card\" content=\"summary_large_image\" \/>\n<meta name=\"twitter:label1\" content=\"Written by\" \/>\n\t<meta name=\"twitter:data1\" content=\"nedim\" \/>\n\t<meta name=\"twitter:label2\" content=\"Est. reading time\" \/>\n\t<meta name=\"twitter:data2\" content=\"3 minute\" \/>\n<script type=\"application\/ld+json\" class=\"yoast-schema-graph\">{\"@context\":\"https:\\\/\\\/schema.org\",\"@graph\":[{\"@type\":\"Article\",\"@id\":\"https:\\\/\\\/tuzlainfo.ba\\\/index.php\\\/novosti\\\/item\\\/206988-zastita-planine-konjuh-zajednicki-cilj-uspostavljen-partnerski-odnos-vlade-tk-i-karton-revolucije\\\/#article\",\"isPartOf\":{\"@id\":\"https:\\\/\\\/tuzlainfo.ba\\\/index.php\\\/novosti\\\/item\\\/206988-zastita-planine-konjuh-zajednicki-cilj-uspostavljen-partnerski-odnos-vlade-tk-i-karton-revolucije\\\/\"},\"author\":{\"name\":\"nedim\",\"@id\":\"https:\\\/\\\/tuzlainfo.ba\\\/#\\\/schema\\\/person\\\/f434e20dc27ea133923aab08451b7f7f\"},\"headline\":\"Za\u0161tita planine Konjuh zajedni\u010dki cilj: Uspostavljen partnerski odnos Vlade TK i Karton revolucije\",\"datePublished\":\"2023-06-09T17:30:04+00:00\",\"mainEntityOfPage\":{\"@id\":\"https:\\\/\\\/tuzlainfo.ba\\\/index.php\\\/novosti\\\/item\\\/206988-zastita-planine-konjuh-zajednicki-cilj-uspostavljen-partnerski-odnos-vlade-tk-i-karton-revolucije\\\/\"},\"wordCount\":663,\"commentCount\":0,\"publisher\":{\"@id\":\"https:\\\/\\\/tuzlainfo.ba\\\/#organization\"},\"image\":{\"@id\":\"https:\\\/\\\/tuzlainfo.ba\\\/index.php\\\/novosti\\\/item\\\/206988-zastita-planine-konjuh-zajednicki-cilj-uspostavljen-partnerski-odnos-vlade-tk-i-karton-revolucije\\\/#primaryimage\"},\"thumbnailUrl\":\"https:\\\/\\\/tuzlainfo.ba\\\/wp-content\\\/uploads\\\/2023\\\/06\\\/0906_karton_premijer.jpg\",\"keywords\":[\"karton revolucija\",\"vlada tk\"],\"articleSection\":[\"Istaknuto\",\"Novosti\"],\"inLanguage\":\"bs-BA\",\"copyrightYear\":\"2023\",\"copyrightHolder\":{\"@id\":\"https:\\\/\\\/tuzlainfo.ba\\\/#organization\"}},{\"@type\":\"WebPage\",\"@id\":\"https:\\\/\\\/tuzlainfo.ba\\\/index.php\\\/novosti\\\/item\\\/206988-zastita-planine-konjuh-zajednicki-cilj-uspostavljen-partnerski-odnos-vlade-tk-i-karton-revolucije\\\/\",\"url\":\"https:\\\/\\\/tuzlainfo.ba\\\/index.php\\\/novosti\\\/item\\\/206988-zastita-planine-konjuh-zajednicki-cilj-uspostavljen-partnerski-odnos-vlade-tk-i-karton-revolucije\\\/\",\"name\":\"Za\u0161tita planine Konjuh zajedni\u010dki cilj: Uspostavljen partnerski odnos Vlade TK i Karton revolucije\",\"isPartOf\":{\"@id\":\"https:\\\/\\\/tuzlainfo.ba\\\/#website\"},\"primaryImageOfPage\":{\"@id\":\"https:\\\/\\\/tuzlainfo.ba\\\/index.php\\\/novosti\\\/item\\\/206988-zastita-planine-konjuh-zajednicki-cilj-uspostavljen-partnerski-odnos-vlade-tk-i-karton-revolucije\\\/#primaryimage\"},\"image\":{\"@id\":\"https:\\\/\\\/tuzlainfo.ba\\\/index.php\\\/novosti\\\/item\\\/206988-zastita-planine-konjuh-zajednicki-cilj-uspostavljen-partnerski-odnos-vlade-tk-i-karton-revolucije\\\/#primaryimage\"},\"thumbnailUrl\":\"https:\\\/\\\/tuzlainfo.ba\\\/wp-content\\\/uploads\\\/2023\\\/06\\\/0906_karton_premijer.jpg\",\"datePublished\":\"2023-06-09T17:30:04+00:00\",\"breadcrumb\":{\"@id\":\"https:\\\/\\\/tuzlainfo.ba\\\/index.php\\\/novosti\\\/item\\\/206988-zastita-planine-konjuh-zajednicki-cilj-uspostavljen-partnerski-odnos-vlade-tk-i-karton-revolucije\\\/#breadcrumb\"},\"inLanguage\":\"bs-BA\",\"potentialAction\":[{\"@type\":\"ReadAction\",\"target\":[\"https:\\\/\\\/tuzlainfo.ba\\\/index.php\\\/novosti\\\/item\\\/206988-zastita-planine-konjuh-zajednicki-cilj-uspostavljen-partnerski-odnos-vlade-tk-i-karton-revolucije\\\/\"]}]},{\"@type\":\"ImageObject\",\"inLanguage\":\"bs-BA\",\"@id\":\"https:\\\/\\\/tuzlainfo.ba\\\/index.php\\\/novosti\\\/item\\\/206988-zastita-planine-konjuh-zajednicki-cilj-uspostavljen-partnerski-odnos-vlade-tk-i-karton-revolucije\\\/#primaryimage\",\"url\":\"https:\\\/\\\/tuzlainfo.ba\\\/wp-content\\\/uploads\\\/2023\\\/06\\\/0906_karton_premijer.jpg\",\"contentUrl\":\"https:\\\/\\\/tuzlainfo.ba\\\/wp-content\\\/uploads\\\/2023\\\/06\\\/0906_karton_premijer.jpg\",\"width\":800,\"height\":450},{\"@type\":\"BreadcrumbList\",\"@id\":\"https:\\\/\\\/tuzlainfo.ba\\\/index.php\\\/novosti\\\/item\\\/206988-zastita-planine-konjuh-zajednicki-cilj-uspostavljen-partnerski-odnos-vlade-tk-i-karton-revolucije\\\/#breadcrumb\",\"itemListElement\":[{\"@type\":\"ListItem\",\"position\":1,\"name\":\"Home\",\"item\":\"https:\\\/\\\/tuzlainfo.ba\\\/\"},{\"@type\":\"ListItem\",\"position\":2,\"name\":\"Za\u0161tita planine Konjuh zajedni\u010dki cilj: Uspostavljen partnerski odnos Vlade TK i Karton revolucije\"}]},{\"@type\":\"WebSite\",\"@id\":\"https:\\\/\\\/tuzlainfo.ba\\\/#website\",\"url\":\"https:\\\/\\\/tuzlainfo.ba\\\/\",\"name\":\"TuzlaInfo.ba\",\"description\":\"Tuzla info, gradski informator - Tuzla na dlanu\",\"publisher\":{\"@id\":\"https:\\\/\\\/tuzlainfo.ba\\\/#organization\"},\"potentialAction\":[{\"@type\":\"SearchAction\",\"target\":{\"@type\":\"EntryPoint\",\"urlTemplate\":\"https:\\\/\\\/tuzlainfo.ba\\\/?s={search_term_string}\"},\"query-input\":{\"@type\":\"PropertyValueSpecification\",\"valueRequired\":true,\"valueName\":\"search_term_string\"}}],\"inLanguage\":\"bs-BA\"},{\"@type\":\"Organization\",\"@id\":\"https:\\\/\\\/tuzlainfo.ba\\\/#organization\",\"name\":\"TuzlaInfo.ba\",\"url\":\"https:\\\/\\\/tuzlainfo.ba\\\/\",\"logo\":{\"@type\":\"ImageObject\",\"inLanguage\":\"bs-BA\",\"@id\":\"https:\\\/\\\/tuzlainfo.ba\\\/#\\\/schema\\\/logo\\\/image\\\/\",\"url\":\"https:\\\/\\\/tuzlainfo.ba\\\/wp-content\\\/uploads\\\/2021\\\/03\\\/logo-ver-3-1.png\",\"contentUrl\":\"https:\\\/\\\/tuzlainfo.ba\\\/wp-content\\\/uploads\\\/2021\\\/03\\\/logo-ver-3-1.png\",\"width\":350,\"height\":95,\"caption\":\"TuzlaInfo.ba\"},\"image\":{\"@id\":\"https:\\\/\\\/tuzlainfo.ba\\\/#\\\/schema\\\/logo\\\/image\\\/\"},\"sameAs\":[\"https:\\\/\\\/www.facebook.com\\\/tuzlainfo.ba\\\/\"]},{\"@type\":\"Person\",\"@id\":\"https:\\\/\\\/tuzlainfo.ba\\\/#\\\/schema\\\/person\\\/f434e20dc27ea133923aab08451b7f7f\",\"name\":\"nedim\",\"image\":{\"@type\":\"ImageObject\",\"inLanguage\":\"bs-BA\",\"@id\":\"https:\\\/\\\/secure.gravatar.com\\\/avatar\\\/5b928a2e7e70a54208d2eb6c1edcb75a5350d6ae97d5f0a701203d456823f6f3?s=96&d=mm&r=g\",\"url\":\"https:\\\/\\\/secure.gravatar.com\\\/avatar\\\/5b928a2e7e70a54208d2eb6c1edcb75a5350d6ae97d5f0a701203d456823f6f3?s=96&d=mm&r=g\",\"contentUrl\":\"https:\\\/\\\/secure.gravatar.com\\\/avatar\\\/5b928a2e7e70a54208d2eb6c1edcb75a5350d6ae97d5f0a701203d456823f6f3?s=96&d=mm&r=g\",\"caption\":\"nedim\"},\"description\":\"Tuzlainfo.ba pratite na dru\u0161tvenim mre\u017eama: Facebook, Instagram i Youtube. Svoje pri\u010de, upite i fotografije \u0161aljite na na\u0161u e-mail adresu.\"}]}<\/script>\n<!-- \/ Yoast SEO plugin. -->","yoast_head_json":{"title":"Za\u0161tita planine Konjuh zajedni\u010dki cilj: Uspostavljen partnerski odnos Vlade TK i Karton revolucije","robots":{"index":"index","follow":"follow","max-snippet":"max-snippet:-1","max-image-preview":"max-image-preview:large","max-video-preview":"max-video-preview:-1"},"canonical":"https:\/\/tuzlainfo.ba\/index.php\/novosti\/item\/206988-zastita-planine-konjuh-zajednicki-cilj-uspostavljen-partnerski-odnos-vlade-tk-i-karton-revolucije\/","og_locale":"bs_BA","og_type":"article","og_title":"Za\u0161tita planine Konjuh zajedni\u010dki cilj: Uspostavljen partnerski odnos Vlade TK i Karton revolucije","og_description":"Za\u0161tita planine Konjuh, Za\u0161ti\u0107enog pejza\u017ea i prevencija nelegalne sje\u010de \u0161ume bila je glavna tema dana\u0161njeg sastanka premijera Tuzlanskog kantona Irfana Halilagi\u0107a sa predstavnicima aktivisti\u010dkog pokreta gra\u0111ana \u201eKarton revolucija\u201c. Ovom prilikom premijer Halilagi\u0107 je prije svega pohvalio politi\u010dki i uop\u0161te gra\u0111anski aktivizam i \u017eelju da se sa\u010duvaju i prirodna bogatstva i resursi, ali i da se [&hellip;]","og_url":"https:\/\/tuzlainfo.ba\/index.php\/novosti\/item\/206988-zastita-planine-konjuh-zajednicki-cilj-uspostavljen-partnerski-odnos-vlade-tk-i-karton-revolucije\/","og_site_name":"TuzlaInfo.ba","article_publisher":"https:\/\/www.facebook.com\/tuzlainfo.ba\/","article_published_time":"2023-06-09T17:30:04+00:00","og_image":[{"width":800,"height":450,"url":"https:\/\/tuzlainfo.ba\/wp-content\/uploads\/2023\/06\/0906_karton_premijer.jpg","type":"image\/jpeg"}],"author":"nedim","twitter_card":"summary_large_image","twitter_misc":{"Written by":"nedim","Est. reading time":"3 minute"},"schema":{"@context":"https:\/\/schema.org","@graph":[{"@type":"Article","@id":"https:\/\/tuzlainfo.ba\/index.php\/novosti\/item\/206988-zastita-planine-konjuh-zajednicki-cilj-uspostavljen-partnerski-odnos-vlade-tk-i-karton-revolucije\/#article","isPartOf":{"@id":"https:\/\/tuzlainfo.ba\/index.php\/novosti\/item\/206988-zastita-planine-konjuh-zajednicki-cilj-uspostavljen-partnerski-odnos-vlade-tk-i-karton-revolucije\/"},"author":{"name":"nedim","@id":"https:\/\/tuzlainfo.ba\/#\/schema\/person\/f434e20dc27ea133923aab08451b7f7f"},"headline":"Za\u0161tita planine Konjuh zajedni\u010dki cilj: Uspostavljen partnerski odnos Vlade TK i Karton revolucije","datePublished":"2023-06-09T17:30:04+00:00","mainEntityOfPage":{"@id":"https:\/\/tuzlainfo.ba\/index.php\/novosti\/item\/206988-zastita-planine-konjuh-zajednicki-cilj-uspostavljen-partnerski-odnos-vlade-tk-i-karton-revolucije\/"},"wordCount":663,"commentCount":0,"publisher":{"@id":"https:\/\/tuzlainfo.ba\/#organization"},"image":{"@id":"https:\/\/tuzlainfo.ba\/index.php\/novosti\/item\/206988-zastita-planine-konjuh-zajednicki-cilj-uspostavljen-partnerski-odnos-vlade-tk-i-karton-revolucije\/#primaryimage"},"thumbnailUrl":"https:\/\/tuzlainfo.ba\/wp-content\/uploads\/2023\/06\/0906_karton_premijer.jpg","keywords":["karton revolucija","vlada tk"],"articleSection":["Istaknuto","Novosti"],"inLanguage":"bs-BA","copyrightYear":"2023","copyrightHolder":{"@id":"https:\/\/tuzlainfo.ba\/#organization"}},{"@type":"WebPage","@id":"https:\/\/tuzlainfo.ba\/index.php\/novosti\/item\/206988-zastita-planine-konjuh-zajednicki-cilj-uspostavljen-partnerski-odnos-vlade-tk-i-karton-revolucije\/","url":"https:\/\/tuzlainfo.ba\/index.php\/novosti\/item\/206988-zastita-planine-konjuh-zajednicki-cilj-uspostavljen-partnerski-odnos-vlade-tk-i-karton-revolucije\/","name":"Za\u0161tita planine Konjuh zajedni\u010dki cilj: Uspostavljen partnerski odnos Vlade TK i Karton revolucije","isPartOf":{"@id":"https:\/\/tuzlainfo.ba\/#website"},"primaryImageOfPage":{"@id":"https:\/\/tuzlainfo.ba\/index.php\/novosti\/item\/206988-zastita-planine-konjuh-zajednicki-cilj-uspostavljen-partnerski-odnos-vlade-tk-i-karton-revolucije\/#primaryimage"},"image":{"@id":"https:\/\/tuzlainfo.ba\/index.php\/novosti\/item\/206988-zastita-planine-konjuh-zajednicki-cilj-uspostavljen-partnerski-odnos-vlade-tk-i-karton-revolucije\/#primaryimage"},"thumbnailUrl":"https:\/\/tuzlainfo.ba\/wp-content\/uploads\/2023\/06\/0906_karton_premijer.jpg","datePublished":"2023-06-09T17:30:04+00:00","breadcrumb":{"@id":"https:\/\/tuzlainfo.ba\/index.php\/novosti\/item\/206988-zastita-planine-konjuh-zajednicki-cilj-uspostavljen-partnerski-odnos-vlade-tk-i-karton-revolucije\/#breadcrumb"},"inLanguage":"bs-BA","potentialAction":[{"@type":"ReadAction","target":["https:\/\/tuzlainfo.ba\/index.php\/novosti\/item\/206988-zastita-planine-konjuh-zajednicki-cilj-uspostavljen-partnerski-odnos-vlade-tk-i-karton-revolucije\/"]}]},{"@type":"ImageObject","inLanguage":"bs-BA","@id":"https:\/\/tuzlainfo.ba\/index.php\/novosti\/item\/206988-zastita-planine-konjuh-zajednicki-cilj-uspostavljen-partnerski-odnos-vlade-tk-i-karton-revolucije\/#primaryimage","url":"https:\/\/tuzlainfo.ba\/wp-content\/uploads\/2023\/06\/0906_karton_premijer.jpg","contentUrl":"https:\/\/tuzlainfo.ba\/wp-content\/uploads\/2023\/06\/0906_karton_premijer.jpg","width":800,"height":450},{"@type":"BreadcrumbList","@id":"https:\/\/tuzlainfo.ba\/index.php\/novosti\/item\/206988-zastita-planine-konjuh-zajednicki-cilj-uspostavljen-partnerski-odnos-vlade-tk-i-karton-revolucije\/#breadcrumb","itemListElement":[{"@type":"ListItem","position":1,"name":"Home","item":"https:\/\/tuzlainfo.ba\/"},{"@type":"ListItem","position":2,"name":"Za\u0161tita planine Konjuh zajedni\u010dki cilj: Uspostavljen partnerski odnos Vlade TK i Karton revolucije"}]},{"@type":"WebSite","@id":"https:\/\/tuzlainfo.ba\/#website","url":"https:\/\/tuzlainfo.ba\/","name":"TuzlaInfo.ba","description":"Tuzla info, gradski informator - Tuzla na dlanu","publisher":{"@id":"https:\/\/tuzlainfo.ba\/#organization"},"potentialAction":[{"@type":"SearchAction","target":{"@type":"EntryPoint","urlTemplate":"https:\/\/tuzlainfo.ba\/?s={search_term_string}"},"query-input":{"@type":"PropertyValueSpecification","valueRequired":true,"valueName":"search_term_string"}}],"inLanguage":"bs-BA"},{"@type":"Organization","@id":"https:\/\/tuzlainfo.ba\/#organization","name":"TuzlaInfo.ba","url":"https:\/\/tuzlainfo.ba\/","logo":{"@type":"ImageObject","inLanguage":"bs-BA","@id":"https:\/\/tuzlainfo.ba\/#\/schema\/logo\/image\/","url":"https:\/\/tuzlainfo.ba\/wp-content\/uploads\/2021\/03\/logo-ver-3-1.png","contentUrl":"https:\/\/tuzlainfo.ba\/wp-content\/uploads\/2021\/03\/logo-ver-3-1.png","width":350,"height":95,"caption":"TuzlaInfo.ba"},"image":{"@id":"https:\/\/tuzlainfo.ba\/#\/schema\/logo\/image\/"},"sameAs":["https:\/\/www.facebook.com\/tuzlainfo.ba\/"]},{"@type":"Person","@id":"https:\/\/tuzlainfo.ba\/#\/schema\/person\/f434e20dc27ea133923aab08451b7f7f","name":"nedim","image":{"@type":"ImageObject","inLanguage":"bs-BA","@id":"https:\/\/secure.gravatar.com\/avatar\/5b928a2e7e70a54208d2eb6c1edcb75a5350d6ae97d5f0a701203d456823f6f3?s=96&d=mm&r=g","url":"https:\/\/secure.gravatar.com\/avatar\/5b928a2e7e70a54208d2eb6c1edcb75a5350d6ae97d5f0a701203d456823f6f3?s=96&d=mm&r=g","contentUrl":"https:\/\/secure.gravatar.com\/avatar\/5b928a2e7e70a54208d2eb6c1edcb75a5350d6ae97d5f0a701203d456823f6f3?s=96&d=mm&r=g","caption":"nedim"},"description":"Tuzlainfo.ba pratite na dru\u0161tvenim mre\u017eama: Facebook, Instagram i Youtube. Svoje pri\u010de, upite i fotografije \u0161aljite na na\u0161u e-mail adresu."}]}},"_links":{"self":[{"href":"https:\/\/tuzlainfo.ba\/index.php\/wp-json\/wp\/v2\/posts\/206988","targetHints":{"allow":["GET"]}}],"collection":[{"href":"https:\/\/tuzlainfo.ba\/index.php\/wp-json\/wp\/v2\/posts"}],"about":[{"href":"https:\/\/tuzlainfo.ba\/index.php\/wp-json\/wp\/v2\/types\/post"}],"author":[{"embeddable":true,"href":"https:\/\/tuzlainfo.ba\/index.php\/wp-json\/wp\/v2\/users\/2"}],"replies":[{"embeddable":true,"href":"https:\/\/tuzlainfo.ba\/index.php\/wp-json\/wp\/v2\/comments?post=206988"}],"version-history":[{"count":0,"href":"https:\/\/tuzlainfo.ba\/index.php\/wp-json\/wp\/v2\/posts\/206988\/revisions"}],"wp:featuredmedia":[{"embeddable":true,"href":"https:\/\/tuzlainfo.ba\/index.php\/wp-json\/wp\/v2\/media\/206989"}],"wp:attachment":[{"href":"https:\/\/tuzlainfo.ba\/index.php\/wp-json\/wp\/v2\/media?parent=206988"}],"wp:term":[{"taxonomy":"category","embeddable":true,"href":"https:\/\/tuzlainfo.ba\/index.php\/wp-json\/wp\/v2\/categories?post=206988"},{"taxonomy":"post_tag","embeddable":true,"href":"https:\/\/tuzlainfo.ba\/index.php\/wp-json\/wp\/v2\/tags?post=206988"}],"curies":[{"name":"wp","href":"https:\/\/api.w.org\/{rel}","templated":true}]}}