{"id":206815,"date":"2023-06-07T21:10:19","date_gmt":"2023-06-07T19:10:19","guid":{"rendered":"https:\/\/tuzlainfo.ba\/?p=206815"},"modified":"2023-06-07T21:10:19","modified_gmt":"2023-06-07T19:10:19","slug":"sudjenje-zijadu-mutapu-i-drugima-otklonjena-dilema-da-li-je-bilo-bilo-potresa-mozga-i-amnezije","status":"publish","type":"post","link":"https:\/\/tuzlainfo.ba\/index.php\/bosna-i-hercegovina\/item\/206815-sudjenje-zijadu-mutapu-i-drugima-otklonjena-dilema-da-li-je-bilo-bilo-potresa-mozga-i-amnezije\/","title":{"rendered":"Su\u0111enje Zijadu Mutapu i drugima: Otklonjena dilema, da li je bilo bilo potresa mozga i amnezije?"},"content":{"rendered":"<p>Pred Sudom BiH nastavljeno su\u0111enje u predmetu Zijad Mutap i drugi. Nakon \u0161to je u prethodnom postupku odbijeno svjedo\u010denje prof. dr. Kemala Dizdarevi\u0107a bez obja\u0161njenja postupaju\u0107eg sudije Branka Peri\u0107a, u drugostepenom postupku Apelaciono vije\u0107e usvojilo je zahtjev Tu\u017eila\u0161tva i za svjedoka pozvalo doktora Dizdarevi\u0107a.<\/p>\n<p>Na dana\u0161njem ro\u010di\u0161tu izvedena je reprodukcija dva stru\u010dna svjedoka, kao i svjedo\u010denje Kemala Dizdarevi\u0107a, svi u vezi su sa petom ta\u010dkom optu\u017enice &#8211; postojanje, odnosno nepostojanje amnezije kod Alise Mutap. Odbrana je insisitirala na potresu mozga koji bi morao da prouzrokuje retrogradnu amneziju, odnosno gubitak sje\u0107enja. Me\u0111utim, nijedan nalaz koji je ura\u0111en u no\u0107i kada je Alisa Mutap dovezena na KCUS kao dijagnozu ne daje potres mozga.<\/p>\n<p>\u201eNeurohirur Kemal Dizdarevi\u0107 je otklonio dilemu &#8211; nije bilo potresa mozga, a kao neki surogat tog navodnog potresa mozga ne mo\u017ee poslu\u017eiti bilo kakva anamneza. To \u0161to pacijent govori &#8211; to se provjerava i nakon provjere, doktor Dizdarevi\u0107, \u010dija je to oblast, a i doktor Hamza \u017dujo, isklju\u010dio je potres mozga\u201c, kazao je Ifet Feraget, advokat porodice Memi\u0107<\/p>\n<p>Iz svjedo\u010denja neurohirurga Kemala Dizdarevi\u0107a mogli smo \u010duti detalje o timu koji je imenovala Sebija Izetbegovi\u0107, a po naredbi Tu\u017eila\u0161tva KS-a, koji je uklju\u010divao i njega, u tom trenutku kao \u0161efa Neurohirurgije. Nalaz je ura\u0111en u julu 2016. godine. Koleginica sa kojom je bio u timu, dr. Jasminka Vrani\u0107, zahtijevala je od njega da promijeni svoj nalaz, odnosno mi\u0161ljenje, \u0161to je on odbio.<\/p>\n<p>\u201eKada jedan vje\u0161tak zove drugog da promijeni mi\u0161ljenje u nalazu, to je signal, a taj nalaz je glasio da Alisa Mutap nije imala potres mozga koji je prouzrokovao amneziju\u201c, isti\u010de Feraget.<\/p>\n<p>Ono \u0161to je prvi put danas rekao vje\u0161tak sudske medicine Hamza \u017dujo, a kao odgovor na pitanje \u010dlanice Apelacionog vije\u0107a Azre Mileti\u0107, jeste da je D\u017eenan Memi\u0107 u trenutku zadobijanja udarca bio licem u lice sa napada\u010dem. I sve ovo je trebalo da bude zavr\u0161eno davno, rije\u010di su Murisa Memi\u0107a, koji poru\u010duje &#8211; sve ovo prouzrokovala je Dailda Burzi\u0107 i njena istraga.<\/p>\n<p>Nakon svjedo\u010denja vje\u0161taka medicinske struke, kao i svjedo\u010denja neurohirurga na dana\u0161njem ro\u010di\u0161tu, iako leksi\u010dki komplikovanih za javnost, zaklju\u010dak je bio jasan da medicinska dokumentacija ne pominje potres mozga. Kod potresa mozga mora biti gubitak svjesti. Ukoliko za to nema objektivnih dokaza, a pacijent prezentuje totalnu amneziju, to budi sumnju na amneziju, zaklju\u010dne su rije\u010di u svjedo\u010denju Kemala Dizdarevi\u0107a. Naredno ro\u010di\u0161te zakazano je za 26. juni, pi\u0161e federalna.ba-<\/p>\n","protected":false},"excerpt":{"rendered":"<p>Pred Sudom BiH nastavljeno su\u0111enje u predmetu Zijad Mutap i drugi. Nakon \u0161to je u prethodnom postupku odbijeno svjedo\u010denje prof. dr. Kemala Dizdarevi\u0107a bez obja\u0161njenja postupaju\u0107eg sudije Branka Peri\u0107a, u drugostepenom postupku Apelaciono vije\u0107e usvojilo je zahtjev Tu\u017eila\u0161tva i za svjedoka pozvalo doktora Dizdarevi\u0107a. Na dana\u0161njem ro\u010di\u0161tu izvedena je reprodukcija dva stru\u010dna svjedoka, kao i [&hellip;]<\/p>\n","protected":false},"author":2,"featured_media":80057,"comment_status":"open","ping_status":"closed","sticky":false,"template":"","format":"standard","meta":{"footnotes":""},"categories":[291],"tags":[1624,7137,7136],"class_list":["post-206815","post","type-post","status-publish","format-standard","has-post-thumbnail","hentry","category-bosna-i-hercegovina","tag-alisa-mutap","tag-slucaj-memic","tag-zijad-mutap"],"yoast_head":"<!-- This site is optimized with the Yoast SEO plugin v28.4 - https:\/\/yoast.com\/product\/yoast-seo-wordpress\/ -->\n<title>Su\u0111enje Zijadu Mutapu i drugima: Otklonjena dilema, da li je bilo bilo potresa mozga i amnezije?<\/title>\n<meta name=\"robots\" content=\"index, follow, max-snippet:-1, max-image-preview:large, max-video-preview:-1\" \/>\n<link rel=\"canonical\" href=\"https:\/\/tuzlainfo.ba\/index.php\/bosna-i-hercegovina\/item\/206815-sudjenje-zijadu-mutapu-i-drugima-otklonjena-dilema-da-li-je-bilo-bilo-potresa-mozga-i-amnezije\/\" \/>\n<meta property=\"og:locale\" content=\"bs_BA\" \/>\n<meta property=\"og:type\" content=\"article\" \/>\n<meta property=\"og:title\" content=\"Su\u0111enje Zijadu Mutapu i drugima: Otklonjena dilema, da li je bilo bilo potresa mozga i amnezije?\" \/>\n<meta property=\"og:description\" content=\"Pred Sudom BiH nastavljeno su\u0111enje u predmetu Zijad Mutap i drugi. Nakon \u0161to je u prethodnom postupku odbijeno svjedo\u010denje prof. dr. Kemala Dizdarevi\u0107a bez obja\u0161njenja postupaju\u0107eg sudije Branka Peri\u0107a, u drugostepenom postupku Apelaciono vije\u0107e usvojilo je zahtjev Tu\u017eila\u0161tva i za svjedoka pozvalo doktora Dizdarevi\u0107a. Na dana\u0161njem ro\u010di\u0161tu izvedena je reprodukcija dva stru\u010dna svjedoka, kao i [&hellip;]\" \/>\n<meta property=\"og:url\" content=\"https:\/\/tuzlainfo.ba\/index.php\/bosna-i-hercegovina\/item\/206815-sudjenje-zijadu-mutapu-i-drugima-otklonjena-dilema-da-li-je-bilo-bilo-potresa-mozga-i-amnezije\/\" \/>\n<meta property=\"og:site_name\" content=\"TuzlaInfo.ba\" \/>\n<meta property=\"article:publisher\" content=\"https:\/\/www.facebook.com\/tuzlainfo.ba\/\" \/>\n<meta property=\"article:published_time\" content=\"2023-06-07T19:10:19+00:00\" \/>\n<meta property=\"og:image\" content=\"https:\/\/tuzlainfo.ba\/wp-content\/uploads\/2020\/06\/sadrzaj_2020_20200101_0101_2020_sud_bih.jpg\" \/>\n\t<meta property=\"og:image:width\" content=\"770\" \/>\n\t<meta property=\"og:image:height\" content=\"462\" \/>\n\t<meta property=\"og:image:type\" content=\"image\/jpeg\" \/>\n<meta name=\"author\" content=\"nedim\" \/>\n<meta name=\"twitter:card\" content=\"summary_large_image\" \/>\n<meta name=\"twitter:label1\" content=\"Written by\" \/>\n\t<meta name=\"twitter:data1\" content=\"nedim\" \/>\n\t<meta name=\"twitter:label2\" content=\"Est. reading time\" \/>\n\t<meta name=\"twitter:data2\" content=\"2 minute\" \/>\n<script type=\"application\/ld+json\" class=\"yoast-schema-graph\">{\"@context\":\"https:\\\/\\\/schema.org\",\"@graph\":[{\"@type\":\"Article\",\"@id\":\"https:\\\/\\\/tuzlainfo.ba\\\/index.php\\\/bosna-i-hercegovina\\\/item\\\/206815-sudjenje-zijadu-mutapu-i-drugima-otklonjena-dilema-da-li-je-bilo-bilo-potresa-mozga-i-amnezije\\\/#article\",\"isPartOf\":{\"@id\":\"https:\\\/\\\/tuzlainfo.ba\\\/index.php\\\/bosna-i-hercegovina\\\/item\\\/206815-sudjenje-zijadu-mutapu-i-drugima-otklonjena-dilema-da-li-je-bilo-bilo-potresa-mozga-i-amnezije\\\/\"},\"author\":{\"name\":\"nedim\",\"@id\":\"https:\\\/\\\/tuzlainfo.ba\\\/#\\\/schema\\\/person\\\/f434e20dc27ea133923aab08451b7f7f\"},\"headline\":\"Su\u0111enje Zijadu Mutapu i drugima: Otklonjena dilema, da li je bilo bilo potresa mozga i amnezije?\",\"datePublished\":\"2023-06-07T19:10:19+00:00\",\"mainEntityOfPage\":{\"@id\":\"https:\\\/\\\/tuzlainfo.ba\\\/index.php\\\/bosna-i-hercegovina\\\/item\\\/206815-sudjenje-zijadu-mutapu-i-drugima-otklonjena-dilema-da-li-je-bilo-bilo-potresa-mozga-i-amnezije\\\/\"},\"wordCount\":466,\"commentCount\":0,\"publisher\":{\"@id\":\"https:\\\/\\\/tuzlainfo.ba\\\/#organization\"},\"image\":{\"@id\":\"https:\\\/\\\/tuzlainfo.ba\\\/index.php\\\/bosna-i-hercegovina\\\/item\\\/206815-sudjenje-zijadu-mutapu-i-drugima-otklonjena-dilema-da-li-je-bilo-bilo-potresa-mozga-i-amnezije\\\/#primaryimage\"},\"thumbnailUrl\":\"https:\\\/\\\/tuzlainfo.ba\\\/wp-content\\\/uploads\\\/2020\\\/06\\\/sadrzaj_2020_20200101_0101_2020_sud_bih.jpg\",\"keywords\":[\"alisa mutap\",\"slu\u010daj memi\u0107\",\"zijad mutap\"],\"articleSection\":[\"Bosna i Hercegovina\"],\"inLanguage\":\"bs-BA\",\"copyrightYear\":\"2023\",\"copyrightHolder\":{\"@id\":\"https:\\\/\\\/tuzlainfo.ba\\\/#organization\"}},{\"@type\":\"WebPage\",\"@id\":\"https:\\\/\\\/tuzlainfo.ba\\\/index.php\\\/bosna-i-hercegovina\\\/item\\\/206815-sudjenje-zijadu-mutapu-i-drugima-otklonjena-dilema-da-li-je-bilo-bilo-potresa-mozga-i-amnezije\\\/\",\"url\":\"https:\\\/\\\/tuzlainfo.ba\\\/index.php\\\/bosna-i-hercegovina\\\/item\\\/206815-sudjenje-zijadu-mutapu-i-drugima-otklonjena-dilema-da-li-je-bilo-bilo-potresa-mozga-i-amnezije\\\/\",\"name\":\"Su\u0111enje Zijadu Mutapu i drugima: Otklonjena dilema, da li je bilo bilo potresa mozga i amnezije?\",\"isPartOf\":{\"@id\":\"https:\\\/\\\/tuzlainfo.ba\\\/#website\"},\"primaryImageOfPage\":{\"@id\":\"https:\\\/\\\/tuzlainfo.ba\\\/index.php\\\/bosna-i-hercegovina\\\/item\\\/206815-sudjenje-zijadu-mutapu-i-drugima-otklonjena-dilema-da-li-je-bilo-bilo-potresa-mozga-i-amnezije\\\/#primaryimage\"},\"image\":{\"@id\":\"https:\\\/\\\/tuzlainfo.ba\\\/index.php\\\/bosna-i-hercegovina\\\/item\\\/206815-sudjenje-zijadu-mutapu-i-drugima-otklonjena-dilema-da-li-je-bilo-bilo-potresa-mozga-i-amnezije\\\/#primaryimage\"},\"thumbnailUrl\":\"https:\\\/\\\/tuzlainfo.ba\\\/wp-content\\\/uploads\\\/2020\\\/06\\\/sadrzaj_2020_20200101_0101_2020_sud_bih.jpg\",\"datePublished\":\"2023-06-07T19:10:19+00:00\",\"breadcrumb\":{\"@id\":\"https:\\\/\\\/tuzlainfo.ba\\\/index.php\\\/bosna-i-hercegovina\\\/item\\\/206815-sudjenje-zijadu-mutapu-i-drugima-otklonjena-dilema-da-li-je-bilo-bilo-potresa-mozga-i-amnezije\\\/#breadcrumb\"},\"inLanguage\":\"bs-BA\",\"potentialAction\":[{\"@type\":\"ReadAction\",\"target\":[\"https:\\\/\\\/tuzlainfo.ba\\\/index.php\\\/bosna-i-hercegovina\\\/item\\\/206815-sudjenje-zijadu-mutapu-i-drugima-otklonjena-dilema-da-li-je-bilo-bilo-potresa-mozga-i-amnezije\\\/\"]}]},{\"@type\":\"ImageObject\",\"inLanguage\":\"bs-BA\",\"@id\":\"https:\\\/\\\/tuzlainfo.ba\\\/index.php\\\/bosna-i-hercegovina\\\/item\\\/206815-sudjenje-zijadu-mutapu-i-drugima-otklonjena-dilema-da-li-je-bilo-bilo-potresa-mozga-i-amnezije\\\/#primaryimage\",\"url\":\"https:\\\/\\\/tuzlainfo.ba\\\/wp-content\\\/uploads\\\/2020\\\/06\\\/sadrzaj_2020_20200101_0101_2020_sud_bih.jpg\",\"contentUrl\":\"https:\\\/\\\/tuzlainfo.ba\\\/wp-content\\\/uploads\\\/2020\\\/06\\\/sadrzaj_2020_20200101_0101_2020_sud_bih.jpg\",\"width\":770,\"height\":462,\"caption\":\"0101 2020 sud bih\"},{\"@type\":\"BreadcrumbList\",\"@id\":\"https:\\\/\\\/tuzlainfo.ba\\\/index.php\\\/bosna-i-hercegovina\\\/item\\\/206815-sudjenje-zijadu-mutapu-i-drugima-otklonjena-dilema-da-li-je-bilo-bilo-potresa-mozga-i-amnezije\\\/#breadcrumb\",\"itemListElement\":[{\"@type\":\"ListItem\",\"position\":1,\"name\":\"Home\",\"item\":\"https:\\\/\\\/tuzlainfo.ba\\\/\"},{\"@type\":\"ListItem\",\"position\":2,\"name\":\"Su\u0111enje Zijadu Mutapu i drugima: Otklonjena dilema, da li je bilo bilo potresa mozga i amnezije?\"}]},{\"@type\":\"WebSite\",\"@id\":\"https:\\\/\\\/tuzlainfo.ba\\\/#website\",\"url\":\"https:\\\/\\\/tuzlainfo.ba\\\/\",\"name\":\"TuzlaInfo.ba\",\"description\":\"Tuzla info, gradski informator - Tuzla na dlanu\",\"publisher\":{\"@id\":\"https:\\\/\\\/tuzlainfo.ba\\\/#organization\"},\"potentialAction\":[{\"@type\":\"SearchAction\",\"target\":{\"@type\":\"EntryPoint\",\"urlTemplate\":\"https:\\\/\\\/tuzlainfo.ba\\\/?s={search_term_string}\"},\"query-input\":{\"@type\":\"PropertyValueSpecification\",\"valueRequired\":true,\"valueName\":\"search_term_string\"}}],\"inLanguage\":\"bs-BA\"},{\"@type\":\"Organization\",\"@id\":\"https:\\\/\\\/tuzlainfo.ba\\\/#organization\",\"name\":\"TuzlaInfo.ba\",\"url\":\"https:\\\/\\\/tuzlainfo.ba\\\/\",\"logo\":{\"@type\":\"ImageObject\",\"inLanguage\":\"bs-BA\",\"@id\":\"https:\\\/\\\/tuzlainfo.ba\\\/#\\\/schema\\\/logo\\\/image\\\/\",\"url\":\"https:\\\/\\\/tuzlainfo.ba\\\/wp-content\\\/uploads\\\/2021\\\/03\\\/logo-ver-3-1.png\",\"contentUrl\":\"https:\\\/\\\/tuzlainfo.ba\\\/wp-content\\\/uploads\\\/2021\\\/03\\\/logo-ver-3-1.png\",\"width\":350,\"height\":95,\"caption\":\"TuzlaInfo.ba\"},\"image\":{\"@id\":\"https:\\\/\\\/tuzlainfo.ba\\\/#\\\/schema\\\/logo\\\/image\\\/\"},\"sameAs\":[\"https:\\\/\\\/www.facebook.com\\\/tuzlainfo.ba\\\/\"]},{\"@type\":\"Person\",\"@id\":\"https:\\\/\\\/tuzlainfo.ba\\\/#\\\/schema\\\/person\\\/f434e20dc27ea133923aab08451b7f7f\",\"name\":\"nedim\",\"image\":{\"@type\":\"ImageObject\",\"inLanguage\":\"bs-BA\",\"@id\":\"https:\\\/\\\/secure.gravatar.com\\\/avatar\\\/5b928a2e7e70a54208d2eb6c1edcb75a5350d6ae97d5f0a701203d456823f6f3?s=96&d=mm&r=g\",\"url\":\"https:\\\/\\\/secure.gravatar.com\\\/avatar\\\/5b928a2e7e70a54208d2eb6c1edcb75a5350d6ae97d5f0a701203d456823f6f3?s=96&d=mm&r=g\",\"contentUrl\":\"https:\\\/\\\/secure.gravatar.com\\\/avatar\\\/5b928a2e7e70a54208d2eb6c1edcb75a5350d6ae97d5f0a701203d456823f6f3?s=96&d=mm&r=g\",\"caption\":\"nedim\"},\"description\":\"Tuzlainfo.ba pratite na dru\u0161tvenim mre\u017eama: Facebook, Instagram i Youtube. Svoje pri\u010de, upite i fotografije \u0161aljite na na\u0161u e-mail adresu.\"}]}<\/script>\n<!-- \/ Yoast SEO plugin. -->","yoast_head_json":{"title":"Su\u0111enje Zijadu Mutapu i drugima: Otklonjena dilema, da li je bilo bilo potresa mozga i amnezije?","robots":{"index":"index","follow":"follow","max-snippet":"max-snippet:-1","max-image-preview":"max-image-preview:large","max-video-preview":"max-video-preview:-1"},"canonical":"https:\/\/tuzlainfo.ba\/index.php\/bosna-i-hercegovina\/item\/206815-sudjenje-zijadu-mutapu-i-drugima-otklonjena-dilema-da-li-je-bilo-bilo-potresa-mozga-i-amnezije\/","og_locale":"bs_BA","og_type":"article","og_title":"Su\u0111enje Zijadu Mutapu i drugima: Otklonjena dilema, da li je bilo bilo potresa mozga i amnezije?","og_description":"Pred Sudom BiH nastavljeno su\u0111enje u predmetu Zijad Mutap i drugi. Nakon \u0161to je u prethodnom postupku odbijeno svjedo\u010denje prof. dr. Kemala Dizdarevi\u0107a bez obja\u0161njenja postupaju\u0107eg sudije Branka Peri\u0107a, u drugostepenom postupku Apelaciono vije\u0107e usvojilo je zahtjev Tu\u017eila\u0161tva i za svjedoka pozvalo doktora Dizdarevi\u0107a. Na dana\u0161njem ro\u010di\u0161tu izvedena je reprodukcija dva stru\u010dna svjedoka, kao i [&hellip;]","og_url":"https:\/\/tuzlainfo.ba\/index.php\/bosna-i-hercegovina\/item\/206815-sudjenje-zijadu-mutapu-i-drugima-otklonjena-dilema-da-li-je-bilo-bilo-potresa-mozga-i-amnezije\/","og_site_name":"TuzlaInfo.ba","article_publisher":"https:\/\/www.facebook.com\/tuzlainfo.ba\/","article_published_time":"2023-06-07T19:10:19+00:00","og_image":[{"width":770,"height":462,"url":"https:\/\/tuzlainfo.ba\/wp-content\/uploads\/2020\/06\/sadrzaj_2020_20200101_0101_2020_sud_bih.jpg","type":"image\/jpeg"}],"author":"nedim","twitter_card":"summary_large_image","twitter_misc":{"Written by":"nedim","Est. reading time":"2 minute"},"schema":{"@context":"https:\/\/schema.org","@graph":[{"@type":"Article","@id":"https:\/\/tuzlainfo.ba\/index.php\/bosna-i-hercegovina\/item\/206815-sudjenje-zijadu-mutapu-i-drugima-otklonjena-dilema-da-li-je-bilo-bilo-potresa-mozga-i-amnezije\/#article","isPartOf":{"@id":"https:\/\/tuzlainfo.ba\/index.php\/bosna-i-hercegovina\/item\/206815-sudjenje-zijadu-mutapu-i-drugima-otklonjena-dilema-da-li-je-bilo-bilo-potresa-mozga-i-amnezije\/"},"author":{"name":"nedim","@id":"https:\/\/tuzlainfo.ba\/#\/schema\/person\/f434e20dc27ea133923aab08451b7f7f"},"headline":"Su\u0111enje Zijadu Mutapu i drugima: Otklonjena dilema, da li je bilo bilo potresa mozga i amnezije?","datePublished":"2023-06-07T19:10:19+00:00","mainEntityOfPage":{"@id":"https:\/\/tuzlainfo.ba\/index.php\/bosna-i-hercegovina\/item\/206815-sudjenje-zijadu-mutapu-i-drugima-otklonjena-dilema-da-li-je-bilo-bilo-potresa-mozga-i-amnezije\/"},"wordCount":466,"commentCount":0,"publisher":{"@id":"https:\/\/tuzlainfo.ba\/#organization"},"image":{"@id":"https:\/\/tuzlainfo.ba\/index.php\/bosna-i-hercegovina\/item\/206815-sudjenje-zijadu-mutapu-i-drugima-otklonjena-dilema-da-li-je-bilo-bilo-potresa-mozga-i-amnezije\/#primaryimage"},"thumbnailUrl":"https:\/\/tuzlainfo.ba\/wp-content\/uploads\/2020\/06\/sadrzaj_2020_20200101_0101_2020_sud_bih.jpg","keywords":["alisa mutap","slu\u010daj memi\u0107","zijad mutap"],"articleSection":["Bosna i Hercegovina"],"inLanguage":"bs-BA","copyrightYear":"2023","copyrightHolder":{"@id":"https:\/\/tuzlainfo.ba\/#organization"}},{"@type":"WebPage","@id":"https:\/\/tuzlainfo.ba\/index.php\/bosna-i-hercegovina\/item\/206815-sudjenje-zijadu-mutapu-i-drugima-otklonjena-dilema-da-li-je-bilo-bilo-potresa-mozga-i-amnezije\/","url":"https:\/\/tuzlainfo.ba\/index.php\/bosna-i-hercegovina\/item\/206815-sudjenje-zijadu-mutapu-i-drugima-otklonjena-dilema-da-li-je-bilo-bilo-potresa-mozga-i-amnezije\/","name":"Su\u0111enje Zijadu Mutapu i drugima: Otklonjena dilema, da li je bilo bilo potresa mozga i amnezije?","isPartOf":{"@id":"https:\/\/tuzlainfo.ba\/#website"},"primaryImageOfPage":{"@id":"https:\/\/tuzlainfo.ba\/index.php\/bosna-i-hercegovina\/item\/206815-sudjenje-zijadu-mutapu-i-drugima-otklonjena-dilema-da-li-je-bilo-bilo-potresa-mozga-i-amnezije\/#primaryimage"},"image":{"@id":"https:\/\/tuzlainfo.ba\/index.php\/bosna-i-hercegovina\/item\/206815-sudjenje-zijadu-mutapu-i-drugima-otklonjena-dilema-da-li-je-bilo-bilo-potresa-mozga-i-amnezije\/#primaryimage"},"thumbnailUrl":"https:\/\/tuzlainfo.ba\/wp-content\/uploads\/2020\/06\/sadrzaj_2020_20200101_0101_2020_sud_bih.jpg","datePublished":"2023-06-07T19:10:19+00:00","breadcrumb":{"@id":"https:\/\/tuzlainfo.ba\/index.php\/bosna-i-hercegovina\/item\/206815-sudjenje-zijadu-mutapu-i-drugima-otklonjena-dilema-da-li-je-bilo-bilo-potresa-mozga-i-amnezije\/#breadcrumb"},"inLanguage":"bs-BA","potentialAction":[{"@type":"ReadAction","target":["https:\/\/tuzlainfo.ba\/index.php\/bosna-i-hercegovina\/item\/206815-sudjenje-zijadu-mutapu-i-drugima-otklonjena-dilema-da-li-je-bilo-bilo-potresa-mozga-i-amnezije\/"]}]},{"@type":"ImageObject","inLanguage":"bs-BA","@id":"https:\/\/tuzlainfo.ba\/index.php\/bosna-i-hercegovina\/item\/206815-sudjenje-zijadu-mutapu-i-drugima-otklonjena-dilema-da-li-je-bilo-bilo-potresa-mozga-i-amnezije\/#primaryimage","url":"https:\/\/tuzlainfo.ba\/wp-content\/uploads\/2020\/06\/sadrzaj_2020_20200101_0101_2020_sud_bih.jpg","contentUrl":"https:\/\/tuzlainfo.ba\/wp-content\/uploads\/2020\/06\/sadrzaj_2020_20200101_0101_2020_sud_bih.jpg","width":770,"height":462,"caption":"0101 2020 sud bih"},{"@type":"BreadcrumbList","@id":"https:\/\/tuzlainfo.ba\/index.php\/bosna-i-hercegovina\/item\/206815-sudjenje-zijadu-mutapu-i-drugima-otklonjena-dilema-da-li-je-bilo-bilo-potresa-mozga-i-amnezije\/#breadcrumb","itemListElement":[{"@type":"ListItem","position":1,"name":"Home","item":"https:\/\/tuzlainfo.ba\/"},{"@type":"ListItem","position":2,"name":"Su\u0111enje Zijadu Mutapu i drugima: Otklonjena dilema, da li je bilo bilo potresa mozga i amnezije?"}]},{"@type":"WebSite","@id":"https:\/\/tuzlainfo.ba\/#website","url":"https:\/\/tuzlainfo.ba\/","name":"TuzlaInfo.ba","description":"Tuzla info, gradski informator - Tuzla na dlanu","publisher":{"@id":"https:\/\/tuzlainfo.ba\/#organization"},"potentialAction":[{"@type":"SearchAction","target":{"@type":"EntryPoint","urlTemplate":"https:\/\/tuzlainfo.ba\/?s={search_term_string}"},"query-input":{"@type":"PropertyValueSpecification","valueRequired":true,"valueName":"search_term_string"}}],"inLanguage":"bs-BA"},{"@type":"Organization","@id":"https:\/\/tuzlainfo.ba\/#organization","name":"TuzlaInfo.ba","url":"https:\/\/tuzlainfo.ba\/","logo":{"@type":"ImageObject","inLanguage":"bs-BA","@id":"https:\/\/tuzlainfo.ba\/#\/schema\/logo\/image\/","url":"https:\/\/tuzlainfo.ba\/wp-content\/uploads\/2021\/03\/logo-ver-3-1.png","contentUrl":"https:\/\/tuzlainfo.ba\/wp-content\/uploads\/2021\/03\/logo-ver-3-1.png","width":350,"height":95,"caption":"TuzlaInfo.ba"},"image":{"@id":"https:\/\/tuzlainfo.ba\/#\/schema\/logo\/image\/"},"sameAs":["https:\/\/www.facebook.com\/tuzlainfo.ba\/"]},{"@type":"Person","@id":"https:\/\/tuzlainfo.ba\/#\/schema\/person\/f434e20dc27ea133923aab08451b7f7f","name":"nedim","image":{"@type":"ImageObject","inLanguage":"bs-BA","@id":"https:\/\/secure.gravatar.com\/avatar\/5b928a2e7e70a54208d2eb6c1edcb75a5350d6ae97d5f0a701203d456823f6f3?s=96&d=mm&r=g","url":"https:\/\/secure.gravatar.com\/avatar\/5b928a2e7e70a54208d2eb6c1edcb75a5350d6ae97d5f0a701203d456823f6f3?s=96&d=mm&r=g","contentUrl":"https:\/\/secure.gravatar.com\/avatar\/5b928a2e7e70a54208d2eb6c1edcb75a5350d6ae97d5f0a701203d456823f6f3?s=96&d=mm&r=g","caption":"nedim"},"description":"Tuzlainfo.ba pratite na dru\u0161tvenim mre\u017eama: Facebook, Instagram i Youtube. Svoje pri\u010de, upite i fotografije \u0161aljite na na\u0161u e-mail adresu."}]}},"_links":{"self":[{"href":"https:\/\/tuzlainfo.ba\/index.php\/wp-json\/wp\/v2\/posts\/206815","targetHints":{"allow":["GET"]}}],"collection":[{"href":"https:\/\/tuzlainfo.ba\/index.php\/wp-json\/wp\/v2\/posts"}],"about":[{"href":"https:\/\/tuzlainfo.ba\/index.php\/wp-json\/wp\/v2\/types\/post"}],"author":[{"embeddable":true,"href":"https:\/\/tuzlainfo.ba\/index.php\/wp-json\/wp\/v2\/users\/2"}],"replies":[{"embeddable":true,"href":"https:\/\/tuzlainfo.ba\/index.php\/wp-json\/wp\/v2\/comments?post=206815"}],"version-history":[{"count":0,"href":"https:\/\/tuzlainfo.ba\/index.php\/wp-json\/wp\/v2\/posts\/206815\/revisions"}],"wp:featuredmedia":[{"embeddable":true,"href":"https:\/\/tuzlainfo.ba\/index.php\/wp-json\/wp\/v2\/media\/80057"}],"wp:attachment":[{"href":"https:\/\/tuzlainfo.ba\/index.php\/wp-json\/wp\/v2\/media?parent=206815"}],"wp:term":[{"taxonomy":"category","embeddable":true,"href":"https:\/\/tuzlainfo.ba\/index.php\/wp-json\/wp\/v2\/categories?post=206815"},{"taxonomy":"post_tag","embeddable":true,"href":"https:\/\/tuzlainfo.ba\/index.php\/wp-json\/wp\/v2\/tags?post=206815"}],"curies":[{"name":"wp","href":"https:\/\/api.w.org\/{rel}","templated":true}]}}